{"id":5603,"date":"2013-08-05T00:00:01","date_gmt":"2013-08-05T00:00:01","guid":{"rendered":"https:\/\/proagrolab.com.ar\/cara-al-publico-pero-con-los-tamberos-peor-pagos\/"},"modified":"2013-08-05T00:00:01","modified_gmt":"2013-08-05T00:00:01","slug":"cara-al-publico-pero-con-los-tamberos-peor-pagos","status":"publish","type":"post","link":"https:\/\/proagrolab.com.ar\/en\/cara-al-publico-pero-con-los-tamberos-peor-pagos\/","title":{"rendered":"Cara al p\u00fablico, pero con los tamberos peor pagos."},"content":{"rendered":"<p class=\"qtranxs-available-languages-message qtranxs-available-languages-message-en\"> <\/p><p>Hay altos precios para los consumidores, pero los productores son los que menos cobran en el mundo por su materia prima.<\/p>\n<p>Por Jos\u00e9 Quintana.<\/p>\n<p>Una de las noticias m\u00e1s comentadas esta semana fue el precio al consumidor del litro de leche. Un informe del diario \u00c1mbito Financiero hac\u00eda referencia a que el precio al consumidor del litro de leche larga vida en la Argentina es superior al de Espa\u00f1a, Estados Unidos, Brasil, Israel e Inglaterra. Varios fueron los medios que se hicieron eco de esta noticia y se realizaron todo tipo de an\u00e1lisis, como, por ejemplo, que con la leche est\u00e1 pasando lo mismo que con la carne o el trigo, que las malas pol\u00edticas de Gobierno hicieron que la producci\u00f3n de leche cayera y, como consecuencia de ello, el precio al productor subiera, lo que ocasion\u00f3 que los precios en g\u00f3ndola sean tan altos.<\/p>\n<p>Este diagn\u00f3stico es parcialmente cierto. Es cierto que las pol\u00edticas no fomentan el crecimiento de la producci\u00f3n, que est\u00e1 siempre latente el riesgo de cierre de exportaciones o de demora en la emisi\u00f3n de los ROEL. Tambi\u00e9n es cierta la presi\u00f3n sobre la industria para que no ajuste precios y que los exportadores no pagan lo que podr\u00edan pagar porque saben las consecuencias que puede tener sacarle un tambo a una industria que abastece al mercado interno.<\/p>\n<p>Es cierto que la producci\u00f3n en el primer semestre del a\u00f1o habr\u00eda ca\u00eddo un 7,6% y que entre 1999 y 2012 creci\u00f3 apenas un 9,5%, por lo que si la tendencia del primer semestre se mantuviera en el segundo cerrar\u00edamos el a\u00f1o con una producci\u00f3n similar a la de 13 a\u00f1os atr\u00e1s. Por suerte, esto no va a ocurrir, la producci\u00f3n ya se est\u00e1 recuperando.<\/p>\n<p>Lo que no es cierto es que el precio de la leche al consumidor en la Argentina sea consecuencia de la escasez de materia prima. Tampoco es cierto que los altos precios al consumidor sean consecuencia del alto precio de la leche al productor. El precio que recibe el productor argentino sigue siendo uno de los m\u00e1s bajos del mundo. Sobre 13 pa\u00edses de la regi\u00f3n y el mundo analizados, en abril el precio de la Argentina fue el m\u00e1s bajo, mientras que en mayo s\u00f3lo Nueva Zelanda tuvo un precio inferior al nuestro.<\/p>\n<p><i>Precios<\/i><br \/>Y esta ca\u00edda en el precio de Nueva Zelanda, que se repite en varios pa\u00edses, se debe al aumento del d\u00f3lar que llev\u00f3 a que las monedas locales se devaluaran y estos pa\u00edses mejoraran su competitividad. No es el caso de la Argentina, donde la devaluaci\u00f3n es inferior a la inflaci\u00f3n.<\/p>\n<p>Durante el mes de mayo, seg\u00fan cifras oficiales, el precio promedio del litro de leche al productor en la Argentina fue de US$ 0,39 el litro, mientras que en Brasil trepaba a US$ 0,48, y en Chile, US$ 0,45.<\/p>\n<p>Saliendo de la regi\u00f3n y observando a los principales productores del mundo, en la UE, en promedio, en mayo el litro de leche val\u00eda US$ 0,46, y en Estados Unidos, US$ 0,43. Estados Unidos y la UE producen en conjunto el 40% de la leche del mundo.<\/p>\n<p>Volviendo a la regi\u00f3n, Uruguay merece un comentario aparte. En mayo el precio al productor fue de US$ 0,44 el litro. Es muy dif\u00edcil explicar por qu\u00e9 los productores del pa\u00eds vecino reciben US$ 0,05 m\u00e1s que en la Argentina sin buscar respuestas en la pol\u00edtica.<\/p>\n<p>Que la Argentina tenga el precio al productor m\u00e1s bajo de la regi\u00f3n y el mundo no es nuevo. Es una constante desde 2002, con la \u00fanica excepci\u00f3n en 2003 y 2004, cuando Uruguay fue el pa\u00eds de la leche m\u00e1s barata.<\/p>\n<p>A pesar de todo, seguimos exportando alrededor del 20% de la producci\u00f3n.<\/p>\n<p><i>Los n\u00fameros del sector<\/i><br \/>Producci\u00f3n y comparaci\u00f3n con el resto del mundo<\/p>\n<p>7,6% en baja<br \/>Habr\u00eda ca\u00eddo la producci\u00f3n de leche en el primer semestre del a\u00f1o, en comparaci\u00f3n con igual per\u00edodo de 2012<\/p>\n<p>20 por ciento<br \/>De la producci\u00f3n lechera nacional tiene como destino la exportaci\u00f3n, pese a las dificultades que afronta el sector<\/p>\n<p>0,39 el precio<br \/>En mayo, el precio promedio al productor tambero argentino fue de 0,39 centavos de d\u00f3lar, mientras que en Brasil trep\u00f3 a US$ 0,48, en Chile US$ 0,45, en la Uni\u00f3n Europea 0,46 centavos de d\u00f3lar, en promedio, y en los Estados Unidos, US$ 0,43. La Argentina tiene desde hace a\u00f1os el precio al productor lechero m\u00e1s bajo de la regi\u00f3n y el mundo<\/p>\n<p>Fuente: La Naci\u00f3n, suple campo, 3 de agosto.<br \/><\/p>","protected":false},"excerpt":{"rendered":"<p>Hay altos precios para los consumidores, pero los productores son los que menos cobran en el mundo por su materia prima. Por Jos\u00e9 Quintana. Una de las noticias m\u00e1s comentadas esta semana fue el precio al consumidor del litro de leche. Un informe del diario \u00c1mbito Financiero hac\u00eda referencia a que el precio al consumidor del litro de leche larga vida en la Argentina es superior al de Espa\u00f1a, Estados Unidos, Brasil, Israel e Inglaterra. Varios fueron los medios que se hicieron eco de esta noticia y se realizaron todo tipo de an\u00e1lisis, como, por ejemplo, que con la leche est\u00e1 pasando lo mismo que con la carne o el trigo, que las malas pol\u00edticas de Gobierno hicieron que la producci\u00f3n de leche cayera y, como consecuencia de ello, el precio al productor subiera, lo que ocasion\u00f3 que los precios en g\u00f3ndola sean tan altos. Este diagn\u00f3stico es parcialmente cierto. Es cierto que las pol\u00edticas no fomentan el crecimiento de la producci\u00f3n, que est\u00e1 siempre latente el riesgo de cierre de exportaciones o de demora en la emisi\u00f3n de los ROEL. Tambi\u00e9n es cierta la presi\u00f3n sobre la industria para que no ajuste precios y que los exportadores no pagan [&hellip;]<\/p>\n","protected":false},"author":2,"featured_media":2097,"comment_status":"closed","ping_status":"open","sticky":false,"template":"","format":"standard","meta":{"_acf_changed":false,"footnotes":""},"categories":[56],"tags":[],"class_list":["post-5603","post","type-post","status-publish","format-standard","has-post-thumbnail","hentry","category-infoganadero"],"acf":[],"yoast_head":"<!-- This site is optimized with the Yoast SEO plugin v27.5 - https:\/\/yoast.com\/product\/yoast-seo-wordpress\/ -->\n<title>Cara al p\u00fablico, pero con los tamberos peor pagos. | Proagro<\/title>\n<meta name=\"robots\" content=\"index, follow, max-snippet:-1, max-image-preview:large, max-video-preview:-1\" \/>\n<link rel=\"canonical\" href=\"https:\/\/proagrolab.com.ar\/en\/cara-al-publico-pero-con-los-tamberos-peor-pagos\/\" \/>\n<meta property=\"og:locale\" content=\"en_US\" \/>\n<meta property=\"og:type\" content=\"article\" \/>\n<meta property=\"og:title\" content=\"Cara al p\u00fablico, pero con los tamberos peor pagos. | Proagro\" \/>\n<meta property=\"og:description\" content=\"Hay altos precios para los consumidores, pero los productores son los que menos cobran en el mundo por su materia prima. Por Jos\u00e9 Quintana. Una de las noticias m\u00e1s comentadas esta semana fue el precio al consumidor del litro de leche. Un informe del diario \u00c1mbito Financiero hac\u00eda referencia a que el precio al consumidor del litro de leche larga vida en la Argentina es superior al de Espa\u00f1a, Estados Unidos, Brasil, Israel e Inglaterra. Varios fueron los medios que se hicieron eco de esta noticia y se realizaron todo tipo de an\u00e1lisis, como, por ejemplo, que con la leche est\u00e1 pasando lo mismo que con la carne o el trigo, que las malas pol\u00edticas de Gobierno hicieron que la producci\u00f3n de leche cayera y, como consecuencia de ello, el precio al productor subiera, lo que ocasion\u00f3 que los precios en g\u00f3ndola sean tan altos. Este diagn\u00f3stico es parcialmente cierto. Es cierto que las pol\u00edticas no fomentan el crecimiento de la producci\u00f3n, que est\u00e1 siempre latente el riesgo de cierre de exportaciones o de demora en la emisi\u00f3n de los ROEL. Tambi\u00e9n es cierta la presi\u00f3n sobre la industria para que no ajuste precios y que los exportadores no pagan [&hellip;]\" \/>\n<meta property=\"og:url\" content=\"https:\/\/proagrolab.com.ar\/cara-al-publico-pero-con-los-tamberos-peor-pagos\/\" \/>\n<meta property=\"og:site_name\" content=\"Proagro\" \/>\n<meta property=\"article:publisher\" content=\"http:\/\/www.facebook.com\/proagrolab\" \/>\n<meta property=\"article:published_time\" content=\"2013-08-05T00:00:01+00:00\" \/>\n<meta property=\"og:image\" content=\"https:\/\/proagrolab.com.ar\/wp-content\/uploads\/2015\/01\/g_s6rm88sr6__Lecheras-14.jpg\" \/>\n\t<meta property=\"og:image:width\" content=\"450\" \/>\n\t<meta property=\"og:image:height\" content=\"208\" \/>\n\t<meta property=\"og:image:type\" content=\"image\/jpeg\" \/>\n<meta name=\"author\" content=\"proagrolab\" \/>\n<meta name=\"twitter:card\" content=\"summary_large_image\" \/>\n<meta name=\"twitter:label1\" content=\"Written by\" \/>\n\t<meta name=\"twitter:data1\" content=\"proagrolab\" \/>\n\t<meta name=\"twitter:label2\" content=\"Est. reading time\" \/>\n\t<meta name=\"twitter:data2\" content=\"4 minutes\" \/>\n<script type=\"application\/ld+json\" class=\"yoast-schema-graph\">{\"@context\":\"https:\\\/\\\/schema.org\",\"@graph\":[{\"@type\":\"Article\",\"@id\":\"https:\\\/\\\/proagrolab.com.ar\\\/cara-al-publico-pero-con-los-tamberos-peor-pagos\\\/#article\",\"isPartOf\":{\"@id\":\"https:\\\/\\\/proagrolab.com.ar\\\/cara-al-publico-pero-con-los-tamberos-peor-pagos\\\/\"},\"author\":{\"name\":\"proagrolab\",\"@id\":\"https:\\\/\\\/proagrolab.com.ar\\\/#\\\/schema\\\/person\\\/38003ff90bf80381f71c7d922d207444\"},\"headline\":\"Cara al p\u00fablico, pero con los tamberos peor pagos.\",\"datePublished\":\"2013-08-05T00:00:01+00:00\",\"mainEntityOfPage\":{\"@id\":\"https:\\\/\\\/proagrolab.com.ar\\\/cara-al-publico-pero-con-los-tamberos-peor-pagos\\\/\"},\"wordCount\":794,\"publisher\":{\"@id\":\"https:\\\/\\\/proagrolab.com.ar\\\/#organization\"},\"image\":{\"@id\":\"https:\\\/\\\/proagrolab.com.ar\\\/cara-al-publico-pero-con-los-tamberos-peor-pagos\\\/#primaryimage\"},\"thumbnailUrl\":\"https:\\\/\\\/proagrolab.com.ar\\\/wp-content\\\/uploads\\\/2015\\\/01\\\/g_s6rm88sr6__Lecheras-14.jpg\",\"articleSection\":[\"News\"],\"inLanguage\":\"en-US\"},{\"@type\":\"WebPage\",\"@id\":\"https:\\\/\\\/proagrolab.com.ar\\\/cara-al-publico-pero-con-los-tamberos-peor-pagos\\\/\",\"url\":\"https:\\\/\\\/proagrolab.com.ar\\\/cara-al-publico-pero-con-los-tamberos-peor-pagos\\\/\",\"name\":\"Cara al p\u00fablico, pero con los tamberos peor pagos. | Proagro\",\"isPartOf\":{\"@id\":\"https:\\\/\\\/proagrolab.com.ar\\\/#website\"},\"primaryImageOfPage\":{\"@id\":\"https:\\\/\\\/proagrolab.com.ar\\\/cara-al-publico-pero-con-los-tamberos-peor-pagos\\\/#primaryimage\"},\"image\":{\"@id\":\"https:\\\/\\\/proagrolab.com.ar\\\/cara-al-publico-pero-con-los-tamberos-peor-pagos\\\/#primaryimage\"},\"thumbnailUrl\":\"https:\\\/\\\/proagrolab.com.ar\\\/wp-content\\\/uploads\\\/2015\\\/01\\\/g_s6rm88sr6__Lecheras-14.jpg\",\"datePublished\":\"2013-08-05T00:00:01+00:00\",\"breadcrumb\":{\"@id\":\"https:\\\/\\\/proagrolab.com.ar\\\/cara-al-publico-pero-con-los-tamberos-peor-pagos\\\/#breadcrumb\"},\"inLanguage\":\"en-US\",\"potentialAction\":[{\"@type\":\"ReadAction\",\"target\":[\"https:\\\/\\\/proagrolab.com.ar\\\/cara-al-publico-pero-con-los-tamberos-peor-pagos\\\/\"]}]},{\"@type\":\"ImageObject\",\"inLanguage\":\"en-US\",\"@id\":\"https:\\\/\\\/proagrolab.com.ar\\\/cara-al-publico-pero-con-los-tamberos-peor-pagos\\\/#primaryimage\",\"url\":\"https:\\\/\\\/proagrolab.com.ar\\\/wp-content\\\/uploads\\\/2015\\\/01\\\/g_s6rm88sr6__Lecheras-14.jpg\",\"contentUrl\":\"https:\\\/\\\/proagrolab.com.ar\\\/wp-content\\\/uploads\\\/2015\\\/01\\\/g_s6rm88sr6__Lecheras-14.jpg\",\"width\":450,\"height\":208},{\"@type\":\"BreadcrumbList\",\"@id\":\"https:\\\/\\\/proagrolab.com.ar\\\/cara-al-publico-pero-con-los-tamberos-peor-pagos\\\/#breadcrumb\",\"itemListElement\":[{\"@type\":\"ListItem\",\"position\":1,\"name\":\"Portada\",\"item\":\"https:\\\/\\\/proagrolab.com.ar\\\/\"},{\"@type\":\"ListItem\",\"position\":2,\"name\":\"Cara al p\u00fablico, pero con los tamberos peor pagos.\"}]},{\"@type\":\"WebSite\",\"@id\":\"https:\\\/\\\/proagrolab.com.ar\\\/#website\",\"url\":\"https:\\\/\\\/proagrolab.com.ar\\\/\",\"name\":\"Proagro Laboratorio Veterinario\",\"description\":\"Veterinary laboratory\",\"publisher\":{\"@id\":\"https:\\\/\\\/proagrolab.com.ar\\\/#organization\"},\"potentialAction\":[{\"@type\":\"SearchAction\",\"target\":{\"@type\":\"EntryPoint\",\"urlTemplate\":\"https:\\\/\\\/proagrolab.com.ar\\\/?s={search_term_string}\"},\"query-input\":{\"@type\":\"PropertyValueSpecification\",\"valueRequired\":true,\"valueName\":\"search_term_string\"}}],\"inLanguage\":\"en-US\"},{\"@type\":\"Organization\",\"@id\":\"https:\\\/\\\/proagrolab.com.ar\\\/#organization\",\"name\":\"Proagro\",\"url\":\"https:\\\/\\\/proagrolab.com.ar\\\/\",\"logo\":{\"@type\":\"ImageObject\",\"inLanguage\":\"en-US\",\"@id\":\"https:\\\/\\\/proagrolab.com.ar\\\/#\\\/schema\\\/logo\\\/image\\\/\",\"url\":\"https:\\\/\\\/proagrolab.com.ar\\\/wp-content\\\/uploads\\\/2020\\\/04\\\/logo-retina.png\",\"contentUrl\":\"https:\\\/\\\/proagrolab.com.ar\\\/wp-content\\\/uploads\\\/2020\\\/04\\\/logo-retina.png\",\"width\":478,\"height\":120,\"caption\":\"Proagro\"},\"image\":{\"@id\":\"https:\\\/\\\/proagrolab.com.ar\\\/#\\\/schema\\\/logo\\\/image\\\/\"},\"sameAs\":[\"http:\\\/\\\/www.facebook.com\\\/proagrolab\",\"https:\\\/\\\/www.instagram.com\\\/proagrolab\\\/\",\"https:\\\/\\\/www.linkedin.com\\\/company\\\/laboratorio-proagro-s-a\\\/\"]},{\"@type\":\"Person\",\"@id\":\"https:\\\/\\\/proagrolab.com.ar\\\/#\\\/schema\\\/person\\\/38003ff90bf80381f71c7d922d207444\",\"name\":\"proagrolab\"}]}<\/script>\n<!-- \/ Yoast SEO plugin. -->","yoast_head_json":{"title":"Cara al p\u00fablico, pero con los tamberos peor pagos. | Proagro","robots":{"index":"index","follow":"follow","max-snippet":"max-snippet:-1","max-image-preview":"max-image-preview:large","max-video-preview":"max-video-preview:-1"},"canonical":"https:\/\/proagrolab.com.ar\/en\/cara-al-publico-pero-con-los-tamberos-peor-pagos\/","og_locale":"en_US","og_type":"article","og_title":"Cara al p\u00fablico, pero con los tamberos peor pagos. | Proagro","og_description":"Hay altos precios para los consumidores, pero los productores son los que menos cobran en el mundo por su materia prima. Por Jos\u00e9 Quintana. Una de las noticias m\u00e1s comentadas esta semana fue el precio al consumidor del litro de leche. Un informe del diario \u00c1mbito Financiero hac\u00eda referencia a que el precio al consumidor del litro de leche larga vida en la Argentina es superior al de Espa\u00f1a, Estados Unidos, Brasil, Israel e Inglaterra. Varios fueron los medios que se hicieron eco de esta noticia y se realizaron todo tipo de an\u00e1lisis, como, por ejemplo, que con la leche est\u00e1 pasando lo mismo que con la carne o el trigo, que las malas pol\u00edticas de Gobierno hicieron que la producci\u00f3n de leche cayera y, como consecuencia de ello, el precio al productor subiera, lo que ocasion\u00f3 que los precios en g\u00f3ndola sean tan altos. Este diagn\u00f3stico es parcialmente cierto. Es cierto que las pol\u00edticas no fomentan el crecimiento de la producci\u00f3n, que est\u00e1 siempre latente el riesgo de cierre de exportaciones o de demora en la emisi\u00f3n de los ROEL. Tambi\u00e9n es cierta la presi\u00f3n sobre la industria para que no ajuste precios y que los exportadores no pagan [&hellip;]","og_url":"https:\/\/proagrolab.com.ar\/cara-al-publico-pero-con-los-tamberos-peor-pagos\/","og_site_name":"Proagro","article_publisher":"http:\/\/www.facebook.com\/proagrolab","article_published_time":"2013-08-05T00:00:01+00:00","og_image":[{"width":450,"height":208,"url":"https:\/\/proagrolab.com.ar\/wp-content\/uploads\/2015\/01\/g_s6rm88sr6__Lecheras-14.jpg","type":"image\/jpeg"}],"author":"proagrolab","twitter_card":"summary_large_image","twitter_misc":{"Written by":"proagrolab","Est. reading time":"4 minutes"},"schema":{"@context":"https:\/\/schema.org","@graph":[{"@type":"Article","@id":"https:\/\/proagrolab.com.ar\/cara-al-publico-pero-con-los-tamberos-peor-pagos\/#article","isPartOf":{"@id":"https:\/\/proagrolab.com.ar\/cara-al-publico-pero-con-los-tamberos-peor-pagos\/"},"author":{"name":"proagrolab","@id":"https:\/\/proagrolab.com.ar\/#\/schema\/person\/38003ff90bf80381f71c7d922d207444"},"headline":"Cara al p\u00fablico, pero con los tamberos peor pagos.","datePublished":"2013-08-05T00:00:01+00:00","mainEntityOfPage":{"@id":"https:\/\/proagrolab.com.ar\/cara-al-publico-pero-con-los-tamberos-peor-pagos\/"},"wordCount":794,"publisher":{"@id":"https:\/\/proagrolab.com.ar\/#organization"},"image":{"@id":"https:\/\/proagrolab.com.ar\/cara-al-publico-pero-con-los-tamberos-peor-pagos\/#primaryimage"},"thumbnailUrl":"https:\/\/proagrolab.com.ar\/wp-content\/uploads\/2015\/01\/g_s6rm88sr6__Lecheras-14.jpg","articleSection":["News"],"inLanguage":"en-US"},{"@type":"WebPage","@id":"https:\/\/proagrolab.com.ar\/cara-al-publico-pero-con-los-tamberos-peor-pagos\/","url":"https:\/\/proagrolab.com.ar\/cara-al-publico-pero-con-los-tamberos-peor-pagos\/","name":"Cara al p\u00fablico, pero con los tamberos peor pagos. | Proagro","isPartOf":{"@id":"https:\/\/proagrolab.com.ar\/#website"},"primaryImageOfPage":{"@id":"https:\/\/proagrolab.com.ar\/cara-al-publico-pero-con-los-tamberos-peor-pagos\/#primaryimage"},"image":{"@id":"https:\/\/proagrolab.com.ar\/cara-al-publico-pero-con-los-tamberos-peor-pagos\/#primaryimage"},"thumbnailUrl":"https:\/\/proagrolab.com.ar\/wp-content\/uploads\/2015\/01\/g_s6rm88sr6__Lecheras-14.jpg","datePublished":"2013-08-05T00:00:01+00:00","breadcrumb":{"@id":"https:\/\/proagrolab.com.ar\/cara-al-publico-pero-con-los-tamberos-peor-pagos\/#breadcrumb"},"inLanguage":"en-US","potentialAction":[{"@type":"ReadAction","target":["https:\/\/proagrolab.com.ar\/cara-al-publico-pero-con-los-tamberos-peor-pagos\/"]}]},{"@type":"ImageObject","inLanguage":"en-US","@id":"https:\/\/proagrolab.com.ar\/cara-al-publico-pero-con-los-tamberos-peor-pagos\/#primaryimage","url":"https:\/\/proagrolab.com.ar\/wp-content\/uploads\/2015\/01\/g_s6rm88sr6__Lecheras-14.jpg","contentUrl":"https:\/\/proagrolab.com.ar\/wp-content\/uploads\/2015\/01\/g_s6rm88sr6__Lecheras-14.jpg","width":450,"height":208},{"@type":"BreadcrumbList","@id":"https:\/\/proagrolab.com.ar\/cara-al-publico-pero-con-los-tamberos-peor-pagos\/#breadcrumb","itemListElement":[{"@type":"ListItem","position":1,"name":"Portada","item":"https:\/\/proagrolab.com.ar\/"},{"@type":"ListItem","position":2,"name":"Cara al p\u00fablico, pero con los tamberos peor pagos."}]},{"@type":"WebSite","@id":"https:\/\/proagrolab.com.ar\/#website","url":"https:\/\/proagrolab.com.ar\/","name":"Proagro Laboratorio Veterinario","description":"Veterinary laboratory","publisher":{"@id":"https:\/\/proagrolab.com.ar\/#organization"},"potentialAction":[{"@type":"SearchAction","target":{"@type":"EntryPoint","urlTemplate":"https:\/\/proagrolab.com.ar\/?s={search_term_string}"},"query-input":{"@type":"PropertyValueSpecification","valueRequired":true,"valueName":"search_term_string"}}],"inLanguage":"en-US"},{"@type":"Organization","@id":"https:\/\/proagrolab.com.ar\/#organization","name":"Proagro","url":"https:\/\/proagrolab.com.ar\/","logo":{"@type":"ImageObject","inLanguage":"en-US","@id":"https:\/\/proagrolab.com.ar\/#\/schema\/logo\/image\/","url":"https:\/\/proagrolab.com.ar\/wp-content\/uploads\/2020\/04\/logo-retina.png","contentUrl":"https:\/\/proagrolab.com.ar\/wp-content\/uploads\/2020\/04\/logo-retina.png","width":478,"height":120,"caption":"Proagro"},"image":{"@id":"https:\/\/proagrolab.com.ar\/#\/schema\/logo\/image\/"},"sameAs":["http:\/\/www.facebook.com\/proagrolab","https:\/\/www.instagram.com\/proagrolab\/","https:\/\/www.linkedin.com\/company\/laboratorio-proagro-s-a\/"]},{"@type":"Person","@id":"https:\/\/proagrolab.com.ar\/#\/schema\/person\/38003ff90bf80381f71c7d922d207444","name":"proagrolab"}]}},"_links":{"self":[{"href":"https:\/\/proagrolab.com.ar\/en\/wp-json\/wp\/v2\/posts\/5603","targetHints":{"allow":["GET"]}}],"collection":[{"href":"https:\/\/proagrolab.com.ar\/en\/wp-json\/wp\/v2\/posts"}],"about":[{"href":"https:\/\/proagrolab.com.ar\/en\/wp-json\/wp\/v2\/types\/post"}],"author":[{"embeddable":true,"href":"https:\/\/proagrolab.com.ar\/en\/wp-json\/wp\/v2\/users\/2"}],"replies":[{"embeddable":true,"href":"https:\/\/proagrolab.com.ar\/en\/wp-json\/wp\/v2\/comments?post=5603"}],"version-history":[{"count":0,"href":"https:\/\/proagrolab.com.ar\/en\/wp-json\/wp\/v2\/posts\/5603\/revisions"}],"wp:featuredmedia":[{"embeddable":true,"href":"https:\/\/proagrolab.com.ar\/en\/wp-json\/wp\/v2\/media\/2097"}],"wp:attachment":[{"href":"https:\/\/proagrolab.com.ar\/en\/wp-json\/wp\/v2\/media?parent=5603"}],"wp:term":[{"taxonomy":"category","embeddable":true,"href":"https:\/\/proagrolab.com.ar\/en\/wp-json\/wp\/v2\/categories?post=5603"},{"taxonomy":"post_tag","embeddable":true,"href":"https:\/\/proagrolab.com.ar\/en\/wp-json\/wp\/v2\/tags?post=5603"}],"curies":[{"name":"wp","href":"https:\/\/api.w.org\/{rel}","templated":true}]}}