{"id":5602,"date":"2013-08-05T00:00:01","date_gmt":"2013-08-05T00:00:01","guid":{"rendered":"https:\/\/proagrolab.com.ar\/palabras-fuertes-debates-necesarios-y-oidos-sordos\/"},"modified":"2013-08-05T00:00:01","modified_gmt":"2013-08-05T00:00:01","slug":"palabras-fuertes-debates-necesarios-y-oidos-sordos","status":"publish","type":"post","link":"https:\/\/proagrolab.com.ar\/en\/palabras-fuertes-debates-necesarios-y-oidos-sordos\/","title":{"rendered":"Palabras fuertes, debates necesarios y o\u00eddos sordos."},"content":{"rendered":"<p class=\"qtranxs-available-languages-message qtranxs-available-languages-message-en\"> <\/p><p>Por Cristian Mira.<\/p>\n<p>En el medio de una campa\u00f1a electoral en la que no se discuten seriamente los problemas profundos que tiene el pa\u00eds, la voz del campo, en sus distintas variantes, parece ofrecer un sonido diferente al de la monoton\u00eda de la lucha por los egos. Eso se pudo comprobar en el discurso del acto inaugural de la Exposici\u00f3n Rural de Palermo, del presidente de la Sociedad Rural Argentina (SRA), Luis Miguel Etchevehere, y tambi\u00e9n ocurrir\u00e1 en el XXI Congreso de la Asociaci\u00f3n Argentina de Productores en Siembra Directa (Aapresid), Otra Tierra, que se realizar\u00e1 entre el mi\u00e9rcoles y el viernes pr\u00f3ximos en Rosario.<\/p>\n<p>El presidente de la SRA fue muy cr\u00edtico respecto del Gobierno y eligi\u00f3 un tono claramente pol\u00edtico para decir lo que casi ning\u00fan otro sector empresarial de la econom\u00eda argentina se anima a decir p\u00fablicamente. Dijo, entre otras cosas, que el Gobierno ment\u00eda con la inflaci\u00f3n y la pobreza, que era responsable por la corrupci\u00f3n y que hab\u00eda malgastado las divisas que hab\u00eda generado el campo. No es casual que Etchevehere utilizara esos t\u00e9rminos: s\u00f3lo en concepto de derechos de exportaci\u00f3n el Estado recaud\u00f3 60.000 millones de d\u00f3lares en una d\u00e9cada del sector agropecuario. Ese dinero no se transform\u00f3 en obras de infraestructura o mejor salud, educaci\u00f3n o seguridad. Como destac\u00f3 el presidente de la SRA, se desaprovech\u00f3 una oportunidad hist\u00f3rica con elevados precios internacionales de los granos.<\/p>\n<p>Aunque duela, en ocasiones la mirada de los extranjeros pone en perspectiva la realidad. &#8220;Da pena ver a los argentinos perderse las oportunidades que surgen en el mercado mundial&#8221;, dijo, en Palermo, el presidente de la Federaci\u00f3n de Asociaciones Rurales del Uruguay, Carlos Uriarte. Sab\u00eda de lo que hablaba porque Uruguay rompi\u00f3 el c\u00edrculo de los mercados de la carne no aft\u00f3sicos al ingresar en Corea del Sur y entablar negociaciones con Jap\u00f3n.<\/p>\n<p>Hubo quienes se sintieron inc\u00f3modos con el tono de Etchevehere. Los l\u00edderes de la UIA se limitaron a expresar que hab\u00eda sido &#8220;pol\u00edtico&#8221; y propio de un sector que se siente &#8220;maltratado&#8221;. El ex presidente de la entidad y actual candidato a diputado por el Frente Renovador en la provincia de Buenos Aires, Jos\u00e9 De Mendiguren, dijo, en declaraciones radiales , que de esa forma &#8220;se rompen puentes&#8221; y que los &#8220;empresarios no estamos para cambiar gobiernos, sino para resolver problemas de los sectores industriales o agropecuarios y tener la mejor relaci\u00f3n posible con el gobierno elegido democr\u00e1ticamente&#8221;. Es cierto que no es funci\u00f3n de los empresarios cambiar gobiernos, pero, quiz\u00e1s, el dirigente industrial deber\u00eda preguntarle a sus pares de la industria av\u00edcola, frigor\u00edfica o molinera c\u00f3mo est\u00e1 respondiendo el Gobierno a sus problemas.<\/p>\n<p>La industria av\u00edcola est\u00e1 vendiendo por debajo de los costos de producci\u00f3n. El caj\u00f3n de 20 kilos de pollo lo est\u00e1 colocando a un promedio de 200 pesos cuando para no salir perdiendo deber\u00eda venderlo a $240. La sobreproducci\u00f3n que afecta a la actividad y el crecimiento de las operaciones en negro, que el Gobierno no se preocupa por combatir, est\u00e1 provocando una competencia desleal a las empresas que operan en regla. En la avicultura, que tuvo un crecimiento constante desde 2003, ya se est\u00e1 hablando de cierre de fuentes de trabajo.<\/p>\n<p>En la industria frigor\u00edfica la permanencia de las retenciones del 15 por ciento hace que la tonelada de cortes vacunos argentinos se venda unos 500 d\u00f3lares por encima de lo que venden Paraguay, Uruguay o Brasil. Estos pa\u00edses vienen ganando los mercados que la Argentina va perdiendo. Este ahogo se traslada a los precios del resto de la cadena.<\/p>\n<p>La industria molinera, otro sector de trato frecuente con el Gobierno, tambi\u00e9n tiene problemas por el crecimiento de la actividad en negro y por la eclosi\u00f3n del mercado de trigo debido a la mala campa\u00f1a 2012\/13 que les hizo perder los mercados de exportaci\u00f3n. El a\u00f1o pasado se hab\u00edan vendido en el exterior 1,2 millones de toneladas de harina y este a\u00f1o, por el cierre del mercado, es probable que ni siquiera se llegue al cupo autorizado de 300.000 toneladas. Ya no es cuesti\u00f3n de quien tiene tendidos los puentes con el Gobierno sino que los funcionarios hacen o\u00eddos sordos.<\/p>\n<p>Pero el campo tambi\u00e9n es futuro, como sabiamente dec\u00eda un mensaje que se reparti\u00f3 el s\u00e1bado pasado en la Rural y se expres\u00f3 en un muy buen video que se exhibi\u00f3 en Palermo y que puede encontrarse en Youtube ( http:\/\/www.youtube.com\/watch?v=nC9Bb-R0AmE ).<\/p>\n<p>Con otras palabras y otras formas, ese mensaje se transmitir\u00e1 en el congreso de Aapresid. Por un lado, seg\u00fan explic\u00f3 el presidente de la entidad, C\u00e9sar Belloso, apuntar\u00e1n a destacar la &#8220;sostenibilidad&#8221; del sistema de producci\u00f3n argentino que est\u00e1 en condiciones de producir alimentos en cantidad y calidad con un uso &#8220;racional y eficiente&#8221; de los recursos de la tierra, el agua y el aire. Belloso recuerda que del 8% de la producci\u00f3n agr\u00edcola que se realiza en siembra directa a nivel mundial, el 80 por ciento corresponde a los pa\u00edses del Mercosur. De all\u00ed que se har\u00e1 especial \u00e9nfasis en profundizar el concepto de Buenas Pr\u00e1cticas Agr\u00edcolas y la aplicaci\u00f3n de una Agricultura Certificada que mide los procesos de producci\u00f3n que se realizan de manera sustentable. El otro eje del congreso de Aapresid ser\u00e1 la Agenda Federal por la cual, seg\u00fan los directivos de la entidad, el pa\u00eds necesita reglas claras y estables para generar riqueza, con un sistema tributario justo, que se fomente el agregado de valor local y que permita garantizar la &#8220;seguridad alimentaria&#8221;, entre otros aspectos. Una buena apuesta al futuro.<\/p>\n<p><i>Resumen<\/i><br \/>15% Falta de agua<br \/>Ese porcentaje es el que tiene problemas de humedad en el centro-norte de Santa Fe.<\/p>\n<p><i>La frase<\/i><br \/>&#8220;El Gobierno nunca entendi\u00f3 al campo y no tiene voluntad de comprenderlo&#8221;<br \/>Hermes Binner, Diputado (PS-Santa Fe).<\/p>\n<p>Fuente: La Naci\u00f3n, 5 de agosto.<br \/><\/p>","protected":false},"excerpt":{"rendered":"<p>Por Cristian Mira. En el medio de una campa\u00f1a electoral en la que no se discuten seriamente los problemas profundos que tiene el pa\u00eds, la voz del campo, en sus distintas variantes, parece ofrecer un sonido diferente al de la monoton\u00eda de la lucha por los egos. Eso se pudo comprobar en el discurso del acto inaugural de la Exposici\u00f3n Rural de Palermo, del presidente de la Sociedad Rural Argentina (SRA), Luis Miguel Etchevehere, y tambi\u00e9n ocurrir\u00e1 en el XXI Congreso de la Asociaci\u00f3n Argentina de Productores en Siembra Directa (Aapresid), Otra Tierra, que se realizar\u00e1 entre el mi\u00e9rcoles y el viernes pr\u00f3ximos en Rosario. El presidente de la SRA fue muy cr\u00edtico respecto del Gobierno y eligi\u00f3 un tono claramente pol\u00edtico para decir lo que casi ning\u00fan otro sector empresarial de la econom\u00eda argentina se anima a decir p\u00fablicamente. Dijo, entre otras cosas, que el Gobierno ment\u00eda con la inflaci\u00f3n y la pobreza, que era responsable por la corrupci\u00f3n y que hab\u00eda malgastado las divisas que hab\u00eda generado el campo. No es casual que Etchevehere utilizara esos t\u00e9rminos: s\u00f3lo en concepto de derechos de exportaci\u00f3n el Estado recaud\u00f3 60.000 millones de d\u00f3lares en una d\u00e9cada del sector agropecuario. Ese [&hellip;]<\/p>\n","protected":false},"author":2,"featured_media":5981,"comment_status":"closed","ping_status":"open","sticky":false,"template":"","format":"standard","meta":{"_acf_changed":false,"footnotes":""},"categories":[56],"tags":[],"class_list":["post-5602","post","type-post","status-publish","format-standard","has-post-thumbnail","hentry","category-infoganadero"],"acf":[],"yoast_head":"<!-- This site is optimized with the Yoast SEO plugin v27.5 - https:\/\/yoast.com\/product\/yoast-seo-wordpress\/ -->\n<title>Palabras fuertes, debates necesarios y o\u00eddos sordos. | Proagro<\/title>\n<meta name=\"robots\" content=\"index, follow, max-snippet:-1, max-image-preview:large, max-video-preview:-1\" \/>\n<link rel=\"canonical\" href=\"https:\/\/proagrolab.com.ar\/en\/palabras-fuertes-debates-necesarios-y-oidos-sordos\/\" \/>\n<meta property=\"og:locale\" content=\"en_US\" \/>\n<meta property=\"og:type\" content=\"article\" \/>\n<meta property=\"og:title\" content=\"Palabras fuertes, debates necesarios y o\u00eddos sordos. | Proagro\" \/>\n<meta property=\"og:description\" content=\"Por Cristian Mira. En el medio de una campa\u00f1a electoral en la que no se discuten seriamente los problemas profundos que tiene el pa\u00eds, la voz del campo, en sus distintas variantes, parece ofrecer un sonido diferente al de la monoton\u00eda de la lucha por los egos. Eso se pudo comprobar en el discurso del acto inaugural de la Exposici\u00f3n Rural de Palermo, del presidente de la Sociedad Rural Argentina (SRA), Luis Miguel Etchevehere, y tambi\u00e9n ocurrir\u00e1 en el XXI Congreso de la Asociaci\u00f3n Argentina de Productores en Siembra Directa (Aapresid), Otra Tierra, que se realizar\u00e1 entre el mi\u00e9rcoles y el viernes pr\u00f3ximos en Rosario. El presidente de la SRA fue muy cr\u00edtico respecto del Gobierno y eligi\u00f3 un tono claramente pol\u00edtico para decir lo que casi ning\u00fan otro sector empresarial de la econom\u00eda argentina se anima a decir p\u00fablicamente. Dijo, entre otras cosas, que el Gobierno ment\u00eda con la inflaci\u00f3n y la pobreza, que era responsable por la corrupci\u00f3n y que hab\u00eda malgastado las divisas que hab\u00eda generado el campo. No es casual que Etchevehere utilizara esos t\u00e9rminos: s\u00f3lo en concepto de derechos de exportaci\u00f3n el Estado recaud\u00f3 60.000 millones de d\u00f3lares en una d\u00e9cada del sector agropecuario. Ese [&hellip;]\" \/>\n<meta property=\"og:url\" content=\"https:\/\/proagrolab.com.ar\/palabras-fuertes-debates-necesarios-y-oidos-sordos\/\" \/>\n<meta property=\"og:site_name\" content=\"Proagro\" \/>\n<meta property=\"article:publisher\" content=\"http:\/\/www.facebook.com\/proagrolab\" \/>\n<meta property=\"article:published_time\" content=\"2013-08-05T00:00:01+00:00\" \/>\n<meta name=\"author\" content=\"proagrolab\" \/>\n<meta name=\"twitter:card\" content=\"summary_large_image\" \/>\n<meta name=\"twitter:label1\" content=\"Written by\" \/>\n\t<meta name=\"twitter:data1\" content=\"proagrolab\" \/>\n\t<meta name=\"twitter:label2\" content=\"Est. reading time\" \/>\n\t<meta name=\"twitter:data2\" content=\"5 minutes\" \/>\n<script type=\"application\/ld+json\" class=\"yoast-schema-graph\">{\"@context\":\"https:\\\/\\\/schema.org\",\"@graph\":[{\"@type\":\"Article\",\"@id\":\"https:\\\/\\\/proagrolab.com.ar\\\/palabras-fuertes-debates-necesarios-y-oidos-sordos\\\/#article\",\"isPartOf\":{\"@id\":\"https:\\\/\\\/proagrolab.com.ar\\\/palabras-fuertes-debates-necesarios-y-oidos-sordos\\\/\"},\"author\":{\"name\":\"proagrolab\",\"@id\":\"https:\\\/\\\/proagrolab.com.ar\\\/#\\\/schema\\\/person\\\/38003ff90bf80381f71c7d922d207444\"},\"headline\":\"Palabras fuertes, debates necesarios y o\u00eddos sordos.\",\"datePublished\":\"2013-08-05T00:00:01+00:00\",\"mainEntityOfPage\":{\"@id\":\"https:\\\/\\\/proagrolab.com.ar\\\/palabras-fuertes-debates-necesarios-y-oidos-sordos\\\/\"},\"wordCount\":1037,\"publisher\":{\"@id\":\"https:\\\/\\\/proagrolab.com.ar\\\/#organization\"},\"image\":{\"@id\":\"https:\\\/\\\/proagrolab.com.ar\\\/palabras-fuertes-debates-necesarios-y-oidos-sordos\\\/#primaryimage\"},\"thumbnailUrl\":\"\",\"articleSection\":[\"News\"],\"inLanguage\":\"en-US\"},{\"@type\":\"WebPage\",\"@id\":\"https:\\\/\\\/proagrolab.com.ar\\\/palabras-fuertes-debates-necesarios-y-oidos-sordos\\\/\",\"url\":\"https:\\\/\\\/proagrolab.com.ar\\\/palabras-fuertes-debates-necesarios-y-oidos-sordos\\\/\",\"name\":\"Palabras fuertes, debates necesarios y o\u00eddos sordos. | Proagro\",\"isPartOf\":{\"@id\":\"https:\\\/\\\/proagrolab.com.ar\\\/#website\"},\"primaryImageOfPage\":{\"@id\":\"https:\\\/\\\/proagrolab.com.ar\\\/palabras-fuertes-debates-necesarios-y-oidos-sordos\\\/#primaryimage\"},\"image\":{\"@id\":\"https:\\\/\\\/proagrolab.com.ar\\\/palabras-fuertes-debates-necesarios-y-oidos-sordos\\\/#primaryimage\"},\"thumbnailUrl\":\"\",\"datePublished\":\"2013-08-05T00:00:01+00:00\",\"breadcrumb\":{\"@id\":\"https:\\\/\\\/proagrolab.com.ar\\\/palabras-fuertes-debates-necesarios-y-oidos-sordos\\\/#breadcrumb\"},\"inLanguage\":\"en-US\",\"potentialAction\":[{\"@type\":\"ReadAction\",\"target\":[\"https:\\\/\\\/proagrolab.com.ar\\\/palabras-fuertes-debates-necesarios-y-oidos-sordos\\\/\"]}]},{\"@type\":\"ImageObject\",\"inLanguage\":\"en-US\",\"@id\":\"https:\\\/\\\/proagrolab.com.ar\\\/palabras-fuertes-debates-necesarios-y-oidos-sordos\\\/#primaryimage\",\"url\":\"\",\"contentUrl\":\"\"},{\"@type\":\"BreadcrumbList\",\"@id\":\"https:\\\/\\\/proagrolab.com.ar\\\/palabras-fuertes-debates-necesarios-y-oidos-sordos\\\/#breadcrumb\",\"itemListElement\":[{\"@type\":\"ListItem\",\"position\":1,\"name\":\"Portada\",\"item\":\"https:\\\/\\\/proagrolab.com.ar\\\/\"},{\"@type\":\"ListItem\",\"position\":2,\"name\":\"Palabras fuertes, debates necesarios y o\u00eddos sordos.\"}]},{\"@type\":\"WebSite\",\"@id\":\"https:\\\/\\\/proagrolab.com.ar\\\/#website\",\"url\":\"https:\\\/\\\/proagrolab.com.ar\\\/\",\"name\":\"Proagro Laboratorio Veterinario\",\"description\":\"Veterinary laboratory\",\"publisher\":{\"@id\":\"https:\\\/\\\/proagrolab.com.ar\\\/#organization\"},\"potentialAction\":[{\"@type\":\"SearchAction\",\"target\":{\"@type\":\"EntryPoint\",\"urlTemplate\":\"https:\\\/\\\/proagrolab.com.ar\\\/?s={search_term_string}\"},\"query-input\":{\"@type\":\"PropertyValueSpecification\",\"valueRequired\":true,\"valueName\":\"search_term_string\"}}],\"inLanguage\":\"en-US\"},{\"@type\":\"Organization\",\"@id\":\"https:\\\/\\\/proagrolab.com.ar\\\/#organization\",\"name\":\"Proagro\",\"url\":\"https:\\\/\\\/proagrolab.com.ar\\\/\",\"logo\":{\"@type\":\"ImageObject\",\"inLanguage\":\"en-US\",\"@id\":\"https:\\\/\\\/proagrolab.com.ar\\\/#\\\/schema\\\/logo\\\/image\\\/\",\"url\":\"https:\\\/\\\/proagrolab.com.ar\\\/wp-content\\\/uploads\\\/2020\\\/04\\\/logo-retina.png\",\"contentUrl\":\"https:\\\/\\\/proagrolab.com.ar\\\/wp-content\\\/uploads\\\/2020\\\/04\\\/logo-retina.png\",\"width\":478,\"height\":120,\"caption\":\"Proagro\"},\"image\":{\"@id\":\"https:\\\/\\\/proagrolab.com.ar\\\/#\\\/schema\\\/logo\\\/image\\\/\"},\"sameAs\":[\"http:\\\/\\\/www.facebook.com\\\/proagrolab\",\"https:\\\/\\\/www.instagram.com\\\/proagrolab\\\/\",\"https:\\\/\\\/www.linkedin.com\\\/company\\\/laboratorio-proagro-s-a\\\/\"]},{\"@type\":\"Person\",\"@id\":\"https:\\\/\\\/proagrolab.com.ar\\\/#\\\/schema\\\/person\\\/38003ff90bf80381f71c7d922d207444\",\"name\":\"proagrolab\"}]}<\/script>\n<!-- \/ Yoast SEO plugin. -->","yoast_head_json":{"title":"Palabras fuertes, debates necesarios y o\u00eddos sordos. | Proagro","robots":{"index":"index","follow":"follow","max-snippet":"max-snippet:-1","max-image-preview":"max-image-preview:large","max-video-preview":"max-video-preview:-1"},"canonical":"https:\/\/proagrolab.com.ar\/en\/palabras-fuertes-debates-necesarios-y-oidos-sordos\/","og_locale":"en_US","og_type":"article","og_title":"Palabras fuertes, debates necesarios y o\u00eddos sordos. | Proagro","og_description":"Por Cristian Mira. En el medio de una campa\u00f1a electoral en la que no se discuten seriamente los problemas profundos que tiene el pa\u00eds, la voz del campo, en sus distintas variantes, parece ofrecer un sonido diferente al de la monoton\u00eda de la lucha por los egos. Eso se pudo comprobar en el discurso del acto inaugural de la Exposici\u00f3n Rural de Palermo, del presidente de la Sociedad Rural Argentina (SRA), Luis Miguel Etchevehere, y tambi\u00e9n ocurrir\u00e1 en el XXI Congreso de la Asociaci\u00f3n Argentina de Productores en Siembra Directa (Aapresid), Otra Tierra, que se realizar\u00e1 entre el mi\u00e9rcoles y el viernes pr\u00f3ximos en Rosario. El presidente de la SRA fue muy cr\u00edtico respecto del Gobierno y eligi\u00f3 un tono claramente pol\u00edtico para decir lo que casi ning\u00fan otro sector empresarial de la econom\u00eda argentina se anima a decir p\u00fablicamente. Dijo, entre otras cosas, que el Gobierno ment\u00eda con la inflaci\u00f3n y la pobreza, que era responsable por la corrupci\u00f3n y que hab\u00eda malgastado las divisas que hab\u00eda generado el campo. No es casual que Etchevehere utilizara esos t\u00e9rminos: s\u00f3lo en concepto de derechos de exportaci\u00f3n el Estado recaud\u00f3 60.000 millones de d\u00f3lares en una d\u00e9cada del sector agropecuario. Ese [&hellip;]","og_url":"https:\/\/proagrolab.com.ar\/palabras-fuertes-debates-necesarios-y-oidos-sordos\/","og_site_name":"Proagro","article_publisher":"http:\/\/www.facebook.com\/proagrolab","article_published_time":"2013-08-05T00:00:01+00:00","author":"proagrolab","twitter_card":"summary_large_image","twitter_misc":{"Written by":"proagrolab","Est. reading time":"5 minutes"},"schema":{"@context":"https:\/\/schema.org","@graph":[{"@type":"Article","@id":"https:\/\/proagrolab.com.ar\/palabras-fuertes-debates-necesarios-y-oidos-sordos\/#article","isPartOf":{"@id":"https:\/\/proagrolab.com.ar\/palabras-fuertes-debates-necesarios-y-oidos-sordos\/"},"author":{"name":"proagrolab","@id":"https:\/\/proagrolab.com.ar\/#\/schema\/person\/38003ff90bf80381f71c7d922d207444"},"headline":"Palabras fuertes, debates necesarios y o\u00eddos sordos.","datePublished":"2013-08-05T00:00:01+00:00","mainEntityOfPage":{"@id":"https:\/\/proagrolab.com.ar\/palabras-fuertes-debates-necesarios-y-oidos-sordos\/"},"wordCount":1037,"publisher":{"@id":"https:\/\/proagrolab.com.ar\/#organization"},"image":{"@id":"https:\/\/proagrolab.com.ar\/palabras-fuertes-debates-necesarios-y-oidos-sordos\/#primaryimage"},"thumbnailUrl":"","articleSection":["News"],"inLanguage":"en-US"},{"@type":"WebPage","@id":"https:\/\/proagrolab.com.ar\/palabras-fuertes-debates-necesarios-y-oidos-sordos\/","url":"https:\/\/proagrolab.com.ar\/palabras-fuertes-debates-necesarios-y-oidos-sordos\/","name":"Palabras fuertes, debates necesarios y o\u00eddos sordos. | Proagro","isPartOf":{"@id":"https:\/\/proagrolab.com.ar\/#website"},"primaryImageOfPage":{"@id":"https:\/\/proagrolab.com.ar\/palabras-fuertes-debates-necesarios-y-oidos-sordos\/#primaryimage"},"image":{"@id":"https:\/\/proagrolab.com.ar\/palabras-fuertes-debates-necesarios-y-oidos-sordos\/#primaryimage"},"thumbnailUrl":"","datePublished":"2013-08-05T00:00:01+00:00","breadcrumb":{"@id":"https:\/\/proagrolab.com.ar\/palabras-fuertes-debates-necesarios-y-oidos-sordos\/#breadcrumb"},"inLanguage":"en-US","potentialAction":[{"@type":"ReadAction","target":["https:\/\/proagrolab.com.ar\/palabras-fuertes-debates-necesarios-y-oidos-sordos\/"]}]},{"@type":"ImageObject","inLanguage":"en-US","@id":"https:\/\/proagrolab.com.ar\/palabras-fuertes-debates-necesarios-y-oidos-sordos\/#primaryimage","url":"","contentUrl":""},{"@type":"BreadcrumbList","@id":"https:\/\/proagrolab.com.ar\/palabras-fuertes-debates-necesarios-y-oidos-sordos\/#breadcrumb","itemListElement":[{"@type":"ListItem","position":1,"name":"Portada","item":"https:\/\/proagrolab.com.ar\/"},{"@type":"ListItem","position":2,"name":"Palabras fuertes, debates necesarios y o\u00eddos sordos."}]},{"@type":"WebSite","@id":"https:\/\/proagrolab.com.ar\/#website","url":"https:\/\/proagrolab.com.ar\/","name":"Proagro Laboratorio Veterinario","description":"Veterinary laboratory","publisher":{"@id":"https:\/\/proagrolab.com.ar\/#organization"},"potentialAction":[{"@type":"SearchAction","target":{"@type":"EntryPoint","urlTemplate":"https:\/\/proagrolab.com.ar\/?s={search_term_string}"},"query-input":{"@type":"PropertyValueSpecification","valueRequired":true,"valueName":"search_term_string"}}],"inLanguage":"en-US"},{"@type":"Organization","@id":"https:\/\/proagrolab.com.ar\/#organization","name":"Proagro","url":"https:\/\/proagrolab.com.ar\/","logo":{"@type":"ImageObject","inLanguage":"en-US","@id":"https:\/\/proagrolab.com.ar\/#\/schema\/logo\/image\/","url":"https:\/\/proagrolab.com.ar\/wp-content\/uploads\/2020\/04\/logo-retina.png","contentUrl":"https:\/\/proagrolab.com.ar\/wp-content\/uploads\/2020\/04\/logo-retina.png","width":478,"height":120,"caption":"Proagro"},"image":{"@id":"https:\/\/proagrolab.com.ar\/#\/schema\/logo\/image\/"},"sameAs":["http:\/\/www.facebook.com\/proagrolab","https:\/\/www.instagram.com\/proagrolab\/","https:\/\/www.linkedin.com\/company\/laboratorio-proagro-s-a\/"]},{"@type":"Person","@id":"https:\/\/proagrolab.com.ar\/#\/schema\/person\/38003ff90bf80381f71c7d922d207444","name":"proagrolab"}]}},"_links":{"self":[{"href":"https:\/\/proagrolab.com.ar\/en\/wp-json\/wp\/v2\/posts\/5602","targetHints":{"allow":["GET"]}}],"collection":[{"href":"https:\/\/proagrolab.com.ar\/en\/wp-json\/wp\/v2\/posts"}],"about":[{"href":"https:\/\/proagrolab.com.ar\/en\/wp-json\/wp\/v2\/types\/post"}],"author":[{"embeddable":true,"href":"https:\/\/proagrolab.com.ar\/en\/wp-json\/wp\/v2\/users\/2"}],"replies":[{"embeddable":true,"href":"https:\/\/proagrolab.com.ar\/en\/wp-json\/wp\/v2\/comments?post=5602"}],"version-history":[{"count":0,"href":"https:\/\/proagrolab.com.ar\/en\/wp-json\/wp\/v2\/posts\/5602\/revisions"}],"wp:featuredmedia":[{"embeddable":true,"href":"https:\/\/proagrolab.com.ar\/en\/wp-json\/wp\/v2\/posts\/5981"}],"wp:attachment":[{"href":"https:\/\/proagrolab.com.ar\/en\/wp-json\/wp\/v2\/media?parent=5602"}],"wp:term":[{"taxonomy":"category","embeddable":true,"href":"https:\/\/proagrolab.com.ar\/en\/wp-json\/wp\/v2\/categories?post=5602"},{"taxonomy":"post_tag","embeddable":true,"href":"https:\/\/proagrolab.com.ar\/en\/wp-json\/wp\/v2\/tags?post=5602"}],"curies":[{"name":"wp","href":"https:\/\/api.w.org\/{rel}","templated":true}]}}