{"id":5600,"date":"2013-08-02T00:00:01","date_gmt":"2013-08-02T00:00:01","guid":{"rendered":"https:\/\/proagrolab.com.ar\/carnes-si-argentina-exportara-mas-el-mundo-ni-se-enteraria\/"},"modified":"2013-08-02T00:00:01","modified_gmt":"2013-08-02T00:00:01","slug":"carnes-si-argentina-exportara-mas-el-mundo-ni-se-enteraria","status":"publish","type":"post","link":"https:\/\/proagrolab.com.ar\/en\/carnes-si-argentina-exportara-mas-el-mundo-ni-se-enteraria\/","title":{"rendered":"Carnes: si Argentina exportara m\u00e1s, el mundo ni se enterar\u00eda."},"content":{"rendered":"<p class=\"qtranxs-available-languages-message qtranxs-available-languages-message-en\"> <\/p><p>Por Ignacio Iriarte.<\/p>\n<p>En otros tiempos, el pa\u00eds ocupaba el 11 por ciento de la oferta mundial. Pero en las actuales condiciones del sector, es casi una utop\u00eda pensar en la recuperaci\u00f3n de ese lugar.<\/p>\n<p>En 2005, cuando el Gobierno empez\u00f3 la intervenci\u00f3n en el mercado ganadero, Argentina representaba el 11 por ciento de las exportaciones mundiales de carne vacuna. Hoy, con un mercado internacional que desde entonces ha crecido en 1,6 millones de toneladas, y con embarques argentinos que han ca\u00eddo en casi un 75 por ciento, las carnes argentinas no representan m\u00e1s del dos por ciento del mercado mundial.<\/p>\n<p>Si nuestro pa\u00eds volviera ahora al mercado, el mundo ni se enterar\u00eda, especialmente en los mercados de carne de \u0093volumen y precio medio\u0094: Rusia, China, Chile, Norte de \u00c1frica, Venezuela, entre otros. Si volvi\u00e9ramos a exportar vol\u00famenes significativos de cortes finos a la Uni\u00f3n Europea, ac\u00e1 quiz\u00e1s el mercado lo acusar\u00eda, porque es el \u00fanico segmento donde todav\u00eda nuestros exportadores y nuestra carne tienen alg\u00fan papel en la formaci\u00f3n en los precios.<\/p>\n<p>A un mercado mundial que en los \u00faltimos tres a\u00f1os ha crecido en promedio unas 270 mil toneladas anuales, le cabr\u00edan perfectamente unas 170 mil a 200 mil toneladas adicionales de la Argentina, volumen \u00e9ste que es lo que calculamos crecer\u00e1 la producci\u00f3n nacional este a\u00f1o.<\/p>\n<p>No todo ser\u00eda igual a 2005, a\u00f1o en que embarcamos 770 mil toneladas, o inclusive a 2009, cuando embarcamos 660 mil. (el a\u00f1o pasado exportamos s\u00f3lo 180 mil toneladas).<\/p>\n<p><i>Primero<\/i><br \/>Hay muchas menos plantas y empresas exportadoras abiertas, producto de la crisis frigor\u00edfica de los \u00faltimos cuatro a\u00f1os. Muchas de ellas volver\u00edan a operar si las condiciones se dan, pero otras, por razones geogr\u00e1ficas o de especializaci\u00f3n, puede especularse que no abrir\u00e1n m\u00e1s.<\/p>\n<p><i>Segundo<\/i><br \/>El stock ganadero argentino ha recuperado s\u00f3lo tres de los diez millones de cabezas que perdi\u00f3 en el per\u00edodo 2007-2010, por lo que se cuenta con saldos exportables mucho menores, pero adem\u00e1s, el n\u00famero de novillos se retrajo en todo el pa\u00eds m\u00e1s de un 43 por ciento en siete a\u00f1os.<\/p>\n<p>En Buenos Aires la cantidad de novillos ha ca\u00eddo durante ese per\u00edodo un 62 por ciento, en C\u00f3rdoba un 64, en La Pampa un 54, en Santa Fe un 35 y en Entre R\u00edos \u0093apenas\u0094 un 21 por ciento. Despu\u00e9s del shock terrible de 2006-2009, s\u00f3lo se reanudar\u00e1 la producci\u00f3n de novillos pesados con una combinaci\u00f3n de buen precio y confianza.<\/p>\n<p>Es improbable adem\u00e1s, que la invernada \u0096especialmente de novillos de m\u00e1s de 430-450 kilogramos\u0096 vuelva a las zonas mixtas o agr\u00edcolas, donde la infraestructura ganadera ya ha sido pr\u00e1cticamente levantada en la mayor\u00eda de los campos. El feedlot podr\u00eda tomar la posta en materia de engorde de novillos pesados, pero esta opci\u00f3n requerir\u00eda una recr\u00eda, casi inexistentes.<\/p>\n<p>La retirada de la invernada tradicional, que se expresa a un nivel nacional en un stock de novillos 43 por ciento inferior al que ten\u00edamos ocho a\u00f1os atr\u00e1s, ser\u00eda un serio obst\u00e1culo para volver a exportar vol\u00famenes significativos, habida cuenta que es el novillo la materia prima de nuestras plantas exportadoras.<\/p>\n<p><i>Tercero<\/i><br \/>Una pol\u00edtica en serio de exportaci\u00f3n, necesitar\u00eda no s\u00f3lo de una \u0093adecuaci\u00f3n\u0094 (devaluaci\u00f3n) del tipo de cambio nominal, sino tambi\u00e9n de la remoci\u00f3n de dos trabas importantes para la competitividad: las retenciones (15 por ciento) y la \u0093barata\u0094, las cuales terminan por desalentar hoy la mayor parte de las operaciones de venta de carne al exterior.<\/p>\n<p>Fuente: La Voz del Interior, 2 de agosto.<br \/><\/p>","protected":false},"excerpt":{"rendered":"<p>Por Ignacio Iriarte. En otros tiempos, el pa\u00eds ocupaba el 11 por ciento de la oferta mundial. Pero en las actuales condiciones del sector, es casi una utop\u00eda pensar en la recuperaci\u00f3n de ese lugar. En 2005, cuando el Gobierno empez\u00f3 la intervenci\u00f3n en el mercado ganadero, Argentina representaba el 11 por ciento de las exportaciones mundiales de carne vacuna. Hoy, con un mercado internacional que desde entonces ha crecido en 1,6 millones de toneladas, y con embarques argentinos que han ca\u00eddo en casi un 75 por ciento, las carnes argentinas no representan m\u00e1s del dos por ciento del mercado mundial. Si nuestro pa\u00eds volviera ahora al mercado, el mundo ni se enterar\u00eda, especialmente en los mercados de carne de \u0093volumen y precio medio\u0094: Rusia, China, Chile, Norte de \u00c1frica, Venezuela, entre otros. Si volvi\u00e9ramos a exportar vol\u00famenes significativos de cortes finos a la Uni\u00f3n Europea, ac\u00e1 quiz\u00e1s el mercado lo acusar\u00eda, porque es el \u00fanico segmento donde todav\u00eda nuestros exportadores y nuestra carne tienen alg\u00fan papel en la formaci\u00f3n en los precios. A un mercado mundial que en los \u00faltimos tres a\u00f1os ha crecido en promedio unas 270 mil toneladas anuales, le cabr\u00edan perfectamente unas 170 mil a 200 [&hellip;]<\/p>\n","protected":false},"author":2,"featured_media":2095,"comment_status":"closed","ping_status":"open","sticky":false,"template":"","format":"standard","meta":{"_acf_changed":false,"footnotes":""},"categories":[56],"tags":[],"class_list":["post-5600","post","type-post","status-publish","format-standard","has-post-thumbnail","hentry","category-infoganadero"],"acf":[],"yoast_head":"<!-- This site is optimized with the Yoast SEO plugin v27.5 - https:\/\/yoast.com\/product\/yoast-seo-wordpress\/ -->\n<title>Carnes: si Argentina exportara m\u00e1s, el mundo ni se enterar\u00eda. | Proagro<\/title>\n<meta name=\"robots\" content=\"index, follow, max-snippet:-1, max-image-preview:large, max-video-preview:-1\" \/>\n<link rel=\"canonical\" href=\"https:\/\/proagrolab.com.ar\/en\/carnes-si-argentina-exportara-mas-el-mundo-ni-se-enteraria\/\" \/>\n<meta property=\"og:locale\" content=\"en_US\" \/>\n<meta property=\"og:type\" content=\"article\" \/>\n<meta property=\"og:title\" content=\"Carnes: si Argentina exportara m\u00e1s, el mundo ni se enterar\u00eda. | Proagro\" \/>\n<meta property=\"og:description\" content=\"Por Ignacio Iriarte. En otros tiempos, el pa\u00eds ocupaba el 11 por ciento de la oferta mundial. Pero en las actuales condiciones del sector, es casi una utop\u00eda pensar en la recuperaci\u00f3n de ese lugar. En 2005, cuando el Gobierno empez\u00f3 la intervenci\u00f3n en el mercado ganadero, Argentina representaba el 11 por ciento de las exportaciones mundiales de carne vacuna. Hoy, con un mercado internacional que desde entonces ha crecido en 1,6 millones de toneladas, y con embarques argentinos que han ca\u00eddo en casi un 75 por ciento, las carnes argentinas no representan m\u00e1s del dos por ciento del mercado mundial. Si nuestro pa\u00eds volviera ahora al mercado, el mundo ni se enterar\u00eda, especialmente en los mercados de carne de \u0093volumen y precio medio\u0094: Rusia, China, Chile, Norte de \u00c1frica, Venezuela, entre otros. Si volvi\u00e9ramos a exportar vol\u00famenes significativos de cortes finos a la Uni\u00f3n Europea, ac\u00e1 quiz\u00e1s el mercado lo acusar\u00eda, porque es el \u00fanico segmento donde todav\u00eda nuestros exportadores y nuestra carne tienen alg\u00fan papel en la formaci\u00f3n en los precios. A un mercado mundial que en los \u00faltimos tres a\u00f1os ha crecido en promedio unas 270 mil toneladas anuales, le cabr\u00edan perfectamente unas 170 mil a 200 [&hellip;]\" \/>\n<meta property=\"og:url\" content=\"https:\/\/proagrolab.com.ar\/carnes-si-argentina-exportara-mas-el-mundo-ni-se-enteraria\/\" \/>\n<meta property=\"og:site_name\" content=\"Proagro\" \/>\n<meta property=\"article:publisher\" content=\"http:\/\/www.facebook.com\/proagrolab\" \/>\n<meta property=\"article:published_time\" content=\"2013-08-02T00:00:01+00:00\" \/>\n<meta property=\"og:image\" content=\"https:\/\/proagrolab.com.ar\/wp-content\/uploads\/2015\/01\/g_a63aihqd1__Frigor\u00edfico.jpg\" \/>\n\t<meta property=\"og:image:width\" content=\"1\" \/>\n\t<meta property=\"og:image:height\" content=\"1\" \/>\n\t<meta property=\"og:image:type\" content=\"image\/jpeg\" \/>\n<meta name=\"author\" content=\"proagrolab\" \/>\n<meta name=\"twitter:card\" content=\"summary_large_image\" \/>\n<meta name=\"twitter:label1\" content=\"Written by\" \/>\n\t<meta name=\"twitter:data1\" content=\"proagrolab\" \/>\n\t<meta name=\"twitter:label2\" content=\"Est. reading time\" \/>\n\t<meta name=\"twitter:data2\" content=\"3 minutes\" \/>\n<script type=\"application\/ld+json\" class=\"yoast-schema-graph\">{\"@context\":\"https:\\\/\\\/schema.org\",\"@graph\":[{\"@type\":\"Article\",\"@id\":\"https:\\\/\\\/proagrolab.com.ar\\\/carnes-si-argentina-exportara-mas-el-mundo-ni-se-enteraria\\\/#article\",\"isPartOf\":{\"@id\":\"https:\\\/\\\/proagrolab.com.ar\\\/carnes-si-argentina-exportara-mas-el-mundo-ni-se-enteraria\\\/\"},\"author\":{\"name\":\"proagrolab\",\"@id\":\"https:\\\/\\\/proagrolab.com.ar\\\/#\\\/schema\\\/person\\\/38003ff90bf80381f71c7d922d207444\"},\"headline\":\"Carnes: si Argentina exportara m\u00e1s, el mundo ni se enterar\u00eda.\",\"datePublished\":\"2013-08-02T00:00:01+00:00\",\"mainEntityOfPage\":{\"@id\":\"https:\\\/\\\/proagrolab.com.ar\\\/carnes-si-argentina-exportara-mas-el-mundo-ni-se-enteraria\\\/\"},\"wordCount\":637,\"publisher\":{\"@id\":\"https:\\\/\\\/proagrolab.com.ar\\\/#organization\"},\"image\":{\"@id\":\"https:\\\/\\\/proagrolab.com.ar\\\/carnes-si-argentina-exportara-mas-el-mundo-ni-se-enteraria\\\/#primaryimage\"},\"thumbnailUrl\":\"https:\\\/\\\/proagrolab.com.ar\\\/wp-content\\\/uploads\\\/2015\\\/01\\\/g_a63aihqd1__Frigor\u00edfico.jpg\",\"articleSection\":[\"News\"],\"inLanguage\":\"en-US\"},{\"@type\":\"WebPage\",\"@id\":\"https:\\\/\\\/proagrolab.com.ar\\\/carnes-si-argentina-exportara-mas-el-mundo-ni-se-enteraria\\\/\",\"url\":\"https:\\\/\\\/proagrolab.com.ar\\\/carnes-si-argentina-exportara-mas-el-mundo-ni-se-enteraria\\\/\",\"name\":\"Carnes: si Argentina exportara m\u00e1s, el mundo ni se enterar\u00eda. | Proagro\",\"isPartOf\":{\"@id\":\"https:\\\/\\\/proagrolab.com.ar\\\/#website\"},\"primaryImageOfPage\":{\"@id\":\"https:\\\/\\\/proagrolab.com.ar\\\/carnes-si-argentina-exportara-mas-el-mundo-ni-se-enteraria\\\/#primaryimage\"},\"image\":{\"@id\":\"https:\\\/\\\/proagrolab.com.ar\\\/carnes-si-argentina-exportara-mas-el-mundo-ni-se-enteraria\\\/#primaryimage\"},\"thumbnailUrl\":\"https:\\\/\\\/proagrolab.com.ar\\\/wp-content\\\/uploads\\\/2015\\\/01\\\/g_a63aihqd1__Frigor\u00edfico.jpg\",\"datePublished\":\"2013-08-02T00:00:01+00:00\",\"breadcrumb\":{\"@id\":\"https:\\\/\\\/proagrolab.com.ar\\\/carnes-si-argentina-exportara-mas-el-mundo-ni-se-enteraria\\\/#breadcrumb\"},\"inLanguage\":\"en-US\",\"potentialAction\":[{\"@type\":\"ReadAction\",\"target\":[\"https:\\\/\\\/proagrolab.com.ar\\\/carnes-si-argentina-exportara-mas-el-mundo-ni-se-enteraria\\\/\"]}]},{\"@type\":\"ImageObject\",\"inLanguage\":\"en-US\",\"@id\":\"https:\\\/\\\/proagrolab.com.ar\\\/carnes-si-argentina-exportara-mas-el-mundo-ni-se-enteraria\\\/#primaryimage\",\"url\":\"https:\\\/\\\/proagrolab.com.ar\\\/wp-content\\\/uploads\\\/2015\\\/01\\\/g_a63aihqd1__Frigor\u00edfico.jpg\",\"contentUrl\":\"https:\\\/\\\/proagrolab.com.ar\\\/wp-content\\\/uploads\\\/2015\\\/01\\\/g_a63aihqd1__Frigor\u00edfico.jpg\"},{\"@type\":\"BreadcrumbList\",\"@id\":\"https:\\\/\\\/proagrolab.com.ar\\\/carnes-si-argentina-exportara-mas-el-mundo-ni-se-enteraria\\\/#breadcrumb\",\"itemListElement\":[{\"@type\":\"ListItem\",\"position\":1,\"name\":\"Portada\",\"item\":\"https:\\\/\\\/proagrolab.com.ar\\\/\"},{\"@type\":\"ListItem\",\"position\":2,\"name\":\"Carnes: si Argentina exportara m\u00e1s, el mundo ni se enterar\u00eda.\"}]},{\"@type\":\"WebSite\",\"@id\":\"https:\\\/\\\/proagrolab.com.ar\\\/#website\",\"url\":\"https:\\\/\\\/proagrolab.com.ar\\\/\",\"name\":\"Proagro Laboratorio Veterinario\",\"description\":\"Veterinary laboratory\",\"publisher\":{\"@id\":\"https:\\\/\\\/proagrolab.com.ar\\\/#organization\"},\"potentialAction\":[{\"@type\":\"SearchAction\",\"target\":{\"@type\":\"EntryPoint\",\"urlTemplate\":\"https:\\\/\\\/proagrolab.com.ar\\\/?s={search_term_string}\"},\"query-input\":{\"@type\":\"PropertyValueSpecification\",\"valueRequired\":true,\"valueName\":\"search_term_string\"}}],\"inLanguage\":\"en-US\"},{\"@type\":\"Organization\",\"@id\":\"https:\\\/\\\/proagrolab.com.ar\\\/#organization\",\"name\":\"Proagro\",\"url\":\"https:\\\/\\\/proagrolab.com.ar\\\/\",\"logo\":{\"@type\":\"ImageObject\",\"inLanguage\":\"en-US\",\"@id\":\"https:\\\/\\\/proagrolab.com.ar\\\/#\\\/schema\\\/logo\\\/image\\\/\",\"url\":\"https:\\\/\\\/proagrolab.com.ar\\\/wp-content\\\/uploads\\\/2020\\\/04\\\/logo-retina.png\",\"contentUrl\":\"https:\\\/\\\/proagrolab.com.ar\\\/wp-content\\\/uploads\\\/2020\\\/04\\\/logo-retina.png\",\"width\":478,\"height\":120,\"caption\":\"Proagro\"},\"image\":{\"@id\":\"https:\\\/\\\/proagrolab.com.ar\\\/#\\\/schema\\\/logo\\\/image\\\/\"},\"sameAs\":[\"http:\\\/\\\/www.facebook.com\\\/proagrolab\",\"https:\\\/\\\/www.instagram.com\\\/proagrolab\\\/\",\"https:\\\/\\\/www.linkedin.com\\\/company\\\/laboratorio-proagro-s-a\\\/\"]},{\"@type\":\"Person\",\"@id\":\"https:\\\/\\\/proagrolab.com.ar\\\/#\\\/schema\\\/person\\\/38003ff90bf80381f71c7d922d207444\",\"name\":\"proagrolab\"}]}<\/script>\n<!-- \/ Yoast SEO plugin. -->","yoast_head_json":{"title":"Carnes: si Argentina exportara m\u00e1s, el mundo ni se enterar\u00eda. | Proagro","robots":{"index":"index","follow":"follow","max-snippet":"max-snippet:-1","max-image-preview":"max-image-preview:large","max-video-preview":"max-video-preview:-1"},"canonical":"https:\/\/proagrolab.com.ar\/en\/carnes-si-argentina-exportara-mas-el-mundo-ni-se-enteraria\/","og_locale":"en_US","og_type":"article","og_title":"Carnes: si Argentina exportara m\u00e1s, el mundo ni se enterar\u00eda. | Proagro","og_description":"Por Ignacio Iriarte. En otros tiempos, el pa\u00eds ocupaba el 11 por ciento de la oferta mundial. Pero en las actuales condiciones del sector, es casi una utop\u00eda pensar en la recuperaci\u00f3n de ese lugar. En 2005, cuando el Gobierno empez\u00f3 la intervenci\u00f3n en el mercado ganadero, Argentina representaba el 11 por ciento de las exportaciones mundiales de carne vacuna. Hoy, con un mercado internacional que desde entonces ha crecido en 1,6 millones de toneladas, y con embarques argentinos que han ca\u00eddo en casi un 75 por ciento, las carnes argentinas no representan m\u00e1s del dos por ciento del mercado mundial. Si nuestro pa\u00eds volviera ahora al mercado, el mundo ni se enterar\u00eda, especialmente en los mercados de carne de \u0093volumen y precio medio\u0094: Rusia, China, Chile, Norte de \u00c1frica, Venezuela, entre otros. Si volvi\u00e9ramos a exportar vol\u00famenes significativos de cortes finos a la Uni\u00f3n Europea, ac\u00e1 quiz\u00e1s el mercado lo acusar\u00eda, porque es el \u00fanico segmento donde todav\u00eda nuestros exportadores y nuestra carne tienen alg\u00fan papel en la formaci\u00f3n en los precios. A un mercado mundial que en los \u00faltimos tres a\u00f1os ha crecido en promedio unas 270 mil toneladas anuales, le cabr\u00edan perfectamente unas 170 mil a 200 [&hellip;]","og_url":"https:\/\/proagrolab.com.ar\/carnes-si-argentina-exportara-mas-el-mundo-ni-se-enteraria\/","og_site_name":"Proagro","article_publisher":"http:\/\/www.facebook.com\/proagrolab","article_published_time":"2013-08-02T00:00:01+00:00","og_image":[{"url":"https:\/\/proagrolab.com.ar\/wp-content\/uploads\/2015\/01\/g_a63aihqd1__Frigor\u00edfico.jpg","width":1,"height":1,"type":"image\/jpeg"}],"author":"proagrolab","twitter_card":"summary_large_image","twitter_misc":{"Written by":"proagrolab","Est. reading time":"3 minutes"},"schema":{"@context":"https:\/\/schema.org","@graph":[{"@type":"Article","@id":"https:\/\/proagrolab.com.ar\/carnes-si-argentina-exportara-mas-el-mundo-ni-se-enteraria\/#article","isPartOf":{"@id":"https:\/\/proagrolab.com.ar\/carnes-si-argentina-exportara-mas-el-mundo-ni-se-enteraria\/"},"author":{"name":"proagrolab","@id":"https:\/\/proagrolab.com.ar\/#\/schema\/person\/38003ff90bf80381f71c7d922d207444"},"headline":"Carnes: si Argentina exportara m\u00e1s, el mundo ni se enterar\u00eda.","datePublished":"2013-08-02T00:00:01+00:00","mainEntityOfPage":{"@id":"https:\/\/proagrolab.com.ar\/carnes-si-argentina-exportara-mas-el-mundo-ni-se-enteraria\/"},"wordCount":637,"publisher":{"@id":"https:\/\/proagrolab.com.ar\/#organization"},"image":{"@id":"https:\/\/proagrolab.com.ar\/carnes-si-argentina-exportara-mas-el-mundo-ni-se-enteraria\/#primaryimage"},"thumbnailUrl":"https:\/\/proagrolab.com.ar\/wp-content\/uploads\/2015\/01\/g_a63aihqd1__Frigor\u00edfico.jpg","articleSection":["News"],"inLanguage":"en-US"},{"@type":"WebPage","@id":"https:\/\/proagrolab.com.ar\/carnes-si-argentina-exportara-mas-el-mundo-ni-se-enteraria\/","url":"https:\/\/proagrolab.com.ar\/carnes-si-argentina-exportara-mas-el-mundo-ni-se-enteraria\/","name":"Carnes: si Argentina exportara m\u00e1s, el mundo ni se enterar\u00eda. | Proagro","isPartOf":{"@id":"https:\/\/proagrolab.com.ar\/#website"},"primaryImageOfPage":{"@id":"https:\/\/proagrolab.com.ar\/carnes-si-argentina-exportara-mas-el-mundo-ni-se-enteraria\/#primaryimage"},"image":{"@id":"https:\/\/proagrolab.com.ar\/carnes-si-argentina-exportara-mas-el-mundo-ni-se-enteraria\/#primaryimage"},"thumbnailUrl":"https:\/\/proagrolab.com.ar\/wp-content\/uploads\/2015\/01\/g_a63aihqd1__Frigor\u00edfico.jpg","datePublished":"2013-08-02T00:00:01+00:00","breadcrumb":{"@id":"https:\/\/proagrolab.com.ar\/carnes-si-argentina-exportara-mas-el-mundo-ni-se-enteraria\/#breadcrumb"},"inLanguage":"en-US","potentialAction":[{"@type":"ReadAction","target":["https:\/\/proagrolab.com.ar\/carnes-si-argentina-exportara-mas-el-mundo-ni-se-enteraria\/"]}]},{"@type":"ImageObject","inLanguage":"en-US","@id":"https:\/\/proagrolab.com.ar\/carnes-si-argentina-exportara-mas-el-mundo-ni-se-enteraria\/#primaryimage","url":"https:\/\/proagrolab.com.ar\/wp-content\/uploads\/2015\/01\/g_a63aihqd1__Frigor\u00edfico.jpg","contentUrl":"https:\/\/proagrolab.com.ar\/wp-content\/uploads\/2015\/01\/g_a63aihqd1__Frigor\u00edfico.jpg"},{"@type":"BreadcrumbList","@id":"https:\/\/proagrolab.com.ar\/carnes-si-argentina-exportara-mas-el-mundo-ni-se-enteraria\/#breadcrumb","itemListElement":[{"@type":"ListItem","position":1,"name":"Portada","item":"https:\/\/proagrolab.com.ar\/"},{"@type":"ListItem","position":2,"name":"Carnes: si Argentina exportara m\u00e1s, el mundo ni se enterar\u00eda."}]},{"@type":"WebSite","@id":"https:\/\/proagrolab.com.ar\/#website","url":"https:\/\/proagrolab.com.ar\/","name":"Proagro Laboratorio Veterinario","description":"Veterinary laboratory","publisher":{"@id":"https:\/\/proagrolab.com.ar\/#organization"},"potentialAction":[{"@type":"SearchAction","target":{"@type":"EntryPoint","urlTemplate":"https:\/\/proagrolab.com.ar\/?s={search_term_string}"},"query-input":{"@type":"PropertyValueSpecification","valueRequired":true,"valueName":"search_term_string"}}],"inLanguage":"en-US"},{"@type":"Organization","@id":"https:\/\/proagrolab.com.ar\/#organization","name":"Proagro","url":"https:\/\/proagrolab.com.ar\/","logo":{"@type":"ImageObject","inLanguage":"en-US","@id":"https:\/\/proagrolab.com.ar\/#\/schema\/logo\/image\/","url":"https:\/\/proagrolab.com.ar\/wp-content\/uploads\/2020\/04\/logo-retina.png","contentUrl":"https:\/\/proagrolab.com.ar\/wp-content\/uploads\/2020\/04\/logo-retina.png","width":478,"height":120,"caption":"Proagro"},"image":{"@id":"https:\/\/proagrolab.com.ar\/#\/schema\/logo\/image\/"},"sameAs":["http:\/\/www.facebook.com\/proagrolab","https:\/\/www.instagram.com\/proagrolab\/","https:\/\/www.linkedin.com\/company\/laboratorio-proagro-s-a\/"]},{"@type":"Person","@id":"https:\/\/proagrolab.com.ar\/#\/schema\/person\/38003ff90bf80381f71c7d922d207444","name":"proagrolab"}]}},"_links":{"self":[{"href":"https:\/\/proagrolab.com.ar\/en\/wp-json\/wp\/v2\/posts\/5600","targetHints":{"allow":["GET"]}}],"collection":[{"href":"https:\/\/proagrolab.com.ar\/en\/wp-json\/wp\/v2\/posts"}],"about":[{"href":"https:\/\/proagrolab.com.ar\/en\/wp-json\/wp\/v2\/types\/post"}],"author":[{"embeddable":true,"href":"https:\/\/proagrolab.com.ar\/en\/wp-json\/wp\/v2\/users\/2"}],"replies":[{"embeddable":true,"href":"https:\/\/proagrolab.com.ar\/en\/wp-json\/wp\/v2\/comments?post=5600"}],"version-history":[{"count":0,"href":"https:\/\/proagrolab.com.ar\/en\/wp-json\/wp\/v2\/posts\/5600\/revisions"}],"wp:featuredmedia":[{"embeddable":true,"href":"https:\/\/proagrolab.com.ar\/en\/wp-json\/wp\/v2\/media\/2095"}],"wp:attachment":[{"href":"https:\/\/proagrolab.com.ar\/en\/wp-json\/wp\/v2\/media?parent=5600"}],"wp:term":[{"taxonomy":"category","embeddable":true,"href":"https:\/\/proagrolab.com.ar\/en\/wp-json\/wp\/v2\/categories?post=5600"},{"taxonomy":"post_tag","embeddable":true,"href":"https:\/\/proagrolab.com.ar\/en\/wp-json\/wp\/v2\/tags?post=5600"}],"curies":[{"name":"wp","href":"https:\/\/api.w.org\/{rel}","templated":true}]}}