{"id":5596,"date":"2013-08-02T00:00:01","date_gmt":"2013-08-02T00:00:01","guid":{"rendered":"https:\/\/proagrolab.com.ar\/el-gobierno-genero-esta-enorme-distorsion-en-los-precios-relativos\/"},"modified":"2013-08-02T00:00:01","modified_gmt":"2013-08-02T00:00:01","slug":"el-gobierno-genero-esta-enorme-distorsion-en-los-precios-relativos","status":"publish","type":"post","link":"https:\/\/proagrolab.com.ar\/en\/el-gobierno-genero-esta-enorme-distorsion-en-los-precios-relativos\/","title":{"rendered":"El Gobierno gener\u00f3 esta enorme distorsi\u00f3n en los precios relativos."},"content":{"rendered":"<p class=\"qtranxs-available-languages-message qtranxs-available-languages-message-en\"> <\/p><p>As\u00ed lo afirm\u00f3 Hugo Biolcati en Radio Mitre al ser consultado sobre el alto precio de la leche en g\u00f3ndola.<\/p>\n<p>&#8220;La leche de Argentina es lejos la m\u00e1s cara del mundo&#8221;, enfatiz\u00f3 el ex presidente de la Sociedad Rural y productor lechero, Hugo Biolcati. En di\u00e1logo con Radio Mitre, el dirigente rural habl\u00f3 sobre la noticia que public\u00f3 el diario \u00c1mbito Financiero respecto a que mientras la leche nacional se consigue entre $8,50 y los $10,50; en Londres sale $6,59; en Espa\u00f1a $6,84 y en EE.UU, $8,48, tomando en cuenta el d\u00f3lar blue.<\/p>\n<p>&#8220;Toda la pol\u00edtica agropecuaria de este Gobierno ha llevado a esta enorme distorsi\u00f3n en los precios relativos&#8221;, enfatiz\u00f3 Biolcati. En cambio, insisti\u00f3, &#8220;al productor se le est\u00e1 pagando la leche m\u00e1s barata del mundo. Producimos la leche con el menor precio comparado del mundo&#8221;. El dirigente apunt\u00f3 que se trata de la misma distorsi\u00f3n de valores que se produjo en la industria local del trigo y de la carne, &#8220;por la pol\u00edtica intervencionista y destructora de los mercados que lleva adelante este Gobierno hace m\u00e1s de siete a\u00f1os&#8221;.<\/p>\n<p>Para \u00e9l, la diferencia por esta distorsi\u00f3n de precios &#8220;se la lleva fundamentalmente el Estado, la cadena de producci\u00f3n y la industria&#8221;. <\/p>\n<p>Fuente: Infortambo, 2 de agosto.<br \/><\/p>","protected":false},"excerpt":{"rendered":"<p>As\u00ed lo afirm\u00f3 Hugo Biolcati en Radio Mitre al ser consultado sobre el alto precio de la leche en g\u00f3ndola. &#8220;La leche de Argentina es lejos la m\u00e1s cara del mundo&#8221;, enfatiz\u00f3 el ex presidente de la Sociedad Rural y productor lechero, Hugo Biolcati. En di\u00e1logo con Radio Mitre, el dirigente rural habl\u00f3 sobre la noticia que public\u00f3 el diario \u00c1mbito Financiero respecto a que mientras la leche nacional se consigue entre $8,50 y los $10,50; en Londres sale $6,59; en Espa\u00f1a $6,84 y en EE.UU, $8,48, tomando en cuenta el d\u00f3lar blue. &#8220;Toda la pol\u00edtica agropecuaria de este Gobierno ha llevado a esta enorme distorsi\u00f3n en los precios relativos&#8221;, enfatiz\u00f3 Biolcati. En cambio, insisti\u00f3, &#8220;al productor se le est\u00e1 pagando la leche m\u00e1s barata del mundo. Producimos la leche con el menor precio comparado del mundo&#8221;. El dirigente apunt\u00f3 que se trata de la misma distorsi\u00f3n de valores que se produjo en la industria local del trigo y de la carne, &#8220;por la pol\u00edtica intervencionista y destructora de los mercados que lleva adelante este Gobierno hace m\u00e1s de siete a\u00f1os&#8221;. Para \u00e9l, la diferencia por esta distorsi\u00f3n de precios &#8220;se la lleva fundamentalmente el Estado, la cadena de producci\u00f3n [&hellip;]<\/p>\n","protected":false},"author":2,"featured_media":2090,"comment_status":"closed","ping_status":"open","sticky":false,"template":"","format":"standard","meta":{"_acf_changed":false,"footnotes":""},"categories":[56],"tags":[],"class_list":["post-5596","post","type-post","status-publish","format-standard","has-post-thumbnail","hentry","category-infoganadero"],"acf":[],"yoast_head":"<!-- This site is optimized with the Yoast SEO plugin v27.5 - https:\/\/yoast.com\/product\/yoast-seo-wordpress\/ -->\n<title>El Gobierno gener\u00f3 esta enorme distorsi\u00f3n en los precios relativos. | Proagro<\/title>\n<meta name=\"robots\" content=\"index, follow, max-snippet:-1, max-image-preview:large, max-video-preview:-1\" \/>\n<link rel=\"canonical\" href=\"https:\/\/proagrolab.com.ar\/en\/el-gobierno-genero-esta-enorme-distorsion-en-los-precios-relativos\/\" \/>\n<meta property=\"og:locale\" content=\"en_US\" \/>\n<meta property=\"og:type\" content=\"article\" \/>\n<meta property=\"og:title\" content=\"El Gobierno gener\u00f3 esta enorme distorsi\u00f3n en los precios relativos. | Proagro\" \/>\n<meta property=\"og:description\" content=\"As\u00ed lo afirm\u00f3 Hugo Biolcati en Radio Mitre al ser consultado sobre el alto precio de la leche en g\u00f3ndola. &#8220;La leche de Argentina es lejos la m\u00e1s cara del mundo&#8221;, enfatiz\u00f3 el ex presidente de la Sociedad Rural y productor lechero, Hugo Biolcati. En di\u00e1logo con Radio Mitre, el dirigente rural habl\u00f3 sobre la noticia que public\u00f3 el diario \u00c1mbito Financiero respecto a que mientras la leche nacional se consigue entre $8,50 y los $10,50; en Londres sale $6,59; en Espa\u00f1a $6,84 y en EE.UU, $8,48, tomando en cuenta el d\u00f3lar blue. &#8220;Toda la pol\u00edtica agropecuaria de este Gobierno ha llevado a esta enorme distorsi\u00f3n en los precios relativos&#8221;, enfatiz\u00f3 Biolcati. En cambio, insisti\u00f3, &#8220;al productor se le est\u00e1 pagando la leche m\u00e1s barata del mundo. Producimos la leche con el menor precio comparado del mundo&#8221;. El dirigente apunt\u00f3 que se trata de la misma distorsi\u00f3n de valores que se produjo en la industria local del trigo y de la carne, &#8220;por la pol\u00edtica intervencionista y destructora de los mercados que lleva adelante este Gobierno hace m\u00e1s de siete a\u00f1os&#8221;. Para \u00e9l, la diferencia por esta distorsi\u00f3n de precios &#8220;se la lleva fundamentalmente el Estado, la cadena de producci\u00f3n [&hellip;]\" \/>\n<meta property=\"og:url\" content=\"https:\/\/proagrolab.com.ar\/el-gobierno-genero-esta-enorme-distorsion-en-los-precios-relativos\/\" \/>\n<meta property=\"og:site_name\" content=\"Proagro\" \/>\n<meta property=\"article:publisher\" content=\"http:\/\/www.facebook.com\/proagrolab\" \/>\n<meta property=\"article:published_time\" content=\"2013-08-02T00:00:01+00:00\" \/>\n<meta property=\"og:image\" content=\"https:\/\/proagrolab.com.ar\/wp-content\/uploads\/2015\/01\/g_t61x6596q__Lecheras-13.jpg\" \/>\n\t<meta property=\"og:image:width\" content=\"450\" \/>\n\t<meta property=\"og:image:height\" content=\"208\" \/>\n\t<meta property=\"og:image:type\" content=\"image\/jpeg\" \/>\n<meta name=\"author\" content=\"proagrolab\" \/>\n<meta name=\"twitter:card\" content=\"summary_large_image\" \/>\n<meta name=\"twitter:label1\" content=\"Written by\" \/>\n\t<meta name=\"twitter:data1\" content=\"proagrolab\" \/>\n\t<meta name=\"twitter:label2\" content=\"Est. reading time\" \/>\n\t<meta name=\"twitter:data2\" content=\"1 minute\" \/>\n<script type=\"application\/ld+json\" class=\"yoast-schema-graph\">{\"@context\":\"https:\\\/\\\/schema.org\",\"@graph\":[{\"@type\":\"Article\",\"@id\":\"https:\\\/\\\/proagrolab.com.ar\\\/el-gobierno-genero-esta-enorme-distorsion-en-los-precios-relativos\\\/#article\",\"isPartOf\":{\"@id\":\"https:\\\/\\\/proagrolab.com.ar\\\/el-gobierno-genero-esta-enorme-distorsion-en-los-precios-relativos\\\/\"},\"author\":{\"name\":\"proagrolab\",\"@id\":\"https:\\\/\\\/proagrolab.com.ar\\\/#\\\/schema\\\/person\\\/38003ff90bf80381f71c7d922d207444\"},\"headline\":\"El Gobierno gener\u00f3 esta enorme distorsi\u00f3n en los precios relativos.\",\"datePublished\":\"2013-08-02T00:00:01+00:00\",\"mainEntityOfPage\":{\"@id\":\"https:\\\/\\\/proagrolab.com.ar\\\/el-gobierno-genero-esta-enorme-distorsion-en-los-precios-relativos\\\/\"},\"wordCount\":228,\"publisher\":{\"@id\":\"https:\\\/\\\/proagrolab.com.ar\\\/#organization\"},\"image\":{\"@id\":\"https:\\\/\\\/proagrolab.com.ar\\\/el-gobierno-genero-esta-enorme-distorsion-en-los-precios-relativos\\\/#primaryimage\"},\"thumbnailUrl\":\"https:\\\/\\\/proagrolab.com.ar\\\/wp-content\\\/uploads\\\/2015\\\/01\\\/g_t61x6596q__Lecheras-13.jpg\",\"articleSection\":[\"News\"],\"inLanguage\":\"en-US\"},{\"@type\":\"WebPage\",\"@id\":\"https:\\\/\\\/proagrolab.com.ar\\\/el-gobierno-genero-esta-enorme-distorsion-en-los-precios-relativos\\\/\",\"url\":\"https:\\\/\\\/proagrolab.com.ar\\\/el-gobierno-genero-esta-enorme-distorsion-en-los-precios-relativos\\\/\",\"name\":\"El Gobierno gener\u00f3 esta enorme distorsi\u00f3n en los precios relativos. | Proagro\",\"isPartOf\":{\"@id\":\"https:\\\/\\\/proagrolab.com.ar\\\/#website\"},\"primaryImageOfPage\":{\"@id\":\"https:\\\/\\\/proagrolab.com.ar\\\/el-gobierno-genero-esta-enorme-distorsion-en-los-precios-relativos\\\/#primaryimage\"},\"image\":{\"@id\":\"https:\\\/\\\/proagrolab.com.ar\\\/el-gobierno-genero-esta-enorme-distorsion-en-los-precios-relativos\\\/#primaryimage\"},\"thumbnailUrl\":\"https:\\\/\\\/proagrolab.com.ar\\\/wp-content\\\/uploads\\\/2015\\\/01\\\/g_t61x6596q__Lecheras-13.jpg\",\"datePublished\":\"2013-08-02T00:00:01+00:00\",\"breadcrumb\":{\"@id\":\"https:\\\/\\\/proagrolab.com.ar\\\/el-gobierno-genero-esta-enorme-distorsion-en-los-precios-relativos\\\/#breadcrumb\"},\"inLanguage\":\"en-US\",\"potentialAction\":[{\"@type\":\"ReadAction\",\"target\":[\"https:\\\/\\\/proagrolab.com.ar\\\/el-gobierno-genero-esta-enorme-distorsion-en-los-precios-relativos\\\/\"]}]},{\"@type\":\"ImageObject\",\"inLanguage\":\"en-US\",\"@id\":\"https:\\\/\\\/proagrolab.com.ar\\\/el-gobierno-genero-esta-enorme-distorsion-en-los-precios-relativos\\\/#primaryimage\",\"url\":\"https:\\\/\\\/proagrolab.com.ar\\\/wp-content\\\/uploads\\\/2015\\\/01\\\/g_t61x6596q__Lecheras-13.jpg\",\"contentUrl\":\"https:\\\/\\\/proagrolab.com.ar\\\/wp-content\\\/uploads\\\/2015\\\/01\\\/g_t61x6596q__Lecheras-13.jpg\",\"width\":450,\"height\":208},{\"@type\":\"BreadcrumbList\",\"@id\":\"https:\\\/\\\/proagrolab.com.ar\\\/el-gobierno-genero-esta-enorme-distorsion-en-los-precios-relativos\\\/#breadcrumb\",\"itemListElement\":[{\"@type\":\"ListItem\",\"position\":1,\"name\":\"Portada\",\"item\":\"https:\\\/\\\/proagrolab.com.ar\\\/\"},{\"@type\":\"ListItem\",\"position\":2,\"name\":\"El Gobierno gener\u00f3 esta enorme distorsi\u00f3n en los precios relativos.\"}]},{\"@type\":\"WebSite\",\"@id\":\"https:\\\/\\\/proagrolab.com.ar\\\/#website\",\"url\":\"https:\\\/\\\/proagrolab.com.ar\\\/\",\"name\":\"Proagro Laboratorio Veterinario\",\"description\":\"Veterinary laboratory\",\"publisher\":{\"@id\":\"https:\\\/\\\/proagrolab.com.ar\\\/#organization\"},\"potentialAction\":[{\"@type\":\"SearchAction\",\"target\":{\"@type\":\"EntryPoint\",\"urlTemplate\":\"https:\\\/\\\/proagrolab.com.ar\\\/?s={search_term_string}\"},\"query-input\":{\"@type\":\"PropertyValueSpecification\",\"valueRequired\":true,\"valueName\":\"search_term_string\"}}],\"inLanguage\":\"en-US\"},{\"@type\":\"Organization\",\"@id\":\"https:\\\/\\\/proagrolab.com.ar\\\/#organization\",\"name\":\"Proagro\",\"url\":\"https:\\\/\\\/proagrolab.com.ar\\\/\",\"logo\":{\"@type\":\"ImageObject\",\"inLanguage\":\"en-US\",\"@id\":\"https:\\\/\\\/proagrolab.com.ar\\\/#\\\/schema\\\/logo\\\/image\\\/\",\"url\":\"https:\\\/\\\/proagrolab.com.ar\\\/wp-content\\\/uploads\\\/2020\\\/04\\\/logo-retina.png\",\"contentUrl\":\"https:\\\/\\\/proagrolab.com.ar\\\/wp-content\\\/uploads\\\/2020\\\/04\\\/logo-retina.png\",\"width\":478,\"height\":120,\"caption\":\"Proagro\"},\"image\":{\"@id\":\"https:\\\/\\\/proagrolab.com.ar\\\/#\\\/schema\\\/logo\\\/image\\\/\"},\"sameAs\":[\"http:\\\/\\\/www.facebook.com\\\/proagrolab\",\"https:\\\/\\\/www.instagram.com\\\/proagrolab\\\/\",\"https:\\\/\\\/www.linkedin.com\\\/company\\\/laboratorio-proagro-s-a\\\/\"]},{\"@type\":\"Person\",\"@id\":\"https:\\\/\\\/proagrolab.com.ar\\\/#\\\/schema\\\/person\\\/38003ff90bf80381f71c7d922d207444\",\"name\":\"proagrolab\"}]}<\/script>\n<!-- \/ Yoast SEO plugin. -->","yoast_head_json":{"title":"El Gobierno gener\u00f3 esta enorme distorsi\u00f3n en los precios relativos. | Proagro","robots":{"index":"index","follow":"follow","max-snippet":"max-snippet:-1","max-image-preview":"max-image-preview:large","max-video-preview":"max-video-preview:-1"},"canonical":"https:\/\/proagrolab.com.ar\/en\/el-gobierno-genero-esta-enorme-distorsion-en-los-precios-relativos\/","og_locale":"en_US","og_type":"article","og_title":"El Gobierno gener\u00f3 esta enorme distorsi\u00f3n en los precios relativos. | Proagro","og_description":"As\u00ed lo afirm\u00f3 Hugo Biolcati en Radio Mitre al ser consultado sobre el alto precio de la leche en g\u00f3ndola. &#8220;La leche de Argentina es lejos la m\u00e1s cara del mundo&#8221;, enfatiz\u00f3 el ex presidente de la Sociedad Rural y productor lechero, Hugo Biolcati. En di\u00e1logo con Radio Mitre, el dirigente rural habl\u00f3 sobre la noticia que public\u00f3 el diario \u00c1mbito Financiero respecto a que mientras la leche nacional se consigue entre $8,50 y los $10,50; en Londres sale $6,59; en Espa\u00f1a $6,84 y en EE.UU, $8,48, tomando en cuenta el d\u00f3lar blue. &#8220;Toda la pol\u00edtica agropecuaria de este Gobierno ha llevado a esta enorme distorsi\u00f3n en los precios relativos&#8221;, enfatiz\u00f3 Biolcati. En cambio, insisti\u00f3, &#8220;al productor se le est\u00e1 pagando la leche m\u00e1s barata del mundo. Producimos la leche con el menor precio comparado del mundo&#8221;. El dirigente apunt\u00f3 que se trata de la misma distorsi\u00f3n de valores que se produjo en la industria local del trigo y de la carne, &#8220;por la pol\u00edtica intervencionista y destructora de los mercados que lleva adelante este Gobierno hace m\u00e1s de siete a\u00f1os&#8221;. Para \u00e9l, la diferencia por esta distorsi\u00f3n de precios &#8220;se la lleva fundamentalmente el Estado, la cadena de producci\u00f3n [&hellip;]","og_url":"https:\/\/proagrolab.com.ar\/el-gobierno-genero-esta-enorme-distorsion-en-los-precios-relativos\/","og_site_name":"Proagro","article_publisher":"http:\/\/www.facebook.com\/proagrolab","article_published_time":"2013-08-02T00:00:01+00:00","og_image":[{"width":450,"height":208,"url":"https:\/\/proagrolab.com.ar\/wp-content\/uploads\/2015\/01\/g_t61x6596q__Lecheras-13.jpg","type":"image\/jpeg"}],"author":"proagrolab","twitter_card":"summary_large_image","twitter_misc":{"Written by":"proagrolab","Est. reading time":"1 minute"},"schema":{"@context":"https:\/\/schema.org","@graph":[{"@type":"Article","@id":"https:\/\/proagrolab.com.ar\/el-gobierno-genero-esta-enorme-distorsion-en-los-precios-relativos\/#article","isPartOf":{"@id":"https:\/\/proagrolab.com.ar\/el-gobierno-genero-esta-enorme-distorsion-en-los-precios-relativos\/"},"author":{"name":"proagrolab","@id":"https:\/\/proagrolab.com.ar\/#\/schema\/person\/38003ff90bf80381f71c7d922d207444"},"headline":"El Gobierno gener\u00f3 esta enorme distorsi\u00f3n en los precios relativos.","datePublished":"2013-08-02T00:00:01+00:00","mainEntityOfPage":{"@id":"https:\/\/proagrolab.com.ar\/el-gobierno-genero-esta-enorme-distorsion-en-los-precios-relativos\/"},"wordCount":228,"publisher":{"@id":"https:\/\/proagrolab.com.ar\/#organization"},"image":{"@id":"https:\/\/proagrolab.com.ar\/el-gobierno-genero-esta-enorme-distorsion-en-los-precios-relativos\/#primaryimage"},"thumbnailUrl":"https:\/\/proagrolab.com.ar\/wp-content\/uploads\/2015\/01\/g_t61x6596q__Lecheras-13.jpg","articleSection":["News"],"inLanguage":"en-US"},{"@type":"WebPage","@id":"https:\/\/proagrolab.com.ar\/el-gobierno-genero-esta-enorme-distorsion-en-los-precios-relativos\/","url":"https:\/\/proagrolab.com.ar\/el-gobierno-genero-esta-enorme-distorsion-en-los-precios-relativos\/","name":"El Gobierno gener\u00f3 esta enorme distorsi\u00f3n en los precios relativos. | Proagro","isPartOf":{"@id":"https:\/\/proagrolab.com.ar\/#website"},"primaryImageOfPage":{"@id":"https:\/\/proagrolab.com.ar\/el-gobierno-genero-esta-enorme-distorsion-en-los-precios-relativos\/#primaryimage"},"image":{"@id":"https:\/\/proagrolab.com.ar\/el-gobierno-genero-esta-enorme-distorsion-en-los-precios-relativos\/#primaryimage"},"thumbnailUrl":"https:\/\/proagrolab.com.ar\/wp-content\/uploads\/2015\/01\/g_t61x6596q__Lecheras-13.jpg","datePublished":"2013-08-02T00:00:01+00:00","breadcrumb":{"@id":"https:\/\/proagrolab.com.ar\/el-gobierno-genero-esta-enorme-distorsion-en-los-precios-relativos\/#breadcrumb"},"inLanguage":"en-US","potentialAction":[{"@type":"ReadAction","target":["https:\/\/proagrolab.com.ar\/el-gobierno-genero-esta-enorme-distorsion-en-los-precios-relativos\/"]}]},{"@type":"ImageObject","inLanguage":"en-US","@id":"https:\/\/proagrolab.com.ar\/el-gobierno-genero-esta-enorme-distorsion-en-los-precios-relativos\/#primaryimage","url":"https:\/\/proagrolab.com.ar\/wp-content\/uploads\/2015\/01\/g_t61x6596q__Lecheras-13.jpg","contentUrl":"https:\/\/proagrolab.com.ar\/wp-content\/uploads\/2015\/01\/g_t61x6596q__Lecheras-13.jpg","width":450,"height":208},{"@type":"BreadcrumbList","@id":"https:\/\/proagrolab.com.ar\/el-gobierno-genero-esta-enorme-distorsion-en-los-precios-relativos\/#breadcrumb","itemListElement":[{"@type":"ListItem","position":1,"name":"Portada","item":"https:\/\/proagrolab.com.ar\/"},{"@type":"ListItem","position":2,"name":"El Gobierno gener\u00f3 esta enorme distorsi\u00f3n en los precios relativos."}]},{"@type":"WebSite","@id":"https:\/\/proagrolab.com.ar\/#website","url":"https:\/\/proagrolab.com.ar\/","name":"Proagro Laboratorio Veterinario","description":"Veterinary laboratory","publisher":{"@id":"https:\/\/proagrolab.com.ar\/#organization"},"potentialAction":[{"@type":"SearchAction","target":{"@type":"EntryPoint","urlTemplate":"https:\/\/proagrolab.com.ar\/?s={search_term_string}"},"query-input":{"@type":"PropertyValueSpecification","valueRequired":true,"valueName":"search_term_string"}}],"inLanguage":"en-US"},{"@type":"Organization","@id":"https:\/\/proagrolab.com.ar\/#organization","name":"Proagro","url":"https:\/\/proagrolab.com.ar\/","logo":{"@type":"ImageObject","inLanguage":"en-US","@id":"https:\/\/proagrolab.com.ar\/#\/schema\/logo\/image\/","url":"https:\/\/proagrolab.com.ar\/wp-content\/uploads\/2020\/04\/logo-retina.png","contentUrl":"https:\/\/proagrolab.com.ar\/wp-content\/uploads\/2020\/04\/logo-retina.png","width":478,"height":120,"caption":"Proagro"},"image":{"@id":"https:\/\/proagrolab.com.ar\/#\/schema\/logo\/image\/"},"sameAs":["http:\/\/www.facebook.com\/proagrolab","https:\/\/www.instagram.com\/proagrolab\/","https:\/\/www.linkedin.com\/company\/laboratorio-proagro-s-a\/"]},{"@type":"Person","@id":"https:\/\/proagrolab.com.ar\/#\/schema\/person\/38003ff90bf80381f71c7d922d207444","name":"proagrolab"}]}},"_links":{"self":[{"href":"https:\/\/proagrolab.com.ar\/en\/wp-json\/wp\/v2\/posts\/5596","targetHints":{"allow":["GET"]}}],"collection":[{"href":"https:\/\/proagrolab.com.ar\/en\/wp-json\/wp\/v2\/posts"}],"about":[{"href":"https:\/\/proagrolab.com.ar\/en\/wp-json\/wp\/v2\/types\/post"}],"author":[{"embeddable":true,"href":"https:\/\/proagrolab.com.ar\/en\/wp-json\/wp\/v2\/users\/2"}],"replies":[{"embeddable":true,"href":"https:\/\/proagrolab.com.ar\/en\/wp-json\/wp\/v2\/comments?post=5596"}],"version-history":[{"count":0,"href":"https:\/\/proagrolab.com.ar\/en\/wp-json\/wp\/v2\/posts\/5596\/revisions"}],"wp:featuredmedia":[{"embeddable":true,"href":"https:\/\/proagrolab.com.ar\/en\/wp-json\/wp\/v2\/media\/2090"}],"wp:attachment":[{"href":"https:\/\/proagrolab.com.ar\/en\/wp-json\/wp\/v2\/media?parent=5596"}],"wp:term":[{"taxonomy":"category","embeddable":true,"href":"https:\/\/proagrolab.com.ar\/en\/wp-json\/wp\/v2\/categories?post=5596"},{"taxonomy":"post_tag","embeddable":true,"href":"https:\/\/proagrolab.com.ar\/en\/wp-json\/wp\/v2\/tags?post=5596"}],"curies":[{"name":"wp","href":"https:\/\/api.w.org\/{rel}","templated":true}]}}