{"id":5594,"date":"2013-08-02T00:00:01","date_gmt":"2013-08-02T00:00:01","guid":{"rendered":"https:\/\/proagrolab.com.ar\/piden-que-se-normalicen-las-exportaciones-de-carne\/"},"modified":"2013-08-02T00:00:01","modified_gmt":"2013-08-02T00:00:01","slug":"piden-que-se-normalicen-las-exportaciones-de-carne","status":"publish","type":"post","link":"https:\/\/proagrolab.com.ar\/en\/piden-que-se-normalicen-las-exportaciones-de-carne\/","title":{"rendered":"Piden que se normalicen las exportaciones de carne."},"content":{"rendered":"<p class=\"qtranxs-available-languages-message qtranxs-available-languages-message-en\"> <\/p><p>Santiago Doval, presidente de la C\u00e1mara Argentina de Feedlot estim\u00f3 necesario normalizar las exportaciones de carne para evitar la volatilidad de los precios dado que &#8220;es un beneficio que llega a toda la cadena&#8221;.<\/p>\n<p>La ocupaci\u00f3n de los feed-lots con ganado para engordar alcanza el 60% y se espera mantener ese promedio en el segundo semestre del a\u00f1o para no resentir la cadena de la carne, asegur\u00f3 el presidente de la C\u00e1mara Argentina de Feedlot, Santiago Doval.<\/p>\n<p>El empresario tambi\u00e9n estim\u00f3 necesario normalizar las exportaciones de carne para evitar la volatilidad de los precios dado que &#8220;es un beneficio que llega a toda la cadena&#8221; y aclar\u00f3 que al criador &#8220;le servir\u00eda un precio mayor del ganado en pie, pero al igual que el gordo viene pisado hace dos a\u00f1os&#8221;.<\/p>\n<p>Doval asegur\u00f3 que tienen &#8220;muchas expectativas respecto de lo que pueda ocurrir en el segundo tramo del a\u00f1o&#8221; y a\u00f1adi\u00f3 que &#8220;la estrategia es preparar a los socios para evitar que se repita el escenario vivido en el ciclo 2012, cuando hubo una gran oferta y un quebranto por la baja de precio de salida de los feedlots&#8221;.<\/p>\n<p>De todas formas, el dirigente reconoci\u00f3 que en el orden nacional se espera un leve repunte de la ocupaci\u00f3n de los corrales por parte de quienes no est\u00e1n asociados a la entidad.<\/p>\n<p>El empresario explic\u00f3 que el negocio de la actividad &#8220;depende del precio de entrada y de salida de los animales tomados para engordar&#8221;.<\/p>\n<p>&#8220;En el primer semestre del a\u00f1o los valores de invernada, animal flaco (se vende para engordar), se ubicaron entre $y $ 11, y el precio del gordo qued\u00f3 entre $ 10 y $ 12. Esto permiti\u00f3 asegurar m\u00e1rgenes y trabajar con valores normales; el problema es cuando se desajusta esa relaci\u00f3n entre el precio de la invernada y del gordo&#8221;, subray\u00f3.<\/p>\n<p>En este sentido, Doval reconoci\u00f3 que al criador le servir\u00eda un precio mayor, el del ganado gordo tambi\u00e9n est\u00e1 pisado desde hace dos a\u00f1os. &#8220;Si al criador no le sirve este precio, producir\u00e1 menos terneros; nosotros vamos a producir menos gordo y en el alg\u00fan momento la oferta se va a achicar y se reflejar\u00e1 en una suba del valor ofrecido por la hacienda en pie&#8221;, reflexion\u00f3.<\/p>\n<p>Seg\u00fan public\u00f3 \u00c1mbito Financiero, respecto de la estrategia de la entidad, el empresario asegur\u00f3 que desde la C\u00e1mara &#8220;se busca trabajar en positivo para que la torta crezca para todos, se agrande v\u00eda la exportaci\u00f3n y evitar as\u00ed comerse entre los mismos actores del mercado&#8221;.<\/p>\n<p>En relaci\u00f3n con c\u00f3mo podr\u00eda afectar la liquidaci\u00f3n de vientres a la actividad, indic\u00f3: &#8220;Si se liquidan las vacas porque los precios se deprimen, se producir\u00e1 una gran oferta en el corto plazo por una mayor cantidad de vacas, los precios se deprimir\u00e1n y, cuando lleguen a un piso, rebotar\u00e1n. Seguido a eso, comenzar\u00e1n a subir, los productores retendr\u00e1n vientres y se acentuar\u00e1n las subas, por tratarse de un mercado muy vol\u00e1til&#8221;.<\/p>\n<p>Al respecto, agreg\u00f3 que esto no les servir\u00e1 al engordador, al supermercado ni a las carnicer\u00edas, porque luego se tarda mucho en ajustar los precios de transferencia entre una parte de la cadena y la que sigue.<\/p>\n<p>Estim\u00f3, asimismo, que si hay una baja en la hacienda, al consumidor no le llega, &#8220;porque con ese margen se queda el minorista y si sube el costo lo ajusta, pero no funciona a la inversa&#8221;.<\/p>\n<p>&#8220;Para evitar esa volatilidad que se vive en el sector, la \u00fanica manera de poder crecer y que el criador reciba un buen precio se logra con mercados que sostengan ciertos niveles de valores. Si se pudiera exportar m\u00e1s, para nosotros ser\u00eda la salida y as\u00ed se evitar\u00eda una nueva crisis y una nueva liquidaci\u00f3n de vientres&#8221;, a\u00f1adi\u00f3 Doval.<\/p>\n<p>Adem\u00e1s, prosigui\u00f3: &#8220;La Argentina no accede a los mercados de valor que nos permitir\u00edan subirnos otra vez al tren de la competencia mundial de carne, como Europa, bloque al que se podr\u00eda ingresar con la denominada cuota 481, libre de arancel, por la que se paga hasta u$s 8 mil la tonelada y nuestro pa\u00eds no puede llegar a ellos porque no est\u00e1 habilitada&#8221;.<\/p>\n<p>&#8220;En cambio, la Cuota Hilton hoy ingresa a la Uni\u00f3n Europea con un arancel del 20%, con lo cual pas\u00f3 a ser un mercado de segunda, mientras que el resto denuestros competidores accede a esos mercados con animales de otra gen\u00e9tica, pero cumple con el requisito que pide la cuota 481, animales engordados a corral, con un m\u00ednimo de cien d\u00edas y una determinada edad&#8221;, a\u00f1adi\u00f3.<\/p>\n<p>Fuente: Infocampo, 29 de julio.<br \/><\/p>","protected":false},"excerpt":{"rendered":"<p>Santiago Doval, presidente de la C\u00e1mara Argentina de Feedlot estim\u00f3 necesario normalizar las exportaciones de carne para evitar la volatilidad de los precios dado que &#8220;es un beneficio que llega a toda la cadena&#8221;. La ocupaci\u00f3n de los feed-lots con ganado para engordar alcanza el 60% y se espera mantener ese promedio en el segundo semestre del a\u00f1o para no resentir la cadena de la carne, asegur\u00f3 el presidente de la C\u00e1mara Argentina de Feedlot, Santiago Doval. El empresario tambi\u00e9n estim\u00f3 necesario normalizar las exportaciones de carne para evitar la volatilidad de los precios dado que &#8220;es un beneficio que llega a toda la cadena&#8221; y aclar\u00f3 que al criador &#8220;le servir\u00eda un precio mayor del ganado en pie, pero al igual que el gordo viene pisado hace dos a\u00f1os&#8221;. Doval asegur\u00f3 que tienen &#8220;muchas expectativas respecto de lo que pueda ocurrir en el segundo tramo del a\u00f1o&#8221; y a\u00f1adi\u00f3 que &#8220;la estrategia es preparar a los socios para evitar que se repita el escenario vivido en el ciclo 2012, cuando hubo una gran oferta y un quebranto por la baja de precio de salida de los feedlots&#8221;. De todas formas, el dirigente reconoci\u00f3 que en el orden nacional se [&hellip;]<\/p>\n","protected":false},"author":2,"featured_media":2088,"comment_status":"closed","ping_status":"open","sticky":false,"template":"","format":"standard","meta":{"_acf_changed":false,"footnotes":""},"categories":[56],"tags":[],"class_list":["post-5594","post","type-post","status-publish","format-standard","has-post-thumbnail","hentry","category-infoganadero"],"acf":[],"yoast_head":"<!-- This site is optimized with the Yoast SEO plugin v27.5 - https:\/\/yoast.com\/product\/yoast-seo-wordpress\/ -->\n<title>Piden que se normalicen las exportaciones de carne. | Proagro<\/title>\n<meta name=\"robots\" content=\"index, follow, max-snippet:-1, max-image-preview:large, max-video-preview:-1\" \/>\n<link rel=\"canonical\" href=\"https:\/\/proagrolab.com.ar\/en\/piden-que-se-normalicen-las-exportaciones-de-carne\/\" \/>\n<meta property=\"og:locale\" content=\"en_US\" \/>\n<meta property=\"og:type\" content=\"article\" \/>\n<meta property=\"og:title\" content=\"Piden que se normalicen las exportaciones de carne. | Proagro\" \/>\n<meta property=\"og:description\" content=\"Santiago Doval, presidente de la C\u00e1mara Argentina de Feedlot estim\u00f3 necesario normalizar las exportaciones de carne para evitar la volatilidad de los precios dado que &#8220;es un beneficio que llega a toda la cadena&#8221;. La ocupaci\u00f3n de los feed-lots con ganado para engordar alcanza el 60% y se espera mantener ese promedio en el segundo semestre del a\u00f1o para no resentir la cadena de la carne, asegur\u00f3 el presidente de la C\u00e1mara Argentina de Feedlot, Santiago Doval. El empresario tambi\u00e9n estim\u00f3 necesario normalizar las exportaciones de carne para evitar la volatilidad de los precios dado que &#8220;es un beneficio que llega a toda la cadena&#8221; y aclar\u00f3 que al criador &#8220;le servir\u00eda un precio mayor del ganado en pie, pero al igual que el gordo viene pisado hace dos a\u00f1os&#8221;. Doval asegur\u00f3 que tienen &#8220;muchas expectativas respecto de lo que pueda ocurrir en el segundo tramo del a\u00f1o&#8221; y a\u00f1adi\u00f3 que &#8220;la estrategia es preparar a los socios para evitar que se repita el escenario vivido en el ciclo 2012, cuando hubo una gran oferta y un quebranto por la baja de precio de salida de los feedlots&#8221;. De todas formas, el dirigente reconoci\u00f3 que en el orden nacional se [&hellip;]\" \/>\n<meta property=\"og:url\" content=\"https:\/\/proagrolab.com.ar\/piden-que-se-normalicen-las-exportaciones-de-carne\/\" \/>\n<meta property=\"og:site_name\" content=\"Proagro\" \/>\n<meta property=\"article:publisher\" content=\"http:\/\/www.facebook.com\/proagrolab\" \/>\n<meta property=\"article:published_time\" content=\"2013-08-02T00:00:01+00:00\" \/>\n<meta property=\"og:image\" content=\"https:\/\/proagrolab.com.ar\/wp-content\/uploads\/2015\/01\/g_tx82y0e02__Frigor\u00edfico-2.jpg\" \/>\n\t<meta property=\"og:image:width\" content=\"1\" \/>\n\t<meta property=\"og:image:height\" content=\"1\" \/>\n\t<meta property=\"og:image:type\" content=\"image\/jpeg\" \/>\n<meta name=\"author\" content=\"proagrolab\" \/>\n<meta name=\"twitter:card\" content=\"summary_large_image\" \/>\n<meta name=\"twitter:label1\" content=\"Written by\" \/>\n\t<meta name=\"twitter:data1\" content=\"proagrolab\" \/>\n\t<meta name=\"twitter:label2\" content=\"Est. reading time\" \/>\n\t<meta name=\"twitter:data2\" content=\"4 minutes\" \/>\n<script type=\"application\/ld+json\" class=\"yoast-schema-graph\">{\"@context\":\"https:\\\/\\\/schema.org\",\"@graph\":[{\"@type\":\"Article\",\"@id\":\"https:\\\/\\\/proagrolab.com.ar\\\/piden-que-se-normalicen-las-exportaciones-de-carne\\\/#article\",\"isPartOf\":{\"@id\":\"https:\\\/\\\/proagrolab.com.ar\\\/piden-que-se-normalicen-las-exportaciones-de-carne\\\/\"},\"author\":{\"name\":\"proagrolab\",\"@id\":\"https:\\\/\\\/proagrolab.com.ar\\\/#\\\/schema\\\/person\\\/38003ff90bf80381f71c7d922d207444\"},\"headline\":\"Piden que se normalicen las exportaciones de carne.\",\"datePublished\":\"2013-08-02T00:00:01+00:00\",\"mainEntityOfPage\":{\"@id\":\"https:\\\/\\\/proagrolab.com.ar\\\/piden-que-se-normalicen-las-exportaciones-de-carne\\\/\"},\"wordCount\":798,\"publisher\":{\"@id\":\"https:\\\/\\\/proagrolab.com.ar\\\/#organization\"},\"image\":{\"@id\":\"https:\\\/\\\/proagrolab.com.ar\\\/piden-que-se-normalicen-las-exportaciones-de-carne\\\/#primaryimage\"},\"thumbnailUrl\":\"https:\\\/\\\/proagrolab.com.ar\\\/wp-content\\\/uploads\\\/2015\\\/01\\\/g_tx82y0e02__Frigor\u00edfico-2.jpg\",\"articleSection\":[\"News\"],\"inLanguage\":\"en-US\"},{\"@type\":\"WebPage\",\"@id\":\"https:\\\/\\\/proagrolab.com.ar\\\/piden-que-se-normalicen-las-exportaciones-de-carne\\\/\",\"url\":\"https:\\\/\\\/proagrolab.com.ar\\\/piden-que-se-normalicen-las-exportaciones-de-carne\\\/\",\"name\":\"Piden que se normalicen las exportaciones de carne. | Proagro\",\"isPartOf\":{\"@id\":\"https:\\\/\\\/proagrolab.com.ar\\\/#website\"},\"primaryImageOfPage\":{\"@id\":\"https:\\\/\\\/proagrolab.com.ar\\\/piden-que-se-normalicen-las-exportaciones-de-carne\\\/#primaryimage\"},\"image\":{\"@id\":\"https:\\\/\\\/proagrolab.com.ar\\\/piden-que-se-normalicen-las-exportaciones-de-carne\\\/#primaryimage\"},\"thumbnailUrl\":\"https:\\\/\\\/proagrolab.com.ar\\\/wp-content\\\/uploads\\\/2015\\\/01\\\/g_tx82y0e02__Frigor\u00edfico-2.jpg\",\"datePublished\":\"2013-08-02T00:00:01+00:00\",\"breadcrumb\":{\"@id\":\"https:\\\/\\\/proagrolab.com.ar\\\/piden-que-se-normalicen-las-exportaciones-de-carne\\\/#breadcrumb\"},\"inLanguage\":\"en-US\",\"potentialAction\":[{\"@type\":\"ReadAction\",\"target\":[\"https:\\\/\\\/proagrolab.com.ar\\\/piden-que-se-normalicen-las-exportaciones-de-carne\\\/\"]}]},{\"@type\":\"ImageObject\",\"inLanguage\":\"en-US\",\"@id\":\"https:\\\/\\\/proagrolab.com.ar\\\/piden-que-se-normalicen-las-exportaciones-de-carne\\\/#primaryimage\",\"url\":\"https:\\\/\\\/proagrolab.com.ar\\\/wp-content\\\/uploads\\\/2015\\\/01\\\/g_tx82y0e02__Frigor\u00edfico-2.jpg\",\"contentUrl\":\"https:\\\/\\\/proagrolab.com.ar\\\/wp-content\\\/uploads\\\/2015\\\/01\\\/g_tx82y0e02__Frigor\u00edfico-2.jpg\"},{\"@type\":\"BreadcrumbList\",\"@id\":\"https:\\\/\\\/proagrolab.com.ar\\\/piden-que-se-normalicen-las-exportaciones-de-carne\\\/#breadcrumb\",\"itemListElement\":[{\"@type\":\"ListItem\",\"position\":1,\"name\":\"Portada\",\"item\":\"https:\\\/\\\/proagrolab.com.ar\\\/\"},{\"@type\":\"ListItem\",\"position\":2,\"name\":\"Piden que se normalicen las exportaciones de carne.\"}]},{\"@type\":\"WebSite\",\"@id\":\"https:\\\/\\\/proagrolab.com.ar\\\/#website\",\"url\":\"https:\\\/\\\/proagrolab.com.ar\\\/\",\"name\":\"Proagro Laboratorio Veterinario\",\"description\":\"Veterinary laboratory\",\"publisher\":{\"@id\":\"https:\\\/\\\/proagrolab.com.ar\\\/#organization\"},\"potentialAction\":[{\"@type\":\"SearchAction\",\"target\":{\"@type\":\"EntryPoint\",\"urlTemplate\":\"https:\\\/\\\/proagrolab.com.ar\\\/?s={search_term_string}\"},\"query-input\":{\"@type\":\"PropertyValueSpecification\",\"valueRequired\":true,\"valueName\":\"search_term_string\"}}],\"inLanguage\":\"en-US\"},{\"@type\":\"Organization\",\"@id\":\"https:\\\/\\\/proagrolab.com.ar\\\/#organization\",\"name\":\"Proagro\",\"url\":\"https:\\\/\\\/proagrolab.com.ar\\\/\",\"logo\":{\"@type\":\"ImageObject\",\"inLanguage\":\"en-US\",\"@id\":\"https:\\\/\\\/proagrolab.com.ar\\\/#\\\/schema\\\/logo\\\/image\\\/\",\"url\":\"https:\\\/\\\/proagrolab.com.ar\\\/wp-content\\\/uploads\\\/2020\\\/04\\\/logo-retina.png\",\"contentUrl\":\"https:\\\/\\\/proagrolab.com.ar\\\/wp-content\\\/uploads\\\/2020\\\/04\\\/logo-retina.png\",\"width\":478,\"height\":120,\"caption\":\"Proagro\"},\"image\":{\"@id\":\"https:\\\/\\\/proagrolab.com.ar\\\/#\\\/schema\\\/logo\\\/image\\\/\"},\"sameAs\":[\"http:\\\/\\\/www.facebook.com\\\/proagrolab\",\"https:\\\/\\\/www.instagram.com\\\/proagrolab\\\/\",\"https:\\\/\\\/www.linkedin.com\\\/company\\\/laboratorio-proagro-s-a\\\/\"]},{\"@type\":\"Person\",\"@id\":\"https:\\\/\\\/proagrolab.com.ar\\\/#\\\/schema\\\/person\\\/38003ff90bf80381f71c7d922d207444\",\"name\":\"proagrolab\"}]}<\/script>\n<!-- \/ Yoast SEO plugin. -->","yoast_head_json":{"title":"Piden que se normalicen las exportaciones de carne. | Proagro","robots":{"index":"index","follow":"follow","max-snippet":"max-snippet:-1","max-image-preview":"max-image-preview:large","max-video-preview":"max-video-preview:-1"},"canonical":"https:\/\/proagrolab.com.ar\/en\/piden-que-se-normalicen-las-exportaciones-de-carne\/","og_locale":"en_US","og_type":"article","og_title":"Piden que se normalicen las exportaciones de carne. | Proagro","og_description":"Santiago Doval, presidente de la C\u00e1mara Argentina de Feedlot estim\u00f3 necesario normalizar las exportaciones de carne para evitar la volatilidad de los precios dado que &#8220;es un beneficio que llega a toda la cadena&#8221;. La ocupaci\u00f3n de los feed-lots con ganado para engordar alcanza el 60% y se espera mantener ese promedio en el segundo semestre del a\u00f1o para no resentir la cadena de la carne, asegur\u00f3 el presidente de la C\u00e1mara Argentina de Feedlot, Santiago Doval. El empresario tambi\u00e9n estim\u00f3 necesario normalizar las exportaciones de carne para evitar la volatilidad de los precios dado que &#8220;es un beneficio que llega a toda la cadena&#8221; y aclar\u00f3 que al criador &#8220;le servir\u00eda un precio mayor del ganado en pie, pero al igual que el gordo viene pisado hace dos a\u00f1os&#8221;. Doval asegur\u00f3 que tienen &#8220;muchas expectativas respecto de lo que pueda ocurrir en el segundo tramo del a\u00f1o&#8221; y a\u00f1adi\u00f3 que &#8220;la estrategia es preparar a los socios para evitar que se repita el escenario vivido en el ciclo 2012, cuando hubo una gran oferta y un quebranto por la baja de precio de salida de los feedlots&#8221;. De todas formas, el dirigente reconoci\u00f3 que en el orden nacional se [&hellip;]","og_url":"https:\/\/proagrolab.com.ar\/piden-que-se-normalicen-las-exportaciones-de-carne\/","og_site_name":"Proagro","article_publisher":"http:\/\/www.facebook.com\/proagrolab","article_published_time":"2013-08-02T00:00:01+00:00","og_image":[{"url":"https:\/\/proagrolab.com.ar\/wp-content\/uploads\/2015\/01\/g_tx82y0e02__Frigor\u00edfico-2.jpg","width":1,"height":1,"type":"image\/jpeg"}],"author":"proagrolab","twitter_card":"summary_large_image","twitter_misc":{"Written by":"proagrolab","Est. reading time":"4 minutes"},"schema":{"@context":"https:\/\/schema.org","@graph":[{"@type":"Article","@id":"https:\/\/proagrolab.com.ar\/piden-que-se-normalicen-las-exportaciones-de-carne\/#article","isPartOf":{"@id":"https:\/\/proagrolab.com.ar\/piden-que-se-normalicen-las-exportaciones-de-carne\/"},"author":{"name":"proagrolab","@id":"https:\/\/proagrolab.com.ar\/#\/schema\/person\/38003ff90bf80381f71c7d922d207444"},"headline":"Piden que se normalicen las exportaciones de carne.","datePublished":"2013-08-02T00:00:01+00:00","mainEntityOfPage":{"@id":"https:\/\/proagrolab.com.ar\/piden-que-se-normalicen-las-exportaciones-de-carne\/"},"wordCount":798,"publisher":{"@id":"https:\/\/proagrolab.com.ar\/#organization"},"image":{"@id":"https:\/\/proagrolab.com.ar\/piden-que-se-normalicen-las-exportaciones-de-carne\/#primaryimage"},"thumbnailUrl":"https:\/\/proagrolab.com.ar\/wp-content\/uploads\/2015\/01\/g_tx82y0e02__Frigor\u00edfico-2.jpg","articleSection":["News"],"inLanguage":"en-US"},{"@type":"WebPage","@id":"https:\/\/proagrolab.com.ar\/piden-que-se-normalicen-las-exportaciones-de-carne\/","url":"https:\/\/proagrolab.com.ar\/piden-que-se-normalicen-las-exportaciones-de-carne\/","name":"Piden que se normalicen las exportaciones de carne. | Proagro","isPartOf":{"@id":"https:\/\/proagrolab.com.ar\/#website"},"primaryImageOfPage":{"@id":"https:\/\/proagrolab.com.ar\/piden-que-se-normalicen-las-exportaciones-de-carne\/#primaryimage"},"image":{"@id":"https:\/\/proagrolab.com.ar\/piden-que-se-normalicen-las-exportaciones-de-carne\/#primaryimage"},"thumbnailUrl":"https:\/\/proagrolab.com.ar\/wp-content\/uploads\/2015\/01\/g_tx82y0e02__Frigor\u00edfico-2.jpg","datePublished":"2013-08-02T00:00:01+00:00","breadcrumb":{"@id":"https:\/\/proagrolab.com.ar\/piden-que-se-normalicen-las-exportaciones-de-carne\/#breadcrumb"},"inLanguage":"en-US","potentialAction":[{"@type":"ReadAction","target":["https:\/\/proagrolab.com.ar\/piden-que-se-normalicen-las-exportaciones-de-carne\/"]}]},{"@type":"ImageObject","inLanguage":"en-US","@id":"https:\/\/proagrolab.com.ar\/piden-que-se-normalicen-las-exportaciones-de-carne\/#primaryimage","url":"https:\/\/proagrolab.com.ar\/wp-content\/uploads\/2015\/01\/g_tx82y0e02__Frigor\u00edfico-2.jpg","contentUrl":"https:\/\/proagrolab.com.ar\/wp-content\/uploads\/2015\/01\/g_tx82y0e02__Frigor\u00edfico-2.jpg"},{"@type":"BreadcrumbList","@id":"https:\/\/proagrolab.com.ar\/piden-que-se-normalicen-las-exportaciones-de-carne\/#breadcrumb","itemListElement":[{"@type":"ListItem","position":1,"name":"Portada","item":"https:\/\/proagrolab.com.ar\/"},{"@type":"ListItem","position":2,"name":"Piden que se normalicen las exportaciones de carne."}]},{"@type":"WebSite","@id":"https:\/\/proagrolab.com.ar\/#website","url":"https:\/\/proagrolab.com.ar\/","name":"Proagro Laboratorio Veterinario","description":"Veterinary laboratory","publisher":{"@id":"https:\/\/proagrolab.com.ar\/#organization"},"potentialAction":[{"@type":"SearchAction","target":{"@type":"EntryPoint","urlTemplate":"https:\/\/proagrolab.com.ar\/?s={search_term_string}"},"query-input":{"@type":"PropertyValueSpecification","valueRequired":true,"valueName":"search_term_string"}}],"inLanguage":"en-US"},{"@type":"Organization","@id":"https:\/\/proagrolab.com.ar\/#organization","name":"Proagro","url":"https:\/\/proagrolab.com.ar\/","logo":{"@type":"ImageObject","inLanguage":"en-US","@id":"https:\/\/proagrolab.com.ar\/#\/schema\/logo\/image\/","url":"https:\/\/proagrolab.com.ar\/wp-content\/uploads\/2020\/04\/logo-retina.png","contentUrl":"https:\/\/proagrolab.com.ar\/wp-content\/uploads\/2020\/04\/logo-retina.png","width":478,"height":120,"caption":"Proagro"},"image":{"@id":"https:\/\/proagrolab.com.ar\/#\/schema\/logo\/image\/"},"sameAs":["http:\/\/www.facebook.com\/proagrolab","https:\/\/www.instagram.com\/proagrolab\/","https:\/\/www.linkedin.com\/company\/laboratorio-proagro-s-a\/"]},{"@type":"Person","@id":"https:\/\/proagrolab.com.ar\/#\/schema\/person\/38003ff90bf80381f71c7d922d207444","name":"proagrolab"}]}},"_links":{"self":[{"href":"https:\/\/proagrolab.com.ar\/en\/wp-json\/wp\/v2\/posts\/5594","targetHints":{"allow":["GET"]}}],"collection":[{"href":"https:\/\/proagrolab.com.ar\/en\/wp-json\/wp\/v2\/posts"}],"about":[{"href":"https:\/\/proagrolab.com.ar\/en\/wp-json\/wp\/v2\/types\/post"}],"author":[{"embeddable":true,"href":"https:\/\/proagrolab.com.ar\/en\/wp-json\/wp\/v2\/users\/2"}],"replies":[{"embeddable":true,"href":"https:\/\/proagrolab.com.ar\/en\/wp-json\/wp\/v2\/comments?post=5594"}],"version-history":[{"count":0,"href":"https:\/\/proagrolab.com.ar\/en\/wp-json\/wp\/v2\/posts\/5594\/revisions"}],"wp:featuredmedia":[{"embeddable":true,"href":"https:\/\/proagrolab.com.ar\/en\/wp-json\/wp\/v2\/media\/2088"}],"wp:attachment":[{"href":"https:\/\/proagrolab.com.ar\/en\/wp-json\/wp\/v2\/media?parent=5594"}],"wp:term":[{"taxonomy":"category","embeddable":true,"href":"https:\/\/proagrolab.com.ar\/en\/wp-json\/wp\/v2\/categories?post=5594"},{"taxonomy":"post_tag","embeddable":true,"href":"https:\/\/proagrolab.com.ar\/en\/wp-json\/wp\/v2\/tags?post=5594"}],"curies":[{"name":"wp","href":"https:\/\/api.w.org\/{rel}","templated":true}]}}