{"id":5593,"date":"2013-08-02T00:00:01","date_gmt":"2013-08-02T00:00:01","guid":{"rendered":"https:\/\/proagrolab.com.ar\/entre-rios-analizaron-temas-de-tuberculosis-bovina-y-registro-de-tratamientos-en-animales\/"},"modified":"2013-08-02T00:00:01","modified_gmt":"2013-08-02T00:00:01","slug":"entre-rios-analizaron-temas-de-tuberculosis-bovina-y-registro-de-tratamientos-en-animales","status":"publish","type":"post","link":"https:\/\/proagrolab.com.ar\/en\/entre-rios-analizaron-temas-de-tuberculosis-bovina-y-registro-de-tratamientos-en-animales\/","title":{"rendered":"Entre R\u00edos: Analizaron temas de tuberculosis bovina y registro de tratamientos en animales."},"content":{"rendered":"<p class=\"qtranxs-available-languages-message qtranxs-available-languages-message-en\"> <\/p><p>Adem\u00e1s se trat\u00f3 el rol del veterinario privado en programas oficiales y el control de farmacias veterinarias, entre otros temas.<\/p>\n<p>La implementaci\u00f3n del Plan Nacional de Control y Erradicaci\u00f3n de la tuberculosis bovina y la constancia de los productos veterinarios aplicados en los tratamientos realizados a los animales fueron abordados durante una reuni\u00f3n entre el Servicio Nacional de Sanidad y Calidad Agroalimentaria (Senasa) y el Colegio de M\u00e9dicos Veterinarios de Entre R\u00edos, el pasado 26 de Julio en la sede de la entidad acad\u00e9mica ubicada en Paran\u00e1.<\/p>\n<p>En la reuni\u00f3n, se analizaron la implementaci\u00f3n y cumplimiento del Plan Nacional de Control y erradicaci\u00f3n de la tuberculosis bovina (Resoluci\u00f3n Senasa N\u00b0 128\/2012) y el uso del Libro de Registro de Tratamientos (Resoluci\u00f3n N\u00b0 666\/2011)&nbsp; en el que debe constar la aplicaci\u00f3n de productos veterinarios vinculados con los tratamientos realizados en los animales de cada unidad productiva durante todo el ciclo productivo y hasta el momento de su remisi\u00f3n a faena.<\/p>\n<p>Asimismo, las autoridades del Centro Regional Entre R\u00edos del Senasa y del CMV abordaron temas referentes a la realizaci\u00f3n de una capacitaci\u00f3n en autogesti\u00f3n del Sistema de Gesti\u00f3n en Sanidad Animal (Sigsa), el control de farmacias veterinarias,&nbsp; las condiciones de los veterinarios que participan en el \u00e1rea de avicultura, y el rol del veterinario privado en los programas oficiales del Senasa.<\/p>\n<p>El encuentro, encabezado por el coordinador de Sanidad Animal del Centro Regional Entre R\u00edos del Senasa, Cristian G\u00f3mez y Juan Dur\u00e1n, del Directorio del Colegio de M\u00e9dicos Veterinarios de Entre R\u00edos quienes, luego, resaltaron el clima de colaboraci\u00f3n de la reuni\u00f3n, que ayud\u00f3 a fortalecer las relaciones interinstitucionales entre las partes.<\/p>\n<p>Fuente: Infocampo, 29 de julio.<br \/><\/p>","protected":false},"excerpt":{"rendered":"<p>Adem\u00e1s se trat\u00f3 el rol del veterinario privado en programas oficiales y el control de farmacias veterinarias, entre otros temas. La implementaci\u00f3n del Plan Nacional de Control y Erradicaci\u00f3n de la tuberculosis bovina y la constancia de los productos veterinarios aplicados en los tratamientos realizados a los animales fueron abordados durante una reuni\u00f3n entre el Servicio Nacional de Sanidad y Calidad Agroalimentaria (Senasa) y el Colegio de M\u00e9dicos Veterinarios de Entre R\u00edos, el pasado 26 de Julio en la sede de la entidad acad\u00e9mica ubicada en Paran\u00e1. En la reuni\u00f3n, se analizaron la implementaci\u00f3n y cumplimiento del Plan Nacional de Control y erradicaci\u00f3n de la tuberculosis bovina (Resoluci\u00f3n Senasa N\u00b0 128\/2012) y el uso del Libro de Registro de Tratamientos (Resoluci\u00f3n N\u00b0 666\/2011)&nbsp; en el que debe constar la aplicaci\u00f3n de productos veterinarios vinculados con los tratamientos realizados en los animales de cada unidad productiva durante todo el ciclo productivo y hasta el momento de su remisi\u00f3n a faena. Asimismo, las autoridades del Centro Regional Entre R\u00edos del Senasa y del CMV abordaron temas referentes a la realizaci\u00f3n de una capacitaci\u00f3n en autogesti\u00f3n del Sistema de Gesti\u00f3n en Sanidad Animal (Sigsa), el control de farmacias veterinarias,&nbsp; las condiciones de los [&hellip;]<\/p>\n","protected":false},"author":2,"featured_media":2087,"comment_status":"closed","ping_status":"open","sticky":false,"template":"","format":"standard","meta":{"_acf_changed":false,"footnotes":""},"categories":[56],"tags":[],"class_list":["post-5593","post","type-post","status-publish","format-standard","has-post-thumbnail","hentry","category-infoganadero"],"acf":[],"yoast_head":"<!-- This site is optimized with the Yoast SEO plugin v27.5 - https:\/\/yoast.com\/product\/yoast-seo-wordpress\/ -->\n<title>Entre R\u00edos: Analizaron temas de tuberculosis bovina y registro de tratamientos en animales. | Proagro<\/title>\n<meta name=\"robots\" content=\"index, follow, max-snippet:-1, max-image-preview:large, max-video-preview:-1\" \/>\n<link rel=\"canonical\" href=\"https:\/\/proagrolab.com.ar\/en\/entre-rios-analizaron-temas-de-tuberculosis-bovina-y-registro-de-tratamientos-en-animales\/\" \/>\n<meta property=\"og:locale\" content=\"en_US\" \/>\n<meta property=\"og:type\" content=\"article\" \/>\n<meta property=\"og:title\" content=\"Entre R\u00edos: Analizaron temas de tuberculosis bovina y registro de tratamientos en animales. | Proagro\" \/>\n<meta property=\"og:description\" content=\"Adem\u00e1s se trat\u00f3 el rol del veterinario privado en programas oficiales y el control de farmacias veterinarias, entre otros temas. La implementaci\u00f3n del Plan Nacional de Control y Erradicaci\u00f3n de la tuberculosis bovina y la constancia de los productos veterinarios aplicados en los tratamientos realizados a los animales fueron abordados durante una reuni\u00f3n entre el Servicio Nacional de Sanidad y Calidad Agroalimentaria (Senasa) y el Colegio de M\u00e9dicos Veterinarios de Entre R\u00edos, el pasado 26 de Julio en la sede de la entidad acad\u00e9mica ubicada en Paran\u00e1. En la reuni\u00f3n, se analizaron la implementaci\u00f3n y cumplimiento del Plan Nacional de Control y erradicaci\u00f3n de la tuberculosis bovina (Resoluci\u00f3n Senasa N\u00b0 128\/2012) y el uso del Libro de Registro de Tratamientos (Resoluci\u00f3n N\u00b0 666\/2011)&nbsp; en el que debe constar la aplicaci\u00f3n de productos veterinarios vinculados con los tratamientos realizados en los animales de cada unidad productiva durante todo el ciclo productivo y hasta el momento de su remisi\u00f3n a faena. Asimismo, las autoridades del Centro Regional Entre R\u00edos del Senasa y del CMV abordaron temas referentes a la realizaci\u00f3n de una capacitaci\u00f3n en autogesti\u00f3n del Sistema de Gesti\u00f3n en Sanidad Animal (Sigsa), el control de farmacias veterinarias,&nbsp; las condiciones de los [&hellip;]\" \/>\n<meta property=\"og:url\" content=\"https:\/\/proagrolab.com.ar\/entre-rios-analizaron-temas-de-tuberculosis-bovina-y-registro-de-tratamientos-en-animales\/\" \/>\n<meta property=\"og:site_name\" content=\"Proagro\" \/>\n<meta property=\"article:publisher\" content=\"http:\/\/www.facebook.com\/proagrolab\" \/>\n<meta property=\"article:published_time\" content=\"2013-08-02T00:00:01+00:00\" \/>\n<meta property=\"og:image\" content=\"https:\/\/proagrolab.com.ar\/wp-content\/uploads\/2015\/01\/g_smehx9k3k__Vacas-4.jpg\" \/>\n\t<meta property=\"og:image:width\" content=\"450\" \/>\n\t<meta property=\"og:image:height\" content=\"208\" \/>\n\t<meta property=\"og:image:type\" content=\"image\/jpeg\" \/>\n<meta name=\"author\" content=\"proagrolab\" \/>\n<meta name=\"twitter:card\" content=\"summary_large_image\" \/>\n<meta name=\"twitter:label1\" content=\"Written by\" \/>\n\t<meta name=\"twitter:data1\" content=\"proagrolab\" \/>\n\t<meta name=\"twitter:label2\" content=\"Est. reading time\" \/>\n\t<meta name=\"twitter:data2\" content=\"2 minutes\" \/>\n<script type=\"application\/ld+json\" class=\"yoast-schema-graph\">{\"@context\":\"https:\\\/\\\/schema.org\",\"@graph\":[{\"@type\":\"Article\",\"@id\":\"https:\\\/\\\/proagrolab.com.ar\\\/entre-rios-analizaron-temas-de-tuberculosis-bovina-y-registro-de-tratamientos-en-animales\\\/#article\",\"isPartOf\":{\"@id\":\"https:\\\/\\\/proagrolab.com.ar\\\/entre-rios-analizaron-temas-de-tuberculosis-bovina-y-registro-de-tratamientos-en-animales\\\/\"},\"author\":{\"name\":\"proagrolab\",\"@id\":\"https:\\\/\\\/proagrolab.com.ar\\\/#\\\/schema\\\/person\\\/38003ff90bf80381f71c7d922d207444\"},\"headline\":\"Entre R\u00edos: Analizaron temas de tuberculosis bovina y registro de tratamientos en animales.\",\"datePublished\":\"2013-08-02T00:00:01+00:00\",\"mainEntityOfPage\":{\"@id\":\"https:\\\/\\\/proagrolab.com.ar\\\/entre-rios-analizaron-temas-de-tuberculosis-bovina-y-registro-de-tratamientos-en-animales\\\/\"},\"wordCount\":314,\"publisher\":{\"@id\":\"https:\\\/\\\/proagrolab.com.ar\\\/#organization\"},\"image\":{\"@id\":\"https:\\\/\\\/proagrolab.com.ar\\\/entre-rios-analizaron-temas-de-tuberculosis-bovina-y-registro-de-tratamientos-en-animales\\\/#primaryimage\"},\"thumbnailUrl\":\"https:\\\/\\\/proagrolab.com.ar\\\/wp-content\\\/uploads\\\/2015\\\/01\\\/g_smehx9k3k__Vacas-4.jpg\",\"articleSection\":[\"News\"],\"inLanguage\":\"en-US\"},{\"@type\":\"WebPage\",\"@id\":\"https:\\\/\\\/proagrolab.com.ar\\\/entre-rios-analizaron-temas-de-tuberculosis-bovina-y-registro-de-tratamientos-en-animales\\\/\",\"url\":\"https:\\\/\\\/proagrolab.com.ar\\\/entre-rios-analizaron-temas-de-tuberculosis-bovina-y-registro-de-tratamientos-en-animales\\\/\",\"name\":\"Entre R\u00edos: Analizaron temas de tuberculosis bovina y registro de tratamientos en animales. | Proagro\",\"isPartOf\":{\"@id\":\"https:\\\/\\\/proagrolab.com.ar\\\/#website\"},\"primaryImageOfPage\":{\"@id\":\"https:\\\/\\\/proagrolab.com.ar\\\/entre-rios-analizaron-temas-de-tuberculosis-bovina-y-registro-de-tratamientos-en-animales\\\/#primaryimage\"},\"image\":{\"@id\":\"https:\\\/\\\/proagrolab.com.ar\\\/entre-rios-analizaron-temas-de-tuberculosis-bovina-y-registro-de-tratamientos-en-animales\\\/#primaryimage\"},\"thumbnailUrl\":\"https:\\\/\\\/proagrolab.com.ar\\\/wp-content\\\/uploads\\\/2015\\\/01\\\/g_smehx9k3k__Vacas-4.jpg\",\"datePublished\":\"2013-08-02T00:00:01+00:00\",\"breadcrumb\":{\"@id\":\"https:\\\/\\\/proagrolab.com.ar\\\/entre-rios-analizaron-temas-de-tuberculosis-bovina-y-registro-de-tratamientos-en-animales\\\/#breadcrumb\"},\"inLanguage\":\"en-US\",\"potentialAction\":[{\"@type\":\"ReadAction\",\"target\":[\"https:\\\/\\\/proagrolab.com.ar\\\/entre-rios-analizaron-temas-de-tuberculosis-bovina-y-registro-de-tratamientos-en-animales\\\/\"]}]},{\"@type\":\"ImageObject\",\"inLanguage\":\"en-US\",\"@id\":\"https:\\\/\\\/proagrolab.com.ar\\\/entre-rios-analizaron-temas-de-tuberculosis-bovina-y-registro-de-tratamientos-en-animales\\\/#primaryimage\",\"url\":\"https:\\\/\\\/proagrolab.com.ar\\\/wp-content\\\/uploads\\\/2015\\\/01\\\/g_smehx9k3k__Vacas-4.jpg\",\"contentUrl\":\"https:\\\/\\\/proagrolab.com.ar\\\/wp-content\\\/uploads\\\/2015\\\/01\\\/g_smehx9k3k__Vacas-4.jpg\",\"width\":450,\"height\":208},{\"@type\":\"BreadcrumbList\",\"@id\":\"https:\\\/\\\/proagrolab.com.ar\\\/entre-rios-analizaron-temas-de-tuberculosis-bovina-y-registro-de-tratamientos-en-animales\\\/#breadcrumb\",\"itemListElement\":[{\"@type\":\"ListItem\",\"position\":1,\"name\":\"Portada\",\"item\":\"https:\\\/\\\/proagrolab.com.ar\\\/\"},{\"@type\":\"ListItem\",\"position\":2,\"name\":\"Entre R\u00edos: Analizaron temas de tuberculosis bovina y registro de tratamientos en animales.\"}]},{\"@type\":\"WebSite\",\"@id\":\"https:\\\/\\\/proagrolab.com.ar\\\/#website\",\"url\":\"https:\\\/\\\/proagrolab.com.ar\\\/\",\"name\":\"Proagro Laboratorio Veterinario\",\"description\":\"Veterinary laboratory\",\"publisher\":{\"@id\":\"https:\\\/\\\/proagrolab.com.ar\\\/#organization\"},\"potentialAction\":[{\"@type\":\"SearchAction\",\"target\":{\"@type\":\"EntryPoint\",\"urlTemplate\":\"https:\\\/\\\/proagrolab.com.ar\\\/?s={search_term_string}\"},\"query-input\":{\"@type\":\"PropertyValueSpecification\",\"valueRequired\":true,\"valueName\":\"search_term_string\"}}],\"inLanguage\":\"en-US\"},{\"@type\":\"Organization\",\"@id\":\"https:\\\/\\\/proagrolab.com.ar\\\/#organization\",\"name\":\"Proagro\",\"url\":\"https:\\\/\\\/proagrolab.com.ar\\\/\",\"logo\":{\"@type\":\"ImageObject\",\"inLanguage\":\"en-US\",\"@id\":\"https:\\\/\\\/proagrolab.com.ar\\\/#\\\/schema\\\/logo\\\/image\\\/\",\"url\":\"https:\\\/\\\/proagrolab.com.ar\\\/wp-content\\\/uploads\\\/2020\\\/04\\\/logo-retina.png\",\"contentUrl\":\"https:\\\/\\\/proagrolab.com.ar\\\/wp-content\\\/uploads\\\/2020\\\/04\\\/logo-retina.png\",\"width\":478,\"height\":120,\"caption\":\"Proagro\"},\"image\":{\"@id\":\"https:\\\/\\\/proagrolab.com.ar\\\/#\\\/schema\\\/logo\\\/image\\\/\"},\"sameAs\":[\"http:\\\/\\\/www.facebook.com\\\/proagrolab\",\"https:\\\/\\\/www.instagram.com\\\/proagrolab\\\/\",\"https:\\\/\\\/www.linkedin.com\\\/company\\\/laboratorio-proagro-s-a\\\/\"]},{\"@type\":\"Person\",\"@id\":\"https:\\\/\\\/proagrolab.com.ar\\\/#\\\/schema\\\/person\\\/38003ff90bf80381f71c7d922d207444\",\"name\":\"proagrolab\"}]}<\/script>\n<!-- \/ Yoast SEO plugin. -->","yoast_head_json":{"title":"Entre R\u00edos: Analizaron temas de tuberculosis bovina y registro de tratamientos en animales. | Proagro","robots":{"index":"index","follow":"follow","max-snippet":"max-snippet:-1","max-image-preview":"max-image-preview:large","max-video-preview":"max-video-preview:-1"},"canonical":"https:\/\/proagrolab.com.ar\/en\/entre-rios-analizaron-temas-de-tuberculosis-bovina-y-registro-de-tratamientos-en-animales\/","og_locale":"en_US","og_type":"article","og_title":"Entre R\u00edos: Analizaron temas de tuberculosis bovina y registro de tratamientos en animales. | Proagro","og_description":"Adem\u00e1s se trat\u00f3 el rol del veterinario privado en programas oficiales y el control de farmacias veterinarias, entre otros temas. La implementaci\u00f3n del Plan Nacional de Control y Erradicaci\u00f3n de la tuberculosis bovina y la constancia de los productos veterinarios aplicados en los tratamientos realizados a los animales fueron abordados durante una reuni\u00f3n entre el Servicio Nacional de Sanidad y Calidad Agroalimentaria (Senasa) y el Colegio de M\u00e9dicos Veterinarios de Entre R\u00edos, el pasado 26 de Julio en la sede de la entidad acad\u00e9mica ubicada en Paran\u00e1. En la reuni\u00f3n, se analizaron la implementaci\u00f3n y cumplimiento del Plan Nacional de Control y erradicaci\u00f3n de la tuberculosis bovina (Resoluci\u00f3n Senasa N\u00b0 128\/2012) y el uso del Libro de Registro de Tratamientos (Resoluci\u00f3n N\u00b0 666\/2011)&nbsp; en el que debe constar la aplicaci\u00f3n de productos veterinarios vinculados con los tratamientos realizados en los animales de cada unidad productiva durante todo el ciclo productivo y hasta el momento de su remisi\u00f3n a faena. Asimismo, las autoridades del Centro Regional Entre R\u00edos del Senasa y del CMV abordaron temas referentes a la realizaci\u00f3n de una capacitaci\u00f3n en autogesti\u00f3n del Sistema de Gesti\u00f3n en Sanidad Animal (Sigsa), el control de farmacias veterinarias,&nbsp; las condiciones de los [&hellip;]","og_url":"https:\/\/proagrolab.com.ar\/entre-rios-analizaron-temas-de-tuberculosis-bovina-y-registro-de-tratamientos-en-animales\/","og_site_name":"Proagro","article_publisher":"http:\/\/www.facebook.com\/proagrolab","article_published_time":"2013-08-02T00:00:01+00:00","og_image":[{"width":450,"height":208,"url":"https:\/\/proagrolab.com.ar\/wp-content\/uploads\/2015\/01\/g_smehx9k3k__Vacas-4.jpg","type":"image\/jpeg"}],"author":"proagrolab","twitter_card":"summary_large_image","twitter_misc":{"Written by":"proagrolab","Est. reading time":"2 minutes"},"schema":{"@context":"https:\/\/schema.org","@graph":[{"@type":"Article","@id":"https:\/\/proagrolab.com.ar\/entre-rios-analizaron-temas-de-tuberculosis-bovina-y-registro-de-tratamientos-en-animales\/#article","isPartOf":{"@id":"https:\/\/proagrolab.com.ar\/entre-rios-analizaron-temas-de-tuberculosis-bovina-y-registro-de-tratamientos-en-animales\/"},"author":{"name":"proagrolab","@id":"https:\/\/proagrolab.com.ar\/#\/schema\/person\/38003ff90bf80381f71c7d922d207444"},"headline":"Entre R\u00edos: Analizaron temas de tuberculosis bovina y registro de tratamientos en animales.","datePublished":"2013-08-02T00:00:01+00:00","mainEntityOfPage":{"@id":"https:\/\/proagrolab.com.ar\/entre-rios-analizaron-temas-de-tuberculosis-bovina-y-registro-de-tratamientos-en-animales\/"},"wordCount":314,"publisher":{"@id":"https:\/\/proagrolab.com.ar\/#organization"},"image":{"@id":"https:\/\/proagrolab.com.ar\/entre-rios-analizaron-temas-de-tuberculosis-bovina-y-registro-de-tratamientos-en-animales\/#primaryimage"},"thumbnailUrl":"https:\/\/proagrolab.com.ar\/wp-content\/uploads\/2015\/01\/g_smehx9k3k__Vacas-4.jpg","articleSection":["News"],"inLanguage":"en-US"},{"@type":"WebPage","@id":"https:\/\/proagrolab.com.ar\/entre-rios-analizaron-temas-de-tuberculosis-bovina-y-registro-de-tratamientos-en-animales\/","url":"https:\/\/proagrolab.com.ar\/entre-rios-analizaron-temas-de-tuberculosis-bovina-y-registro-de-tratamientos-en-animales\/","name":"Entre R\u00edos: Analizaron temas de tuberculosis bovina y registro de tratamientos en animales. | Proagro","isPartOf":{"@id":"https:\/\/proagrolab.com.ar\/#website"},"primaryImageOfPage":{"@id":"https:\/\/proagrolab.com.ar\/entre-rios-analizaron-temas-de-tuberculosis-bovina-y-registro-de-tratamientos-en-animales\/#primaryimage"},"image":{"@id":"https:\/\/proagrolab.com.ar\/entre-rios-analizaron-temas-de-tuberculosis-bovina-y-registro-de-tratamientos-en-animales\/#primaryimage"},"thumbnailUrl":"https:\/\/proagrolab.com.ar\/wp-content\/uploads\/2015\/01\/g_smehx9k3k__Vacas-4.jpg","datePublished":"2013-08-02T00:00:01+00:00","breadcrumb":{"@id":"https:\/\/proagrolab.com.ar\/entre-rios-analizaron-temas-de-tuberculosis-bovina-y-registro-de-tratamientos-en-animales\/#breadcrumb"},"inLanguage":"en-US","potentialAction":[{"@type":"ReadAction","target":["https:\/\/proagrolab.com.ar\/entre-rios-analizaron-temas-de-tuberculosis-bovina-y-registro-de-tratamientos-en-animales\/"]}]},{"@type":"ImageObject","inLanguage":"en-US","@id":"https:\/\/proagrolab.com.ar\/entre-rios-analizaron-temas-de-tuberculosis-bovina-y-registro-de-tratamientos-en-animales\/#primaryimage","url":"https:\/\/proagrolab.com.ar\/wp-content\/uploads\/2015\/01\/g_smehx9k3k__Vacas-4.jpg","contentUrl":"https:\/\/proagrolab.com.ar\/wp-content\/uploads\/2015\/01\/g_smehx9k3k__Vacas-4.jpg","width":450,"height":208},{"@type":"BreadcrumbList","@id":"https:\/\/proagrolab.com.ar\/entre-rios-analizaron-temas-de-tuberculosis-bovina-y-registro-de-tratamientos-en-animales\/#breadcrumb","itemListElement":[{"@type":"ListItem","position":1,"name":"Portada","item":"https:\/\/proagrolab.com.ar\/"},{"@type":"ListItem","position":2,"name":"Entre R\u00edos: Analizaron temas de tuberculosis bovina y registro de tratamientos en animales."}]},{"@type":"WebSite","@id":"https:\/\/proagrolab.com.ar\/#website","url":"https:\/\/proagrolab.com.ar\/","name":"Proagro Laboratorio Veterinario","description":"Veterinary laboratory","publisher":{"@id":"https:\/\/proagrolab.com.ar\/#organization"},"potentialAction":[{"@type":"SearchAction","target":{"@type":"EntryPoint","urlTemplate":"https:\/\/proagrolab.com.ar\/?s={search_term_string}"},"query-input":{"@type":"PropertyValueSpecification","valueRequired":true,"valueName":"search_term_string"}}],"inLanguage":"en-US"},{"@type":"Organization","@id":"https:\/\/proagrolab.com.ar\/#organization","name":"Proagro","url":"https:\/\/proagrolab.com.ar\/","logo":{"@type":"ImageObject","inLanguage":"en-US","@id":"https:\/\/proagrolab.com.ar\/#\/schema\/logo\/image\/","url":"https:\/\/proagrolab.com.ar\/wp-content\/uploads\/2020\/04\/logo-retina.png","contentUrl":"https:\/\/proagrolab.com.ar\/wp-content\/uploads\/2020\/04\/logo-retina.png","width":478,"height":120,"caption":"Proagro"},"image":{"@id":"https:\/\/proagrolab.com.ar\/#\/schema\/logo\/image\/"},"sameAs":["http:\/\/www.facebook.com\/proagrolab","https:\/\/www.instagram.com\/proagrolab\/","https:\/\/www.linkedin.com\/company\/laboratorio-proagro-s-a\/"]},{"@type":"Person","@id":"https:\/\/proagrolab.com.ar\/#\/schema\/person\/38003ff90bf80381f71c7d922d207444","name":"proagrolab"}]}},"_links":{"self":[{"href":"https:\/\/proagrolab.com.ar\/en\/wp-json\/wp\/v2\/posts\/5593","targetHints":{"allow":["GET"]}}],"collection":[{"href":"https:\/\/proagrolab.com.ar\/en\/wp-json\/wp\/v2\/posts"}],"about":[{"href":"https:\/\/proagrolab.com.ar\/en\/wp-json\/wp\/v2\/types\/post"}],"author":[{"embeddable":true,"href":"https:\/\/proagrolab.com.ar\/en\/wp-json\/wp\/v2\/users\/2"}],"replies":[{"embeddable":true,"href":"https:\/\/proagrolab.com.ar\/en\/wp-json\/wp\/v2\/comments?post=5593"}],"version-history":[{"count":0,"href":"https:\/\/proagrolab.com.ar\/en\/wp-json\/wp\/v2\/posts\/5593\/revisions"}],"wp:featuredmedia":[{"embeddable":true,"href":"https:\/\/proagrolab.com.ar\/en\/wp-json\/wp\/v2\/media\/2087"}],"wp:attachment":[{"href":"https:\/\/proagrolab.com.ar\/en\/wp-json\/wp\/v2\/media?parent=5593"}],"wp:term":[{"taxonomy":"category","embeddable":true,"href":"https:\/\/proagrolab.com.ar\/en\/wp-json\/wp\/v2\/categories?post=5593"},{"taxonomy":"post_tag","embeddable":true,"href":"https:\/\/proagrolab.com.ar\/en\/wp-json\/wp\/v2\/tags?post=5593"}],"curies":[{"name":"wp","href":"https:\/\/api.w.org\/{rel}","templated":true}]}}