{"id":5590,"date":"2013-08-02T00:00:01","date_gmt":"2013-08-02T00:00:01","guid":{"rendered":"https:\/\/proagrolab.com.ar\/el-equilibrio-entre-ser-productivo-y-sustentable\/"},"modified":"2013-08-02T00:00:01","modified_gmt":"2013-08-02T00:00:01","slug":"el-equilibrio-entre-ser-productivo-y-sustentable","status":"publish","type":"post","link":"https:\/\/proagrolab.com.ar\/en\/el-equilibrio-entre-ser-productivo-y-sustentable\/","title":{"rendered":"El equilibrio entre ser productivo y sustentable."},"content":{"rendered":"<p class=\"qtranxs-available-languages-message qtranxs-available-languages-message-en\"> <\/p><p>El establecimiento \u0093La Aurora\u0094 en Benito Ju\u00e1rez \u0096Buenos Aires\u0096 aplic\u00f3 el sistema de producci\u00f3n agroecol\u00f3gico: disminuy\u00f3 el uso de insumos sint\u00e9ticos y energ\u00eda, baj\u00f3 costos y estabiliz\u00f3 los rendimientos.<\/p>\n<p>Mitos sobre la agroecolog\u00eda, abundan. Uno de ellos sostiene que es imposible ser productivo y, al mismo tiempo, sustentable. Los resultados obtenidos en el establecimiento \u0093La Aurora\u0094 en Benito Ju\u00e1rez \u0096Buenos Aires\u0096, demuestran lo contrario. Tras 14 a\u00f1os de un manejo agroecol\u00f3gico se disminuy\u00f3 el uso de insumos sint\u00e9ticos y de energ\u00eda no renovable, se bajaron los costos y se estabiliz\u00f3 la producci\u00f3n de carne y granos.<\/p>\n<p>Rodolfo Tula, extensionista del INTA Benito Ju\u00e1rez, destac\u00f3 la importancia de encontrar el \u0093justo equilibrio\u0094 entre la productividad y el cuidado de la naturaleza. \u0093Una producci\u00f3n agroecol\u00f3gica entiende de tiempos biol\u00f3gicos y los fortalece para producir sanamente y, al mismo tiempo, busca la rentabilidad. Pensamos en un sistema equilibrado y estable ante la variabilidad natural de los eventos clim\u00e1ticos, plagas y enfermedades\u0094.<\/p>\n<p>Asesorado por el INTA y especialistas privados, Juan Kiehr \u0096propietario de \u0093La Aurora\u0094\u0096, aplica desde hace 14 a\u00f1os los conceptos de la agroecolog\u00eda en un sistema mixto de ciclo completo a fin de disminuir el uso de productos sint\u00e9ticos y energ\u00eda, aumentar la fertilidad de los suelos, fijar carbono y nitr\u00f3geno, e incrementar la biodiversidad y la productividad.<\/p>\n<p>\u0093Quiero dejarle a mis nietos un campo sano y transmitirles el respeto por la naturaleza\u0094, asegur\u00f3 Kiehr, un productor con descendencia danesa que se reconoce \u0093entusiasmado y convencido de que la preservaci\u00f3n del suelo es el mejor camino\u0094.<\/p>\n<p>De acuerdo con el due\u00f1o de \u0093La Aurora\u0094, \u0093todos las actividades agropecuarias interfieren, en mayor o menor medida, en el ambiente\u0094 pero lo importante es \u0093causar el menor da\u00f1o posible\u0094 y destac\u00f3 la importancia de \u0093evitar el uso de insumos sint\u00e9ticos\u0094.<\/p>\n<p>As\u00ed, se fortaleci\u00f3 la rotaci\u00f3n en las 605 hect\u00e1reas que componen al establecimiento \u0096asociando cultivos invernales y estivales con leguminosas\u0096, lo que, a su vez, aument\u00f3 la fijaci\u00f3n de nitr\u00f3geno y carbono y, esto, permiti\u00f3 el aporte de rastrojos para mejorar el contenido de materia org\u00e1nica del suelo.<\/p>\n<p>Para Kiehr la receta es simple: \u0093Siembro trigo y tr\u00e9bol rojo durante dos o tres a\u00f1os luego, roto con sorgo y m\u00e1s tarde vuelvo con el trigo y pasturas. De vez en cuando, cultivo avena y cebada que me proveen de granos para mi campo\u0094.<\/p>\n<p>A fin de compensar la falta de f\u00f3sforo y el balance de nutrientes, incorpora expeller de trigo a la alimentaci\u00f3n de sus m\u00e1s de 600 animales, lo que elimina el uso de fertilizantes y de energ\u00edas no renovables.<\/p>\n<p>\u0093Esta visi\u00f3n implica un esfuerzo mayor en el que se debe tener en cuenta las m\u00faltiples variables de la naturaleza pero, resulta necesario y terminante para avanzar en el desaf\u00edo de poner en valor la biodiversidad\u0094, explic\u00f3 Tula.<\/p>\n<p>Fuente: Infocampo, 31 de julio.<br \/><\/p>","protected":false},"excerpt":{"rendered":"<p>El establecimiento \u0093La Aurora\u0094 en Benito Ju\u00e1rez \u0096Buenos Aires\u0096 aplic\u00f3 el sistema de producci\u00f3n agroecol\u00f3gico: disminuy\u00f3 el uso de insumos sint\u00e9ticos y energ\u00eda, baj\u00f3 costos y estabiliz\u00f3 los rendimientos. Mitos sobre la agroecolog\u00eda, abundan. Uno de ellos sostiene que es imposible ser productivo y, al mismo tiempo, sustentable. Los resultados obtenidos en el establecimiento \u0093La Aurora\u0094 en Benito Ju\u00e1rez \u0096Buenos Aires\u0096, demuestran lo contrario. Tras 14 a\u00f1os de un manejo agroecol\u00f3gico se disminuy\u00f3 el uso de insumos sint\u00e9ticos y de energ\u00eda no renovable, se bajaron los costos y se estabiliz\u00f3 la producci\u00f3n de carne y granos. Rodolfo Tula, extensionista del INTA Benito Ju\u00e1rez, destac\u00f3 la importancia de encontrar el \u0093justo equilibrio\u0094 entre la productividad y el cuidado de la naturaleza. \u0093Una producci\u00f3n agroecol\u00f3gica entiende de tiempos biol\u00f3gicos y los fortalece para producir sanamente y, al mismo tiempo, busca la rentabilidad. Pensamos en un sistema equilibrado y estable ante la variabilidad natural de los eventos clim\u00e1ticos, plagas y enfermedades\u0094. Asesorado por el INTA y especialistas privados, Juan Kiehr \u0096propietario de \u0093La Aurora\u0094\u0096, aplica desde hace 14 a\u00f1os los conceptos de la agroecolog\u00eda en un sistema mixto de ciclo completo a fin de disminuir el uso de productos sint\u00e9ticos y energ\u00eda, aumentar [&hellip;]<\/p>\n","protected":false},"author":2,"featured_media":2084,"comment_status":"closed","ping_status":"open","sticky":false,"template":"","format":"standard","meta":{"_acf_changed":false,"footnotes":""},"categories":[56],"tags":[],"class_list":["post-5590","post","type-post","status-publish","format-standard","has-post-thumbnail","hentry","category-infoganadero"],"acf":[],"yoast_head":"<!-- This site is optimized with the Yoast SEO plugin v27.5 - https:\/\/yoast.com\/product\/yoast-seo-wordpress\/ -->\n<title>El equilibrio entre ser productivo y sustentable. | Proagro<\/title>\n<meta name=\"robots\" content=\"index, follow, max-snippet:-1, max-image-preview:large, max-video-preview:-1\" \/>\n<link rel=\"canonical\" href=\"https:\/\/proagrolab.com.ar\/en\/el-equilibrio-entre-ser-productivo-y-sustentable\/\" \/>\n<meta property=\"og:locale\" content=\"en_US\" \/>\n<meta property=\"og:type\" content=\"article\" \/>\n<meta property=\"og:title\" content=\"El equilibrio entre ser productivo y sustentable. | Proagro\" \/>\n<meta property=\"og:description\" content=\"El establecimiento \u0093La Aurora\u0094 en Benito Ju\u00e1rez \u0096Buenos Aires\u0096 aplic\u00f3 el sistema de producci\u00f3n agroecol\u00f3gico: disminuy\u00f3 el uso de insumos sint\u00e9ticos y energ\u00eda, baj\u00f3 costos y estabiliz\u00f3 los rendimientos. Mitos sobre la agroecolog\u00eda, abundan. Uno de ellos sostiene que es imposible ser productivo y, al mismo tiempo, sustentable. Los resultados obtenidos en el establecimiento \u0093La Aurora\u0094 en Benito Ju\u00e1rez \u0096Buenos Aires\u0096, demuestran lo contrario. Tras 14 a\u00f1os de un manejo agroecol\u00f3gico se disminuy\u00f3 el uso de insumos sint\u00e9ticos y de energ\u00eda no renovable, se bajaron los costos y se estabiliz\u00f3 la producci\u00f3n de carne y granos. Rodolfo Tula, extensionista del INTA Benito Ju\u00e1rez, destac\u00f3 la importancia de encontrar el \u0093justo equilibrio\u0094 entre la productividad y el cuidado de la naturaleza. \u0093Una producci\u00f3n agroecol\u00f3gica entiende de tiempos biol\u00f3gicos y los fortalece para producir sanamente y, al mismo tiempo, busca la rentabilidad. Pensamos en un sistema equilibrado y estable ante la variabilidad natural de los eventos clim\u00e1ticos, plagas y enfermedades\u0094. Asesorado por el INTA y especialistas privados, Juan Kiehr \u0096propietario de \u0093La Aurora\u0094\u0096, aplica desde hace 14 a\u00f1os los conceptos de la agroecolog\u00eda en un sistema mixto de ciclo completo a fin de disminuir el uso de productos sint\u00e9ticos y energ\u00eda, aumentar [&hellip;]\" \/>\n<meta property=\"og:url\" content=\"https:\/\/proagrolab.com.ar\/el-equilibrio-entre-ser-productivo-y-sustentable\/\" \/>\n<meta property=\"og:site_name\" content=\"Proagro\" \/>\n<meta property=\"article:publisher\" content=\"http:\/\/www.facebook.com\/proagrolab\" \/>\n<meta property=\"article:published_time\" content=\"2013-08-02T00:00:01+00:00\" \/>\n<meta property=\"og:image\" content=\"https:\/\/proagrolab.com.ar\/wp-content\/uploads\/2015\/01\/g_uzi8pugfb__Vacas-2.jpg\" \/>\n\t<meta property=\"og:image:width\" content=\"450\" \/>\n\t<meta property=\"og:image:height\" content=\"208\" \/>\n\t<meta property=\"og:image:type\" content=\"image\/jpeg\" \/>\n<meta name=\"author\" content=\"proagrolab\" \/>\n<meta name=\"twitter:card\" content=\"summary_large_image\" \/>\n<meta name=\"twitter:label1\" content=\"Written by\" \/>\n\t<meta name=\"twitter:data1\" content=\"proagrolab\" \/>\n\t<meta name=\"twitter:label2\" content=\"Est. reading time\" \/>\n\t<meta name=\"twitter:data2\" content=\"3 minutes\" \/>\n<script type=\"application\/ld+json\" class=\"yoast-schema-graph\">{\"@context\":\"https:\\\/\\\/schema.org\",\"@graph\":[{\"@type\":\"Article\",\"@id\":\"https:\\\/\\\/proagrolab.com.ar\\\/el-equilibrio-entre-ser-productivo-y-sustentable\\\/#article\",\"isPartOf\":{\"@id\":\"https:\\\/\\\/proagrolab.com.ar\\\/el-equilibrio-entre-ser-productivo-y-sustentable\\\/\"},\"author\":{\"name\":\"proagrolab\",\"@id\":\"https:\\\/\\\/proagrolab.com.ar\\\/#\\\/schema\\\/person\\\/38003ff90bf80381f71c7d922d207444\"},\"headline\":\"El equilibrio entre ser productivo y sustentable.\",\"datePublished\":\"2013-08-02T00:00:01+00:00\",\"mainEntityOfPage\":{\"@id\":\"https:\\\/\\\/proagrolab.com.ar\\\/el-equilibrio-entre-ser-productivo-y-sustentable\\\/\"},\"wordCount\":512,\"publisher\":{\"@id\":\"https:\\\/\\\/proagrolab.com.ar\\\/#organization\"},\"image\":{\"@id\":\"https:\\\/\\\/proagrolab.com.ar\\\/el-equilibrio-entre-ser-productivo-y-sustentable\\\/#primaryimage\"},\"thumbnailUrl\":\"https:\\\/\\\/proagrolab.com.ar\\\/wp-content\\\/uploads\\\/2015\\\/01\\\/g_uzi8pugfb__Vacas-2.jpg\",\"articleSection\":[\"News\"],\"inLanguage\":\"en-US\"},{\"@type\":\"WebPage\",\"@id\":\"https:\\\/\\\/proagrolab.com.ar\\\/el-equilibrio-entre-ser-productivo-y-sustentable\\\/\",\"url\":\"https:\\\/\\\/proagrolab.com.ar\\\/el-equilibrio-entre-ser-productivo-y-sustentable\\\/\",\"name\":\"El equilibrio entre ser productivo y sustentable. | Proagro\",\"isPartOf\":{\"@id\":\"https:\\\/\\\/proagrolab.com.ar\\\/#website\"},\"primaryImageOfPage\":{\"@id\":\"https:\\\/\\\/proagrolab.com.ar\\\/el-equilibrio-entre-ser-productivo-y-sustentable\\\/#primaryimage\"},\"image\":{\"@id\":\"https:\\\/\\\/proagrolab.com.ar\\\/el-equilibrio-entre-ser-productivo-y-sustentable\\\/#primaryimage\"},\"thumbnailUrl\":\"https:\\\/\\\/proagrolab.com.ar\\\/wp-content\\\/uploads\\\/2015\\\/01\\\/g_uzi8pugfb__Vacas-2.jpg\",\"datePublished\":\"2013-08-02T00:00:01+00:00\",\"breadcrumb\":{\"@id\":\"https:\\\/\\\/proagrolab.com.ar\\\/el-equilibrio-entre-ser-productivo-y-sustentable\\\/#breadcrumb\"},\"inLanguage\":\"en-US\",\"potentialAction\":[{\"@type\":\"ReadAction\",\"target\":[\"https:\\\/\\\/proagrolab.com.ar\\\/el-equilibrio-entre-ser-productivo-y-sustentable\\\/\"]}]},{\"@type\":\"ImageObject\",\"inLanguage\":\"en-US\",\"@id\":\"https:\\\/\\\/proagrolab.com.ar\\\/el-equilibrio-entre-ser-productivo-y-sustentable\\\/#primaryimage\",\"url\":\"https:\\\/\\\/proagrolab.com.ar\\\/wp-content\\\/uploads\\\/2015\\\/01\\\/g_uzi8pugfb__Vacas-2.jpg\",\"contentUrl\":\"https:\\\/\\\/proagrolab.com.ar\\\/wp-content\\\/uploads\\\/2015\\\/01\\\/g_uzi8pugfb__Vacas-2.jpg\",\"width\":450,\"height\":208},{\"@type\":\"BreadcrumbList\",\"@id\":\"https:\\\/\\\/proagrolab.com.ar\\\/el-equilibrio-entre-ser-productivo-y-sustentable\\\/#breadcrumb\",\"itemListElement\":[{\"@type\":\"ListItem\",\"position\":1,\"name\":\"Portada\",\"item\":\"https:\\\/\\\/proagrolab.com.ar\\\/\"},{\"@type\":\"ListItem\",\"position\":2,\"name\":\"El equilibrio entre ser productivo y sustentable.\"}]},{\"@type\":\"WebSite\",\"@id\":\"https:\\\/\\\/proagrolab.com.ar\\\/#website\",\"url\":\"https:\\\/\\\/proagrolab.com.ar\\\/\",\"name\":\"Proagro Laboratorio Veterinario\",\"description\":\"Veterinary laboratory\",\"publisher\":{\"@id\":\"https:\\\/\\\/proagrolab.com.ar\\\/#organization\"},\"potentialAction\":[{\"@type\":\"SearchAction\",\"target\":{\"@type\":\"EntryPoint\",\"urlTemplate\":\"https:\\\/\\\/proagrolab.com.ar\\\/?s={search_term_string}\"},\"query-input\":{\"@type\":\"PropertyValueSpecification\",\"valueRequired\":true,\"valueName\":\"search_term_string\"}}],\"inLanguage\":\"en-US\"},{\"@type\":\"Organization\",\"@id\":\"https:\\\/\\\/proagrolab.com.ar\\\/#organization\",\"name\":\"Proagro\",\"url\":\"https:\\\/\\\/proagrolab.com.ar\\\/\",\"logo\":{\"@type\":\"ImageObject\",\"inLanguage\":\"en-US\",\"@id\":\"https:\\\/\\\/proagrolab.com.ar\\\/#\\\/schema\\\/logo\\\/image\\\/\",\"url\":\"https:\\\/\\\/proagrolab.com.ar\\\/wp-content\\\/uploads\\\/2020\\\/04\\\/logo-retina.png\",\"contentUrl\":\"https:\\\/\\\/proagrolab.com.ar\\\/wp-content\\\/uploads\\\/2020\\\/04\\\/logo-retina.png\",\"width\":478,\"height\":120,\"caption\":\"Proagro\"},\"image\":{\"@id\":\"https:\\\/\\\/proagrolab.com.ar\\\/#\\\/schema\\\/logo\\\/image\\\/\"},\"sameAs\":[\"http:\\\/\\\/www.facebook.com\\\/proagrolab\",\"https:\\\/\\\/www.instagram.com\\\/proagrolab\\\/\",\"https:\\\/\\\/www.linkedin.com\\\/company\\\/laboratorio-proagro-s-a\\\/\"]},{\"@type\":\"Person\",\"@id\":\"https:\\\/\\\/proagrolab.com.ar\\\/#\\\/schema\\\/person\\\/38003ff90bf80381f71c7d922d207444\",\"name\":\"proagrolab\"}]}<\/script>\n<!-- \/ Yoast SEO plugin. -->","yoast_head_json":{"title":"El equilibrio entre ser productivo y sustentable. | Proagro","robots":{"index":"index","follow":"follow","max-snippet":"max-snippet:-1","max-image-preview":"max-image-preview:large","max-video-preview":"max-video-preview:-1"},"canonical":"https:\/\/proagrolab.com.ar\/en\/el-equilibrio-entre-ser-productivo-y-sustentable\/","og_locale":"en_US","og_type":"article","og_title":"El equilibrio entre ser productivo y sustentable. | Proagro","og_description":"El establecimiento \u0093La Aurora\u0094 en Benito Ju\u00e1rez \u0096Buenos Aires\u0096 aplic\u00f3 el sistema de producci\u00f3n agroecol\u00f3gico: disminuy\u00f3 el uso de insumos sint\u00e9ticos y energ\u00eda, baj\u00f3 costos y estabiliz\u00f3 los rendimientos. Mitos sobre la agroecolog\u00eda, abundan. Uno de ellos sostiene que es imposible ser productivo y, al mismo tiempo, sustentable. Los resultados obtenidos en el establecimiento \u0093La Aurora\u0094 en Benito Ju\u00e1rez \u0096Buenos Aires\u0096, demuestran lo contrario. Tras 14 a\u00f1os de un manejo agroecol\u00f3gico se disminuy\u00f3 el uso de insumos sint\u00e9ticos y de energ\u00eda no renovable, se bajaron los costos y se estabiliz\u00f3 la producci\u00f3n de carne y granos. Rodolfo Tula, extensionista del INTA Benito Ju\u00e1rez, destac\u00f3 la importancia de encontrar el \u0093justo equilibrio\u0094 entre la productividad y el cuidado de la naturaleza. \u0093Una producci\u00f3n agroecol\u00f3gica entiende de tiempos biol\u00f3gicos y los fortalece para producir sanamente y, al mismo tiempo, busca la rentabilidad. Pensamos en un sistema equilibrado y estable ante la variabilidad natural de los eventos clim\u00e1ticos, plagas y enfermedades\u0094. Asesorado por el INTA y especialistas privados, Juan Kiehr \u0096propietario de \u0093La Aurora\u0094\u0096, aplica desde hace 14 a\u00f1os los conceptos de la agroecolog\u00eda en un sistema mixto de ciclo completo a fin de disminuir el uso de productos sint\u00e9ticos y energ\u00eda, aumentar [&hellip;]","og_url":"https:\/\/proagrolab.com.ar\/el-equilibrio-entre-ser-productivo-y-sustentable\/","og_site_name":"Proagro","article_publisher":"http:\/\/www.facebook.com\/proagrolab","article_published_time":"2013-08-02T00:00:01+00:00","og_image":[{"width":450,"height":208,"url":"https:\/\/proagrolab.com.ar\/wp-content\/uploads\/2015\/01\/g_uzi8pugfb__Vacas-2.jpg","type":"image\/jpeg"}],"author":"proagrolab","twitter_card":"summary_large_image","twitter_misc":{"Written by":"proagrolab","Est. reading time":"3 minutes"},"schema":{"@context":"https:\/\/schema.org","@graph":[{"@type":"Article","@id":"https:\/\/proagrolab.com.ar\/el-equilibrio-entre-ser-productivo-y-sustentable\/#article","isPartOf":{"@id":"https:\/\/proagrolab.com.ar\/el-equilibrio-entre-ser-productivo-y-sustentable\/"},"author":{"name":"proagrolab","@id":"https:\/\/proagrolab.com.ar\/#\/schema\/person\/38003ff90bf80381f71c7d922d207444"},"headline":"El equilibrio entre ser productivo y sustentable.","datePublished":"2013-08-02T00:00:01+00:00","mainEntityOfPage":{"@id":"https:\/\/proagrolab.com.ar\/el-equilibrio-entre-ser-productivo-y-sustentable\/"},"wordCount":512,"publisher":{"@id":"https:\/\/proagrolab.com.ar\/#organization"},"image":{"@id":"https:\/\/proagrolab.com.ar\/el-equilibrio-entre-ser-productivo-y-sustentable\/#primaryimage"},"thumbnailUrl":"https:\/\/proagrolab.com.ar\/wp-content\/uploads\/2015\/01\/g_uzi8pugfb__Vacas-2.jpg","articleSection":["News"],"inLanguage":"en-US"},{"@type":"WebPage","@id":"https:\/\/proagrolab.com.ar\/el-equilibrio-entre-ser-productivo-y-sustentable\/","url":"https:\/\/proagrolab.com.ar\/el-equilibrio-entre-ser-productivo-y-sustentable\/","name":"El equilibrio entre ser productivo y sustentable. | Proagro","isPartOf":{"@id":"https:\/\/proagrolab.com.ar\/#website"},"primaryImageOfPage":{"@id":"https:\/\/proagrolab.com.ar\/el-equilibrio-entre-ser-productivo-y-sustentable\/#primaryimage"},"image":{"@id":"https:\/\/proagrolab.com.ar\/el-equilibrio-entre-ser-productivo-y-sustentable\/#primaryimage"},"thumbnailUrl":"https:\/\/proagrolab.com.ar\/wp-content\/uploads\/2015\/01\/g_uzi8pugfb__Vacas-2.jpg","datePublished":"2013-08-02T00:00:01+00:00","breadcrumb":{"@id":"https:\/\/proagrolab.com.ar\/el-equilibrio-entre-ser-productivo-y-sustentable\/#breadcrumb"},"inLanguage":"en-US","potentialAction":[{"@type":"ReadAction","target":["https:\/\/proagrolab.com.ar\/el-equilibrio-entre-ser-productivo-y-sustentable\/"]}]},{"@type":"ImageObject","inLanguage":"en-US","@id":"https:\/\/proagrolab.com.ar\/el-equilibrio-entre-ser-productivo-y-sustentable\/#primaryimage","url":"https:\/\/proagrolab.com.ar\/wp-content\/uploads\/2015\/01\/g_uzi8pugfb__Vacas-2.jpg","contentUrl":"https:\/\/proagrolab.com.ar\/wp-content\/uploads\/2015\/01\/g_uzi8pugfb__Vacas-2.jpg","width":450,"height":208},{"@type":"BreadcrumbList","@id":"https:\/\/proagrolab.com.ar\/el-equilibrio-entre-ser-productivo-y-sustentable\/#breadcrumb","itemListElement":[{"@type":"ListItem","position":1,"name":"Portada","item":"https:\/\/proagrolab.com.ar\/"},{"@type":"ListItem","position":2,"name":"El equilibrio entre ser productivo y sustentable."}]},{"@type":"WebSite","@id":"https:\/\/proagrolab.com.ar\/#website","url":"https:\/\/proagrolab.com.ar\/","name":"Proagro Laboratorio Veterinario","description":"Veterinary laboratory","publisher":{"@id":"https:\/\/proagrolab.com.ar\/#organization"},"potentialAction":[{"@type":"SearchAction","target":{"@type":"EntryPoint","urlTemplate":"https:\/\/proagrolab.com.ar\/?s={search_term_string}"},"query-input":{"@type":"PropertyValueSpecification","valueRequired":true,"valueName":"search_term_string"}}],"inLanguage":"en-US"},{"@type":"Organization","@id":"https:\/\/proagrolab.com.ar\/#organization","name":"Proagro","url":"https:\/\/proagrolab.com.ar\/","logo":{"@type":"ImageObject","inLanguage":"en-US","@id":"https:\/\/proagrolab.com.ar\/#\/schema\/logo\/image\/","url":"https:\/\/proagrolab.com.ar\/wp-content\/uploads\/2020\/04\/logo-retina.png","contentUrl":"https:\/\/proagrolab.com.ar\/wp-content\/uploads\/2020\/04\/logo-retina.png","width":478,"height":120,"caption":"Proagro"},"image":{"@id":"https:\/\/proagrolab.com.ar\/#\/schema\/logo\/image\/"},"sameAs":["http:\/\/www.facebook.com\/proagrolab","https:\/\/www.instagram.com\/proagrolab\/","https:\/\/www.linkedin.com\/company\/laboratorio-proagro-s-a\/"]},{"@type":"Person","@id":"https:\/\/proagrolab.com.ar\/#\/schema\/person\/38003ff90bf80381f71c7d922d207444","name":"proagrolab"}]}},"_links":{"self":[{"href":"https:\/\/proagrolab.com.ar\/en\/wp-json\/wp\/v2\/posts\/5590","targetHints":{"allow":["GET"]}}],"collection":[{"href":"https:\/\/proagrolab.com.ar\/en\/wp-json\/wp\/v2\/posts"}],"about":[{"href":"https:\/\/proagrolab.com.ar\/en\/wp-json\/wp\/v2\/types\/post"}],"author":[{"embeddable":true,"href":"https:\/\/proagrolab.com.ar\/en\/wp-json\/wp\/v2\/users\/2"}],"replies":[{"embeddable":true,"href":"https:\/\/proagrolab.com.ar\/en\/wp-json\/wp\/v2\/comments?post=5590"}],"version-history":[{"count":0,"href":"https:\/\/proagrolab.com.ar\/en\/wp-json\/wp\/v2\/posts\/5590\/revisions"}],"wp:featuredmedia":[{"embeddable":true,"href":"https:\/\/proagrolab.com.ar\/en\/wp-json\/wp\/v2\/media\/2084"}],"wp:attachment":[{"href":"https:\/\/proagrolab.com.ar\/en\/wp-json\/wp\/v2\/media?parent=5590"}],"wp:term":[{"taxonomy":"category","embeddable":true,"href":"https:\/\/proagrolab.com.ar\/en\/wp-json\/wp\/v2\/categories?post=5590"},{"taxonomy":"post_tag","embeddable":true,"href":"https:\/\/proagrolab.com.ar\/en\/wp-json\/wp\/v2\/tags?post=5590"}],"curies":[{"name":"wp","href":"https:\/\/api.w.org\/{rel}","templated":true}]}}