{"id":5585,"date":"2013-07-31T00:00:01","date_gmt":"2013-07-31T00:00:01","guid":{"rendered":"https:\/\/proagrolab.com.ar\/los-toros-de-la-rural-tambien-son-una-defensa-frente-a-la-inflacion\/"},"modified":"2013-07-31T00:00:01","modified_gmt":"2013-07-31T00:00:01","slug":"los-toros-de-la-rural-tambien-son-una-defensa-frente-a-la-inflacion","status":"publish","type":"post","link":"https:\/\/proagrolab.com.ar\/en\/los-toros-de-la-rural-tambien-son-una-defensa-frente-a-la-inflacion\/","title":{"rendered":"Los toros de la Rural tambi\u00e9n son una defensa frente a la inflaci\u00f3n."},"content":{"rendered":"<p class=\"qtranxs-available-languages-message qtranxs-available-languages-message-en\"> <\/p><p>Adem\u00e1s de la calidad de los ejemplares, hubo m\u00e1s inter\u00e9s de las caba\u00f1as y los centros de gen\u00e9tica para invertir en reproductores que en 2012; la exposici\u00f3n termina hoy.<\/p>\n<p>Por Fernando Bertello.<\/p>\n<p>En una sala de ventas con una importante asistencia de compradores, la raza Angus hizo ayer su remate de machos y hembras tras la jura de sus animales la semana pasada.<\/p>\n<p>De esta manera, con la subasta de ayer, la Exposici\u00f3n Rural de Palermo, que finaliza hoy, complet\u00f3 los remates de las principales razas de carne , club que integran Angus, Hereford, Brangus y Braford.<\/p>\n<p>&#8220;Fue un excelente remate, con compradores muy exigentes y con mucho inter\u00e9s, sobre todo por los toros muy buenos&#8221;, se\u00f1al\u00f3 Gervasio S\u00e1enz Valiente, rematador ayer junto con su hermano, Fernando, por la firma S\u00e1enz Valiente, Bullrich y C\u00eda SA.<\/p>\n<p>En machos, el precio m\u00e1s alto fue para el box 170, un 1er. premio-Reservado Campe\u00f3n de la firma Terragarba, comprado por Gen\u00e9tica Global, Agrociam, La Rubeta y Ojea Rull\u00e1n Gen\u00e9tica, quienes pagaron $ 170.000 por el 50 por ciento del animal.<\/p>\n<p>&#8220;Es un toro funcional, muy productivo, con mucha calidad racial. Creemos que va a ser un toro muy importante para la raza&#8221;, subray\u00f3 Carlos Ojea Rull\u00e1n, integrante del grupo comprador.<\/p>\n<p>En tanto, el promedio de la venta de 41 toros de Angus marc\u00f3 44.341,46 pesos.<\/p>\n<p>Por el lado de las hembras, el precio m\u00e1s alto lo marc\u00f3 el box 299, 2\u00b0 premio y Reservado Campe\u00f3n Hembra en su categor\u00eda, del expositor Lucas Lagrange, adquirida en $ 120.000 por la empresa Don Benjam\u00edn. El promedio de 8 hembras fue $ 31.750.<\/p>\n<p>En general, respecto del a\u00f1o pasado se observ\u00f3 una recuperaci\u00f3n de los precios de los reproductores, pese al actual contexto de p\u00e9rdida de rentabilidad de la ganader\u00eda, que en el caso de los animales con destino a faena tienen valores estancados desde hace dos a\u00f1os.<\/p>\n<p>Si se observa lo sucedido con Angus y Hereford, en el caso de los machos hubo una mejora del 50% en los promedios. Vale recordar, no obstante, que es un dato que suele estar influido por si salen a la venta o los grandes campeones y la calidad de los animales.<\/p>\n<p>Angus hizo $ 28.851,06 el a\u00f1o pasado con 47 toros. Ahora, marc\u00f3 con 41 animales los $ 44.341,46 que representan en machos una suba del 53% respecto de 2012. Para Hereford, que el a\u00f1o pasado hizo un promedio de $ 31.473,68 con 19 toros, este a\u00f1o su promedio de machos fue 46.812 pesos, 48% m\u00e1s que en 2012.<\/p>\n<p>Las razones que ayer circulaban para explicar esta situaci\u00f3n a pesar de la crisis de la actividad son variadas. Y van desde la alta calidad de los animales expuestos hasta la inversi\u00f3n en reproductores como refugio de valor y la necesidad de defenderse de la inflaci\u00f3n.<\/p>\n<p>Otro motivo que se escuch\u00f3 es que algunos centros de inseminaci\u00f3n, habituales compradores importantes en Palermo, afrontan dificultades para importar semen (pese a que para carne s\u00f3lo se importa 10% del semen) y por eso ponen m\u00e1s foco sobre el mercado interno.<\/p>\n<p>A esto se suma una demanda de compradores de pa\u00edses vecinos que se hace sentir en razas como Brangus, que se destaca en el Norte. &#8220;Ocurre lo mismo que con las ventas de automotores: la gen\u00e9tica se valora como un refugio de mediano plazo contra la inflaci\u00f3n, y los compradores visualizan a la raza [Brangus] como una de las que tienen mayor potencial de crecimiento, en especial cuando vuelvan a aplicarse pol\u00edticas racionales para el sector. Otro condimento es Paraguay, cuyas exportaciones de carne superan a las nuestras, y donde el Brangus se constituye en la mejor opci\u00f3n para mejorar la calidad y consistencia de sus carnes&#8221;, dijo Mart\u00edn Garc\u00eda Fern\u00e1ndez, vicepresidente primero de la Asociaci\u00f3n Argentina de Brangus.<\/p>\n<p>En Brangus, en la edici\u00f3n 2013 de Palermo el promedio de los machos fue 72% m\u00e1s alto que el promedio de 2012 ($ 161.500 versus $ 94.000).<\/p>\n<p>Por el lado de la raza Braford, el a\u00f1o pasado cuatro machos marcaron un promedio de $ 57.500, mientras que en Palermo 2013 el promedio de 14 machos qued\u00f3 en $ 91.143.<\/p>\n<p>Al margen de los valores en la exposici\u00f3n, cuando se generalicen las ventas en las caba\u00f1as del interior se podr\u00e1 observar si en esos lugares, donde son compradores los productores que sufren la crisis de la actividad, hay tambi\u00e9n una recuperaci\u00f3n de los precios.<\/p>\n<p>Fuente: La Naci\u00f3n, 30 de julio.<br \/><\/p>","protected":false},"excerpt":{"rendered":"<p>Adem\u00e1s de la calidad de los ejemplares, hubo m\u00e1s inter\u00e9s de las caba\u00f1as y los centros de gen\u00e9tica para invertir en reproductores que en 2012; la exposici\u00f3n termina hoy. Por Fernando Bertello. En una sala de ventas con una importante asistencia de compradores, la raza Angus hizo ayer su remate de machos y hembras tras la jura de sus animales la semana pasada. De esta manera, con la subasta de ayer, la Exposici\u00f3n Rural de Palermo, que finaliza hoy, complet\u00f3 los remates de las principales razas de carne , club que integran Angus, Hereford, Brangus y Braford. &#8220;Fue un excelente remate, con compradores muy exigentes y con mucho inter\u00e9s, sobre todo por los toros muy buenos&#8221;, se\u00f1al\u00f3 Gervasio S\u00e1enz Valiente, rematador ayer junto con su hermano, Fernando, por la firma S\u00e1enz Valiente, Bullrich y C\u00eda SA. En machos, el precio m\u00e1s alto fue para el box 170, un 1er. premio-Reservado Campe\u00f3n de la firma Terragarba, comprado por Gen\u00e9tica Global, Agrociam, La Rubeta y Ojea Rull\u00e1n Gen\u00e9tica, quienes pagaron $ 170.000 por el 50 por ciento del animal. &#8220;Es un toro funcional, muy productivo, con mucha calidad racial. Creemos que va a ser un toro muy importante para la raza&#8221;, subray\u00f3 [&hellip;]<\/p>\n","protected":false},"author":2,"featured_media":2079,"comment_status":"closed","ping_status":"open","sticky":false,"template":"","format":"standard","meta":{"_acf_changed":false,"footnotes":""},"categories":[56],"tags":[],"class_list":["post-5585","post","type-post","status-publish","format-standard","has-post-thumbnail","hentry","category-infoganadero"],"acf":[],"yoast_head":"<!-- This site is optimized with the Yoast SEO plugin v27.5 - https:\/\/yoast.com\/product\/yoast-seo-wordpress\/ -->\n<title>Los toros de la Rural tambi\u00e9n son una defensa frente a la inflaci\u00f3n. | Proagro<\/title>\n<meta name=\"robots\" content=\"index, follow, max-snippet:-1, max-image-preview:large, max-video-preview:-1\" \/>\n<link rel=\"canonical\" href=\"https:\/\/proagrolab.com.ar\/en\/los-toros-de-la-rural-tambien-son-una-defensa-frente-a-la-inflacion\/\" \/>\n<meta property=\"og:locale\" content=\"en_US\" \/>\n<meta property=\"og:type\" content=\"article\" \/>\n<meta property=\"og:title\" content=\"Los toros de la Rural tambi\u00e9n son una defensa frente a la inflaci\u00f3n. | Proagro\" \/>\n<meta property=\"og:description\" content=\"Adem\u00e1s de la calidad de los ejemplares, hubo m\u00e1s inter\u00e9s de las caba\u00f1as y los centros de gen\u00e9tica para invertir en reproductores que en 2012; la exposici\u00f3n termina hoy. Por Fernando Bertello. En una sala de ventas con una importante asistencia de compradores, la raza Angus hizo ayer su remate de machos y hembras tras la jura de sus animales la semana pasada. De esta manera, con la subasta de ayer, la Exposici\u00f3n Rural de Palermo, que finaliza hoy, complet\u00f3 los remates de las principales razas de carne , club que integran Angus, Hereford, Brangus y Braford. &#8220;Fue un excelente remate, con compradores muy exigentes y con mucho inter\u00e9s, sobre todo por los toros muy buenos&#8221;, se\u00f1al\u00f3 Gervasio S\u00e1enz Valiente, rematador ayer junto con su hermano, Fernando, por la firma S\u00e1enz Valiente, Bullrich y C\u00eda SA. En machos, el precio m\u00e1s alto fue para el box 170, un 1er. premio-Reservado Campe\u00f3n de la firma Terragarba, comprado por Gen\u00e9tica Global, Agrociam, La Rubeta y Ojea Rull\u00e1n Gen\u00e9tica, quienes pagaron $ 170.000 por el 50 por ciento del animal. &#8220;Es un toro funcional, muy productivo, con mucha calidad racial. Creemos que va a ser un toro muy importante para la raza&#8221;, subray\u00f3 [&hellip;]\" \/>\n<meta property=\"og:url\" content=\"https:\/\/proagrolab.com.ar\/los-toros-de-la-rural-tambien-son-una-defensa-frente-a-la-inflacion\/\" \/>\n<meta property=\"og:site_name\" content=\"Proagro\" \/>\n<meta property=\"article:publisher\" content=\"http:\/\/www.facebook.com\/proagrolab\" \/>\n<meta property=\"article:published_time\" content=\"2013-07-31T00:00:01+00:00\" \/>\n<meta property=\"og:image\" content=\"https:\/\/proagrolab.com.ar\/wp-content\/uploads\/2015\/01\/g_4pvxvd2xa__Angus-en-la-Rural-2.jpg\" \/>\n\t<meta property=\"og:image:width\" content=\"450\" \/>\n\t<meta property=\"og:image:height\" content=\"208\" \/>\n\t<meta property=\"og:image:type\" content=\"image\/jpeg\" \/>\n<meta name=\"author\" content=\"proagrolab\" \/>\n<meta name=\"twitter:card\" content=\"summary_large_image\" \/>\n<meta name=\"twitter:label1\" content=\"Written by\" \/>\n\t<meta name=\"twitter:data1\" content=\"proagrolab\" \/>\n\t<meta name=\"twitter:label2\" content=\"Est. reading time\" \/>\n\t<meta name=\"twitter:data2\" content=\"4 minutes\" \/>\n<script type=\"application\/ld+json\" class=\"yoast-schema-graph\">{\"@context\":\"https:\\\/\\\/schema.org\",\"@graph\":[{\"@type\":\"Article\",\"@id\":\"https:\\\/\\\/proagrolab.com.ar\\\/los-toros-de-la-rural-tambien-son-una-defensa-frente-a-la-inflacion\\\/#article\",\"isPartOf\":{\"@id\":\"https:\\\/\\\/proagrolab.com.ar\\\/los-toros-de-la-rural-tambien-son-una-defensa-frente-a-la-inflacion\\\/\"},\"author\":{\"name\":\"proagrolab\",\"@id\":\"https:\\\/\\\/proagrolab.com.ar\\\/#\\\/schema\\\/person\\\/38003ff90bf80381f71c7d922d207444\"},\"headline\":\"Los toros de la Rural tambi\u00e9n son una defensa frente a la inflaci\u00f3n.\",\"datePublished\":\"2013-07-31T00:00:01+00:00\",\"mainEntityOfPage\":{\"@id\":\"https:\\\/\\\/proagrolab.com.ar\\\/los-toros-de-la-rural-tambien-son-una-defensa-frente-a-la-inflacion\\\/\"},\"wordCount\":761,\"publisher\":{\"@id\":\"https:\\\/\\\/proagrolab.com.ar\\\/#organization\"},\"image\":{\"@id\":\"https:\\\/\\\/proagrolab.com.ar\\\/los-toros-de-la-rural-tambien-son-una-defensa-frente-a-la-inflacion\\\/#primaryimage\"},\"thumbnailUrl\":\"https:\\\/\\\/proagrolab.com.ar\\\/wp-content\\\/uploads\\\/2015\\\/01\\\/g_4pvxvd2xa__Angus-en-la-Rural-2.jpg\",\"articleSection\":[\"News\"],\"inLanguage\":\"en-US\"},{\"@type\":\"WebPage\",\"@id\":\"https:\\\/\\\/proagrolab.com.ar\\\/los-toros-de-la-rural-tambien-son-una-defensa-frente-a-la-inflacion\\\/\",\"url\":\"https:\\\/\\\/proagrolab.com.ar\\\/los-toros-de-la-rural-tambien-son-una-defensa-frente-a-la-inflacion\\\/\",\"name\":\"Los toros de la Rural tambi\u00e9n son una defensa frente a la inflaci\u00f3n. | Proagro\",\"isPartOf\":{\"@id\":\"https:\\\/\\\/proagrolab.com.ar\\\/#website\"},\"primaryImageOfPage\":{\"@id\":\"https:\\\/\\\/proagrolab.com.ar\\\/los-toros-de-la-rural-tambien-son-una-defensa-frente-a-la-inflacion\\\/#primaryimage\"},\"image\":{\"@id\":\"https:\\\/\\\/proagrolab.com.ar\\\/los-toros-de-la-rural-tambien-son-una-defensa-frente-a-la-inflacion\\\/#primaryimage\"},\"thumbnailUrl\":\"https:\\\/\\\/proagrolab.com.ar\\\/wp-content\\\/uploads\\\/2015\\\/01\\\/g_4pvxvd2xa__Angus-en-la-Rural-2.jpg\",\"datePublished\":\"2013-07-31T00:00:01+00:00\",\"breadcrumb\":{\"@id\":\"https:\\\/\\\/proagrolab.com.ar\\\/los-toros-de-la-rural-tambien-son-una-defensa-frente-a-la-inflacion\\\/#breadcrumb\"},\"inLanguage\":\"en-US\",\"potentialAction\":[{\"@type\":\"ReadAction\",\"target\":[\"https:\\\/\\\/proagrolab.com.ar\\\/los-toros-de-la-rural-tambien-son-una-defensa-frente-a-la-inflacion\\\/\"]}]},{\"@type\":\"ImageObject\",\"inLanguage\":\"en-US\",\"@id\":\"https:\\\/\\\/proagrolab.com.ar\\\/los-toros-de-la-rural-tambien-son-una-defensa-frente-a-la-inflacion\\\/#primaryimage\",\"url\":\"https:\\\/\\\/proagrolab.com.ar\\\/wp-content\\\/uploads\\\/2015\\\/01\\\/g_4pvxvd2xa__Angus-en-la-Rural-2.jpg\",\"contentUrl\":\"https:\\\/\\\/proagrolab.com.ar\\\/wp-content\\\/uploads\\\/2015\\\/01\\\/g_4pvxvd2xa__Angus-en-la-Rural-2.jpg\",\"width\":450,\"height\":208},{\"@type\":\"BreadcrumbList\",\"@id\":\"https:\\\/\\\/proagrolab.com.ar\\\/los-toros-de-la-rural-tambien-son-una-defensa-frente-a-la-inflacion\\\/#breadcrumb\",\"itemListElement\":[{\"@type\":\"ListItem\",\"position\":1,\"name\":\"Portada\",\"item\":\"https:\\\/\\\/proagrolab.com.ar\\\/\"},{\"@type\":\"ListItem\",\"position\":2,\"name\":\"Los toros de la Rural tambi\u00e9n son una defensa frente a la inflaci\u00f3n.\"}]},{\"@type\":\"WebSite\",\"@id\":\"https:\\\/\\\/proagrolab.com.ar\\\/#website\",\"url\":\"https:\\\/\\\/proagrolab.com.ar\\\/\",\"name\":\"Proagro Laboratorio Veterinario\",\"description\":\"Veterinary laboratory\",\"publisher\":{\"@id\":\"https:\\\/\\\/proagrolab.com.ar\\\/#organization\"},\"potentialAction\":[{\"@type\":\"SearchAction\",\"target\":{\"@type\":\"EntryPoint\",\"urlTemplate\":\"https:\\\/\\\/proagrolab.com.ar\\\/?s={search_term_string}\"},\"query-input\":{\"@type\":\"PropertyValueSpecification\",\"valueRequired\":true,\"valueName\":\"search_term_string\"}}],\"inLanguage\":\"en-US\"},{\"@type\":\"Organization\",\"@id\":\"https:\\\/\\\/proagrolab.com.ar\\\/#organization\",\"name\":\"Proagro\",\"url\":\"https:\\\/\\\/proagrolab.com.ar\\\/\",\"logo\":{\"@type\":\"ImageObject\",\"inLanguage\":\"en-US\",\"@id\":\"https:\\\/\\\/proagrolab.com.ar\\\/#\\\/schema\\\/logo\\\/image\\\/\",\"url\":\"https:\\\/\\\/proagrolab.com.ar\\\/wp-content\\\/uploads\\\/2020\\\/04\\\/logo-retina.png\",\"contentUrl\":\"https:\\\/\\\/proagrolab.com.ar\\\/wp-content\\\/uploads\\\/2020\\\/04\\\/logo-retina.png\",\"width\":478,\"height\":120,\"caption\":\"Proagro\"},\"image\":{\"@id\":\"https:\\\/\\\/proagrolab.com.ar\\\/#\\\/schema\\\/logo\\\/image\\\/\"},\"sameAs\":[\"http:\\\/\\\/www.facebook.com\\\/proagrolab\",\"https:\\\/\\\/www.instagram.com\\\/proagrolab\\\/\",\"https:\\\/\\\/www.linkedin.com\\\/company\\\/laboratorio-proagro-s-a\\\/\"]},{\"@type\":\"Person\",\"@id\":\"https:\\\/\\\/proagrolab.com.ar\\\/#\\\/schema\\\/person\\\/38003ff90bf80381f71c7d922d207444\",\"name\":\"proagrolab\"}]}<\/script>\n<!-- \/ Yoast SEO plugin. -->","yoast_head_json":{"title":"Los toros de la Rural tambi\u00e9n son una defensa frente a la inflaci\u00f3n. | Proagro","robots":{"index":"index","follow":"follow","max-snippet":"max-snippet:-1","max-image-preview":"max-image-preview:large","max-video-preview":"max-video-preview:-1"},"canonical":"https:\/\/proagrolab.com.ar\/en\/los-toros-de-la-rural-tambien-son-una-defensa-frente-a-la-inflacion\/","og_locale":"en_US","og_type":"article","og_title":"Los toros de la Rural tambi\u00e9n son una defensa frente a la inflaci\u00f3n. | Proagro","og_description":"Adem\u00e1s de la calidad de los ejemplares, hubo m\u00e1s inter\u00e9s de las caba\u00f1as y los centros de gen\u00e9tica para invertir en reproductores que en 2012; la exposici\u00f3n termina hoy. Por Fernando Bertello. En una sala de ventas con una importante asistencia de compradores, la raza Angus hizo ayer su remate de machos y hembras tras la jura de sus animales la semana pasada. De esta manera, con la subasta de ayer, la Exposici\u00f3n Rural de Palermo, que finaliza hoy, complet\u00f3 los remates de las principales razas de carne , club que integran Angus, Hereford, Brangus y Braford. &#8220;Fue un excelente remate, con compradores muy exigentes y con mucho inter\u00e9s, sobre todo por los toros muy buenos&#8221;, se\u00f1al\u00f3 Gervasio S\u00e1enz Valiente, rematador ayer junto con su hermano, Fernando, por la firma S\u00e1enz Valiente, Bullrich y C\u00eda SA. En machos, el precio m\u00e1s alto fue para el box 170, un 1er. premio-Reservado Campe\u00f3n de la firma Terragarba, comprado por Gen\u00e9tica Global, Agrociam, La Rubeta y Ojea Rull\u00e1n Gen\u00e9tica, quienes pagaron $ 170.000 por el 50 por ciento del animal. &#8220;Es un toro funcional, muy productivo, con mucha calidad racial. Creemos que va a ser un toro muy importante para la raza&#8221;, subray\u00f3 [&hellip;]","og_url":"https:\/\/proagrolab.com.ar\/los-toros-de-la-rural-tambien-son-una-defensa-frente-a-la-inflacion\/","og_site_name":"Proagro","article_publisher":"http:\/\/www.facebook.com\/proagrolab","article_published_time":"2013-07-31T00:00:01+00:00","og_image":[{"width":450,"height":208,"url":"https:\/\/proagrolab.com.ar\/wp-content\/uploads\/2015\/01\/g_4pvxvd2xa__Angus-en-la-Rural-2.jpg","type":"image\/jpeg"}],"author":"proagrolab","twitter_card":"summary_large_image","twitter_misc":{"Written by":"proagrolab","Est. reading time":"4 minutes"},"schema":{"@context":"https:\/\/schema.org","@graph":[{"@type":"Article","@id":"https:\/\/proagrolab.com.ar\/los-toros-de-la-rural-tambien-son-una-defensa-frente-a-la-inflacion\/#article","isPartOf":{"@id":"https:\/\/proagrolab.com.ar\/los-toros-de-la-rural-tambien-son-una-defensa-frente-a-la-inflacion\/"},"author":{"name":"proagrolab","@id":"https:\/\/proagrolab.com.ar\/#\/schema\/person\/38003ff90bf80381f71c7d922d207444"},"headline":"Los toros de la Rural tambi\u00e9n son una defensa frente a la inflaci\u00f3n.","datePublished":"2013-07-31T00:00:01+00:00","mainEntityOfPage":{"@id":"https:\/\/proagrolab.com.ar\/los-toros-de-la-rural-tambien-son-una-defensa-frente-a-la-inflacion\/"},"wordCount":761,"publisher":{"@id":"https:\/\/proagrolab.com.ar\/#organization"},"image":{"@id":"https:\/\/proagrolab.com.ar\/los-toros-de-la-rural-tambien-son-una-defensa-frente-a-la-inflacion\/#primaryimage"},"thumbnailUrl":"https:\/\/proagrolab.com.ar\/wp-content\/uploads\/2015\/01\/g_4pvxvd2xa__Angus-en-la-Rural-2.jpg","articleSection":["News"],"inLanguage":"en-US"},{"@type":"WebPage","@id":"https:\/\/proagrolab.com.ar\/los-toros-de-la-rural-tambien-son-una-defensa-frente-a-la-inflacion\/","url":"https:\/\/proagrolab.com.ar\/los-toros-de-la-rural-tambien-son-una-defensa-frente-a-la-inflacion\/","name":"Los toros de la Rural tambi\u00e9n son una defensa frente a la inflaci\u00f3n. | Proagro","isPartOf":{"@id":"https:\/\/proagrolab.com.ar\/#website"},"primaryImageOfPage":{"@id":"https:\/\/proagrolab.com.ar\/los-toros-de-la-rural-tambien-son-una-defensa-frente-a-la-inflacion\/#primaryimage"},"image":{"@id":"https:\/\/proagrolab.com.ar\/los-toros-de-la-rural-tambien-son-una-defensa-frente-a-la-inflacion\/#primaryimage"},"thumbnailUrl":"https:\/\/proagrolab.com.ar\/wp-content\/uploads\/2015\/01\/g_4pvxvd2xa__Angus-en-la-Rural-2.jpg","datePublished":"2013-07-31T00:00:01+00:00","breadcrumb":{"@id":"https:\/\/proagrolab.com.ar\/los-toros-de-la-rural-tambien-son-una-defensa-frente-a-la-inflacion\/#breadcrumb"},"inLanguage":"en-US","potentialAction":[{"@type":"ReadAction","target":["https:\/\/proagrolab.com.ar\/los-toros-de-la-rural-tambien-son-una-defensa-frente-a-la-inflacion\/"]}]},{"@type":"ImageObject","inLanguage":"en-US","@id":"https:\/\/proagrolab.com.ar\/los-toros-de-la-rural-tambien-son-una-defensa-frente-a-la-inflacion\/#primaryimage","url":"https:\/\/proagrolab.com.ar\/wp-content\/uploads\/2015\/01\/g_4pvxvd2xa__Angus-en-la-Rural-2.jpg","contentUrl":"https:\/\/proagrolab.com.ar\/wp-content\/uploads\/2015\/01\/g_4pvxvd2xa__Angus-en-la-Rural-2.jpg","width":450,"height":208},{"@type":"BreadcrumbList","@id":"https:\/\/proagrolab.com.ar\/los-toros-de-la-rural-tambien-son-una-defensa-frente-a-la-inflacion\/#breadcrumb","itemListElement":[{"@type":"ListItem","position":1,"name":"Portada","item":"https:\/\/proagrolab.com.ar\/"},{"@type":"ListItem","position":2,"name":"Los toros de la Rural tambi\u00e9n son una defensa frente a la inflaci\u00f3n."}]},{"@type":"WebSite","@id":"https:\/\/proagrolab.com.ar\/#website","url":"https:\/\/proagrolab.com.ar\/","name":"Proagro Laboratorio Veterinario","description":"Veterinary laboratory","publisher":{"@id":"https:\/\/proagrolab.com.ar\/#organization"},"potentialAction":[{"@type":"SearchAction","target":{"@type":"EntryPoint","urlTemplate":"https:\/\/proagrolab.com.ar\/?s={search_term_string}"},"query-input":{"@type":"PropertyValueSpecification","valueRequired":true,"valueName":"search_term_string"}}],"inLanguage":"en-US"},{"@type":"Organization","@id":"https:\/\/proagrolab.com.ar\/#organization","name":"Proagro","url":"https:\/\/proagrolab.com.ar\/","logo":{"@type":"ImageObject","inLanguage":"en-US","@id":"https:\/\/proagrolab.com.ar\/#\/schema\/logo\/image\/","url":"https:\/\/proagrolab.com.ar\/wp-content\/uploads\/2020\/04\/logo-retina.png","contentUrl":"https:\/\/proagrolab.com.ar\/wp-content\/uploads\/2020\/04\/logo-retina.png","width":478,"height":120,"caption":"Proagro"},"image":{"@id":"https:\/\/proagrolab.com.ar\/#\/schema\/logo\/image\/"},"sameAs":["http:\/\/www.facebook.com\/proagrolab","https:\/\/www.instagram.com\/proagrolab\/","https:\/\/www.linkedin.com\/company\/laboratorio-proagro-s-a\/"]},{"@type":"Person","@id":"https:\/\/proagrolab.com.ar\/#\/schema\/person\/38003ff90bf80381f71c7d922d207444","name":"proagrolab"}]}},"_links":{"self":[{"href":"https:\/\/proagrolab.com.ar\/en\/wp-json\/wp\/v2\/posts\/5585","targetHints":{"allow":["GET"]}}],"collection":[{"href":"https:\/\/proagrolab.com.ar\/en\/wp-json\/wp\/v2\/posts"}],"about":[{"href":"https:\/\/proagrolab.com.ar\/en\/wp-json\/wp\/v2\/types\/post"}],"author":[{"embeddable":true,"href":"https:\/\/proagrolab.com.ar\/en\/wp-json\/wp\/v2\/users\/2"}],"replies":[{"embeddable":true,"href":"https:\/\/proagrolab.com.ar\/en\/wp-json\/wp\/v2\/comments?post=5585"}],"version-history":[{"count":0,"href":"https:\/\/proagrolab.com.ar\/en\/wp-json\/wp\/v2\/posts\/5585\/revisions"}],"wp:featuredmedia":[{"embeddable":true,"href":"https:\/\/proagrolab.com.ar\/en\/wp-json\/wp\/v2\/media\/2079"}],"wp:attachment":[{"href":"https:\/\/proagrolab.com.ar\/en\/wp-json\/wp\/v2\/media?parent=5585"}],"wp:term":[{"taxonomy":"category","embeddable":true,"href":"https:\/\/proagrolab.com.ar\/en\/wp-json\/wp\/v2\/categories?post=5585"},{"taxonomy":"post_tag","embeddable":true,"href":"https:\/\/proagrolab.com.ar\/en\/wp-json\/wp\/v2\/tags?post=5585"}],"curies":[{"name":"wp","href":"https:\/\/api.w.org\/{rel}","templated":true}]}}