{"id":5584,"date":"2013-07-31T00:00:01","date_gmt":"2013-07-31T00:00:01","guid":{"rendered":"https:\/\/proagrolab.com.ar\/un-acalorado-debate-detras-del-discurso-de-etchevehere\/"},"modified":"2013-07-31T00:00:01","modified_gmt":"2013-07-31T00:00:01","slug":"un-acalorado-debate-detras-del-discurso-de-etchevehere","status":"publish","type":"post","link":"https:\/\/proagrolab.com.ar\/en\/un-acalorado-debate-detras-del-discurso-de-etchevehere\/","title":{"rendered":"Un acalorado debate detr\u00e1s del discurso de Etchevehere."},"content":{"rendered":"<p class=\"qtranxs-available-languages-message qtranxs-available-languages-message-en\"> <\/p><p>Por Cristian Mira.<\/p>\n<p>Fue el propio presidente de la Sociedad Rural Argentina (SRA), Luis Miguel Etchevehere, quien inclin\u00f3 la balanza dentro de la comisi\u00f3n directiva de la entidad entre quienes sosten\u00edan que su discurso deb\u00eda ser m\u00e1s pol\u00edtico que gremial-agropecuario.<\/p>\n<p>Etchevehere se viene apoyando en un grupo de directores que est\u00e1 impulsando una renovaci\u00f3n generacional de la SRA. Ese proceso comenz\u00f3 durante la gesti\u00f3n de su antecesor inmediato, Hugo Luis Biolcati, y contin\u00faa desde que el ruralista de Entre R\u00edos fue elegido presidente de la SRA, en septiembre del a\u00f1o pasado. En ese grupo se cuentan el director de Acci\u00f3n Gremial, Mart\u00edn Facundo Lisazo; el de Prensa, Mart\u00edn Goldstein, y el de Relaciones Institucionales, Ricardo Smith Estrada. Fue Goldstein quien discuti\u00f3 con otros directores de la vieja guardia, m\u00e1s ligados a las asociaciones de criadores, sobre la necesidad de que las palabras del presidente de la SRA tuvieran un tono claramente pol\u00edtico.<\/p>\n<p>Algunas fuentes aseguran que en una de las reuniones de la comisi\u00f3n directiva en la que se ley\u00f3 el discurso del presidente de la entidad para su aprobaci\u00f3n, ante las objeciones sobre la dureza de las palabras, hubo un pase de facturas. &#8220;Ustedes no estuvieron cuando hubo que defender Palermo&#8221;, dijo uno de los directores cuando Etchevehere convoc\u00f3 a los socios de la SRA y a los productores que resistieran en el propio predio el intento de expropiaci\u00f3n del Gobierno. &#8220;Si hace falta, la Rural la vamos a hacer desde un caj\u00f3n de manzanas&#8221;, dijo en ese entonces el presidente de la SRA.<\/p>\n<p>El ala m\u00e1s conservadora pretend\u00eda que el discurso hiciera hincapi\u00e9 en las cuestiones agropecuarias, como la intervenci\u00f3n del Gobierno en los mercados de trigo y de ma\u00edz y las limitaciones al comercio de carne. Estos temas estuvieron presentes en el discurso, pero fueron los que menos repercusi\u00f3n tuvieron en el acto inaugural, acaso porque son una constante de los \u00faltimos cinco a\u00f1os. En lo que s\u00ed coinciden unos y otros es en que no hac\u00eda falta detallar los problemas que tiene el campo, como antiguamente sol\u00edan hacer los presidentes de la SRA en sus discursos. &#8220;Ya los contamos durante el resto del a\u00f1o&#8221;, dijo uno de los directores.<\/p>\n<p>Respecto de la redacci\u00f3n del discurso, en la SRA dicen que fue el propio Etchevehere el que se encarg\u00f3 de hacerlo y que lo fue modificando con diversos aportes internos. Otros aseguran que los escribi\u00f3 H\u00e9ctor Berra, licenciado en Filosof\u00eda, director de teatro y televisi\u00f3n, y director creativo de los museos de Boca Juniors y River Plate, quien ya hab\u00eda intervenido en los discursos de Biolcati. Todos descartan que haya habido consultas a otras instituciones empresarias o sociales.<\/p>\n<p>El discurso se conserva con tal celo que ni siquiera circula por correo electr\u00f3nico entre los directivos. Esta vez, adem\u00e1s, se omitieron las referencias hist\u00f3ricas que Biolcati o Luciano Miguens sol\u00edan introducir en sus discursos y se reemplazaron por t\u00e9rminos directos e incluso sarc\u00e1sticos, como las referencias a las b\u00f3vedas o las bolsas con dinero.<\/p>\n<p>Ayer, el propio Etchevehere defendi\u00f3 el tono de sus palabras. En un encuentro con la prensa dijo que &#8220;la primera parte del discurso se hizo con los t\u00edtulos de los diarios publicados los \u00faltimos 10 a\u00f1os y la segunda parte es un llamado a la unidad, un ofrecimiento del campo a ser parte de la soluci\u00f3n del pa\u00eds para que pueda liberar todo su potencial&#8221;.<\/p>\n<p>El s\u00e1bado, el presidente de la SRA acus\u00f3 al Gobierno de mentir con el \u00edndice de inflaci\u00f3n y la cantidad de pobreza y lo responsabiliz\u00f3 por los hechos de corrupci\u00f3n, por los muertos de la inundaci\u00f3n en La Plata y el accidente ferroviario de Once, y por haber malgastado las divisas que gener\u00f3 el sector agropecuario en los \u00faltimos diez a\u00f1os por los elevados precios internacionales de los granos.<\/p>\n<p>Ese tono directo incomod\u00f3 a los dirigentes de la UIA que concurrieron al acto inaugural. Para los directivos de la SRA, en cambio, Etchevehere sali\u00f3 fortalecido y mostr\u00f3 el perfil netamente opositor que reclaman hoy los productores agropecuarios.<\/p>\n<p>Fuente: La Naci\u00f3n, 31 de julio.<br \/><\/p>","protected":false},"excerpt":{"rendered":"<p>Por Cristian Mira. Fue el propio presidente de la Sociedad Rural Argentina (SRA), Luis Miguel Etchevehere, quien inclin\u00f3 la balanza dentro de la comisi\u00f3n directiva de la entidad entre quienes sosten\u00edan que su discurso deb\u00eda ser m\u00e1s pol\u00edtico que gremial-agropecuario. Etchevehere se viene apoyando en un grupo de directores que est\u00e1 impulsando una renovaci\u00f3n generacional de la SRA. Ese proceso comenz\u00f3 durante la gesti\u00f3n de su antecesor inmediato, Hugo Luis Biolcati, y contin\u00faa desde que el ruralista de Entre R\u00edos fue elegido presidente de la SRA, en septiembre del a\u00f1o pasado. En ese grupo se cuentan el director de Acci\u00f3n Gremial, Mart\u00edn Facundo Lisazo; el de Prensa, Mart\u00edn Goldstein, y el de Relaciones Institucionales, Ricardo Smith Estrada. Fue Goldstein quien discuti\u00f3 con otros directores de la vieja guardia, m\u00e1s ligados a las asociaciones de criadores, sobre la necesidad de que las palabras del presidente de la SRA tuvieran un tono claramente pol\u00edtico. Algunas fuentes aseguran que en una de las reuniones de la comisi\u00f3n directiva en la que se ley\u00f3 el discurso del presidente de la entidad para su aprobaci\u00f3n, ante las objeciones sobre la dureza de las palabras, hubo un pase de facturas. &#8220;Ustedes no estuvieron cuando hubo que [&hellip;]<\/p>\n","protected":false},"author":2,"featured_media":2078,"comment_status":"closed","ping_status":"open","sticky":false,"template":"","format":"standard","meta":{"_acf_changed":false,"footnotes":""},"categories":[56],"tags":[],"class_list":["post-5584","post","type-post","status-publish","format-standard","has-post-thumbnail","hentry","category-infoganadero"],"acf":[],"yoast_head":"<!-- This site is optimized with the Yoast SEO plugin v27.5 - https:\/\/yoast.com\/product\/yoast-seo-wordpress\/ -->\n<title>Un acalorado debate detr\u00e1s del discurso de Etchevehere. | Proagro<\/title>\n<meta name=\"robots\" content=\"index, follow, max-snippet:-1, max-image-preview:large, max-video-preview:-1\" \/>\n<link rel=\"canonical\" href=\"https:\/\/proagrolab.com.ar\/en\/un-acalorado-debate-detras-del-discurso-de-etchevehere\/\" \/>\n<meta property=\"og:locale\" content=\"en_US\" \/>\n<meta property=\"og:type\" content=\"article\" \/>\n<meta property=\"og:title\" content=\"Un acalorado debate detr\u00e1s del discurso de Etchevehere. | Proagro\" \/>\n<meta property=\"og:description\" content=\"Por Cristian Mira. Fue el propio presidente de la Sociedad Rural Argentina (SRA), Luis Miguel Etchevehere, quien inclin\u00f3 la balanza dentro de la comisi\u00f3n directiva de la entidad entre quienes sosten\u00edan que su discurso deb\u00eda ser m\u00e1s pol\u00edtico que gremial-agropecuario. Etchevehere se viene apoyando en un grupo de directores que est\u00e1 impulsando una renovaci\u00f3n generacional de la SRA. Ese proceso comenz\u00f3 durante la gesti\u00f3n de su antecesor inmediato, Hugo Luis Biolcati, y contin\u00faa desde que el ruralista de Entre R\u00edos fue elegido presidente de la SRA, en septiembre del a\u00f1o pasado. En ese grupo se cuentan el director de Acci\u00f3n Gremial, Mart\u00edn Facundo Lisazo; el de Prensa, Mart\u00edn Goldstein, y el de Relaciones Institucionales, Ricardo Smith Estrada. Fue Goldstein quien discuti\u00f3 con otros directores de la vieja guardia, m\u00e1s ligados a las asociaciones de criadores, sobre la necesidad de que las palabras del presidente de la SRA tuvieran un tono claramente pol\u00edtico. Algunas fuentes aseguran que en una de las reuniones de la comisi\u00f3n directiva en la que se ley\u00f3 el discurso del presidente de la entidad para su aprobaci\u00f3n, ante las objeciones sobre la dureza de las palabras, hubo un pase de facturas. &#8220;Ustedes no estuvieron cuando hubo que [&hellip;]\" \/>\n<meta property=\"og:url\" content=\"https:\/\/proagrolab.com.ar\/un-acalorado-debate-detras-del-discurso-de-etchevehere\/\" \/>\n<meta property=\"og:site_name\" content=\"Proagro\" \/>\n<meta property=\"article:publisher\" content=\"http:\/\/www.facebook.com\/proagrolab\" \/>\n<meta property=\"article:published_time\" content=\"2013-07-31T00:00:01+00:00\" \/>\n<meta property=\"og:image\" content=\"https:\/\/proagrolab.com.ar\/wp-content\/uploads\/2015\/01\/g_tfnvz4840__Etchevehere-2013.jpg\" \/>\n\t<meta property=\"og:image:width\" content=\"450\" \/>\n\t<meta property=\"og:image:height\" content=\"208\" \/>\n\t<meta property=\"og:image:type\" content=\"image\/jpeg\" \/>\n<meta name=\"author\" content=\"proagrolab\" \/>\n<meta name=\"twitter:card\" content=\"summary_large_image\" \/>\n<meta name=\"twitter:label1\" content=\"Written by\" \/>\n\t<meta name=\"twitter:data1\" content=\"proagrolab\" \/>\n\t<meta name=\"twitter:label2\" content=\"Est. reading time\" \/>\n\t<meta name=\"twitter:data2\" content=\"4 minutes\" \/>\n<script type=\"application\/ld+json\" class=\"yoast-schema-graph\">{\"@context\":\"https:\\\/\\\/schema.org\",\"@graph\":[{\"@type\":\"Article\",\"@id\":\"https:\\\/\\\/proagrolab.com.ar\\\/un-acalorado-debate-detras-del-discurso-de-etchevehere\\\/#article\",\"isPartOf\":{\"@id\":\"https:\\\/\\\/proagrolab.com.ar\\\/un-acalorado-debate-detras-del-discurso-de-etchevehere\\\/\"},\"author\":{\"name\":\"proagrolab\",\"@id\":\"https:\\\/\\\/proagrolab.com.ar\\\/#\\\/schema\\\/person\\\/38003ff90bf80381f71c7d922d207444\"},\"headline\":\"Un acalorado debate detr\u00e1s del discurso de Etchevehere.\",\"datePublished\":\"2013-07-31T00:00:01+00:00\",\"mainEntityOfPage\":{\"@id\":\"https:\\\/\\\/proagrolab.com.ar\\\/un-acalorado-debate-detras-del-discurso-de-etchevehere\\\/\"},\"wordCount\":731,\"publisher\":{\"@id\":\"https:\\\/\\\/proagrolab.com.ar\\\/#organization\"},\"image\":{\"@id\":\"https:\\\/\\\/proagrolab.com.ar\\\/un-acalorado-debate-detras-del-discurso-de-etchevehere\\\/#primaryimage\"},\"thumbnailUrl\":\"https:\\\/\\\/proagrolab.com.ar\\\/wp-content\\\/uploads\\\/2015\\\/01\\\/g_tfnvz4840__Etchevehere-2013.jpg\",\"articleSection\":[\"News\"],\"inLanguage\":\"en-US\"},{\"@type\":\"WebPage\",\"@id\":\"https:\\\/\\\/proagrolab.com.ar\\\/un-acalorado-debate-detras-del-discurso-de-etchevehere\\\/\",\"url\":\"https:\\\/\\\/proagrolab.com.ar\\\/un-acalorado-debate-detras-del-discurso-de-etchevehere\\\/\",\"name\":\"Un acalorado debate detr\u00e1s del discurso de Etchevehere. | Proagro\",\"isPartOf\":{\"@id\":\"https:\\\/\\\/proagrolab.com.ar\\\/#website\"},\"primaryImageOfPage\":{\"@id\":\"https:\\\/\\\/proagrolab.com.ar\\\/un-acalorado-debate-detras-del-discurso-de-etchevehere\\\/#primaryimage\"},\"image\":{\"@id\":\"https:\\\/\\\/proagrolab.com.ar\\\/un-acalorado-debate-detras-del-discurso-de-etchevehere\\\/#primaryimage\"},\"thumbnailUrl\":\"https:\\\/\\\/proagrolab.com.ar\\\/wp-content\\\/uploads\\\/2015\\\/01\\\/g_tfnvz4840__Etchevehere-2013.jpg\",\"datePublished\":\"2013-07-31T00:00:01+00:00\",\"breadcrumb\":{\"@id\":\"https:\\\/\\\/proagrolab.com.ar\\\/un-acalorado-debate-detras-del-discurso-de-etchevehere\\\/#breadcrumb\"},\"inLanguage\":\"en-US\",\"potentialAction\":[{\"@type\":\"ReadAction\",\"target\":[\"https:\\\/\\\/proagrolab.com.ar\\\/un-acalorado-debate-detras-del-discurso-de-etchevehere\\\/\"]}]},{\"@type\":\"ImageObject\",\"inLanguage\":\"en-US\",\"@id\":\"https:\\\/\\\/proagrolab.com.ar\\\/un-acalorado-debate-detras-del-discurso-de-etchevehere\\\/#primaryimage\",\"url\":\"https:\\\/\\\/proagrolab.com.ar\\\/wp-content\\\/uploads\\\/2015\\\/01\\\/g_tfnvz4840__Etchevehere-2013.jpg\",\"contentUrl\":\"https:\\\/\\\/proagrolab.com.ar\\\/wp-content\\\/uploads\\\/2015\\\/01\\\/g_tfnvz4840__Etchevehere-2013.jpg\",\"width\":450,\"height\":208},{\"@type\":\"BreadcrumbList\",\"@id\":\"https:\\\/\\\/proagrolab.com.ar\\\/un-acalorado-debate-detras-del-discurso-de-etchevehere\\\/#breadcrumb\",\"itemListElement\":[{\"@type\":\"ListItem\",\"position\":1,\"name\":\"Portada\",\"item\":\"https:\\\/\\\/proagrolab.com.ar\\\/\"},{\"@type\":\"ListItem\",\"position\":2,\"name\":\"Un acalorado debate detr\u00e1s del discurso de Etchevehere.\"}]},{\"@type\":\"WebSite\",\"@id\":\"https:\\\/\\\/proagrolab.com.ar\\\/#website\",\"url\":\"https:\\\/\\\/proagrolab.com.ar\\\/\",\"name\":\"Proagro Laboratorio Veterinario\",\"description\":\"Veterinary laboratory\",\"publisher\":{\"@id\":\"https:\\\/\\\/proagrolab.com.ar\\\/#organization\"},\"potentialAction\":[{\"@type\":\"SearchAction\",\"target\":{\"@type\":\"EntryPoint\",\"urlTemplate\":\"https:\\\/\\\/proagrolab.com.ar\\\/?s={search_term_string}\"},\"query-input\":{\"@type\":\"PropertyValueSpecification\",\"valueRequired\":true,\"valueName\":\"search_term_string\"}}],\"inLanguage\":\"en-US\"},{\"@type\":\"Organization\",\"@id\":\"https:\\\/\\\/proagrolab.com.ar\\\/#organization\",\"name\":\"Proagro\",\"url\":\"https:\\\/\\\/proagrolab.com.ar\\\/\",\"logo\":{\"@type\":\"ImageObject\",\"inLanguage\":\"en-US\",\"@id\":\"https:\\\/\\\/proagrolab.com.ar\\\/#\\\/schema\\\/logo\\\/image\\\/\",\"url\":\"https:\\\/\\\/proagrolab.com.ar\\\/wp-content\\\/uploads\\\/2020\\\/04\\\/logo-retina.png\",\"contentUrl\":\"https:\\\/\\\/proagrolab.com.ar\\\/wp-content\\\/uploads\\\/2020\\\/04\\\/logo-retina.png\",\"width\":478,\"height\":120,\"caption\":\"Proagro\"},\"image\":{\"@id\":\"https:\\\/\\\/proagrolab.com.ar\\\/#\\\/schema\\\/logo\\\/image\\\/\"},\"sameAs\":[\"http:\\\/\\\/www.facebook.com\\\/proagrolab\",\"https:\\\/\\\/www.instagram.com\\\/proagrolab\\\/\",\"https:\\\/\\\/www.linkedin.com\\\/company\\\/laboratorio-proagro-s-a\\\/\"]},{\"@type\":\"Person\",\"@id\":\"https:\\\/\\\/proagrolab.com.ar\\\/#\\\/schema\\\/person\\\/38003ff90bf80381f71c7d922d207444\",\"name\":\"proagrolab\"}]}<\/script>\n<!-- \/ Yoast SEO plugin. -->","yoast_head_json":{"title":"Un acalorado debate detr\u00e1s del discurso de Etchevehere. | Proagro","robots":{"index":"index","follow":"follow","max-snippet":"max-snippet:-1","max-image-preview":"max-image-preview:large","max-video-preview":"max-video-preview:-1"},"canonical":"https:\/\/proagrolab.com.ar\/en\/un-acalorado-debate-detras-del-discurso-de-etchevehere\/","og_locale":"en_US","og_type":"article","og_title":"Un acalorado debate detr\u00e1s del discurso de Etchevehere. | Proagro","og_description":"Por Cristian Mira. Fue el propio presidente de la Sociedad Rural Argentina (SRA), Luis Miguel Etchevehere, quien inclin\u00f3 la balanza dentro de la comisi\u00f3n directiva de la entidad entre quienes sosten\u00edan que su discurso deb\u00eda ser m\u00e1s pol\u00edtico que gremial-agropecuario. Etchevehere se viene apoyando en un grupo de directores que est\u00e1 impulsando una renovaci\u00f3n generacional de la SRA. Ese proceso comenz\u00f3 durante la gesti\u00f3n de su antecesor inmediato, Hugo Luis Biolcati, y contin\u00faa desde que el ruralista de Entre R\u00edos fue elegido presidente de la SRA, en septiembre del a\u00f1o pasado. En ese grupo se cuentan el director de Acci\u00f3n Gremial, Mart\u00edn Facundo Lisazo; el de Prensa, Mart\u00edn Goldstein, y el de Relaciones Institucionales, Ricardo Smith Estrada. Fue Goldstein quien discuti\u00f3 con otros directores de la vieja guardia, m\u00e1s ligados a las asociaciones de criadores, sobre la necesidad de que las palabras del presidente de la SRA tuvieran un tono claramente pol\u00edtico. Algunas fuentes aseguran que en una de las reuniones de la comisi\u00f3n directiva en la que se ley\u00f3 el discurso del presidente de la entidad para su aprobaci\u00f3n, ante las objeciones sobre la dureza de las palabras, hubo un pase de facturas. &#8220;Ustedes no estuvieron cuando hubo que [&hellip;]","og_url":"https:\/\/proagrolab.com.ar\/un-acalorado-debate-detras-del-discurso-de-etchevehere\/","og_site_name":"Proagro","article_publisher":"http:\/\/www.facebook.com\/proagrolab","article_published_time":"2013-07-31T00:00:01+00:00","og_image":[{"width":450,"height":208,"url":"https:\/\/proagrolab.com.ar\/wp-content\/uploads\/2015\/01\/g_tfnvz4840__Etchevehere-2013.jpg","type":"image\/jpeg"}],"author":"proagrolab","twitter_card":"summary_large_image","twitter_misc":{"Written by":"proagrolab","Est. reading time":"4 minutes"},"schema":{"@context":"https:\/\/schema.org","@graph":[{"@type":"Article","@id":"https:\/\/proagrolab.com.ar\/un-acalorado-debate-detras-del-discurso-de-etchevehere\/#article","isPartOf":{"@id":"https:\/\/proagrolab.com.ar\/un-acalorado-debate-detras-del-discurso-de-etchevehere\/"},"author":{"name":"proagrolab","@id":"https:\/\/proagrolab.com.ar\/#\/schema\/person\/38003ff90bf80381f71c7d922d207444"},"headline":"Un acalorado debate detr\u00e1s del discurso de Etchevehere.","datePublished":"2013-07-31T00:00:01+00:00","mainEntityOfPage":{"@id":"https:\/\/proagrolab.com.ar\/un-acalorado-debate-detras-del-discurso-de-etchevehere\/"},"wordCount":731,"publisher":{"@id":"https:\/\/proagrolab.com.ar\/#organization"},"image":{"@id":"https:\/\/proagrolab.com.ar\/un-acalorado-debate-detras-del-discurso-de-etchevehere\/#primaryimage"},"thumbnailUrl":"https:\/\/proagrolab.com.ar\/wp-content\/uploads\/2015\/01\/g_tfnvz4840__Etchevehere-2013.jpg","articleSection":["News"],"inLanguage":"en-US"},{"@type":"WebPage","@id":"https:\/\/proagrolab.com.ar\/un-acalorado-debate-detras-del-discurso-de-etchevehere\/","url":"https:\/\/proagrolab.com.ar\/un-acalorado-debate-detras-del-discurso-de-etchevehere\/","name":"Un acalorado debate detr\u00e1s del discurso de Etchevehere. | Proagro","isPartOf":{"@id":"https:\/\/proagrolab.com.ar\/#website"},"primaryImageOfPage":{"@id":"https:\/\/proagrolab.com.ar\/un-acalorado-debate-detras-del-discurso-de-etchevehere\/#primaryimage"},"image":{"@id":"https:\/\/proagrolab.com.ar\/un-acalorado-debate-detras-del-discurso-de-etchevehere\/#primaryimage"},"thumbnailUrl":"https:\/\/proagrolab.com.ar\/wp-content\/uploads\/2015\/01\/g_tfnvz4840__Etchevehere-2013.jpg","datePublished":"2013-07-31T00:00:01+00:00","breadcrumb":{"@id":"https:\/\/proagrolab.com.ar\/un-acalorado-debate-detras-del-discurso-de-etchevehere\/#breadcrumb"},"inLanguage":"en-US","potentialAction":[{"@type":"ReadAction","target":["https:\/\/proagrolab.com.ar\/un-acalorado-debate-detras-del-discurso-de-etchevehere\/"]}]},{"@type":"ImageObject","inLanguage":"en-US","@id":"https:\/\/proagrolab.com.ar\/un-acalorado-debate-detras-del-discurso-de-etchevehere\/#primaryimage","url":"https:\/\/proagrolab.com.ar\/wp-content\/uploads\/2015\/01\/g_tfnvz4840__Etchevehere-2013.jpg","contentUrl":"https:\/\/proagrolab.com.ar\/wp-content\/uploads\/2015\/01\/g_tfnvz4840__Etchevehere-2013.jpg","width":450,"height":208},{"@type":"BreadcrumbList","@id":"https:\/\/proagrolab.com.ar\/un-acalorado-debate-detras-del-discurso-de-etchevehere\/#breadcrumb","itemListElement":[{"@type":"ListItem","position":1,"name":"Portada","item":"https:\/\/proagrolab.com.ar\/"},{"@type":"ListItem","position":2,"name":"Un acalorado debate detr\u00e1s del discurso de Etchevehere."}]},{"@type":"WebSite","@id":"https:\/\/proagrolab.com.ar\/#website","url":"https:\/\/proagrolab.com.ar\/","name":"Proagro Laboratorio Veterinario","description":"Veterinary laboratory","publisher":{"@id":"https:\/\/proagrolab.com.ar\/#organization"},"potentialAction":[{"@type":"SearchAction","target":{"@type":"EntryPoint","urlTemplate":"https:\/\/proagrolab.com.ar\/?s={search_term_string}"},"query-input":{"@type":"PropertyValueSpecification","valueRequired":true,"valueName":"search_term_string"}}],"inLanguage":"en-US"},{"@type":"Organization","@id":"https:\/\/proagrolab.com.ar\/#organization","name":"Proagro","url":"https:\/\/proagrolab.com.ar\/","logo":{"@type":"ImageObject","inLanguage":"en-US","@id":"https:\/\/proagrolab.com.ar\/#\/schema\/logo\/image\/","url":"https:\/\/proagrolab.com.ar\/wp-content\/uploads\/2020\/04\/logo-retina.png","contentUrl":"https:\/\/proagrolab.com.ar\/wp-content\/uploads\/2020\/04\/logo-retina.png","width":478,"height":120,"caption":"Proagro"},"image":{"@id":"https:\/\/proagrolab.com.ar\/#\/schema\/logo\/image\/"},"sameAs":["http:\/\/www.facebook.com\/proagrolab","https:\/\/www.instagram.com\/proagrolab\/","https:\/\/www.linkedin.com\/company\/laboratorio-proagro-s-a\/"]},{"@type":"Person","@id":"https:\/\/proagrolab.com.ar\/#\/schema\/person\/38003ff90bf80381f71c7d922d207444","name":"proagrolab"}]}},"_links":{"self":[{"href":"https:\/\/proagrolab.com.ar\/en\/wp-json\/wp\/v2\/posts\/5584","targetHints":{"allow":["GET"]}}],"collection":[{"href":"https:\/\/proagrolab.com.ar\/en\/wp-json\/wp\/v2\/posts"}],"about":[{"href":"https:\/\/proagrolab.com.ar\/en\/wp-json\/wp\/v2\/types\/post"}],"author":[{"embeddable":true,"href":"https:\/\/proagrolab.com.ar\/en\/wp-json\/wp\/v2\/users\/2"}],"replies":[{"embeddable":true,"href":"https:\/\/proagrolab.com.ar\/en\/wp-json\/wp\/v2\/comments?post=5584"}],"version-history":[{"count":0,"href":"https:\/\/proagrolab.com.ar\/en\/wp-json\/wp\/v2\/posts\/5584\/revisions"}],"wp:featuredmedia":[{"embeddable":true,"href":"https:\/\/proagrolab.com.ar\/en\/wp-json\/wp\/v2\/media\/2078"}],"wp:attachment":[{"href":"https:\/\/proagrolab.com.ar\/en\/wp-json\/wp\/v2\/media?parent=5584"}],"wp:term":[{"taxonomy":"category","embeddable":true,"href":"https:\/\/proagrolab.com.ar\/en\/wp-json\/wp\/v2\/categories?post=5584"},{"taxonomy":"post_tag","embeddable":true,"href":"https:\/\/proagrolab.com.ar\/en\/wp-json\/wp\/v2\/tags?post=5584"}],"curies":[{"name":"wp","href":"https:\/\/api.w.org\/{rel}","templated":true}]}}