{"id":5581,"date":"2013-07-29T00:00:01","date_gmt":"2013-07-29T00:00:01","guid":{"rendered":"https:\/\/proagrolab.com.ar\/el-deterioro-de-los-precios-desalienta-la-produccion-ganadera-en-la-argentina\/"},"modified":"2013-07-29T00:00:01","modified_gmt":"2013-07-29T00:00:01","slug":"el-deterioro-de-los-precios-desalienta-la-produccion-ganadera-en-la-argentina","status":"publish","type":"post","link":"https:\/\/proagrolab.com.ar\/en\/el-deterioro-de-los-precios-desalienta-la-produccion-ganadera-en-la-argentina\/","title":{"rendered":"El deterioro de los precios desalienta la producci\u00f3n ganadera en la Argentina."},"content":{"rendered":"<p class=\"qtranxs-available-languages-message qtranxs-available-languages-message-en\"> <\/p><p>Por Carlos Mar\u00edn Moreno.<\/p>\n<p>Precios ganaderos congelados en los \u00faltimos 24 meses y costos que suben al ritmo de la inflaci\u00f3n esmerilan r\u00e1pido el inter\u00e9s de los productores por la actividad vacuna. Definitivamente, la retenci\u00f3n ganadera se interrumpi\u00f3 y ya hay empresarios que no reponen toda de la hacienda vendida al avizorar precios poco rentables en el futuro (ver p\u00e1gina 6).<\/p>\n<p>La decisi\u00f3n no es antojadiza: el consultor V\u00edctor Tonelli entiende que la \u00fanica medida que puede destrabar el amesetamiento de los precios del ganado gordo es un aumento de las exportaciones por la mejora del tipo de cambio neto. &#8220;No es necesaria una devaluaci\u00f3n, sino la eliminaci\u00f3n del 15% de retenciones que sufren las exportaciones de carnes y una aceleraci\u00f3n de la devoluci\u00f3n del IVA. Tambi\u00e9n ser\u00eda conveniente la interrupci\u00f3n de las artificiales \u00abbaratas\u00bb que se exigen para obtener ROE para exportar&#8221;, explica.<\/p>\n<p>El consultor dice que &#8220;el mercado global de carnes no deja de crecer y muestra una demanda insatisfecha que catapulta las cotizaciones a niveles impensados a\u00f1os atr\u00e1s&#8221;. Mientras tanto, el Gobierno da se\u00f1ales inequ\u00edvocas de que necesita d\u00f3lares. &#8220;Con medidas sencillas, se podr\u00edan triplicar los 1000 millones de d\u00f3lares anuales que se facturan por exportaciones de carne vacuna&#8221;, desaf\u00eda el especialista.<\/p>\n<p>Seg\u00fan sus c\u00e1lculos, hoy el exportador de cortes vacunos opera con un d\u00f3lar de 4 pesos aproximadamente. Si paga 17 pesos el kilo de novillo en gancho debe exportarlo por lo menos a 4-4,20 d\u00f3lares por kilo. Ese precio lo desplaz\u00f3 del mercado, frente a los 3,30 d\u00f3lares de los exportadores brasile\u00f1os o los 3,60 de los uruguayos. Si los exportadores argentinos recibieran el d\u00f3lar oficial sin retenciones, a $ 5,45, volver\u00edan a ser competitivos en el mercado y la Argentina podr\u00eda pasar de las 180.000 toneladas que prev\u00e9 exportar en 2013 (2 por ciento del comercio internacional de carne vacuna) a valores m\u00e1s cercanos a los de 2005, \u00faltimo a\u00f1o sin anormalidades en el mercado, cuando se enviaron al exterior 780.000 toneladas.<\/p>\n<p>El analista niega que el aumento de las exportaciones de carne vacuna ponga en peligro el abastecimiento interno: &#8220;Hoy se ofrecen 114 kilos de carne por habitante incluyendo los cortes vacunos, de pollo, de cerdo y de ovinos, contra los 100 kilos hist\u00f3ricos&#8221;, compara.<\/p>\n<p>Las existencias actuales de ganado vacuno ser\u00edan de 51-52 millones de cabezas, lo que equivale a una recuperaci\u00f3n del orden de 4 millones de cabezas respecto de los 10 millones perdidos durante la liquidaci\u00f3n de 2009.<\/p>\n<p>Tonelli pronostica que el stock puede seguir creciendo hasta 54-54,5 millones de cabezas en 2015, a pesar del incremento del porcentaje de hembras en la faena. Sucede que todav\u00eda est\u00e1n entrando en producci\u00f3n vaquillonas y terneras retenidas en los a\u00f1os anteriores.<\/p>\n<p>Por esa raz\u00f3n, para 2014, Tonelli prev\u00e9 un panorama de precios menos alentador para los criadores. Justifica ese pron\u00f3stico en la mayor cantidad de vacas en servicio y por la mayor productividad que indujeron los altos precios de 2010 y de 2011, que subieron de 59 a 63 por ciento la marcaci\u00f3n nacional de terneros. La mayor producci\u00f3n de terneros se va a enfrentar con invernadores pastoriles y feedlots que trabajar\u00e1n con un acotado techo de precios para el ganado gordo, como consecuencia de la falta de competencia entre el consumo interno y la exportaci\u00f3n.<\/p>\n<p><i>Hacia adelante<\/i><br \/>Hacia el futuro, Tonelli proyecta dos situaciones contrastantes: por un lado, precios internacionales excepcionales con pocas posibilidades de que lleguen a los ganaderos argentinos. Por el otro, abundante oferta de hacienda gorda, que no tendr\u00e1 otro destino que el mercado interno, que est\u00e1 muy bien abastecido por varios tipos de carne.<\/p>\n<p>En ese marco, si el Gobierno no destraba las limitantes que afectan la exportaci\u00f3n de carnes, los criadores pueden verse obligados a aceptar precios acotados, porque los invernadores sufrir\u00e1n un aumento de costos mayor que el de los criadores (de alimentaci\u00f3n, personal, etc.), que tratar\u00e1n de neutralizar pagando menos por el ternero. &#8220;Los invernadores de compra, pastoriles o a corral, tratar\u00e1n de conservar la renta de su negocio a expensas del criador, sobre el que apuntar\u00e1n todos los ca\u00f1ones&#8221;, grafica Tonelli.<\/p>\n<p>&#8220;Para intentar escapar de esa situaci\u00f3n, los criadores podr\u00edan tratar de capturar otra renta avanzando en la cadena comercial por medio de la recr\u00eda o completando el ciclo de los terneros para faena, ya sea en campo propio, si las condiciones lo permiten, o explorando la hoteler\u00eda a corral&#8221;, propone el consultor.<\/p>\n<p>Y a\u00f1ade que &#8220;quienes no est\u00e9n dispuestos a dar ese paso tendr\u00e1n que revisar sus esquemas de gastos y aumentar la productividad y eficiencia de los planteos, dos instancias que tienen sus l\u00edmites&#8221;.<\/p>\n<p>Fuente: La Naci\u00f3n, suple campo, 27 de julio.<br \/><\/p>","protected":false},"excerpt":{"rendered":"<p>Por Carlos Mar\u00edn Moreno. Precios ganaderos congelados en los \u00faltimos 24 meses y costos que suben al ritmo de la inflaci\u00f3n esmerilan r\u00e1pido el inter\u00e9s de los productores por la actividad vacuna. Definitivamente, la retenci\u00f3n ganadera se interrumpi\u00f3 y ya hay empresarios que no reponen toda de la hacienda vendida al avizorar precios poco rentables en el futuro (ver p\u00e1gina 6). La decisi\u00f3n no es antojadiza: el consultor V\u00edctor Tonelli entiende que la \u00fanica medida que puede destrabar el amesetamiento de los precios del ganado gordo es un aumento de las exportaciones por la mejora del tipo de cambio neto. &#8220;No es necesaria una devaluaci\u00f3n, sino la eliminaci\u00f3n del 15% de retenciones que sufren las exportaciones de carnes y una aceleraci\u00f3n de la devoluci\u00f3n del IVA. Tambi\u00e9n ser\u00eda conveniente la interrupci\u00f3n de las artificiales \u00abbaratas\u00bb que se exigen para obtener ROE para exportar&#8221;, explica. El consultor dice que &#8220;el mercado global de carnes no deja de crecer y muestra una demanda insatisfecha que catapulta las cotizaciones a niveles impensados a\u00f1os atr\u00e1s&#8221;. Mientras tanto, el Gobierno da se\u00f1ales inequ\u00edvocas de que necesita d\u00f3lares. &#8220;Con medidas sencillas, se podr\u00edan triplicar los 1000 millones de d\u00f3lares anuales que se facturan por exportaciones de [&hellip;]<\/p>\n","protected":false},"author":2,"featured_media":2075,"comment_status":"closed","ping_status":"open","sticky":false,"template":"","format":"standard","meta":{"_acf_changed":false,"footnotes":""},"categories":[56],"tags":[],"class_list":["post-5581","post","type-post","status-publish","format-standard","has-post-thumbnail","hentry","category-infoganadero"],"acf":[],"yoast_head":"<!-- This site is optimized with the Yoast SEO plugin v27.5 - https:\/\/yoast.com\/product\/yoast-seo-wordpress\/ -->\n<title>El deterioro de los precios desalienta la producci\u00f3n ganadera en la Argentina. | Proagro<\/title>\n<meta name=\"robots\" content=\"index, follow, max-snippet:-1, max-image-preview:large, max-video-preview:-1\" \/>\n<link rel=\"canonical\" href=\"https:\/\/proagrolab.com.ar\/en\/el-deterioro-de-los-precios-desalienta-la-produccion-ganadera-en-la-argentina\/\" \/>\n<meta property=\"og:locale\" content=\"en_US\" \/>\n<meta property=\"og:type\" content=\"article\" \/>\n<meta property=\"og:title\" content=\"El deterioro de los precios desalienta la producci\u00f3n ganadera en la Argentina. | Proagro\" \/>\n<meta property=\"og:description\" content=\"Por Carlos Mar\u00edn Moreno. Precios ganaderos congelados en los \u00faltimos 24 meses y costos que suben al ritmo de la inflaci\u00f3n esmerilan r\u00e1pido el inter\u00e9s de los productores por la actividad vacuna. Definitivamente, la retenci\u00f3n ganadera se interrumpi\u00f3 y ya hay empresarios que no reponen toda de la hacienda vendida al avizorar precios poco rentables en el futuro (ver p\u00e1gina 6). La decisi\u00f3n no es antojadiza: el consultor V\u00edctor Tonelli entiende que la \u00fanica medida que puede destrabar el amesetamiento de los precios del ganado gordo es un aumento de las exportaciones por la mejora del tipo de cambio neto. &#8220;No es necesaria una devaluaci\u00f3n, sino la eliminaci\u00f3n del 15% de retenciones que sufren las exportaciones de carnes y una aceleraci\u00f3n de la devoluci\u00f3n del IVA. Tambi\u00e9n ser\u00eda conveniente la interrupci\u00f3n de las artificiales \u00abbaratas\u00bb que se exigen para obtener ROE para exportar&#8221;, explica. El consultor dice que &#8220;el mercado global de carnes no deja de crecer y muestra una demanda insatisfecha que catapulta las cotizaciones a niveles impensados a\u00f1os atr\u00e1s&#8221;. Mientras tanto, el Gobierno da se\u00f1ales inequ\u00edvocas de que necesita d\u00f3lares. &#8220;Con medidas sencillas, se podr\u00edan triplicar los 1000 millones de d\u00f3lares anuales que se facturan por exportaciones de [&hellip;]\" \/>\n<meta property=\"og:url\" content=\"https:\/\/proagrolab.com.ar\/el-deterioro-de-los-precios-desalienta-la-produccion-ganadera-en-la-argentina\/\" \/>\n<meta property=\"og:site_name\" content=\"Proagro\" \/>\n<meta property=\"article:publisher\" content=\"http:\/\/www.facebook.com\/proagrolab\" \/>\n<meta property=\"article:published_time\" content=\"2013-07-29T00:00:01+00:00\" \/>\n<meta property=\"og:image\" content=\"https:\/\/proagrolab.com.ar\/wp-content\/uploads\/2015\/01\/g_278276euq__Bovinos-pasturas.jpg\" \/>\n\t<meta property=\"og:image:width\" content=\"450\" \/>\n\t<meta property=\"og:image:height\" content=\"208\" \/>\n\t<meta property=\"og:image:type\" content=\"image\/jpeg\" \/>\n<meta name=\"author\" content=\"proagrolab\" \/>\n<meta name=\"twitter:card\" content=\"summary_large_image\" \/>\n<meta name=\"twitter:label1\" content=\"Written by\" \/>\n\t<meta name=\"twitter:data1\" content=\"proagrolab\" \/>\n\t<meta name=\"twitter:label2\" content=\"Est. reading time\" \/>\n\t<meta name=\"twitter:data2\" content=\"4 minutes\" \/>\n<script type=\"application\/ld+json\" class=\"yoast-schema-graph\">{\"@context\":\"https:\\\/\\\/schema.org\",\"@graph\":[{\"@type\":\"Article\",\"@id\":\"https:\\\/\\\/proagrolab.com.ar\\\/el-deterioro-de-los-precios-desalienta-la-produccion-ganadera-en-la-argentina\\\/#article\",\"isPartOf\":{\"@id\":\"https:\\\/\\\/proagrolab.com.ar\\\/el-deterioro-de-los-precios-desalienta-la-produccion-ganadera-en-la-argentina\\\/\"},\"author\":{\"name\":\"proagrolab\",\"@id\":\"https:\\\/\\\/proagrolab.com.ar\\\/#\\\/schema\\\/person\\\/38003ff90bf80381f71c7d922d207444\"},\"headline\":\"El deterioro de los precios desalienta la producci\u00f3n ganadera en la Argentina.\",\"datePublished\":\"2013-07-29T00:00:01+00:00\",\"mainEntityOfPage\":{\"@id\":\"https:\\\/\\\/proagrolab.com.ar\\\/el-deterioro-de-los-precios-desalienta-la-produccion-ganadera-en-la-argentina\\\/\"},\"wordCount\":821,\"publisher\":{\"@id\":\"https:\\\/\\\/proagrolab.com.ar\\\/#organization\"},\"image\":{\"@id\":\"https:\\\/\\\/proagrolab.com.ar\\\/el-deterioro-de-los-precios-desalienta-la-produccion-ganadera-en-la-argentina\\\/#primaryimage\"},\"thumbnailUrl\":\"https:\\\/\\\/proagrolab.com.ar\\\/wp-content\\\/uploads\\\/2015\\\/01\\\/g_278276euq__Bovinos-pasturas.jpg\",\"articleSection\":[\"News\"],\"inLanguage\":\"en-US\"},{\"@type\":\"WebPage\",\"@id\":\"https:\\\/\\\/proagrolab.com.ar\\\/el-deterioro-de-los-precios-desalienta-la-produccion-ganadera-en-la-argentina\\\/\",\"url\":\"https:\\\/\\\/proagrolab.com.ar\\\/el-deterioro-de-los-precios-desalienta-la-produccion-ganadera-en-la-argentina\\\/\",\"name\":\"El deterioro de los precios desalienta la producci\u00f3n ganadera en la Argentina. | Proagro\",\"isPartOf\":{\"@id\":\"https:\\\/\\\/proagrolab.com.ar\\\/#website\"},\"primaryImageOfPage\":{\"@id\":\"https:\\\/\\\/proagrolab.com.ar\\\/el-deterioro-de-los-precios-desalienta-la-produccion-ganadera-en-la-argentina\\\/#primaryimage\"},\"image\":{\"@id\":\"https:\\\/\\\/proagrolab.com.ar\\\/el-deterioro-de-los-precios-desalienta-la-produccion-ganadera-en-la-argentina\\\/#primaryimage\"},\"thumbnailUrl\":\"https:\\\/\\\/proagrolab.com.ar\\\/wp-content\\\/uploads\\\/2015\\\/01\\\/g_278276euq__Bovinos-pasturas.jpg\",\"datePublished\":\"2013-07-29T00:00:01+00:00\",\"breadcrumb\":{\"@id\":\"https:\\\/\\\/proagrolab.com.ar\\\/el-deterioro-de-los-precios-desalienta-la-produccion-ganadera-en-la-argentina\\\/#breadcrumb\"},\"inLanguage\":\"en-US\",\"potentialAction\":[{\"@type\":\"ReadAction\",\"target\":[\"https:\\\/\\\/proagrolab.com.ar\\\/el-deterioro-de-los-precios-desalienta-la-produccion-ganadera-en-la-argentina\\\/\"]}]},{\"@type\":\"ImageObject\",\"inLanguage\":\"en-US\",\"@id\":\"https:\\\/\\\/proagrolab.com.ar\\\/el-deterioro-de-los-precios-desalienta-la-produccion-ganadera-en-la-argentina\\\/#primaryimage\",\"url\":\"https:\\\/\\\/proagrolab.com.ar\\\/wp-content\\\/uploads\\\/2015\\\/01\\\/g_278276euq__Bovinos-pasturas.jpg\",\"contentUrl\":\"https:\\\/\\\/proagrolab.com.ar\\\/wp-content\\\/uploads\\\/2015\\\/01\\\/g_278276euq__Bovinos-pasturas.jpg\",\"width\":450,\"height\":208},{\"@type\":\"BreadcrumbList\",\"@id\":\"https:\\\/\\\/proagrolab.com.ar\\\/el-deterioro-de-los-precios-desalienta-la-produccion-ganadera-en-la-argentina\\\/#breadcrumb\",\"itemListElement\":[{\"@type\":\"ListItem\",\"position\":1,\"name\":\"Portada\",\"item\":\"https:\\\/\\\/proagrolab.com.ar\\\/\"},{\"@type\":\"ListItem\",\"position\":2,\"name\":\"El deterioro de los precios desalienta la producci\u00f3n ganadera en la Argentina.\"}]},{\"@type\":\"WebSite\",\"@id\":\"https:\\\/\\\/proagrolab.com.ar\\\/#website\",\"url\":\"https:\\\/\\\/proagrolab.com.ar\\\/\",\"name\":\"Proagro Laboratorio Veterinario\",\"description\":\"Veterinary laboratory\",\"publisher\":{\"@id\":\"https:\\\/\\\/proagrolab.com.ar\\\/#organization\"},\"potentialAction\":[{\"@type\":\"SearchAction\",\"target\":{\"@type\":\"EntryPoint\",\"urlTemplate\":\"https:\\\/\\\/proagrolab.com.ar\\\/?s={search_term_string}\"},\"query-input\":{\"@type\":\"PropertyValueSpecification\",\"valueRequired\":true,\"valueName\":\"search_term_string\"}}],\"inLanguage\":\"en-US\"},{\"@type\":\"Organization\",\"@id\":\"https:\\\/\\\/proagrolab.com.ar\\\/#organization\",\"name\":\"Proagro\",\"url\":\"https:\\\/\\\/proagrolab.com.ar\\\/\",\"logo\":{\"@type\":\"ImageObject\",\"inLanguage\":\"en-US\",\"@id\":\"https:\\\/\\\/proagrolab.com.ar\\\/#\\\/schema\\\/logo\\\/image\\\/\",\"url\":\"https:\\\/\\\/proagrolab.com.ar\\\/wp-content\\\/uploads\\\/2020\\\/04\\\/logo-retina.png\",\"contentUrl\":\"https:\\\/\\\/proagrolab.com.ar\\\/wp-content\\\/uploads\\\/2020\\\/04\\\/logo-retina.png\",\"width\":478,\"height\":120,\"caption\":\"Proagro\"},\"image\":{\"@id\":\"https:\\\/\\\/proagrolab.com.ar\\\/#\\\/schema\\\/logo\\\/image\\\/\"},\"sameAs\":[\"http:\\\/\\\/www.facebook.com\\\/proagrolab\",\"https:\\\/\\\/www.instagram.com\\\/proagrolab\\\/\",\"https:\\\/\\\/www.linkedin.com\\\/company\\\/laboratorio-proagro-s-a\\\/\"]},{\"@type\":\"Person\",\"@id\":\"https:\\\/\\\/proagrolab.com.ar\\\/#\\\/schema\\\/person\\\/38003ff90bf80381f71c7d922d207444\",\"name\":\"proagrolab\"}]}<\/script>\n<!-- \/ Yoast SEO plugin. -->","yoast_head_json":{"title":"El deterioro de los precios desalienta la producci\u00f3n ganadera en la Argentina. | Proagro","robots":{"index":"index","follow":"follow","max-snippet":"max-snippet:-1","max-image-preview":"max-image-preview:large","max-video-preview":"max-video-preview:-1"},"canonical":"https:\/\/proagrolab.com.ar\/en\/el-deterioro-de-los-precios-desalienta-la-produccion-ganadera-en-la-argentina\/","og_locale":"en_US","og_type":"article","og_title":"El deterioro de los precios desalienta la producci\u00f3n ganadera en la Argentina. | Proagro","og_description":"Por Carlos Mar\u00edn Moreno. Precios ganaderos congelados en los \u00faltimos 24 meses y costos que suben al ritmo de la inflaci\u00f3n esmerilan r\u00e1pido el inter\u00e9s de los productores por la actividad vacuna. Definitivamente, la retenci\u00f3n ganadera se interrumpi\u00f3 y ya hay empresarios que no reponen toda de la hacienda vendida al avizorar precios poco rentables en el futuro (ver p\u00e1gina 6). La decisi\u00f3n no es antojadiza: el consultor V\u00edctor Tonelli entiende que la \u00fanica medida que puede destrabar el amesetamiento de los precios del ganado gordo es un aumento de las exportaciones por la mejora del tipo de cambio neto. &#8220;No es necesaria una devaluaci\u00f3n, sino la eliminaci\u00f3n del 15% de retenciones que sufren las exportaciones de carnes y una aceleraci\u00f3n de la devoluci\u00f3n del IVA. Tambi\u00e9n ser\u00eda conveniente la interrupci\u00f3n de las artificiales \u00abbaratas\u00bb que se exigen para obtener ROE para exportar&#8221;, explica. El consultor dice que &#8220;el mercado global de carnes no deja de crecer y muestra una demanda insatisfecha que catapulta las cotizaciones a niveles impensados a\u00f1os atr\u00e1s&#8221;. Mientras tanto, el Gobierno da se\u00f1ales inequ\u00edvocas de que necesita d\u00f3lares. &#8220;Con medidas sencillas, se podr\u00edan triplicar los 1000 millones de d\u00f3lares anuales que se facturan por exportaciones de [&hellip;]","og_url":"https:\/\/proagrolab.com.ar\/el-deterioro-de-los-precios-desalienta-la-produccion-ganadera-en-la-argentina\/","og_site_name":"Proagro","article_publisher":"http:\/\/www.facebook.com\/proagrolab","article_published_time":"2013-07-29T00:00:01+00:00","og_image":[{"width":450,"height":208,"url":"https:\/\/proagrolab.com.ar\/wp-content\/uploads\/2015\/01\/g_278276euq__Bovinos-pasturas.jpg","type":"image\/jpeg"}],"author":"proagrolab","twitter_card":"summary_large_image","twitter_misc":{"Written by":"proagrolab","Est. reading time":"4 minutes"},"schema":{"@context":"https:\/\/schema.org","@graph":[{"@type":"Article","@id":"https:\/\/proagrolab.com.ar\/el-deterioro-de-los-precios-desalienta-la-produccion-ganadera-en-la-argentina\/#article","isPartOf":{"@id":"https:\/\/proagrolab.com.ar\/el-deterioro-de-los-precios-desalienta-la-produccion-ganadera-en-la-argentina\/"},"author":{"name":"proagrolab","@id":"https:\/\/proagrolab.com.ar\/#\/schema\/person\/38003ff90bf80381f71c7d922d207444"},"headline":"El deterioro de los precios desalienta la producci\u00f3n ganadera en la Argentina.","datePublished":"2013-07-29T00:00:01+00:00","mainEntityOfPage":{"@id":"https:\/\/proagrolab.com.ar\/el-deterioro-de-los-precios-desalienta-la-produccion-ganadera-en-la-argentina\/"},"wordCount":821,"publisher":{"@id":"https:\/\/proagrolab.com.ar\/#organization"},"image":{"@id":"https:\/\/proagrolab.com.ar\/el-deterioro-de-los-precios-desalienta-la-produccion-ganadera-en-la-argentina\/#primaryimage"},"thumbnailUrl":"https:\/\/proagrolab.com.ar\/wp-content\/uploads\/2015\/01\/g_278276euq__Bovinos-pasturas.jpg","articleSection":["News"],"inLanguage":"en-US"},{"@type":"WebPage","@id":"https:\/\/proagrolab.com.ar\/el-deterioro-de-los-precios-desalienta-la-produccion-ganadera-en-la-argentina\/","url":"https:\/\/proagrolab.com.ar\/el-deterioro-de-los-precios-desalienta-la-produccion-ganadera-en-la-argentina\/","name":"El deterioro de los precios desalienta la producci\u00f3n ganadera en la Argentina. | Proagro","isPartOf":{"@id":"https:\/\/proagrolab.com.ar\/#website"},"primaryImageOfPage":{"@id":"https:\/\/proagrolab.com.ar\/el-deterioro-de-los-precios-desalienta-la-produccion-ganadera-en-la-argentina\/#primaryimage"},"image":{"@id":"https:\/\/proagrolab.com.ar\/el-deterioro-de-los-precios-desalienta-la-produccion-ganadera-en-la-argentina\/#primaryimage"},"thumbnailUrl":"https:\/\/proagrolab.com.ar\/wp-content\/uploads\/2015\/01\/g_278276euq__Bovinos-pasturas.jpg","datePublished":"2013-07-29T00:00:01+00:00","breadcrumb":{"@id":"https:\/\/proagrolab.com.ar\/el-deterioro-de-los-precios-desalienta-la-produccion-ganadera-en-la-argentina\/#breadcrumb"},"inLanguage":"en-US","potentialAction":[{"@type":"ReadAction","target":["https:\/\/proagrolab.com.ar\/el-deterioro-de-los-precios-desalienta-la-produccion-ganadera-en-la-argentina\/"]}]},{"@type":"ImageObject","inLanguage":"en-US","@id":"https:\/\/proagrolab.com.ar\/el-deterioro-de-los-precios-desalienta-la-produccion-ganadera-en-la-argentina\/#primaryimage","url":"https:\/\/proagrolab.com.ar\/wp-content\/uploads\/2015\/01\/g_278276euq__Bovinos-pasturas.jpg","contentUrl":"https:\/\/proagrolab.com.ar\/wp-content\/uploads\/2015\/01\/g_278276euq__Bovinos-pasturas.jpg","width":450,"height":208},{"@type":"BreadcrumbList","@id":"https:\/\/proagrolab.com.ar\/el-deterioro-de-los-precios-desalienta-la-produccion-ganadera-en-la-argentina\/#breadcrumb","itemListElement":[{"@type":"ListItem","position":1,"name":"Portada","item":"https:\/\/proagrolab.com.ar\/"},{"@type":"ListItem","position":2,"name":"El deterioro de los precios desalienta la producci\u00f3n ganadera en la Argentina."}]},{"@type":"WebSite","@id":"https:\/\/proagrolab.com.ar\/#website","url":"https:\/\/proagrolab.com.ar\/","name":"Proagro Laboratorio Veterinario","description":"Veterinary laboratory","publisher":{"@id":"https:\/\/proagrolab.com.ar\/#organization"},"potentialAction":[{"@type":"SearchAction","target":{"@type":"EntryPoint","urlTemplate":"https:\/\/proagrolab.com.ar\/?s={search_term_string}"},"query-input":{"@type":"PropertyValueSpecification","valueRequired":true,"valueName":"search_term_string"}}],"inLanguage":"en-US"},{"@type":"Organization","@id":"https:\/\/proagrolab.com.ar\/#organization","name":"Proagro","url":"https:\/\/proagrolab.com.ar\/","logo":{"@type":"ImageObject","inLanguage":"en-US","@id":"https:\/\/proagrolab.com.ar\/#\/schema\/logo\/image\/","url":"https:\/\/proagrolab.com.ar\/wp-content\/uploads\/2020\/04\/logo-retina.png","contentUrl":"https:\/\/proagrolab.com.ar\/wp-content\/uploads\/2020\/04\/logo-retina.png","width":478,"height":120,"caption":"Proagro"},"image":{"@id":"https:\/\/proagrolab.com.ar\/#\/schema\/logo\/image\/"},"sameAs":["http:\/\/www.facebook.com\/proagrolab","https:\/\/www.instagram.com\/proagrolab\/","https:\/\/www.linkedin.com\/company\/laboratorio-proagro-s-a\/"]},{"@type":"Person","@id":"https:\/\/proagrolab.com.ar\/#\/schema\/person\/38003ff90bf80381f71c7d922d207444","name":"proagrolab"}]}},"_links":{"self":[{"href":"https:\/\/proagrolab.com.ar\/en\/wp-json\/wp\/v2\/posts\/5581","targetHints":{"allow":["GET"]}}],"collection":[{"href":"https:\/\/proagrolab.com.ar\/en\/wp-json\/wp\/v2\/posts"}],"about":[{"href":"https:\/\/proagrolab.com.ar\/en\/wp-json\/wp\/v2\/types\/post"}],"author":[{"embeddable":true,"href":"https:\/\/proagrolab.com.ar\/en\/wp-json\/wp\/v2\/users\/2"}],"replies":[{"embeddable":true,"href":"https:\/\/proagrolab.com.ar\/en\/wp-json\/wp\/v2\/comments?post=5581"}],"version-history":[{"count":0,"href":"https:\/\/proagrolab.com.ar\/en\/wp-json\/wp\/v2\/posts\/5581\/revisions"}],"wp:featuredmedia":[{"embeddable":true,"href":"https:\/\/proagrolab.com.ar\/en\/wp-json\/wp\/v2\/media\/2075"}],"wp:attachment":[{"href":"https:\/\/proagrolab.com.ar\/en\/wp-json\/wp\/v2\/media?parent=5581"}],"wp:term":[{"taxonomy":"category","embeddable":true,"href":"https:\/\/proagrolab.com.ar\/en\/wp-json\/wp\/v2\/categories?post=5581"},{"taxonomy":"post_tag","embeddable":true,"href":"https:\/\/proagrolab.com.ar\/en\/wp-json\/wp\/v2\/tags?post=5581"}],"curies":[{"name":"wp","href":"https:\/\/api.w.org\/{rel}","templated":true}]}}