{"id":5580,"date":"2013-07-29T00:00:01","date_gmt":"2013-07-29T00:00:01","guid":{"rendered":"https:\/\/proagrolab.com.ar\/en-el-mediano-plazo-sin-una-mejora-del-precio\/"},"modified":"2013-07-29T00:00:01","modified_gmt":"2013-07-29T00:00:01","slug":"en-el-mediano-plazo-sin-una-mejora-del-precio","status":"publish","type":"post","link":"https:\/\/proagrolab.com.ar\/en\/en-el-mediano-plazo-sin-una-mejora-del-precio\/","title":{"rendered":"En el mediano plazo sin una mejora del precio."},"content":{"rendered":"<p class=\"qtranxs-available-languages-message qtranxs-available-languages-message-en\"> <\/p><p>Mientras se juran los mejores reproductores en una apuesta por el largo plazo, muy pocos venun repunte del negocio en lo inmediato.<\/p>\n<p>Por Fernando Bertello.<\/p>\n<p>Las habituales discusiones que en cada Palermo se dan en torno de c\u00f3mo evoluciona gen\u00e9ticamente una caba\u00f1a o una raza en particular este a\u00f1o abrieron paso a otro debate: despu\u00e9s de dos a\u00f1os con precios estancados para la ganader\u00eda, \u00bfcu\u00e1ndo vuelve el repunte?, \u00bfes posible esperarlo?, \u00bfqu\u00e9 condiciones deber\u00edan facilitarlo?<\/p>\n<p>En el marco de la Exposici\u00f3n Rural de Palermo, LA NACION les pregunt\u00f3 a un caba\u00f1ero, dos consultores en ganader\u00eda, un empresario del feedlot y a un economista lo que desvela a todos: \u00bfcu\u00e1nto se recuperar\u00e1n los precios?<\/p>\n<p>En principio, no hay un \u00fanico pron\u00f3stico: algunos no vislumbran esa posibilidad en lo inmediato y otros creen que de ocurrir podr\u00eda suceder entre fines de este a\u00f1o o principios del pr\u00f3ximo. El panorama es incierto. Lo que s\u00ed aparece es una coincidencia central: hace falta un cambio en la pol\u00edtica de carnes, con apertura a las exportaciones y est\u00edmulos a la producci\u00f3n y a la industria. Es lo que puede evitar nuevos quebrantos y liquidaci\u00f3n.<\/p>\n<p>&#8220;M\u00e1s que expectativa [de recomposici\u00f3n de precios], hay una necesidad absoluta. La rentabilidad est\u00e1 al l\u00edmite, tendiendo a cero, con una carga impositiva arriba del 80% y los costos por las nubes. Por eso hay una necesidad de que el kilo vivo, la invernada y el ternero recuperen su precio contra una inflaci\u00f3n que ha sido 25\/30% anual. Si eso no sucede, van a haber quebrantos en la ganader\u00eda&#8221;, expres\u00f3 Sebasti\u00e1n Rodr\u00edguez Larreta, presidente de la caba\u00f1a Santa Sergia, directivo de Angus y de la Sociedad Rural Argentina (SRA).<\/p>\n<p>Rodr\u00edguez Larreta cree que los sistemas en producci\u00f3n &#8220;no aguantan m\u00e1s estos precios&#8221;.<\/p>\n<p>&#8220;Creo que en alg\u00fan momento debe haber una recuperaci\u00f3n por una ecuaci\u00f3n muy sencilla: hoy el kilo en la g\u00f3ndola convalida un precio mayor del kilo vivo que recibimos. El promedio en la g\u00f3ndola de todos los precios no baja de los $ 40\/45, sumando todos los cortes. Y eso da para pagar un kilo vivo al m\u00ednimo de $15 de un novillito de consumo [contra unos $ 10,50 a 11 en la actualidad]&#8221;, se\u00f1al\u00f3.<\/p>\n<p>Rodr\u00edguez Larreta acerca un dato. Hist\u00f3ricamente se dijo que el valor del kilo vivo deb\u00eda ser aproximadamente la mitad del valor del asado en la g\u00f3ndola. Sin embargo, hoy con precios del asado que no bajan de $ 35 el kilo la brecha es mucho mayor a la hist\u00f3rica.<\/p>\n<p>&#8220;Todos lo esperaban para marzo [al repunte de precios], pero no sucedi\u00f3. Quiz\u00e1 suceda a partir de septiembre, sino seguramente en marzo, porque no resiste la ecuaci\u00f3n&#8221;, dijo.<\/p>\n<p>Seg\u00fan el consultor V\u00edctor Tonelli, con una oferta altamente concentrada en el mercado interno, que se encuentra en niveles r\u00e9cords, no se vislumbran por ahora razones para que mejoren los precios. Pero podr\u00eda haber alguna novedad sobre fines de a\u00f1o o principios de 2014. Igual, dice que todo depender\u00e1 de que haya una mejora en la competitividad exportadora.<\/p>\n<p>&#8220;Para el ganado gordo para faena, en la medida que no se recupere competitividad exportadora, con tipo de cambio neto m\u00e1s alto, la oferta disponible concentrada en un 94% en el mercado interno mantendr\u00e1 bien abastecida a la demanda y, por lo tanto, no deber\u00edan esperarse subas. Hay que tener en cuenta que a los 61\/62 kilos por habitante\/a\u00f1o que se proyectan para lo que queda del a\u00f1o se deben sumar 40\/42 kilos de pollo, 9 a 9,5 kilos de cerdo y 1,5 kilos de ovinos y otras especies, alcanzando entre 113 y 114 kilos por habitante\/a\u00f1o de oferta total, que supera en un 13 a 14% el promedio hist\u00f3rico (de 100 kg por habitante\/a\u00f1o)&#8221;, afirm\u00f3.<\/p>\n<p>Para el consultor, lo que ocurre con el tipo de cambio, m\u00e1s la devoluci\u00f3n tard\u00eda del IVA y la obligaci\u00f3n de vender a mitad de precios para las &#8220;baratas&#8221; de Guillermo Moreno complican el negocio. En este contexto, explica: &#8220;Con este tipo de cambio neto el valor pagado por los frigor\u00edficos exportadores por kg de res habilitada para exportar termina siendo equivalente a $ 4,05\/4,10 por kilo&#8221;. Seg\u00fan Tonelli, si hay recuperaci\u00f3n podr\u00eda ser &#8220;hacia fin de a\u00f1o y principios del pr\u00f3ximo&#8221;.<\/p>\n<p>Juan Eiras, director de Relaciones Institucionales en la C\u00e1mara Argentina de Feedlot, no ve un repunte en lo inmediato, pero vislumbra una situaci\u00f3n &#8220;distinta&#8221; para el mediano plazo.<\/p>\n<p>&#8220;No veo un repunte de precios de cara al cuatrimestre de mayor oferta. La oferta pastoril, tanto por heladas, como por la inundaci\u00f3n de las islas creci\u00f3 estas semanas y la del feedlot comienza a volcar parte de lo encerrado en marzo. En el mediano plazo la situaci\u00f3n puede ser distinta ante un nuevo per\u00edodo de baja oferta a partir del verano. Es posible que la firmeza no se detenga en los 12\/13 pesos de estos dos a\u00f1os. Ser\u00eda vital para la evoluci\u00f3n de todos los ganaderos actualizar los valores, en un marco donde los gastos fijos y los costos de producci\u00f3n, pasturas granos y subproductos han tenido aumentos en estos a\u00f1os de m\u00e1s del 50%&#8221;, reflexion\u00f3.<\/p>\n<p>Para Eiras, en contra de la posible suba juegan los bajos precios de productos sustitutos, como el pollo en particular. En cambio, a favor actuar\u00edan la mejora del tipo de cambio, m\u00e1s exportaciones y una eventual apertura de Europa para el novillo de feedlot con la cuota 481.<\/p>\n<p>En este contexto, para Fernando Canosa, consultor, no es posible aguardar mejoras si no hay cambios en la pol\u00edtica econ\u00f3mica que involucren el sector. &#8220;En la medida que tengamos la misma pol\u00edtica econ\u00f3mica no va a ocurrir eso. Deber\u00edamos estar en un pa\u00eds previsible donde el negocio de la carne tenga posibilidades de exportaci\u00f3n y haya integraci\u00f3n entre el consumo y la exportaci\u00f3n&#8221;, subray\u00f3 Canosa.<\/p>\n<p>Canosa sostiene que &#8220;si se es eficiente los precios no son tan malos&#8221;. En rigor, para el consultor lo que complic\u00f3 fuerte el negocio fue la suba de costos. &#8220;Ac\u00e1 el grave problema ha sido la inflaci\u00f3n y el aumento de costos&#8221;, apunt\u00f3. A\u00f1adi\u00f3 que el tipo de cambio tambi\u00e9n &#8220;juega en contra&#8221;.<\/p>\n<p>El consultor define la situaci\u00f3n actual como &#8220;una nube negra&#8221; que hay que esperar que pase. Y aconseja: &#8220;Hay que hacer la plancha y ser m\u00e1s eficientes en lo que tenemos. No es buen momento para vender. No nos equivoquemos, porque cuando esto cambie tenemos que estar para aprovecharlo&#8221;.<\/p>\n<p>Fuente: La Naci\u00f3n, suple campo, 27 de julio.<br \/><\/p>","protected":false},"excerpt":{"rendered":"<p>Mientras se juran los mejores reproductores en una apuesta por el largo plazo, muy pocos venun repunte del negocio en lo inmediato. Por Fernando Bertello. Las habituales discusiones que en cada Palermo se dan en torno de c\u00f3mo evoluciona gen\u00e9ticamente una caba\u00f1a o una raza en particular este a\u00f1o abrieron paso a otro debate: despu\u00e9s de dos a\u00f1os con precios estancados para la ganader\u00eda, \u00bfcu\u00e1ndo vuelve el repunte?, \u00bfes posible esperarlo?, \u00bfqu\u00e9 condiciones deber\u00edan facilitarlo? En el marco de la Exposici\u00f3n Rural de Palermo, LA NACION les pregunt\u00f3 a un caba\u00f1ero, dos consultores en ganader\u00eda, un empresario del feedlot y a un economista lo que desvela a todos: \u00bfcu\u00e1nto se recuperar\u00e1n los precios? En principio, no hay un \u00fanico pron\u00f3stico: algunos no vislumbran esa posibilidad en lo inmediato y otros creen que de ocurrir podr\u00eda suceder entre fines de este a\u00f1o o principios del pr\u00f3ximo. El panorama es incierto. Lo que s\u00ed aparece es una coincidencia central: hace falta un cambio en la pol\u00edtica de carnes, con apertura a las exportaciones y est\u00edmulos a la producci\u00f3n y a la industria. Es lo que puede evitar nuevos quebrantos y liquidaci\u00f3n. &#8220;M\u00e1s que expectativa [de recomposici\u00f3n de precios], hay una necesidad absoluta. [&hellip;]<\/p>\n","protected":false},"author":2,"featured_media":2074,"comment_status":"closed","ping_status":"open","sticky":false,"template":"","format":"standard","meta":{"_acf_changed":false,"footnotes":""},"categories":[56],"tags":[],"class_list":["post-5580","post","type-post","status-publish","format-standard","has-post-thumbnail","hentry","category-infoganadero"],"acf":[],"yoast_head":"<!-- This site is optimized with the Yoast SEO plugin v27.5 - https:\/\/yoast.com\/product\/yoast-seo-wordpress\/ -->\n<title>En el mediano plazo sin una mejora del precio. | Proagro<\/title>\n<meta name=\"robots\" content=\"index, follow, max-snippet:-1, max-image-preview:large, max-video-preview:-1\" \/>\n<link rel=\"canonical\" href=\"https:\/\/proagrolab.com.ar\/en\/en-el-mediano-plazo-sin-una-mejora-del-precio\/\" \/>\n<meta property=\"og:locale\" content=\"en_US\" \/>\n<meta property=\"og:type\" content=\"article\" \/>\n<meta property=\"og:title\" content=\"En el mediano plazo sin una mejora del precio. | Proagro\" \/>\n<meta property=\"og:description\" content=\"Mientras se juran los mejores reproductores en una apuesta por el largo plazo, muy pocos venun repunte del negocio en lo inmediato. Por Fernando Bertello. Las habituales discusiones que en cada Palermo se dan en torno de c\u00f3mo evoluciona gen\u00e9ticamente una caba\u00f1a o una raza en particular este a\u00f1o abrieron paso a otro debate: despu\u00e9s de dos a\u00f1os con precios estancados para la ganader\u00eda, \u00bfcu\u00e1ndo vuelve el repunte?, \u00bfes posible esperarlo?, \u00bfqu\u00e9 condiciones deber\u00edan facilitarlo? En el marco de la Exposici\u00f3n Rural de Palermo, LA NACION les pregunt\u00f3 a un caba\u00f1ero, dos consultores en ganader\u00eda, un empresario del feedlot y a un economista lo que desvela a todos: \u00bfcu\u00e1nto se recuperar\u00e1n los precios? En principio, no hay un \u00fanico pron\u00f3stico: algunos no vislumbran esa posibilidad en lo inmediato y otros creen que de ocurrir podr\u00eda suceder entre fines de este a\u00f1o o principios del pr\u00f3ximo. El panorama es incierto. Lo que s\u00ed aparece es una coincidencia central: hace falta un cambio en la pol\u00edtica de carnes, con apertura a las exportaciones y est\u00edmulos a la producci\u00f3n y a la industria. Es lo que puede evitar nuevos quebrantos y liquidaci\u00f3n. &#8220;M\u00e1s que expectativa [de recomposici\u00f3n de precios], hay una necesidad absoluta. [&hellip;]\" \/>\n<meta property=\"og:url\" content=\"https:\/\/proagrolab.com.ar\/en-el-mediano-plazo-sin-una-mejora-del-precio\/\" \/>\n<meta property=\"og:site_name\" content=\"Proagro\" \/>\n<meta property=\"article:publisher\" content=\"http:\/\/www.facebook.com\/proagrolab\" \/>\n<meta property=\"article:published_time\" content=\"2013-07-29T00:00:01+00:00\" \/>\n<meta property=\"og:image\" content=\"https:\/\/proagrolab.com.ar\/wp-content\/uploads\/2015\/01\/g_0bifhvwwn__Angus-en-la-Rural-2.jpg\" \/>\n\t<meta property=\"og:image:width\" content=\"450\" \/>\n\t<meta property=\"og:image:height\" content=\"208\" \/>\n\t<meta property=\"og:image:type\" content=\"image\/jpeg\" \/>\n<meta name=\"author\" content=\"proagrolab\" \/>\n<meta name=\"twitter:card\" content=\"summary_large_image\" \/>\n<meta name=\"twitter:label1\" content=\"Written by\" \/>\n\t<meta name=\"twitter:data1\" content=\"proagrolab\" \/>\n\t<meta name=\"twitter:label2\" content=\"Est. reading time\" \/>\n\t<meta name=\"twitter:data2\" content=\"6 minutes\" \/>\n<script type=\"application\/ld+json\" class=\"yoast-schema-graph\">{\"@context\":\"https:\\\/\\\/schema.org\",\"@graph\":[{\"@type\":\"Article\",\"@id\":\"https:\\\/\\\/proagrolab.com.ar\\\/en-el-mediano-plazo-sin-una-mejora-del-precio\\\/#article\",\"isPartOf\":{\"@id\":\"https:\\\/\\\/proagrolab.com.ar\\\/en-el-mediano-plazo-sin-una-mejora-del-precio\\\/\"},\"author\":{\"name\":\"proagrolab\",\"@id\":\"https:\\\/\\\/proagrolab.com.ar\\\/#\\\/schema\\\/person\\\/38003ff90bf80381f71c7d922d207444\"},\"headline\":\"En el mediano plazo sin una mejora del precio.\",\"datePublished\":\"2013-07-29T00:00:01+00:00\",\"mainEntityOfPage\":{\"@id\":\"https:\\\/\\\/proagrolab.com.ar\\\/en-el-mediano-plazo-sin-una-mejora-del-precio\\\/\"},\"wordCount\":1147,\"publisher\":{\"@id\":\"https:\\\/\\\/proagrolab.com.ar\\\/#organization\"},\"image\":{\"@id\":\"https:\\\/\\\/proagrolab.com.ar\\\/en-el-mediano-plazo-sin-una-mejora-del-precio\\\/#primaryimage\"},\"thumbnailUrl\":\"https:\\\/\\\/proagrolab.com.ar\\\/wp-content\\\/uploads\\\/2015\\\/01\\\/g_0bifhvwwn__Angus-en-la-Rural-2.jpg\",\"articleSection\":[\"News\"],\"inLanguage\":\"en-US\"},{\"@type\":\"WebPage\",\"@id\":\"https:\\\/\\\/proagrolab.com.ar\\\/en-el-mediano-plazo-sin-una-mejora-del-precio\\\/\",\"url\":\"https:\\\/\\\/proagrolab.com.ar\\\/en-el-mediano-plazo-sin-una-mejora-del-precio\\\/\",\"name\":\"En el mediano plazo sin una mejora del precio. | Proagro\",\"isPartOf\":{\"@id\":\"https:\\\/\\\/proagrolab.com.ar\\\/#website\"},\"primaryImageOfPage\":{\"@id\":\"https:\\\/\\\/proagrolab.com.ar\\\/en-el-mediano-plazo-sin-una-mejora-del-precio\\\/#primaryimage\"},\"image\":{\"@id\":\"https:\\\/\\\/proagrolab.com.ar\\\/en-el-mediano-plazo-sin-una-mejora-del-precio\\\/#primaryimage\"},\"thumbnailUrl\":\"https:\\\/\\\/proagrolab.com.ar\\\/wp-content\\\/uploads\\\/2015\\\/01\\\/g_0bifhvwwn__Angus-en-la-Rural-2.jpg\",\"datePublished\":\"2013-07-29T00:00:01+00:00\",\"breadcrumb\":{\"@id\":\"https:\\\/\\\/proagrolab.com.ar\\\/en-el-mediano-plazo-sin-una-mejora-del-precio\\\/#breadcrumb\"},\"inLanguage\":\"en-US\",\"potentialAction\":[{\"@type\":\"ReadAction\",\"target\":[\"https:\\\/\\\/proagrolab.com.ar\\\/en-el-mediano-plazo-sin-una-mejora-del-precio\\\/\"]}]},{\"@type\":\"ImageObject\",\"inLanguage\":\"en-US\",\"@id\":\"https:\\\/\\\/proagrolab.com.ar\\\/en-el-mediano-plazo-sin-una-mejora-del-precio\\\/#primaryimage\",\"url\":\"https:\\\/\\\/proagrolab.com.ar\\\/wp-content\\\/uploads\\\/2015\\\/01\\\/g_0bifhvwwn__Angus-en-la-Rural-2.jpg\",\"contentUrl\":\"https:\\\/\\\/proagrolab.com.ar\\\/wp-content\\\/uploads\\\/2015\\\/01\\\/g_0bifhvwwn__Angus-en-la-Rural-2.jpg\",\"width\":450,\"height\":208},{\"@type\":\"BreadcrumbList\",\"@id\":\"https:\\\/\\\/proagrolab.com.ar\\\/en-el-mediano-plazo-sin-una-mejora-del-precio\\\/#breadcrumb\",\"itemListElement\":[{\"@type\":\"ListItem\",\"position\":1,\"name\":\"Portada\",\"item\":\"https:\\\/\\\/proagrolab.com.ar\\\/\"},{\"@type\":\"ListItem\",\"position\":2,\"name\":\"En el mediano plazo sin una mejora del precio.\"}]},{\"@type\":\"WebSite\",\"@id\":\"https:\\\/\\\/proagrolab.com.ar\\\/#website\",\"url\":\"https:\\\/\\\/proagrolab.com.ar\\\/\",\"name\":\"Proagro Laboratorio Veterinario\",\"description\":\"Veterinary laboratory\",\"publisher\":{\"@id\":\"https:\\\/\\\/proagrolab.com.ar\\\/#organization\"},\"potentialAction\":[{\"@type\":\"SearchAction\",\"target\":{\"@type\":\"EntryPoint\",\"urlTemplate\":\"https:\\\/\\\/proagrolab.com.ar\\\/?s={search_term_string}\"},\"query-input\":{\"@type\":\"PropertyValueSpecification\",\"valueRequired\":true,\"valueName\":\"search_term_string\"}}],\"inLanguage\":\"en-US\"},{\"@type\":\"Organization\",\"@id\":\"https:\\\/\\\/proagrolab.com.ar\\\/#organization\",\"name\":\"Proagro\",\"url\":\"https:\\\/\\\/proagrolab.com.ar\\\/\",\"logo\":{\"@type\":\"ImageObject\",\"inLanguage\":\"en-US\",\"@id\":\"https:\\\/\\\/proagrolab.com.ar\\\/#\\\/schema\\\/logo\\\/image\\\/\",\"url\":\"https:\\\/\\\/proagrolab.com.ar\\\/wp-content\\\/uploads\\\/2020\\\/04\\\/logo-retina.png\",\"contentUrl\":\"https:\\\/\\\/proagrolab.com.ar\\\/wp-content\\\/uploads\\\/2020\\\/04\\\/logo-retina.png\",\"width\":478,\"height\":120,\"caption\":\"Proagro\"},\"image\":{\"@id\":\"https:\\\/\\\/proagrolab.com.ar\\\/#\\\/schema\\\/logo\\\/image\\\/\"},\"sameAs\":[\"http:\\\/\\\/www.facebook.com\\\/proagrolab\",\"https:\\\/\\\/www.instagram.com\\\/proagrolab\\\/\",\"https:\\\/\\\/www.linkedin.com\\\/company\\\/laboratorio-proagro-s-a\\\/\"]},{\"@type\":\"Person\",\"@id\":\"https:\\\/\\\/proagrolab.com.ar\\\/#\\\/schema\\\/person\\\/38003ff90bf80381f71c7d922d207444\",\"name\":\"proagrolab\"}]}<\/script>\n<!-- \/ Yoast SEO plugin. -->","yoast_head_json":{"title":"En el mediano plazo sin una mejora del precio. | Proagro","robots":{"index":"index","follow":"follow","max-snippet":"max-snippet:-1","max-image-preview":"max-image-preview:large","max-video-preview":"max-video-preview:-1"},"canonical":"https:\/\/proagrolab.com.ar\/en\/en-el-mediano-plazo-sin-una-mejora-del-precio\/","og_locale":"en_US","og_type":"article","og_title":"En el mediano plazo sin una mejora del precio. | Proagro","og_description":"Mientras se juran los mejores reproductores en una apuesta por el largo plazo, muy pocos venun repunte del negocio en lo inmediato. Por Fernando Bertello. Las habituales discusiones que en cada Palermo se dan en torno de c\u00f3mo evoluciona gen\u00e9ticamente una caba\u00f1a o una raza en particular este a\u00f1o abrieron paso a otro debate: despu\u00e9s de dos a\u00f1os con precios estancados para la ganader\u00eda, \u00bfcu\u00e1ndo vuelve el repunte?, \u00bfes posible esperarlo?, \u00bfqu\u00e9 condiciones deber\u00edan facilitarlo? En el marco de la Exposici\u00f3n Rural de Palermo, LA NACION les pregunt\u00f3 a un caba\u00f1ero, dos consultores en ganader\u00eda, un empresario del feedlot y a un economista lo que desvela a todos: \u00bfcu\u00e1nto se recuperar\u00e1n los precios? En principio, no hay un \u00fanico pron\u00f3stico: algunos no vislumbran esa posibilidad en lo inmediato y otros creen que de ocurrir podr\u00eda suceder entre fines de este a\u00f1o o principios del pr\u00f3ximo. El panorama es incierto. Lo que s\u00ed aparece es una coincidencia central: hace falta un cambio en la pol\u00edtica de carnes, con apertura a las exportaciones y est\u00edmulos a la producci\u00f3n y a la industria. Es lo que puede evitar nuevos quebrantos y liquidaci\u00f3n. &#8220;M\u00e1s que expectativa [de recomposici\u00f3n de precios], hay una necesidad absoluta. [&hellip;]","og_url":"https:\/\/proagrolab.com.ar\/en-el-mediano-plazo-sin-una-mejora-del-precio\/","og_site_name":"Proagro","article_publisher":"http:\/\/www.facebook.com\/proagrolab","article_published_time":"2013-07-29T00:00:01+00:00","og_image":[{"width":450,"height":208,"url":"https:\/\/proagrolab.com.ar\/wp-content\/uploads\/2015\/01\/g_0bifhvwwn__Angus-en-la-Rural-2.jpg","type":"image\/jpeg"}],"author":"proagrolab","twitter_card":"summary_large_image","twitter_misc":{"Written by":"proagrolab","Est. reading time":"6 minutes"},"schema":{"@context":"https:\/\/schema.org","@graph":[{"@type":"Article","@id":"https:\/\/proagrolab.com.ar\/en-el-mediano-plazo-sin-una-mejora-del-precio\/#article","isPartOf":{"@id":"https:\/\/proagrolab.com.ar\/en-el-mediano-plazo-sin-una-mejora-del-precio\/"},"author":{"name":"proagrolab","@id":"https:\/\/proagrolab.com.ar\/#\/schema\/person\/38003ff90bf80381f71c7d922d207444"},"headline":"En el mediano plazo sin una mejora del precio.","datePublished":"2013-07-29T00:00:01+00:00","mainEntityOfPage":{"@id":"https:\/\/proagrolab.com.ar\/en-el-mediano-plazo-sin-una-mejora-del-precio\/"},"wordCount":1147,"publisher":{"@id":"https:\/\/proagrolab.com.ar\/#organization"},"image":{"@id":"https:\/\/proagrolab.com.ar\/en-el-mediano-plazo-sin-una-mejora-del-precio\/#primaryimage"},"thumbnailUrl":"https:\/\/proagrolab.com.ar\/wp-content\/uploads\/2015\/01\/g_0bifhvwwn__Angus-en-la-Rural-2.jpg","articleSection":["News"],"inLanguage":"en-US"},{"@type":"WebPage","@id":"https:\/\/proagrolab.com.ar\/en-el-mediano-plazo-sin-una-mejora-del-precio\/","url":"https:\/\/proagrolab.com.ar\/en-el-mediano-plazo-sin-una-mejora-del-precio\/","name":"En el mediano plazo sin una mejora del precio. | Proagro","isPartOf":{"@id":"https:\/\/proagrolab.com.ar\/#website"},"primaryImageOfPage":{"@id":"https:\/\/proagrolab.com.ar\/en-el-mediano-plazo-sin-una-mejora-del-precio\/#primaryimage"},"image":{"@id":"https:\/\/proagrolab.com.ar\/en-el-mediano-plazo-sin-una-mejora-del-precio\/#primaryimage"},"thumbnailUrl":"https:\/\/proagrolab.com.ar\/wp-content\/uploads\/2015\/01\/g_0bifhvwwn__Angus-en-la-Rural-2.jpg","datePublished":"2013-07-29T00:00:01+00:00","breadcrumb":{"@id":"https:\/\/proagrolab.com.ar\/en-el-mediano-plazo-sin-una-mejora-del-precio\/#breadcrumb"},"inLanguage":"en-US","potentialAction":[{"@type":"ReadAction","target":["https:\/\/proagrolab.com.ar\/en-el-mediano-plazo-sin-una-mejora-del-precio\/"]}]},{"@type":"ImageObject","inLanguage":"en-US","@id":"https:\/\/proagrolab.com.ar\/en-el-mediano-plazo-sin-una-mejora-del-precio\/#primaryimage","url":"https:\/\/proagrolab.com.ar\/wp-content\/uploads\/2015\/01\/g_0bifhvwwn__Angus-en-la-Rural-2.jpg","contentUrl":"https:\/\/proagrolab.com.ar\/wp-content\/uploads\/2015\/01\/g_0bifhvwwn__Angus-en-la-Rural-2.jpg","width":450,"height":208},{"@type":"BreadcrumbList","@id":"https:\/\/proagrolab.com.ar\/en-el-mediano-plazo-sin-una-mejora-del-precio\/#breadcrumb","itemListElement":[{"@type":"ListItem","position":1,"name":"Portada","item":"https:\/\/proagrolab.com.ar\/"},{"@type":"ListItem","position":2,"name":"En el mediano plazo sin una mejora del precio."}]},{"@type":"WebSite","@id":"https:\/\/proagrolab.com.ar\/#website","url":"https:\/\/proagrolab.com.ar\/","name":"Proagro Laboratorio Veterinario","description":"Veterinary laboratory","publisher":{"@id":"https:\/\/proagrolab.com.ar\/#organization"},"potentialAction":[{"@type":"SearchAction","target":{"@type":"EntryPoint","urlTemplate":"https:\/\/proagrolab.com.ar\/?s={search_term_string}"},"query-input":{"@type":"PropertyValueSpecification","valueRequired":true,"valueName":"search_term_string"}}],"inLanguage":"en-US"},{"@type":"Organization","@id":"https:\/\/proagrolab.com.ar\/#organization","name":"Proagro","url":"https:\/\/proagrolab.com.ar\/","logo":{"@type":"ImageObject","inLanguage":"en-US","@id":"https:\/\/proagrolab.com.ar\/#\/schema\/logo\/image\/","url":"https:\/\/proagrolab.com.ar\/wp-content\/uploads\/2020\/04\/logo-retina.png","contentUrl":"https:\/\/proagrolab.com.ar\/wp-content\/uploads\/2020\/04\/logo-retina.png","width":478,"height":120,"caption":"Proagro"},"image":{"@id":"https:\/\/proagrolab.com.ar\/#\/schema\/logo\/image\/"},"sameAs":["http:\/\/www.facebook.com\/proagrolab","https:\/\/www.instagram.com\/proagrolab\/","https:\/\/www.linkedin.com\/company\/laboratorio-proagro-s-a\/"]},{"@type":"Person","@id":"https:\/\/proagrolab.com.ar\/#\/schema\/person\/38003ff90bf80381f71c7d922d207444","name":"proagrolab"}]}},"_links":{"self":[{"href":"https:\/\/proagrolab.com.ar\/en\/wp-json\/wp\/v2\/posts\/5580","targetHints":{"allow":["GET"]}}],"collection":[{"href":"https:\/\/proagrolab.com.ar\/en\/wp-json\/wp\/v2\/posts"}],"about":[{"href":"https:\/\/proagrolab.com.ar\/en\/wp-json\/wp\/v2\/types\/post"}],"author":[{"embeddable":true,"href":"https:\/\/proagrolab.com.ar\/en\/wp-json\/wp\/v2\/users\/2"}],"replies":[{"embeddable":true,"href":"https:\/\/proagrolab.com.ar\/en\/wp-json\/wp\/v2\/comments?post=5580"}],"version-history":[{"count":0,"href":"https:\/\/proagrolab.com.ar\/en\/wp-json\/wp\/v2\/posts\/5580\/revisions"}],"wp:featuredmedia":[{"embeddable":true,"href":"https:\/\/proagrolab.com.ar\/en\/wp-json\/wp\/v2\/media\/2074"}],"wp:attachment":[{"href":"https:\/\/proagrolab.com.ar\/en\/wp-json\/wp\/v2\/media?parent=5580"}],"wp:term":[{"taxonomy":"category","embeddable":true,"href":"https:\/\/proagrolab.com.ar\/en\/wp-json\/wp\/v2\/categories?post=5580"},{"taxonomy":"post_tag","embeddable":true,"href":"https:\/\/proagrolab.com.ar\/en\/wp-json\/wp\/v2\/tags?post=5580"}],"curies":[{"name":"wp","href":"https:\/\/api.w.org\/{rel}","templated":true}]}}