{"id":5579,"date":"2013-07-29T00:00:01","date_gmt":"2013-07-29T00:00:01","guid":{"rendered":"https:\/\/proagrolab.com.ar\/la-rural-comienza-a-despedirse-con-politicos-y-ventas-de-reproductores\/"},"modified":"2013-07-29T00:00:01","modified_gmt":"2013-07-29T00:00:01","slug":"la-rural-comienza-a-despedirse-con-politicos-y-ventas-de-reproductores","status":"publish","type":"post","link":"https:\/\/proagrolab.com.ar\/en\/la-rural-comienza-a-despedirse-con-politicos-y-ventas-de-reproductores\/","title":{"rendered":"La Rural comienza a despedirse con pol\u00edticos y ventas de reproductores."},"content":{"rendered":"<p class=\"qtranxs-available-languages-message qtranxs-available-languages-message-en\"> <\/p><p>Tras el cr\u00edtico discurso inaugural, Etchevehere recibi\u00f3 la visita y el respaldo de dirigentes de la oposici\u00f3n; hoy se rematan ejemplares Angus, ovinos y caprinos.<\/p>\n<p>Cuando a\u00fan est\u00e1 presente en los o\u00eddos el fuerte discurso inaugural de la Exposici\u00f3n de Palermo expresado el s\u00e1bado por el presidente de la Sociedad Rural Argentina (SRA), Luis Miguel Etchevehere, quien acus\u00f3 al Gobierno de mentir y lo culp\u00f3 por la corrupci\u00f3n, ayer el predio volvi\u00f3 a ser lugar de visita de pol\u00edticos, dirigentes de la oposici\u00f3n y de mucho p\u00fablico.<\/p>\n<p>En un domingo a pleno sol recorrieron ayer el predio el candidato a diputado por el Frente Progresista C\u00edvico y Social Ricardo Alfons\u00edn, quien concurri\u00f3 acompa\u00f1ado por el ex presidente del Banco Central Javier Gonz\u00e1lez Fraga. Tambi\u00e9n estuvieron el ministro de Educaci\u00f3n porte\u00f1o, Esteban Bullrich, y el secretario general de la Uni\u00f3n Argentina de Trabajadores Rurales y Estibadores (Uatre) y candidato a diputado por el partido FE, Ger\u00f3nimo Venegas.<\/p>\n<p>&#8220;El sector agropecuario, como toda la econom\u00eda, necesita reglas claras para impulsar el crecimiento y aprovechar las condiciones inmejorables del contexto internacional, que este gobierno se ha ocupado de dilapidar&#8221;, dijo Alfons\u00edn, al ser recibido por Etchevehere.<\/p>\n<p><i>Bajan el martillo<\/i><br \/>En tanto, para hoy est\u00e1 programado uno de los platos fuertes de la Rural: el remate de los reproductores Angus, la raza bovina de carne m\u00e1s numerosa de la Argentina. &#8220;Es dif\u00edcil dar pron\u00f3sticos [para las ventas] en un momento tan especial de la econom\u00eda argentina, pero s\u00ed creo, con bastante objetividad, el hecho de que los \u00faltimos remates fueron razonablemente buenos; no lo que quer\u00edamos, pero tampoco lo que esper\u00e1bamos dadas las circunstancias y la coyuntura econ\u00f3mica&#8221;, hab\u00eda dicho a LA NACION el presidente de la Asociaci\u00f3n Argentina de Angus, Alfredo Gusman, en oportunidad de la jura de la raza.<\/p>\n<p>Como todos los domingos de Rural, ayer a las 11 se rez\u00f3 en la Pista Central la misa campestre de Misiones Rurales Argentinas, que ofici\u00f3 el padre Guillermo Marc\u00f3, ex vocero de Jorge Bergoglio cuando el ahora papa Francisco era arzobispo de Buenos Aires.<\/p>\n<p>Para la ceremonia se arm\u00f3 un altar con fardos de pasto, decorado con artesan\u00edas y frutos de la tierra y enmarcado por los animales campeones de cada raza. Asisti\u00f3 una gran cantidad de fieles y los directivos de la SRA (encabezados por Etchevehere), junto a sus familias.<\/p>\n<p>&#8220;A veces la gente se olvida que el campo no s\u00f3lo se trata de grandes productores sino tambi\u00e9n de se\u00f1ores como Aldo (un productor que tiene una chacra de 20 hect\u00e1reas en el monte chaque\u00f1o), que viven de la generosidad de la tierra&#8221;, dijo el religioso, y agreg\u00f3: &#8220;El campo es oraci\u00f3n, pero tambi\u00e9n es esfuerzo y trabajo. Es generoso cuando le va bien. Vamos a pedirle al Se\u00f1or que bendiga a esta tierra para poder seguir sembrando a futuro&#8221;.<\/p>\n<p>Por la tarde, una multitud lleg\u00f3 a Palermo, quiz\u00e1 como despedida de las vacaciones de invierno (y de la Rural, que cierra ma\u00f1ana) y alentados por una jornada espl\u00e9ndida a peno sol. La pista central fue un im\u00e1n de atracci\u00f3n al ritmo de los saltos h\u00edpicos, a cargo de la Federaci\u00f3n Ecuestre Argentina.<\/p>\n<p><i>Agenda del d\u00eda<\/i><br \/>15.00 &#8211; Pabell\u00f3n Rojo<br \/>Remate de reproductores de la raza bovina Aberdeen Angus<\/p>\n<p>15.30 &#8211; Pabell\u00f3n Ocre<br \/>Salen a la venta ejemplares de las especies ovinas y caprinas.<\/p>\n<p>Fuente: La Naci\u00f3n, 29 de julio.<br \/><\/p>","protected":false},"excerpt":{"rendered":"<p>Tras el cr\u00edtico discurso inaugural, Etchevehere recibi\u00f3 la visita y el respaldo de dirigentes de la oposici\u00f3n; hoy se rematan ejemplares Angus, ovinos y caprinos. Cuando a\u00fan est\u00e1 presente en los o\u00eddos el fuerte discurso inaugural de la Exposici\u00f3n de Palermo expresado el s\u00e1bado por el presidente de la Sociedad Rural Argentina (SRA), Luis Miguel Etchevehere, quien acus\u00f3 al Gobierno de mentir y lo culp\u00f3 por la corrupci\u00f3n, ayer el predio volvi\u00f3 a ser lugar de visita de pol\u00edticos, dirigentes de la oposici\u00f3n y de mucho p\u00fablico. En un domingo a pleno sol recorrieron ayer el predio el candidato a diputado por el Frente Progresista C\u00edvico y Social Ricardo Alfons\u00edn, quien concurri\u00f3 acompa\u00f1ado por el ex presidente del Banco Central Javier Gonz\u00e1lez Fraga. Tambi\u00e9n estuvieron el ministro de Educaci\u00f3n porte\u00f1o, Esteban Bullrich, y el secretario general de la Uni\u00f3n Argentina de Trabajadores Rurales y Estibadores (Uatre) y candidato a diputado por el partido FE, Ger\u00f3nimo Venegas. &#8220;El sector agropecuario, como toda la econom\u00eda, necesita reglas claras para impulsar el crecimiento y aprovechar las condiciones inmejorables del contexto internacional, que este gobierno se ha ocupado de dilapidar&#8221;, dijo Alfons\u00edn, al ser recibido por Etchevehere. Bajan el martilloEn tanto, para hoy est\u00e1 [&hellip;]<\/p>\n","protected":false},"author":2,"featured_media":2073,"comment_status":"closed","ping_status":"open","sticky":false,"template":"","format":"standard","meta":{"_acf_changed":false,"footnotes":""},"categories":[56],"tags":[],"class_list":["post-5579","post","type-post","status-publish","format-standard","has-post-thumbnail","hentry","category-infoganadero"],"acf":[],"yoast_head":"<!-- This site is optimized with the Yoast SEO plugin v27.5 - https:\/\/yoast.com\/product\/yoast-seo-wordpress\/ -->\n<title>La Rural comienza a despedirse con pol\u00edticos y ventas de reproductores. | Proagro<\/title>\n<meta name=\"robots\" content=\"index, follow, max-snippet:-1, max-image-preview:large, max-video-preview:-1\" \/>\n<link rel=\"canonical\" href=\"https:\/\/proagrolab.com.ar\/en\/la-rural-comienza-a-despedirse-con-politicos-y-ventas-de-reproductores\/\" \/>\n<meta property=\"og:locale\" content=\"en_US\" \/>\n<meta property=\"og:type\" content=\"article\" \/>\n<meta property=\"og:title\" content=\"La Rural comienza a despedirse con pol\u00edticos y ventas de reproductores. | Proagro\" \/>\n<meta property=\"og:description\" content=\"Tras el cr\u00edtico discurso inaugural, Etchevehere recibi\u00f3 la visita y el respaldo de dirigentes de la oposici\u00f3n; hoy se rematan ejemplares Angus, ovinos y caprinos. Cuando a\u00fan est\u00e1 presente en los o\u00eddos el fuerte discurso inaugural de la Exposici\u00f3n de Palermo expresado el s\u00e1bado por el presidente de la Sociedad Rural Argentina (SRA), Luis Miguel Etchevehere, quien acus\u00f3 al Gobierno de mentir y lo culp\u00f3 por la corrupci\u00f3n, ayer el predio volvi\u00f3 a ser lugar de visita de pol\u00edticos, dirigentes de la oposici\u00f3n y de mucho p\u00fablico. En un domingo a pleno sol recorrieron ayer el predio el candidato a diputado por el Frente Progresista C\u00edvico y Social Ricardo Alfons\u00edn, quien concurri\u00f3 acompa\u00f1ado por el ex presidente del Banco Central Javier Gonz\u00e1lez Fraga. Tambi\u00e9n estuvieron el ministro de Educaci\u00f3n porte\u00f1o, Esteban Bullrich, y el secretario general de la Uni\u00f3n Argentina de Trabajadores Rurales y Estibadores (Uatre) y candidato a diputado por el partido FE, Ger\u00f3nimo Venegas. &#8220;El sector agropecuario, como toda la econom\u00eda, necesita reglas claras para impulsar el crecimiento y aprovechar las condiciones inmejorables del contexto internacional, que este gobierno se ha ocupado de dilapidar&#8221;, dijo Alfons\u00edn, al ser recibido por Etchevehere. Bajan el martilloEn tanto, para hoy est\u00e1 [&hellip;]\" \/>\n<meta property=\"og:url\" content=\"https:\/\/proagrolab.com.ar\/la-rural-comienza-a-despedirse-con-politicos-y-ventas-de-reproductores\/\" \/>\n<meta property=\"og:site_name\" content=\"Proagro\" \/>\n<meta property=\"article:publisher\" content=\"http:\/\/www.facebook.com\/proagrolab\" \/>\n<meta property=\"article:published_time\" content=\"2013-07-29T00:00:01+00:00\" \/>\n<meta property=\"og:image\" content=\"https:\/\/proagrolab.com.ar\/wp-content\/uploads\/2015\/01\/g_vcyrq4bip__Angus-en-la-Rural.jpg\" \/>\n\t<meta property=\"og:image:width\" content=\"450\" \/>\n\t<meta property=\"og:image:height\" content=\"208\" \/>\n\t<meta property=\"og:image:type\" content=\"image\/jpeg\" \/>\n<meta name=\"author\" content=\"proagrolab\" \/>\n<meta name=\"twitter:card\" content=\"summary_large_image\" \/>\n<meta name=\"twitter:label1\" content=\"Written by\" \/>\n\t<meta name=\"twitter:data1\" content=\"proagrolab\" \/>\n\t<meta name=\"twitter:label2\" content=\"Est. reading time\" \/>\n\t<meta name=\"twitter:data2\" content=\"3 minutes\" \/>\n<script type=\"application\/ld+json\" class=\"yoast-schema-graph\">{\"@context\":\"https:\\\/\\\/schema.org\",\"@graph\":[{\"@type\":\"Article\",\"@id\":\"https:\\\/\\\/proagrolab.com.ar\\\/la-rural-comienza-a-despedirse-con-politicos-y-ventas-de-reproductores\\\/#article\",\"isPartOf\":{\"@id\":\"https:\\\/\\\/proagrolab.com.ar\\\/la-rural-comienza-a-despedirse-con-politicos-y-ventas-de-reproductores\\\/\"},\"author\":{\"name\":\"proagrolab\",\"@id\":\"https:\\\/\\\/proagrolab.com.ar\\\/#\\\/schema\\\/person\\\/38003ff90bf80381f71c7d922d207444\"},\"headline\":\"La Rural comienza a despedirse con pol\u00edticos y ventas de reproductores.\",\"datePublished\":\"2013-07-29T00:00:01+00:00\",\"mainEntityOfPage\":{\"@id\":\"https:\\\/\\\/proagrolab.com.ar\\\/la-rural-comienza-a-despedirse-con-politicos-y-ventas-de-reproductores\\\/\"},\"wordCount\":612,\"publisher\":{\"@id\":\"https:\\\/\\\/proagrolab.com.ar\\\/#organization\"},\"image\":{\"@id\":\"https:\\\/\\\/proagrolab.com.ar\\\/la-rural-comienza-a-despedirse-con-politicos-y-ventas-de-reproductores\\\/#primaryimage\"},\"thumbnailUrl\":\"https:\\\/\\\/proagrolab.com.ar\\\/wp-content\\\/uploads\\\/2015\\\/01\\\/g_vcyrq4bip__Angus-en-la-Rural.jpg\",\"articleSection\":[\"News\"],\"inLanguage\":\"en-US\"},{\"@type\":\"WebPage\",\"@id\":\"https:\\\/\\\/proagrolab.com.ar\\\/la-rural-comienza-a-despedirse-con-politicos-y-ventas-de-reproductores\\\/\",\"url\":\"https:\\\/\\\/proagrolab.com.ar\\\/la-rural-comienza-a-despedirse-con-politicos-y-ventas-de-reproductores\\\/\",\"name\":\"La Rural comienza a despedirse con pol\u00edticos y ventas de reproductores. | Proagro\",\"isPartOf\":{\"@id\":\"https:\\\/\\\/proagrolab.com.ar\\\/#website\"},\"primaryImageOfPage\":{\"@id\":\"https:\\\/\\\/proagrolab.com.ar\\\/la-rural-comienza-a-despedirse-con-politicos-y-ventas-de-reproductores\\\/#primaryimage\"},\"image\":{\"@id\":\"https:\\\/\\\/proagrolab.com.ar\\\/la-rural-comienza-a-despedirse-con-politicos-y-ventas-de-reproductores\\\/#primaryimage\"},\"thumbnailUrl\":\"https:\\\/\\\/proagrolab.com.ar\\\/wp-content\\\/uploads\\\/2015\\\/01\\\/g_vcyrq4bip__Angus-en-la-Rural.jpg\",\"datePublished\":\"2013-07-29T00:00:01+00:00\",\"breadcrumb\":{\"@id\":\"https:\\\/\\\/proagrolab.com.ar\\\/la-rural-comienza-a-despedirse-con-politicos-y-ventas-de-reproductores\\\/#breadcrumb\"},\"inLanguage\":\"en-US\",\"potentialAction\":[{\"@type\":\"ReadAction\",\"target\":[\"https:\\\/\\\/proagrolab.com.ar\\\/la-rural-comienza-a-despedirse-con-politicos-y-ventas-de-reproductores\\\/\"]}]},{\"@type\":\"ImageObject\",\"inLanguage\":\"en-US\",\"@id\":\"https:\\\/\\\/proagrolab.com.ar\\\/la-rural-comienza-a-despedirse-con-politicos-y-ventas-de-reproductores\\\/#primaryimage\",\"url\":\"https:\\\/\\\/proagrolab.com.ar\\\/wp-content\\\/uploads\\\/2015\\\/01\\\/g_vcyrq4bip__Angus-en-la-Rural.jpg\",\"contentUrl\":\"https:\\\/\\\/proagrolab.com.ar\\\/wp-content\\\/uploads\\\/2015\\\/01\\\/g_vcyrq4bip__Angus-en-la-Rural.jpg\",\"width\":450,\"height\":208},{\"@type\":\"BreadcrumbList\",\"@id\":\"https:\\\/\\\/proagrolab.com.ar\\\/la-rural-comienza-a-despedirse-con-politicos-y-ventas-de-reproductores\\\/#breadcrumb\",\"itemListElement\":[{\"@type\":\"ListItem\",\"position\":1,\"name\":\"Portada\",\"item\":\"https:\\\/\\\/proagrolab.com.ar\\\/\"},{\"@type\":\"ListItem\",\"position\":2,\"name\":\"La Rural comienza a despedirse con pol\u00edticos y ventas de reproductores.\"}]},{\"@type\":\"WebSite\",\"@id\":\"https:\\\/\\\/proagrolab.com.ar\\\/#website\",\"url\":\"https:\\\/\\\/proagrolab.com.ar\\\/\",\"name\":\"Proagro Laboratorio Veterinario\",\"description\":\"Veterinary laboratory\",\"publisher\":{\"@id\":\"https:\\\/\\\/proagrolab.com.ar\\\/#organization\"},\"potentialAction\":[{\"@type\":\"SearchAction\",\"target\":{\"@type\":\"EntryPoint\",\"urlTemplate\":\"https:\\\/\\\/proagrolab.com.ar\\\/?s={search_term_string}\"},\"query-input\":{\"@type\":\"PropertyValueSpecification\",\"valueRequired\":true,\"valueName\":\"search_term_string\"}}],\"inLanguage\":\"en-US\"},{\"@type\":\"Organization\",\"@id\":\"https:\\\/\\\/proagrolab.com.ar\\\/#organization\",\"name\":\"Proagro\",\"url\":\"https:\\\/\\\/proagrolab.com.ar\\\/\",\"logo\":{\"@type\":\"ImageObject\",\"inLanguage\":\"en-US\",\"@id\":\"https:\\\/\\\/proagrolab.com.ar\\\/#\\\/schema\\\/logo\\\/image\\\/\",\"url\":\"https:\\\/\\\/proagrolab.com.ar\\\/wp-content\\\/uploads\\\/2020\\\/04\\\/logo-retina.png\",\"contentUrl\":\"https:\\\/\\\/proagrolab.com.ar\\\/wp-content\\\/uploads\\\/2020\\\/04\\\/logo-retina.png\",\"width\":478,\"height\":120,\"caption\":\"Proagro\"},\"image\":{\"@id\":\"https:\\\/\\\/proagrolab.com.ar\\\/#\\\/schema\\\/logo\\\/image\\\/\"},\"sameAs\":[\"http:\\\/\\\/www.facebook.com\\\/proagrolab\",\"https:\\\/\\\/www.instagram.com\\\/proagrolab\\\/\",\"https:\\\/\\\/www.linkedin.com\\\/company\\\/laboratorio-proagro-s-a\\\/\"]},{\"@type\":\"Person\",\"@id\":\"https:\\\/\\\/proagrolab.com.ar\\\/#\\\/schema\\\/person\\\/38003ff90bf80381f71c7d922d207444\",\"name\":\"proagrolab\"}]}<\/script>\n<!-- \/ Yoast SEO plugin. -->","yoast_head_json":{"title":"La Rural comienza a despedirse con pol\u00edticos y ventas de reproductores. | Proagro","robots":{"index":"index","follow":"follow","max-snippet":"max-snippet:-1","max-image-preview":"max-image-preview:large","max-video-preview":"max-video-preview:-1"},"canonical":"https:\/\/proagrolab.com.ar\/en\/la-rural-comienza-a-despedirse-con-politicos-y-ventas-de-reproductores\/","og_locale":"en_US","og_type":"article","og_title":"La Rural comienza a despedirse con pol\u00edticos y ventas de reproductores. | Proagro","og_description":"Tras el cr\u00edtico discurso inaugural, Etchevehere recibi\u00f3 la visita y el respaldo de dirigentes de la oposici\u00f3n; hoy se rematan ejemplares Angus, ovinos y caprinos. Cuando a\u00fan est\u00e1 presente en los o\u00eddos el fuerte discurso inaugural de la Exposici\u00f3n de Palermo expresado el s\u00e1bado por el presidente de la Sociedad Rural Argentina (SRA), Luis Miguel Etchevehere, quien acus\u00f3 al Gobierno de mentir y lo culp\u00f3 por la corrupci\u00f3n, ayer el predio volvi\u00f3 a ser lugar de visita de pol\u00edticos, dirigentes de la oposici\u00f3n y de mucho p\u00fablico. En un domingo a pleno sol recorrieron ayer el predio el candidato a diputado por el Frente Progresista C\u00edvico y Social Ricardo Alfons\u00edn, quien concurri\u00f3 acompa\u00f1ado por el ex presidente del Banco Central Javier Gonz\u00e1lez Fraga. Tambi\u00e9n estuvieron el ministro de Educaci\u00f3n porte\u00f1o, Esteban Bullrich, y el secretario general de la Uni\u00f3n Argentina de Trabajadores Rurales y Estibadores (Uatre) y candidato a diputado por el partido FE, Ger\u00f3nimo Venegas. &#8220;El sector agropecuario, como toda la econom\u00eda, necesita reglas claras para impulsar el crecimiento y aprovechar las condiciones inmejorables del contexto internacional, que este gobierno se ha ocupado de dilapidar&#8221;, dijo Alfons\u00edn, al ser recibido por Etchevehere. Bajan el martilloEn tanto, para hoy est\u00e1 [&hellip;]","og_url":"https:\/\/proagrolab.com.ar\/la-rural-comienza-a-despedirse-con-politicos-y-ventas-de-reproductores\/","og_site_name":"Proagro","article_publisher":"http:\/\/www.facebook.com\/proagrolab","article_published_time":"2013-07-29T00:00:01+00:00","og_image":[{"width":450,"height":208,"url":"https:\/\/proagrolab.com.ar\/wp-content\/uploads\/2015\/01\/g_vcyrq4bip__Angus-en-la-Rural.jpg","type":"image\/jpeg"}],"author":"proagrolab","twitter_card":"summary_large_image","twitter_misc":{"Written by":"proagrolab","Est. reading time":"3 minutes"},"schema":{"@context":"https:\/\/schema.org","@graph":[{"@type":"Article","@id":"https:\/\/proagrolab.com.ar\/la-rural-comienza-a-despedirse-con-politicos-y-ventas-de-reproductores\/#article","isPartOf":{"@id":"https:\/\/proagrolab.com.ar\/la-rural-comienza-a-despedirse-con-politicos-y-ventas-de-reproductores\/"},"author":{"name":"proagrolab","@id":"https:\/\/proagrolab.com.ar\/#\/schema\/person\/38003ff90bf80381f71c7d922d207444"},"headline":"La Rural comienza a despedirse con pol\u00edticos y ventas de reproductores.","datePublished":"2013-07-29T00:00:01+00:00","mainEntityOfPage":{"@id":"https:\/\/proagrolab.com.ar\/la-rural-comienza-a-despedirse-con-politicos-y-ventas-de-reproductores\/"},"wordCount":612,"publisher":{"@id":"https:\/\/proagrolab.com.ar\/#organization"},"image":{"@id":"https:\/\/proagrolab.com.ar\/la-rural-comienza-a-despedirse-con-politicos-y-ventas-de-reproductores\/#primaryimage"},"thumbnailUrl":"https:\/\/proagrolab.com.ar\/wp-content\/uploads\/2015\/01\/g_vcyrq4bip__Angus-en-la-Rural.jpg","articleSection":["News"],"inLanguage":"en-US"},{"@type":"WebPage","@id":"https:\/\/proagrolab.com.ar\/la-rural-comienza-a-despedirse-con-politicos-y-ventas-de-reproductores\/","url":"https:\/\/proagrolab.com.ar\/la-rural-comienza-a-despedirse-con-politicos-y-ventas-de-reproductores\/","name":"La Rural comienza a despedirse con pol\u00edticos y ventas de reproductores. | Proagro","isPartOf":{"@id":"https:\/\/proagrolab.com.ar\/#website"},"primaryImageOfPage":{"@id":"https:\/\/proagrolab.com.ar\/la-rural-comienza-a-despedirse-con-politicos-y-ventas-de-reproductores\/#primaryimage"},"image":{"@id":"https:\/\/proagrolab.com.ar\/la-rural-comienza-a-despedirse-con-politicos-y-ventas-de-reproductores\/#primaryimage"},"thumbnailUrl":"https:\/\/proagrolab.com.ar\/wp-content\/uploads\/2015\/01\/g_vcyrq4bip__Angus-en-la-Rural.jpg","datePublished":"2013-07-29T00:00:01+00:00","breadcrumb":{"@id":"https:\/\/proagrolab.com.ar\/la-rural-comienza-a-despedirse-con-politicos-y-ventas-de-reproductores\/#breadcrumb"},"inLanguage":"en-US","potentialAction":[{"@type":"ReadAction","target":["https:\/\/proagrolab.com.ar\/la-rural-comienza-a-despedirse-con-politicos-y-ventas-de-reproductores\/"]}]},{"@type":"ImageObject","inLanguage":"en-US","@id":"https:\/\/proagrolab.com.ar\/la-rural-comienza-a-despedirse-con-politicos-y-ventas-de-reproductores\/#primaryimage","url":"https:\/\/proagrolab.com.ar\/wp-content\/uploads\/2015\/01\/g_vcyrq4bip__Angus-en-la-Rural.jpg","contentUrl":"https:\/\/proagrolab.com.ar\/wp-content\/uploads\/2015\/01\/g_vcyrq4bip__Angus-en-la-Rural.jpg","width":450,"height":208},{"@type":"BreadcrumbList","@id":"https:\/\/proagrolab.com.ar\/la-rural-comienza-a-despedirse-con-politicos-y-ventas-de-reproductores\/#breadcrumb","itemListElement":[{"@type":"ListItem","position":1,"name":"Portada","item":"https:\/\/proagrolab.com.ar\/"},{"@type":"ListItem","position":2,"name":"La Rural comienza a despedirse con pol\u00edticos y ventas de reproductores."}]},{"@type":"WebSite","@id":"https:\/\/proagrolab.com.ar\/#website","url":"https:\/\/proagrolab.com.ar\/","name":"Proagro Laboratorio Veterinario","description":"Veterinary laboratory","publisher":{"@id":"https:\/\/proagrolab.com.ar\/#organization"},"potentialAction":[{"@type":"SearchAction","target":{"@type":"EntryPoint","urlTemplate":"https:\/\/proagrolab.com.ar\/?s={search_term_string}"},"query-input":{"@type":"PropertyValueSpecification","valueRequired":true,"valueName":"search_term_string"}}],"inLanguage":"en-US"},{"@type":"Organization","@id":"https:\/\/proagrolab.com.ar\/#organization","name":"Proagro","url":"https:\/\/proagrolab.com.ar\/","logo":{"@type":"ImageObject","inLanguage":"en-US","@id":"https:\/\/proagrolab.com.ar\/#\/schema\/logo\/image\/","url":"https:\/\/proagrolab.com.ar\/wp-content\/uploads\/2020\/04\/logo-retina.png","contentUrl":"https:\/\/proagrolab.com.ar\/wp-content\/uploads\/2020\/04\/logo-retina.png","width":478,"height":120,"caption":"Proagro"},"image":{"@id":"https:\/\/proagrolab.com.ar\/#\/schema\/logo\/image\/"},"sameAs":["http:\/\/www.facebook.com\/proagrolab","https:\/\/www.instagram.com\/proagrolab\/","https:\/\/www.linkedin.com\/company\/laboratorio-proagro-s-a\/"]},{"@type":"Person","@id":"https:\/\/proagrolab.com.ar\/#\/schema\/person\/38003ff90bf80381f71c7d922d207444","name":"proagrolab"}]}},"_links":{"self":[{"href":"https:\/\/proagrolab.com.ar\/en\/wp-json\/wp\/v2\/posts\/5579","targetHints":{"allow":["GET"]}}],"collection":[{"href":"https:\/\/proagrolab.com.ar\/en\/wp-json\/wp\/v2\/posts"}],"about":[{"href":"https:\/\/proagrolab.com.ar\/en\/wp-json\/wp\/v2\/types\/post"}],"author":[{"embeddable":true,"href":"https:\/\/proagrolab.com.ar\/en\/wp-json\/wp\/v2\/users\/2"}],"replies":[{"embeddable":true,"href":"https:\/\/proagrolab.com.ar\/en\/wp-json\/wp\/v2\/comments?post=5579"}],"version-history":[{"count":0,"href":"https:\/\/proagrolab.com.ar\/en\/wp-json\/wp\/v2\/posts\/5579\/revisions"}],"wp:featuredmedia":[{"embeddable":true,"href":"https:\/\/proagrolab.com.ar\/en\/wp-json\/wp\/v2\/media\/2073"}],"wp:attachment":[{"href":"https:\/\/proagrolab.com.ar\/en\/wp-json\/wp\/v2\/media?parent=5579"}],"wp:term":[{"taxonomy":"category","embeddable":true,"href":"https:\/\/proagrolab.com.ar\/en\/wp-json\/wp\/v2\/categories?post=5579"},{"taxonomy":"post_tag","embeddable":true,"href":"https:\/\/proagrolab.com.ar\/en\/wp-json\/wp\/v2\/tags?post=5579"}],"curies":[{"name":"wp","href":"https:\/\/api.w.org\/{rel}","templated":true}]}}