{"id":5576,"date":"2013-07-26T00:00:01","date_gmt":"2013-07-26T00:00:01","guid":{"rendered":"https:\/\/proagrolab.com.ar\/entre-rios-definen-los-lineamientos-del-plan-provincial-de-control-de-la-garrapata-bovina\/"},"modified":"2013-07-26T00:00:01","modified_gmt":"2013-07-26T00:00:01","slug":"entre-rios-definen-los-lineamientos-del-plan-provincial-de-control-de-la-garrapata-bovina","status":"publish","type":"post","link":"https:\/\/proagrolab.com.ar\/en\/entre-rios-definen-los-lineamientos-del-plan-provincial-de-control-de-la-garrapata-bovina\/","title":{"rendered":"Entre R\u00edos: Definen los lineamientos del Plan Provincial de control de la garrapata bovina."},"content":{"rendered":"<p class=\"qtranxs-available-languages-message qtranxs-available-languages-message-en\"> <\/p><p>Durante una reuni\u00f3n en Paran\u00e1 se acordaron los enfoques sanitarios para la atenci\u00f3n de focos y previsi\u00f3n de reinfestaciones del par\u00e1sito en la Provincia.<\/p>\n<p>El Servicio Nacional de Sanidad y Calidad Agroalimentaria (Senasa) y la Fundaci\u00f3n para la Lucha contra la Fiebre Aftosa (Fucofa) de Entre R\u00edos acordaron los lineamientos del Plan Provincial de control de la garrapata com\u00fan del bovino y la estrategia sanitaria a adoptar ante la presencia de la enfermedad, durante una reuni\u00f3n realizada el pasado 23 de julio en la sede de la Fundaci\u00f3n en la ciudad de Paran\u00e1.<\/p>\n<p>En la reuni\u00f3n, el profesional a cargo del Programa de Garrapatas del Senasa, Nicol\u00e1s Winter acompa\u00f1ado por el coordinador de Sanidad Animal del Centro Regional Entre R\u00edos, Cristian G\u00f3mez, analizaron con los representantes de la Fucofa la situaci\u00f3n epidemiol\u00f3gica de los diferentes departamentos de la Provincia y la organizaci\u00f3n con la cual el ente sanitario viene ejecutando las diferentes acciones delegadas por el Servicio, que sirvi\u00f3 como punto de partida para delinear las bases del nuevo plan.<\/p>\n<p>Como aspectos claves se revisaron los lineamientos de protocolizaci\u00f3n y atenci\u00f3n de los focos de garrapata, los controles sobre el ingreso de tropas desde zonas con el par\u00e1sito, el establecimiento de una zona de control intensivo y las bases del sistema de vigilancia necesario para el monitoreo epidemiol\u00f3gico en el territorio.<\/p>\n<p>Con este trabajo mancomunado en la Provincia se impuls\u00f3 una actualizaci\u00f3n de los lineamientos sanitarios, que ser\u00e1n plasmados en un nuevo plan provincial a aprobar en consistencia con el marco normativo nacional de control del par\u00e1sito, que adem\u00e1s preserve la zona sin garrapatas y salvaguarde las zonas ganaderas por excelencia de nuestro pa\u00eds.<\/p>\n<p>Fuente: Infocampo, 25 de julio.<br \/><a target=\"_blank\" title=\"\" href=\"https:\/\/proagrolab.com.ar\/producto-detalle?id=37\"><br \/>Promectina Plus 3,15<\/a> &#8211; <a target=\"_blank\" title=\"\" href=\"https:\/\/proagrolab.com.ar\/producto-detalle?id=37\">El Tumba garrapatas<\/a><br \/><\/p>","protected":false},"excerpt":{"rendered":"<p>Durante una reuni\u00f3n en Paran\u00e1 se acordaron los enfoques sanitarios para la atenci\u00f3n de focos y previsi\u00f3n de reinfestaciones del par\u00e1sito en la Provincia. El Servicio Nacional de Sanidad y Calidad Agroalimentaria (Senasa) y la Fundaci\u00f3n para la Lucha contra la Fiebre Aftosa (Fucofa) de Entre R\u00edos acordaron los lineamientos del Plan Provincial de control de la garrapata com\u00fan del bovino y la estrategia sanitaria a adoptar ante la presencia de la enfermedad, durante una reuni\u00f3n realizada el pasado 23 de julio en la sede de la Fundaci\u00f3n en la ciudad de Paran\u00e1. En la reuni\u00f3n, el profesional a cargo del Programa de Garrapatas del Senasa, Nicol\u00e1s Winter acompa\u00f1ado por el coordinador de Sanidad Animal del Centro Regional Entre R\u00edos, Cristian G\u00f3mez, analizaron con los representantes de la Fucofa la situaci\u00f3n epidemiol\u00f3gica de los diferentes departamentos de la Provincia y la organizaci\u00f3n con la cual el ente sanitario viene ejecutando las diferentes acciones delegadas por el Servicio, que sirvi\u00f3 como punto de partida para delinear las bases del nuevo plan. Como aspectos claves se revisaron los lineamientos de protocolizaci\u00f3n y atenci\u00f3n de los focos de garrapata, los controles sobre el ingreso de tropas desde zonas con el par\u00e1sito, el establecimiento [&hellip;]<\/p>\n","protected":false},"author":2,"featured_media":5981,"comment_status":"closed","ping_status":"open","sticky":false,"template":"","format":"standard","meta":{"_acf_changed":false,"footnotes":""},"categories":[56],"tags":[],"class_list":["post-5576","post","type-post","status-publish","format-standard","has-post-thumbnail","hentry","category-infoganadero"],"acf":[],"yoast_head":"<!-- This site is optimized with the Yoast SEO plugin v27.5 - https:\/\/yoast.com\/product\/yoast-seo-wordpress\/ -->\n<title>Entre R\u00edos: Definen los lineamientos del Plan Provincial de control de la garrapata bovina. | Proagro<\/title>\n<meta name=\"robots\" content=\"index, follow, max-snippet:-1, max-image-preview:large, max-video-preview:-1\" \/>\n<link rel=\"canonical\" href=\"https:\/\/proagrolab.com.ar\/en\/entre-rios-definen-los-lineamientos-del-plan-provincial-de-control-de-la-garrapata-bovina\/\" \/>\n<meta property=\"og:locale\" content=\"en_US\" \/>\n<meta property=\"og:type\" content=\"article\" \/>\n<meta property=\"og:title\" content=\"Entre R\u00edos: Definen los lineamientos del Plan Provincial de control de la garrapata bovina. | Proagro\" \/>\n<meta property=\"og:description\" content=\"Durante una reuni\u00f3n en Paran\u00e1 se acordaron los enfoques sanitarios para la atenci\u00f3n de focos y previsi\u00f3n de reinfestaciones del par\u00e1sito en la Provincia. El Servicio Nacional de Sanidad y Calidad Agroalimentaria (Senasa) y la Fundaci\u00f3n para la Lucha contra la Fiebre Aftosa (Fucofa) de Entre R\u00edos acordaron los lineamientos del Plan Provincial de control de la garrapata com\u00fan del bovino y la estrategia sanitaria a adoptar ante la presencia de la enfermedad, durante una reuni\u00f3n realizada el pasado 23 de julio en la sede de la Fundaci\u00f3n en la ciudad de Paran\u00e1. En la reuni\u00f3n, el profesional a cargo del Programa de Garrapatas del Senasa, Nicol\u00e1s Winter acompa\u00f1ado por el coordinador de Sanidad Animal del Centro Regional Entre R\u00edos, Cristian G\u00f3mez, analizaron con los representantes de la Fucofa la situaci\u00f3n epidemiol\u00f3gica de los diferentes departamentos de la Provincia y la organizaci\u00f3n con la cual el ente sanitario viene ejecutando las diferentes acciones delegadas por el Servicio, que sirvi\u00f3 como punto de partida para delinear las bases del nuevo plan. Como aspectos claves se revisaron los lineamientos de protocolizaci\u00f3n y atenci\u00f3n de los focos de garrapata, los controles sobre el ingreso de tropas desde zonas con el par\u00e1sito, el establecimiento [&hellip;]\" \/>\n<meta property=\"og:url\" content=\"https:\/\/proagrolab.com.ar\/entre-rios-definen-los-lineamientos-del-plan-provincial-de-control-de-la-garrapata-bovina\/\" \/>\n<meta property=\"og:site_name\" content=\"Proagro\" \/>\n<meta property=\"article:publisher\" content=\"http:\/\/www.facebook.com\/proagrolab\" \/>\n<meta property=\"article:published_time\" content=\"2013-07-26T00:00:01+00:00\" \/>\n<meta name=\"author\" content=\"proagrolab\" \/>\n<meta name=\"twitter:card\" content=\"summary_large_image\" \/>\n<meta name=\"twitter:label1\" content=\"Written by\" \/>\n\t<meta name=\"twitter:data1\" content=\"proagrolab\" \/>\n\t<meta name=\"twitter:label2\" content=\"Est. reading time\" \/>\n\t<meta name=\"twitter:data2\" content=\"2 minutes\" \/>\n<script type=\"application\/ld+json\" class=\"yoast-schema-graph\">{\"@context\":\"https:\\\/\\\/schema.org\",\"@graph\":[{\"@type\":\"Article\",\"@id\":\"https:\\\/\\\/proagrolab.com.ar\\\/entre-rios-definen-los-lineamientos-del-plan-provincial-de-control-de-la-garrapata-bovina\\\/#article\",\"isPartOf\":{\"@id\":\"https:\\\/\\\/proagrolab.com.ar\\\/entre-rios-definen-los-lineamientos-del-plan-provincial-de-control-de-la-garrapata-bovina\\\/\"},\"author\":{\"name\":\"proagrolab\",\"@id\":\"https:\\\/\\\/proagrolab.com.ar\\\/#\\\/schema\\\/person\\\/38003ff90bf80381f71c7d922d207444\"},\"headline\":\"Entre R\u00edos: Definen los lineamientos del Plan Provincial de control de la garrapata bovina.\",\"datePublished\":\"2013-07-26T00:00:01+00:00\",\"mainEntityOfPage\":{\"@id\":\"https:\\\/\\\/proagrolab.com.ar\\\/entre-rios-definen-los-lineamientos-del-plan-provincial-de-control-de-la-garrapata-bovina\\\/\"},\"wordCount\":324,\"publisher\":{\"@id\":\"https:\\\/\\\/proagrolab.com.ar\\\/#organization\"},\"image\":{\"@id\":\"https:\\\/\\\/proagrolab.com.ar\\\/entre-rios-definen-los-lineamientos-del-plan-provincial-de-control-de-la-garrapata-bovina\\\/#primaryimage\"},\"thumbnailUrl\":\"\",\"articleSection\":[\"News\"],\"inLanguage\":\"en-US\"},{\"@type\":\"WebPage\",\"@id\":\"https:\\\/\\\/proagrolab.com.ar\\\/entre-rios-definen-los-lineamientos-del-plan-provincial-de-control-de-la-garrapata-bovina\\\/\",\"url\":\"https:\\\/\\\/proagrolab.com.ar\\\/entre-rios-definen-los-lineamientos-del-plan-provincial-de-control-de-la-garrapata-bovina\\\/\",\"name\":\"Entre R\u00edos: Definen los lineamientos del Plan Provincial de control de la garrapata bovina. | Proagro\",\"isPartOf\":{\"@id\":\"https:\\\/\\\/proagrolab.com.ar\\\/#website\"},\"primaryImageOfPage\":{\"@id\":\"https:\\\/\\\/proagrolab.com.ar\\\/entre-rios-definen-los-lineamientos-del-plan-provincial-de-control-de-la-garrapata-bovina\\\/#primaryimage\"},\"image\":{\"@id\":\"https:\\\/\\\/proagrolab.com.ar\\\/entre-rios-definen-los-lineamientos-del-plan-provincial-de-control-de-la-garrapata-bovina\\\/#primaryimage\"},\"thumbnailUrl\":\"\",\"datePublished\":\"2013-07-26T00:00:01+00:00\",\"breadcrumb\":{\"@id\":\"https:\\\/\\\/proagrolab.com.ar\\\/entre-rios-definen-los-lineamientos-del-plan-provincial-de-control-de-la-garrapata-bovina\\\/#breadcrumb\"},\"inLanguage\":\"en-US\",\"potentialAction\":[{\"@type\":\"ReadAction\",\"target\":[\"https:\\\/\\\/proagrolab.com.ar\\\/entre-rios-definen-los-lineamientos-del-plan-provincial-de-control-de-la-garrapata-bovina\\\/\"]}]},{\"@type\":\"ImageObject\",\"inLanguage\":\"en-US\",\"@id\":\"https:\\\/\\\/proagrolab.com.ar\\\/entre-rios-definen-los-lineamientos-del-plan-provincial-de-control-de-la-garrapata-bovina\\\/#primaryimage\",\"url\":\"\",\"contentUrl\":\"\"},{\"@type\":\"BreadcrumbList\",\"@id\":\"https:\\\/\\\/proagrolab.com.ar\\\/entre-rios-definen-los-lineamientos-del-plan-provincial-de-control-de-la-garrapata-bovina\\\/#breadcrumb\",\"itemListElement\":[{\"@type\":\"ListItem\",\"position\":1,\"name\":\"Portada\",\"item\":\"https:\\\/\\\/proagrolab.com.ar\\\/\"},{\"@type\":\"ListItem\",\"position\":2,\"name\":\"Entre R\u00edos: Definen los lineamientos del Plan Provincial de control de la garrapata bovina.\"}]},{\"@type\":\"WebSite\",\"@id\":\"https:\\\/\\\/proagrolab.com.ar\\\/#website\",\"url\":\"https:\\\/\\\/proagrolab.com.ar\\\/\",\"name\":\"Proagro Laboratorio Veterinario\",\"description\":\"Veterinary laboratory\",\"publisher\":{\"@id\":\"https:\\\/\\\/proagrolab.com.ar\\\/#organization\"},\"potentialAction\":[{\"@type\":\"SearchAction\",\"target\":{\"@type\":\"EntryPoint\",\"urlTemplate\":\"https:\\\/\\\/proagrolab.com.ar\\\/?s={search_term_string}\"},\"query-input\":{\"@type\":\"PropertyValueSpecification\",\"valueRequired\":true,\"valueName\":\"search_term_string\"}}],\"inLanguage\":\"en-US\"},{\"@type\":\"Organization\",\"@id\":\"https:\\\/\\\/proagrolab.com.ar\\\/#organization\",\"name\":\"Proagro\",\"url\":\"https:\\\/\\\/proagrolab.com.ar\\\/\",\"logo\":{\"@type\":\"ImageObject\",\"inLanguage\":\"en-US\",\"@id\":\"https:\\\/\\\/proagrolab.com.ar\\\/#\\\/schema\\\/logo\\\/image\\\/\",\"url\":\"https:\\\/\\\/proagrolab.com.ar\\\/wp-content\\\/uploads\\\/2020\\\/04\\\/logo-retina.png\",\"contentUrl\":\"https:\\\/\\\/proagrolab.com.ar\\\/wp-content\\\/uploads\\\/2020\\\/04\\\/logo-retina.png\",\"width\":478,\"height\":120,\"caption\":\"Proagro\"},\"image\":{\"@id\":\"https:\\\/\\\/proagrolab.com.ar\\\/#\\\/schema\\\/logo\\\/image\\\/\"},\"sameAs\":[\"http:\\\/\\\/www.facebook.com\\\/proagrolab\",\"https:\\\/\\\/www.instagram.com\\\/proagrolab\\\/\",\"https:\\\/\\\/www.linkedin.com\\\/company\\\/laboratorio-proagro-s-a\\\/\"]},{\"@type\":\"Person\",\"@id\":\"https:\\\/\\\/proagrolab.com.ar\\\/#\\\/schema\\\/person\\\/38003ff90bf80381f71c7d922d207444\",\"name\":\"proagrolab\"}]}<\/script>\n<!-- \/ Yoast SEO plugin. -->","yoast_head_json":{"title":"Entre R\u00edos: Definen los lineamientos del Plan Provincial de control de la garrapata bovina. | Proagro","robots":{"index":"index","follow":"follow","max-snippet":"max-snippet:-1","max-image-preview":"max-image-preview:large","max-video-preview":"max-video-preview:-1"},"canonical":"https:\/\/proagrolab.com.ar\/en\/entre-rios-definen-los-lineamientos-del-plan-provincial-de-control-de-la-garrapata-bovina\/","og_locale":"en_US","og_type":"article","og_title":"Entre R\u00edos: Definen los lineamientos del Plan Provincial de control de la garrapata bovina. | Proagro","og_description":"Durante una reuni\u00f3n en Paran\u00e1 se acordaron los enfoques sanitarios para la atenci\u00f3n de focos y previsi\u00f3n de reinfestaciones del par\u00e1sito en la Provincia. El Servicio Nacional de Sanidad y Calidad Agroalimentaria (Senasa) y la Fundaci\u00f3n para la Lucha contra la Fiebre Aftosa (Fucofa) de Entre R\u00edos acordaron los lineamientos del Plan Provincial de control de la garrapata com\u00fan del bovino y la estrategia sanitaria a adoptar ante la presencia de la enfermedad, durante una reuni\u00f3n realizada el pasado 23 de julio en la sede de la Fundaci\u00f3n en la ciudad de Paran\u00e1. En la reuni\u00f3n, el profesional a cargo del Programa de Garrapatas del Senasa, Nicol\u00e1s Winter acompa\u00f1ado por el coordinador de Sanidad Animal del Centro Regional Entre R\u00edos, Cristian G\u00f3mez, analizaron con los representantes de la Fucofa la situaci\u00f3n epidemiol\u00f3gica de los diferentes departamentos de la Provincia y la organizaci\u00f3n con la cual el ente sanitario viene ejecutando las diferentes acciones delegadas por el Servicio, que sirvi\u00f3 como punto de partida para delinear las bases del nuevo plan. Como aspectos claves se revisaron los lineamientos de protocolizaci\u00f3n y atenci\u00f3n de los focos de garrapata, los controles sobre el ingreso de tropas desde zonas con el par\u00e1sito, el establecimiento [&hellip;]","og_url":"https:\/\/proagrolab.com.ar\/entre-rios-definen-los-lineamientos-del-plan-provincial-de-control-de-la-garrapata-bovina\/","og_site_name":"Proagro","article_publisher":"http:\/\/www.facebook.com\/proagrolab","article_published_time":"2013-07-26T00:00:01+00:00","author":"proagrolab","twitter_card":"summary_large_image","twitter_misc":{"Written by":"proagrolab","Est. reading time":"2 minutes"},"schema":{"@context":"https:\/\/schema.org","@graph":[{"@type":"Article","@id":"https:\/\/proagrolab.com.ar\/entre-rios-definen-los-lineamientos-del-plan-provincial-de-control-de-la-garrapata-bovina\/#article","isPartOf":{"@id":"https:\/\/proagrolab.com.ar\/entre-rios-definen-los-lineamientos-del-plan-provincial-de-control-de-la-garrapata-bovina\/"},"author":{"name":"proagrolab","@id":"https:\/\/proagrolab.com.ar\/#\/schema\/person\/38003ff90bf80381f71c7d922d207444"},"headline":"Entre R\u00edos: Definen los lineamientos del Plan Provincial de control de la garrapata bovina.","datePublished":"2013-07-26T00:00:01+00:00","mainEntityOfPage":{"@id":"https:\/\/proagrolab.com.ar\/entre-rios-definen-los-lineamientos-del-plan-provincial-de-control-de-la-garrapata-bovina\/"},"wordCount":324,"publisher":{"@id":"https:\/\/proagrolab.com.ar\/#organization"},"image":{"@id":"https:\/\/proagrolab.com.ar\/entre-rios-definen-los-lineamientos-del-plan-provincial-de-control-de-la-garrapata-bovina\/#primaryimage"},"thumbnailUrl":"","articleSection":["News"],"inLanguage":"en-US"},{"@type":"WebPage","@id":"https:\/\/proagrolab.com.ar\/entre-rios-definen-los-lineamientos-del-plan-provincial-de-control-de-la-garrapata-bovina\/","url":"https:\/\/proagrolab.com.ar\/entre-rios-definen-los-lineamientos-del-plan-provincial-de-control-de-la-garrapata-bovina\/","name":"Entre R\u00edos: Definen los lineamientos del Plan Provincial de control de la garrapata bovina. | Proagro","isPartOf":{"@id":"https:\/\/proagrolab.com.ar\/#website"},"primaryImageOfPage":{"@id":"https:\/\/proagrolab.com.ar\/entre-rios-definen-los-lineamientos-del-plan-provincial-de-control-de-la-garrapata-bovina\/#primaryimage"},"image":{"@id":"https:\/\/proagrolab.com.ar\/entre-rios-definen-los-lineamientos-del-plan-provincial-de-control-de-la-garrapata-bovina\/#primaryimage"},"thumbnailUrl":"","datePublished":"2013-07-26T00:00:01+00:00","breadcrumb":{"@id":"https:\/\/proagrolab.com.ar\/entre-rios-definen-los-lineamientos-del-plan-provincial-de-control-de-la-garrapata-bovina\/#breadcrumb"},"inLanguage":"en-US","potentialAction":[{"@type":"ReadAction","target":["https:\/\/proagrolab.com.ar\/entre-rios-definen-los-lineamientos-del-plan-provincial-de-control-de-la-garrapata-bovina\/"]}]},{"@type":"ImageObject","inLanguage":"en-US","@id":"https:\/\/proagrolab.com.ar\/entre-rios-definen-los-lineamientos-del-plan-provincial-de-control-de-la-garrapata-bovina\/#primaryimage","url":"","contentUrl":""},{"@type":"BreadcrumbList","@id":"https:\/\/proagrolab.com.ar\/entre-rios-definen-los-lineamientos-del-plan-provincial-de-control-de-la-garrapata-bovina\/#breadcrumb","itemListElement":[{"@type":"ListItem","position":1,"name":"Portada","item":"https:\/\/proagrolab.com.ar\/"},{"@type":"ListItem","position":2,"name":"Entre R\u00edos: Definen los lineamientos del Plan Provincial de control de la garrapata bovina."}]},{"@type":"WebSite","@id":"https:\/\/proagrolab.com.ar\/#website","url":"https:\/\/proagrolab.com.ar\/","name":"Proagro Laboratorio Veterinario","description":"Veterinary laboratory","publisher":{"@id":"https:\/\/proagrolab.com.ar\/#organization"},"potentialAction":[{"@type":"SearchAction","target":{"@type":"EntryPoint","urlTemplate":"https:\/\/proagrolab.com.ar\/?s={search_term_string}"},"query-input":{"@type":"PropertyValueSpecification","valueRequired":true,"valueName":"search_term_string"}}],"inLanguage":"en-US"},{"@type":"Organization","@id":"https:\/\/proagrolab.com.ar\/#organization","name":"Proagro","url":"https:\/\/proagrolab.com.ar\/","logo":{"@type":"ImageObject","inLanguage":"en-US","@id":"https:\/\/proagrolab.com.ar\/#\/schema\/logo\/image\/","url":"https:\/\/proagrolab.com.ar\/wp-content\/uploads\/2020\/04\/logo-retina.png","contentUrl":"https:\/\/proagrolab.com.ar\/wp-content\/uploads\/2020\/04\/logo-retina.png","width":478,"height":120,"caption":"Proagro"},"image":{"@id":"https:\/\/proagrolab.com.ar\/#\/schema\/logo\/image\/"},"sameAs":["http:\/\/www.facebook.com\/proagrolab","https:\/\/www.instagram.com\/proagrolab\/","https:\/\/www.linkedin.com\/company\/laboratorio-proagro-s-a\/"]},{"@type":"Person","@id":"https:\/\/proagrolab.com.ar\/#\/schema\/person\/38003ff90bf80381f71c7d922d207444","name":"proagrolab"}]}},"_links":{"self":[{"href":"https:\/\/proagrolab.com.ar\/en\/wp-json\/wp\/v2\/posts\/5576","targetHints":{"allow":["GET"]}}],"collection":[{"href":"https:\/\/proagrolab.com.ar\/en\/wp-json\/wp\/v2\/posts"}],"about":[{"href":"https:\/\/proagrolab.com.ar\/en\/wp-json\/wp\/v2\/types\/post"}],"author":[{"embeddable":true,"href":"https:\/\/proagrolab.com.ar\/en\/wp-json\/wp\/v2\/users\/2"}],"replies":[{"embeddable":true,"href":"https:\/\/proagrolab.com.ar\/en\/wp-json\/wp\/v2\/comments?post=5576"}],"version-history":[{"count":0,"href":"https:\/\/proagrolab.com.ar\/en\/wp-json\/wp\/v2\/posts\/5576\/revisions"}],"wp:featuredmedia":[{"embeddable":true,"href":"https:\/\/proagrolab.com.ar\/en\/wp-json\/wp\/v2\/posts\/5981"}],"wp:attachment":[{"href":"https:\/\/proagrolab.com.ar\/en\/wp-json\/wp\/v2\/media?parent=5576"}],"wp:term":[{"taxonomy":"category","embeddable":true,"href":"https:\/\/proagrolab.com.ar\/en\/wp-json\/wp\/v2\/categories?post=5576"},{"taxonomy":"post_tag","embeddable":true,"href":"https:\/\/proagrolab.com.ar\/en\/wp-json\/wp\/v2\/tags?post=5576"}],"curies":[{"name":"wp","href":"https:\/\/api.w.org\/{rel}","templated":true}]}}