{"id":5575,"date":"2013-07-26T00:00:01","date_gmt":"2013-07-26T00:00:01","guid":{"rendered":"https:\/\/proagrolab.com.ar\/los-gordos-del-corral-vienen-llegando\/"},"modified":"2013-07-26T00:00:01","modified_gmt":"2013-07-26T00:00:01","slug":"los-gordos-del-corral-vienen-llegando","status":"publish","type":"post","link":"https:\/\/proagrolab.com.ar\/en\/los-gordos-del-corral-vienen-llegando\/","title":{"rendered":"Los gordos del corral vienen llegando."},"content":{"rendered":"<p class=\"qtranxs-available-languages-message qtranxs-available-languages-message-en\"> <\/p><p>Por Ignacio Iriarte.<\/p>\n<p>La oferta del ganado terminado en &#8220;feedlot&#8221; ser\u00e1 m\u00e1s alta que la del a\u00f1o pasado. Si bien eso presionar\u00e1 sobre los precios en pie, no se descarta que aumente la demanda desde agosto.<\/p>\n<p>A medida que avanza el segundo semestre, comienza a aparecer la oferta de ganado gordo proveniente de los feedlots . El mercado hasta ahora est\u00e1 asimilando ese fen\u00f3meno sin quebrantos en los precios, aunque todos saben que el grueso aparecer\u00e1 reci\u00e9n entre agosto y noviembre.<\/p>\n<p>El a\u00f1o pasado, entre julio y agosto, el precio del novillo en Liniers perdi\u00f3 1,20 peso por kilo cuando apareci\u00f3 la hacienda terminada a corral. Este a\u00f1o, los valores del ganado tuvieron un pico de m\u00e1xima en febrero y luego cayeron en marzo y abril.<\/p>\n<p>No son pocos los que piensan que, producida esa baja, el precio del novillo \u0096ya muy deteriorado por la inflaci\u00f3n\u0096 no tiene mucho m\u00e1s espacio para retroceder: la carne al mostrador, despu\u00e9s de dos a\u00f1os de subir menos que la inflaci\u00f3n, ha quedado \u0093abaratada\u0094 en relaci\u00f3n a otros bienes y servicios, pero en especial frente a otros alimentos, como los farin\u00e1ceos (harina, pastas, pan) y l\u00e1cteos.<\/p>\n<p>Los que sostienen esta hip\u00f3tesis creen que el precio del ganado y de la carne habr\u00edan tocado un piso, y que el mercado atravesar\u00e1 el pr\u00f3ximo per\u00edodo de sobreoferta sin fuertes ca\u00eddas en precios.<\/p>\n<p>El an\u00e1lisis tambi\u00e9n pondera que el per\u00edodo electoral como el que viene coincidir\u00e1 con el pico de oferta del feedlot , por lo que aumentar\u00e1 el gasto p\u00fablico y social. Sostienen tambi\u00e9n que se est\u00e1 sintiendo en la calle el cobro de los aumentos salariales derivados de las paritarias y del pago del medio aguinaldo. En un per\u00edodo electoral habr\u00e1 m\u00e1s plata en la calle, y esto coincidir\u00e1 con los meses en que los que la oferta suba.<\/p>\n<p>El a\u00f1o pasado, la faena de julio-noviembre fue 10 por ciento m\u00e1s alta que la correspondiente a los cinco meses precedentes. Este a\u00f1o, adem\u00e1s, la faena viene creciendo mes a mes con respecto al a\u00f1o pasado: en enero-junio la matanza fue 11 por ciento m\u00e1s alta que el a\u00f1o anterior.<\/p>\n<p>Este oto\u00f1o, adem\u00e1s, el destete fue de 700 mil terneros mayor que el a\u00f1o pasado, y la ca\u00edda de la demanda de los pocos invernadores que a\u00fan sobreviven, hace pensar que una mayor proporci\u00f3n a la habitual del destete fue a parar a los corrales.<\/p>\n<p>Si el destete fue m\u00e1s alto que el a\u00f1o anterior, si la proporci\u00f3n que fue al feedlot fue m\u00e1s alta que a\u00f1os anteriores, y si los corrales se cargaron en las \u00faltimas semanas con varios cientos de miles de cabezas salidas de las islas del Paran\u00e1, se puede concluir que la oferta de ganado terminado a corral ser\u00e1, entre agosto y noviembre, m\u00e1s alta que el a\u00f1o anterior.<\/p>\n<p>Balance. En los primeros seis meses, la faena de ganado vacuno habr\u00eda totalizado 6,13 millones de cabezas, 11,7 por ciento m\u00e1s que en igual lapso de 2012. La producci\u00f3n de carne creci\u00f3 menos (8,8 por ciento), como consecuencia de la ca\u00edda en el peso medio por animal faenado (226 a 220 kilos).<\/p>\n<p>Las exportaciones habr\u00edan totalizado unas 97 mil toneladas (res con hueso), 2,8 por ciento m\u00e1s que en la primera mitad del a\u00f1o pasado. De mantenerse esta tendencia, el a\u00f1o cerrar\u00eda con ventas al exterior por 194 mil toneladas, el tercer registro m\u00e1s bajo en 100 a\u00f1os, s\u00f3lo superior a 2001 y al a\u00f1o pasado. En cuanto al consumo per c\u00e1pita , puede calcularse que en el per\u00edodo estudiado se ubic\u00f3 en los 61,1 kilos contra 56,6 kilos del a\u00f1o pasado.<\/p>\n<p>Fuente: La Voz del Interior, 26 de julio.<br \/><\/p>","protected":false},"excerpt":{"rendered":"<p>Por Ignacio Iriarte. La oferta del ganado terminado en &#8220;feedlot&#8221; ser\u00e1 m\u00e1s alta que la del a\u00f1o pasado. Si bien eso presionar\u00e1 sobre los precios en pie, no se descarta que aumente la demanda desde agosto. A medida que avanza el segundo semestre, comienza a aparecer la oferta de ganado gordo proveniente de los feedlots . El mercado hasta ahora est\u00e1 asimilando ese fen\u00f3meno sin quebrantos en los precios, aunque todos saben que el grueso aparecer\u00e1 reci\u00e9n entre agosto y noviembre. El a\u00f1o pasado, entre julio y agosto, el precio del novillo en Liniers perdi\u00f3 1,20 peso por kilo cuando apareci\u00f3 la hacienda terminada a corral. Este a\u00f1o, los valores del ganado tuvieron un pico de m\u00e1xima en febrero y luego cayeron en marzo y abril. No son pocos los que piensan que, producida esa baja, el precio del novillo \u0096ya muy deteriorado por la inflaci\u00f3n\u0096 no tiene mucho m\u00e1s espacio para retroceder: la carne al mostrador, despu\u00e9s de dos a\u00f1os de subir menos que la inflaci\u00f3n, ha quedado \u0093abaratada\u0094 en relaci\u00f3n a otros bienes y servicios, pero en especial frente a otros alimentos, como los farin\u00e1ceos (harina, pastas, pan) y l\u00e1cteos. Los que sostienen esta hip\u00f3tesis creen que el [&hellip;]<\/p>\n","protected":false},"author":2,"featured_media":2070,"comment_status":"closed","ping_status":"open","sticky":false,"template":"","format":"standard","meta":{"_acf_changed":false,"footnotes":""},"categories":[56],"tags":[],"class_list":["post-5575","post","type-post","status-publish","format-standard","has-post-thumbnail","hentry","category-infoganadero"],"acf":[],"yoast_head":"<!-- This site is optimized with the Yoast SEO plugin v27.5 - https:\/\/yoast.com\/product\/yoast-seo-wordpress\/ -->\n<title>Los gordos del corral vienen llegando. | Proagro<\/title>\n<meta name=\"robots\" content=\"index, follow, max-snippet:-1, max-image-preview:large, max-video-preview:-1\" \/>\n<link rel=\"canonical\" href=\"https:\/\/proagrolab.com.ar\/en\/los-gordos-del-corral-vienen-llegando\/\" \/>\n<meta property=\"og:locale\" content=\"en_US\" \/>\n<meta property=\"og:type\" content=\"article\" \/>\n<meta property=\"og:title\" content=\"Los gordos del corral vienen llegando. | Proagro\" \/>\n<meta property=\"og:description\" content=\"Por Ignacio Iriarte. La oferta del ganado terminado en &#8220;feedlot&#8221; ser\u00e1 m\u00e1s alta que la del a\u00f1o pasado. Si bien eso presionar\u00e1 sobre los precios en pie, no se descarta que aumente la demanda desde agosto. A medida que avanza el segundo semestre, comienza a aparecer la oferta de ganado gordo proveniente de los feedlots . El mercado hasta ahora est\u00e1 asimilando ese fen\u00f3meno sin quebrantos en los precios, aunque todos saben que el grueso aparecer\u00e1 reci\u00e9n entre agosto y noviembre. El a\u00f1o pasado, entre julio y agosto, el precio del novillo en Liniers perdi\u00f3 1,20 peso por kilo cuando apareci\u00f3 la hacienda terminada a corral. Este a\u00f1o, los valores del ganado tuvieron un pico de m\u00e1xima en febrero y luego cayeron en marzo y abril. No son pocos los que piensan que, producida esa baja, el precio del novillo \u0096ya muy deteriorado por la inflaci\u00f3n\u0096 no tiene mucho m\u00e1s espacio para retroceder: la carne al mostrador, despu\u00e9s de dos a\u00f1os de subir menos que la inflaci\u00f3n, ha quedado \u0093abaratada\u0094 en relaci\u00f3n a otros bienes y servicios, pero en especial frente a otros alimentos, como los farin\u00e1ceos (harina, pastas, pan) y l\u00e1cteos. Los que sostienen esta hip\u00f3tesis creen que el [&hellip;]\" \/>\n<meta property=\"og:url\" content=\"https:\/\/proagrolab.com.ar\/los-gordos-del-corral-vienen-llegando\/\" \/>\n<meta property=\"og:site_name\" content=\"Proagro\" \/>\n<meta property=\"article:publisher\" content=\"http:\/\/www.facebook.com\/proagrolab\" \/>\n<meta property=\"article:published_time\" content=\"2013-07-26T00:00:01+00:00\" \/>\n<meta property=\"og:image\" content=\"https:\/\/proagrolab.com.ar\/wp-content\/uploads\/2015\/01\/g_2b0xogz0v__Vacas-5.jpg\" \/>\n\t<meta property=\"og:image:width\" content=\"450\" \/>\n\t<meta property=\"og:image:height\" content=\"208\" \/>\n\t<meta property=\"og:image:type\" content=\"image\/jpeg\" \/>\n<meta name=\"author\" content=\"proagrolab\" \/>\n<meta name=\"twitter:card\" content=\"summary_large_image\" \/>\n<meta name=\"twitter:label1\" content=\"Written by\" \/>\n\t<meta name=\"twitter:data1\" content=\"proagrolab\" \/>\n\t<meta name=\"twitter:label2\" content=\"Est. reading time\" \/>\n\t<meta name=\"twitter:data2\" content=\"3 minutes\" \/>\n<script type=\"application\/ld+json\" class=\"yoast-schema-graph\">{\"@context\":\"https:\\\/\\\/schema.org\",\"@graph\":[{\"@type\":\"Article\",\"@id\":\"https:\\\/\\\/proagrolab.com.ar\\\/los-gordos-del-corral-vienen-llegando\\\/#article\",\"isPartOf\":{\"@id\":\"https:\\\/\\\/proagrolab.com.ar\\\/los-gordos-del-corral-vienen-llegando\\\/\"},\"author\":{\"name\":\"proagrolab\",\"@id\":\"https:\\\/\\\/proagrolab.com.ar\\\/#\\\/schema\\\/person\\\/38003ff90bf80381f71c7d922d207444\"},\"headline\":\"Los gordos del corral vienen llegando.\",\"datePublished\":\"2013-07-26T00:00:01+00:00\",\"mainEntityOfPage\":{\"@id\":\"https:\\\/\\\/proagrolab.com.ar\\\/los-gordos-del-corral-vienen-llegando\\\/\"},\"wordCount\":655,\"publisher\":{\"@id\":\"https:\\\/\\\/proagrolab.com.ar\\\/#organization\"},\"image\":{\"@id\":\"https:\\\/\\\/proagrolab.com.ar\\\/los-gordos-del-corral-vienen-llegando\\\/#primaryimage\"},\"thumbnailUrl\":\"https:\\\/\\\/proagrolab.com.ar\\\/wp-content\\\/uploads\\\/2015\\\/01\\\/g_2b0xogz0v__Vacas-5.jpg\",\"articleSection\":[\"News\"],\"inLanguage\":\"en-US\"},{\"@type\":\"WebPage\",\"@id\":\"https:\\\/\\\/proagrolab.com.ar\\\/los-gordos-del-corral-vienen-llegando\\\/\",\"url\":\"https:\\\/\\\/proagrolab.com.ar\\\/los-gordos-del-corral-vienen-llegando\\\/\",\"name\":\"Los gordos del corral vienen llegando. | Proagro\",\"isPartOf\":{\"@id\":\"https:\\\/\\\/proagrolab.com.ar\\\/#website\"},\"primaryImageOfPage\":{\"@id\":\"https:\\\/\\\/proagrolab.com.ar\\\/los-gordos-del-corral-vienen-llegando\\\/#primaryimage\"},\"image\":{\"@id\":\"https:\\\/\\\/proagrolab.com.ar\\\/los-gordos-del-corral-vienen-llegando\\\/#primaryimage\"},\"thumbnailUrl\":\"https:\\\/\\\/proagrolab.com.ar\\\/wp-content\\\/uploads\\\/2015\\\/01\\\/g_2b0xogz0v__Vacas-5.jpg\",\"datePublished\":\"2013-07-26T00:00:01+00:00\",\"breadcrumb\":{\"@id\":\"https:\\\/\\\/proagrolab.com.ar\\\/los-gordos-del-corral-vienen-llegando\\\/#breadcrumb\"},\"inLanguage\":\"en-US\",\"potentialAction\":[{\"@type\":\"ReadAction\",\"target\":[\"https:\\\/\\\/proagrolab.com.ar\\\/los-gordos-del-corral-vienen-llegando\\\/\"]}]},{\"@type\":\"ImageObject\",\"inLanguage\":\"en-US\",\"@id\":\"https:\\\/\\\/proagrolab.com.ar\\\/los-gordos-del-corral-vienen-llegando\\\/#primaryimage\",\"url\":\"https:\\\/\\\/proagrolab.com.ar\\\/wp-content\\\/uploads\\\/2015\\\/01\\\/g_2b0xogz0v__Vacas-5.jpg\",\"contentUrl\":\"https:\\\/\\\/proagrolab.com.ar\\\/wp-content\\\/uploads\\\/2015\\\/01\\\/g_2b0xogz0v__Vacas-5.jpg\",\"width\":450,\"height\":208},{\"@type\":\"BreadcrumbList\",\"@id\":\"https:\\\/\\\/proagrolab.com.ar\\\/los-gordos-del-corral-vienen-llegando\\\/#breadcrumb\",\"itemListElement\":[{\"@type\":\"ListItem\",\"position\":1,\"name\":\"Portada\",\"item\":\"https:\\\/\\\/proagrolab.com.ar\\\/\"},{\"@type\":\"ListItem\",\"position\":2,\"name\":\"Los gordos del corral vienen llegando.\"}]},{\"@type\":\"WebSite\",\"@id\":\"https:\\\/\\\/proagrolab.com.ar\\\/#website\",\"url\":\"https:\\\/\\\/proagrolab.com.ar\\\/\",\"name\":\"Proagro Laboratorio Veterinario\",\"description\":\"Veterinary laboratory\",\"publisher\":{\"@id\":\"https:\\\/\\\/proagrolab.com.ar\\\/#organization\"},\"potentialAction\":[{\"@type\":\"SearchAction\",\"target\":{\"@type\":\"EntryPoint\",\"urlTemplate\":\"https:\\\/\\\/proagrolab.com.ar\\\/?s={search_term_string}\"},\"query-input\":{\"@type\":\"PropertyValueSpecification\",\"valueRequired\":true,\"valueName\":\"search_term_string\"}}],\"inLanguage\":\"en-US\"},{\"@type\":\"Organization\",\"@id\":\"https:\\\/\\\/proagrolab.com.ar\\\/#organization\",\"name\":\"Proagro\",\"url\":\"https:\\\/\\\/proagrolab.com.ar\\\/\",\"logo\":{\"@type\":\"ImageObject\",\"inLanguage\":\"en-US\",\"@id\":\"https:\\\/\\\/proagrolab.com.ar\\\/#\\\/schema\\\/logo\\\/image\\\/\",\"url\":\"https:\\\/\\\/proagrolab.com.ar\\\/wp-content\\\/uploads\\\/2020\\\/04\\\/logo-retina.png\",\"contentUrl\":\"https:\\\/\\\/proagrolab.com.ar\\\/wp-content\\\/uploads\\\/2020\\\/04\\\/logo-retina.png\",\"width\":478,\"height\":120,\"caption\":\"Proagro\"},\"image\":{\"@id\":\"https:\\\/\\\/proagrolab.com.ar\\\/#\\\/schema\\\/logo\\\/image\\\/\"},\"sameAs\":[\"http:\\\/\\\/www.facebook.com\\\/proagrolab\",\"https:\\\/\\\/www.instagram.com\\\/proagrolab\\\/\",\"https:\\\/\\\/www.linkedin.com\\\/company\\\/laboratorio-proagro-s-a\\\/\"]},{\"@type\":\"Person\",\"@id\":\"https:\\\/\\\/proagrolab.com.ar\\\/#\\\/schema\\\/person\\\/38003ff90bf80381f71c7d922d207444\",\"name\":\"proagrolab\"}]}<\/script>\n<!-- \/ Yoast SEO plugin. -->","yoast_head_json":{"title":"Los gordos del corral vienen llegando. | Proagro","robots":{"index":"index","follow":"follow","max-snippet":"max-snippet:-1","max-image-preview":"max-image-preview:large","max-video-preview":"max-video-preview:-1"},"canonical":"https:\/\/proagrolab.com.ar\/en\/los-gordos-del-corral-vienen-llegando\/","og_locale":"en_US","og_type":"article","og_title":"Los gordos del corral vienen llegando. | Proagro","og_description":"Por Ignacio Iriarte. La oferta del ganado terminado en &#8220;feedlot&#8221; ser\u00e1 m\u00e1s alta que la del a\u00f1o pasado. Si bien eso presionar\u00e1 sobre los precios en pie, no se descarta que aumente la demanda desde agosto. A medida que avanza el segundo semestre, comienza a aparecer la oferta de ganado gordo proveniente de los feedlots . El mercado hasta ahora est\u00e1 asimilando ese fen\u00f3meno sin quebrantos en los precios, aunque todos saben que el grueso aparecer\u00e1 reci\u00e9n entre agosto y noviembre. El a\u00f1o pasado, entre julio y agosto, el precio del novillo en Liniers perdi\u00f3 1,20 peso por kilo cuando apareci\u00f3 la hacienda terminada a corral. Este a\u00f1o, los valores del ganado tuvieron un pico de m\u00e1xima en febrero y luego cayeron en marzo y abril. No son pocos los que piensan que, producida esa baja, el precio del novillo \u0096ya muy deteriorado por la inflaci\u00f3n\u0096 no tiene mucho m\u00e1s espacio para retroceder: la carne al mostrador, despu\u00e9s de dos a\u00f1os de subir menos que la inflaci\u00f3n, ha quedado \u0093abaratada\u0094 en relaci\u00f3n a otros bienes y servicios, pero en especial frente a otros alimentos, como los farin\u00e1ceos (harina, pastas, pan) y l\u00e1cteos. Los que sostienen esta hip\u00f3tesis creen que el [&hellip;]","og_url":"https:\/\/proagrolab.com.ar\/los-gordos-del-corral-vienen-llegando\/","og_site_name":"Proagro","article_publisher":"http:\/\/www.facebook.com\/proagrolab","article_published_time":"2013-07-26T00:00:01+00:00","og_image":[{"width":450,"height":208,"url":"https:\/\/proagrolab.com.ar\/wp-content\/uploads\/2015\/01\/g_2b0xogz0v__Vacas-5.jpg","type":"image\/jpeg"}],"author":"proagrolab","twitter_card":"summary_large_image","twitter_misc":{"Written by":"proagrolab","Est. reading time":"3 minutes"},"schema":{"@context":"https:\/\/schema.org","@graph":[{"@type":"Article","@id":"https:\/\/proagrolab.com.ar\/los-gordos-del-corral-vienen-llegando\/#article","isPartOf":{"@id":"https:\/\/proagrolab.com.ar\/los-gordos-del-corral-vienen-llegando\/"},"author":{"name":"proagrolab","@id":"https:\/\/proagrolab.com.ar\/#\/schema\/person\/38003ff90bf80381f71c7d922d207444"},"headline":"Los gordos del corral vienen llegando.","datePublished":"2013-07-26T00:00:01+00:00","mainEntityOfPage":{"@id":"https:\/\/proagrolab.com.ar\/los-gordos-del-corral-vienen-llegando\/"},"wordCount":655,"publisher":{"@id":"https:\/\/proagrolab.com.ar\/#organization"},"image":{"@id":"https:\/\/proagrolab.com.ar\/los-gordos-del-corral-vienen-llegando\/#primaryimage"},"thumbnailUrl":"https:\/\/proagrolab.com.ar\/wp-content\/uploads\/2015\/01\/g_2b0xogz0v__Vacas-5.jpg","articleSection":["News"],"inLanguage":"en-US"},{"@type":"WebPage","@id":"https:\/\/proagrolab.com.ar\/los-gordos-del-corral-vienen-llegando\/","url":"https:\/\/proagrolab.com.ar\/los-gordos-del-corral-vienen-llegando\/","name":"Los gordos del corral vienen llegando. | Proagro","isPartOf":{"@id":"https:\/\/proagrolab.com.ar\/#website"},"primaryImageOfPage":{"@id":"https:\/\/proagrolab.com.ar\/los-gordos-del-corral-vienen-llegando\/#primaryimage"},"image":{"@id":"https:\/\/proagrolab.com.ar\/los-gordos-del-corral-vienen-llegando\/#primaryimage"},"thumbnailUrl":"https:\/\/proagrolab.com.ar\/wp-content\/uploads\/2015\/01\/g_2b0xogz0v__Vacas-5.jpg","datePublished":"2013-07-26T00:00:01+00:00","breadcrumb":{"@id":"https:\/\/proagrolab.com.ar\/los-gordos-del-corral-vienen-llegando\/#breadcrumb"},"inLanguage":"en-US","potentialAction":[{"@type":"ReadAction","target":["https:\/\/proagrolab.com.ar\/los-gordos-del-corral-vienen-llegando\/"]}]},{"@type":"ImageObject","inLanguage":"en-US","@id":"https:\/\/proagrolab.com.ar\/los-gordos-del-corral-vienen-llegando\/#primaryimage","url":"https:\/\/proagrolab.com.ar\/wp-content\/uploads\/2015\/01\/g_2b0xogz0v__Vacas-5.jpg","contentUrl":"https:\/\/proagrolab.com.ar\/wp-content\/uploads\/2015\/01\/g_2b0xogz0v__Vacas-5.jpg","width":450,"height":208},{"@type":"BreadcrumbList","@id":"https:\/\/proagrolab.com.ar\/los-gordos-del-corral-vienen-llegando\/#breadcrumb","itemListElement":[{"@type":"ListItem","position":1,"name":"Portada","item":"https:\/\/proagrolab.com.ar\/"},{"@type":"ListItem","position":2,"name":"Los gordos del corral vienen llegando."}]},{"@type":"WebSite","@id":"https:\/\/proagrolab.com.ar\/#website","url":"https:\/\/proagrolab.com.ar\/","name":"Proagro Laboratorio Veterinario","description":"Veterinary laboratory","publisher":{"@id":"https:\/\/proagrolab.com.ar\/#organization"},"potentialAction":[{"@type":"SearchAction","target":{"@type":"EntryPoint","urlTemplate":"https:\/\/proagrolab.com.ar\/?s={search_term_string}"},"query-input":{"@type":"PropertyValueSpecification","valueRequired":true,"valueName":"search_term_string"}}],"inLanguage":"en-US"},{"@type":"Organization","@id":"https:\/\/proagrolab.com.ar\/#organization","name":"Proagro","url":"https:\/\/proagrolab.com.ar\/","logo":{"@type":"ImageObject","inLanguage":"en-US","@id":"https:\/\/proagrolab.com.ar\/#\/schema\/logo\/image\/","url":"https:\/\/proagrolab.com.ar\/wp-content\/uploads\/2020\/04\/logo-retina.png","contentUrl":"https:\/\/proagrolab.com.ar\/wp-content\/uploads\/2020\/04\/logo-retina.png","width":478,"height":120,"caption":"Proagro"},"image":{"@id":"https:\/\/proagrolab.com.ar\/#\/schema\/logo\/image\/"},"sameAs":["http:\/\/www.facebook.com\/proagrolab","https:\/\/www.instagram.com\/proagrolab\/","https:\/\/www.linkedin.com\/company\/laboratorio-proagro-s-a\/"]},{"@type":"Person","@id":"https:\/\/proagrolab.com.ar\/#\/schema\/person\/38003ff90bf80381f71c7d922d207444","name":"proagrolab"}]}},"_links":{"self":[{"href":"https:\/\/proagrolab.com.ar\/en\/wp-json\/wp\/v2\/posts\/5575","targetHints":{"allow":["GET"]}}],"collection":[{"href":"https:\/\/proagrolab.com.ar\/en\/wp-json\/wp\/v2\/posts"}],"about":[{"href":"https:\/\/proagrolab.com.ar\/en\/wp-json\/wp\/v2\/types\/post"}],"author":[{"embeddable":true,"href":"https:\/\/proagrolab.com.ar\/en\/wp-json\/wp\/v2\/users\/2"}],"replies":[{"embeddable":true,"href":"https:\/\/proagrolab.com.ar\/en\/wp-json\/wp\/v2\/comments?post=5575"}],"version-history":[{"count":0,"href":"https:\/\/proagrolab.com.ar\/en\/wp-json\/wp\/v2\/posts\/5575\/revisions"}],"wp:featuredmedia":[{"embeddable":true,"href":"https:\/\/proagrolab.com.ar\/en\/wp-json\/wp\/v2\/media\/2070"}],"wp:attachment":[{"href":"https:\/\/proagrolab.com.ar\/en\/wp-json\/wp\/v2\/media?parent=5575"}],"wp:term":[{"taxonomy":"category","embeddable":true,"href":"https:\/\/proagrolab.com.ar\/en\/wp-json\/wp\/v2\/categories?post=5575"},{"taxonomy":"post_tag","embeddable":true,"href":"https:\/\/proagrolab.com.ar\/en\/wp-json\/wp\/v2\/tags?post=5575"}],"curies":[{"name":"wp","href":"https:\/\/api.w.org\/{rel}","templated":true}]}}