{"id":5571,"date":"2013-07-26T00:00:01","date_gmt":"2013-07-26T00:00:01","guid":{"rendered":"https:\/\/proagrolab.com.ar\/la-mitad-del-consumo-de-carnes-vendra-de-asia\/"},"modified":"2013-07-26T00:00:01","modified_gmt":"2013-07-26T00:00:01","slug":"la-mitad-del-consumo-de-carnes-vendra-de-asia","status":"publish","type":"post","link":"https:\/\/proagrolab.com.ar\/en\/la-mitad-del-consumo-de-carnes-vendra-de-asia\/","title":{"rendered":"La mitad del consumo de carnes vendr\u00e1 de Asia."},"content":{"rendered":"<p class=\"qtranxs-available-languages-message qtranxs-available-languages-message-en\"> <\/p><p>El mercado ganadero de la Bolsa de Comercio de Rosario llev\u00f3 a Palermo a un gran disertante del mercado de ganados y carnes: Fernando Sampaio, director Ejecutivo de la ABIEC. En su ponencia el especialista realiz\u00f3 un interesante recorrido por la historia agr\u00edcola ganadera de Brasil hasta acercarse a la coyuntura actual. Asegur\u00f3 que \u0093Latinoam\u00e9rica estar\u00e1 jugando una gran final desde hoy hasta los pr\u00f3ximos 50 a\u00f1os. Estamos en el partido final, s\u00f3lo hay que meter los goles, porque Asia seguir\u00e1 creciendo en su demanda de carnes y nuestros pa\u00edses tienen la gran oportunidad de ganar este partido. Con la presencia de instituciones y liderazgos esto puede ser posible\u0094.<br \/>&nbsp;<br \/>En el an\u00e1lisis de Sampaio la mitad del consumo de carnes vendr\u00e1 en los pr\u00f3ximos a\u00f1os de la mano de Asia y nuestros grandes competidores, Australia y Estados Unidos tendr\u00e1n dificultades para responder. En el caso de Australia, el director Ejecutivo de la ABIEC, asegura que&nbsp; estar\u00e1 limitado para incrementar su producci\u00f3n por que no puede sumar terrenos porque ya han ocupado todas las tierras aptas para el desarrollo ganadero. Mientras que Estados Unidos es un pa\u00eds que, si bien exporta mucho, es un gran importador de carnes. En cambio Sudam\u00e9rica estar\u00e1 en un escenario ideal para liderar el desaf\u00edo que le permite esta gran oportunidad. En ese marco, Brasil es un privilegiado que cuenta hoy con m\u00e1s de 200 millones de cabezas. \u0093El mundo est\u00e1 viendo a Brasil como una gran potencia agropecuaria. Somos importantes jugadores, con una producci\u00f3n que ha ido creciendo en un 3.36 por ciento al a\u00f1o. En este momento nuestras industrias exportan a 130 mercados\u0094, a\u00f1adi\u00f3 al tiempo que puntualiz\u00f3 que en el mercado de carnes exportan principalmente a China, Rusia, Pa\u00edses \u00c1rabes, Chile y Venezuela.<br \/>&nbsp;<br \/>Sin embargo, Sampaio sorprendi\u00f3 al hablar de las dificultades que tambi\u00e9n tiene su pa\u00eds para sumar hect\u00e1reas al desarrollo de la ganader\u00eda. Hay inconvenientes ligados a las demandas de los grupos ambientalistas, comunidades ind\u00edgenas, la tenencia de la tierra y la reglamentaci\u00f3n del c\u00f3digo forestal.<br \/>&nbsp;<br \/>Su disertaci\u00f3n se titul\u00f3 \u0093Perspectivas y desaf\u00edos del sistema agro-industrial de carne en Brasil\u0094 y fue coordinada por el periodista argentino especializado en ganader\u00eda&nbsp; Alfredo Guarino, conductor de Mercado Visi\u00f3n, programa de Canal Rural. Acompa\u00f1aron a Sampaio el presidente de Rosgan, Mariano Cabal, el vicepresidente de Rosgan, Walter Tombolini y el director Ejecutivo, Ra\u00fal Milano. Representando a la Bolsa de Comercio de Rosario, estuvo presente el directivo Ing. \u00c1ngel Ghirardi.<\/p>\n<p>Fuente: On24 agro, 26 de julio.<br \/><\/p>","protected":false},"excerpt":{"rendered":"<p>El mercado ganadero de la Bolsa de Comercio de Rosario llev\u00f3 a Palermo a un gran disertante del mercado de ganados y carnes: Fernando Sampaio, director Ejecutivo de la ABIEC. En su ponencia el especialista realiz\u00f3 un interesante recorrido por la historia agr\u00edcola ganadera de Brasil hasta acercarse a la coyuntura actual. Asegur\u00f3 que \u0093Latinoam\u00e9rica estar\u00e1 jugando una gran final desde hoy hasta los pr\u00f3ximos 50 a\u00f1os. Estamos en el partido final, s\u00f3lo hay que meter los goles, porque Asia seguir\u00e1 creciendo en su demanda de carnes y nuestros pa\u00edses tienen la gran oportunidad de ganar este partido. Con la presencia de instituciones y liderazgos esto puede ser posible\u0094.&nbsp;En el an\u00e1lisis de Sampaio la mitad del consumo de carnes vendr\u00e1 en los pr\u00f3ximos a\u00f1os de la mano de Asia y nuestros grandes competidores, Australia y Estados Unidos tendr\u00e1n dificultades para responder. En el caso de Australia, el director Ejecutivo de la ABIEC, asegura que&nbsp; estar\u00e1 limitado para incrementar su producci\u00f3n por que no puede sumar terrenos porque ya han ocupado todas las tierras aptas para el desarrollo ganadero. Mientras que Estados Unidos es un pa\u00eds que, si bien exporta mucho, es un gran importador de carnes. En cambio Sudam\u00e9rica estar\u00e1 [&hellip;]<\/p>\n","protected":false},"author":2,"featured_media":2066,"comment_status":"closed","ping_status":"open","sticky":false,"template":"","format":"standard","meta":{"_acf_changed":false,"footnotes":""},"categories":[56],"tags":[],"class_list":["post-5571","post","type-post","status-publish","format-standard","has-post-thumbnail","hentry","category-infoganadero"],"acf":[],"yoast_head":"<!-- This site is optimized with the Yoast SEO plugin v27.5 - https:\/\/yoast.com\/product\/yoast-seo-wordpress\/ -->\n<title>La mitad del consumo de carnes vendr\u00e1 de Asia. | Proagro<\/title>\n<meta name=\"robots\" content=\"index, follow, max-snippet:-1, max-image-preview:large, max-video-preview:-1\" \/>\n<link rel=\"canonical\" href=\"https:\/\/proagrolab.com.ar\/en\/la-mitad-del-consumo-de-carnes-vendra-de-asia\/\" \/>\n<meta property=\"og:locale\" content=\"en_US\" \/>\n<meta property=\"og:type\" content=\"article\" \/>\n<meta property=\"og:title\" content=\"La mitad del consumo de carnes vendr\u00e1 de Asia. | Proagro\" \/>\n<meta property=\"og:description\" content=\"El mercado ganadero de la Bolsa de Comercio de Rosario llev\u00f3 a Palermo a un gran disertante del mercado de ganados y carnes: Fernando Sampaio, director Ejecutivo de la ABIEC. En su ponencia el especialista realiz\u00f3 un interesante recorrido por la historia agr\u00edcola ganadera de Brasil hasta acercarse a la coyuntura actual. Asegur\u00f3 que \u0093Latinoam\u00e9rica estar\u00e1 jugando una gran final desde hoy hasta los pr\u00f3ximos 50 a\u00f1os. Estamos en el partido final, s\u00f3lo hay que meter los goles, porque Asia seguir\u00e1 creciendo en su demanda de carnes y nuestros pa\u00edses tienen la gran oportunidad de ganar este partido. Con la presencia de instituciones y liderazgos esto puede ser posible\u0094.&nbsp;En el an\u00e1lisis de Sampaio la mitad del consumo de carnes vendr\u00e1 en los pr\u00f3ximos a\u00f1os de la mano de Asia y nuestros grandes competidores, Australia y Estados Unidos tendr\u00e1n dificultades para responder. En el caso de Australia, el director Ejecutivo de la ABIEC, asegura que&nbsp; estar\u00e1 limitado para incrementar su producci\u00f3n por que no puede sumar terrenos porque ya han ocupado todas las tierras aptas para el desarrollo ganadero. Mientras que Estados Unidos es un pa\u00eds que, si bien exporta mucho, es un gran importador de carnes. En cambio Sudam\u00e9rica estar\u00e1 [&hellip;]\" \/>\n<meta property=\"og:url\" content=\"https:\/\/proagrolab.com.ar\/la-mitad-del-consumo-de-carnes-vendra-de-asia\/\" \/>\n<meta property=\"og:site_name\" content=\"Proagro\" \/>\n<meta property=\"article:publisher\" content=\"http:\/\/www.facebook.com\/proagrolab\" \/>\n<meta property=\"article:published_time\" content=\"2013-07-26T00:00:01+00:00\" \/>\n<meta property=\"og:image\" content=\"https:\/\/proagrolab.com.ar\/wp-content\/uploads\/2015\/01\/g_b9u5hdyin__Frigor\u00edfico-4.jpg\" \/>\n\t<meta property=\"og:image:width\" content=\"1\" \/>\n\t<meta property=\"og:image:height\" content=\"1\" \/>\n\t<meta property=\"og:image:type\" content=\"image\/jpeg\" \/>\n<meta name=\"author\" content=\"proagrolab\" \/>\n<meta name=\"twitter:card\" content=\"summary_large_image\" \/>\n<meta name=\"twitter:label1\" content=\"Written by\" \/>\n\t<meta name=\"twitter:data1\" content=\"proagrolab\" \/>\n\t<meta name=\"twitter:label2\" content=\"Est. reading time\" \/>\n\t<meta name=\"twitter:data2\" content=\"2 minutes\" \/>\n<script type=\"application\/ld+json\" class=\"yoast-schema-graph\">{\"@context\":\"https:\\\/\\\/schema.org\",\"@graph\":[{\"@type\":\"Article\",\"@id\":\"https:\\\/\\\/proagrolab.com.ar\\\/la-mitad-del-consumo-de-carnes-vendra-de-asia\\\/#article\",\"isPartOf\":{\"@id\":\"https:\\\/\\\/proagrolab.com.ar\\\/la-mitad-del-consumo-de-carnes-vendra-de-asia\\\/\"},\"author\":{\"name\":\"proagrolab\",\"@id\":\"https:\\\/\\\/proagrolab.com.ar\\\/#\\\/schema\\\/person\\\/38003ff90bf80381f71c7d922d207444\"},\"headline\":\"La mitad del consumo de carnes vendr\u00e1 de Asia.\",\"datePublished\":\"2013-07-26T00:00:01+00:00\",\"mainEntityOfPage\":{\"@id\":\"https:\\\/\\\/proagrolab.com.ar\\\/la-mitad-del-consumo-de-carnes-vendra-de-asia\\\/\"},\"wordCount\":452,\"publisher\":{\"@id\":\"https:\\\/\\\/proagrolab.com.ar\\\/#organization\"},\"image\":{\"@id\":\"https:\\\/\\\/proagrolab.com.ar\\\/la-mitad-del-consumo-de-carnes-vendra-de-asia\\\/#primaryimage\"},\"thumbnailUrl\":\"https:\\\/\\\/proagrolab.com.ar\\\/wp-content\\\/uploads\\\/2015\\\/01\\\/g_b9u5hdyin__Frigor\u00edfico-4.jpg\",\"articleSection\":[\"News\"],\"inLanguage\":\"en-US\"},{\"@type\":\"WebPage\",\"@id\":\"https:\\\/\\\/proagrolab.com.ar\\\/la-mitad-del-consumo-de-carnes-vendra-de-asia\\\/\",\"url\":\"https:\\\/\\\/proagrolab.com.ar\\\/la-mitad-del-consumo-de-carnes-vendra-de-asia\\\/\",\"name\":\"La mitad del consumo de carnes vendr\u00e1 de Asia. | Proagro\",\"isPartOf\":{\"@id\":\"https:\\\/\\\/proagrolab.com.ar\\\/#website\"},\"primaryImageOfPage\":{\"@id\":\"https:\\\/\\\/proagrolab.com.ar\\\/la-mitad-del-consumo-de-carnes-vendra-de-asia\\\/#primaryimage\"},\"image\":{\"@id\":\"https:\\\/\\\/proagrolab.com.ar\\\/la-mitad-del-consumo-de-carnes-vendra-de-asia\\\/#primaryimage\"},\"thumbnailUrl\":\"https:\\\/\\\/proagrolab.com.ar\\\/wp-content\\\/uploads\\\/2015\\\/01\\\/g_b9u5hdyin__Frigor\u00edfico-4.jpg\",\"datePublished\":\"2013-07-26T00:00:01+00:00\",\"breadcrumb\":{\"@id\":\"https:\\\/\\\/proagrolab.com.ar\\\/la-mitad-del-consumo-de-carnes-vendra-de-asia\\\/#breadcrumb\"},\"inLanguage\":\"en-US\",\"potentialAction\":[{\"@type\":\"ReadAction\",\"target\":[\"https:\\\/\\\/proagrolab.com.ar\\\/la-mitad-del-consumo-de-carnes-vendra-de-asia\\\/\"]}]},{\"@type\":\"ImageObject\",\"inLanguage\":\"en-US\",\"@id\":\"https:\\\/\\\/proagrolab.com.ar\\\/la-mitad-del-consumo-de-carnes-vendra-de-asia\\\/#primaryimage\",\"url\":\"https:\\\/\\\/proagrolab.com.ar\\\/wp-content\\\/uploads\\\/2015\\\/01\\\/g_b9u5hdyin__Frigor\u00edfico-4.jpg\",\"contentUrl\":\"https:\\\/\\\/proagrolab.com.ar\\\/wp-content\\\/uploads\\\/2015\\\/01\\\/g_b9u5hdyin__Frigor\u00edfico-4.jpg\"},{\"@type\":\"BreadcrumbList\",\"@id\":\"https:\\\/\\\/proagrolab.com.ar\\\/la-mitad-del-consumo-de-carnes-vendra-de-asia\\\/#breadcrumb\",\"itemListElement\":[{\"@type\":\"ListItem\",\"position\":1,\"name\":\"Portada\",\"item\":\"https:\\\/\\\/proagrolab.com.ar\\\/\"},{\"@type\":\"ListItem\",\"position\":2,\"name\":\"La mitad del consumo de carnes vendr\u00e1 de Asia.\"}]},{\"@type\":\"WebSite\",\"@id\":\"https:\\\/\\\/proagrolab.com.ar\\\/#website\",\"url\":\"https:\\\/\\\/proagrolab.com.ar\\\/\",\"name\":\"Proagro Laboratorio Veterinario\",\"description\":\"Veterinary laboratory\",\"publisher\":{\"@id\":\"https:\\\/\\\/proagrolab.com.ar\\\/#organization\"},\"potentialAction\":[{\"@type\":\"SearchAction\",\"target\":{\"@type\":\"EntryPoint\",\"urlTemplate\":\"https:\\\/\\\/proagrolab.com.ar\\\/?s={search_term_string}\"},\"query-input\":{\"@type\":\"PropertyValueSpecification\",\"valueRequired\":true,\"valueName\":\"search_term_string\"}}],\"inLanguage\":\"en-US\"},{\"@type\":\"Organization\",\"@id\":\"https:\\\/\\\/proagrolab.com.ar\\\/#organization\",\"name\":\"Proagro\",\"url\":\"https:\\\/\\\/proagrolab.com.ar\\\/\",\"logo\":{\"@type\":\"ImageObject\",\"inLanguage\":\"en-US\",\"@id\":\"https:\\\/\\\/proagrolab.com.ar\\\/#\\\/schema\\\/logo\\\/image\\\/\",\"url\":\"https:\\\/\\\/proagrolab.com.ar\\\/wp-content\\\/uploads\\\/2020\\\/04\\\/logo-retina.png\",\"contentUrl\":\"https:\\\/\\\/proagrolab.com.ar\\\/wp-content\\\/uploads\\\/2020\\\/04\\\/logo-retina.png\",\"width\":478,\"height\":120,\"caption\":\"Proagro\"},\"image\":{\"@id\":\"https:\\\/\\\/proagrolab.com.ar\\\/#\\\/schema\\\/logo\\\/image\\\/\"},\"sameAs\":[\"http:\\\/\\\/www.facebook.com\\\/proagrolab\",\"https:\\\/\\\/www.instagram.com\\\/proagrolab\\\/\",\"https:\\\/\\\/www.linkedin.com\\\/company\\\/laboratorio-proagro-s-a\\\/\"]},{\"@type\":\"Person\",\"@id\":\"https:\\\/\\\/proagrolab.com.ar\\\/#\\\/schema\\\/person\\\/38003ff90bf80381f71c7d922d207444\",\"name\":\"proagrolab\"}]}<\/script>\n<!-- \/ Yoast SEO plugin. -->","yoast_head_json":{"title":"La mitad del consumo de carnes vendr\u00e1 de Asia. | Proagro","robots":{"index":"index","follow":"follow","max-snippet":"max-snippet:-1","max-image-preview":"max-image-preview:large","max-video-preview":"max-video-preview:-1"},"canonical":"https:\/\/proagrolab.com.ar\/en\/la-mitad-del-consumo-de-carnes-vendra-de-asia\/","og_locale":"en_US","og_type":"article","og_title":"La mitad del consumo de carnes vendr\u00e1 de Asia. | Proagro","og_description":"El mercado ganadero de la Bolsa de Comercio de Rosario llev\u00f3 a Palermo a un gran disertante del mercado de ganados y carnes: Fernando Sampaio, director Ejecutivo de la ABIEC. En su ponencia el especialista realiz\u00f3 un interesante recorrido por la historia agr\u00edcola ganadera de Brasil hasta acercarse a la coyuntura actual. Asegur\u00f3 que \u0093Latinoam\u00e9rica estar\u00e1 jugando una gran final desde hoy hasta los pr\u00f3ximos 50 a\u00f1os. Estamos en el partido final, s\u00f3lo hay que meter los goles, porque Asia seguir\u00e1 creciendo en su demanda de carnes y nuestros pa\u00edses tienen la gran oportunidad de ganar este partido. Con la presencia de instituciones y liderazgos esto puede ser posible\u0094.&nbsp;En el an\u00e1lisis de Sampaio la mitad del consumo de carnes vendr\u00e1 en los pr\u00f3ximos a\u00f1os de la mano de Asia y nuestros grandes competidores, Australia y Estados Unidos tendr\u00e1n dificultades para responder. En el caso de Australia, el director Ejecutivo de la ABIEC, asegura que&nbsp; estar\u00e1 limitado para incrementar su producci\u00f3n por que no puede sumar terrenos porque ya han ocupado todas las tierras aptas para el desarrollo ganadero. Mientras que Estados Unidos es un pa\u00eds que, si bien exporta mucho, es un gran importador de carnes. En cambio Sudam\u00e9rica estar\u00e1 [&hellip;]","og_url":"https:\/\/proagrolab.com.ar\/la-mitad-del-consumo-de-carnes-vendra-de-asia\/","og_site_name":"Proagro","article_publisher":"http:\/\/www.facebook.com\/proagrolab","article_published_time":"2013-07-26T00:00:01+00:00","og_image":[{"url":"https:\/\/proagrolab.com.ar\/wp-content\/uploads\/2015\/01\/g_b9u5hdyin__Frigor\u00edfico-4.jpg","width":1,"height":1,"type":"image\/jpeg"}],"author":"proagrolab","twitter_card":"summary_large_image","twitter_misc":{"Written by":"proagrolab","Est. reading time":"2 minutes"},"schema":{"@context":"https:\/\/schema.org","@graph":[{"@type":"Article","@id":"https:\/\/proagrolab.com.ar\/la-mitad-del-consumo-de-carnes-vendra-de-asia\/#article","isPartOf":{"@id":"https:\/\/proagrolab.com.ar\/la-mitad-del-consumo-de-carnes-vendra-de-asia\/"},"author":{"name":"proagrolab","@id":"https:\/\/proagrolab.com.ar\/#\/schema\/person\/38003ff90bf80381f71c7d922d207444"},"headline":"La mitad del consumo de carnes vendr\u00e1 de Asia.","datePublished":"2013-07-26T00:00:01+00:00","mainEntityOfPage":{"@id":"https:\/\/proagrolab.com.ar\/la-mitad-del-consumo-de-carnes-vendra-de-asia\/"},"wordCount":452,"publisher":{"@id":"https:\/\/proagrolab.com.ar\/#organization"},"image":{"@id":"https:\/\/proagrolab.com.ar\/la-mitad-del-consumo-de-carnes-vendra-de-asia\/#primaryimage"},"thumbnailUrl":"https:\/\/proagrolab.com.ar\/wp-content\/uploads\/2015\/01\/g_b9u5hdyin__Frigor\u00edfico-4.jpg","articleSection":["News"],"inLanguage":"en-US"},{"@type":"WebPage","@id":"https:\/\/proagrolab.com.ar\/la-mitad-del-consumo-de-carnes-vendra-de-asia\/","url":"https:\/\/proagrolab.com.ar\/la-mitad-del-consumo-de-carnes-vendra-de-asia\/","name":"La mitad del consumo de carnes vendr\u00e1 de Asia. | Proagro","isPartOf":{"@id":"https:\/\/proagrolab.com.ar\/#website"},"primaryImageOfPage":{"@id":"https:\/\/proagrolab.com.ar\/la-mitad-del-consumo-de-carnes-vendra-de-asia\/#primaryimage"},"image":{"@id":"https:\/\/proagrolab.com.ar\/la-mitad-del-consumo-de-carnes-vendra-de-asia\/#primaryimage"},"thumbnailUrl":"https:\/\/proagrolab.com.ar\/wp-content\/uploads\/2015\/01\/g_b9u5hdyin__Frigor\u00edfico-4.jpg","datePublished":"2013-07-26T00:00:01+00:00","breadcrumb":{"@id":"https:\/\/proagrolab.com.ar\/la-mitad-del-consumo-de-carnes-vendra-de-asia\/#breadcrumb"},"inLanguage":"en-US","potentialAction":[{"@type":"ReadAction","target":["https:\/\/proagrolab.com.ar\/la-mitad-del-consumo-de-carnes-vendra-de-asia\/"]}]},{"@type":"ImageObject","inLanguage":"en-US","@id":"https:\/\/proagrolab.com.ar\/la-mitad-del-consumo-de-carnes-vendra-de-asia\/#primaryimage","url":"https:\/\/proagrolab.com.ar\/wp-content\/uploads\/2015\/01\/g_b9u5hdyin__Frigor\u00edfico-4.jpg","contentUrl":"https:\/\/proagrolab.com.ar\/wp-content\/uploads\/2015\/01\/g_b9u5hdyin__Frigor\u00edfico-4.jpg"},{"@type":"BreadcrumbList","@id":"https:\/\/proagrolab.com.ar\/la-mitad-del-consumo-de-carnes-vendra-de-asia\/#breadcrumb","itemListElement":[{"@type":"ListItem","position":1,"name":"Portada","item":"https:\/\/proagrolab.com.ar\/"},{"@type":"ListItem","position":2,"name":"La mitad del consumo de carnes vendr\u00e1 de Asia."}]},{"@type":"WebSite","@id":"https:\/\/proagrolab.com.ar\/#website","url":"https:\/\/proagrolab.com.ar\/","name":"Proagro Laboratorio Veterinario","description":"Veterinary laboratory","publisher":{"@id":"https:\/\/proagrolab.com.ar\/#organization"},"potentialAction":[{"@type":"SearchAction","target":{"@type":"EntryPoint","urlTemplate":"https:\/\/proagrolab.com.ar\/?s={search_term_string}"},"query-input":{"@type":"PropertyValueSpecification","valueRequired":true,"valueName":"search_term_string"}}],"inLanguage":"en-US"},{"@type":"Organization","@id":"https:\/\/proagrolab.com.ar\/#organization","name":"Proagro","url":"https:\/\/proagrolab.com.ar\/","logo":{"@type":"ImageObject","inLanguage":"en-US","@id":"https:\/\/proagrolab.com.ar\/#\/schema\/logo\/image\/","url":"https:\/\/proagrolab.com.ar\/wp-content\/uploads\/2020\/04\/logo-retina.png","contentUrl":"https:\/\/proagrolab.com.ar\/wp-content\/uploads\/2020\/04\/logo-retina.png","width":478,"height":120,"caption":"Proagro"},"image":{"@id":"https:\/\/proagrolab.com.ar\/#\/schema\/logo\/image\/"},"sameAs":["http:\/\/www.facebook.com\/proagrolab","https:\/\/www.instagram.com\/proagrolab\/","https:\/\/www.linkedin.com\/company\/laboratorio-proagro-s-a\/"]},{"@type":"Person","@id":"https:\/\/proagrolab.com.ar\/#\/schema\/person\/38003ff90bf80381f71c7d922d207444","name":"proagrolab"}]}},"_links":{"self":[{"href":"https:\/\/proagrolab.com.ar\/en\/wp-json\/wp\/v2\/posts\/5571","targetHints":{"allow":["GET"]}}],"collection":[{"href":"https:\/\/proagrolab.com.ar\/en\/wp-json\/wp\/v2\/posts"}],"about":[{"href":"https:\/\/proagrolab.com.ar\/en\/wp-json\/wp\/v2\/types\/post"}],"author":[{"embeddable":true,"href":"https:\/\/proagrolab.com.ar\/en\/wp-json\/wp\/v2\/users\/2"}],"replies":[{"embeddable":true,"href":"https:\/\/proagrolab.com.ar\/en\/wp-json\/wp\/v2\/comments?post=5571"}],"version-history":[{"count":0,"href":"https:\/\/proagrolab.com.ar\/en\/wp-json\/wp\/v2\/posts\/5571\/revisions"}],"wp:featuredmedia":[{"embeddable":true,"href":"https:\/\/proagrolab.com.ar\/en\/wp-json\/wp\/v2\/media\/2066"}],"wp:attachment":[{"href":"https:\/\/proagrolab.com.ar\/en\/wp-json\/wp\/v2\/media?parent=5571"}],"wp:term":[{"taxonomy":"category","embeddable":true,"href":"https:\/\/proagrolab.com.ar\/en\/wp-json\/wp\/v2\/categories?post=5571"},{"taxonomy":"post_tag","embeddable":true,"href":"https:\/\/proagrolab.com.ar\/en\/wp-json\/wp\/v2\/tags?post=5571"}],"curies":[{"name":"wp","href":"https:\/\/api.w.org\/{rel}","templated":true}]}}