{"id":5568,"date":"2013-07-24T00:00:01","date_gmt":"2013-07-24T00:00:01","guid":{"rendered":"https:\/\/proagrolab.com.ar\/la-rural-levanto-temperatura-con-los-grandes-campeones-brangus\/"},"modified":"2013-07-24T00:00:01","modified_gmt":"2013-07-24T00:00:01","slug":"la-rural-levanto-temperatura-con-los-grandes-campeones-brangus","status":"publish","type":"post","link":"https:\/\/proagrolab.com.ar\/en\/la-rural-levanto-temperatura-con-los-grandes-campeones-brangus\/","title":{"rendered":"La Rural levant\u00f3 temperatura con los grandes campeones Brangus."},"content":{"rendered":"<p class=\"qtranxs-available-languages-message qtranxs-available-languages-message-en\"> <\/p><p>En una jura electrizante, por la calidad de los animales presentados, la raza que est\u00e1 creciendo en el norte del pa\u00eds distingui\u00f3 ayer a sus mejores ejemplares.<\/p>\n<p>Por Fernando Bertello.<\/p>\n<p>Con tribunas repletas, animales de alta calidad y una jura electrizante hasta el final, la raza Brangus, jugador indiscutible de la ganader\u00eda del norte del pa\u00eds, consagr\u00f3 ayer a sus grandes campeones.<\/p>\n<p>El jurado consagr\u00f3 Gran Campe\u00f3n Macho Brangus al box 646, de Quilpo Norte SRL, de Cruz del Eje, C\u00f3rdoba. Se trata de un toro que va a cumplir dos a\u00f1os el pr\u00f3ximo mes. Pedro Borgatello, presidente de la firma, calific\u00f3 como &#8220;estupendo&#8221; al gran campe\u00f3n. &#8220;Es un toro excelente, con una calidad y clase estupenda. Le ten\u00eda fe&#8221;, dijo.<\/p>\n<p>Previo a su ingreso en la pista para recibir el premio, Borgatello recibi\u00f3 un cerrado aplauso de la tribuna. Y se emocion\u00f3 hasta las l\u00e1grimas. Con la distinci\u00f3n de ayer, fue el tercer gran campe\u00f3n que en machos Brangus ya conquist\u00f3 en Palermo.<\/p>\n<p>Mientras tanto, el Reservado de Gran Campe\u00f3n Macho Brangus fue el box 659, de Shonko SA, de la localidad de Piran\u00e9, Formosa.<\/p>\n<p>Antes de elegir el Gran Campe\u00f3n Macho, el jurado Diego Gran\u00e9 se\u00f1al\u00f3 que hab\u00eda varios animales que pod\u00edan quedarse con el premio mayor. Eso por el alto nivel de los reproductores exhibidos. &#8220;Hay 3 o 4 toros que pueden ser el Gran Campe\u00f3n porque tienen m\u00e9ritos, pero hay que elegir uno&#8221;, indic\u00f3 Gran\u00e9.<\/p>\n<p>Por el lado de las hembras, el Gran Campe\u00f3n de la raza fue el box 746, de la caba\u00f1a Corral de Guardia, de Bellamar Estancias SA, de Villa Valeria (C\u00f3rdoba). &#8220;Siempre fue una vaquillona destacada. Lo que buscamos est\u00e1 expresado en este animal moderado, suave, de muy buena cabeza, con el justo grado de ceb\u00fa&#8221;, indic\u00f3 Fernando Foster, gerente comercial. En tanto, el Reservado de Gran Campe\u00f3n Hembra fue el box 738, de Quilpo Norte SRL, de Pedro Borgatello.<\/p>\n<p>Entre machos y hembras, Brangus lleg\u00f3 a Palermo con 113 animales de 37 caba\u00f1as. Y lo hizo, fundamentalmente, con una raza que tras 35 a\u00f1os de presencia es referente a nivel mundial para los sistemas de producci\u00f3n pastoril.<\/p>\n<p>&#8220;La calidad que vimos ha sido excepcional y eso se debe a una raza estabilizada, definida, porque en 35 a\u00f1os se trabaj\u00f3 cada vez m\u00e1s fino. Vamos por el buen camino&#8221;, dijo Santiago Gilotaux, presidente de la Asociaci\u00f3n Argentina de Brangus.<\/p>\n<p>Entre otras razas, ayer en la exposici\u00f3n tambi\u00e9n hubo jura de Shorthorn. Y el Gran Campe\u00f3n Macho Shorthorn fue el box 1270, de la caba\u00f1a Santa Mar\u00eda, de Quiroga, provincia de Buenos Aires. &#8220;Es un toro muy completo y correcto&#8221;, dijo Luciano Macaroni, integrante de la firma propietaria. Guillermo Alston, presidente de la raza Shorthorn, subray\u00f3: &#8220;Se vieron animales muy carniceros y de buenos aplomos&#8221;.<\/p>\n<p>Por el lado de la raza Limangus, el box 1372, del expositor Manolo Gaucho SA, de La Barrancosa, provincia de Buenos Aires, obtuvo el premio al Campe\u00f3n.<\/p>\n<p><i>Mesa de enlace<\/i><br \/>Ayer Palermo volvi\u00f3 a tener presencia pol\u00edtica. Estuvieron el gobernador de Corrientes, el radical Ricardo Colombi, y el senador nacional justicialista Adolfo Rodr\u00edguez Sa\u00e1. Tambi\u00e9n pasaron por la pista central y luego asistieron a un almuerzo solidario Eduardo Buzzi, presidente de Federaci\u00f3n Agraria Argentina, y Carlos Garetto, presidente de Coninagro. Lo hicieron junto al anfitri\u00f3n, Luis Miguel Etchevehere.<\/p>\n<p>Buzzi anticip\u00f3 que hoy se montar\u00e1 en el predio una verduler\u00eda con productos del sector para explicar al consumidor la brecha de precios entre los productores y los valores en g\u00f3ndolas.<\/p>\n<p><i>La actividad para hoy<\/i><br \/>Se eligen los mejores caballos de polo argentino<\/p>\n<p>12.30<br \/>En el Sal\u00f3n Ceibo, presentaci\u00f3n del Congreso Mundial Corriedale<\/p>\n<p>14<br \/>En la carpa ubicada sobre la entrada de Juncal, representantes de la Comisi\u00f3n de Enlace informar\u00e1n sobre distorsi\u00f3n de precios<\/p>\n<p>14.30<br \/>En la Pista Central, clasificaci\u00f3n de los Grandes Campeones Caballo de Polo Argentino<\/p>\n<p>16.30<br \/>En el Pabell\u00f3n Rojo se realizar\u00e1 la presentaci\u00f3n de Expo Olavarr\u00eda<\/p>\n<p><i>Ganaderos paraguayos, de compras<\/i><br \/>El crecimiento de Brangus fue en los \u00faltimos a\u00f1os, y ahora se potencia, un poderoso im\u00e1n para compradores extranjeros, ansiosos por adquirir gen\u00e9tica de alta calidad. Los protagonistas son ganaderos paraguayos<\/p>\n<p>Vale recordar que, en 2012, Paraguay ya export\u00f3 m\u00e1s carne que la Argentina. Desde otros pa\u00edses de la regi\u00f3n y hasta norteamericanos vienen a ver el Brangus local. &#8220;Se trata del mejor Brangus pastoril del mundo&#8221;, indic\u00f3 Mart\u00edn Goldstein, directivo de la Rural y criador de Brangus. Para hoy, en la cena-subasta Brangus Show, Facundo Rivolta, gerente, prepar\u00f3 especialmente mesas para extranjeros. El remate promete alcanzar cifras elevadas<\/p>\n<p>Fuente: La Naci\u00f3n, 24 de julio.<br \/><\/p>","protected":false},"excerpt":{"rendered":"<p>En una jura electrizante, por la calidad de los animales presentados, la raza que est\u00e1 creciendo en el norte del pa\u00eds distingui\u00f3 ayer a sus mejores ejemplares. Por Fernando Bertello. Con tribunas repletas, animales de alta calidad y una jura electrizante hasta el final, la raza Brangus, jugador indiscutible de la ganader\u00eda del norte del pa\u00eds, consagr\u00f3 ayer a sus grandes campeones. El jurado consagr\u00f3 Gran Campe\u00f3n Macho Brangus al box 646, de Quilpo Norte SRL, de Cruz del Eje, C\u00f3rdoba. Se trata de un toro que va a cumplir dos a\u00f1os el pr\u00f3ximo mes. Pedro Borgatello, presidente de la firma, calific\u00f3 como &#8220;estupendo&#8221; al gran campe\u00f3n. &#8220;Es un toro excelente, con una calidad y clase estupenda. Le ten\u00eda fe&#8221;, dijo. Previo a su ingreso en la pista para recibir el premio, Borgatello recibi\u00f3 un cerrado aplauso de la tribuna. Y se emocion\u00f3 hasta las l\u00e1grimas. Con la distinci\u00f3n de ayer, fue el tercer gran campe\u00f3n que en machos Brangus ya conquist\u00f3 en Palermo. Mientras tanto, el Reservado de Gran Campe\u00f3n Macho Brangus fue el box 659, de Shonko SA, de la localidad de Piran\u00e9, Formosa. Antes de elegir el Gran Campe\u00f3n Macho, el jurado Diego Gran\u00e9 se\u00f1al\u00f3 que hab\u00eda [&hellip;]<\/p>\n","protected":false},"author":2,"featured_media":2063,"comment_status":"closed","ping_status":"open","sticky":false,"template":"","format":"standard","meta":{"_acf_changed":false,"footnotes":""},"categories":[56],"tags":[],"class_list":["post-5568","post","type-post","status-publish","format-standard","has-post-thumbnail","hentry","category-infoganadero"],"acf":[],"yoast_head":"<!-- This site is optimized with the Yoast SEO plugin v27.5 - https:\/\/yoast.com\/product\/yoast-seo-wordpress\/ -->\n<title>La Rural levant\u00f3 temperatura con los grandes campeones Brangus. | Proagro<\/title>\n<meta name=\"robots\" content=\"index, follow, max-snippet:-1, max-image-preview:large, max-video-preview:-1\" \/>\n<link rel=\"canonical\" href=\"https:\/\/proagrolab.com.ar\/en\/la-rural-levanto-temperatura-con-los-grandes-campeones-brangus\/\" \/>\n<meta property=\"og:locale\" content=\"en_US\" \/>\n<meta property=\"og:type\" content=\"article\" \/>\n<meta property=\"og:title\" content=\"La Rural levant\u00f3 temperatura con los grandes campeones Brangus. | Proagro\" \/>\n<meta property=\"og:description\" content=\"En una jura electrizante, por la calidad de los animales presentados, la raza que est\u00e1 creciendo en el norte del pa\u00eds distingui\u00f3 ayer a sus mejores ejemplares. Por Fernando Bertello. Con tribunas repletas, animales de alta calidad y una jura electrizante hasta el final, la raza Brangus, jugador indiscutible de la ganader\u00eda del norte del pa\u00eds, consagr\u00f3 ayer a sus grandes campeones. El jurado consagr\u00f3 Gran Campe\u00f3n Macho Brangus al box 646, de Quilpo Norte SRL, de Cruz del Eje, C\u00f3rdoba. Se trata de un toro que va a cumplir dos a\u00f1os el pr\u00f3ximo mes. Pedro Borgatello, presidente de la firma, calific\u00f3 como &#8220;estupendo&#8221; al gran campe\u00f3n. &#8220;Es un toro excelente, con una calidad y clase estupenda. Le ten\u00eda fe&#8221;, dijo. Previo a su ingreso en la pista para recibir el premio, Borgatello recibi\u00f3 un cerrado aplauso de la tribuna. Y se emocion\u00f3 hasta las l\u00e1grimas. Con la distinci\u00f3n de ayer, fue el tercer gran campe\u00f3n que en machos Brangus ya conquist\u00f3 en Palermo. Mientras tanto, el Reservado de Gran Campe\u00f3n Macho Brangus fue el box 659, de Shonko SA, de la localidad de Piran\u00e9, Formosa. Antes de elegir el Gran Campe\u00f3n Macho, el jurado Diego Gran\u00e9 se\u00f1al\u00f3 que hab\u00eda [&hellip;]\" \/>\n<meta property=\"og:url\" content=\"https:\/\/proagrolab.com.ar\/la-rural-levanto-temperatura-con-los-grandes-campeones-brangus\/\" \/>\n<meta property=\"og:site_name\" content=\"Proagro\" \/>\n<meta property=\"article:publisher\" content=\"http:\/\/www.facebook.com\/proagrolab\" \/>\n<meta property=\"article:published_time\" content=\"2013-07-24T00:00:01+00:00\" \/>\n<meta property=\"og:image\" content=\"https:\/\/proagrolab.com.ar\/wp-content\/uploads\/2015\/01\/g_etebqlfcr__Bovinos-angus-negros.jpg\" \/>\n\t<meta property=\"og:image:width\" content=\"450\" \/>\n\t<meta property=\"og:image:height\" content=\"208\" \/>\n\t<meta property=\"og:image:type\" content=\"image\/jpeg\" \/>\n<meta name=\"author\" content=\"proagrolab\" \/>\n<meta name=\"twitter:card\" content=\"summary_large_image\" \/>\n<meta name=\"twitter:label1\" content=\"Written by\" \/>\n\t<meta name=\"twitter:data1\" content=\"proagrolab\" \/>\n\t<meta name=\"twitter:label2\" content=\"Est. reading time\" \/>\n\t<meta name=\"twitter:data2\" content=\"4 minutes\" \/>\n<script type=\"application\/ld+json\" class=\"yoast-schema-graph\">{\"@context\":\"https:\\\/\\\/schema.org\",\"@graph\":[{\"@type\":\"Article\",\"@id\":\"https:\\\/\\\/proagrolab.com.ar\\\/la-rural-levanto-temperatura-con-los-grandes-campeones-brangus\\\/#article\",\"isPartOf\":{\"@id\":\"https:\\\/\\\/proagrolab.com.ar\\\/la-rural-levanto-temperatura-con-los-grandes-campeones-brangus\\\/\"},\"author\":{\"name\":\"proagrolab\",\"@id\":\"https:\\\/\\\/proagrolab.com.ar\\\/#\\\/schema\\\/person\\\/38003ff90bf80381f71c7d922d207444\"},\"headline\":\"La Rural levant\u00f3 temperatura con los grandes campeones Brangus.\",\"datePublished\":\"2013-07-24T00:00:01+00:00\",\"mainEntityOfPage\":{\"@id\":\"https:\\\/\\\/proagrolab.com.ar\\\/la-rural-levanto-temperatura-con-los-grandes-campeones-brangus\\\/\"},\"wordCount\":809,\"publisher\":{\"@id\":\"https:\\\/\\\/proagrolab.com.ar\\\/#organization\"},\"image\":{\"@id\":\"https:\\\/\\\/proagrolab.com.ar\\\/la-rural-levanto-temperatura-con-los-grandes-campeones-brangus\\\/#primaryimage\"},\"thumbnailUrl\":\"https:\\\/\\\/proagrolab.com.ar\\\/wp-content\\\/uploads\\\/2015\\\/01\\\/g_etebqlfcr__Bovinos-angus-negros.jpg\",\"articleSection\":[\"News\"],\"inLanguage\":\"en-US\"},{\"@type\":\"WebPage\",\"@id\":\"https:\\\/\\\/proagrolab.com.ar\\\/la-rural-levanto-temperatura-con-los-grandes-campeones-brangus\\\/\",\"url\":\"https:\\\/\\\/proagrolab.com.ar\\\/la-rural-levanto-temperatura-con-los-grandes-campeones-brangus\\\/\",\"name\":\"La Rural levant\u00f3 temperatura con los grandes campeones Brangus. | Proagro\",\"isPartOf\":{\"@id\":\"https:\\\/\\\/proagrolab.com.ar\\\/#website\"},\"primaryImageOfPage\":{\"@id\":\"https:\\\/\\\/proagrolab.com.ar\\\/la-rural-levanto-temperatura-con-los-grandes-campeones-brangus\\\/#primaryimage\"},\"image\":{\"@id\":\"https:\\\/\\\/proagrolab.com.ar\\\/la-rural-levanto-temperatura-con-los-grandes-campeones-brangus\\\/#primaryimage\"},\"thumbnailUrl\":\"https:\\\/\\\/proagrolab.com.ar\\\/wp-content\\\/uploads\\\/2015\\\/01\\\/g_etebqlfcr__Bovinos-angus-negros.jpg\",\"datePublished\":\"2013-07-24T00:00:01+00:00\",\"breadcrumb\":{\"@id\":\"https:\\\/\\\/proagrolab.com.ar\\\/la-rural-levanto-temperatura-con-los-grandes-campeones-brangus\\\/#breadcrumb\"},\"inLanguage\":\"en-US\",\"potentialAction\":[{\"@type\":\"ReadAction\",\"target\":[\"https:\\\/\\\/proagrolab.com.ar\\\/la-rural-levanto-temperatura-con-los-grandes-campeones-brangus\\\/\"]}]},{\"@type\":\"ImageObject\",\"inLanguage\":\"en-US\",\"@id\":\"https:\\\/\\\/proagrolab.com.ar\\\/la-rural-levanto-temperatura-con-los-grandes-campeones-brangus\\\/#primaryimage\",\"url\":\"https:\\\/\\\/proagrolab.com.ar\\\/wp-content\\\/uploads\\\/2015\\\/01\\\/g_etebqlfcr__Bovinos-angus-negros.jpg\",\"contentUrl\":\"https:\\\/\\\/proagrolab.com.ar\\\/wp-content\\\/uploads\\\/2015\\\/01\\\/g_etebqlfcr__Bovinos-angus-negros.jpg\",\"width\":450,\"height\":208},{\"@type\":\"BreadcrumbList\",\"@id\":\"https:\\\/\\\/proagrolab.com.ar\\\/la-rural-levanto-temperatura-con-los-grandes-campeones-brangus\\\/#breadcrumb\",\"itemListElement\":[{\"@type\":\"ListItem\",\"position\":1,\"name\":\"Portada\",\"item\":\"https:\\\/\\\/proagrolab.com.ar\\\/\"},{\"@type\":\"ListItem\",\"position\":2,\"name\":\"La Rural levant\u00f3 temperatura con los grandes campeones Brangus.\"}]},{\"@type\":\"WebSite\",\"@id\":\"https:\\\/\\\/proagrolab.com.ar\\\/#website\",\"url\":\"https:\\\/\\\/proagrolab.com.ar\\\/\",\"name\":\"Proagro Laboratorio Veterinario\",\"description\":\"Veterinary laboratory\",\"publisher\":{\"@id\":\"https:\\\/\\\/proagrolab.com.ar\\\/#organization\"},\"potentialAction\":[{\"@type\":\"SearchAction\",\"target\":{\"@type\":\"EntryPoint\",\"urlTemplate\":\"https:\\\/\\\/proagrolab.com.ar\\\/?s={search_term_string}\"},\"query-input\":{\"@type\":\"PropertyValueSpecification\",\"valueRequired\":true,\"valueName\":\"search_term_string\"}}],\"inLanguage\":\"en-US\"},{\"@type\":\"Organization\",\"@id\":\"https:\\\/\\\/proagrolab.com.ar\\\/#organization\",\"name\":\"Proagro\",\"url\":\"https:\\\/\\\/proagrolab.com.ar\\\/\",\"logo\":{\"@type\":\"ImageObject\",\"inLanguage\":\"en-US\",\"@id\":\"https:\\\/\\\/proagrolab.com.ar\\\/#\\\/schema\\\/logo\\\/image\\\/\",\"url\":\"https:\\\/\\\/proagrolab.com.ar\\\/wp-content\\\/uploads\\\/2020\\\/04\\\/logo-retina.png\",\"contentUrl\":\"https:\\\/\\\/proagrolab.com.ar\\\/wp-content\\\/uploads\\\/2020\\\/04\\\/logo-retina.png\",\"width\":478,\"height\":120,\"caption\":\"Proagro\"},\"image\":{\"@id\":\"https:\\\/\\\/proagrolab.com.ar\\\/#\\\/schema\\\/logo\\\/image\\\/\"},\"sameAs\":[\"http:\\\/\\\/www.facebook.com\\\/proagrolab\",\"https:\\\/\\\/www.instagram.com\\\/proagrolab\\\/\",\"https:\\\/\\\/www.linkedin.com\\\/company\\\/laboratorio-proagro-s-a\\\/\"]},{\"@type\":\"Person\",\"@id\":\"https:\\\/\\\/proagrolab.com.ar\\\/#\\\/schema\\\/person\\\/38003ff90bf80381f71c7d922d207444\",\"name\":\"proagrolab\"}]}<\/script>\n<!-- \/ Yoast SEO plugin. -->","yoast_head_json":{"title":"La Rural levant\u00f3 temperatura con los grandes campeones Brangus. | Proagro","robots":{"index":"index","follow":"follow","max-snippet":"max-snippet:-1","max-image-preview":"max-image-preview:large","max-video-preview":"max-video-preview:-1"},"canonical":"https:\/\/proagrolab.com.ar\/en\/la-rural-levanto-temperatura-con-los-grandes-campeones-brangus\/","og_locale":"en_US","og_type":"article","og_title":"La Rural levant\u00f3 temperatura con los grandes campeones Brangus. | Proagro","og_description":"En una jura electrizante, por la calidad de los animales presentados, la raza que est\u00e1 creciendo en el norte del pa\u00eds distingui\u00f3 ayer a sus mejores ejemplares. Por Fernando Bertello. Con tribunas repletas, animales de alta calidad y una jura electrizante hasta el final, la raza Brangus, jugador indiscutible de la ganader\u00eda del norte del pa\u00eds, consagr\u00f3 ayer a sus grandes campeones. El jurado consagr\u00f3 Gran Campe\u00f3n Macho Brangus al box 646, de Quilpo Norte SRL, de Cruz del Eje, C\u00f3rdoba. Se trata de un toro que va a cumplir dos a\u00f1os el pr\u00f3ximo mes. Pedro Borgatello, presidente de la firma, calific\u00f3 como &#8220;estupendo&#8221; al gran campe\u00f3n. &#8220;Es un toro excelente, con una calidad y clase estupenda. Le ten\u00eda fe&#8221;, dijo. Previo a su ingreso en la pista para recibir el premio, Borgatello recibi\u00f3 un cerrado aplauso de la tribuna. Y se emocion\u00f3 hasta las l\u00e1grimas. Con la distinci\u00f3n de ayer, fue el tercer gran campe\u00f3n que en machos Brangus ya conquist\u00f3 en Palermo. Mientras tanto, el Reservado de Gran Campe\u00f3n Macho Brangus fue el box 659, de Shonko SA, de la localidad de Piran\u00e9, Formosa. Antes de elegir el Gran Campe\u00f3n Macho, el jurado Diego Gran\u00e9 se\u00f1al\u00f3 que hab\u00eda [&hellip;]","og_url":"https:\/\/proagrolab.com.ar\/la-rural-levanto-temperatura-con-los-grandes-campeones-brangus\/","og_site_name":"Proagro","article_publisher":"http:\/\/www.facebook.com\/proagrolab","article_published_time":"2013-07-24T00:00:01+00:00","og_image":[{"width":450,"height":208,"url":"https:\/\/proagrolab.com.ar\/wp-content\/uploads\/2015\/01\/g_etebqlfcr__Bovinos-angus-negros.jpg","type":"image\/jpeg"}],"author":"proagrolab","twitter_card":"summary_large_image","twitter_misc":{"Written by":"proagrolab","Est. reading time":"4 minutes"},"schema":{"@context":"https:\/\/schema.org","@graph":[{"@type":"Article","@id":"https:\/\/proagrolab.com.ar\/la-rural-levanto-temperatura-con-los-grandes-campeones-brangus\/#article","isPartOf":{"@id":"https:\/\/proagrolab.com.ar\/la-rural-levanto-temperatura-con-los-grandes-campeones-brangus\/"},"author":{"name":"proagrolab","@id":"https:\/\/proagrolab.com.ar\/#\/schema\/person\/38003ff90bf80381f71c7d922d207444"},"headline":"La Rural levant\u00f3 temperatura con los grandes campeones Brangus.","datePublished":"2013-07-24T00:00:01+00:00","mainEntityOfPage":{"@id":"https:\/\/proagrolab.com.ar\/la-rural-levanto-temperatura-con-los-grandes-campeones-brangus\/"},"wordCount":809,"publisher":{"@id":"https:\/\/proagrolab.com.ar\/#organization"},"image":{"@id":"https:\/\/proagrolab.com.ar\/la-rural-levanto-temperatura-con-los-grandes-campeones-brangus\/#primaryimage"},"thumbnailUrl":"https:\/\/proagrolab.com.ar\/wp-content\/uploads\/2015\/01\/g_etebqlfcr__Bovinos-angus-negros.jpg","articleSection":["News"],"inLanguage":"en-US"},{"@type":"WebPage","@id":"https:\/\/proagrolab.com.ar\/la-rural-levanto-temperatura-con-los-grandes-campeones-brangus\/","url":"https:\/\/proagrolab.com.ar\/la-rural-levanto-temperatura-con-los-grandes-campeones-brangus\/","name":"La Rural levant\u00f3 temperatura con los grandes campeones Brangus. | Proagro","isPartOf":{"@id":"https:\/\/proagrolab.com.ar\/#website"},"primaryImageOfPage":{"@id":"https:\/\/proagrolab.com.ar\/la-rural-levanto-temperatura-con-los-grandes-campeones-brangus\/#primaryimage"},"image":{"@id":"https:\/\/proagrolab.com.ar\/la-rural-levanto-temperatura-con-los-grandes-campeones-brangus\/#primaryimage"},"thumbnailUrl":"https:\/\/proagrolab.com.ar\/wp-content\/uploads\/2015\/01\/g_etebqlfcr__Bovinos-angus-negros.jpg","datePublished":"2013-07-24T00:00:01+00:00","breadcrumb":{"@id":"https:\/\/proagrolab.com.ar\/la-rural-levanto-temperatura-con-los-grandes-campeones-brangus\/#breadcrumb"},"inLanguage":"en-US","potentialAction":[{"@type":"ReadAction","target":["https:\/\/proagrolab.com.ar\/la-rural-levanto-temperatura-con-los-grandes-campeones-brangus\/"]}]},{"@type":"ImageObject","inLanguage":"en-US","@id":"https:\/\/proagrolab.com.ar\/la-rural-levanto-temperatura-con-los-grandes-campeones-brangus\/#primaryimage","url":"https:\/\/proagrolab.com.ar\/wp-content\/uploads\/2015\/01\/g_etebqlfcr__Bovinos-angus-negros.jpg","contentUrl":"https:\/\/proagrolab.com.ar\/wp-content\/uploads\/2015\/01\/g_etebqlfcr__Bovinos-angus-negros.jpg","width":450,"height":208},{"@type":"BreadcrumbList","@id":"https:\/\/proagrolab.com.ar\/la-rural-levanto-temperatura-con-los-grandes-campeones-brangus\/#breadcrumb","itemListElement":[{"@type":"ListItem","position":1,"name":"Portada","item":"https:\/\/proagrolab.com.ar\/"},{"@type":"ListItem","position":2,"name":"La Rural levant\u00f3 temperatura con los grandes campeones Brangus."}]},{"@type":"WebSite","@id":"https:\/\/proagrolab.com.ar\/#website","url":"https:\/\/proagrolab.com.ar\/","name":"Proagro Laboratorio Veterinario","description":"Veterinary laboratory","publisher":{"@id":"https:\/\/proagrolab.com.ar\/#organization"},"potentialAction":[{"@type":"SearchAction","target":{"@type":"EntryPoint","urlTemplate":"https:\/\/proagrolab.com.ar\/?s={search_term_string}"},"query-input":{"@type":"PropertyValueSpecification","valueRequired":true,"valueName":"search_term_string"}}],"inLanguage":"en-US"},{"@type":"Organization","@id":"https:\/\/proagrolab.com.ar\/#organization","name":"Proagro","url":"https:\/\/proagrolab.com.ar\/","logo":{"@type":"ImageObject","inLanguage":"en-US","@id":"https:\/\/proagrolab.com.ar\/#\/schema\/logo\/image\/","url":"https:\/\/proagrolab.com.ar\/wp-content\/uploads\/2020\/04\/logo-retina.png","contentUrl":"https:\/\/proagrolab.com.ar\/wp-content\/uploads\/2020\/04\/logo-retina.png","width":478,"height":120,"caption":"Proagro"},"image":{"@id":"https:\/\/proagrolab.com.ar\/#\/schema\/logo\/image\/"},"sameAs":["http:\/\/www.facebook.com\/proagrolab","https:\/\/www.instagram.com\/proagrolab\/","https:\/\/www.linkedin.com\/company\/laboratorio-proagro-s-a\/"]},{"@type":"Person","@id":"https:\/\/proagrolab.com.ar\/#\/schema\/person\/38003ff90bf80381f71c7d922d207444","name":"proagrolab"}]}},"_links":{"self":[{"href":"https:\/\/proagrolab.com.ar\/en\/wp-json\/wp\/v2\/posts\/5568","targetHints":{"allow":["GET"]}}],"collection":[{"href":"https:\/\/proagrolab.com.ar\/en\/wp-json\/wp\/v2\/posts"}],"about":[{"href":"https:\/\/proagrolab.com.ar\/en\/wp-json\/wp\/v2\/types\/post"}],"author":[{"embeddable":true,"href":"https:\/\/proagrolab.com.ar\/en\/wp-json\/wp\/v2\/users\/2"}],"replies":[{"embeddable":true,"href":"https:\/\/proagrolab.com.ar\/en\/wp-json\/wp\/v2\/comments?post=5568"}],"version-history":[{"count":0,"href":"https:\/\/proagrolab.com.ar\/en\/wp-json\/wp\/v2\/posts\/5568\/revisions"}],"wp:featuredmedia":[{"embeddable":true,"href":"https:\/\/proagrolab.com.ar\/en\/wp-json\/wp\/v2\/media\/2063"}],"wp:attachment":[{"href":"https:\/\/proagrolab.com.ar\/en\/wp-json\/wp\/v2\/media?parent=5568"}],"wp:term":[{"taxonomy":"category","embeddable":true,"href":"https:\/\/proagrolab.com.ar\/en\/wp-json\/wp\/v2\/categories?post=5568"},{"taxonomy":"post_tag","embeddable":true,"href":"https:\/\/proagrolab.com.ar\/en\/wp-json\/wp\/v2\/tags?post=5568"}],"curies":[{"name":"wp","href":"https:\/\/api.w.org\/{rel}","templated":true}]}}