{"id":5567,"date":"2013-07-23T00:00:01","date_gmt":"2013-07-23T00:00:01","guid":{"rendered":"https:\/\/proagrolab.com.ar\/con-braford-comenzo-la-fiesta-de-los-grandes-campeones-en-la-rural\/"},"modified":"2013-07-23T00:00:01","modified_gmt":"2013-07-23T00:00:01","slug":"con-braford-comenzo-la-fiesta-de-los-grandes-campeones-en-la-rural","status":"publish","type":"post","link":"https:\/\/proagrolab.com.ar\/en\/con-braford-comenzo-la-fiesta-de-los-grandes-campeones-en-la-rural\/","title":{"rendered":"Con Braford, comenz\u00f3 la fiesta de los grandes campeones en la Rural."},"content":{"rendered":"<p class=\"qtranxs-available-languages-message qtranxs-available-languages-message-en\"> <\/p><p>Grupo Peyrano Fiduciaria SRL obtuvo el Gran Campe\u00f3n Macho de esa raza, que est\u00e1 creciendo en el norte del pa\u00eds; sin Lousteau, dirigentes radicales asistieron a la muestra.<\/p>\n<p>Por Fernando Bertello.<\/p>\n<p>a Rural comenz\u00f3 ayer a consagrar los grandes campeones de las principales razas bovinas. Y el primer paso lo dio Braford, una de las razas de carne protagonistas en el norte del pa\u00eds.<\/p>\n<p>Con una tribuna colmada, la jura de Braford se vivi\u00f3 a puro fervor y ansiedad en la pista central ante el veredicto de Mart\u00edn Zuza, jurado. Zuza consagr\u00f3 Gran Campe\u00f3n Macho Braford el box 827, de la caba\u00f1a Rancho Grande, de Grupo Peyrano Fiduciaria SRL, de Corral de Bustos, provincia de C\u00f3rdoba.<\/p>\n<p>Se trata de un animal joven, de un a\u00f1o y medio. El jurado que actu\u00f3 lo ponder\u00f3: &#8220;Para m\u00ed, es el toro m\u00e1s balanceado que hab\u00eda, funcional, con mucha clase, calidad y carne&#8221;.<\/p>\n<p>Con este galard\u00f3n, es el cuarto Gran Campe\u00f3n que entre machos y hembras ya obtuvo en Braford Rancho Grande, la caba\u00f1a que fund\u00f3 Ra\u00fal Peyrano, fallecido en 2010.<\/p>\n<p>&#8220;Esto significa seguir los pasos que empez\u00f3 mi pap\u00e1 y que no nos desviamos en nada de lo que \u00e9l nos ense\u00f1\u00f3 para la caba\u00f1a. Compartimos el premio con \u00e9l&#8221;, dijo Andrea Peyrano, hija del fundador.<\/p>\n<p>Mientras tanto, el Reservado de Gran Campe\u00f3n Macho Braford fue para el box 834, de la caba\u00f1a Laguna Limpia, de Delfabro Agropecuaria SA, de Esquina, provincia de Corrientes.<\/p>\n<p>La raza Braford participa en Palermo con 100 animales de 24 caba\u00f1as. Es un n\u00famero similar al del a\u00f1o pasado, seg\u00fan precis\u00f3 Alberto Colombres Garmendia, presidente de la Asociaci\u00f3n Braford Argentina. Sobre la competencia de la raza en Palermo, destac\u00f3 el nivel de los ejemplares.<\/p>\n<p>&#8220;Razas como Braford y nuestra prima Brangus (otra de las jugadoras del Norte) est\u00e1n teniendo un importante desarrollo en el pa\u00eds con el corrimiento del mapa ganadero (hacia esa regi\u00f3n)&#8221;, agreg\u00f3.<\/p>\n<p>El presidente de Braford lament\u00f3 que esa pujanza enfrente, no obstante, un contexto ganadero complicado por los precios estancados de la hacienda. &#8220;Estamos con los mismos precios de 2011, hubo sequ\u00eda en los campos del NEA y el NOA y los costos subieron 50 por ciento en los \u00faltimos dos a\u00f1os, con lo cual la rentabilidad del caba\u00f1ero se redujo 50 por ciento&#8221;, explic\u00f3.<\/p>\n<p>Adem\u00e1s de los machos, en esta raza se eligieron las mejores hembras. Y result\u00f3 Gran Campe\u00f3n Hembra Braford el box 968, de la caba\u00f1a Santo Domingo, de Ganadera La Paz SA, de Recreo, provincia de Catamarca.<\/p>\n<p>Es la primera gran campeona que logra esa firma en la raza. &#8220;Es muy femenina y tiene condiciones carniceras muy buenas&#8221;, resumi\u00f3 Alejandro Lauret, presidente de Ganadera La Paz SA, sobre esta hembra, que en septiembre pr\u00f3ximo cumplir\u00e1 tres a\u00f1os y ayer compiti\u00f3 con la cr\u00eda al pie.<\/p>\n<p>Mientras tanto, el Reservado de Gran Campe\u00f3n Hembra fue el box 965, de Hugo Prada y Juan Horacio Guti\u00e9rrez, con caba\u00f1a El Cha\u00f1ar, de Capita Min\u00ed, Corrientes.<\/p>\n<p>Como suele suceder en estas competencias, siempre hay lugar para las sorpresas. Y ayer le toc\u00f3 a Marcelo Medel, veterinario, criador, caba\u00f1ero y fot\u00f3grafo, que est\u00e1 apenas hace un a\u00f1o en la raza. Compiti\u00f3 por primera vez en Braford y lo hizo, a la vez, con el primer animal nacido en su caba\u00f1a, San Valent\u00edn, de Vicu\u00f1a Mackenna (C\u00f3rdoba). Estaba feliz porque su ternero, de 9 meses, anotado como Registro Particular (RP) D1, fue campe\u00f3n ternero menor. Todo un logro para un reci\u00e9n llegado a una raza.<\/p>\n<p>La pista central de jura tambi\u00e9n estuvo expectante ayer con las juras de las razas Simmental, Charolais y Ganado Bovino Criollo, entre otras.<\/p>\n<p><i>Almuerzo pol\u00edtico<\/i><br \/>Por otra parte, continuando la ronda de almuerzos con pol\u00edticos, ayer, el presidente de la Sociedad Rural Argentina (SRA), Luis Miguel Etchevehere, y autoridades de la entidad conversaron con referentes del radicalismo.<\/p>\n<p>Entre otros, concurrieron el presidente del bloque de la UCR en la C\u00e1mara de Diputados, Ricardo Gil Lavedra; los diputados Hilma R\u00e9 y Atilio Benedetti (Entre R\u00edos), y el precandidato a senador nacional por el frente Unen Rodolfo Terragno.<\/p>\n<p>La presencia de Terragno hab\u00eda generado rumores sobre una eventual asistencia de Mart\u00edn Lousteau, candidato a diputado nacional con Terragno y en 2008 ministro de Econom\u00eda e impulsor de las retenciones m\u00f3viles que desataron el conflicto con el campo. Sin embargo, trascendi\u00f3 que Lousteau no fue invitado, ya que el almuerzo fue organizado para el &#8220;espacio radical&#8221; y Lousteau va como extrapartidario de la lista que lidera Rodolfo Terragno.<\/p>\n<p>Fuente: La Naci\u00f3n, 23 de julio.<br \/><\/p>","protected":false},"excerpt":{"rendered":"<p>Grupo Peyrano Fiduciaria SRL obtuvo el Gran Campe\u00f3n Macho de esa raza, que est\u00e1 creciendo en el norte del pa\u00eds; sin Lousteau, dirigentes radicales asistieron a la muestra. Por Fernando Bertello. a Rural comenz\u00f3 ayer a consagrar los grandes campeones de las principales razas bovinas. Y el primer paso lo dio Braford, una de las razas de carne protagonistas en el norte del pa\u00eds. Con una tribuna colmada, la jura de Braford se vivi\u00f3 a puro fervor y ansiedad en la pista central ante el veredicto de Mart\u00edn Zuza, jurado. Zuza consagr\u00f3 Gran Campe\u00f3n Macho Braford el box 827, de la caba\u00f1a Rancho Grande, de Grupo Peyrano Fiduciaria SRL, de Corral de Bustos, provincia de C\u00f3rdoba. Se trata de un animal joven, de un a\u00f1o y medio. El jurado que actu\u00f3 lo ponder\u00f3: &#8220;Para m\u00ed, es el toro m\u00e1s balanceado que hab\u00eda, funcional, con mucha clase, calidad y carne&#8221;. Con este galard\u00f3n, es el cuarto Gran Campe\u00f3n que entre machos y hembras ya obtuvo en Braford Rancho Grande, la caba\u00f1a que fund\u00f3 Ra\u00fal Peyrano, fallecido en 2010. &#8220;Esto significa seguir los pasos que empez\u00f3 mi pap\u00e1 y que no nos desviamos en nada de lo que \u00e9l nos ense\u00f1\u00f3 para [&hellip;]<\/p>\n","protected":false},"author":2,"featured_media":2062,"comment_status":"closed","ping_status":"open","sticky":false,"template":"","format":"standard","meta":{"_acf_changed":false,"footnotes":""},"categories":[56],"tags":[],"class_list":["post-5567","post","type-post","status-publish","format-standard","has-post-thumbnail","hentry","category-infoganadero"],"acf":[],"yoast_head":"<!-- This site is optimized with the Yoast SEO plugin v27.5 - https:\/\/yoast.com\/product\/yoast-seo-wordpress\/ -->\n<title>Con Braford, comenz\u00f3 la fiesta de los grandes campeones en la Rural. | Proagro<\/title>\n<meta name=\"robots\" content=\"index, follow, max-snippet:-1, max-image-preview:large, max-video-preview:-1\" \/>\n<link rel=\"canonical\" href=\"https:\/\/proagrolab.com.ar\/en\/con-braford-comenzo-la-fiesta-de-los-grandes-campeones-en-la-rural\/\" \/>\n<meta property=\"og:locale\" content=\"en_US\" \/>\n<meta property=\"og:type\" content=\"article\" \/>\n<meta property=\"og:title\" content=\"Con Braford, comenz\u00f3 la fiesta de los grandes campeones en la Rural. | Proagro\" \/>\n<meta property=\"og:description\" content=\"Grupo Peyrano Fiduciaria SRL obtuvo el Gran Campe\u00f3n Macho de esa raza, que est\u00e1 creciendo en el norte del pa\u00eds; sin Lousteau, dirigentes radicales asistieron a la muestra. Por Fernando Bertello. a Rural comenz\u00f3 ayer a consagrar los grandes campeones de las principales razas bovinas. Y el primer paso lo dio Braford, una de las razas de carne protagonistas en el norte del pa\u00eds. Con una tribuna colmada, la jura de Braford se vivi\u00f3 a puro fervor y ansiedad en la pista central ante el veredicto de Mart\u00edn Zuza, jurado. Zuza consagr\u00f3 Gran Campe\u00f3n Macho Braford el box 827, de la caba\u00f1a Rancho Grande, de Grupo Peyrano Fiduciaria SRL, de Corral de Bustos, provincia de C\u00f3rdoba. Se trata de un animal joven, de un a\u00f1o y medio. El jurado que actu\u00f3 lo ponder\u00f3: &#8220;Para m\u00ed, es el toro m\u00e1s balanceado que hab\u00eda, funcional, con mucha clase, calidad y carne&#8221;. Con este galard\u00f3n, es el cuarto Gran Campe\u00f3n que entre machos y hembras ya obtuvo en Braford Rancho Grande, la caba\u00f1a que fund\u00f3 Ra\u00fal Peyrano, fallecido en 2010. &#8220;Esto significa seguir los pasos que empez\u00f3 mi pap\u00e1 y que no nos desviamos en nada de lo que \u00e9l nos ense\u00f1\u00f3 para [&hellip;]\" \/>\n<meta property=\"og:url\" content=\"https:\/\/proagrolab.com.ar\/con-braford-comenzo-la-fiesta-de-los-grandes-campeones-en-la-rural\/\" \/>\n<meta property=\"og:site_name\" content=\"Proagro\" \/>\n<meta property=\"article:publisher\" content=\"http:\/\/www.facebook.com\/proagrolab\" \/>\n<meta property=\"article:published_time\" content=\"2013-07-23T00:00:01+00:00\" \/>\n<meta property=\"og:image\" content=\"https:\/\/proagrolab.com.ar\/wp-content\/uploads\/2015\/01\/g_yql9jlu52__Braford-hembra-campeona.jpg\" \/>\n\t<meta property=\"og:image:width\" content=\"450\" \/>\n\t<meta property=\"og:image:height\" content=\"208\" \/>\n\t<meta property=\"og:image:type\" content=\"image\/jpeg\" \/>\n<meta name=\"author\" content=\"proagrolab\" \/>\n<meta name=\"twitter:card\" content=\"summary_large_image\" \/>\n<meta name=\"twitter:label1\" content=\"Written by\" \/>\n\t<meta name=\"twitter:data1\" content=\"proagrolab\" \/>\n\t<meta name=\"twitter:label2\" content=\"Est. reading time\" \/>\n\t<meta name=\"twitter:data2\" content=\"4 minutes\" \/>\n<script type=\"application\/ld+json\" class=\"yoast-schema-graph\">{\"@context\":\"https:\\\/\\\/schema.org\",\"@graph\":[{\"@type\":\"Article\",\"@id\":\"https:\\\/\\\/proagrolab.com.ar\\\/con-braford-comenzo-la-fiesta-de-los-grandes-campeones-en-la-rural\\\/#article\",\"isPartOf\":{\"@id\":\"https:\\\/\\\/proagrolab.com.ar\\\/con-braford-comenzo-la-fiesta-de-los-grandes-campeones-en-la-rural\\\/\"},\"author\":{\"name\":\"proagrolab\",\"@id\":\"https:\\\/\\\/proagrolab.com.ar\\\/#\\\/schema\\\/person\\\/38003ff90bf80381f71c7d922d207444\"},\"headline\":\"Con Braford, comenz\u00f3 la fiesta de los grandes campeones en la Rural.\",\"datePublished\":\"2013-07-23T00:00:01+00:00\",\"mainEntityOfPage\":{\"@id\":\"https:\\\/\\\/proagrolab.com.ar\\\/con-braford-comenzo-la-fiesta-de-los-grandes-campeones-en-la-rural\\\/\"},\"wordCount\":806,\"publisher\":{\"@id\":\"https:\\\/\\\/proagrolab.com.ar\\\/#organization\"},\"image\":{\"@id\":\"https:\\\/\\\/proagrolab.com.ar\\\/con-braford-comenzo-la-fiesta-de-los-grandes-campeones-en-la-rural\\\/#primaryimage\"},\"thumbnailUrl\":\"https:\\\/\\\/proagrolab.com.ar\\\/wp-content\\\/uploads\\\/2015\\\/01\\\/g_yql9jlu52__Braford-hembra-campeona.jpg\",\"articleSection\":[\"News\"],\"inLanguage\":\"en-US\"},{\"@type\":\"WebPage\",\"@id\":\"https:\\\/\\\/proagrolab.com.ar\\\/con-braford-comenzo-la-fiesta-de-los-grandes-campeones-en-la-rural\\\/\",\"url\":\"https:\\\/\\\/proagrolab.com.ar\\\/con-braford-comenzo-la-fiesta-de-los-grandes-campeones-en-la-rural\\\/\",\"name\":\"Con Braford, comenz\u00f3 la fiesta de los grandes campeones en la Rural. | Proagro\",\"isPartOf\":{\"@id\":\"https:\\\/\\\/proagrolab.com.ar\\\/#website\"},\"primaryImageOfPage\":{\"@id\":\"https:\\\/\\\/proagrolab.com.ar\\\/con-braford-comenzo-la-fiesta-de-los-grandes-campeones-en-la-rural\\\/#primaryimage\"},\"image\":{\"@id\":\"https:\\\/\\\/proagrolab.com.ar\\\/con-braford-comenzo-la-fiesta-de-los-grandes-campeones-en-la-rural\\\/#primaryimage\"},\"thumbnailUrl\":\"https:\\\/\\\/proagrolab.com.ar\\\/wp-content\\\/uploads\\\/2015\\\/01\\\/g_yql9jlu52__Braford-hembra-campeona.jpg\",\"datePublished\":\"2013-07-23T00:00:01+00:00\",\"breadcrumb\":{\"@id\":\"https:\\\/\\\/proagrolab.com.ar\\\/con-braford-comenzo-la-fiesta-de-los-grandes-campeones-en-la-rural\\\/#breadcrumb\"},\"inLanguage\":\"en-US\",\"potentialAction\":[{\"@type\":\"ReadAction\",\"target\":[\"https:\\\/\\\/proagrolab.com.ar\\\/con-braford-comenzo-la-fiesta-de-los-grandes-campeones-en-la-rural\\\/\"]}]},{\"@type\":\"ImageObject\",\"inLanguage\":\"en-US\",\"@id\":\"https:\\\/\\\/proagrolab.com.ar\\\/con-braford-comenzo-la-fiesta-de-los-grandes-campeones-en-la-rural\\\/#primaryimage\",\"url\":\"https:\\\/\\\/proagrolab.com.ar\\\/wp-content\\\/uploads\\\/2015\\\/01\\\/g_yql9jlu52__Braford-hembra-campeona.jpg\",\"contentUrl\":\"https:\\\/\\\/proagrolab.com.ar\\\/wp-content\\\/uploads\\\/2015\\\/01\\\/g_yql9jlu52__Braford-hembra-campeona.jpg\",\"width\":450,\"height\":208},{\"@type\":\"BreadcrumbList\",\"@id\":\"https:\\\/\\\/proagrolab.com.ar\\\/con-braford-comenzo-la-fiesta-de-los-grandes-campeones-en-la-rural\\\/#breadcrumb\",\"itemListElement\":[{\"@type\":\"ListItem\",\"position\":1,\"name\":\"Portada\",\"item\":\"https:\\\/\\\/proagrolab.com.ar\\\/\"},{\"@type\":\"ListItem\",\"position\":2,\"name\":\"Con Braford, comenz\u00f3 la fiesta de los grandes campeones en la Rural.\"}]},{\"@type\":\"WebSite\",\"@id\":\"https:\\\/\\\/proagrolab.com.ar\\\/#website\",\"url\":\"https:\\\/\\\/proagrolab.com.ar\\\/\",\"name\":\"Proagro Laboratorio Veterinario\",\"description\":\"Veterinary laboratory\",\"publisher\":{\"@id\":\"https:\\\/\\\/proagrolab.com.ar\\\/#organization\"},\"potentialAction\":[{\"@type\":\"SearchAction\",\"target\":{\"@type\":\"EntryPoint\",\"urlTemplate\":\"https:\\\/\\\/proagrolab.com.ar\\\/?s={search_term_string}\"},\"query-input\":{\"@type\":\"PropertyValueSpecification\",\"valueRequired\":true,\"valueName\":\"search_term_string\"}}],\"inLanguage\":\"en-US\"},{\"@type\":\"Organization\",\"@id\":\"https:\\\/\\\/proagrolab.com.ar\\\/#organization\",\"name\":\"Proagro\",\"url\":\"https:\\\/\\\/proagrolab.com.ar\\\/\",\"logo\":{\"@type\":\"ImageObject\",\"inLanguage\":\"en-US\",\"@id\":\"https:\\\/\\\/proagrolab.com.ar\\\/#\\\/schema\\\/logo\\\/image\\\/\",\"url\":\"https:\\\/\\\/proagrolab.com.ar\\\/wp-content\\\/uploads\\\/2020\\\/04\\\/logo-retina.png\",\"contentUrl\":\"https:\\\/\\\/proagrolab.com.ar\\\/wp-content\\\/uploads\\\/2020\\\/04\\\/logo-retina.png\",\"width\":478,\"height\":120,\"caption\":\"Proagro\"},\"image\":{\"@id\":\"https:\\\/\\\/proagrolab.com.ar\\\/#\\\/schema\\\/logo\\\/image\\\/\"},\"sameAs\":[\"http:\\\/\\\/www.facebook.com\\\/proagrolab\",\"https:\\\/\\\/www.instagram.com\\\/proagrolab\\\/\",\"https:\\\/\\\/www.linkedin.com\\\/company\\\/laboratorio-proagro-s-a\\\/\"]},{\"@type\":\"Person\",\"@id\":\"https:\\\/\\\/proagrolab.com.ar\\\/#\\\/schema\\\/person\\\/38003ff90bf80381f71c7d922d207444\",\"name\":\"proagrolab\"}]}<\/script>\n<!-- \/ Yoast SEO plugin. -->","yoast_head_json":{"title":"Con Braford, comenz\u00f3 la fiesta de los grandes campeones en la Rural. | Proagro","robots":{"index":"index","follow":"follow","max-snippet":"max-snippet:-1","max-image-preview":"max-image-preview:large","max-video-preview":"max-video-preview:-1"},"canonical":"https:\/\/proagrolab.com.ar\/en\/con-braford-comenzo-la-fiesta-de-los-grandes-campeones-en-la-rural\/","og_locale":"en_US","og_type":"article","og_title":"Con Braford, comenz\u00f3 la fiesta de los grandes campeones en la Rural. | Proagro","og_description":"Grupo Peyrano Fiduciaria SRL obtuvo el Gran Campe\u00f3n Macho de esa raza, que est\u00e1 creciendo en el norte del pa\u00eds; sin Lousteau, dirigentes radicales asistieron a la muestra. Por Fernando Bertello. a Rural comenz\u00f3 ayer a consagrar los grandes campeones de las principales razas bovinas. Y el primer paso lo dio Braford, una de las razas de carne protagonistas en el norte del pa\u00eds. Con una tribuna colmada, la jura de Braford se vivi\u00f3 a puro fervor y ansiedad en la pista central ante el veredicto de Mart\u00edn Zuza, jurado. Zuza consagr\u00f3 Gran Campe\u00f3n Macho Braford el box 827, de la caba\u00f1a Rancho Grande, de Grupo Peyrano Fiduciaria SRL, de Corral de Bustos, provincia de C\u00f3rdoba. Se trata de un animal joven, de un a\u00f1o y medio. El jurado que actu\u00f3 lo ponder\u00f3: &#8220;Para m\u00ed, es el toro m\u00e1s balanceado que hab\u00eda, funcional, con mucha clase, calidad y carne&#8221;. Con este galard\u00f3n, es el cuarto Gran Campe\u00f3n que entre machos y hembras ya obtuvo en Braford Rancho Grande, la caba\u00f1a que fund\u00f3 Ra\u00fal Peyrano, fallecido en 2010. &#8220;Esto significa seguir los pasos que empez\u00f3 mi pap\u00e1 y que no nos desviamos en nada de lo que \u00e9l nos ense\u00f1\u00f3 para [&hellip;]","og_url":"https:\/\/proagrolab.com.ar\/con-braford-comenzo-la-fiesta-de-los-grandes-campeones-en-la-rural\/","og_site_name":"Proagro","article_publisher":"http:\/\/www.facebook.com\/proagrolab","article_published_time":"2013-07-23T00:00:01+00:00","og_image":[{"width":450,"height":208,"url":"https:\/\/proagrolab.com.ar\/wp-content\/uploads\/2015\/01\/g_yql9jlu52__Braford-hembra-campeona.jpg","type":"image\/jpeg"}],"author":"proagrolab","twitter_card":"summary_large_image","twitter_misc":{"Written by":"proagrolab","Est. reading time":"4 minutes"},"schema":{"@context":"https:\/\/schema.org","@graph":[{"@type":"Article","@id":"https:\/\/proagrolab.com.ar\/con-braford-comenzo-la-fiesta-de-los-grandes-campeones-en-la-rural\/#article","isPartOf":{"@id":"https:\/\/proagrolab.com.ar\/con-braford-comenzo-la-fiesta-de-los-grandes-campeones-en-la-rural\/"},"author":{"name":"proagrolab","@id":"https:\/\/proagrolab.com.ar\/#\/schema\/person\/38003ff90bf80381f71c7d922d207444"},"headline":"Con Braford, comenz\u00f3 la fiesta de los grandes campeones en la Rural.","datePublished":"2013-07-23T00:00:01+00:00","mainEntityOfPage":{"@id":"https:\/\/proagrolab.com.ar\/con-braford-comenzo-la-fiesta-de-los-grandes-campeones-en-la-rural\/"},"wordCount":806,"publisher":{"@id":"https:\/\/proagrolab.com.ar\/#organization"},"image":{"@id":"https:\/\/proagrolab.com.ar\/con-braford-comenzo-la-fiesta-de-los-grandes-campeones-en-la-rural\/#primaryimage"},"thumbnailUrl":"https:\/\/proagrolab.com.ar\/wp-content\/uploads\/2015\/01\/g_yql9jlu52__Braford-hembra-campeona.jpg","articleSection":["News"],"inLanguage":"en-US"},{"@type":"WebPage","@id":"https:\/\/proagrolab.com.ar\/con-braford-comenzo-la-fiesta-de-los-grandes-campeones-en-la-rural\/","url":"https:\/\/proagrolab.com.ar\/con-braford-comenzo-la-fiesta-de-los-grandes-campeones-en-la-rural\/","name":"Con Braford, comenz\u00f3 la fiesta de los grandes campeones en la Rural. | Proagro","isPartOf":{"@id":"https:\/\/proagrolab.com.ar\/#website"},"primaryImageOfPage":{"@id":"https:\/\/proagrolab.com.ar\/con-braford-comenzo-la-fiesta-de-los-grandes-campeones-en-la-rural\/#primaryimage"},"image":{"@id":"https:\/\/proagrolab.com.ar\/con-braford-comenzo-la-fiesta-de-los-grandes-campeones-en-la-rural\/#primaryimage"},"thumbnailUrl":"https:\/\/proagrolab.com.ar\/wp-content\/uploads\/2015\/01\/g_yql9jlu52__Braford-hembra-campeona.jpg","datePublished":"2013-07-23T00:00:01+00:00","breadcrumb":{"@id":"https:\/\/proagrolab.com.ar\/con-braford-comenzo-la-fiesta-de-los-grandes-campeones-en-la-rural\/#breadcrumb"},"inLanguage":"en-US","potentialAction":[{"@type":"ReadAction","target":["https:\/\/proagrolab.com.ar\/con-braford-comenzo-la-fiesta-de-los-grandes-campeones-en-la-rural\/"]}]},{"@type":"ImageObject","inLanguage":"en-US","@id":"https:\/\/proagrolab.com.ar\/con-braford-comenzo-la-fiesta-de-los-grandes-campeones-en-la-rural\/#primaryimage","url":"https:\/\/proagrolab.com.ar\/wp-content\/uploads\/2015\/01\/g_yql9jlu52__Braford-hembra-campeona.jpg","contentUrl":"https:\/\/proagrolab.com.ar\/wp-content\/uploads\/2015\/01\/g_yql9jlu52__Braford-hembra-campeona.jpg","width":450,"height":208},{"@type":"BreadcrumbList","@id":"https:\/\/proagrolab.com.ar\/con-braford-comenzo-la-fiesta-de-los-grandes-campeones-en-la-rural\/#breadcrumb","itemListElement":[{"@type":"ListItem","position":1,"name":"Portada","item":"https:\/\/proagrolab.com.ar\/"},{"@type":"ListItem","position":2,"name":"Con Braford, comenz\u00f3 la fiesta de los grandes campeones en la Rural."}]},{"@type":"WebSite","@id":"https:\/\/proagrolab.com.ar\/#website","url":"https:\/\/proagrolab.com.ar\/","name":"Proagro Laboratorio Veterinario","description":"Veterinary laboratory","publisher":{"@id":"https:\/\/proagrolab.com.ar\/#organization"},"potentialAction":[{"@type":"SearchAction","target":{"@type":"EntryPoint","urlTemplate":"https:\/\/proagrolab.com.ar\/?s={search_term_string}"},"query-input":{"@type":"PropertyValueSpecification","valueRequired":true,"valueName":"search_term_string"}}],"inLanguage":"en-US"},{"@type":"Organization","@id":"https:\/\/proagrolab.com.ar\/#organization","name":"Proagro","url":"https:\/\/proagrolab.com.ar\/","logo":{"@type":"ImageObject","inLanguage":"en-US","@id":"https:\/\/proagrolab.com.ar\/#\/schema\/logo\/image\/","url":"https:\/\/proagrolab.com.ar\/wp-content\/uploads\/2020\/04\/logo-retina.png","contentUrl":"https:\/\/proagrolab.com.ar\/wp-content\/uploads\/2020\/04\/logo-retina.png","width":478,"height":120,"caption":"Proagro"},"image":{"@id":"https:\/\/proagrolab.com.ar\/#\/schema\/logo\/image\/"},"sameAs":["http:\/\/www.facebook.com\/proagrolab","https:\/\/www.instagram.com\/proagrolab\/","https:\/\/www.linkedin.com\/company\/laboratorio-proagro-s-a\/"]},{"@type":"Person","@id":"https:\/\/proagrolab.com.ar\/#\/schema\/person\/38003ff90bf80381f71c7d922d207444","name":"proagrolab"}]}},"_links":{"self":[{"href":"https:\/\/proagrolab.com.ar\/en\/wp-json\/wp\/v2\/posts\/5567","targetHints":{"allow":["GET"]}}],"collection":[{"href":"https:\/\/proagrolab.com.ar\/en\/wp-json\/wp\/v2\/posts"}],"about":[{"href":"https:\/\/proagrolab.com.ar\/en\/wp-json\/wp\/v2\/types\/post"}],"author":[{"embeddable":true,"href":"https:\/\/proagrolab.com.ar\/en\/wp-json\/wp\/v2\/users\/2"}],"replies":[{"embeddable":true,"href":"https:\/\/proagrolab.com.ar\/en\/wp-json\/wp\/v2\/comments?post=5567"}],"version-history":[{"count":0,"href":"https:\/\/proagrolab.com.ar\/en\/wp-json\/wp\/v2\/posts\/5567\/revisions"}],"wp:featuredmedia":[{"embeddable":true,"href":"https:\/\/proagrolab.com.ar\/en\/wp-json\/wp\/v2\/media\/2062"}],"wp:attachment":[{"href":"https:\/\/proagrolab.com.ar\/en\/wp-json\/wp\/v2\/media?parent=5567"}],"wp:term":[{"taxonomy":"category","embeddable":true,"href":"https:\/\/proagrolab.com.ar\/en\/wp-json\/wp\/v2\/categories?post=5567"},{"taxonomy":"post_tag","embeddable":true,"href":"https:\/\/proagrolab.com.ar\/en\/wp-json\/wp\/v2\/tags?post=5567"}],"curies":[{"name":"wp","href":"https:\/\/api.w.org\/{rel}","templated":true}]}}