{"id":5565,"date":"2013-07-22T00:00:01","date_gmt":"2013-07-22T00:00:01","guid":{"rendered":"https:\/\/proagrolab.com.ar\/llego-la-hora-de-recuperar-la-epoca-de-oro-del-ovino-local\/"},"modified":"2013-07-22T00:00:01","modified_gmt":"2013-07-22T00:00:01","slug":"llego-la-hora-de-recuperar-la-epoca-de-oro-del-ovino-local","status":"publish","type":"post","link":"https:\/\/proagrolab.com.ar\/en\/llego-la-hora-de-recuperar-la-epoca-de-oro-del-ovino-local\/","title":{"rendered":"Lleg\u00f3 la hora de recuperar la \u00e9poca de oro del ovino local."},"content":{"rendered":"<p class=\"qtranxs-available-languages-message qtranxs-available-languages-message-en\"> <\/p><p>La raza Corriedale tiene un alto potencial de desarrollo para abastecer las necesidades dom\u00e9sticas y llegar a los mercados mundiales.<\/p>\n<p>Por Carlos Alberto Vila Moret.<\/p>\n<p>La aldea global genera un aumento lento pero sostenido en el consumo de carnes y fibras y dentro del sector ovino en la Argentina la raza Corriedale tiene un alto potencial de desarrollo para abastecer las necesidades locales y llegar a todos los rincones del mundo con productos diferenciados del alta calidad, con trazabilidad y a precios competitivos.<\/p>\n<p>\u00c9ste es el gran desaf\u00edo que enfrentamos. Nuestros productores tienen la capacidad empresarial para crecer, m\u00e1s aun teniendo en cuenta que el Corriedale es un ovino de doble prop\u00f3sito (carne y lana) que adem\u00e1s posee una gran adaptaci\u00f3n a sistemas de producci\u00f3n extensivos y semiintensivos en la Patagonia, ya que puede transformar los pastos naturales en prote\u00edna c\u00e1rnica y fibras con una elevada eficiencia, con la caracter\u00edstica fundamental de resistir las condiciones clim\u00e1ticas adversas que se le presentan.<\/p>\n<p>La raza tiene una fertilidad apropiada para las condiciones imperantes. Pese a que los promedios de parici\u00f3n son levemente superiores a 78%, con el uso de las buenas pr\u00e1cticas se puede aspirar al 90 por ciento.<\/p>\n<p>Los corderos tienen una precocidad muy adecuada para transformar pastos naturales que les permite llegar a pesos vivos de 28 a 30 kilos a los 3 o 4 meses de edad dependiendo de la oferta forrajera. Su lana que es de grosor medio (27 a 28,5 micrones en las ovejas), mediante la incorporaci\u00f3n de gen\u00e9tica pueden alcanzar vellones de 5 o 6 kilos por cabeza y mejorar su finura tendiendo a los 25 micrones, siendo esto un anhelo para mejorar la calidad.<\/p>\n<p><i>Potencial<\/i><br \/>La Argentina posee un gran potencial en esta raza. El objetivo primordial es impulsar inversiones para incorporar gen\u00e9tica, buenas pr\u00e1cticas y una mayor y mejor calidad de oferta forrajera con el fin de ofrecer a la aldea global m\u00e1s cantidad y mejor calidad de carne y fibra, aumentando el ingreso de divisas al pa\u00eds, generando mayor empleo y arraigando a la poblaci\u00f3n en regiones de importancia geopol\u00edtica.<\/p>\n<p>Tenemos fortalezas importantes para enfrentar los desaf\u00edos que nos impone el mundo, entre ellas, el saber c\u00f3mo del empresario rural, sistemas de producci\u00f3n basados en pastizales naturales que pueden identificarse como ecol\u00f3gicos, el pa\u00eds est\u00e1 libre de enfermedades como scrapie y BSE y la regi\u00f3n patag\u00f3nica es libre de aftosa sin vacunaci\u00f3n.<\/p>\n<p>Debemos estar preparados para cuando se presente un nuevo escenario amigable para invertir, que diezme las debilidades que hoy enfrentamos. Nuestros costos de producci\u00f3n pueden retomar competitividad, podemos recuperar un tipo de cambio m\u00e1s competitivo eliminando los derechos de exportaci\u00f3n e implementando pol\u00edticas para controlar la inflaci\u00f3n.<\/p>\n<p>Hoy desaprovechamos oportunidades y favoreciendo a competidores. Tenemos la ventaja de recibir una cuota de 23.000 toneladas anuales (equivalente res con hueso) libre de aranceles intracuota y de otro derecho de importaci\u00f3n en el pa\u00eds de destino, para exportar carne, que representa el 8% del total del cupo distribuido por la Uni\u00f3n Europea. Adem\u00e1s estamos habilitados para exportar carne ovina deshuesada.<\/p>\n<p>Las autoridades europeas s\u00f3lo requieren una certificaci\u00f3n del origen de la mercader\u00eda para ingresar, m\u00e1s la certificaci\u00f3n sanitaria. Esta oportunidad nos inspira a realizar el congreso mundial de nuestra raza en la Argentina, con la esperanza de generar las pol\u00edticas id\u00f3neas en impulsar la producci\u00f3n y consolidar los canales comerciales.<\/p>\n<p>A fines del siglo XIX se dio en el pa\u00eds lo que se conoci\u00f3 como la &#8220;\u00e9poca de oro&#8221; de la producci\u00f3n ovina. Lleg\u00f3 la hora de recuperarla.<\/p>\n<p>Fuente: La Naci\u00f3n, suple campo, 20 de julio.<br \/><\/p>","protected":false},"excerpt":{"rendered":"<p>La raza Corriedale tiene un alto potencial de desarrollo para abastecer las necesidades dom\u00e9sticas y llegar a los mercados mundiales. Por Carlos Alberto Vila Moret. La aldea global genera un aumento lento pero sostenido en el consumo de carnes y fibras y dentro del sector ovino en la Argentina la raza Corriedale tiene un alto potencial de desarrollo para abastecer las necesidades locales y llegar a todos los rincones del mundo con productos diferenciados del alta calidad, con trazabilidad y a precios competitivos. \u00c9ste es el gran desaf\u00edo que enfrentamos. Nuestros productores tienen la capacidad empresarial para crecer, m\u00e1s aun teniendo en cuenta que el Corriedale es un ovino de doble prop\u00f3sito (carne y lana) que adem\u00e1s posee una gran adaptaci\u00f3n a sistemas de producci\u00f3n extensivos y semiintensivos en la Patagonia, ya que puede transformar los pastos naturales en prote\u00edna c\u00e1rnica y fibras con una elevada eficiencia, con la caracter\u00edstica fundamental de resistir las condiciones clim\u00e1ticas adversas que se le presentan. La raza tiene una fertilidad apropiada para las condiciones imperantes. Pese a que los promedios de parici\u00f3n son levemente superiores a 78%, con el uso de las buenas pr\u00e1cticas se puede aspirar al 90 por ciento. Los corderos tienen [&hellip;]<\/p>\n","protected":false},"author":2,"featured_media":2060,"comment_status":"closed","ping_status":"open","sticky":false,"template":"","format":"standard","meta":{"_acf_changed":false,"footnotes":""},"categories":[56],"tags":[],"class_list":["post-5565","post","type-post","status-publish","format-standard","has-post-thumbnail","hentry","category-infoganadero"],"acf":[],"yoast_head":"<!-- This site is optimized with the Yoast SEO plugin v27.5 - https:\/\/yoast.com\/product\/yoast-seo-wordpress\/ -->\n<title>Lleg\u00f3 la hora de recuperar la \u00e9poca de oro del ovino local. | Proagro<\/title>\n<meta name=\"robots\" content=\"index, follow, max-snippet:-1, max-image-preview:large, max-video-preview:-1\" \/>\n<link rel=\"canonical\" href=\"https:\/\/proagrolab.com.ar\/en\/llego-la-hora-de-recuperar-la-epoca-de-oro-del-ovino-local\/\" \/>\n<meta property=\"og:locale\" content=\"en_US\" \/>\n<meta property=\"og:type\" content=\"article\" \/>\n<meta property=\"og:title\" content=\"Lleg\u00f3 la hora de recuperar la \u00e9poca de oro del ovino local. | Proagro\" \/>\n<meta property=\"og:description\" content=\"La raza Corriedale tiene un alto potencial de desarrollo para abastecer las necesidades dom\u00e9sticas y llegar a los mercados mundiales. Por Carlos Alberto Vila Moret. La aldea global genera un aumento lento pero sostenido en el consumo de carnes y fibras y dentro del sector ovino en la Argentina la raza Corriedale tiene un alto potencial de desarrollo para abastecer las necesidades locales y llegar a todos los rincones del mundo con productos diferenciados del alta calidad, con trazabilidad y a precios competitivos. \u00c9ste es el gran desaf\u00edo que enfrentamos. Nuestros productores tienen la capacidad empresarial para crecer, m\u00e1s aun teniendo en cuenta que el Corriedale es un ovino de doble prop\u00f3sito (carne y lana) que adem\u00e1s posee una gran adaptaci\u00f3n a sistemas de producci\u00f3n extensivos y semiintensivos en la Patagonia, ya que puede transformar los pastos naturales en prote\u00edna c\u00e1rnica y fibras con una elevada eficiencia, con la caracter\u00edstica fundamental de resistir las condiciones clim\u00e1ticas adversas que se le presentan. La raza tiene una fertilidad apropiada para las condiciones imperantes. Pese a que los promedios de parici\u00f3n son levemente superiores a 78%, con el uso de las buenas pr\u00e1cticas se puede aspirar al 90 por ciento. Los corderos tienen [&hellip;]\" \/>\n<meta property=\"og:url\" content=\"https:\/\/proagrolab.com.ar\/llego-la-hora-de-recuperar-la-epoca-de-oro-del-ovino-local\/\" \/>\n<meta property=\"og:site_name\" content=\"Proagro\" \/>\n<meta property=\"article:publisher\" content=\"http:\/\/www.facebook.com\/proagrolab\" \/>\n<meta property=\"article:published_time\" content=\"2013-07-22T00:00:01+00:00\" \/>\n<meta property=\"og:image\" content=\"https:\/\/proagrolab.com.ar\/wp-content\/uploads\/2015\/01\/g_mhntftx30__Ovejas-10.jpg\" \/>\n\t<meta property=\"og:image:width\" content=\"450\" \/>\n\t<meta property=\"og:image:height\" content=\"208\" \/>\n\t<meta property=\"og:image:type\" content=\"image\/jpeg\" \/>\n<meta name=\"author\" content=\"proagrolab\" \/>\n<meta name=\"twitter:card\" content=\"summary_large_image\" \/>\n<meta name=\"twitter:label1\" content=\"Written by\" \/>\n\t<meta name=\"twitter:data1\" content=\"proagrolab\" \/>\n\t<meta name=\"twitter:label2\" content=\"Est. reading time\" \/>\n\t<meta name=\"twitter:data2\" content=\"3 minutes\" \/>\n<script type=\"application\/ld+json\" class=\"yoast-schema-graph\">{\"@context\":\"https:\\\/\\\/schema.org\",\"@graph\":[{\"@type\":\"Article\",\"@id\":\"https:\\\/\\\/proagrolab.com.ar\\\/llego-la-hora-de-recuperar-la-epoca-de-oro-del-ovino-local\\\/#article\",\"isPartOf\":{\"@id\":\"https:\\\/\\\/proagrolab.com.ar\\\/llego-la-hora-de-recuperar-la-epoca-de-oro-del-ovino-local\\\/\"},\"author\":{\"name\":\"proagrolab\",\"@id\":\"https:\\\/\\\/proagrolab.com.ar\\\/#\\\/schema\\\/person\\\/38003ff90bf80381f71c7d922d207444\"},\"headline\":\"Lleg\u00f3 la hora de recuperar la \u00e9poca de oro del ovino local.\",\"datePublished\":\"2013-07-22T00:00:01+00:00\",\"mainEntityOfPage\":{\"@id\":\"https:\\\/\\\/proagrolab.com.ar\\\/llego-la-hora-de-recuperar-la-epoca-de-oro-del-ovino-local\\\/\"},\"wordCount\":640,\"publisher\":{\"@id\":\"https:\\\/\\\/proagrolab.com.ar\\\/#organization\"},\"image\":{\"@id\":\"https:\\\/\\\/proagrolab.com.ar\\\/llego-la-hora-de-recuperar-la-epoca-de-oro-del-ovino-local\\\/#primaryimage\"},\"thumbnailUrl\":\"https:\\\/\\\/proagrolab.com.ar\\\/wp-content\\\/uploads\\\/2015\\\/01\\\/g_mhntftx30__Ovejas-10.jpg\",\"articleSection\":[\"News\"],\"inLanguage\":\"en-US\"},{\"@type\":\"WebPage\",\"@id\":\"https:\\\/\\\/proagrolab.com.ar\\\/llego-la-hora-de-recuperar-la-epoca-de-oro-del-ovino-local\\\/\",\"url\":\"https:\\\/\\\/proagrolab.com.ar\\\/llego-la-hora-de-recuperar-la-epoca-de-oro-del-ovino-local\\\/\",\"name\":\"Lleg\u00f3 la hora de recuperar la \u00e9poca de oro del ovino local. | Proagro\",\"isPartOf\":{\"@id\":\"https:\\\/\\\/proagrolab.com.ar\\\/#website\"},\"primaryImageOfPage\":{\"@id\":\"https:\\\/\\\/proagrolab.com.ar\\\/llego-la-hora-de-recuperar-la-epoca-de-oro-del-ovino-local\\\/#primaryimage\"},\"image\":{\"@id\":\"https:\\\/\\\/proagrolab.com.ar\\\/llego-la-hora-de-recuperar-la-epoca-de-oro-del-ovino-local\\\/#primaryimage\"},\"thumbnailUrl\":\"https:\\\/\\\/proagrolab.com.ar\\\/wp-content\\\/uploads\\\/2015\\\/01\\\/g_mhntftx30__Ovejas-10.jpg\",\"datePublished\":\"2013-07-22T00:00:01+00:00\",\"breadcrumb\":{\"@id\":\"https:\\\/\\\/proagrolab.com.ar\\\/llego-la-hora-de-recuperar-la-epoca-de-oro-del-ovino-local\\\/#breadcrumb\"},\"inLanguage\":\"en-US\",\"potentialAction\":[{\"@type\":\"ReadAction\",\"target\":[\"https:\\\/\\\/proagrolab.com.ar\\\/llego-la-hora-de-recuperar-la-epoca-de-oro-del-ovino-local\\\/\"]}]},{\"@type\":\"ImageObject\",\"inLanguage\":\"en-US\",\"@id\":\"https:\\\/\\\/proagrolab.com.ar\\\/llego-la-hora-de-recuperar-la-epoca-de-oro-del-ovino-local\\\/#primaryimage\",\"url\":\"https:\\\/\\\/proagrolab.com.ar\\\/wp-content\\\/uploads\\\/2015\\\/01\\\/g_mhntftx30__Ovejas-10.jpg\",\"contentUrl\":\"https:\\\/\\\/proagrolab.com.ar\\\/wp-content\\\/uploads\\\/2015\\\/01\\\/g_mhntftx30__Ovejas-10.jpg\",\"width\":450,\"height\":208},{\"@type\":\"BreadcrumbList\",\"@id\":\"https:\\\/\\\/proagrolab.com.ar\\\/llego-la-hora-de-recuperar-la-epoca-de-oro-del-ovino-local\\\/#breadcrumb\",\"itemListElement\":[{\"@type\":\"ListItem\",\"position\":1,\"name\":\"Portada\",\"item\":\"https:\\\/\\\/proagrolab.com.ar\\\/\"},{\"@type\":\"ListItem\",\"position\":2,\"name\":\"Lleg\u00f3 la hora de recuperar la \u00e9poca de oro del ovino local.\"}]},{\"@type\":\"WebSite\",\"@id\":\"https:\\\/\\\/proagrolab.com.ar\\\/#website\",\"url\":\"https:\\\/\\\/proagrolab.com.ar\\\/\",\"name\":\"Proagro Laboratorio Veterinario\",\"description\":\"Veterinary laboratory\",\"publisher\":{\"@id\":\"https:\\\/\\\/proagrolab.com.ar\\\/#organization\"},\"potentialAction\":[{\"@type\":\"SearchAction\",\"target\":{\"@type\":\"EntryPoint\",\"urlTemplate\":\"https:\\\/\\\/proagrolab.com.ar\\\/?s={search_term_string}\"},\"query-input\":{\"@type\":\"PropertyValueSpecification\",\"valueRequired\":true,\"valueName\":\"search_term_string\"}}],\"inLanguage\":\"en-US\"},{\"@type\":\"Organization\",\"@id\":\"https:\\\/\\\/proagrolab.com.ar\\\/#organization\",\"name\":\"Proagro\",\"url\":\"https:\\\/\\\/proagrolab.com.ar\\\/\",\"logo\":{\"@type\":\"ImageObject\",\"inLanguage\":\"en-US\",\"@id\":\"https:\\\/\\\/proagrolab.com.ar\\\/#\\\/schema\\\/logo\\\/image\\\/\",\"url\":\"https:\\\/\\\/proagrolab.com.ar\\\/wp-content\\\/uploads\\\/2020\\\/04\\\/logo-retina.png\",\"contentUrl\":\"https:\\\/\\\/proagrolab.com.ar\\\/wp-content\\\/uploads\\\/2020\\\/04\\\/logo-retina.png\",\"width\":478,\"height\":120,\"caption\":\"Proagro\"},\"image\":{\"@id\":\"https:\\\/\\\/proagrolab.com.ar\\\/#\\\/schema\\\/logo\\\/image\\\/\"},\"sameAs\":[\"http:\\\/\\\/www.facebook.com\\\/proagrolab\",\"https:\\\/\\\/www.instagram.com\\\/proagrolab\\\/\",\"https:\\\/\\\/www.linkedin.com\\\/company\\\/laboratorio-proagro-s-a\\\/\"]},{\"@type\":\"Person\",\"@id\":\"https:\\\/\\\/proagrolab.com.ar\\\/#\\\/schema\\\/person\\\/38003ff90bf80381f71c7d922d207444\",\"name\":\"proagrolab\"}]}<\/script>\n<!-- \/ Yoast SEO plugin. -->","yoast_head_json":{"title":"Lleg\u00f3 la hora de recuperar la \u00e9poca de oro del ovino local. | Proagro","robots":{"index":"index","follow":"follow","max-snippet":"max-snippet:-1","max-image-preview":"max-image-preview:large","max-video-preview":"max-video-preview:-1"},"canonical":"https:\/\/proagrolab.com.ar\/en\/llego-la-hora-de-recuperar-la-epoca-de-oro-del-ovino-local\/","og_locale":"en_US","og_type":"article","og_title":"Lleg\u00f3 la hora de recuperar la \u00e9poca de oro del ovino local. | Proagro","og_description":"La raza Corriedale tiene un alto potencial de desarrollo para abastecer las necesidades dom\u00e9sticas y llegar a los mercados mundiales. Por Carlos Alberto Vila Moret. La aldea global genera un aumento lento pero sostenido en el consumo de carnes y fibras y dentro del sector ovino en la Argentina la raza Corriedale tiene un alto potencial de desarrollo para abastecer las necesidades locales y llegar a todos los rincones del mundo con productos diferenciados del alta calidad, con trazabilidad y a precios competitivos. \u00c9ste es el gran desaf\u00edo que enfrentamos. Nuestros productores tienen la capacidad empresarial para crecer, m\u00e1s aun teniendo en cuenta que el Corriedale es un ovino de doble prop\u00f3sito (carne y lana) que adem\u00e1s posee una gran adaptaci\u00f3n a sistemas de producci\u00f3n extensivos y semiintensivos en la Patagonia, ya que puede transformar los pastos naturales en prote\u00edna c\u00e1rnica y fibras con una elevada eficiencia, con la caracter\u00edstica fundamental de resistir las condiciones clim\u00e1ticas adversas que se le presentan. La raza tiene una fertilidad apropiada para las condiciones imperantes. Pese a que los promedios de parici\u00f3n son levemente superiores a 78%, con el uso de las buenas pr\u00e1cticas se puede aspirar al 90 por ciento. Los corderos tienen [&hellip;]","og_url":"https:\/\/proagrolab.com.ar\/llego-la-hora-de-recuperar-la-epoca-de-oro-del-ovino-local\/","og_site_name":"Proagro","article_publisher":"http:\/\/www.facebook.com\/proagrolab","article_published_time":"2013-07-22T00:00:01+00:00","og_image":[{"width":450,"height":208,"url":"https:\/\/proagrolab.com.ar\/wp-content\/uploads\/2015\/01\/g_mhntftx30__Ovejas-10.jpg","type":"image\/jpeg"}],"author":"proagrolab","twitter_card":"summary_large_image","twitter_misc":{"Written by":"proagrolab","Est. reading time":"3 minutes"},"schema":{"@context":"https:\/\/schema.org","@graph":[{"@type":"Article","@id":"https:\/\/proagrolab.com.ar\/llego-la-hora-de-recuperar-la-epoca-de-oro-del-ovino-local\/#article","isPartOf":{"@id":"https:\/\/proagrolab.com.ar\/llego-la-hora-de-recuperar-la-epoca-de-oro-del-ovino-local\/"},"author":{"name":"proagrolab","@id":"https:\/\/proagrolab.com.ar\/#\/schema\/person\/38003ff90bf80381f71c7d922d207444"},"headline":"Lleg\u00f3 la hora de recuperar la \u00e9poca de oro del ovino local.","datePublished":"2013-07-22T00:00:01+00:00","mainEntityOfPage":{"@id":"https:\/\/proagrolab.com.ar\/llego-la-hora-de-recuperar-la-epoca-de-oro-del-ovino-local\/"},"wordCount":640,"publisher":{"@id":"https:\/\/proagrolab.com.ar\/#organization"},"image":{"@id":"https:\/\/proagrolab.com.ar\/llego-la-hora-de-recuperar-la-epoca-de-oro-del-ovino-local\/#primaryimage"},"thumbnailUrl":"https:\/\/proagrolab.com.ar\/wp-content\/uploads\/2015\/01\/g_mhntftx30__Ovejas-10.jpg","articleSection":["News"],"inLanguage":"en-US"},{"@type":"WebPage","@id":"https:\/\/proagrolab.com.ar\/llego-la-hora-de-recuperar-la-epoca-de-oro-del-ovino-local\/","url":"https:\/\/proagrolab.com.ar\/llego-la-hora-de-recuperar-la-epoca-de-oro-del-ovino-local\/","name":"Lleg\u00f3 la hora de recuperar la \u00e9poca de oro del ovino local. | Proagro","isPartOf":{"@id":"https:\/\/proagrolab.com.ar\/#website"},"primaryImageOfPage":{"@id":"https:\/\/proagrolab.com.ar\/llego-la-hora-de-recuperar-la-epoca-de-oro-del-ovino-local\/#primaryimage"},"image":{"@id":"https:\/\/proagrolab.com.ar\/llego-la-hora-de-recuperar-la-epoca-de-oro-del-ovino-local\/#primaryimage"},"thumbnailUrl":"https:\/\/proagrolab.com.ar\/wp-content\/uploads\/2015\/01\/g_mhntftx30__Ovejas-10.jpg","datePublished":"2013-07-22T00:00:01+00:00","breadcrumb":{"@id":"https:\/\/proagrolab.com.ar\/llego-la-hora-de-recuperar-la-epoca-de-oro-del-ovino-local\/#breadcrumb"},"inLanguage":"en-US","potentialAction":[{"@type":"ReadAction","target":["https:\/\/proagrolab.com.ar\/llego-la-hora-de-recuperar-la-epoca-de-oro-del-ovino-local\/"]}]},{"@type":"ImageObject","inLanguage":"en-US","@id":"https:\/\/proagrolab.com.ar\/llego-la-hora-de-recuperar-la-epoca-de-oro-del-ovino-local\/#primaryimage","url":"https:\/\/proagrolab.com.ar\/wp-content\/uploads\/2015\/01\/g_mhntftx30__Ovejas-10.jpg","contentUrl":"https:\/\/proagrolab.com.ar\/wp-content\/uploads\/2015\/01\/g_mhntftx30__Ovejas-10.jpg","width":450,"height":208},{"@type":"BreadcrumbList","@id":"https:\/\/proagrolab.com.ar\/llego-la-hora-de-recuperar-la-epoca-de-oro-del-ovino-local\/#breadcrumb","itemListElement":[{"@type":"ListItem","position":1,"name":"Portada","item":"https:\/\/proagrolab.com.ar\/"},{"@type":"ListItem","position":2,"name":"Lleg\u00f3 la hora de recuperar la \u00e9poca de oro del ovino local."}]},{"@type":"WebSite","@id":"https:\/\/proagrolab.com.ar\/#website","url":"https:\/\/proagrolab.com.ar\/","name":"Proagro Laboratorio Veterinario","description":"Veterinary laboratory","publisher":{"@id":"https:\/\/proagrolab.com.ar\/#organization"},"potentialAction":[{"@type":"SearchAction","target":{"@type":"EntryPoint","urlTemplate":"https:\/\/proagrolab.com.ar\/?s={search_term_string}"},"query-input":{"@type":"PropertyValueSpecification","valueRequired":true,"valueName":"search_term_string"}}],"inLanguage":"en-US"},{"@type":"Organization","@id":"https:\/\/proagrolab.com.ar\/#organization","name":"Proagro","url":"https:\/\/proagrolab.com.ar\/","logo":{"@type":"ImageObject","inLanguage":"en-US","@id":"https:\/\/proagrolab.com.ar\/#\/schema\/logo\/image\/","url":"https:\/\/proagrolab.com.ar\/wp-content\/uploads\/2020\/04\/logo-retina.png","contentUrl":"https:\/\/proagrolab.com.ar\/wp-content\/uploads\/2020\/04\/logo-retina.png","width":478,"height":120,"caption":"Proagro"},"image":{"@id":"https:\/\/proagrolab.com.ar\/#\/schema\/logo\/image\/"},"sameAs":["http:\/\/www.facebook.com\/proagrolab","https:\/\/www.instagram.com\/proagrolab\/","https:\/\/www.linkedin.com\/company\/laboratorio-proagro-s-a\/"]},{"@type":"Person","@id":"https:\/\/proagrolab.com.ar\/#\/schema\/person\/38003ff90bf80381f71c7d922d207444","name":"proagrolab"}]}},"_links":{"self":[{"href":"https:\/\/proagrolab.com.ar\/en\/wp-json\/wp\/v2\/posts\/5565","targetHints":{"allow":["GET"]}}],"collection":[{"href":"https:\/\/proagrolab.com.ar\/en\/wp-json\/wp\/v2\/posts"}],"about":[{"href":"https:\/\/proagrolab.com.ar\/en\/wp-json\/wp\/v2\/types\/post"}],"author":[{"embeddable":true,"href":"https:\/\/proagrolab.com.ar\/en\/wp-json\/wp\/v2\/users\/2"}],"replies":[{"embeddable":true,"href":"https:\/\/proagrolab.com.ar\/en\/wp-json\/wp\/v2\/comments?post=5565"}],"version-history":[{"count":0,"href":"https:\/\/proagrolab.com.ar\/en\/wp-json\/wp\/v2\/posts\/5565\/revisions"}],"wp:featuredmedia":[{"embeddable":true,"href":"https:\/\/proagrolab.com.ar\/en\/wp-json\/wp\/v2\/media\/2060"}],"wp:attachment":[{"href":"https:\/\/proagrolab.com.ar\/en\/wp-json\/wp\/v2\/media?parent=5565"}],"wp:term":[{"taxonomy":"category","embeddable":true,"href":"https:\/\/proagrolab.com.ar\/en\/wp-json\/wp\/v2\/categories?post=5565"},{"taxonomy":"post_tag","embeddable":true,"href":"https:\/\/proagrolab.com.ar\/en\/wp-json\/wp\/v2\/tags?post=5565"}],"curies":[{"name":"wp","href":"https:\/\/api.w.org\/{rel}","templated":true}]}}