{"id":5562,"date":"2013-07-22T00:00:01","date_gmt":"2013-07-22T00:00:01","guid":{"rendered":"https:\/\/proagrolab.com.ar\/palermo-2013-la-mejor-del-mundo\/"},"modified":"2013-07-22T00:00:01","modified_gmt":"2013-07-22T00:00:01","slug":"palermo-2013-la-mejor-del-mundo","status":"publish","type":"post","link":"https:\/\/proagrolab.com.ar\/en\/palermo-2013-la-mejor-del-mundo\/","title":{"rendered":"Palermo 2013: la mejor del mundo."},"content":{"rendered":"<p class=\"qtranxs-available-languages-message qtranxs-available-languages-message-en\"> <\/p><p>La gen\u00e9tica bovina argentina hace tiempo que alcanz\u00f3 el primer pelda\u00f1o de todo los pa\u00edses productores y la muestra se convirti\u00f3 en el escenario admirado en el exterior.<\/p>\n<p>Por Mariano Wullich.<\/p>\n<p>La principal exposici\u00f3n ganadera del mundo comenz\u00f3 en la Argentina, en Buenos Aires y en su lugar natural de toda la vida: Palermo. Y, a pesar de aquel embate de expropiaci\u00f3n, una medida cautelar dispuso que la mejor gen\u00e9tica de todos los pagos del globo volviese a ese tradicional escenario que es la arena de la pista central y, volvi\u00f3.<\/p>\n<p>&#8220;Hoy, mundialmente, Palermo es la mejor exposici\u00f3n, no lo dude&#8221; y, la sentencia corresponde a una &#8220;eminencia&#8221;: Ignacio Corti Maderna, el gran jurado de todas las razas carniceras, que recorri\u00f3 centenares de exposiciones de aqu\u00ed y de all\u00e1, emponchado, con su caracter\u00edstico sombrero y bajando su mano consagratoria sobre el anca de centenares de campeones.<\/p>\n<p>&#8220;Palermo es la gran competencia de las mejores razas y, entonces, la mejoradora de nuestra ganader\u00eda, la que pas\u00f3 por varios momentos. F\u00edjese que hasta los 70, los animales eran reducidos y con mucho engrasamiento. Luego aparecieron las razas continentales como la Limousin, Charolais o Simmental, de maduraci\u00f3n m\u00e1s tard\u00eda y m\u00e1s magra. Pero hubo un momento que al Aberdeen Angus ya no se le pod\u00eda meter m\u00e1s comida y fue entonces cuando las razas brit\u00e1nicas buscaron un animal magro, alto y estirado, pero all\u00ed nos volvimos a ir de la raya&#8221;.<\/p>\n<p>La s\u00edntesis de la historia vacuna expuesta con precisi\u00f3n por Corti Maderna concluye: &#8220;Finalmente encontramos el t\u00e9rmino medio, con animales de mayor plasticidad. Los caba\u00f1eros entendieron virtudes y cualidades. Por eso, hoy el tipo argentino es el del animal exacto para producir novillos aqu\u00ed y en cualquier lugar del mundo&#8221;.<\/p>\n<p>Carlos Ojea Rullan jur\u00f3 en los \u00faltimos cinco a\u00f1os 17 exposiciones en distintos pa\u00edses (Estados Unidos, M\u00e9xico, Canad\u00e1, Paraguay, Colombia o la Argentina) y no deja de asombrarse: &#8220;No sab\u00e9s lo que es la magnitud y el prestigio que tiene Palermo en el exterior \u00a1es incre\u00edble! Todos preguntan. La pista de Palermo es sin duda la m\u00e1s importante y el fervor que existe aqu\u00ed con la coronaci\u00f3n del Gran Campe\u00f3n Angus es el momento m\u00e1s emocionante de toda la ganader\u00eda mundial. \u00a1Un festival!&#8221;<\/p>\n<p>El jurado no duda en las condiciones que re\u00fanen los criadores: &#8220;El gran salto gen\u00e9tico se dio por una combinaci\u00f3n de muchos factores, como la acertada selecci\u00f3n, las buenas pr\u00e1cticas de manejo y las excepcionales condiciones para producir carne&#8221;.<\/p>\n<p><i>Protagonistas<\/i><br \/>En 1938 el Dr. Daniel Grasso y su mujer Mar\u00eda R. Iribarren adquieren tierras en la zona de Gardey (Tandil). En &#8220;Los Ceibos&#8221;, criaron y seleccionaron los primeros planteles Polled Hereford. Hasta que, en 2008, vino el primer Gran Campe\u00f3n en la Exposici\u00f3n Nacional Hereford. En Palermo lleg\u00f3 el Gran Campe\u00f3n Macho Hereford y en la ultima LA NACION Ganadera obtuvieron cuatro primeros premios y un Campe\u00f3n.<\/p>\n<p>&#8220;Se cumplieron 75 a\u00f1os como explotaci\u00f3n familiar ahora a cargo de Marcos Daniel Grasso, acompa\u00f1ado por su hermano Leandro Gast\u00f3n. &#8220;La apuesta de Palermo es de mostrar la producci\u00f3n de la caba\u00f1a y compararse con las mejores..&#8221;, relata Leandro.<\/p>\n<p>Desde Bol\u00edvar vuelve la Caba\u00f1a Don Florencio de la familia de Oscar M. Busquet con tres generaciones de caba\u00f1eros Angus. Sus 60 pariciones anuales son en su mayor\u00eda de transferencia embrionaria haciendo las combinaciones gen\u00e9ticas de la manera m\u00e1s artesanalmente posible, con el objetivo de producir toros capaces de trabajar en los ambientes m\u00e1s dif\u00edciles junto a vacas f\u00e9rtiles y longevas.<\/p>\n<p>Luego de ausentarse de la actividad por 10 a\u00f1os, en 2007 volvieron a Palermo y festejaron al consagrarse con la Gran Campeona Hembra (Don Florencio Fortunata 228).<\/p>\n<p>&#8220;Venir a Palermo es traer a la principal exposici\u00f3n ganadera del pa\u00eds un conjunto de hembras de elite, productoras de embriones y de esta manera promocionar su venta. Nos da una gran satisfacci\u00f3n ver cuando a otras caba\u00f1as le va bien con nuestros productos. Es una vidriera que impacta a todo ganadero que quiera introducirse en la actividad, con donantes o embriones&#8221;, cuenta Oscar<\/p>\n<p>El caba\u00f1ero recuerda su mejor momento: &#8220;Me toc\u00f3 entrar a competir con mi hijo, ambos con una campeona, Al final, gan\u00f3 la vaca que manejaba \u00e9l, sacando la reservada de Gran Campe\u00f3n Hembra en 2011. Ese es el mejor de los recuerdos que me ha dado Palermo.&#8221;<\/p>\n<p>La Sultana fue fundada en 1963 por don Dante Groppo, comerciante de la ciudad de Bell Ville. En esos pagos cordobeses comenzaron la cr\u00eda y se enfocaron al Brangus. &#8220;Hoy &#8211; dice don Dante- tenemos una estructura familiar&#8221;. Su hijo Mauricio trabaja acompa\u00f1ado por sus hermanos Andr\u00e9s, Florencia y Dar\u00edo. &#8220;El desaf\u00edo de llevar animales a Palermo, en primera medida sirve para compararse con lo mejor. Luego, todo se resume en trabajar y trabajar&#8221;.<\/p>\n<p>Groppo reconoce que los costos econ\u00f3micos son altos. &#8220;En nuestro caso nos significa unos 10 mil pesos por ejemplar, aproximadamente, el exponerlo en Palermo, sin contar la crianza del mismo. Eso s\u00ed, llegar a Palermo es alcanzar el nivel es de las grandes ligas. Es como el sue\u00f1o del pibe. Te aseguro que es de las emociones m\u00e1s grandes que se pueda tener. Entrar a la pista de Palermo y saludar a tu gente porque un animal tuyo es el Gran Campe\u00f3n es algo \u00fanico, inolvidable&#8221;, explica.<\/p>\n<p>Las ventas en Palermo son importantes, si uno tiene un ejemplar destacado. No siempre es f\u00e1cil lograr que la ecuaci\u00f3n participar\/vender sea favorable.Por lo que se recomienda apuntar a llevar a la jura animales relevantes.<\/p>\n<p>Los centros gen\u00e9ticos o consorcios entre criadores van a buscar en estos shows las piezas claves del negocio. A La Sultana le toc\u00f3 en 2009 lograr un precio r\u00e9cord para la raza Brangus con un ternero de 13 meses que habiendo resultado en la jura un segundo Premio luego se vendi\u00f3 m\u00e1s tarde en 45.000 d\u00f3lares.<\/p>\n<p><i>Dixit<\/i><br \/>&#8220;El mejor recuerdo de Palermo es cuando me gan\u00f3 mi hijo con una vaca de nuestra misma caba\u00f1a&#8221;<br \/>Oscar M. Busquet, Caba\u00f1a Don Florentino<\/p>\n<p>&#8220;La gran apuesta es mostrar lo mejor y compararse con todo lo bueno que los otros tienen&#8221;<br \/>Leonardo G. Grasso, Caba\u00f1a Los Ceibos<\/p>\n<p>&#8220;Venir a Palermo es como participar en las grandes ligas; es una sensaci\u00f3n \u00fanica, inolvidable&#8221;<br \/>Dante Groppo, Caba\u00f1a La Sultana<\/p>\n<p>Fuente: La Naci\u00f3n, suple campo, 20 de julio.<br \/><\/p>","protected":false},"excerpt":{"rendered":"<p>La gen\u00e9tica bovina argentina hace tiempo que alcanz\u00f3 el primer pelda\u00f1o de todo los pa\u00edses productores y la muestra se convirti\u00f3 en el escenario admirado en el exterior. Por Mariano Wullich. La principal exposici\u00f3n ganadera del mundo comenz\u00f3 en la Argentina, en Buenos Aires y en su lugar natural de toda la vida: Palermo. Y, a pesar de aquel embate de expropiaci\u00f3n, una medida cautelar dispuso que la mejor gen\u00e9tica de todos los pagos del globo volviese a ese tradicional escenario que es la arena de la pista central y, volvi\u00f3. &#8220;Hoy, mundialmente, Palermo es la mejor exposici\u00f3n, no lo dude&#8221; y, la sentencia corresponde a una &#8220;eminencia&#8221;: Ignacio Corti Maderna, el gran jurado de todas las razas carniceras, que recorri\u00f3 centenares de exposiciones de aqu\u00ed y de all\u00e1, emponchado, con su caracter\u00edstico sombrero y bajando su mano consagratoria sobre el anca de centenares de campeones. &#8220;Palermo es la gran competencia de las mejores razas y, entonces, la mejoradora de nuestra ganader\u00eda, la que pas\u00f3 por varios momentos. F\u00edjese que hasta los 70, los animales eran reducidos y con mucho engrasamiento. Luego aparecieron las razas continentales como la Limousin, Charolais o Simmental, de maduraci\u00f3n m\u00e1s tard\u00eda y m\u00e1s magra. Pero [&hellip;]<\/p>\n","protected":false},"author":2,"featured_media":2056,"comment_status":"closed","ping_status":"open","sticky":false,"template":"","format":"standard","meta":{"_acf_changed":false,"footnotes":""},"categories":[56],"tags":[],"class_list":["post-5562","post","type-post","status-publish","format-standard","has-post-thumbnail","hentry","category-infoganadero"],"acf":[],"yoast_head":"<!-- This site is optimized with the Yoast SEO plugin v27.5 - https:\/\/yoast.com\/product\/yoast-seo-wordpress\/ -->\n<title>Palermo 2013: la mejor del mundo. | Proagro<\/title>\n<meta name=\"robots\" content=\"index, follow, max-snippet:-1, max-image-preview:large, max-video-preview:-1\" \/>\n<link rel=\"canonical\" href=\"https:\/\/proagrolab.com.ar\/en\/palermo-2013-la-mejor-del-mundo\/\" \/>\n<meta property=\"og:locale\" content=\"en_US\" \/>\n<meta property=\"og:type\" content=\"article\" \/>\n<meta property=\"og:title\" content=\"Palermo 2013: la mejor del mundo. | Proagro\" \/>\n<meta property=\"og:description\" content=\"La gen\u00e9tica bovina argentina hace tiempo que alcanz\u00f3 el primer pelda\u00f1o de todo los pa\u00edses productores y la muestra se convirti\u00f3 en el escenario admirado en el exterior. Por Mariano Wullich. La principal exposici\u00f3n ganadera del mundo comenz\u00f3 en la Argentina, en Buenos Aires y en su lugar natural de toda la vida: Palermo. Y, a pesar de aquel embate de expropiaci\u00f3n, una medida cautelar dispuso que la mejor gen\u00e9tica de todos los pagos del globo volviese a ese tradicional escenario que es la arena de la pista central y, volvi\u00f3. &#8220;Hoy, mundialmente, Palermo es la mejor exposici\u00f3n, no lo dude&#8221; y, la sentencia corresponde a una &#8220;eminencia&#8221;: Ignacio Corti Maderna, el gran jurado de todas las razas carniceras, que recorri\u00f3 centenares de exposiciones de aqu\u00ed y de all\u00e1, emponchado, con su caracter\u00edstico sombrero y bajando su mano consagratoria sobre el anca de centenares de campeones. &#8220;Palermo es la gran competencia de las mejores razas y, entonces, la mejoradora de nuestra ganader\u00eda, la que pas\u00f3 por varios momentos. F\u00edjese que hasta los 70, los animales eran reducidos y con mucho engrasamiento. Luego aparecieron las razas continentales como la Limousin, Charolais o Simmental, de maduraci\u00f3n m\u00e1s tard\u00eda y m\u00e1s magra. Pero [&hellip;]\" \/>\n<meta property=\"og:url\" content=\"https:\/\/proagrolab.com.ar\/palermo-2013-la-mejor-del-mundo\/\" \/>\n<meta property=\"og:site_name\" content=\"Proagro\" \/>\n<meta property=\"article:publisher\" content=\"http:\/\/www.facebook.com\/proagrolab\" \/>\n<meta property=\"article:published_time\" content=\"2013-07-22T00:00:01+00:00\" \/>\n<meta property=\"og:image\" content=\"https:\/\/proagrolab.com.ar\/wp-content\/uploads\/2015\/01\/g_efbuf0mpa__Angus-en-la-Rural-2.jpg\" \/>\n\t<meta property=\"og:image:width\" content=\"450\" \/>\n\t<meta property=\"og:image:height\" content=\"208\" \/>\n\t<meta property=\"og:image:type\" content=\"image\/jpeg\" \/>\n<meta name=\"author\" content=\"proagrolab\" \/>\n<meta name=\"twitter:card\" content=\"summary_large_image\" \/>\n<meta name=\"twitter:label1\" content=\"Written by\" \/>\n\t<meta name=\"twitter:data1\" content=\"proagrolab\" \/>\n\t<meta name=\"twitter:label2\" content=\"Est. reading time\" \/>\n\t<meta name=\"twitter:data2\" content=\"6 minutes\" \/>\n<script type=\"application\/ld+json\" class=\"yoast-schema-graph\">{\"@context\":\"https:\\\/\\\/schema.org\",\"@graph\":[{\"@type\":\"Article\",\"@id\":\"https:\\\/\\\/proagrolab.com.ar\\\/palermo-2013-la-mejor-del-mundo\\\/#article\",\"isPartOf\":{\"@id\":\"https:\\\/\\\/proagrolab.com.ar\\\/palermo-2013-la-mejor-del-mundo\\\/\"},\"author\":{\"name\":\"proagrolab\",\"@id\":\"https:\\\/\\\/proagrolab.com.ar\\\/#\\\/schema\\\/person\\\/38003ff90bf80381f71c7d922d207444\"},\"headline\":\"Palermo 2013: la mejor del mundo.\",\"datePublished\":\"2013-07-22T00:00:01+00:00\",\"mainEntityOfPage\":{\"@id\":\"https:\\\/\\\/proagrolab.com.ar\\\/palermo-2013-la-mejor-del-mundo\\\/\"},\"wordCount\":1119,\"publisher\":{\"@id\":\"https:\\\/\\\/proagrolab.com.ar\\\/#organization\"},\"image\":{\"@id\":\"https:\\\/\\\/proagrolab.com.ar\\\/palermo-2013-la-mejor-del-mundo\\\/#primaryimage\"},\"thumbnailUrl\":\"https:\\\/\\\/proagrolab.com.ar\\\/wp-content\\\/uploads\\\/2015\\\/01\\\/g_efbuf0mpa__Angus-en-la-Rural-2.jpg\",\"articleSection\":[\"News\"],\"inLanguage\":\"en-US\"},{\"@type\":\"WebPage\",\"@id\":\"https:\\\/\\\/proagrolab.com.ar\\\/palermo-2013-la-mejor-del-mundo\\\/\",\"url\":\"https:\\\/\\\/proagrolab.com.ar\\\/palermo-2013-la-mejor-del-mundo\\\/\",\"name\":\"Palermo 2013: la mejor del mundo. | Proagro\",\"isPartOf\":{\"@id\":\"https:\\\/\\\/proagrolab.com.ar\\\/#website\"},\"primaryImageOfPage\":{\"@id\":\"https:\\\/\\\/proagrolab.com.ar\\\/palermo-2013-la-mejor-del-mundo\\\/#primaryimage\"},\"image\":{\"@id\":\"https:\\\/\\\/proagrolab.com.ar\\\/palermo-2013-la-mejor-del-mundo\\\/#primaryimage\"},\"thumbnailUrl\":\"https:\\\/\\\/proagrolab.com.ar\\\/wp-content\\\/uploads\\\/2015\\\/01\\\/g_efbuf0mpa__Angus-en-la-Rural-2.jpg\",\"datePublished\":\"2013-07-22T00:00:01+00:00\",\"breadcrumb\":{\"@id\":\"https:\\\/\\\/proagrolab.com.ar\\\/palermo-2013-la-mejor-del-mundo\\\/#breadcrumb\"},\"inLanguage\":\"en-US\",\"potentialAction\":[{\"@type\":\"ReadAction\",\"target\":[\"https:\\\/\\\/proagrolab.com.ar\\\/palermo-2013-la-mejor-del-mundo\\\/\"]}]},{\"@type\":\"ImageObject\",\"inLanguage\":\"en-US\",\"@id\":\"https:\\\/\\\/proagrolab.com.ar\\\/palermo-2013-la-mejor-del-mundo\\\/#primaryimage\",\"url\":\"https:\\\/\\\/proagrolab.com.ar\\\/wp-content\\\/uploads\\\/2015\\\/01\\\/g_efbuf0mpa__Angus-en-la-Rural-2.jpg\",\"contentUrl\":\"https:\\\/\\\/proagrolab.com.ar\\\/wp-content\\\/uploads\\\/2015\\\/01\\\/g_efbuf0mpa__Angus-en-la-Rural-2.jpg\",\"width\":450,\"height\":208},{\"@type\":\"BreadcrumbList\",\"@id\":\"https:\\\/\\\/proagrolab.com.ar\\\/palermo-2013-la-mejor-del-mundo\\\/#breadcrumb\",\"itemListElement\":[{\"@type\":\"ListItem\",\"position\":1,\"name\":\"Portada\",\"item\":\"https:\\\/\\\/proagrolab.com.ar\\\/\"},{\"@type\":\"ListItem\",\"position\":2,\"name\":\"Palermo 2013: la mejor del mundo.\"}]},{\"@type\":\"WebSite\",\"@id\":\"https:\\\/\\\/proagrolab.com.ar\\\/#website\",\"url\":\"https:\\\/\\\/proagrolab.com.ar\\\/\",\"name\":\"Proagro Laboratorio Veterinario\",\"description\":\"Veterinary laboratory\",\"publisher\":{\"@id\":\"https:\\\/\\\/proagrolab.com.ar\\\/#organization\"},\"potentialAction\":[{\"@type\":\"SearchAction\",\"target\":{\"@type\":\"EntryPoint\",\"urlTemplate\":\"https:\\\/\\\/proagrolab.com.ar\\\/?s={search_term_string}\"},\"query-input\":{\"@type\":\"PropertyValueSpecification\",\"valueRequired\":true,\"valueName\":\"search_term_string\"}}],\"inLanguage\":\"en-US\"},{\"@type\":\"Organization\",\"@id\":\"https:\\\/\\\/proagrolab.com.ar\\\/#organization\",\"name\":\"Proagro\",\"url\":\"https:\\\/\\\/proagrolab.com.ar\\\/\",\"logo\":{\"@type\":\"ImageObject\",\"inLanguage\":\"en-US\",\"@id\":\"https:\\\/\\\/proagrolab.com.ar\\\/#\\\/schema\\\/logo\\\/image\\\/\",\"url\":\"https:\\\/\\\/proagrolab.com.ar\\\/wp-content\\\/uploads\\\/2020\\\/04\\\/logo-retina.png\",\"contentUrl\":\"https:\\\/\\\/proagrolab.com.ar\\\/wp-content\\\/uploads\\\/2020\\\/04\\\/logo-retina.png\",\"width\":478,\"height\":120,\"caption\":\"Proagro\"},\"image\":{\"@id\":\"https:\\\/\\\/proagrolab.com.ar\\\/#\\\/schema\\\/logo\\\/image\\\/\"},\"sameAs\":[\"http:\\\/\\\/www.facebook.com\\\/proagrolab\",\"https:\\\/\\\/www.instagram.com\\\/proagrolab\\\/\",\"https:\\\/\\\/www.linkedin.com\\\/company\\\/laboratorio-proagro-s-a\\\/\"]},{\"@type\":\"Person\",\"@id\":\"https:\\\/\\\/proagrolab.com.ar\\\/#\\\/schema\\\/person\\\/38003ff90bf80381f71c7d922d207444\",\"name\":\"proagrolab\"}]}<\/script>\n<!-- \/ Yoast SEO plugin. -->","yoast_head_json":{"title":"Palermo 2013: la mejor del mundo. | Proagro","robots":{"index":"index","follow":"follow","max-snippet":"max-snippet:-1","max-image-preview":"max-image-preview:large","max-video-preview":"max-video-preview:-1"},"canonical":"https:\/\/proagrolab.com.ar\/en\/palermo-2013-la-mejor-del-mundo\/","og_locale":"en_US","og_type":"article","og_title":"Palermo 2013: la mejor del mundo. | Proagro","og_description":"La gen\u00e9tica bovina argentina hace tiempo que alcanz\u00f3 el primer pelda\u00f1o de todo los pa\u00edses productores y la muestra se convirti\u00f3 en el escenario admirado en el exterior. Por Mariano Wullich. La principal exposici\u00f3n ganadera del mundo comenz\u00f3 en la Argentina, en Buenos Aires y en su lugar natural de toda la vida: Palermo. Y, a pesar de aquel embate de expropiaci\u00f3n, una medida cautelar dispuso que la mejor gen\u00e9tica de todos los pagos del globo volviese a ese tradicional escenario que es la arena de la pista central y, volvi\u00f3. &#8220;Hoy, mundialmente, Palermo es la mejor exposici\u00f3n, no lo dude&#8221; y, la sentencia corresponde a una &#8220;eminencia&#8221;: Ignacio Corti Maderna, el gran jurado de todas las razas carniceras, que recorri\u00f3 centenares de exposiciones de aqu\u00ed y de all\u00e1, emponchado, con su caracter\u00edstico sombrero y bajando su mano consagratoria sobre el anca de centenares de campeones. &#8220;Palermo es la gran competencia de las mejores razas y, entonces, la mejoradora de nuestra ganader\u00eda, la que pas\u00f3 por varios momentos. F\u00edjese que hasta los 70, los animales eran reducidos y con mucho engrasamiento. Luego aparecieron las razas continentales como la Limousin, Charolais o Simmental, de maduraci\u00f3n m\u00e1s tard\u00eda y m\u00e1s magra. Pero [&hellip;]","og_url":"https:\/\/proagrolab.com.ar\/palermo-2013-la-mejor-del-mundo\/","og_site_name":"Proagro","article_publisher":"http:\/\/www.facebook.com\/proagrolab","article_published_time":"2013-07-22T00:00:01+00:00","og_image":[{"width":450,"height":208,"url":"https:\/\/proagrolab.com.ar\/wp-content\/uploads\/2015\/01\/g_efbuf0mpa__Angus-en-la-Rural-2.jpg","type":"image\/jpeg"}],"author":"proagrolab","twitter_card":"summary_large_image","twitter_misc":{"Written by":"proagrolab","Est. reading time":"6 minutes"},"schema":{"@context":"https:\/\/schema.org","@graph":[{"@type":"Article","@id":"https:\/\/proagrolab.com.ar\/palermo-2013-la-mejor-del-mundo\/#article","isPartOf":{"@id":"https:\/\/proagrolab.com.ar\/palermo-2013-la-mejor-del-mundo\/"},"author":{"name":"proagrolab","@id":"https:\/\/proagrolab.com.ar\/#\/schema\/person\/38003ff90bf80381f71c7d922d207444"},"headline":"Palermo 2013: la mejor del mundo.","datePublished":"2013-07-22T00:00:01+00:00","mainEntityOfPage":{"@id":"https:\/\/proagrolab.com.ar\/palermo-2013-la-mejor-del-mundo\/"},"wordCount":1119,"publisher":{"@id":"https:\/\/proagrolab.com.ar\/#organization"},"image":{"@id":"https:\/\/proagrolab.com.ar\/palermo-2013-la-mejor-del-mundo\/#primaryimage"},"thumbnailUrl":"https:\/\/proagrolab.com.ar\/wp-content\/uploads\/2015\/01\/g_efbuf0mpa__Angus-en-la-Rural-2.jpg","articleSection":["News"],"inLanguage":"en-US"},{"@type":"WebPage","@id":"https:\/\/proagrolab.com.ar\/palermo-2013-la-mejor-del-mundo\/","url":"https:\/\/proagrolab.com.ar\/palermo-2013-la-mejor-del-mundo\/","name":"Palermo 2013: la mejor del mundo. | Proagro","isPartOf":{"@id":"https:\/\/proagrolab.com.ar\/#website"},"primaryImageOfPage":{"@id":"https:\/\/proagrolab.com.ar\/palermo-2013-la-mejor-del-mundo\/#primaryimage"},"image":{"@id":"https:\/\/proagrolab.com.ar\/palermo-2013-la-mejor-del-mundo\/#primaryimage"},"thumbnailUrl":"https:\/\/proagrolab.com.ar\/wp-content\/uploads\/2015\/01\/g_efbuf0mpa__Angus-en-la-Rural-2.jpg","datePublished":"2013-07-22T00:00:01+00:00","breadcrumb":{"@id":"https:\/\/proagrolab.com.ar\/palermo-2013-la-mejor-del-mundo\/#breadcrumb"},"inLanguage":"en-US","potentialAction":[{"@type":"ReadAction","target":["https:\/\/proagrolab.com.ar\/palermo-2013-la-mejor-del-mundo\/"]}]},{"@type":"ImageObject","inLanguage":"en-US","@id":"https:\/\/proagrolab.com.ar\/palermo-2013-la-mejor-del-mundo\/#primaryimage","url":"https:\/\/proagrolab.com.ar\/wp-content\/uploads\/2015\/01\/g_efbuf0mpa__Angus-en-la-Rural-2.jpg","contentUrl":"https:\/\/proagrolab.com.ar\/wp-content\/uploads\/2015\/01\/g_efbuf0mpa__Angus-en-la-Rural-2.jpg","width":450,"height":208},{"@type":"BreadcrumbList","@id":"https:\/\/proagrolab.com.ar\/palermo-2013-la-mejor-del-mundo\/#breadcrumb","itemListElement":[{"@type":"ListItem","position":1,"name":"Portada","item":"https:\/\/proagrolab.com.ar\/"},{"@type":"ListItem","position":2,"name":"Palermo 2013: la mejor del mundo."}]},{"@type":"WebSite","@id":"https:\/\/proagrolab.com.ar\/#website","url":"https:\/\/proagrolab.com.ar\/","name":"Proagro Laboratorio Veterinario","description":"Veterinary laboratory","publisher":{"@id":"https:\/\/proagrolab.com.ar\/#organization"},"potentialAction":[{"@type":"SearchAction","target":{"@type":"EntryPoint","urlTemplate":"https:\/\/proagrolab.com.ar\/?s={search_term_string}"},"query-input":{"@type":"PropertyValueSpecification","valueRequired":true,"valueName":"search_term_string"}}],"inLanguage":"en-US"},{"@type":"Organization","@id":"https:\/\/proagrolab.com.ar\/#organization","name":"Proagro","url":"https:\/\/proagrolab.com.ar\/","logo":{"@type":"ImageObject","inLanguage":"en-US","@id":"https:\/\/proagrolab.com.ar\/#\/schema\/logo\/image\/","url":"https:\/\/proagrolab.com.ar\/wp-content\/uploads\/2020\/04\/logo-retina.png","contentUrl":"https:\/\/proagrolab.com.ar\/wp-content\/uploads\/2020\/04\/logo-retina.png","width":478,"height":120,"caption":"Proagro"},"image":{"@id":"https:\/\/proagrolab.com.ar\/#\/schema\/logo\/image\/"},"sameAs":["http:\/\/www.facebook.com\/proagrolab","https:\/\/www.instagram.com\/proagrolab\/","https:\/\/www.linkedin.com\/company\/laboratorio-proagro-s-a\/"]},{"@type":"Person","@id":"https:\/\/proagrolab.com.ar\/#\/schema\/person\/38003ff90bf80381f71c7d922d207444","name":"proagrolab"}]}},"_links":{"self":[{"href":"https:\/\/proagrolab.com.ar\/en\/wp-json\/wp\/v2\/posts\/5562","targetHints":{"allow":["GET"]}}],"collection":[{"href":"https:\/\/proagrolab.com.ar\/en\/wp-json\/wp\/v2\/posts"}],"about":[{"href":"https:\/\/proagrolab.com.ar\/en\/wp-json\/wp\/v2\/types\/post"}],"author":[{"embeddable":true,"href":"https:\/\/proagrolab.com.ar\/en\/wp-json\/wp\/v2\/users\/2"}],"replies":[{"embeddable":true,"href":"https:\/\/proagrolab.com.ar\/en\/wp-json\/wp\/v2\/comments?post=5562"}],"version-history":[{"count":0,"href":"https:\/\/proagrolab.com.ar\/en\/wp-json\/wp\/v2\/posts\/5562\/revisions"}],"wp:featuredmedia":[{"embeddable":true,"href":"https:\/\/proagrolab.com.ar\/en\/wp-json\/wp\/v2\/media\/2056"}],"wp:attachment":[{"href":"https:\/\/proagrolab.com.ar\/en\/wp-json\/wp\/v2\/media?parent=5562"}],"wp:term":[{"taxonomy":"category","embeddable":true,"href":"https:\/\/proagrolab.com.ar\/en\/wp-json\/wp\/v2\/categories?post=5562"},{"taxonomy":"post_tag","embeddable":true,"href":"https:\/\/proagrolab.com.ar\/en\/wp-json\/wp\/v2\/tags?post=5562"}],"curies":[{"name":"wp","href":"https:\/\/api.w.org\/{rel}","templated":true}]}}