{"id":5560,"date":"2013-07-19T00:00:01","date_gmt":"2013-07-19T00:00:01","guid":{"rendered":"https:\/\/proagrolab.com.ar\/marcada-disminucion-en-la-recuperacion-del-precio-al-productor\/"},"modified":"2013-07-19T00:00:01","modified_gmt":"2013-07-19T00:00:01","slug":"marcada-disminucion-en-la-recuperacion-del-precio-al-productor","status":"publish","type":"post","link":"https:\/\/proagrolab.com.ar\/en\/marcada-disminucion-en-la-recuperacion-del-precio-al-productor\/","title":{"rendered":"Marcada disminuci\u00f3n en la recuperaci\u00f3n del precio al productor."},"content":{"rendered":"<p class=\"qtranxs-available-languages-message qtranxs-available-languages-message-en\"> <\/p><p>Junio redujo la recuperaci\u00f3n del precio de la leche en la Cuenca Oeste a su m\u00ednima expresi\u00f3n en varios meses.<\/p>\n<p>En su panorama mensual, la C\u00e1mara de Productores de la Cuenca Oeste de Buenos Aires (CAPROLECOBA) se\u00f1al\u00f3 que el precio al productor aument\u00f3 un 0,9% y 1,3% aproximadamente en comparaci\u00f3n a mayo.&nbsp; \u0093Junio redujo la recuperaci\u00f3n del precio de la leche en la Cuenca Oeste a su m\u00ednima expresi\u00f3n en varios meses. Y esto fue as\u00ed por el cierto atraso que tra\u00edan algunas empresas, que se \u0093recolocaron\u0094 en el mercado en este mes. Si no, la cosa podr\u00eda haber sido peor\u0094, apunt\u00f3 Daniel Villulla, gerente general de la entidad.<\/p>\n<p>El incremento interanual fue m\u00e1s marcado, rond\u00f3 del 29, 30%. \u0093Esto se explica en que el a\u00f1o pasado, para esta \u00e9poca, el precio al tambero iba en baja, y eso marca m\u00e1s la diferencia, que se ubica as\u00ed, por encima del nivel inflacionario. Claro que esto no debe llamarnos a enga\u00f1o, primero, porque los costos est\u00e1n muy altos y \u0093la plata no alcanza\u0094 como se escucha decir por estos d\u00edas a cualquier productor, y segundo, porque -como ya fue se\u00f1alado- seguimos muy complicados financieramente\u0094, agreg\u00f3.<\/p>\n<p>El precio del productor en junio fue de $1,94 para tambos de 1400 litros\/d\u00eda; $2,04, para tambos de 4.000 litros\/d\u00eda; y de $2,06, para tambos de 8.000 litros\/d\u00eda. El kilogramo de prote\u00edna (KPT) promedi\u00f3 los&nbsp; $56,11; $57,54 y $59,11 respectivamente. Para esta \u00e9poca, en 2012 el tambero cobraba entre $1,50 a $1,58; y el valor de la KPT se ubicaba entre $43,51 a $45,83.<\/p>\n<p>Julio: \u00bfPor qu\u00e9 no dejamos la \u0093meseta\u0094 para m\u00e1s adelante? <\/p>\n<p>Lo que se escucha por ahora de las industrias, parece encaminarnos en Julio hacia una suerte de \u0093meseta\u0094 en los precios al productor. Y a nosotros no nos parece que sea bueno, ni inevitable para el complejo lechero.<\/p>\n<p>Reci\u00e9n ahora empiezan a notarse la formaci\u00f3n de algunos stocks en el sector de la masa-mozzarella, los niveles de precios son altos en el mercado interno, y el comercio internacional permanece demandado, con cotizaciones muy buenas para los productos que m\u00e1s vendemos desde Argentina.<\/p>\n<p>As\u00ed, como dijimos el mes pasado: los tambos est\u00e1n m\u00e1s para \u0093aguantar\u0094 que para crecer en forma consistente, y por m\u00e1s que el clima nos acompa\u00f1e en la pr\u00f3xima primavera, el vol\u00famen de producci\u00f3n puede no estar a la altura de las oportunidades y los requerimientos de las nuevas plantas que entren en funcionamiento (aunque marque una diferencia estad\u00edstica sobre un segundo semestre malo de 2012).<\/p>\n<p>Por eso nos parece que ser\u00eda prudente perseverar un poco m\u00e1s en el esfuerzo de la recuperaci\u00f3n de precios durante el invierno, y en todo caso, ver m\u00e1s adelante, si la \u0093meseta\u0094 no le cuadra mejor a la primavera.<\/p>\n<p>Fuente: Infocampo, 18 de julio.<br \/><\/p>","protected":false},"excerpt":{"rendered":"<p>Junio redujo la recuperaci\u00f3n del precio de la leche en la Cuenca Oeste a su m\u00ednima expresi\u00f3n en varios meses. En su panorama mensual, la C\u00e1mara de Productores de la Cuenca Oeste de Buenos Aires (CAPROLECOBA) se\u00f1al\u00f3 que el precio al productor aument\u00f3 un 0,9% y 1,3% aproximadamente en comparaci\u00f3n a mayo.&nbsp; \u0093Junio redujo la recuperaci\u00f3n del precio de la leche en la Cuenca Oeste a su m\u00ednima expresi\u00f3n en varios meses. Y esto fue as\u00ed por el cierto atraso que tra\u00edan algunas empresas, que se \u0093recolocaron\u0094 en el mercado en este mes. Si no, la cosa podr\u00eda haber sido peor\u0094, apunt\u00f3 Daniel Villulla, gerente general de la entidad. El incremento interanual fue m\u00e1s marcado, rond\u00f3 del 29, 30%. \u0093Esto se explica en que el a\u00f1o pasado, para esta \u00e9poca, el precio al tambero iba en baja, y eso marca m\u00e1s la diferencia, que se ubica as\u00ed, por encima del nivel inflacionario. Claro que esto no debe llamarnos a enga\u00f1o, primero, porque los costos est\u00e1n muy altos y \u0093la plata no alcanza\u0094 como se escucha decir por estos d\u00edas a cualquier productor, y segundo, porque -como ya fue se\u00f1alado- seguimos muy complicados financieramente\u0094, agreg\u00f3. El precio del productor en junio [&hellip;]<\/p>\n","protected":false},"author":2,"featured_media":2054,"comment_status":"closed","ping_status":"open","sticky":false,"template":"","format":"standard","meta":{"_acf_changed":false,"footnotes":""},"categories":[56],"tags":[],"class_list":["post-5560","post","type-post","status-publish","format-standard","has-post-thumbnail","hentry","category-infoganadero"],"acf":[],"yoast_head":"<!-- This site is optimized with the Yoast SEO plugin v27.5 - https:\/\/yoast.com\/product\/yoast-seo-wordpress\/ -->\n<title>Marcada disminuci\u00f3n en la recuperaci\u00f3n del precio al productor. | Proagro<\/title>\n<meta name=\"robots\" content=\"index, follow, max-snippet:-1, max-image-preview:large, max-video-preview:-1\" \/>\n<link rel=\"canonical\" href=\"https:\/\/proagrolab.com.ar\/en\/marcada-disminucion-en-la-recuperacion-del-precio-al-productor\/\" \/>\n<meta property=\"og:locale\" content=\"en_US\" \/>\n<meta property=\"og:type\" content=\"article\" \/>\n<meta property=\"og:title\" content=\"Marcada disminuci\u00f3n en la recuperaci\u00f3n del precio al productor. | Proagro\" \/>\n<meta property=\"og:description\" content=\"Junio redujo la recuperaci\u00f3n del precio de la leche en la Cuenca Oeste a su m\u00ednima expresi\u00f3n en varios meses. En su panorama mensual, la C\u00e1mara de Productores de la Cuenca Oeste de Buenos Aires (CAPROLECOBA) se\u00f1al\u00f3 que el precio al productor aument\u00f3 un 0,9% y 1,3% aproximadamente en comparaci\u00f3n a mayo.&nbsp; \u0093Junio redujo la recuperaci\u00f3n del precio de la leche en la Cuenca Oeste a su m\u00ednima expresi\u00f3n en varios meses. Y esto fue as\u00ed por el cierto atraso que tra\u00edan algunas empresas, que se \u0093recolocaron\u0094 en el mercado en este mes. Si no, la cosa podr\u00eda haber sido peor\u0094, apunt\u00f3 Daniel Villulla, gerente general de la entidad. El incremento interanual fue m\u00e1s marcado, rond\u00f3 del 29, 30%. \u0093Esto se explica en que el a\u00f1o pasado, para esta \u00e9poca, el precio al tambero iba en baja, y eso marca m\u00e1s la diferencia, que se ubica as\u00ed, por encima del nivel inflacionario. Claro que esto no debe llamarnos a enga\u00f1o, primero, porque los costos est\u00e1n muy altos y \u0093la plata no alcanza\u0094 como se escucha decir por estos d\u00edas a cualquier productor, y segundo, porque -como ya fue se\u00f1alado- seguimos muy complicados financieramente\u0094, agreg\u00f3. El precio del productor en junio [&hellip;]\" \/>\n<meta property=\"og:url\" content=\"https:\/\/proagrolab.com.ar\/marcada-disminucion-en-la-recuperacion-del-precio-al-productor\/\" \/>\n<meta property=\"og:site_name\" content=\"Proagro\" \/>\n<meta property=\"article:publisher\" content=\"http:\/\/www.facebook.com\/proagrolab\" \/>\n<meta property=\"article:published_time\" content=\"2013-07-19T00:00:01+00:00\" \/>\n<meta property=\"og:image\" content=\"https:\/\/proagrolab.com.ar\/wp-content\/uploads\/2015\/01\/g_jon49st4c__Lecheras-14.jpg\" \/>\n\t<meta property=\"og:image:width\" content=\"450\" \/>\n\t<meta property=\"og:image:height\" content=\"208\" \/>\n\t<meta property=\"og:image:type\" content=\"image\/jpeg\" \/>\n<meta name=\"author\" content=\"proagrolab\" \/>\n<meta name=\"twitter:card\" content=\"summary_large_image\" \/>\n<meta name=\"twitter:label1\" content=\"Written by\" \/>\n\t<meta name=\"twitter:data1\" content=\"proagrolab\" \/>\n\t<meta name=\"twitter:label2\" content=\"Est. reading time\" \/>\n\t<meta name=\"twitter:data2\" content=\"2 minutes\" \/>\n<script type=\"application\/ld+json\" class=\"yoast-schema-graph\">{\"@context\":\"https:\\\/\\\/schema.org\",\"@graph\":[{\"@type\":\"Article\",\"@id\":\"https:\\\/\\\/proagrolab.com.ar\\\/marcada-disminucion-en-la-recuperacion-del-precio-al-productor\\\/#article\",\"isPartOf\":{\"@id\":\"https:\\\/\\\/proagrolab.com.ar\\\/marcada-disminucion-en-la-recuperacion-del-precio-al-productor\\\/\"},\"author\":{\"name\":\"proagrolab\",\"@id\":\"https:\\\/\\\/proagrolab.com.ar\\\/#\\\/schema\\\/person\\\/38003ff90bf80381f71c7d922d207444\"},\"headline\":\"Marcada disminuci\u00f3n en la recuperaci\u00f3n del precio al productor.\",\"datePublished\":\"2013-07-19T00:00:01+00:00\",\"mainEntityOfPage\":{\"@id\":\"https:\\\/\\\/proagrolab.com.ar\\\/marcada-disminucion-en-la-recuperacion-del-precio-al-productor\\\/\"},\"wordCount\":494,\"publisher\":{\"@id\":\"https:\\\/\\\/proagrolab.com.ar\\\/#organization\"},\"image\":{\"@id\":\"https:\\\/\\\/proagrolab.com.ar\\\/marcada-disminucion-en-la-recuperacion-del-precio-al-productor\\\/#primaryimage\"},\"thumbnailUrl\":\"https:\\\/\\\/proagrolab.com.ar\\\/wp-content\\\/uploads\\\/2015\\\/01\\\/g_jon49st4c__Lecheras-14.jpg\",\"articleSection\":[\"News\"],\"inLanguage\":\"en-US\"},{\"@type\":\"WebPage\",\"@id\":\"https:\\\/\\\/proagrolab.com.ar\\\/marcada-disminucion-en-la-recuperacion-del-precio-al-productor\\\/\",\"url\":\"https:\\\/\\\/proagrolab.com.ar\\\/marcada-disminucion-en-la-recuperacion-del-precio-al-productor\\\/\",\"name\":\"Marcada disminuci\u00f3n en la recuperaci\u00f3n del precio al productor. | Proagro\",\"isPartOf\":{\"@id\":\"https:\\\/\\\/proagrolab.com.ar\\\/#website\"},\"primaryImageOfPage\":{\"@id\":\"https:\\\/\\\/proagrolab.com.ar\\\/marcada-disminucion-en-la-recuperacion-del-precio-al-productor\\\/#primaryimage\"},\"image\":{\"@id\":\"https:\\\/\\\/proagrolab.com.ar\\\/marcada-disminucion-en-la-recuperacion-del-precio-al-productor\\\/#primaryimage\"},\"thumbnailUrl\":\"https:\\\/\\\/proagrolab.com.ar\\\/wp-content\\\/uploads\\\/2015\\\/01\\\/g_jon49st4c__Lecheras-14.jpg\",\"datePublished\":\"2013-07-19T00:00:01+00:00\",\"breadcrumb\":{\"@id\":\"https:\\\/\\\/proagrolab.com.ar\\\/marcada-disminucion-en-la-recuperacion-del-precio-al-productor\\\/#breadcrumb\"},\"inLanguage\":\"en-US\",\"potentialAction\":[{\"@type\":\"ReadAction\",\"target\":[\"https:\\\/\\\/proagrolab.com.ar\\\/marcada-disminucion-en-la-recuperacion-del-precio-al-productor\\\/\"]}]},{\"@type\":\"ImageObject\",\"inLanguage\":\"en-US\",\"@id\":\"https:\\\/\\\/proagrolab.com.ar\\\/marcada-disminucion-en-la-recuperacion-del-precio-al-productor\\\/#primaryimage\",\"url\":\"https:\\\/\\\/proagrolab.com.ar\\\/wp-content\\\/uploads\\\/2015\\\/01\\\/g_jon49st4c__Lecheras-14.jpg\",\"contentUrl\":\"https:\\\/\\\/proagrolab.com.ar\\\/wp-content\\\/uploads\\\/2015\\\/01\\\/g_jon49st4c__Lecheras-14.jpg\",\"width\":450,\"height\":208},{\"@type\":\"BreadcrumbList\",\"@id\":\"https:\\\/\\\/proagrolab.com.ar\\\/marcada-disminucion-en-la-recuperacion-del-precio-al-productor\\\/#breadcrumb\",\"itemListElement\":[{\"@type\":\"ListItem\",\"position\":1,\"name\":\"Portada\",\"item\":\"https:\\\/\\\/proagrolab.com.ar\\\/\"},{\"@type\":\"ListItem\",\"position\":2,\"name\":\"Marcada disminuci\u00f3n en la recuperaci\u00f3n del precio al productor.\"}]},{\"@type\":\"WebSite\",\"@id\":\"https:\\\/\\\/proagrolab.com.ar\\\/#website\",\"url\":\"https:\\\/\\\/proagrolab.com.ar\\\/\",\"name\":\"Proagro Laboratorio Veterinario\",\"description\":\"Veterinary laboratory\",\"publisher\":{\"@id\":\"https:\\\/\\\/proagrolab.com.ar\\\/#organization\"},\"potentialAction\":[{\"@type\":\"SearchAction\",\"target\":{\"@type\":\"EntryPoint\",\"urlTemplate\":\"https:\\\/\\\/proagrolab.com.ar\\\/?s={search_term_string}\"},\"query-input\":{\"@type\":\"PropertyValueSpecification\",\"valueRequired\":true,\"valueName\":\"search_term_string\"}}],\"inLanguage\":\"en-US\"},{\"@type\":\"Organization\",\"@id\":\"https:\\\/\\\/proagrolab.com.ar\\\/#organization\",\"name\":\"Proagro\",\"url\":\"https:\\\/\\\/proagrolab.com.ar\\\/\",\"logo\":{\"@type\":\"ImageObject\",\"inLanguage\":\"en-US\",\"@id\":\"https:\\\/\\\/proagrolab.com.ar\\\/#\\\/schema\\\/logo\\\/image\\\/\",\"url\":\"https:\\\/\\\/proagrolab.com.ar\\\/wp-content\\\/uploads\\\/2020\\\/04\\\/logo-retina.png\",\"contentUrl\":\"https:\\\/\\\/proagrolab.com.ar\\\/wp-content\\\/uploads\\\/2020\\\/04\\\/logo-retina.png\",\"width\":478,\"height\":120,\"caption\":\"Proagro\"},\"image\":{\"@id\":\"https:\\\/\\\/proagrolab.com.ar\\\/#\\\/schema\\\/logo\\\/image\\\/\"},\"sameAs\":[\"http:\\\/\\\/www.facebook.com\\\/proagrolab\",\"https:\\\/\\\/www.instagram.com\\\/proagrolab\\\/\",\"https:\\\/\\\/www.linkedin.com\\\/company\\\/laboratorio-proagro-s-a\\\/\"]},{\"@type\":\"Person\",\"@id\":\"https:\\\/\\\/proagrolab.com.ar\\\/#\\\/schema\\\/person\\\/38003ff90bf80381f71c7d922d207444\",\"name\":\"proagrolab\"}]}<\/script>\n<!-- \/ Yoast SEO plugin. -->","yoast_head_json":{"title":"Marcada disminuci\u00f3n en la recuperaci\u00f3n del precio al productor. | Proagro","robots":{"index":"index","follow":"follow","max-snippet":"max-snippet:-1","max-image-preview":"max-image-preview:large","max-video-preview":"max-video-preview:-1"},"canonical":"https:\/\/proagrolab.com.ar\/en\/marcada-disminucion-en-la-recuperacion-del-precio-al-productor\/","og_locale":"en_US","og_type":"article","og_title":"Marcada disminuci\u00f3n en la recuperaci\u00f3n del precio al productor. | Proagro","og_description":"Junio redujo la recuperaci\u00f3n del precio de la leche en la Cuenca Oeste a su m\u00ednima expresi\u00f3n en varios meses. En su panorama mensual, la C\u00e1mara de Productores de la Cuenca Oeste de Buenos Aires (CAPROLECOBA) se\u00f1al\u00f3 que el precio al productor aument\u00f3 un 0,9% y 1,3% aproximadamente en comparaci\u00f3n a mayo.&nbsp; \u0093Junio redujo la recuperaci\u00f3n del precio de la leche en la Cuenca Oeste a su m\u00ednima expresi\u00f3n en varios meses. Y esto fue as\u00ed por el cierto atraso que tra\u00edan algunas empresas, que se \u0093recolocaron\u0094 en el mercado en este mes. Si no, la cosa podr\u00eda haber sido peor\u0094, apunt\u00f3 Daniel Villulla, gerente general de la entidad. El incremento interanual fue m\u00e1s marcado, rond\u00f3 del 29, 30%. \u0093Esto se explica en que el a\u00f1o pasado, para esta \u00e9poca, el precio al tambero iba en baja, y eso marca m\u00e1s la diferencia, que se ubica as\u00ed, por encima del nivel inflacionario. Claro que esto no debe llamarnos a enga\u00f1o, primero, porque los costos est\u00e1n muy altos y \u0093la plata no alcanza\u0094 como se escucha decir por estos d\u00edas a cualquier productor, y segundo, porque -como ya fue se\u00f1alado- seguimos muy complicados financieramente\u0094, agreg\u00f3. El precio del productor en junio [&hellip;]","og_url":"https:\/\/proagrolab.com.ar\/marcada-disminucion-en-la-recuperacion-del-precio-al-productor\/","og_site_name":"Proagro","article_publisher":"http:\/\/www.facebook.com\/proagrolab","article_published_time":"2013-07-19T00:00:01+00:00","og_image":[{"width":450,"height":208,"url":"https:\/\/proagrolab.com.ar\/wp-content\/uploads\/2015\/01\/g_jon49st4c__Lecheras-14.jpg","type":"image\/jpeg"}],"author":"proagrolab","twitter_card":"summary_large_image","twitter_misc":{"Written by":"proagrolab","Est. reading time":"2 minutes"},"schema":{"@context":"https:\/\/schema.org","@graph":[{"@type":"Article","@id":"https:\/\/proagrolab.com.ar\/marcada-disminucion-en-la-recuperacion-del-precio-al-productor\/#article","isPartOf":{"@id":"https:\/\/proagrolab.com.ar\/marcada-disminucion-en-la-recuperacion-del-precio-al-productor\/"},"author":{"name":"proagrolab","@id":"https:\/\/proagrolab.com.ar\/#\/schema\/person\/38003ff90bf80381f71c7d922d207444"},"headline":"Marcada disminuci\u00f3n en la recuperaci\u00f3n del precio al productor.","datePublished":"2013-07-19T00:00:01+00:00","mainEntityOfPage":{"@id":"https:\/\/proagrolab.com.ar\/marcada-disminucion-en-la-recuperacion-del-precio-al-productor\/"},"wordCount":494,"publisher":{"@id":"https:\/\/proagrolab.com.ar\/#organization"},"image":{"@id":"https:\/\/proagrolab.com.ar\/marcada-disminucion-en-la-recuperacion-del-precio-al-productor\/#primaryimage"},"thumbnailUrl":"https:\/\/proagrolab.com.ar\/wp-content\/uploads\/2015\/01\/g_jon49st4c__Lecheras-14.jpg","articleSection":["News"],"inLanguage":"en-US"},{"@type":"WebPage","@id":"https:\/\/proagrolab.com.ar\/marcada-disminucion-en-la-recuperacion-del-precio-al-productor\/","url":"https:\/\/proagrolab.com.ar\/marcada-disminucion-en-la-recuperacion-del-precio-al-productor\/","name":"Marcada disminuci\u00f3n en la recuperaci\u00f3n del precio al productor. | Proagro","isPartOf":{"@id":"https:\/\/proagrolab.com.ar\/#website"},"primaryImageOfPage":{"@id":"https:\/\/proagrolab.com.ar\/marcada-disminucion-en-la-recuperacion-del-precio-al-productor\/#primaryimage"},"image":{"@id":"https:\/\/proagrolab.com.ar\/marcada-disminucion-en-la-recuperacion-del-precio-al-productor\/#primaryimage"},"thumbnailUrl":"https:\/\/proagrolab.com.ar\/wp-content\/uploads\/2015\/01\/g_jon49st4c__Lecheras-14.jpg","datePublished":"2013-07-19T00:00:01+00:00","breadcrumb":{"@id":"https:\/\/proagrolab.com.ar\/marcada-disminucion-en-la-recuperacion-del-precio-al-productor\/#breadcrumb"},"inLanguage":"en-US","potentialAction":[{"@type":"ReadAction","target":["https:\/\/proagrolab.com.ar\/marcada-disminucion-en-la-recuperacion-del-precio-al-productor\/"]}]},{"@type":"ImageObject","inLanguage":"en-US","@id":"https:\/\/proagrolab.com.ar\/marcada-disminucion-en-la-recuperacion-del-precio-al-productor\/#primaryimage","url":"https:\/\/proagrolab.com.ar\/wp-content\/uploads\/2015\/01\/g_jon49st4c__Lecheras-14.jpg","contentUrl":"https:\/\/proagrolab.com.ar\/wp-content\/uploads\/2015\/01\/g_jon49st4c__Lecheras-14.jpg","width":450,"height":208},{"@type":"BreadcrumbList","@id":"https:\/\/proagrolab.com.ar\/marcada-disminucion-en-la-recuperacion-del-precio-al-productor\/#breadcrumb","itemListElement":[{"@type":"ListItem","position":1,"name":"Portada","item":"https:\/\/proagrolab.com.ar\/"},{"@type":"ListItem","position":2,"name":"Marcada disminuci\u00f3n en la recuperaci\u00f3n del precio al productor."}]},{"@type":"WebSite","@id":"https:\/\/proagrolab.com.ar\/#website","url":"https:\/\/proagrolab.com.ar\/","name":"Proagro Laboratorio Veterinario","description":"Veterinary laboratory","publisher":{"@id":"https:\/\/proagrolab.com.ar\/#organization"},"potentialAction":[{"@type":"SearchAction","target":{"@type":"EntryPoint","urlTemplate":"https:\/\/proagrolab.com.ar\/?s={search_term_string}"},"query-input":{"@type":"PropertyValueSpecification","valueRequired":true,"valueName":"search_term_string"}}],"inLanguage":"en-US"},{"@type":"Organization","@id":"https:\/\/proagrolab.com.ar\/#organization","name":"Proagro","url":"https:\/\/proagrolab.com.ar\/","logo":{"@type":"ImageObject","inLanguage":"en-US","@id":"https:\/\/proagrolab.com.ar\/#\/schema\/logo\/image\/","url":"https:\/\/proagrolab.com.ar\/wp-content\/uploads\/2020\/04\/logo-retina.png","contentUrl":"https:\/\/proagrolab.com.ar\/wp-content\/uploads\/2020\/04\/logo-retina.png","width":478,"height":120,"caption":"Proagro"},"image":{"@id":"https:\/\/proagrolab.com.ar\/#\/schema\/logo\/image\/"},"sameAs":["http:\/\/www.facebook.com\/proagrolab","https:\/\/www.instagram.com\/proagrolab\/","https:\/\/www.linkedin.com\/company\/laboratorio-proagro-s-a\/"]},{"@type":"Person","@id":"https:\/\/proagrolab.com.ar\/#\/schema\/person\/38003ff90bf80381f71c7d922d207444","name":"proagrolab"}]}},"_links":{"self":[{"href":"https:\/\/proagrolab.com.ar\/en\/wp-json\/wp\/v2\/posts\/5560","targetHints":{"allow":["GET"]}}],"collection":[{"href":"https:\/\/proagrolab.com.ar\/en\/wp-json\/wp\/v2\/posts"}],"about":[{"href":"https:\/\/proagrolab.com.ar\/en\/wp-json\/wp\/v2\/types\/post"}],"author":[{"embeddable":true,"href":"https:\/\/proagrolab.com.ar\/en\/wp-json\/wp\/v2\/users\/2"}],"replies":[{"embeddable":true,"href":"https:\/\/proagrolab.com.ar\/en\/wp-json\/wp\/v2\/comments?post=5560"}],"version-history":[{"count":0,"href":"https:\/\/proagrolab.com.ar\/en\/wp-json\/wp\/v2\/posts\/5560\/revisions"}],"wp:featuredmedia":[{"embeddable":true,"href":"https:\/\/proagrolab.com.ar\/en\/wp-json\/wp\/v2\/media\/2054"}],"wp:attachment":[{"href":"https:\/\/proagrolab.com.ar\/en\/wp-json\/wp\/v2\/media?parent=5560"}],"wp:term":[{"taxonomy":"category","embeddable":true,"href":"https:\/\/proagrolab.com.ar\/en\/wp-json\/wp\/v2\/categories?post=5560"},{"taxonomy":"post_tag","embeddable":true,"href":"https:\/\/proagrolab.com.ar\/en\/wp-json\/wp\/v2\/tags?post=5560"}],"curies":[{"name":"wp","href":"https:\/\/api.w.org\/{rel}","templated":true}]}}