{"id":5557,"date":"2013-07-19T00:00:01","date_gmt":"2013-07-19T00:00:01","guid":{"rendered":"https:\/\/proagrolab.com.ar\/abrio-la-rural-con-criticas-al-autoritarismo-del-gobierno\/"},"modified":"2013-07-19T00:00:01","modified_gmt":"2013-07-19T00:00:01","slug":"abrio-la-rural-con-criticas-al-autoritarismo-del-gobierno","status":"publish","type":"post","link":"https:\/\/proagrolab.com.ar\/en\/abrio-la-rural-con-criticas-al-autoritarismo-del-gobierno\/","title":{"rendered":"Abri\u00f3 la Rural con cr\u00edticas al autoritarismo del Gobierno."},"content":{"rendered":"<p class=\"qtranxs-available-languages-message qtranxs-available-languages-message-en\"> <\/p><p>Etchevehere fustig\u00f3 tambi\u00e9n la ausencia de organismos para el agro; Macri ponder\u00f3 &#8220;la pasi\u00f3n&#8221; del campo.<\/p>\n<p>Por Fernando Bertello.<\/p>\n<p>in presencia de funcionarios nacionales o stands de organismos p\u00fablicos vinculados con el sector, y ni siquiera efectivos de la Polic\u00eda Federal, cuya ausencia de custodia debi\u00f3 ser reemplazada por la Polic\u00eda Metropolitana, ayer abri\u00f3 sus puertas la 127\u00b0 edici\u00f3n de la Exposici\u00f3n Rural de Palermo, que se realizar\u00e1 hasta el 30 del actual.<\/p>\n<p>Ante la ausencia de autoridades nacionales, el jefe de gobierno porte\u00f1o, Mauricio Macri, acompa\u00f1\u00f3, rodeado de sus funcionarios, al presidente de la Sociedad Rural Argentina (SRA), Luis Miguel Etchevehere, en el corte de cintas. Y tambi\u00e9n lo hicieron otros dirigentes rurales, como el presidente de Confederaciones Rurales Argentinas (CRA), Rub\u00e9n Ferrero; el vicepresidente de Federaci\u00f3n Agraria Argentina (FAA), Julio Curr\u00e1s, y el secretario general de la Uni\u00f3n Argentina de Trabajadores Rurales y Estibadores (Uatre), Ger\u00f3nimo Venegas.<\/p>\n<p>Adem\u00e1s, asistieron el legislador bonaerense por Pro Jorge Srodek y Eduardo Amadeo, diputado nacional y candidato a renovar su banca por Compromiso Federal. En plena campa\u00f1a electoral, entre los candidatos tambi\u00e9n se hicieron presentes los ruralistas Alfredo De Angeli, que busca ser senador nacional en Entre R\u00edos por Pro, y N\u00e9stor Roulet, tercero en la lista de diputados nacionales por el mismo partido en C\u00f3rdoba.<\/p>\n<p>Al conmemorarse ayer un nuevo aniversario del atentado a la AMIA, tanto Etchevehere como Macri rindieron en sus palabras un homenaje a las v\u00edctimas. Despu\u00e9s hubo duras cr\u00edticas contra el Gobierno.<\/p>\n<p>Etchevehere fustig\u00f3 el &#8220;autoritarismo&#8221; y la &#8220;prepotencia&#8221; del oficialismo al recordar el intento del Gobierno, en diciembre pasado, de querer confiscar el predio de Palermo de la entidad.<\/p>\n<p>&#8220;Siete meses pasaron ya de aquel intento de confiscaci\u00f3n del predio de la SRA. De aquel avance sobre la propiedad privada, sobre la justicia independiente y en desmedro de la pluralidad de voces&#8221;, dijo Etchevehere, y agreg\u00f3: &#8220;La Argentina rechaza definitivamente el autoritarismo. La Argentina no quiere m\u00e1s prepotencia. S\u00ed quiere, y con ella lo queremos nosotros, que se respete la ley y que se respete tambi\u00e9n la libertad de opini\u00f3n. Por eso, y contra toda arbitrariedad, estamos ac\u00e1, en Palermo, en la Rural, en nuestra casa&#8221;.<\/p>\n<p>Luciano Miguens, uno de los ex presidentes de la SRA que concurrieron ayer, lament\u00f3 la &#8220;confrontaci\u00f3n&#8221; del Gobierno. &#8220;Los hechos muestran que hay una idea de continuar con la confrontaci\u00f3n con el campo, cuando el Gobierno podr\u00eda aprovechar la oportunidad de la demanda de alimentos en el mundo&#8221;, se\u00f1al\u00f3.<\/p>\n<p>El presidente de la Rural tambi\u00e9n se quej\u00f3 de que no asistieran organismos del Estado vinculados con el agro. &#8220;Lamentamos profundamente que los responsables de organismos primordiales como el INTA, el Senasa y el Ministerio de Agricultura y Ganader\u00eda impidan que miles de productores puedan beneficiarse con los trabajos realizados por los muy buenos t\u00e9cnicos con que cuentan esas entidades. Al estar ausentes de esta casa, est\u00e1n ausentes de su responsabilidad&#8221;, afirm\u00f3.<\/p>\n<p>Etchevehere record\u00f3 que se la invit\u00f3 a asistir a la exposici\u00f3n a la presidenta Cristina Kirchner. &#8220;Ojal\u00e1 se haga un lugar en la agenda&#8221;, indic\u00f3.<\/p>\n<p>La Rural hab\u00eda solicitado presencia de la Polic\u00eda Federal, pero ante la falta de respuestas su lugar lo tom\u00f3 la Polic\u00eda Metropolitana.<\/p>\n<p>Ante una consulta de LA NACION, De Angeli fue duro contra Cristina Kirchner. &#8220;Da pena que cuando ella habla dice que es la presidenta de todos los argentinos y no viene a un lugar emblem\u00e1tico. Es como decir, ac\u00e1 hay dos Argentinas&#8221;, remarc\u00f3.<\/p>\n<p><i>Elogios de Macri<\/i><br \/>Durante su discurso, el jefe de gobierno porte\u00f1o elogi\u00f3 al sector agropecuario y lament\u00f3 las &#8220;pol\u00edticas absurdas&#8221; del oficialismo para el campo.<\/p>\n<p>&#8220;Ac\u00e1 se respira pasi\u00f3n, porque el campo es pasi\u00f3n. Pasi\u00f3n por la tierra, pasi\u00f3n por crecer&#8221;, se\u00f1al\u00f3 Macri. &#8220;El futuro se construye con el campo, con reglas claras, porque los que m\u00e1s las necesitan son los peque\u00f1os productores&#8221;, a\u00f1adi\u00f3.<\/p>\n<p>En otro tramo, el funcionario subray\u00f3: &#8220;En un pa\u00eds que se llama el granero del mundo, afrontamos estas pol\u00edticas absurdas que perjudican la exportaci\u00f3n, la generaci\u00f3n de trabajo y al consumidor&#8221;.<\/p>\n<p>Pese al d\u00eda fr\u00edo, las familias pudieron disfrutar de atractivos como visitas guiadas, una pel\u00edcula sobre el sector en 3D, adem\u00e1s de recorrer stands y visitar los animales en exposici\u00f3n.<\/p>\n<p><i>Agenda para todos los gustos<\/i><br \/>10.00 Se realizar\u00e1 la clasificaci\u00f3n de razas equinas en la pista central de la exposici\u00f3n y de aves en la carpa correspondiente al sector<\/p>\n<p>14.00 Cuarto de Milla y realizaci\u00f3n de pruebas funcionales<\/p>\n<p>19.30 Espect\u00e1culo art\u00edstico &#8220;Noche de la Ciudad Aut\u00f3noma de Buenos Aires&#8221;. Habr\u00e1 entrada libre para este evento al p\u00fablico a partir de las 17<\/p>\n<p><i>Una banda y una colorida recepci\u00f3n<\/i><br \/>En el predio de Palermo de la Sociedad Rural Argentina (SRA), y luego del tradicional corte de cintas de la apertura, el jefe de gobierno porte\u00f1o, Mauricio Macri, se encontr\u00f3 con una c\u00e1lida recepci\u00f3n. All\u00ed estaba esper\u00e1ndolo una banda musical perteneciente a la agrupaci\u00f3n Blandengues, dependiente del arzobispado de la ciudad de La Plata, que interpret\u00f3 diversos temas.<\/p>\n<p>Fuente: La Naci\u00f3n, 19 de julio.<br \/><\/p>","protected":false},"excerpt":{"rendered":"<p>Etchevehere fustig\u00f3 tambi\u00e9n la ausencia de organismos para el agro; Macri ponder\u00f3 &#8220;la pasi\u00f3n&#8221; del campo. Por Fernando Bertello. in presencia de funcionarios nacionales o stands de organismos p\u00fablicos vinculados con el sector, y ni siquiera efectivos de la Polic\u00eda Federal, cuya ausencia de custodia debi\u00f3 ser reemplazada por la Polic\u00eda Metropolitana, ayer abri\u00f3 sus puertas la 127\u00b0 edici\u00f3n de la Exposici\u00f3n Rural de Palermo, que se realizar\u00e1 hasta el 30 del actual. Ante la ausencia de autoridades nacionales, el jefe de gobierno porte\u00f1o, Mauricio Macri, acompa\u00f1\u00f3, rodeado de sus funcionarios, al presidente de la Sociedad Rural Argentina (SRA), Luis Miguel Etchevehere, en el corte de cintas. Y tambi\u00e9n lo hicieron otros dirigentes rurales, como el presidente de Confederaciones Rurales Argentinas (CRA), Rub\u00e9n Ferrero; el vicepresidente de Federaci\u00f3n Agraria Argentina (FAA), Julio Curr\u00e1s, y el secretario general de la Uni\u00f3n Argentina de Trabajadores Rurales y Estibadores (Uatre), Ger\u00f3nimo Venegas. Adem\u00e1s, asistieron el legislador bonaerense por Pro Jorge Srodek y Eduardo Amadeo, diputado nacional y candidato a renovar su banca por Compromiso Federal. En plena campa\u00f1a electoral, entre los candidatos tambi\u00e9n se hicieron presentes los ruralistas Alfredo De Angeli, que busca ser senador nacional en Entre R\u00edos por Pro, y N\u00e9stor [&hellip;]<\/p>\n","protected":false},"author":2,"featured_media":2051,"comment_status":"closed","ping_status":"open","sticky":false,"template":"","format":"standard","meta":{"_acf_changed":false,"footnotes":""},"categories":[56],"tags":[],"class_list":["post-5557","post","type-post","status-publish","format-standard","has-post-thumbnail","hentry","category-infoganadero"],"acf":[],"yoast_head":"<!-- This site is optimized with the Yoast SEO plugin v27.5 - https:\/\/yoast.com\/product\/yoast-seo-wordpress\/ -->\n<title>Abri\u00f3 la Rural con cr\u00edticas al autoritarismo del Gobierno. | Proagro<\/title>\n<meta name=\"robots\" content=\"index, follow, max-snippet:-1, max-image-preview:large, max-video-preview:-1\" \/>\n<link rel=\"canonical\" href=\"https:\/\/proagrolab.com.ar\/en\/abrio-la-rural-con-criticas-al-autoritarismo-del-gobierno\/\" \/>\n<meta property=\"og:locale\" content=\"en_US\" \/>\n<meta property=\"og:type\" content=\"article\" \/>\n<meta property=\"og:title\" content=\"Abri\u00f3 la Rural con cr\u00edticas al autoritarismo del Gobierno. | Proagro\" \/>\n<meta property=\"og:description\" content=\"Etchevehere fustig\u00f3 tambi\u00e9n la ausencia de organismos para el agro; Macri ponder\u00f3 &#8220;la pasi\u00f3n&#8221; del campo. Por Fernando Bertello. in presencia de funcionarios nacionales o stands de organismos p\u00fablicos vinculados con el sector, y ni siquiera efectivos de la Polic\u00eda Federal, cuya ausencia de custodia debi\u00f3 ser reemplazada por la Polic\u00eda Metropolitana, ayer abri\u00f3 sus puertas la 127\u00b0 edici\u00f3n de la Exposici\u00f3n Rural de Palermo, que se realizar\u00e1 hasta el 30 del actual. Ante la ausencia de autoridades nacionales, el jefe de gobierno porte\u00f1o, Mauricio Macri, acompa\u00f1\u00f3, rodeado de sus funcionarios, al presidente de la Sociedad Rural Argentina (SRA), Luis Miguel Etchevehere, en el corte de cintas. Y tambi\u00e9n lo hicieron otros dirigentes rurales, como el presidente de Confederaciones Rurales Argentinas (CRA), Rub\u00e9n Ferrero; el vicepresidente de Federaci\u00f3n Agraria Argentina (FAA), Julio Curr\u00e1s, y el secretario general de la Uni\u00f3n Argentina de Trabajadores Rurales y Estibadores (Uatre), Ger\u00f3nimo Venegas. Adem\u00e1s, asistieron el legislador bonaerense por Pro Jorge Srodek y Eduardo Amadeo, diputado nacional y candidato a renovar su banca por Compromiso Federal. En plena campa\u00f1a electoral, entre los candidatos tambi\u00e9n se hicieron presentes los ruralistas Alfredo De Angeli, que busca ser senador nacional en Entre R\u00edos por Pro, y N\u00e9stor [&hellip;]\" \/>\n<meta property=\"og:url\" content=\"https:\/\/proagrolab.com.ar\/abrio-la-rural-con-criticas-al-autoritarismo-del-gobierno\/\" \/>\n<meta property=\"og:site_name\" content=\"Proagro\" \/>\n<meta property=\"article:publisher\" content=\"http:\/\/www.facebook.com\/proagrolab\" \/>\n<meta property=\"article:published_time\" content=\"2013-07-19T00:00:01+00:00\" \/>\n<meta property=\"og:image\" content=\"https:\/\/proagrolab.com.ar\/wp-content\/uploads\/2015\/01\/g_zrhjrfeoq__Angus-en-la-Rural.jpg\" \/>\n\t<meta property=\"og:image:width\" content=\"450\" \/>\n\t<meta property=\"og:image:height\" content=\"208\" \/>\n\t<meta property=\"og:image:type\" content=\"image\/jpeg\" \/>\n<meta name=\"author\" content=\"proagrolab\" \/>\n<meta name=\"twitter:card\" content=\"summary_large_image\" \/>\n<meta name=\"twitter:label1\" content=\"Written by\" \/>\n\t<meta name=\"twitter:data1\" content=\"proagrolab\" \/>\n\t<meta name=\"twitter:label2\" content=\"Est. reading time\" \/>\n\t<meta name=\"twitter:data2\" content=\"4 minutes\" \/>\n<script type=\"application\/ld+json\" class=\"yoast-schema-graph\">{\"@context\":\"https:\\\/\\\/schema.org\",\"@graph\":[{\"@type\":\"Article\",\"@id\":\"https:\\\/\\\/proagrolab.com.ar\\\/abrio-la-rural-con-criticas-al-autoritarismo-del-gobierno\\\/#article\",\"isPartOf\":{\"@id\":\"https:\\\/\\\/proagrolab.com.ar\\\/abrio-la-rural-con-criticas-al-autoritarismo-del-gobierno\\\/\"},\"author\":{\"name\":\"proagrolab\",\"@id\":\"https:\\\/\\\/proagrolab.com.ar\\\/#\\\/schema\\\/person\\\/38003ff90bf80381f71c7d922d207444\"},\"headline\":\"Abri\u00f3 la Rural con cr\u00edticas al autoritarismo del Gobierno.\",\"datePublished\":\"2013-07-19T00:00:01+00:00\",\"mainEntityOfPage\":{\"@id\":\"https:\\\/\\\/proagrolab.com.ar\\\/abrio-la-rural-con-criticas-al-autoritarismo-del-gobierno\\\/\"},\"wordCount\":904,\"publisher\":{\"@id\":\"https:\\\/\\\/proagrolab.com.ar\\\/#organization\"},\"image\":{\"@id\":\"https:\\\/\\\/proagrolab.com.ar\\\/abrio-la-rural-con-criticas-al-autoritarismo-del-gobierno\\\/#primaryimage\"},\"thumbnailUrl\":\"https:\\\/\\\/proagrolab.com.ar\\\/wp-content\\\/uploads\\\/2015\\\/01\\\/g_zrhjrfeoq__Angus-en-la-Rural.jpg\",\"articleSection\":[\"News\"],\"inLanguage\":\"en-US\"},{\"@type\":\"WebPage\",\"@id\":\"https:\\\/\\\/proagrolab.com.ar\\\/abrio-la-rural-con-criticas-al-autoritarismo-del-gobierno\\\/\",\"url\":\"https:\\\/\\\/proagrolab.com.ar\\\/abrio-la-rural-con-criticas-al-autoritarismo-del-gobierno\\\/\",\"name\":\"Abri\u00f3 la Rural con cr\u00edticas al autoritarismo del Gobierno. | Proagro\",\"isPartOf\":{\"@id\":\"https:\\\/\\\/proagrolab.com.ar\\\/#website\"},\"primaryImageOfPage\":{\"@id\":\"https:\\\/\\\/proagrolab.com.ar\\\/abrio-la-rural-con-criticas-al-autoritarismo-del-gobierno\\\/#primaryimage\"},\"image\":{\"@id\":\"https:\\\/\\\/proagrolab.com.ar\\\/abrio-la-rural-con-criticas-al-autoritarismo-del-gobierno\\\/#primaryimage\"},\"thumbnailUrl\":\"https:\\\/\\\/proagrolab.com.ar\\\/wp-content\\\/uploads\\\/2015\\\/01\\\/g_zrhjrfeoq__Angus-en-la-Rural.jpg\",\"datePublished\":\"2013-07-19T00:00:01+00:00\",\"breadcrumb\":{\"@id\":\"https:\\\/\\\/proagrolab.com.ar\\\/abrio-la-rural-con-criticas-al-autoritarismo-del-gobierno\\\/#breadcrumb\"},\"inLanguage\":\"en-US\",\"potentialAction\":[{\"@type\":\"ReadAction\",\"target\":[\"https:\\\/\\\/proagrolab.com.ar\\\/abrio-la-rural-con-criticas-al-autoritarismo-del-gobierno\\\/\"]}]},{\"@type\":\"ImageObject\",\"inLanguage\":\"en-US\",\"@id\":\"https:\\\/\\\/proagrolab.com.ar\\\/abrio-la-rural-con-criticas-al-autoritarismo-del-gobierno\\\/#primaryimage\",\"url\":\"https:\\\/\\\/proagrolab.com.ar\\\/wp-content\\\/uploads\\\/2015\\\/01\\\/g_zrhjrfeoq__Angus-en-la-Rural.jpg\",\"contentUrl\":\"https:\\\/\\\/proagrolab.com.ar\\\/wp-content\\\/uploads\\\/2015\\\/01\\\/g_zrhjrfeoq__Angus-en-la-Rural.jpg\",\"width\":450,\"height\":208},{\"@type\":\"BreadcrumbList\",\"@id\":\"https:\\\/\\\/proagrolab.com.ar\\\/abrio-la-rural-con-criticas-al-autoritarismo-del-gobierno\\\/#breadcrumb\",\"itemListElement\":[{\"@type\":\"ListItem\",\"position\":1,\"name\":\"Portada\",\"item\":\"https:\\\/\\\/proagrolab.com.ar\\\/\"},{\"@type\":\"ListItem\",\"position\":2,\"name\":\"Abri\u00f3 la Rural con cr\u00edticas al autoritarismo del Gobierno.\"}]},{\"@type\":\"WebSite\",\"@id\":\"https:\\\/\\\/proagrolab.com.ar\\\/#website\",\"url\":\"https:\\\/\\\/proagrolab.com.ar\\\/\",\"name\":\"Proagro Laboratorio Veterinario\",\"description\":\"Veterinary laboratory\",\"publisher\":{\"@id\":\"https:\\\/\\\/proagrolab.com.ar\\\/#organization\"},\"potentialAction\":[{\"@type\":\"SearchAction\",\"target\":{\"@type\":\"EntryPoint\",\"urlTemplate\":\"https:\\\/\\\/proagrolab.com.ar\\\/?s={search_term_string}\"},\"query-input\":{\"@type\":\"PropertyValueSpecification\",\"valueRequired\":true,\"valueName\":\"search_term_string\"}}],\"inLanguage\":\"en-US\"},{\"@type\":\"Organization\",\"@id\":\"https:\\\/\\\/proagrolab.com.ar\\\/#organization\",\"name\":\"Proagro\",\"url\":\"https:\\\/\\\/proagrolab.com.ar\\\/\",\"logo\":{\"@type\":\"ImageObject\",\"inLanguage\":\"en-US\",\"@id\":\"https:\\\/\\\/proagrolab.com.ar\\\/#\\\/schema\\\/logo\\\/image\\\/\",\"url\":\"https:\\\/\\\/proagrolab.com.ar\\\/wp-content\\\/uploads\\\/2020\\\/04\\\/logo-retina.png\",\"contentUrl\":\"https:\\\/\\\/proagrolab.com.ar\\\/wp-content\\\/uploads\\\/2020\\\/04\\\/logo-retina.png\",\"width\":478,\"height\":120,\"caption\":\"Proagro\"},\"image\":{\"@id\":\"https:\\\/\\\/proagrolab.com.ar\\\/#\\\/schema\\\/logo\\\/image\\\/\"},\"sameAs\":[\"http:\\\/\\\/www.facebook.com\\\/proagrolab\",\"https:\\\/\\\/www.instagram.com\\\/proagrolab\\\/\",\"https:\\\/\\\/www.linkedin.com\\\/company\\\/laboratorio-proagro-s-a\\\/\"]},{\"@type\":\"Person\",\"@id\":\"https:\\\/\\\/proagrolab.com.ar\\\/#\\\/schema\\\/person\\\/38003ff90bf80381f71c7d922d207444\",\"name\":\"proagrolab\"}]}<\/script>\n<!-- \/ Yoast SEO plugin. -->","yoast_head_json":{"title":"Abri\u00f3 la Rural con cr\u00edticas al autoritarismo del Gobierno. | Proagro","robots":{"index":"index","follow":"follow","max-snippet":"max-snippet:-1","max-image-preview":"max-image-preview:large","max-video-preview":"max-video-preview:-1"},"canonical":"https:\/\/proagrolab.com.ar\/en\/abrio-la-rural-con-criticas-al-autoritarismo-del-gobierno\/","og_locale":"en_US","og_type":"article","og_title":"Abri\u00f3 la Rural con cr\u00edticas al autoritarismo del Gobierno. | Proagro","og_description":"Etchevehere fustig\u00f3 tambi\u00e9n la ausencia de organismos para el agro; Macri ponder\u00f3 &#8220;la pasi\u00f3n&#8221; del campo. Por Fernando Bertello. in presencia de funcionarios nacionales o stands de organismos p\u00fablicos vinculados con el sector, y ni siquiera efectivos de la Polic\u00eda Federal, cuya ausencia de custodia debi\u00f3 ser reemplazada por la Polic\u00eda Metropolitana, ayer abri\u00f3 sus puertas la 127\u00b0 edici\u00f3n de la Exposici\u00f3n Rural de Palermo, que se realizar\u00e1 hasta el 30 del actual. Ante la ausencia de autoridades nacionales, el jefe de gobierno porte\u00f1o, Mauricio Macri, acompa\u00f1\u00f3, rodeado de sus funcionarios, al presidente de la Sociedad Rural Argentina (SRA), Luis Miguel Etchevehere, en el corte de cintas. Y tambi\u00e9n lo hicieron otros dirigentes rurales, como el presidente de Confederaciones Rurales Argentinas (CRA), Rub\u00e9n Ferrero; el vicepresidente de Federaci\u00f3n Agraria Argentina (FAA), Julio Curr\u00e1s, y el secretario general de la Uni\u00f3n Argentina de Trabajadores Rurales y Estibadores (Uatre), Ger\u00f3nimo Venegas. Adem\u00e1s, asistieron el legislador bonaerense por Pro Jorge Srodek y Eduardo Amadeo, diputado nacional y candidato a renovar su banca por Compromiso Federal. En plena campa\u00f1a electoral, entre los candidatos tambi\u00e9n se hicieron presentes los ruralistas Alfredo De Angeli, que busca ser senador nacional en Entre R\u00edos por Pro, y N\u00e9stor [&hellip;]","og_url":"https:\/\/proagrolab.com.ar\/abrio-la-rural-con-criticas-al-autoritarismo-del-gobierno\/","og_site_name":"Proagro","article_publisher":"http:\/\/www.facebook.com\/proagrolab","article_published_time":"2013-07-19T00:00:01+00:00","og_image":[{"width":450,"height":208,"url":"https:\/\/proagrolab.com.ar\/wp-content\/uploads\/2015\/01\/g_zrhjrfeoq__Angus-en-la-Rural.jpg","type":"image\/jpeg"}],"author":"proagrolab","twitter_card":"summary_large_image","twitter_misc":{"Written by":"proagrolab","Est. reading time":"4 minutes"},"schema":{"@context":"https:\/\/schema.org","@graph":[{"@type":"Article","@id":"https:\/\/proagrolab.com.ar\/abrio-la-rural-con-criticas-al-autoritarismo-del-gobierno\/#article","isPartOf":{"@id":"https:\/\/proagrolab.com.ar\/abrio-la-rural-con-criticas-al-autoritarismo-del-gobierno\/"},"author":{"name":"proagrolab","@id":"https:\/\/proagrolab.com.ar\/#\/schema\/person\/38003ff90bf80381f71c7d922d207444"},"headline":"Abri\u00f3 la Rural con cr\u00edticas al autoritarismo del Gobierno.","datePublished":"2013-07-19T00:00:01+00:00","mainEntityOfPage":{"@id":"https:\/\/proagrolab.com.ar\/abrio-la-rural-con-criticas-al-autoritarismo-del-gobierno\/"},"wordCount":904,"publisher":{"@id":"https:\/\/proagrolab.com.ar\/#organization"},"image":{"@id":"https:\/\/proagrolab.com.ar\/abrio-la-rural-con-criticas-al-autoritarismo-del-gobierno\/#primaryimage"},"thumbnailUrl":"https:\/\/proagrolab.com.ar\/wp-content\/uploads\/2015\/01\/g_zrhjrfeoq__Angus-en-la-Rural.jpg","articleSection":["News"],"inLanguage":"en-US"},{"@type":"WebPage","@id":"https:\/\/proagrolab.com.ar\/abrio-la-rural-con-criticas-al-autoritarismo-del-gobierno\/","url":"https:\/\/proagrolab.com.ar\/abrio-la-rural-con-criticas-al-autoritarismo-del-gobierno\/","name":"Abri\u00f3 la Rural con cr\u00edticas al autoritarismo del Gobierno. | Proagro","isPartOf":{"@id":"https:\/\/proagrolab.com.ar\/#website"},"primaryImageOfPage":{"@id":"https:\/\/proagrolab.com.ar\/abrio-la-rural-con-criticas-al-autoritarismo-del-gobierno\/#primaryimage"},"image":{"@id":"https:\/\/proagrolab.com.ar\/abrio-la-rural-con-criticas-al-autoritarismo-del-gobierno\/#primaryimage"},"thumbnailUrl":"https:\/\/proagrolab.com.ar\/wp-content\/uploads\/2015\/01\/g_zrhjrfeoq__Angus-en-la-Rural.jpg","datePublished":"2013-07-19T00:00:01+00:00","breadcrumb":{"@id":"https:\/\/proagrolab.com.ar\/abrio-la-rural-con-criticas-al-autoritarismo-del-gobierno\/#breadcrumb"},"inLanguage":"en-US","potentialAction":[{"@type":"ReadAction","target":["https:\/\/proagrolab.com.ar\/abrio-la-rural-con-criticas-al-autoritarismo-del-gobierno\/"]}]},{"@type":"ImageObject","inLanguage":"en-US","@id":"https:\/\/proagrolab.com.ar\/abrio-la-rural-con-criticas-al-autoritarismo-del-gobierno\/#primaryimage","url":"https:\/\/proagrolab.com.ar\/wp-content\/uploads\/2015\/01\/g_zrhjrfeoq__Angus-en-la-Rural.jpg","contentUrl":"https:\/\/proagrolab.com.ar\/wp-content\/uploads\/2015\/01\/g_zrhjrfeoq__Angus-en-la-Rural.jpg","width":450,"height":208},{"@type":"BreadcrumbList","@id":"https:\/\/proagrolab.com.ar\/abrio-la-rural-con-criticas-al-autoritarismo-del-gobierno\/#breadcrumb","itemListElement":[{"@type":"ListItem","position":1,"name":"Portada","item":"https:\/\/proagrolab.com.ar\/"},{"@type":"ListItem","position":2,"name":"Abri\u00f3 la Rural con cr\u00edticas al autoritarismo del Gobierno."}]},{"@type":"WebSite","@id":"https:\/\/proagrolab.com.ar\/#website","url":"https:\/\/proagrolab.com.ar\/","name":"Proagro Laboratorio Veterinario","description":"Veterinary laboratory","publisher":{"@id":"https:\/\/proagrolab.com.ar\/#organization"},"potentialAction":[{"@type":"SearchAction","target":{"@type":"EntryPoint","urlTemplate":"https:\/\/proagrolab.com.ar\/?s={search_term_string}"},"query-input":{"@type":"PropertyValueSpecification","valueRequired":true,"valueName":"search_term_string"}}],"inLanguage":"en-US"},{"@type":"Organization","@id":"https:\/\/proagrolab.com.ar\/#organization","name":"Proagro","url":"https:\/\/proagrolab.com.ar\/","logo":{"@type":"ImageObject","inLanguage":"en-US","@id":"https:\/\/proagrolab.com.ar\/#\/schema\/logo\/image\/","url":"https:\/\/proagrolab.com.ar\/wp-content\/uploads\/2020\/04\/logo-retina.png","contentUrl":"https:\/\/proagrolab.com.ar\/wp-content\/uploads\/2020\/04\/logo-retina.png","width":478,"height":120,"caption":"Proagro"},"image":{"@id":"https:\/\/proagrolab.com.ar\/#\/schema\/logo\/image\/"},"sameAs":["http:\/\/www.facebook.com\/proagrolab","https:\/\/www.instagram.com\/proagrolab\/","https:\/\/www.linkedin.com\/company\/laboratorio-proagro-s-a\/"]},{"@type":"Person","@id":"https:\/\/proagrolab.com.ar\/#\/schema\/person\/38003ff90bf80381f71c7d922d207444","name":"proagrolab"}]}},"_links":{"self":[{"href":"https:\/\/proagrolab.com.ar\/en\/wp-json\/wp\/v2\/posts\/5557","targetHints":{"allow":["GET"]}}],"collection":[{"href":"https:\/\/proagrolab.com.ar\/en\/wp-json\/wp\/v2\/posts"}],"about":[{"href":"https:\/\/proagrolab.com.ar\/en\/wp-json\/wp\/v2\/types\/post"}],"author":[{"embeddable":true,"href":"https:\/\/proagrolab.com.ar\/en\/wp-json\/wp\/v2\/users\/2"}],"replies":[{"embeddable":true,"href":"https:\/\/proagrolab.com.ar\/en\/wp-json\/wp\/v2\/comments?post=5557"}],"version-history":[{"count":0,"href":"https:\/\/proagrolab.com.ar\/en\/wp-json\/wp\/v2\/posts\/5557\/revisions"}],"wp:featuredmedia":[{"embeddable":true,"href":"https:\/\/proagrolab.com.ar\/en\/wp-json\/wp\/v2\/media\/2051"}],"wp:attachment":[{"href":"https:\/\/proagrolab.com.ar\/en\/wp-json\/wp\/v2\/media?parent=5557"}],"wp:term":[{"taxonomy":"category","embeddable":true,"href":"https:\/\/proagrolab.com.ar\/en\/wp-json\/wp\/v2\/categories?post=5557"},{"taxonomy":"post_tag","embeddable":true,"href":"https:\/\/proagrolab.com.ar\/en\/wp-json\/wp\/v2\/tags?post=5557"}],"curies":[{"name":"wp","href":"https:\/\/api.w.org\/{rel}","templated":true}]}}