{"id":5547,"date":"2013-07-15T00:00:01","date_gmt":"2013-07-15T00:00:01","guid":{"rendered":"https:\/\/proagrolab.com.ar\/del-cepo-cambiario-y-de-la-inflacion-es-mejor-no-hablar\/"},"modified":"2013-07-15T00:00:01","modified_gmt":"2013-07-15T00:00:01","slug":"del-cepo-cambiario-y-de-la-inflacion-es-mejor-no-hablar","status":"publish","type":"post","link":"https:\/\/proagrolab.com.ar\/en\/del-cepo-cambiario-y-de-la-inflacion-es-mejor-no-hablar\/","title":{"rendered":"Del cepo cambiario y de la inflaci\u00f3n es mejor no hablar."},"content":{"rendered":"<p class=\"qtranxs-available-languages-message qtranxs-available-languages-message-en\"> <\/p><p>Por Cristian Mira.<\/p>\n<p>Hasta ahora, si las leyes no han cambiado, la producci\u00f3n agropecuaria no ha sido declarada como un servicio p\u00fablico. Los agricultores y ganaderos son due\u00f1os de lo que producen y venden en un mercado al mejor precio que consiguen, en el momento en el que ellos deciden concretarlo. El riesgo y la oportunidad de hacer o no un buen negocio corre por cuenta de ellos. Este concepto tan simple, que en otras sociedades no se discute, parece no ser comprendido por el Gobierno. As\u00ed qued\u00f3 demostrado esta semana cuando la presidenta Cristina Kirchner en su discurso por el D\u00eda de la Independencia, en Tucum\u00e1n, dijo, refiri\u00e9ndose al aumento del super\u00e1vit fiscal entre junio de 2012 y junio de 2013, que &#8221; algunos creen que guard\u00e1ndose un poco de la cosecha nos van a correr, no. No nos van a correr ni nos van a hacer tomar decisiones equivocadas&#8221;.<\/p>\n<p>Si la Presidenta se refiri\u00f3 a la demora de las ventas de los granos de la cosecha gruesa deber\u00eda preguntarse por qu\u00e9 no sucedi\u00f3 lo mismo en las campa\u00f1as anteriores. \u00bfFue porque los productores antes no quer\u00edan &#8220;correrla&#8221; y ahora s\u00ed? Es dif\u00edcil que 60.000 productores de soja se pongan de acuerdo para elaborar una estrategia conspirativa contra la m\u00e1xima figura del Poder Ejecutivo. En todo caso, habr\u00eda que preguntarse si sus conductas no siguen los par\u00e1metros de los agentes econ\u00f3micos que act\u00faan en un mercado caracterizado por la incertidumbre. \u00bfExisti\u00f3 el cepo cambiario entre 2008 y el primer semestre de 2012? No. \u00bfEl aumento del \u00edndice de precios al consumidor es moderado? No. \u00bfEntonces por qu\u00e9 raz\u00f3n un productor deber\u00eda vender su cosecha a p\u00e9rdida? Misterio.<\/p>\n<p>Si la Presidenta se refiri\u00f3 a la cosecha de trigo quiz\u00e1s deber\u00eda ser el momento de preguntarse lo que ocurri\u00f3 desde 2006 hasta ahora. El resultado de siete a\u00f1os de intervenci\u00f3n estall\u00f3 en las panader\u00edas y en un a\u00f1o electoral. No podr\u00e1 decir la Presidenta que no tuvo advertencias: lo hicieron desde funcionarios de la Secretar\u00eda y del Ministerio de Agricultura hasta de la Mesa de Enlace. Si le molestaban los ruralistas podr\u00eda haber escuchado, al menos, a los t\u00e9cnicos de Paseo Col\u00f3n que, con otras palabras, dec\u00edan lo mismo. Sin embargo, decidi\u00f3 que la cuesti\u00f3n del trigo, y de la carne, quedara en manos del secretario de Comercio, Guillermo Moreno. El funcionario, que cree que nadie como \u00e9l conoce c\u00f3mo se forman los precios y funcionan los mercados y que est\u00e1 seguro de dominar las leyes de la oferta y la demanda con un par de gritos y telefonazos, finalmente no controla nada y se le desbocan todas las variables.<\/p>\n<p>En esas marchas y contramarchas ni siquiera cumplen con sus propios objetivos de &#8220;agregar valor a la producci\u00f3n primaria&#8221; o de reforzar los lazos comerciales con los pa\u00edses del Sur. El a\u00f1o pasado se hab\u00edan exportado 1,2 millones de toneladas de harina. Entre los principales mercados de destino de esas exportaciones estaban Angola y Bolivia, dos naciones a las que no se las puede acusar de participar en una conspiraci\u00f3n para que la Argentina sea s\u00f3lo productora de commodities . Con la prohibici\u00f3n de exportar harina este a\u00f1o (apenas se habr\u00edan enviado al exterior casi 100.000 toneladas de un cupo de 300.000), el pa\u00eds desabastece a dos socios que el propio Gobierno considera como estrat\u00e9gicos. Ni siquiera queda bien con los amigos.<\/p>\n<p><i>Resumen<\/i><br \/>285,9 millones de toneladas<br \/>Es el c\u00e1lculo que hizo el USDA sobre la producci\u00f3n mundial de soja para el ciclo 2013\/14<\/p>\n<p><i>Perfil<\/i><br \/>&#8220;Hace falta que uno se ponga con el l\u00e1tigo en la mano para que el trigo aparezca&#8221;. Norberto Yauhar, Ministro de Agricultura.<\/p>\n<p>Fuente: La Naci\u00f3n, suple campo, 13 de julio.<br \/><\/p>","protected":false},"excerpt":{"rendered":"<p>Por Cristian Mira. Hasta ahora, si las leyes no han cambiado, la producci\u00f3n agropecuaria no ha sido declarada como un servicio p\u00fablico. Los agricultores y ganaderos son due\u00f1os de lo que producen y venden en un mercado al mejor precio que consiguen, en el momento en el que ellos deciden concretarlo. El riesgo y la oportunidad de hacer o no un buen negocio corre por cuenta de ellos. Este concepto tan simple, que en otras sociedades no se discute, parece no ser comprendido por el Gobierno. As\u00ed qued\u00f3 demostrado esta semana cuando la presidenta Cristina Kirchner en su discurso por el D\u00eda de la Independencia, en Tucum\u00e1n, dijo, refiri\u00e9ndose al aumento del super\u00e1vit fiscal entre junio de 2012 y junio de 2013, que &#8221; algunos creen que guard\u00e1ndose un poco de la cosecha nos van a correr, no. No nos van a correr ni nos van a hacer tomar decisiones equivocadas&#8221;. Si la Presidenta se refiri\u00f3 a la demora de las ventas de los granos de la cosecha gruesa deber\u00eda preguntarse por qu\u00e9 no sucedi\u00f3 lo mismo en las campa\u00f1as anteriores. \u00bfFue porque los productores antes no quer\u00edan &#8220;correrla&#8221; y ahora s\u00ed? Es dif\u00edcil que 60.000 productores de soja se [&hellip;]<\/p>\n","protected":false},"author":2,"featured_media":2041,"comment_status":"closed","ping_status":"open","sticky":false,"template":"","format":"standard","meta":{"_acf_changed":false,"footnotes":""},"categories":[56],"tags":[],"class_list":["post-5547","post","type-post","status-publish","format-standard","has-post-thumbnail","hentry","category-infoganadero"],"acf":[],"yoast_head":"<!-- This site is optimized with the Yoast SEO plugin v27.5 - https:\/\/yoast.com\/product\/yoast-seo-wordpress\/ -->\n<title>Del cepo cambiario y de la inflaci\u00f3n es mejor no hablar. | Proagro<\/title>\n<meta name=\"robots\" content=\"index, follow, max-snippet:-1, max-image-preview:large, max-video-preview:-1\" \/>\n<link rel=\"canonical\" href=\"https:\/\/proagrolab.com.ar\/en\/del-cepo-cambiario-y-de-la-inflacion-es-mejor-no-hablar\/\" \/>\n<meta property=\"og:locale\" content=\"en_US\" \/>\n<meta property=\"og:type\" content=\"article\" \/>\n<meta property=\"og:title\" content=\"Del cepo cambiario y de la inflaci\u00f3n es mejor no hablar. | Proagro\" \/>\n<meta property=\"og:description\" content=\"Por Cristian Mira. Hasta ahora, si las leyes no han cambiado, la producci\u00f3n agropecuaria no ha sido declarada como un servicio p\u00fablico. Los agricultores y ganaderos son due\u00f1os de lo que producen y venden en un mercado al mejor precio que consiguen, en el momento en el que ellos deciden concretarlo. El riesgo y la oportunidad de hacer o no un buen negocio corre por cuenta de ellos. Este concepto tan simple, que en otras sociedades no se discute, parece no ser comprendido por el Gobierno. As\u00ed qued\u00f3 demostrado esta semana cuando la presidenta Cristina Kirchner en su discurso por el D\u00eda de la Independencia, en Tucum\u00e1n, dijo, refiri\u00e9ndose al aumento del super\u00e1vit fiscal entre junio de 2012 y junio de 2013, que &#8221; algunos creen que guard\u00e1ndose un poco de la cosecha nos van a correr, no. No nos van a correr ni nos van a hacer tomar decisiones equivocadas&#8221;. Si la Presidenta se refiri\u00f3 a la demora de las ventas de los granos de la cosecha gruesa deber\u00eda preguntarse por qu\u00e9 no sucedi\u00f3 lo mismo en las campa\u00f1as anteriores. \u00bfFue porque los productores antes no quer\u00edan &#8220;correrla&#8221; y ahora s\u00ed? Es dif\u00edcil que 60.000 productores de soja se [&hellip;]\" \/>\n<meta property=\"og:url\" content=\"https:\/\/proagrolab.com.ar\/del-cepo-cambiario-y-de-la-inflacion-es-mejor-no-hablar\/\" \/>\n<meta property=\"og:site_name\" content=\"Proagro\" \/>\n<meta property=\"article:publisher\" content=\"http:\/\/www.facebook.com\/proagrolab\" \/>\n<meta property=\"article:published_time\" content=\"2013-07-15T00:00:01+00:00\" \/>\n<meta property=\"og:image\" content=\"https:\/\/proagrolab.com.ar\/wp-content\/uploads\/2015\/01\/g_4ecbq6cmu__Vacas-12.jpg\" \/>\n\t<meta property=\"og:image:width\" content=\"450\" \/>\n\t<meta property=\"og:image:height\" content=\"208\" \/>\n\t<meta property=\"og:image:type\" content=\"image\/jpeg\" \/>\n<meta name=\"author\" content=\"proagrolab\" \/>\n<meta name=\"twitter:card\" content=\"summary_large_image\" \/>\n<meta name=\"twitter:label1\" content=\"Written by\" \/>\n\t<meta name=\"twitter:data1\" content=\"proagrolab\" \/>\n\t<meta name=\"twitter:label2\" content=\"Est. reading time\" \/>\n\t<meta name=\"twitter:data2\" content=\"3 minutes\" \/>\n<script type=\"application\/ld+json\" class=\"yoast-schema-graph\">{\"@context\":\"https:\\\/\\\/schema.org\",\"@graph\":[{\"@type\":\"Article\",\"@id\":\"https:\\\/\\\/proagrolab.com.ar\\\/del-cepo-cambiario-y-de-la-inflacion-es-mejor-no-hablar\\\/#article\",\"isPartOf\":{\"@id\":\"https:\\\/\\\/proagrolab.com.ar\\\/del-cepo-cambiario-y-de-la-inflacion-es-mejor-no-hablar\\\/\"},\"author\":{\"name\":\"proagrolab\",\"@id\":\"https:\\\/\\\/proagrolab.com.ar\\\/#\\\/schema\\\/person\\\/38003ff90bf80381f71c7d922d207444\"},\"headline\":\"Del cepo cambiario y de la inflaci\u00f3n es mejor no hablar.\",\"datePublished\":\"2013-07-15T00:00:01+00:00\",\"mainEntityOfPage\":{\"@id\":\"https:\\\/\\\/proagrolab.com.ar\\\/del-cepo-cambiario-y-de-la-inflacion-es-mejor-no-hablar\\\/\"},\"wordCount\":659,\"publisher\":{\"@id\":\"https:\\\/\\\/proagrolab.com.ar\\\/#organization\"},\"image\":{\"@id\":\"https:\\\/\\\/proagrolab.com.ar\\\/del-cepo-cambiario-y-de-la-inflacion-es-mejor-no-hablar\\\/#primaryimage\"},\"thumbnailUrl\":\"https:\\\/\\\/proagrolab.com.ar\\\/wp-content\\\/uploads\\\/2015\\\/01\\\/g_4ecbq6cmu__Vacas-12.jpg\",\"articleSection\":[\"News\"],\"inLanguage\":\"en-US\"},{\"@type\":\"WebPage\",\"@id\":\"https:\\\/\\\/proagrolab.com.ar\\\/del-cepo-cambiario-y-de-la-inflacion-es-mejor-no-hablar\\\/\",\"url\":\"https:\\\/\\\/proagrolab.com.ar\\\/del-cepo-cambiario-y-de-la-inflacion-es-mejor-no-hablar\\\/\",\"name\":\"Del cepo cambiario y de la inflaci\u00f3n es mejor no hablar. | Proagro\",\"isPartOf\":{\"@id\":\"https:\\\/\\\/proagrolab.com.ar\\\/#website\"},\"primaryImageOfPage\":{\"@id\":\"https:\\\/\\\/proagrolab.com.ar\\\/del-cepo-cambiario-y-de-la-inflacion-es-mejor-no-hablar\\\/#primaryimage\"},\"image\":{\"@id\":\"https:\\\/\\\/proagrolab.com.ar\\\/del-cepo-cambiario-y-de-la-inflacion-es-mejor-no-hablar\\\/#primaryimage\"},\"thumbnailUrl\":\"https:\\\/\\\/proagrolab.com.ar\\\/wp-content\\\/uploads\\\/2015\\\/01\\\/g_4ecbq6cmu__Vacas-12.jpg\",\"datePublished\":\"2013-07-15T00:00:01+00:00\",\"breadcrumb\":{\"@id\":\"https:\\\/\\\/proagrolab.com.ar\\\/del-cepo-cambiario-y-de-la-inflacion-es-mejor-no-hablar\\\/#breadcrumb\"},\"inLanguage\":\"en-US\",\"potentialAction\":[{\"@type\":\"ReadAction\",\"target\":[\"https:\\\/\\\/proagrolab.com.ar\\\/del-cepo-cambiario-y-de-la-inflacion-es-mejor-no-hablar\\\/\"]}]},{\"@type\":\"ImageObject\",\"inLanguage\":\"en-US\",\"@id\":\"https:\\\/\\\/proagrolab.com.ar\\\/del-cepo-cambiario-y-de-la-inflacion-es-mejor-no-hablar\\\/#primaryimage\",\"url\":\"https:\\\/\\\/proagrolab.com.ar\\\/wp-content\\\/uploads\\\/2015\\\/01\\\/g_4ecbq6cmu__Vacas-12.jpg\",\"contentUrl\":\"https:\\\/\\\/proagrolab.com.ar\\\/wp-content\\\/uploads\\\/2015\\\/01\\\/g_4ecbq6cmu__Vacas-12.jpg\",\"width\":450,\"height\":208},{\"@type\":\"BreadcrumbList\",\"@id\":\"https:\\\/\\\/proagrolab.com.ar\\\/del-cepo-cambiario-y-de-la-inflacion-es-mejor-no-hablar\\\/#breadcrumb\",\"itemListElement\":[{\"@type\":\"ListItem\",\"position\":1,\"name\":\"Portada\",\"item\":\"https:\\\/\\\/proagrolab.com.ar\\\/\"},{\"@type\":\"ListItem\",\"position\":2,\"name\":\"Del cepo cambiario y de la inflaci\u00f3n es mejor no hablar.\"}]},{\"@type\":\"WebSite\",\"@id\":\"https:\\\/\\\/proagrolab.com.ar\\\/#website\",\"url\":\"https:\\\/\\\/proagrolab.com.ar\\\/\",\"name\":\"Proagro Laboratorio Veterinario\",\"description\":\"Veterinary laboratory\",\"publisher\":{\"@id\":\"https:\\\/\\\/proagrolab.com.ar\\\/#organization\"},\"potentialAction\":[{\"@type\":\"SearchAction\",\"target\":{\"@type\":\"EntryPoint\",\"urlTemplate\":\"https:\\\/\\\/proagrolab.com.ar\\\/?s={search_term_string}\"},\"query-input\":{\"@type\":\"PropertyValueSpecification\",\"valueRequired\":true,\"valueName\":\"search_term_string\"}}],\"inLanguage\":\"en-US\"},{\"@type\":\"Organization\",\"@id\":\"https:\\\/\\\/proagrolab.com.ar\\\/#organization\",\"name\":\"Proagro\",\"url\":\"https:\\\/\\\/proagrolab.com.ar\\\/\",\"logo\":{\"@type\":\"ImageObject\",\"inLanguage\":\"en-US\",\"@id\":\"https:\\\/\\\/proagrolab.com.ar\\\/#\\\/schema\\\/logo\\\/image\\\/\",\"url\":\"https:\\\/\\\/proagrolab.com.ar\\\/wp-content\\\/uploads\\\/2020\\\/04\\\/logo-retina.png\",\"contentUrl\":\"https:\\\/\\\/proagrolab.com.ar\\\/wp-content\\\/uploads\\\/2020\\\/04\\\/logo-retina.png\",\"width\":478,\"height\":120,\"caption\":\"Proagro\"},\"image\":{\"@id\":\"https:\\\/\\\/proagrolab.com.ar\\\/#\\\/schema\\\/logo\\\/image\\\/\"},\"sameAs\":[\"http:\\\/\\\/www.facebook.com\\\/proagrolab\",\"https:\\\/\\\/www.instagram.com\\\/proagrolab\\\/\",\"https:\\\/\\\/www.linkedin.com\\\/company\\\/laboratorio-proagro-s-a\\\/\"]},{\"@type\":\"Person\",\"@id\":\"https:\\\/\\\/proagrolab.com.ar\\\/#\\\/schema\\\/person\\\/38003ff90bf80381f71c7d922d207444\",\"name\":\"proagrolab\"}]}<\/script>\n<!-- \/ Yoast SEO plugin. -->","yoast_head_json":{"title":"Del cepo cambiario y de la inflaci\u00f3n es mejor no hablar. | Proagro","robots":{"index":"index","follow":"follow","max-snippet":"max-snippet:-1","max-image-preview":"max-image-preview:large","max-video-preview":"max-video-preview:-1"},"canonical":"https:\/\/proagrolab.com.ar\/en\/del-cepo-cambiario-y-de-la-inflacion-es-mejor-no-hablar\/","og_locale":"en_US","og_type":"article","og_title":"Del cepo cambiario y de la inflaci\u00f3n es mejor no hablar. | Proagro","og_description":"Por Cristian Mira. Hasta ahora, si las leyes no han cambiado, la producci\u00f3n agropecuaria no ha sido declarada como un servicio p\u00fablico. Los agricultores y ganaderos son due\u00f1os de lo que producen y venden en un mercado al mejor precio que consiguen, en el momento en el que ellos deciden concretarlo. El riesgo y la oportunidad de hacer o no un buen negocio corre por cuenta de ellos. Este concepto tan simple, que en otras sociedades no se discute, parece no ser comprendido por el Gobierno. As\u00ed qued\u00f3 demostrado esta semana cuando la presidenta Cristina Kirchner en su discurso por el D\u00eda de la Independencia, en Tucum\u00e1n, dijo, refiri\u00e9ndose al aumento del super\u00e1vit fiscal entre junio de 2012 y junio de 2013, que &#8221; algunos creen que guard\u00e1ndose un poco de la cosecha nos van a correr, no. No nos van a correr ni nos van a hacer tomar decisiones equivocadas&#8221;. Si la Presidenta se refiri\u00f3 a la demora de las ventas de los granos de la cosecha gruesa deber\u00eda preguntarse por qu\u00e9 no sucedi\u00f3 lo mismo en las campa\u00f1as anteriores. \u00bfFue porque los productores antes no quer\u00edan &#8220;correrla&#8221; y ahora s\u00ed? Es dif\u00edcil que 60.000 productores de soja se [&hellip;]","og_url":"https:\/\/proagrolab.com.ar\/del-cepo-cambiario-y-de-la-inflacion-es-mejor-no-hablar\/","og_site_name":"Proagro","article_publisher":"http:\/\/www.facebook.com\/proagrolab","article_published_time":"2013-07-15T00:00:01+00:00","og_image":[{"width":450,"height":208,"url":"https:\/\/proagrolab.com.ar\/wp-content\/uploads\/2015\/01\/g_4ecbq6cmu__Vacas-12.jpg","type":"image\/jpeg"}],"author":"proagrolab","twitter_card":"summary_large_image","twitter_misc":{"Written by":"proagrolab","Est. reading time":"3 minutes"},"schema":{"@context":"https:\/\/schema.org","@graph":[{"@type":"Article","@id":"https:\/\/proagrolab.com.ar\/del-cepo-cambiario-y-de-la-inflacion-es-mejor-no-hablar\/#article","isPartOf":{"@id":"https:\/\/proagrolab.com.ar\/del-cepo-cambiario-y-de-la-inflacion-es-mejor-no-hablar\/"},"author":{"name":"proagrolab","@id":"https:\/\/proagrolab.com.ar\/#\/schema\/person\/38003ff90bf80381f71c7d922d207444"},"headline":"Del cepo cambiario y de la inflaci\u00f3n es mejor no hablar.","datePublished":"2013-07-15T00:00:01+00:00","mainEntityOfPage":{"@id":"https:\/\/proagrolab.com.ar\/del-cepo-cambiario-y-de-la-inflacion-es-mejor-no-hablar\/"},"wordCount":659,"publisher":{"@id":"https:\/\/proagrolab.com.ar\/#organization"},"image":{"@id":"https:\/\/proagrolab.com.ar\/del-cepo-cambiario-y-de-la-inflacion-es-mejor-no-hablar\/#primaryimage"},"thumbnailUrl":"https:\/\/proagrolab.com.ar\/wp-content\/uploads\/2015\/01\/g_4ecbq6cmu__Vacas-12.jpg","articleSection":["News"],"inLanguage":"en-US"},{"@type":"WebPage","@id":"https:\/\/proagrolab.com.ar\/del-cepo-cambiario-y-de-la-inflacion-es-mejor-no-hablar\/","url":"https:\/\/proagrolab.com.ar\/del-cepo-cambiario-y-de-la-inflacion-es-mejor-no-hablar\/","name":"Del cepo cambiario y de la inflaci\u00f3n es mejor no hablar. | Proagro","isPartOf":{"@id":"https:\/\/proagrolab.com.ar\/#website"},"primaryImageOfPage":{"@id":"https:\/\/proagrolab.com.ar\/del-cepo-cambiario-y-de-la-inflacion-es-mejor-no-hablar\/#primaryimage"},"image":{"@id":"https:\/\/proagrolab.com.ar\/del-cepo-cambiario-y-de-la-inflacion-es-mejor-no-hablar\/#primaryimage"},"thumbnailUrl":"https:\/\/proagrolab.com.ar\/wp-content\/uploads\/2015\/01\/g_4ecbq6cmu__Vacas-12.jpg","datePublished":"2013-07-15T00:00:01+00:00","breadcrumb":{"@id":"https:\/\/proagrolab.com.ar\/del-cepo-cambiario-y-de-la-inflacion-es-mejor-no-hablar\/#breadcrumb"},"inLanguage":"en-US","potentialAction":[{"@type":"ReadAction","target":["https:\/\/proagrolab.com.ar\/del-cepo-cambiario-y-de-la-inflacion-es-mejor-no-hablar\/"]}]},{"@type":"ImageObject","inLanguage":"en-US","@id":"https:\/\/proagrolab.com.ar\/del-cepo-cambiario-y-de-la-inflacion-es-mejor-no-hablar\/#primaryimage","url":"https:\/\/proagrolab.com.ar\/wp-content\/uploads\/2015\/01\/g_4ecbq6cmu__Vacas-12.jpg","contentUrl":"https:\/\/proagrolab.com.ar\/wp-content\/uploads\/2015\/01\/g_4ecbq6cmu__Vacas-12.jpg","width":450,"height":208},{"@type":"BreadcrumbList","@id":"https:\/\/proagrolab.com.ar\/del-cepo-cambiario-y-de-la-inflacion-es-mejor-no-hablar\/#breadcrumb","itemListElement":[{"@type":"ListItem","position":1,"name":"Portada","item":"https:\/\/proagrolab.com.ar\/"},{"@type":"ListItem","position":2,"name":"Del cepo cambiario y de la inflaci\u00f3n es mejor no hablar."}]},{"@type":"WebSite","@id":"https:\/\/proagrolab.com.ar\/#website","url":"https:\/\/proagrolab.com.ar\/","name":"Proagro Laboratorio Veterinario","description":"Veterinary laboratory","publisher":{"@id":"https:\/\/proagrolab.com.ar\/#organization"},"potentialAction":[{"@type":"SearchAction","target":{"@type":"EntryPoint","urlTemplate":"https:\/\/proagrolab.com.ar\/?s={search_term_string}"},"query-input":{"@type":"PropertyValueSpecification","valueRequired":true,"valueName":"search_term_string"}}],"inLanguage":"en-US"},{"@type":"Organization","@id":"https:\/\/proagrolab.com.ar\/#organization","name":"Proagro","url":"https:\/\/proagrolab.com.ar\/","logo":{"@type":"ImageObject","inLanguage":"en-US","@id":"https:\/\/proagrolab.com.ar\/#\/schema\/logo\/image\/","url":"https:\/\/proagrolab.com.ar\/wp-content\/uploads\/2020\/04\/logo-retina.png","contentUrl":"https:\/\/proagrolab.com.ar\/wp-content\/uploads\/2020\/04\/logo-retina.png","width":478,"height":120,"caption":"Proagro"},"image":{"@id":"https:\/\/proagrolab.com.ar\/#\/schema\/logo\/image\/"},"sameAs":["http:\/\/www.facebook.com\/proagrolab","https:\/\/www.instagram.com\/proagrolab\/","https:\/\/www.linkedin.com\/company\/laboratorio-proagro-s-a\/"]},{"@type":"Person","@id":"https:\/\/proagrolab.com.ar\/#\/schema\/person\/38003ff90bf80381f71c7d922d207444","name":"proagrolab"}]}},"_links":{"self":[{"href":"https:\/\/proagrolab.com.ar\/en\/wp-json\/wp\/v2\/posts\/5547","targetHints":{"allow":["GET"]}}],"collection":[{"href":"https:\/\/proagrolab.com.ar\/en\/wp-json\/wp\/v2\/posts"}],"about":[{"href":"https:\/\/proagrolab.com.ar\/en\/wp-json\/wp\/v2\/types\/post"}],"author":[{"embeddable":true,"href":"https:\/\/proagrolab.com.ar\/en\/wp-json\/wp\/v2\/users\/2"}],"replies":[{"embeddable":true,"href":"https:\/\/proagrolab.com.ar\/en\/wp-json\/wp\/v2\/comments?post=5547"}],"version-history":[{"count":0,"href":"https:\/\/proagrolab.com.ar\/en\/wp-json\/wp\/v2\/posts\/5547\/revisions"}],"wp:featuredmedia":[{"embeddable":true,"href":"https:\/\/proagrolab.com.ar\/en\/wp-json\/wp\/v2\/media\/2041"}],"wp:attachment":[{"href":"https:\/\/proagrolab.com.ar\/en\/wp-json\/wp\/v2\/media?parent=5547"}],"wp:term":[{"taxonomy":"category","embeddable":true,"href":"https:\/\/proagrolab.com.ar\/en\/wp-json\/wp\/v2\/categories?post=5547"},{"taxonomy":"post_tag","embeddable":true,"href":"https:\/\/proagrolab.com.ar\/en\/wp-json\/wp\/v2\/tags?post=5547"}],"curies":[{"name":"wp","href":"https:\/\/api.w.org\/{rel}","templated":true}]}}