{"id":5546,"date":"2013-07-15T00:00:01","date_gmt":"2013-07-15T00:00:01","guid":{"rendered":"https:\/\/proagrolab.com.ar\/abre-la-rural-con-actividades-para-todos-y-se-aguarda-una-fuerte-presencia-politica\/"},"modified":"2013-07-15T00:00:01","modified_gmt":"2013-07-15T00:00:01","slug":"abre-la-rural-con-actividades-para-todos-y-se-aguarda-una-fuerte-presencia-politica","status":"publish","type":"post","link":"https:\/\/proagrolab.com.ar\/en\/abre-la-rural-con-actividades-para-todos-y-se-aguarda-una-fuerte-presencia-politica\/","title":{"rendered":"Abre la Rural con actividades para todos y se aguarda una fuerte presencia pol\u00edtica."},"content":{"rendered":"<p class=\"qtranxs-available-languages-message qtranxs-available-languages-message-en\"> <\/p><p>Desde el pr\u00f3ximo jueves, la muestra apuntar\u00e1 a acercar el campo a la ciudad; habr\u00e1 m\u00e1s de 4500 animales en exhibici\u00f3n.<\/p>\n<p>Con los mejores ejemplares en exhibici\u00f3n, maquinaria agr\u00edcola y la presencia de pol\u00edticos que recorrer\u00e1n sus pasillos, el pr\u00f3ximo jueves empezar\u00e1 en el predio Palermo de la Sociedad Rural Argentina (SRA) la edici\u00f3n 2013 de la Rural 2013.<\/p>\n<p>Hasta el 30, la muestra contar\u00e1 con distintas actividades, entre las cuales se destacan la proyecci\u00f3n de una pel\u00edcula en 3D cuyo tema principal es el trabajo en el campo.<\/p>\n<p>Adem\u00e1s, por primera vez, los chicos podr\u00e1n disfrutar de un espacio para que puedan acercarse a vacas, ovejas y terneros y jugar con ellos, darles de comer o simplemente sacarse una foto como recuerdo de su visita en la exposici\u00f3n.<\/p>\n<p>Los adultos tendr\u00e1n la posibilidad de disfrutar de las demostraciones de camionetas 4\u00d74 y los m\u00e1s chicos podr\u00e1n participar de la escuela de equitaci\u00f3n, adiestramiento de perros, nacimiento de pollitos. Adem\u00e1s, podr\u00e1n formar parte de la experiencia Inforazas, que son cabinas pensadas para brindar informaci\u00f3n sobre las razas de todos los animales de la exposici\u00f3n.<\/p>\n<p>Tambi\u00e9n sobresale como novedad &#8220;Experiencia Rural&#8221;, un proyecto de visitas guiadas educativas gratuitas destinadas a colegios y al p\u00fablico en general.<\/p>\n<p>El objetivo de este proyecto, denominado &#8220;el campo y la ciudad trabajando juntos para vos,&#8221; es compartir la vida de la familia de campo, sus actividades, la tecnolog\u00eda y su complementariedad con la vida urbana.<\/p>\n<p>Las visitas contar\u00e1n con 6 paradas seg\u00fan las distintas producciones agropecuarias: cultivos y maquinaria, ganader\u00eda, equinos, lecher\u00eda y la granja. Se realizar\u00e1n 4 visitas por d\u00eda y existir\u00e1 tambi\u00e9n la opci\u00f3n de realizarla mediante una autogu\u00eda.<\/p>\n<p><i>En exhibici\u00f3n y pol\u00edtica<\/i><br \/>Este a\u00f1o, la muestra contar\u00e1 con m\u00e1s de 4500 animales, m\u00e1s de 400 expositores, distintas charlas de capacitaci\u00f3n y stands de las provincias de Chaco, C\u00f3rdoba, Salta, San Juan, Santiago del Estero, Tucum\u00e1n y R\u00edo Negro. A su vez, podr\u00e1n disfrutar en paralelo del Sal\u00f3n de Regiones &amp; Agroalimentos, un punto de encuentro e intercambio comercial dedicado a la exhibici\u00f3n de los diferentes productos y especialidades regionales de todo el pa\u00eds.<\/p>\n<p>Por otra parte, por tercer a\u00f1o consecutivo se realizar\u00e1 el almuerzo anual &#8220;1000 corazones latiendo juntos&#8221;, organizado por la Fundaci\u00f3n Sociedad Rural (FSRA) y Solidagro, con remates de caballos, cuadros, piezas de arte, entre otros art\u00edculos para recaudar fondos para el colegio Agropecuario de Realic\u00f3 de la FSRA y para sostener las actividades de Solidagro.<\/p>\n<p>El lunes 22, a las 15, se realizar\u00e1 una jornada de propuestas para la Argentina que viene, en la que los principales referentes pol\u00edticos dar\u00e1n su visi\u00f3n sobre el futuro del pa\u00eds y del campo en particular.<\/p>\n<p>A todo esto, en conjunto con la ONG por la inclusi\u00f3n Cilsa y en el marco del programa La Rural Accesible, se dispondr\u00e1 de un stand donde se brindar\u00e1 informaci\u00f3n sobre la accesibilidad del predio y se realizar\u00e1n talleres de concientizaci\u00f3n sobre la discapacidad visual y auditiva.<\/p>\n<p>Adem\u00e1s, nuevamente estar\u00e1n disponibles para los visitantes sillas de ruedas y folletos confeccionados en sistema Braille con informaci\u00f3n \u00fatil, para que el p\u00fablico no vidente pueda realizar una recorrida por el predio.<\/p>\n<p><i>Para ir a la exposici\u00f3n<\/i><br \/>Horario<br \/>Entre el pr\u00f3ximo jueves y el 30, la exposici\u00f3n estar\u00e1 abierta entre las 9 y las 20.<\/p>\n<p>Entrada<br \/>De lunes a viernes, la entrada general costar\u00e1 30 pesos. S\u00e1bado a domingo, $ 35. Entrada jubilados mi\u00e9rcoles, jueves y viernes, $ 15. Lunes y martes, jubilados y pensionados sin cargo.<\/p>\n<p>Estudiantes<br \/>Tendr\u00e1n acceso libre presentando libreta universitaria actualizada.<\/p>\n<p>Solidaridad<br \/>Se realizar\u00e1 el almuerzo &#8220;1000 corazones latiendo juntos para recaudar fondos para el Colegio Agropecuario Realic\u00f3 de la Fundaci\u00f3n Sociedad Rural Argentina (FSRA) y para Solidagro.<\/p>\n<p>Pol\u00edtica<br \/>El lunes 22, a las 15, se har\u00e1 una jornada de propuestas para la Argentina que vinene en la que participar\u00e1n referentes pol\u00edticos que dar\u00e1n su visi\u00f3n sobre el futuro del pa\u00eds y el campo en particular.<\/p>\n<p>Fuente: La Naci\u00f3n, suple campo, 13 de julio.<br \/><\/p>","protected":false},"excerpt":{"rendered":"<p>Desde el pr\u00f3ximo jueves, la muestra apuntar\u00e1 a acercar el campo a la ciudad; habr\u00e1 m\u00e1s de 4500 animales en exhibici\u00f3n. Con los mejores ejemplares en exhibici\u00f3n, maquinaria agr\u00edcola y la presencia de pol\u00edticos que recorrer\u00e1n sus pasillos, el pr\u00f3ximo jueves empezar\u00e1 en el predio Palermo de la Sociedad Rural Argentina (SRA) la edici\u00f3n 2013 de la Rural 2013. Hasta el 30, la muestra contar\u00e1 con distintas actividades, entre las cuales se destacan la proyecci\u00f3n de una pel\u00edcula en 3D cuyo tema principal es el trabajo en el campo. Adem\u00e1s, por primera vez, los chicos podr\u00e1n disfrutar de un espacio para que puedan acercarse a vacas, ovejas y terneros y jugar con ellos, darles de comer o simplemente sacarse una foto como recuerdo de su visita en la exposici\u00f3n. Los adultos tendr\u00e1n la posibilidad de disfrutar de las demostraciones de camionetas 4\u00d74 y los m\u00e1s chicos podr\u00e1n participar de la escuela de equitaci\u00f3n, adiestramiento de perros, nacimiento de pollitos. Adem\u00e1s, podr\u00e1n formar parte de la experiencia Inforazas, que son cabinas pensadas para brindar informaci\u00f3n sobre las razas de todos los animales de la exposici\u00f3n. Tambi\u00e9n sobresale como novedad &#8220;Experiencia Rural&#8221;, un proyecto de visitas guiadas educativas gratuitas destinadas a colegios [&hellip;]<\/p>\n","protected":false},"author":2,"featured_media":2040,"comment_status":"closed","ping_status":"open","sticky":false,"template":"","format":"standard","meta":{"_acf_changed":false,"footnotes":""},"categories":[56],"tags":[],"class_list":["post-5546","post","type-post","status-publish","format-standard","has-post-thumbnail","hentry","category-infoganadero"],"acf":[],"yoast_head":"<!-- This site is optimized with the Yoast SEO plugin v27.5 - https:\/\/yoast.com\/product\/yoast-seo-wordpress\/ -->\n<title>Abre la Rural con actividades para todos y se aguarda una fuerte presencia pol\u00edtica. | Proagro<\/title>\n<meta name=\"robots\" content=\"index, follow, max-snippet:-1, max-image-preview:large, max-video-preview:-1\" \/>\n<link rel=\"canonical\" href=\"https:\/\/proagrolab.com.ar\/en\/abre-la-rural-con-actividades-para-todos-y-se-aguarda-una-fuerte-presencia-politica\/\" \/>\n<meta property=\"og:locale\" content=\"en_US\" \/>\n<meta property=\"og:type\" content=\"article\" \/>\n<meta property=\"og:title\" content=\"Abre la Rural con actividades para todos y se aguarda una fuerte presencia pol\u00edtica. | Proagro\" \/>\n<meta property=\"og:description\" content=\"Desde el pr\u00f3ximo jueves, la muestra apuntar\u00e1 a acercar el campo a la ciudad; habr\u00e1 m\u00e1s de 4500 animales en exhibici\u00f3n. Con los mejores ejemplares en exhibici\u00f3n, maquinaria agr\u00edcola y la presencia de pol\u00edticos que recorrer\u00e1n sus pasillos, el pr\u00f3ximo jueves empezar\u00e1 en el predio Palermo de la Sociedad Rural Argentina (SRA) la edici\u00f3n 2013 de la Rural 2013. Hasta el 30, la muestra contar\u00e1 con distintas actividades, entre las cuales se destacan la proyecci\u00f3n de una pel\u00edcula en 3D cuyo tema principal es el trabajo en el campo. Adem\u00e1s, por primera vez, los chicos podr\u00e1n disfrutar de un espacio para que puedan acercarse a vacas, ovejas y terneros y jugar con ellos, darles de comer o simplemente sacarse una foto como recuerdo de su visita en la exposici\u00f3n. Los adultos tendr\u00e1n la posibilidad de disfrutar de las demostraciones de camionetas 4\u00d74 y los m\u00e1s chicos podr\u00e1n participar de la escuela de equitaci\u00f3n, adiestramiento de perros, nacimiento de pollitos. Adem\u00e1s, podr\u00e1n formar parte de la experiencia Inforazas, que son cabinas pensadas para brindar informaci\u00f3n sobre las razas de todos los animales de la exposici\u00f3n. Tambi\u00e9n sobresale como novedad &#8220;Experiencia Rural&#8221;, un proyecto de visitas guiadas educativas gratuitas destinadas a colegios [&hellip;]\" \/>\n<meta property=\"og:url\" content=\"https:\/\/proagrolab.com.ar\/abre-la-rural-con-actividades-para-todos-y-se-aguarda-una-fuerte-presencia-politica\/\" \/>\n<meta property=\"og:site_name\" content=\"Proagro\" \/>\n<meta property=\"article:publisher\" content=\"http:\/\/www.facebook.com\/proagrolab\" \/>\n<meta property=\"article:published_time\" content=\"2013-07-15T00:00:01+00:00\" \/>\n<meta property=\"og:image\" content=\"https:\/\/proagrolab.com.ar\/wp-content\/uploads\/2015\/01\/g_dlg80adjk__Angus-en-la-Rural.jpg\" \/>\n\t<meta property=\"og:image:width\" content=\"450\" \/>\n\t<meta property=\"og:image:height\" content=\"208\" \/>\n\t<meta property=\"og:image:type\" content=\"image\/jpeg\" \/>\n<meta name=\"author\" content=\"proagrolab\" \/>\n<meta name=\"twitter:card\" content=\"summary_large_image\" \/>\n<meta name=\"twitter:label1\" content=\"Written by\" \/>\n\t<meta name=\"twitter:data1\" content=\"proagrolab\" \/>\n\t<meta name=\"twitter:label2\" content=\"Est. reading time\" \/>\n\t<meta name=\"twitter:data2\" content=\"4 minutes\" \/>\n<script type=\"application\/ld+json\" class=\"yoast-schema-graph\">{\"@context\":\"https:\\\/\\\/schema.org\",\"@graph\":[{\"@type\":\"Article\",\"@id\":\"https:\\\/\\\/proagrolab.com.ar\\\/abre-la-rural-con-actividades-para-todos-y-se-aguarda-una-fuerte-presencia-politica\\\/#article\",\"isPartOf\":{\"@id\":\"https:\\\/\\\/proagrolab.com.ar\\\/abre-la-rural-con-actividades-para-todos-y-se-aguarda-una-fuerte-presencia-politica\\\/\"},\"author\":{\"name\":\"proagrolab\",\"@id\":\"https:\\\/\\\/proagrolab.com.ar\\\/#\\\/schema\\\/person\\\/38003ff90bf80381f71c7d922d207444\"},\"headline\":\"Abre la Rural con actividades para todos y se aguarda una fuerte presencia pol\u00edtica.\",\"datePublished\":\"2013-07-15T00:00:01+00:00\",\"mainEntityOfPage\":{\"@id\":\"https:\\\/\\\/proagrolab.com.ar\\\/abre-la-rural-con-actividades-para-todos-y-se-aguarda-una-fuerte-presencia-politica\\\/\"},\"wordCount\":720,\"publisher\":{\"@id\":\"https:\\\/\\\/proagrolab.com.ar\\\/#organization\"},\"image\":{\"@id\":\"https:\\\/\\\/proagrolab.com.ar\\\/abre-la-rural-con-actividades-para-todos-y-se-aguarda-una-fuerte-presencia-politica\\\/#primaryimage\"},\"thumbnailUrl\":\"https:\\\/\\\/proagrolab.com.ar\\\/wp-content\\\/uploads\\\/2015\\\/01\\\/g_dlg80adjk__Angus-en-la-Rural.jpg\",\"articleSection\":[\"News\"],\"inLanguage\":\"en-US\"},{\"@type\":\"WebPage\",\"@id\":\"https:\\\/\\\/proagrolab.com.ar\\\/abre-la-rural-con-actividades-para-todos-y-se-aguarda-una-fuerte-presencia-politica\\\/\",\"url\":\"https:\\\/\\\/proagrolab.com.ar\\\/abre-la-rural-con-actividades-para-todos-y-se-aguarda-una-fuerte-presencia-politica\\\/\",\"name\":\"Abre la Rural con actividades para todos y se aguarda una fuerte presencia pol\u00edtica. | Proagro\",\"isPartOf\":{\"@id\":\"https:\\\/\\\/proagrolab.com.ar\\\/#website\"},\"primaryImageOfPage\":{\"@id\":\"https:\\\/\\\/proagrolab.com.ar\\\/abre-la-rural-con-actividades-para-todos-y-se-aguarda-una-fuerte-presencia-politica\\\/#primaryimage\"},\"image\":{\"@id\":\"https:\\\/\\\/proagrolab.com.ar\\\/abre-la-rural-con-actividades-para-todos-y-se-aguarda-una-fuerte-presencia-politica\\\/#primaryimage\"},\"thumbnailUrl\":\"https:\\\/\\\/proagrolab.com.ar\\\/wp-content\\\/uploads\\\/2015\\\/01\\\/g_dlg80adjk__Angus-en-la-Rural.jpg\",\"datePublished\":\"2013-07-15T00:00:01+00:00\",\"breadcrumb\":{\"@id\":\"https:\\\/\\\/proagrolab.com.ar\\\/abre-la-rural-con-actividades-para-todos-y-se-aguarda-una-fuerte-presencia-politica\\\/#breadcrumb\"},\"inLanguage\":\"en-US\",\"potentialAction\":[{\"@type\":\"ReadAction\",\"target\":[\"https:\\\/\\\/proagrolab.com.ar\\\/abre-la-rural-con-actividades-para-todos-y-se-aguarda-una-fuerte-presencia-politica\\\/\"]}]},{\"@type\":\"ImageObject\",\"inLanguage\":\"en-US\",\"@id\":\"https:\\\/\\\/proagrolab.com.ar\\\/abre-la-rural-con-actividades-para-todos-y-se-aguarda-una-fuerte-presencia-politica\\\/#primaryimage\",\"url\":\"https:\\\/\\\/proagrolab.com.ar\\\/wp-content\\\/uploads\\\/2015\\\/01\\\/g_dlg80adjk__Angus-en-la-Rural.jpg\",\"contentUrl\":\"https:\\\/\\\/proagrolab.com.ar\\\/wp-content\\\/uploads\\\/2015\\\/01\\\/g_dlg80adjk__Angus-en-la-Rural.jpg\",\"width\":450,\"height\":208},{\"@type\":\"BreadcrumbList\",\"@id\":\"https:\\\/\\\/proagrolab.com.ar\\\/abre-la-rural-con-actividades-para-todos-y-se-aguarda-una-fuerte-presencia-politica\\\/#breadcrumb\",\"itemListElement\":[{\"@type\":\"ListItem\",\"position\":1,\"name\":\"Portada\",\"item\":\"https:\\\/\\\/proagrolab.com.ar\\\/\"},{\"@type\":\"ListItem\",\"position\":2,\"name\":\"Abre la Rural con actividades para todos y se aguarda una fuerte presencia pol\u00edtica.\"}]},{\"@type\":\"WebSite\",\"@id\":\"https:\\\/\\\/proagrolab.com.ar\\\/#website\",\"url\":\"https:\\\/\\\/proagrolab.com.ar\\\/\",\"name\":\"Proagro Laboratorio Veterinario\",\"description\":\"Veterinary laboratory\",\"publisher\":{\"@id\":\"https:\\\/\\\/proagrolab.com.ar\\\/#organization\"},\"potentialAction\":[{\"@type\":\"SearchAction\",\"target\":{\"@type\":\"EntryPoint\",\"urlTemplate\":\"https:\\\/\\\/proagrolab.com.ar\\\/?s={search_term_string}\"},\"query-input\":{\"@type\":\"PropertyValueSpecification\",\"valueRequired\":true,\"valueName\":\"search_term_string\"}}],\"inLanguage\":\"en-US\"},{\"@type\":\"Organization\",\"@id\":\"https:\\\/\\\/proagrolab.com.ar\\\/#organization\",\"name\":\"Proagro\",\"url\":\"https:\\\/\\\/proagrolab.com.ar\\\/\",\"logo\":{\"@type\":\"ImageObject\",\"inLanguage\":\"en-US\",\"@id\":\"https:\\\/\\\/proagrolab.com.ar\\\/#\\\/schema\\\/logo\\\/image\\\/\",\"url\":\"https:\\\/\\\/proagrolab.com.ar\\\/wp-content\\\/uploads\\\/2020\\\/04\\\/logo-retina.png\",\"contentUrl\":\"https:\\\/\\\/proagrolab.com.ar\\\/wp-content\\\/uploads\\\/2020\\\/04\\\/logo-retina.png\",\"width\":478,\"height\":120,\"caption\":\"Proagro\"},\"image\":{\"@id\":\"https:\\\/\\\/proagrolab.com.ar\\\/#\\\/schema\\\/logo\\\/image\\\/\"},\"sameAs\":[\"http:\\\/\\\/www.facebook.com\\\/proagrolab\",\"https:\\\/\\\/www.instagram.com\\\/proagrolab\\\/\",\"https:\\\/\\\/www.linkedin.com\\\/company\\\/laboratorio-proagro-s-a\\\/\"]},{\"@type\":\"Person\",\"@id\":\"https:\\\/\\\/proagrolab.com.ar\\\/#\\\/schema\\\/person\\\/38003ff90bf80381f71c7d922d207444\",\"name\":\"proagrolab\"}]}<\/script>\n<!-- \/ Yoast SEO plugin. -->","yoast_head_json":{"title":"Abre la Rural con actividades para todos y se aguarda una fuerte presencia pol\u00edtica. | Proagro","robots":{"index":"index","follow":"follow","max-snippet":"max-snippet:-1","max-image-preview":"max-image-preview:large","max-video-preview":"max-video-preview:-1"},"canonical":"https:\/\/proagrolab.com.ar\/en\/abre-la-rural-con-actividades-para-todos-y-se-aguarda-una-fuerte-presencia-politica\/","og_locale":"en_US","og_type":"article","og_title":"Abre la Rural con actividades para todos y se aguarda una fuerte presencia pol\u00edtica. | Proagro","og_description":"Desde el pr\u00f3ximo jueves, la muestra apuntar\u00e1 a acercar el campo a la ciudad; habr\u00e1 m\u00e1s de 4500 animales en exhibici\u00f3n. Con los mejores ejemplares en exhibici\u00f3n, maquinaria agr\u00edcola y la presencia de pol\u00edticos que recorrer\u00e1n sus pasillos, el pr\u00f3ximo jueves empezar\u00e1 en el predio Palermo de la Sociedad Rural Argentina (SRA) la edici\u00f3n 2013 de la Rural 2013. Hasta el 30, la muestra contar\u00e1 con distintas actividades, entre las cuales se destacan la proyecci\u00f3n de una pel\u00edcula en 3D cuyo tema principal es el trabajo en el campo. Adem\u00e1s, por primera vez, los chicos podr\u00e1n disfrutar de un espacio para que puedan acercarse a vacas, ovejas y terneros y jugar con ellos, darles de comer o simplemente sacarse una foto como recuerdo de su visita en la exposici\u00f3n. Los adultos tendr\u00e1n la posibilidad de disfrutar de las demostraciones de camionetas 4\u00d74 y los m\u00e1s chicos podr\u00e1n participar de la escuela de equitaci\u00f3n, adiestramiento de perros, nacimiento de pollitos. Adem\u00e1s, podr\u00e1n formar parte de la experiencia Inforazas, que son cabinas pensadas para brindar informaci\u00f3n sobre las razas de todos los animales de la exposici\u00f3n. Tambi\u00e9n sobresale como novedad &#8220;Experiencia Rural&#8221;, un proyecto de visitas guiadas educativas gratuitas destinadas a colegios [&hellip;]","og_url":"https:\/\/proagrolab.com.ar\/abre-la-rural-con-actividades-para-todos-y-se-aguarda-una-fuerte-presencia-politica\/","og_site_name":"Proagro","article_publisher":"http:\/\/www.facebook.com\/proagrolab","article_published_time":"2013-07-15T00:00:01+00:00","og_image":[{"width":450,"height":208,"url":"https:\/\/proagrolab.com.ar\/wp-content\/uploads\/2015\/01\/g_dlg80adjk__Angus-en-la-Rural.jpg","type":"image\/jpeg"}],"author":"proagrolab","twitter_card":"summary_large_image","twitter_misc":{"Written by":"proagrolab","Est. reading time":"4 minutes"},"schema":{"@context":"https:\/\/schema.org","@graph":[{"@type":"Article","@id":"https:\/\/proagrolab.com.ar\/abre-la-rural-con-actividades-para-todos-y-se-aguarda-una-fuerte-presencia-politica\/#article","isPartOf":{"@id":"https:\/\/proagrolab.com.ar\/abre-la-rural-con-actividades-para-todos-y-se-aguarda-una-fuerte-presencia-politica\/"},"author":{"name":"proagrolab","@id":"https:\/\/proagrolab.com.ar\/#\/schema\/person\/38003ff90bf80381f71c7d922d207444"},"headline":"Abre la Rural con actividades para todos y se aguarda una fuerte presencia pol\u00edtica.","datePublished":"2013-07-15T00:00:01+00:00","mainEntityOfPage":{"@id":"https:\/\/proagrolab.com.ar\/abre-la-rural-con-actividades-para-todos-y-se-aguarda-una-fuerte-presencia-politica\/"},"wordCount":720,"publisher":{"@id":"https:\/\/proagrolab.com.ar\/#organization"},"image":{"@id":"https:\/\/proagrolab.com.ar\/abre-la-rural-con-actividades-para-todos-y-se-aguarda-una-fuerte-presencia-politica\/#primaryimage"},"thumbnailUrl":"https:\/\/proagrolab.com.ar\/wp-content\/uploads\/2015\/01\/g_dlg80adjk__Angus-en-la-Rural.jpg","articleSection":["News"],"inLanguage":"en-US"},{"@type":"WebPage","@id":"https:\/\/proagrolab.com.ar\/abre-la-rural-con-actividades-para-todos-y-se-aguarda-una-fuerte-presencia-politica\/","url":"https:\/\/proagrolab.com.ar\/abre-la-rural-con-actividades-para-todos-y-se-aguarda-una-fuerte-presencia-politica\/","name":"Abre la Rural con actividades para todos y se aguarda una fuerte presencia pol\u00edtica. | Proagro","isPartOf":{"@id":"https:\/\/proagrolab.com.ar\/#website"},"primaryImageOfPage":{"@id":"https:\/\/proagrolab.com.ar\/abre-la-rural-con-actividades-para-todos-y-se-aguarda-una-fuerte-presencia-politica\/#primaryimage"},"image":{"@id":"https:\/\/proagrolab.com.ar\/abre-la-rural-con-actividades-para-todos-y-se-aguarda-una-fuerte-presencia-politica\/#primaryimage"},"thumbnailUrl":"https:\/\/proagrolab.com.ar\/wp-content\/uploads\/2015\/01\/g_dlg80adjk__Angus-en-la-Rural.jpg","datePublished":"2013-07-15T00:00:01+00:00","breadcrumb":{"@id":"https:\/\/proagrolab.com.ar\/abre-la-rural-con-actividades-para-todos-y-se-aguarda-una-fuerte-presencia-politica\/#breadcrumb"},"inLanguage":"en-US","potentialAction":[{"@type":"ReadAction","target":["https:\/\/proagrolab.com.ar\/abre-la-rural-con-actividades-para-todos-y-se-aguarda-una-fuerte-presencia-politica\/"]}]},{"@type":"ImageObject","inLanguage":"en-US","@id":"https:\/\/proagrolab.com.ar\/abre-la-rural-con-actividades-para-todos-y-se-aguarda-una-fuerte-presencia-politica\/#primaryimage","url":"https:\/\/proagrolab.com.ar\/wp-content\/uploads\/2015\/01\/g_dlg80adjk__Angus-en-la-Rural.jpg","contentUrl":"https:\/\/proagrolab.com.ar\/wp-content\/uploads\/2015\/01\/g_dlg80adjk__Angus-en-la-Rural.jpg","width":450,"height":208},{"@type":"BreadcrumbList","@id":"https:\/\/proagrolab.com.ar\/abre-la-rural-con-actividades-para-todos-y-se-aguarda-una-fuerte-presencia-politica\/#breadcrumb","itemListElement":[{"@type":"ListItem","position":1,"name":"Portada","item":"https:\/\/proagrolab.com.ar\/"},{"@type":"ListItem","position":2,"name":"Abre la Rural con actividades para todos y se aguarda una fuerte presencia pol\u00edtica."}]},{"@type":"WebSite","@id":"https:\/\/proagrolab.com.ar\/#website","url":"https:\/\/proagrolab.com.ar\/","name":"Proagro Laboratorio Veterinario","description":"Veterinary laboratory","publisher":{"@id":"https:\/\/proagrolab.com.ar\/#organization"},"potentialAction":[{"@type":"SearchAction","target":{"@type":"EntryPoint","urlTemplate":"https:\/\/proagrolab.com.ar\/?s={search_term_string}"},"query-input":{"@type":"PropertyValueSpecification","valueRequired":true,"valueName":"search_term_string"}}],"inLanguage":"en-US"},{"@type":"Organization","@id":"https:\/\/proagrolab.com.ar\/#organization","name":"Proagro","url":"https:\/\/proagrolab.com.ar\/","logo":{"@type":"ImageObject","inLanguage":"en-US","@id":"https:\/\/proagrolab.com.ar\/#\/schema\/logo\/image\/","url":"https:\/\/proagrolab.com.ar\/wp-content\/uploads\/2020\/04\/logo-retina.png","contentUrl":"https:\/\/proagrolab.com.ar\/wp-content\/uploads\/2020\/04\/logo-retina.png","width":478,"height":120,"caption":"Proagro"},"image":{"@id":"https:\/\/proagrolab.com.ar\/#\/schema\/logo\/image\/"},"sameAs":["http:\/\/www.facebook.com\/proagrolab","https:\/\/www.instagram.com\/proagrolab\/","https:\/\/www.linkedin.com\/company\/laboratorio-proagro-s-a\/"]},{"@type":"Person","@id":"https:\/\/proagrolab.com.ar\/#\/schema\/person\/38003ff90bf80381f71c7d922d207444","name":"proagrolab"}]}},"_links":{"self":[{"href":"https:\/\/proagrolab.com.ar\/en\/wp-json\/wp\/v2\/posts\/5546","targetHints":{"allow":["GET"]}}],"collection":[{"href":"https:\/\/proagrolab.com.ar\/en\/wp-json\/wp\/v2\/posts"}],"about":[{"href":"https:\/\/proagrolab.com.ar\/en\/wp-json\/wp\/v2\/types\/post"}],"author":[{"embeddable":true,"href":"https:\/\/proagrolab.com.ar\/en\/wp-json\/wp\/v2\/users\/2"}],"replies":[{"embeddable":true,"href":"https:\/\/proagrolab.com.ar\/en\/wp-json\/wp\/v2\/comments?post=5546"}],"version-history":[{"count":0,"href":"https:\/\/proagrolab.com.ar\/en\/wp-json\/wp\/v2\/posts\/5546\/revisions"}],"wp:featuredmedia":[{"embeddable":true,"href":"https:\/\/proagrolab.com.ar\/en\/wp-json\/wp\/v2\/media\/2040"}],"wp:attachment":[{"href":"https:\/\/proagrolab.com.ar\/en\/wp-json\/wp\/v2\/media?parent=5546"}],"wp:term":[{"taxonomy":"category","embeddable":true,"href":"https:\/\/proagrolab.com.ar\/en\/wp-json\/wp\/v2\/categories?post=5546"},{"taxonomy":"post_tag","embeddable":true,"href":"https:\/\/proagrolab.com.ar\/en\/wp-json\/wp\/v2\/tags?post=5546"}],"curies":[{"name":"wp","href":"https:\/\/api.w.org\/{rel}","templated":true}]}}