{"id":5544,"date":"2013-07-15T00:00:01","date_gmt":"2013-07-15T00:00:01","guid":{"rendered":"https:\/\/proagrolab.com.ar\/el-toro-don-marcelino-el-primer-animal-en-ingresar-a-la-exposicion-de-la-rural\/"},"modified":"2013-07-15T00:00:01","modified_gmt":"2013-07-15T00:00:01","slug":"el-toro-don-marcelino-el-primer-animal-en-ingresar-a-la-exposicion-de-la-rural","status":"publish","type":"post","link":"https:\/\/proagrolab.com.ar\/en\/el-toro-don-marcelino-el-primer-animal-en-ingresar-a-la-exposicion-de-la-rural\/","title":{"rendered":"El toro &#8220;Don Marcelino&#8221;, el primer animal en ingresar a la exposici\u00f3n de La Rural."},"content":{"rendered":"<p class=\"qtranxs-available-languages-message qtranxs-available-languages-message-en\"> <\/p><p>Sin stands ni funcionarios del Gobierno, la tradicional muestra en el predio de Palermo se abrir\u00e1 al p\u00fablico el pr\u00f3ximo jueves.<\/p>\n<p>El toro &#8220;Don Marcelino&#8221; se convirti\u00f3 hoy en el primer animal que ingres\u00f3 a la 127 edici\u00f3n de la exposici\u00f3n agroganadera que se realiza anualmente en la Rural de Palermo y que no contar\u00e1 con presencia oficial. Al igual que otros a\u00f1os, no habr\u00e1 stands ni funcionarios del Gobierno en la muestra. Marcelino pesa 900 kilos y es de la caba\u00f1a &#8220;La encarnaci\u00f3n&#8221;, de la localidad bonaerense de Azul.<\/p>\n<p>Con los mejores ejemplares en exhibici\u00f3n, maquinaria agr\u00edcola y la presencia de pol\u00edticos que recorrer\u00e1n sus pasillos, el pr\u00f3ximo jueves se abrir\u00e1 al p\u00fablico la muestra de la Sociedad Rural Argentina (SRA). Hasta el 30, la exposici\u00f3n contar\u00e1 con distintas actividades, entre las cuales se destacan la proyecci\u00f3n de una pel\u00edcula en 3D cuyo tema principal es el trabajo en el campo.<\/p>\n<p>El presidente de la Sociedad Rural Argentina, Luis Etchevehere, estuvo presente en el acto formal de recepci\u00f3n del primer animal de la tradicional exposici\u00f3n en el picadero central y expres\u00f3 su malestar por la ausencia de Cristina Kirchner.<\/p>\n<p>&#8220;El Gobierno vive del campo, pero no deja vivir al campo&#8221;, advirti\u00f3 Etchevehere sobre los &#8220;serios problemas&#8221; en el sector del trigo, al tiempo que reclam\u00f3 la urgente liberaci\u00f3n del mercado de dicho cereal. Y agreg\u00f3: &#8220;Las medidas de intervenci\u00f3n del mercado han fracasado&#8221;.<\/p>\n<p>Este a\u00f1o, la muestra contar\u00e1 con m\u00e1s de 4500 animales, m\u00e1s de 400 expositores, distintas charlas de capacitaci\u00f3n y stands de las provincias de Chaco, C\u00f3rdoba, Salta, San Juan, Santiago del Estero, Tucum\u00e1n y R\u00edo Negro. A su vez, podr\u00e1n disfrutar en paralelo del Sal\u00f3n de Regiones &amp; Agroalimentos, un punto de encuentro e intercambio comercial dedicado a la exhibici\u00f3n de los diferentes productos y especialidades regionales de todo el pa\u00eds.<\/p>\n<p>Fuente: La Naci\u00f3n 15 de julio.<br \/><\/p>","protected":false},"excerpt":{"rendered":"<p>Sin stands ni funcionarios del Gobierno, la tradicional muestra en el predio de Palermo se abrir\u00e1 al p\u00fablico el pr\u00f3ximo jueves. El toro &#8220;Don Marcelino&#8221; se convirti\u00f3 hoy en el primer animal que ingres\u00f3 a la 127 edici\u00f3n de la exposici\u00f3n agroganadera que se realiza anualmente en la Rural de Palermo y que no contar\u00e1 con presencia oficial. Al igual que otros a\u00f1os, no habr\u00e1 stands ni funcionarios del Gobierno en la muestra. Marcelino pesa 900 kilos y es de la caba\u00f1a &#8220;La encarnaci\u00f3n&#8221;, de la localidad bonaerense de Azul. Con los mejores ejemplares en exhibici\u00f3n, maquinaria agr\u00edcola y la presencia de pol\u00edticos que recorrer\u00e1n sus pasillos, el pr\u00f3ximo jueves se abrir\u00e1 al p\u00fablico la muestra de la Sociedad Rural Argentina (SRA). Hasta el 30, la exposici\u00f3n contar\u00e1 con distintas actividades, entre las cuales se destacan la proyecci\u00f3n de una pel\u00edcula en 3D cuyo tema principal es el trabajo en el campo. El presidente de la Sociedad Rural Argentina, Luis Etchevehere, estuvo presente en el acto formal de recepci\u00f3n del primer animal de la tradicional exposici\u00f3n en el picadero central y expres\u00f3 su malestar por la ausencia de Cristina Kirchner. &#8220;El Gobierno vive del campo, pero no deja vivir al [&hellip;]<\/p>\n","protected":false},"author":2,"featured_media":2038,"comment_status":"closed","ping_status":"open","sticky":false,"template":"","format":"standard","meta":{"_acf_changed":false,"footnotes":""},"categories":[56],"tags":[],"class_list":["post-5544","post","type-post","status-publish","format-standard","has-post-thumbnail","hentry","category-infoganadero"],"acf":[],"yoast_head":"<!-- This site is optimized with the Yoast SEO plugin v27.5 - https:\/\/yoast.com\/product\/yoast-seo-wordpress\/ -->\n<title>El toro &quot;Don Marcelino&quot;, el primer animal en ingresar a la exposici\u00f3n de La Rural. | Proagro<\/title>\n<meta name=\"robots\" content=\"index, follow, max-snippet:-1, max-image-preview:large, max-video-preview:-1\" \/>\n<link rel=\"canonical\" href=\"https:\/\/proagrolab.com.ar\/en\/el-toro-don-marcelino-el-primer-animal-en-ingresar-a-la-exposicion-de-la-rural\/\" \/>\n<meta property=\"og:locale\" content=\"en_US\" \/>\n<meta property=\"og:type\" content=\"article\" \/>\n<meta property=\"og:title\" content=\"El toro &quot;Don Marcelino&quot;, el primer animal en ingresar a la exposici\u00f3n de La Rural. | Proagro\" \/>\n<meta property=\"og:description\" content=\"Sin stands ni funcionarios del Gobierno, la tradicional muestra en el predio de Palermo se abrir\u00e1 al p\u00fablico el pr\u00f3ximo jueves. El toro &#8220;Don Marcelino&#8221; se convirti\u00f3 hoy en el primer animal que ingres\u00f3 a la 127 edici\u00f3n de la exposici\u00f3n agroganadera que se realiza anualmente en la Rural de Palermo y que no contar\u00e1 con presencia oficial. Al igual que otros a\u00f1os, no habr\u00e1 stands ni funcionarios del Gobierno en la muestra. Marcelino pesa 900 kilos y es de la caba\u00f1a &#8220;La encarnaci\u00f3n&#8221;, de la localidad bonaerense de Azul. Con los mejores ejemplares en exhibici\u00f3n, maquinaria agr\u00edcola y la presencia de pol\u00edticos que recorrer\u00e1n sus pasillos, el pr\u00f3ximo jueves se abrir\u00e1 al p\u00fablico la muestra de la Sociedad Rural Argentina (SRA). Hasta el 30, la exposici\u00f3n contar\u00e1 con distintas actividades, entre las cuales se destacan la proyecci\u00f3n de una pel\u00edcula en 3D cuyo tema principal es el trabajo en el campo. El presidente de la Sociedad Rural Argentina, Luis Etchevehere, estuvo presente en el acto formal de recepci\u00f3n del primer animal de la tradicional exposici\u00f3n en el picadero central y expres\u00f3 su malestar por la ausencia de Cristina Kirchner. &#8220;El Gobierno vive del campo, pero no deja vivir al [&hellip;]\" \/>\n<meta property=\"og:url\" content=\"https:\/\/proagrolab.com.ar\/el-toro-don-marcelino-el-primer-animal-en-ingresar-a-la-exposicion-de-la-rural\/\" \/>\n<meta property=\"og:site_name\" content=\"Proagro\" \/>\n<meta property=\"article:publisher\" content=\"http:\/\/www.facebook.com\/proagrolab\" \/>\n<meta property=\"article:published_time\" content=\"2013-07-15T00:00:01+00:00\" \/>\n<meta property=\"og:image\" content=\"https:\/\/proagrolab.com.ar\/wp-content\/uploads\/2015\/01\/g_uvqe9wn4r__Primer-animal-Palermo-2013.jpg\" \/>\n\t<meta property=\"og:image:width\" content=\"450\" \/>\n\t<meta property=\"og:image:height\" content=\"208\" \/>\n\t<meta property=\"og:image:type\" content=\"image\/jpeg\" \/>\n<meta name=\"author\" content=\"proagrolab\" \/>\n<meta name=\"twitter:card\" content=\"summary_large_image\" \/>\n<meta name=\"twitter:label1\" content=\"Written by\" \/>\n\t<meta name=\"twitter:data1\" content=\"proagrolab\" \/>\n\t<meta name=\"twitter:label2\" content=\"Est. reading time\" \/>\n\t<meta name=\"twitter:data2\" content=\"2 minutes\" \/>\n<script type=\"application\/ld+json\" class=\"yoast-schema-graph\">{\"@context\":\"https:\\\/\\\/schema.org\",\"@graph\":[{\"@type\":\"Article\",\"@id\":\"https:\\\/\\\/proagrolab.com.ar\\\/el-toro-don-marcelino-el-primer-animal-en-ingresar-a-la-exposicion-de-la-rural\\\/#article\",\"isPartOf\":{\"@id\":\"https:\\\/\\\/proagrolab.com.ar\\\/el-toro-don-marcelino-el-primer-animal-en-ingresar-a-la-exposicion-de-la-rural\\\/\"},\"author\":{\"name\":\"proagrolab\",\"@id\":\"https:\\\/\\\/proagrolab.com.ar\\\/#\\\/schema\\\/person\\\/38003ff90bf80381f71c7d922d207444\"},\"headline\":\"El toro &#8220;Don Marcelino&#8221;, el primer animal en ingresar a la exposici\u00f3n de La Rural.\",\"datePublished\":\"2013-07-15T00:00:01+00:00\",\"mainEntityOfPage\":{\"@id\":\"https:\\\/\\\/proagrolab.com.ar\\\/el-toro-don-marcelino-el-primer-animal-en-ingresar-a-la-exposicion-de-la-rural\\\/\"},\"wordCount\":353,\"publisher\":{\"@id\":\"https:\\\/\\\/proagrolab.com.ar\\\/#organization\"},\"image\":{\"@id\":\"https:\\\/\\\/proagrolab.com.ar\\\/el-toro-don-marcelino-el-primer-animal-en-ingresar-a-la-exposicion-de-la-rural\\\/#primaryimage\"},\"thumbnailUrl\":\"https:\\\/\\\/proagrolab.com.ar\\\/wp-content\\\/uploads\\\/2015\\\/01\\\/g_uvqe9wn4r__Primer-animal-Palermo-2013.jpg\",\"articleSection\":[\"News\"],\"inLanguage\":\"en-US\"},{\"@type\":\"WebPage\",\"@id\":\"https:\\\/\\\/proagrolab.com.ar\\\/el-toro-don-marcelino-el-primer-animal-en-ingresar-a-la-exposicion-de-la-rural\\\/\",\"url\":\"https:\\\/\\\/proagrolab.com.ar\\\/el-toro-don-marcelino-el-primer-animal-en-ingresar-a-la-exposicion-de-la-rural\\\/\",\"name\":\"El toro \\\"Don Marcelino\\\", el primer animal en ingresar a la exposici\u00f3n de La Rural. | Proagro\",\"isPartOf\":{\"@id\":\"https:\\\/\\\/proagrolab.com.ar\\\/#website\"},\"primaryImageOfPage\":{\"@id\":\"https:\\\/\\\/proagrolab.com.ar\\\/el-toro-don-marcelino-el-primer-animal-en-ingresar-a-la-exposicion-de-la-rural\\\/#primaryimage\"},\"image\":{\"@id\":\"https:\\\/\\\/proagrolab.com.ar\\\/el-toro-don-marcelino-el-primer-animal-en-ingresar-a-la-exposicion-de-la-rural\\\/#primaryimage\"},\"thumbnailUrl\":\"https:\\\/\\\/proagrolab.com.ar\\\/wp-content\\\/uploads\\\/2015\\\/01\\\/g_uvqe9wn4r__Primer-animal-Palermo-2013.jpg\",\"datePublished\":\"2013-07-15T00:00:01+00:00\",\"breadcrumb\":{\"@id\":\"https:\\\/\\\/proagrolab.com.ar\\\/el-toro-don-marcelino-el-primer-animal-en-ingresar-a-la-exposicion-de-la-rural\\\/#breadcrumb\"},\"inLanguage\":\"en-US\",\"potentialAction\":[{\"@type\":\"ReadAction\",\"target\":[\"https:\\\/\\\/proagrolab.com.ar\\\/el-toro-don-marcelino-el-primer-animal-en-ingresar-a-la-exposicion-de-la-rural\\\/\"]}]},{\"@type\":\"ImageObject\",\"inLanguage\":\"en-US\",\"@id\":\"https:\\\/\\\/proagrolab.com.ar\\\/el-toro-don-marcelino-el-primer-animal-en-ingresar-a-la-exposicion-de-la-rural\\\/#primaryimage\",\"url\":\"https:\\\/\\\/proagrolab.com.ar\\\/wp-content\\\/uploads\\\/2015\\\/01\\\/g_uvqe9wn4r__Primer-animal-Palermo-2013.jpg\",\"contentUrl\":\"https:\\\/\\\/proagrolab.com.ar\\\/wp-content\\\/uploads\\\/2015\\\/01\\\/g_uvqe9wn4r__Primer-animal-Palermo-2013.jpg\",\"width\":450,\"height\":208},{\"@type\":\"BreadcrumbList\",\"@id\":\"https:\\\/\\\/proagrolab.com.ar\\\/el-toro-don-marcelino-el-primer-animal-en-ingresar-a-la-exposicion-de-la-rural\\\/#breadcrumb\",\"itemListElement\":[{\"@type\":\"ListItem\",\"position\":1,\"name\":\"Portada\",\"item\":\"https:\\\/\\\/proagrolab.com.ar\\\/\"},{\"@type\":\"ListItem\",\"position\":2,\"name\":\"El toro \u00abDon Marcelino\u00bb, el primer animal en ingresar a la exposici\u00f3n de La Rural.\"}]},{\"@type\":\"WebSite\",\"@id\":\"https:\\\/\\\/proagrolab.com.ar\\\/#website\",\"url\":\"https:\\\/\\\/proagrolab.com.ar\\\/\",\"name\":\"Proagro Laboratorio Veterinario\",\"description\":\"Veterinary laboratory\",\"publisher\":{\"@id\":\"https:\\\/\\\/proagrolab.com.ar\\\/#organization\"},\"potentialAction\":[{\"@type\":\"SearchAction\",\"target\":{\"@type\":\"EntryPoint\",\"urlTemplate\":\"https:\\\/\\\/proagrolab.com.ar\\\/?s={search_term_string}\"},\"query-input\":{\"@type\":\"PropertyValueSpecification\",\"valueRequired\":true,\"valueName\":\"search_term_string\"}}],\"inLanguage\":\"en-US\"},{\"@type\":\"Organization\",\"@id\":\"https:\\\/\\\/proagrolab.com.ar\\\/#organization\",\"name\":\"Proagro\",\"url\":\"https:\\\/\\\/proagrolab.com.ar\\\/\",\"logo\":{\"@type\":\"ImageObject\",\"inLanguage\":\"en-US\",\"@id\":\"https:\\\/\\\/proagrolab.com.ar\\\/#\\\/schema\\\/logo\\\/image\\\/\",\"url\":\"https:\\\/\\\/proagrolab.com.ar\\\/wp-content\\\/uploads\\\/2020\\\/04\\\/logo-retina.png\",\"contentUrl\":\"https:\\\/\\\/proagrolab.com.ar\\\/wp-content\\\/uploads\\\/2020\\\/04\\\/logo-retina.png\",\"width\":478,\"height\":120,\"caption\":\"Proagro\"},\"image\":{\"@id\":\"https:\\\/\\\/proagrolab.com.ar\\\/#\\\/schema\\\/logo\\\/image\\\/\"},\"sameAs\":[\"http:\\\/\\\/www.facebook.com\\\/proagrolab\",\"https:\\\/\\\/www.instagram.com\\\/proagrolab\\\/\",\"https:\\\/\\\/www.linkedin.com\\\/company\\\/laboratorio-proagro-s-a\\\/\"]},{\"@type\":\"Person\",\"@id\":\"https:\\\/\\\/proagrolab.com.ar\\\/#\\\/schema\\\/person\\\/38003ff90bf80381f71c7d922d207444\",\"name\":\"proagrolab\"}]}<\/script>\n<!-- \/ Yoast SEO plugin. -->","yoast_head_json":{"title":"El toro \"Don Marcelino\", el primer animal en ingresar a la exposici\u00f3n de La Rural. | Proagro","robots":{"index":"index","follow":"follow","max-snippet":"max-snippet:-1","max-image-preview":"max-image-preview:large","max-video-preview":"max-video-preview:-1"},"canonical":"https:\/\/proagrolab.com.ar\/en\/el-toro-don-marcelino-el-primer-animal-en-ingresar-a-la-exposicion-de-la-rural\/","og_locale":"en_US","og_type":"article","og_title":"El toro \"Don Marcelino\", el primer animal en ingresar a la exposici\u00f3n de La Rural. | Proagro","og_description":"Sin stands ni funcionarios del Gobierno, la tradicional muestra en el predio de Palermo se abrir\u00e1 al p\u00fablico el pr\u00f3ximo jueves. El toro &#8220;Don Marcelino&#8221; se convirti\u00f3 hoy en el primer animal que ingres\u00f3 a la 127 edici\u00f3n de la exposici\u00f3n agroganadera que se realiza anualmente en la Rural de Palermo y que no contar\u00e1 con presencia oficial. Al igual que otros a\u00f1os, no habr\u00e1 stands ni funcionarios del Gobierno en la muestra. Marcelino pesa 900 kilos y es de la caba\u00f1a &#8220;La encarnaci\u00f3n&#8221;, de la localidad bonaerense de Azul. Con los mejores ejemplares en exhibici\u00f3n, maquinaria agr\u00edcola y la presencia de pol\u00edticos que recorrer\u00e1n sus pasillos, el pr\u00f3ximo jueves se abrir\u00e1 al p\u00fablico la muestra de la Sociedad Rural Argentina (SRA). Hasta el 30, la exposici\u00f3n contar\u00e1 con distintas actividades, entre las cuales se destacan la proyecci\u00f3n de una pel\u00edcula en 3D cuyo tema principal es el trabajo en el campo. El presidente de la Sociedad Rural Argentina, Luis Etchevehere, estuvo presente en el acto formal de recepci\u00f3n del primer animal de la tradicional exposici\u00f3n en el picadero central y expres\u00f3 su malestar por la ausencia de Cristina Kirchner. &#8220;El Gobierno vive del campo, pero no deja vivir al [&hellip;]","og_url":"https:\/\/proagrolab.com.ar\/el-toro-don-marcelino-el-primer-animal-en-ingresar-a-la-exposicion-de-la-rural\/","og_site_name":"Proagro","article_publisher":"http:\/\/www.facebook.com\/proagrolab","article_published_time":"2013-07-15T00:00:01+00:00","og_image":[{"width":450,"height":208,"url":"https:\/\/proagrolab.com.ar\/wp-content\/uploads\/2015\/01\/g_uvqe9wn4r__Primer-animal-Palermo-2013.jpg","type":"image\/jpeg"}],"author":"proagrolab","twitter_card":"summary_large_image","twitter_misc":{"Written by":"proagrolab","Est. reading time":"2 minutes"},"schema":{"@context":"https:\/\/schema.org","@graph":[{"@type":"Article","@id":"https:\/\/proagrolab.com.ar\/el-toro-don-marcelino-el-primer-animal-en-ingresar-a-la-exposicion-de-la-rural\/#article","isPartOf":{"@id":"https:\/\/proagrolab.com.ar\/el-toro-don-marcelino-el-primer-animal-en-ingresar-a-la-exposicion-de-la-rural\/"},"author":{"name":"proagrolab","@id":"https:\/\/proagrolab.com.ar\/#\/schema\/person\/38003ff90bf80381f71c7d922d207444"},"headline":"El toro &#8220;Don Marcelino&#8221;, el primer animal en ingresar a la exposici\u00f3n de La Rural.","datePublished":"2013-07-15T00:00:01+00:00","mainEntityOfPage":{"@id":"https:\/\/proagrolab.com.ar\/el-toro-don-marcelino-el-primer-animal-en-ingresar-a-la-exposicion-de-la-rural\/"},"wordCount":353,"publisher":{"@id":"https:\/\/proagrolab.com.ar\/#organization"},"image":{"@id":"https:\/\/proagrolab.com.ar\/el-toro-don-marcelino-el-primer-animal-en-ingresar-a-la-exposicion-de-la-rural\/#primaryimage"},"thumbnailUrl":"https:\/\/proagrolab.com.ar\/wp-content\/uploads\/2015\/01\/g_uvqe9wn4r__Primer-animal-Palermo-2013.jpg","articleSection":["News"],"inLanguage":"en-US"},{"@type":"WebPage","@id":"https:\/\/proagrolab.com.ar\/el-toro-don-marcelino-el-primer-animal-en-ingresar-a-la-exposicion-de-la-rural\/","url":"https:\/\/proagrolab.com.ar\/el-toro-don-marcelino-el-primer-animal-en-ingresar-a-la-exposicion-de-la-rural\/","name":"El toro \"Don Marcelino\", el primer animal en ingresar a la exposici\u00f3n de La Rural. | Proagro","isPartOf":{"@id":"https:\/\/proagrolab.com.ar\/#website"},"primaryImageOfPage":{"@id":"https:\/\/proagrolab.com.ar\/el-toro-don-marcelino-el-primer-animal-en-ingresar-a-la-exposicion-de-la-rural\/#primaryimage"},"image":{"@id":"https:\/\/proagrolab.com.ar\/el-toro-don-marcelino-el-primer-animal-en-ingresar-a-la-exposicion-de-la-rural\/#primaryimage"},"thumbnailUrl":"https:\/\/proagrolab.com.ar\/wp-content\/uploads\/2015\/01\/g_uvqe9wn4r__Primer-animal-Palermo-2013.jpg","datePublished":"2013-07-15T00:00:01+00:00","breadcrumb":{"@id":"https:\/\/proagrolab.com.ar\/el-toro-don-marcelino-el-primer-animal-en-ingresar-a-la-exposicion-de-la-rural\/#breadcrumb"},"inLanguage":"en-US","potentialAction":[{"@type":"ReadAction","target":["https:\/\/proagrolab.com.ar\/el-toro-don-marcelino-el-primer-animal-en-ingresar-a-la-exposicion-de-la-rural\/"]}]},{"@type":"ImageObject","inLanguage":"en-US","@id":"https:\/\/proagrolab.com.ar\/el-toro-don-marcelino-el-primer-animal-en-ingresar-a-la-exposicion-de-la-rural\/#primaryimage","url":"https:\/\/proagrolab.com.ar\/wp-content\/uploads\/2015\/01\/g_uvqe9wn4r__Primer-animal-Palermo-2013.jpg","contentUrl":"https:\/\/proagrolab.com.ar\/wp-content\/uploads\/2015\/01\/g_uvqe9wn4r__Primer-animal-Palermo-2013.jpg","width":450,"height":208},{"@type":"BreadcrumbList","@id":"https:\/\/proagrolab.com.ar\/el-toro-don-marcelino-el-primer-animal-en-ingresar-a-la-exposicion-de-la-rural\/#breadcrumb","itemListElement":[{"@type":"ListItem","position":1,"name":"Portada","item":"https:\/\/proagrolab.com.ar\/"},{"@type":"ListItem","position":2,"name":"El toro \u00abDon Marcelino\u00bb, el primer animal en ingresar a la exposici\u00f3n de La Rural."}]},{"@type":"WebSite","@id":"https:\/\/proagrolab.com.ar\/#website","url":"https:\/\/proagrolab.com.ar\/","name":"Proagro Laboratorio Veterinario","description":"Veterinary laboratory","publisher":{"@id":"https:\/\/proagrolab.com.ar\/#organization"},"potentialAction":[{"@type":"SearchAction","target":{"@type":"EntryPoint","urlTemplate":"https:\/\/proagrolab.com.ar\/?s={search_term_string}"},"query-input":{"@type":"PropertyValueSpecification","valueRequired":true,"valueName":"search_term_string"}}],"inLanguage":"en-US"},{"@type":"Organization","@id":"https:\/\/proagrolab.com.ar\/#organization","name":"Proagro","url":"https:\/\/proagrolab.com.ar\/","logo":{"@type":"ImageObject","inLanguage":"en-US","@id":"https:\/\/proagrolab.com.ar\/#\/schema\/logo\/image\/","url":"https:\/\/proagrolab.com.ar\/wp-content\/uploads\/2020\/04\/logo-retina.png","contentUrl":"https:\/\/proagrolab.com.ar\/wp-content\/uploads\/2020\/04\/logo-retina.png","width":478,"height":120,"caption":"Proagro"},"image":{"@id":"https:\/\/proagrolab.com.ar\/#\/schema\/logo\/image\/"},"sameAs":["http:\/\/www.facebook.com\/proagrolab","https:\/\/www.instagram.com\/proagrolab\/","https:\/\/www.linkedin.com\/company\/laboratorio-proagro-s-a\/"]},{"@type":"Person","@id":"https:\/\/proagrolab.com.ar\/#\/schema\/person\/38003ff90bf80381f71c7d922d207444","name":"proagrolab"}]}},"_links":{"self":[{"href":"https:\/\/proagrolab.com.ar\/en\/wp-json\/wp\/v2\/posts\/5544","targetHints":{"allow":["GET"]}}],"collection":[{"href":"https:\/\/proagrolab.com.ar\/en\/wp-json\/wp\/v2\/posts"}],"about":[{"href":"https:\/\/proagrolab.com.ar\/en\/wp-json\/wp\/v2\/types\/post"}],"author":[{"embeddable":true,"href":"https:\/\/proagrolab.com.ar\/en\/wp-json\/wp\/v2\/users\/2"}],"replies":[{"embeddable":true,"href":"https:\/\/proagrolab.com.ar\/en\/wp-json\/wp\/v2\/comments?post=5544"}],"version-history":[{"count":0,"href":"https:\/\/proagrolab.com.ar\/en\/wp-json\/wp\/v2\/posts\/5544\/revisions"}],"wp:featuredmedia":[{"embeddable":true,"href":"https:\/\/proagrolab.com.ar\/en\/wp-json\/wp\/v2\/media\/2038"}],"wp:attachment":[{"href":"https:\/\/proagrolab.com.ar\/en\/wp-json\/wp\/v2\/media?parent=5544"}],"wp:term":[{"taxonomy":"category","embeddable":true,"href":"https:\/\/proagrolab.com.ar\/en\/wp-json\/wp\/v2\/categories?post=5544"},{"taxonomy":"post_tag","embeddable":true,"href":"https:\/\/proagrolab.com.ar\/en\/wp-json\/wp\/v2\/tags?post=5544"}],"curies":[{"name":"wp","href":"https:\/\/api.w.org\/{rel}","templated":true}]}}