{"id":5538,"date":"2013-07-12T00:00:01","date_gmt":"2013-07-12T00:00:01","guid":{"rendered":"https:\/\/proagrolab.com.ar\/cuanto-cuesta-evacuar-las-vacas-de-las-islas\/"},"modified":"2013-07-12T00:00:01","modified_gmt":"2013-07-12T00:00:01","slug":"cuanto-cuesta-evacuar-las-vacas-de-las-islas","status":"publish","type":"post","link":"https:\/\/proagrolab.com.ar\/en\/cuanto-cuesta-evacuar-las-vacas-de-las-islas\/","title":{"rendered":"\u00bfCu\u00e1nto cuesta evacuar las vacas de las islas?."},"content":{"rendered":"<p class=\"qtranxs-available-languages-message qtranxs-available-languages-message-en\"> <\/p><p>La crecida del Paran\u00e1 oblig\u00f3 por estas horas a los productores ganaderos a implementar un operativo salvataje de la hacienda, que se estima en unas 700 mil cabezas, desde Reconquista hasta la zona de Rosario. Y trasladar las cabezas a tierra firme tiene un costo que, sumado a la presi\u00f3n impositiva de ciertos municipios, complica la ecuaci\u00f3n del ganadero.<\/p>\n<p>&#8220;Lamentablemente, no tenemos las soluciones que deber\u00edamos tener en estos casos&#8221;, dijo Edelmiro Oertlin, de la Federaci\u00f3n Entrerriana de Cooperativas. &#8220;Los costos de traslado son diversos, b\u00e1sicamente porque tenemos barcos chicos y grandes donde se cargan cierta cantidad de hacienda&#8221;, explic\u00f3. Lo cierto es que no hay quien regule la tarifa del barco. &#8220;Queda a criterio del barquero y el arreglo con el due\u00f1o del barco\u0094, se lament\u00f3 Oertlin.<\/p>\n<p>\u0093Un productor tiene los precios de la hacienda de hace 3 a\u00f1os, no tenemos la soluci\u00f3n de parte de los gobernantes, quienes siempre tienen algo para escabullirse\u0094, se\u00f1al\u00f3 el dirigente que tambi\u00e9n integra CONINAGRO, y prosigui\u00f3: \u0093Tenemos otros costos pesados, como los impuestos municipales. En Victoria a un productor que tenga pocos animales le sale car\u00edsimo sacar los animales de la isla porque son costos fijos impuestos por el gobierno municipal donde no se mire la cantidad de dinero o la situaci\u00f3n del productor, sino se mira la recaudaci\u00f3n\u0094.<\/p>\n<p>En dicha localidad entrerriana, afirm\u00f3, se cobra una tasa de alrededor de 10 pesos por animal en pie. Un ternerito de cuatro d\u00edas o uno de 500 kilos es lo mismo\u0094, lo cual, sumado a \u0093los costos de flete de barco y de cami\u00f3n se eleva much\u00edsimo\u0094 la erogaci\u00f3n que debe hacer el productor.<\/p>\n<p>\u0093No tienen miramientos por las circunstancias que estamos viviendo, no hay raz\u00f3n de ser que nos est\u00e9n cobrando este dinero\u0094, se quej\u00f3 en dialogo con Ondas de Campo.<\/p>\n<p>Fuente: On 24 agro, 12 de julio.<br \/><\/p>","protected":false},"excerpt":{"rendered":"<p>La crecida del Paran\u00e1 oblig\u00f3 por estas horas a los productores ganaderos a implementar un operativo salvataje de la hacienda, que se estima en unas 700 mil cabezas, desde Reconquista hasta la zona de Rosario. Y trasladar las cabezas a tierra firme tiene un costo que, sumado a la presi\u00f3n impositiva de ciertos municipios, complica la ecuaci\u00f3n del ganadero. &#8220;Lamentablemente, no tenemos las soluciones que deber\u00edamos tener en estos casos&#8221;, dijo Edelmiro Oertlin, de la Federaci\u00f3n Entrerriana de Cooperativas. &#8220;Los costos de traslado son diversos, b\u00e1sicamente porque tenemos barcos chicos y grandes donde se cargan cierta cantidad de hacienda&#8221;, explic\u00f3. Lo cierto es que no hay quien regule la tarifa del barco. &#8220;Queda a criterio del barquero y el arreglo con el due\u00f1o del barco\u0094, se lament\u00f3 Oertlin. \u0093Un productor tiene los precios de la hacienda de hace 3 a\u00f1os, no tenemos la soluci\u00f3n de parte de los gobernantes, quienes siempre tienen algo para escabullirse\u0094, se\u00f1al\u00f3 el dirigente que tambi\u00e9n integra CONINAGRO, y prosigui\u00f3: \u0093Tenemos otros costos pesados, como los impuestos municipales. En Victoria a un productor que tenga pocos animales le sale car\u00edsimo sacar los animales de la isla porque son costos fijos impuestos por el gobierno municipal donde [&hellip;]<\/p>\n","protected":false},"author":2,"featured_media":2032,"comment_status":"closed","ping_status":"open","sticky":false,"template":"","format":"standard","meta":{"_acf_changed":false,"footnotes":""},"categories":[56],"tags":[],"class_list":["post-5538","post","type-post","status-publish","format-standard","has-post-thumbnail","hentry","category-infoganadero"],"acf":[],"yoast_head":"<!-- This site is optimized with the Yoast SEO plugin v27.5 - https:\/\/yoast.com\/product\/yoast-seo-wordpress\/ -->\n<title>\u00bfCu\u00e1nto cuesta evacuar las vacas de las islas?. | Proagro<\/title>\n<meta name=\"robots\" content=\"index, follow, max-snippet:-1, max-image-preview:large, max-video-preview:-1\" \/>\n<link rel=\"canonical\" href=\"https:\/\/proagrolab.com.ar\/en\/cuanto-cuesta-evacuar-las-vacas-de-las-islas\/\" \/>\n<meta property=\"og:locale\" content=\"en_US\" \/>\n<meta property=\"og:type\" content=\"article\" \/>\n<meta property=\"og:title\" content=\"\u00bfCu\u00e1nto cuesta evacuar las vacas de las islas?. | Proagro\" \/>\n<meta property=\"og:description\" content=\"La crecida del Paran\u00e1 oblig\u00f3 por estas horas a los productores ganaderos a implementar un operativo salvataje de la hacienda, que se estima en unas 700 mil cabezas, desde Reconquista hasta la zona de Rosario. Y trasladar las cabezas a tierra firme tiene un costo que, sumado a la presi\u00f3n impositiva de ciertos municipios, complica la ecuaci\u00f3n del ganadero. &#8220;Lamentablemente, no tenemos las soluciones que deber\u00edamos tener en estos casos&#8221;, dijo Edelmiro Oertlin, de la Federaci\u00f3n Entrerriana de Cooperativas. &#8220;Los costos de traslado son diversos, b\u00e1sicamente porque tenemos barcos chicos y grandes donde se cargan cierta cantidad de hacienda&#8221;, explic\u00f3. Lo cierto es que no hay quien regule la tarifa del barco. &#8220;Queda a criterio del barquero y el arreglo con el due\u00f1o del barco\u0094, se lament\u00f3 Oertlin. \u0093Un productor tiene los precios de la hacienda de hace 3 a\u00f1os, no tenemos la soluci\u00f3n de parte de los gobernantes, quienes siempre tienen algo para escabullirse\u0094, se\u00f1al\u00f3 el dirigente que tambi\u00e9n integra CONINAGRO, y prosigui\u00f3: \u0093Tenemos otros costos pesados, como los impuestos municipales. En Victoria a un productor que tenga pocos animales le sale car\u00edsimo sacar los animales de la isla porque son costos fijos impuestos por el gobierno municipal donde [&hellip;]\" \/>\n<meta property=\"og:url\" content=\"https:\/\/proagrolab.com.ar\/cuanto-cuesta-evacuar-las-vacas-de-las-islas\/\" \/>\n<meta property=\"og:site_name\" content=\"Proagro\" \/>\n<meta property=\"article:publisher\" content=\"http:\/\/www.facebook.com\/proagrolab\" \/>\n<meta property=\"article:published_time\" content=\"2013-07-12T00:00:01+00:00\" \/>\n<meta property=\"og:image\" content=\"https:\/\/proagrolab.com.ar\/wp-content\/uploads\/2015\/01\/g_ooncvq5ul__Vacas-en-barcaza.jpg\" \/>\n\t<meta property=\"og:image:width\" content=\"450\" \/>\n\t<meta property=\"og:image:height\" content=\"208\" \/>\n\t<meta property=\"og:image:type\" content=\"image\/jpeg\" \/>\n<meta name=\"author\" content=\"proagrolab\" \/>\n<meta name=\"twitter:card\" content=\"summary_large_image\" \/>\n<meta name=\"twitter:label1\" content=\"Written by\" \/>\n\t<meta name=\"twitter:data1\" content=\"proagrolab\" \/>\n\t<meta name=\"twitter:label2\" content=\"Est. reading time\" \/>\n\t<meta name=\"twitter:data2\" content=\"2 minutes\" \/>\n<script type=\"application\/ld+json\" class=\"yoast-schema-graph\">{\"@context\":\"https:\\\/\\\/schema.org\",\"@graph\":[{\"@type\":\"Article\",\"@id\":\"https:\\\/\\\/proagrolab.com.ar\\\/cuanto-cuesta-evacuar-las-vacas-de-las-islas\\\/#article\",\"isPartOf\":{\"@id\":\"https:\\\/\\\/proagrolab.com.ar\\\/cuanto-cuesta-evacuar-las-vacas-de-las-islas\\\/\"},\"author\":{\"name\":\"proagrolab\",\"@id\":\"https:\\\/\\\/proagrolab.com.ar\\\/#\\\/schema\\\/person\\\/38003ff90bf80381f71c7d922d207444\"},\"headline\":\"\u00bfCu\u00e1nto cuesta evacuar las vacas de las islas?.\",\"datePublished\":\"2013-07-12T00:00:01+00:00\",\"mainEntityOfPage\":{\"@id\":\"https:\\\/\\\/proagrolab.com.ar\\\/cuanto-cuesta-evacuar-las-vacas-de-las-islas\\\/\"},\"wordCount\":328,\"publisher\":{\"@id\":\"https:\\\/\\\/proagrolab.com.ar\\\/#organization\"},\"image\":{\"@id\":\"https:\\\/\\\/proagrolab.com.ar\\\/cuanto-cuesta-evacuar-las-vacas-de-las-islas\\\/#primaryimage\"},\"thumbnailUrl\":\"https:\\\/\\\/proagrolab.com.ar\\\/wp-content\\\/uploads\\\/2015\\\/01\\\/g_ooncvq5ul__Vacas-en-barcaza.jpg\",\"articleSection\":[\"News\"],\"inLanguage\":\"en-US\"},{\"@type\":\"WebPage\",\"@id\":\"https:\\\/\\\/proagrolab.com.ar\\\/cuanto-cuesta-evacuar-las-vacas-de-las-islas\\\/\",\"url\":\"https:\\\/\\\/proagrolab.com.ar\\\/cuanto-cuesta-evacuar-las-vacas-de-las-islas\\\/\",\"name\":\"\u00bfCu\u00e1nto cuesta evacuar las vacas de las islas?. | Proagro\",\"isPartOf\":{\"@id\":\"https:\\\/\\\/proagrolab.com.ar\\\/#website\"},\"primaryImageOfPage\":{\"@id\":\"https:\\\/\\\/proagrolab.com.ar\\\/cuanto-cuesta-evacuar-las-vacas-de-las-islas\\\/#primaryimage\"},\"image\":{\"@id\":\"https:\\\/\\\/proagrolab.com.ar\\\/cuanto-cuesta-evacuar-las-vacas-de-las-islas\\\/#primaryimage\"},\"thumbnailUrl\":\"https:\\\/\\\/proagrolab.com.ar\\\/wp-content\\\/uploads\\\/2015\\\/01\\\/g_ooncvq5ul__Vacas-en-barcaza.jpg\",\"datePublished\":\"2013-07-12T00:00:01+00:00\",\"breadcrumb\":{\"@id\":\"https:\\\/\\\/proagrolab.com.ar\\\/cuanto-cuesta-evacuar-las-vacas-de-las-islas\\\/#breadcrumb\"},\"inLanguage\":\"en-US\",\"potentialAction\":[{\"@type\":\"ReadAction\",\"target\":[\"https:\\\/\\\/proagrolab.com.ar\\\/cuanto-cuesta-evacuar-las-vacas-de-las-islas\\\/\"]}]},{\"@type\":\"ImageObject\",\"inLanguage\":\"en-US\",\"@id\":\"https:\\\/\\\/proagrolab.com.ar\\\/cuanto-cuesta-evacuar-las-vacas-de-las-islas\\\/#primaryimage\",\"url\":\"https:\\\/\\\/proagrolab.com.ar\\\/wp-content\\\/uploads\\\/2015\\\/01\\\/g_ooncvq5ul__Vacas-en-barcaza.jpg\",\"contentUrl\":\"https:\\\/\\\/proagrolab.com.ar\\\/wp-content\\\/uploads\\\/2015\\\/01\\\/g_ooncvq5ul__Vacas-en-barcaza.jpg\",\"width\":450,\"height\":208},{\"@type\":\"BreadcrumbList\",\"@id\":\"https:\\\/\\\/proagrolab.com.ar\\\/cuanto-cuesta-evacuar-las-vacas-de-las-islas\\\/#breadcrumb\",\"itemListElement\":[{\"@type\":\"ListItem\",\"position\":1,\"name\":\"Portada\",\"item\":\"https:\\\/\\\/proagrolab.com.ar\\\/\"},{\"@type\":\"ListItem\",\"position\":2,\"name\":\"\u00bfCu\u00e1nto cuesta evacuar las vacas de las islas?.\"}]},{\"@type\":\"WebSite\",\"@id\":\"https:\\\/\\\/proagrolab.com.ar\\\/#website\",\"url\":\"https:\\\/\\\/proagrolab.com.ar\\\/\",\"name\":\"Proagro Laboratorio Veterinario\",\"description\":\"Veterinary laboratory\",\"publisher\":{\"@id\":\"https:\\\/\\\/proagrolab.com.ar\\\/#organization\"},\"potentialAction\":[{\"@type\":\"SearchAction\",\"target\":{\"@type\":\"EntryPoint\",\"urlTemplate\":\"https:\\\/\\\/proagrolab.com.ar\\\/?s={search_term_string}\"},\"query-input\":{\"@type\":\"PropertyValueSpecification\",\"valueRequired\":true,\"valueName\":\"search_term_string\"}}],\"inLanguage\":\"en-US\"},{\"@type\":\"Organization\",\"@id\":\"https:\\\/\\\/proagrolab.com.ar\\\/#organization\",\"name\":\"Proagro\",\"url\":\"https:\\\/\\\/proagrolab.com.ar\\\/\",\"logo\":{\"@type\":\"ImageObject\",\"inLanguage\":\"en-US\",\"@id\":\"https:\\\/\\\/proagrolab.com.ar\\\/#\\\/schema\\\/logo\\\/image\\\/\",\"url\":\"https:\\\/\\\/proagrolab.com.ar\\\/wp-content\\\/uploads\\\/2020\\\/04\\\/logo-retina.png\",\"contentUrl\":\"https:\\\/\\\/proagrolab.com.ar\\\/wp-content\\\/uploads\\\/2020\\\/04\\\/logo-retina.png\",\"width\":478,\"height\":120,\"caption\":\"Proagro\"},\"image\":{\"@id\":\"https:\\\/\\\/proagrolab.com.ar\\\/#\\\/schema\\\/logo\\\/image\\\/\"},\"sameAs\":[\"http:\\\/\\\/www.facebook.com\\\/proagrolab\",\"https:\\\/\\\/www.instagram.com\\\/proagrolab\\\/\",\"https:\\\/\\\/www.linkedin.com\\\/company\\\/laboratorio-proagro-s-a\\\/\"]},{\"@type\":\"Person\",\"@id\":\"https:\\\/\\\/proagrolab.com.ar\\\/#\\\/schema\\\/person\\\/38003ff90bf80381f71c7d922d207444\",\"name\":\"proagrolab\"}]}<\/script>\n<!-- \/ Yoast SEO plugin. -->","yoast_head_json":{"title":"\u00bfCu\u00e1nto cuesta evacuar las vacas de las islas?. | Proagro","robots":{"index":"index","follow":"follow","max-snippet":"max-snippet:-1","max-image-preview":"max-image-preview:large","max-video-preview":"max-video-preview:-1"},"canonical":"https:\/\/proagrolab.com.ar\/en\/cuanto-cuesta-evacuar-las-vacas-de-las-islas\/","og_locale":"en_US","og_type":"article","og_title":"\u00bfCu\u00e1nto cuesta evacuar las vacas de las islas?. | Proagro","og_description":"La crecida del Paran\u00e1 oblig\u00f3 por estas horas a los productores ganaderos a implementar un operativo salvataje de la hacienda, que se estima en unas 700 mil cabezas, desde Reconquista hasta la zona de Rosario. Y trasladar las cabezas a tierra firme tiene un costo que, sumado a la presi\u00f3n impositiva de ciertos municipios, complica la ecuaci\u00f3n del ganadero. &#8220;Lamentablemente, no tenemos las soluciones que deber\u00edamos tener en estos casos&#8221;, dijo Edelmiro Oertlin, de la Federaci\u00f3n Entrerriana de Cooperativas. &#8220;Los costos de traslado son diversos, b\u00e1sicamente porque tenemos barcos chicos y grandes donde se cargan cierta cantidad de hacienda&#8221;, explic\u00f3. Lo cierto es que no hay quien regule la tarifa del barco. &#8220;Queda a criterio del barquero y el arreglo con el due\u00f1o del barco\u0094, se lament\u00f3 Oertlin. \u0093Un productor tiene los precios de la hacienda de hace 3 a\u00f1os, no tenemos la soluci\u00f3n de parte de los gobernantes, quienes siempre tienen algo para escabullirse\u0094, se\u00f1al\u00f3 el dirigente que tambi\u00e9n integra CONINAGRO, y prosigui\u00f3: \u0093Tenemos otros costos pesados, como los impuestos municipales. En Victoria a un productor que tenga pocos animales le sale car\u00edsimo sacar los animales de la isla porque son costos fijos impuestos por el gobierno municipal donde [&hellip;]","og_url":"https:\/\/proagrolab.com.ar\/cuanto-cuesta-evacuar-las-vacas-de-las-islas\/","og_site_name":"Proagro","article_publisher":"http:\/\/www.facebook.com\/proagrolab","article_published_time":"2013-07-12T00:00:01+00:00","og_image":[{"width":450,"height":208,"url":"https:\/\/proagrolab.com.ar\/wp-content\/uploads\/2015\/01\/g_ooncvq5ul__Vacas-en-barcaza.jpg","type":"image\/jpeg"}],"author":"proagrolab","twitter_card":"summary_large_image","twitter_misc":{"Written by":"proagrolab","Est. reading time":"2 minutes"},"schema":{"@context":"https:\/\/schema.org","@graph":[{"@type":"Article","@id":"https:\/\/proagrolab.com.ar\/cuanto-cuesta-evacuar-las-vacas-de-las-islas\/#article","isPartOf":{"@id":"https:\/\/proagrolab.com.ar\/cuanto-cuesta-evacuar-las-vacas-de-las-islas\/"},"author":{"name":"proagrolab","@id":"https:\/\/proagrolab.com.ar\/#\/schema\/person\/38003ff90bf80381f71c7d922d207444"},"headline":"\u00bfCu\u00e1nto cuesta evacuar las vacas de las islas?.","datePublished":"2013-07-12T00:00:01+00:00","mainEntityOfPage":{"@id":"https:\/\/proagrolab.com.ar\/cuanto-cuesta-evacuar-las-vacas-de-las-islas\/"},"wordCount":328,"publisher":{"@id":"https:\/\/proagrolab.com.ar\/#organization"},"image":{"@id":"https:\/\/proagrolab.com.ar\/cuanto-cuesta-evacuar-las-vacas-de-las-islas\/#primaryimage"},"thumbnailUrl":"https:\/\/proagrolab.com.ar\/wp-content\/uploads\/2015\/01\/g_ooncvq5ul__Vacas-en-barcaza.jpg","articleSection":["News"],"inLanguage":"en-US"},{"@type":"WebPage","@id":"https:\/\/proagrolab.com.ar\/cuanto-cuesta-evacuar-las-vacas-de-las-islas\/","url":"https:\/\/proagrolab.com.ar\/cuanto-cuesta-evacuar-las-vacas-de-las-islas\/","name":"\u00bfCu\u00e1nto cuesta evacuar las vacas de las islas?. | Proagro","isPartOf":{"@id":"https:\/\/proagrolab.com.ar\/#website"},"primaryImageOfPage":{"@id":"https:\/\/proagrolab.com.ar\/cuanto-cuesta-evacuar-las-vacas-de-las-islas\/#primaryimage"},"image":{"@id":"https:\/\/proagrolab.com.ar\/cuanto-cuesta-evacuar-las-vacas-de-las-islas\/#primaryimage"},"thumbnailUrl":"https:\/\/proagrolab.com.ar\/wp-content\/uploads\/2015\/01\/g_ooncvq5ul__Vacas-en-barcaza.jpg","datePublished":"2013-07-12T00:00:01+00:00","breadcrumb":{"@id":"https:\/\/proagrolab.com.ar\/cuanto-cuesta-evacuar-las-vacas-de-las-islas\/#breadcrumb"},"inLanguage":"en-US","potentialAction":[{"@type":"ReadAction","target":["https:\/\/proagrolab.com.ar\/cuanto-cuesta-evacuar-las-vacas-de-las-islas\/"]}]},{"@type":"ImageObject","inLanguage":"en-US","@id":"https:\/\/proagrolab.com.ar\/cuanto-cuesta-evacuar-las-vacas-de-las-islas\/#primaryimage","url":"https:\/\/proagrolab.com.ar\/wp-content\/uploads\/2015\/01\/g_ooncvq5ul__Vacas-en-barcaza.jpg","contentUrl":"https:\/\/proagrolab.com.ar\/wp-content\/uploads\/2015\/01\/g_ooncvq5ul__Vacas-en-barcaza.jpg","width":450,"height":208},{"@type":"BreadcrumbList","@id":"https:\/\/proagrolab.com.ar\/cuanto-cuesta-evacuar-las-vacas-de-las-islas\/#breadcrumb","itemListElement":[{"@type":"ListItem","position":1,"name":"Portada","item":"https:\/\/proagrolab.com.ar\/"},{"@type":"ListItem","position":2,"name":"\u00bfCu\u00e1nto cuesta evacuar las vacas de las islas?."}]},{"@type":"WebSite","@id":"https:\/\/proagrolab.com.ar\/#website","url":"https:\/\/proagrolab.com.ar\/","name":"Proagro Laboratorio Veterinario","description":"Veterinary laboratory","publisher":{"@id":"https:\/\/proagrolab.com.ar\/#organization"},"potentialAction":[{"@type":"SearchAction","target":{"@type":"EntryPoint","urlTemplate":"https:\/\/proagrolab.com.ar\/?s={search_term_string}"},"query-input":{"@type":"PropertyValueSpecification","valueRequired":true,"valueName":"search_term_string"}}],"inLanguage":"en-US"},{"@type":"Organization","@id":"https:\/\/proagrolab.com.ar\/#organization","name":"Proagro","url":"https:\/\/proagrolab.com.ar\/","logo":{"@type":"ImageObject","inLanguage":"en-US","@id":"https:\/\/proagrolab.com.ar\/#\/schema\/logo\/image\/","url":"https:\/\/proagrolab.com.ar\/wp-content\/uploads\/2020\/04\/logo-retina.png","contentUrl":"https:\/\/proagrolab.com.ar\/wp-content\/uploads\/2020\/04\/logo-retina.png","width":478,"height":120,"caption":"Proagro"},"image":{"@id":"https:\/\/proagrolab.com.ar\/#\/schema\/logo\/image\/"},"sameAs":["http:\/\/www.facebook.com\/proagrolab","https:\/\/www.instagram.com\/proagrolab\/","https:\/\/www.linkedin.com\/company\/laboratorio-proagro-s-a\/"]},{"@type":"Person","@id":"https:\/\/proagrolab.com.ar\/#\/schema\/person\/38003ff90bf80381f71c7d922d207444","name":"proagrolab"}]}},"_links":{"self":[{"href":"https:\/\/proagrolab.com.ar\/en\/wp-json\/wp\/v2\/posts\/5538","targetHints":{"allow":["GET"]}}],"collection":[{"href":"https:\/\/proagrolab.com.ar\/en\/wp-json\/wp\/v2\/posts"}],"about":[{"href":"https:\/\/proagrolab.com.ar\/en\/wp-json\/wp\/v2\/types\/post"}],"author":[{"embeddable":true,"href":"https:\/\/proagrolab.com.ar\/en\/wp-json\/wp\/v2\/users\/2"}],"replies":[{"embeddable":true,"href":"https:\/\/proagrolab.com.ar\/en\/wp-json\/wp\/v2\/comments?post=5538"}],"version-history":[{"count":0,"href":"https:\/\/proagrolab.com.ar\/en\/wp-json\/wp\/v2\/posts\/5538\/revisions"}],"wp:featuredmedia":[{"embeddable":true,"href":"https:\/\/proagrolab.com.ar\/en\/wp-json\/wp\/v2\/media\/2032"}],"wp:attachment":[{"href":"https:\/\/proagrolab.com.ar\/en\/wp-json\/wp\/v2\/media?parent=5538"}],"wp:term":[{"taxonomy":"category","embeddable":true,"href":"https:\/\/proagrolab.com.ar\/en\/wp-json\/wp\/v2\/categories?post=5538"},{"taxonomy":"post_tag","embeddable":true,"href":"https:\/\/proagrolab.com.ar\/en\/wp-json\/wp\/v2\/tags?post=5538"}],"curies":[{"name":"wp","href":"https:\/\/api.w.org\/{rel}","templated":true}]}}