{"id":5537,"date":"2013-07-12T00:00:01","date_gmt":"2013-07-12T00:00:01","guid":{"rendered":"https:\/\/proagrolab.com.ar\/la-crecida-del-parana-ya-llego-a-la-capital-de-entre-rios\/"},"modified":"2013-07-12T00:00:01","modified_gmt":"2013-07-12T00:00:01","slug":"la-crecida-del-parana-ya-llego-a-la-capital-de-entre-rios","status":"publish","type":"post","link":"https:\/\/proagrolab.com.ar\/en\/la-crecida-del-parana-ya-llego-a-la-capital-de-entre-rios\/","title":{"rendered":"La crecida del Paran\u00e1 ya lleg\u00f3 a la Capital de Entre R\u00edos."},"content":{"rendered":"<p class=\"qtranxs-available-languages-message qtranxs-available-languages-message-en\"> <\/p><p>Sin embargo hasta hoy no fue necesaria la evacuaci\u00f3n de pobladores ribere\u00f1os. Aseguran que la situaci\u00f3n &#8220;est\u00e1 tranquila&#8221; pero se pronostican m\u00e1s lluvias para la regi\u00f3n que &#8220;podr\u00edan complicar el panorama en La Paz&#8221;.<br \/>El pico de la creciente que est\u00e1 experimentando el r\u00edo Paran\u00e1 ya lleg\u00f3 a la capital entrerriana, pero hasta hoy no fue necesaria la evacuaci\u00f3n de pobladores ribere\u00f1os en esta provincia mesopot\u00e1mica.<\/p>\n<p>El director de Defensa Civil, Roberto Destri, dijo hoy a la agencia de noticias estatal, T\u00e9lam, que &#8220;la situaci\u00f3n est\u00e1 tranquila&#8221; en Entre R\u00edos, aunque reconoci\u00f3 que el Servicio Meteorol\u00f3gico Nacional (SMN) anuncia para las pr\u00f3ximas horas lluvias en la regi\u00f3n &#8220;que podr\u00edan complicar el panorama en La Paz&#8221;, a 200 kil\u00f3metros al norte de Paran\u00e1.<\/p>\n<p>Sin embargo, el funcionario ratific\u00f3 que &#8220;en la totalidad de las localidades ribere\u00f1as est\u00e1 todo preparado para afrontar la contingencia, en caso de que haya que realizar la evacuaci\u00f3n de alg\u00fan poblador&#8221;.<\/p>\n<p>El funcionario explic\u00f3 que ya se han preparado los locales en los que se alojar\u00e1 a las personas que tengan que ser evacuadas en caso de que el r\u00edo anegue las viviendas costeras.<\/p>\n<p>Seg\u00fan datos de la Prefectura Naval, el r\u00edo Paran\u00e1 ten\u00eda hoy frente a la costa entrerriana las siguientes alturas: La Paz 5,66 metros, creci\u00f3 4 cent\u00edmetros en las \u00faltimas 24 horas; Santa Elena 5,50, creci\u00f3 6 cent\u00edmetros; Hernandarias 4,88, creci\u00f3 4; Paran\u00e1 4,05, creci\u00f3 3; Diamante 4,42 creci\u00f3 5 y Victoria 3,65, permanece estacionado desde hace varios d\u00edas.<\/p>\n<p>En la capital entrerriana la etapa alerta se alcanza a los 4,70 metros y la de evacuaci\u00f3n a los 5,00, bastante alejadas de la marca de hoy de 4,05 metros.<\/p>\n<p>Fuente: Agrositio, 12 de julio.<br \/><\/p>","protected":false},"excerpt":{"rendered":"<p>Sin embargo hasta hoy no fue necesaria la evacuaci\u00f3n de pobladores ribere\u00f1os. Aseguran que la situaci\u00f3n &#8220;est\u00e1 tranquila&#8221; pero se pronostican m\u00e1s lluvias para la regi\u00f3n que &#8220;podr\u00edan complicar el panorama en La Paz&#8221;.El pico de la creciente que est\u00e1 experimentando el r\u00edo Paran\u00e1 ya lleg\u00f3 a la capital entrerriana, pero hasta hoy no fue necesaria la evacuaci\u00f3n de pobladores ribere\u00f1os en esta provincia mesopot\u00e1mica. El director de Defensa Civil, Roberto Destri, dijo hoy a la agencia de noticias estatal, T\u00e9lam, que &#8220;la situaci\u00f3n est\u00e1 tranquila&#8221; en Entre R\u00edos, aunque reconoci\u00f3 que el Servicio Meteorol\u00f3gico Nacional (SMN) anuncia para las pr\u00f3ximas horas lluvias en la regi\u00f3n &#8220;que podr\u00edan complicar el panorama en La Paz&#8221;, a 200 kil\u00f3metros al norte de Paran\u00e1. Sin embargo, el funcionario ratific\u00f3 que &#8220;en la totalidad de las localidades ribere\u00f1as est\u00e1 todo preparado para afrontar la contingencia, en caso de que haya que realizar la evacuaci\u00f3n de alg\u00fan poblador&#8221;. El funcionario explic\u00f3 que ya se han preparado los locales en los que se alojar\u00e1 a las personas que tengan que ser evacuadas en caso de que el r\u00edo anegue las viviendas costeras. Seg\u00fan datos de la Prefectura Naval, el r\u00edo Paran\u00e1 ten\u00eda hoy frente a la [&hellip;]<\/p>\n","protected":false},"author":2,"featured_media":2031,"comment_status":"closed","ping_status":"open","sticky":false,"template":"","format":"standard","meta":{"_acf_changed":false,"footnotes":""},"categories":[56],"tags":[],"class_list":["post-5537","post","type-post","status-publish","format-standard","has-post-thumbnail","hentry","category-infoganadero"],"acf":[],"yoast_head":"<!-- This site is optimized with the Yoast SEO plugin v27.5 - https:\/\/yoast.com\/product\/yoast-seo-wordpress\/ -->\n<title>La crecida del Paran\u00e1 ya lleg\u00f3 a la Capital de Entre R\u00edos. | Proagro<\/title>\n<meta name=\"robots\" content=\"index, follow, max-snippet:-1, max-image-preview:large, max-video-preview:-1\" \/>\n<link rel=\"canonical\" href=\"https:\/\/proagrolab.com.ar\/en\/la-crecida-del-parana-ya-llego-a-la-capital-de-entre-rios\/\" \/>\n<meta property=\"og:locale\" content=\"en_US\" \/>\n<meta property=\"og:type\" content=\"article\" \/>\n<meta property=\"og:title\" content=\"La crecida del Paran\u00e1 ya lleg\u00f3 a la Capital de Entre R\u00edos. | Proagro\" \/>\n<meta property=\"og:description\" content=\"Sin embargo hasta hoy no fue necesaria la evacuaci\u00f3n de pobladores ribere\u00f1os. Aseguran que la situaci\u00f3n &#8220;est\u00e1 tranquila&#8221; pero se pronostican m\u00e1s lluvias para la regi\u00f3n que &#8220;podr\u00edan complicar el panorama en La Paz&#8221;.El pico de la creciente que est\u00e1 experimentando el r\u00edo Paran\u00e1 ya lleg\u00f3 a la capital entrerriana, pero hasta hoy no fue necesaria la evacuaci\u00f3n de pobladores ribere\u00f1os en esta provincia mesopot\u00e1mica. El director de Defensa Civil, Roberto Destri, dijo hoy a la agencia de noticias estatal, T\u00e9lam, que &#8220;la situaci\u00f3n est\u00e1 tranquila&#8221; en Entre R\u00edos, aunque reconoci\u00f3 que el Servicio Meteorol\u00f3gico Nacional (SMN) anuncia para las pr\u00f3ximas horas lluvias en la regi\u00f3n &#8220;que podr\u00edan complicar el panorama en La Paz&#8221;, a 200 kil\u00f3metros al norte de Paran\u00e1. Sin embargo, el funcionario ratific\u00f3 que &#8220;en la totalidad de las localidades ribere\u00f1as est\u00e1 todo preparado para afrontar la contingencia, en caso de que haya que realizar la evacuaci\u00f3n de alg\u00fan poblador&#8221;. El funcionario explic\u00f3 que ya se han preparado los locales en los que se alojar\u00e1 a las personas que tengan que ser evacuadas en caso de que el r\u00edo anegue las viviendas costeras. Seg\u00fan datos de la Prefectura Naval, el r\u00edo Paran\u00e1 ten\u00eda hoy frente a la [&hellip;]\" \/>\n<meta property=\"og:url\" content=\"https:\/\/proagrolab.com.ar\/la-crecida-del-parana-ya-llego-a-la-capital-de-entre-rios\/\" \/>\n<meta property=\"og:site_name\" content=\"Proagro\" \/>\n<meta property=\"article:publisher\" content=\"http:\/\/www.facebook.com\/proagrolab\" \/>\n<meta property=\"article:published_time\" content=\"2013-07-12T00:00:01+00:00\" \/>\n<meta property=\"og:image\" content=\"https:\/\/proagrolab.com.ar\/wp-content\/uploads\/2015\/01\/g_gzsujluy9__Vacas-en-la-isla-2.jpg\" \/>\n\t<meta property=\"og:image:width\" content=\"450\" \/>\n\t<meta property=\"og:image:height\" content=\"208\" \/>\n\t<meta property=\"og:image:type\" content=\"image\/jpeg\" \/>\n<meta name=\"author\" content=\"proagrolab\" \/>\n<meta name=\"twitter:card\" content=\"summary_large_image\" \/>\n<meta name=\"twitter:label1\" content=\"Written by\" \/>\n\t<meta name=\"twitter:data1\" content=\"proagrolab\" \/>\n\t<meta name=\"twitter:label2\" content=\"Est. reading time\" \/>\n\t<meta name=\"twitter:data2\" content=\"1 minute\" \/>\n<script type=\"application\/ld+json\" class=\"yoast-schema-graph\">{\"@context\":\"https:\\\/\\\/schema.org\",\"@graph\":[{\"@type\":\"Article\",\"@id\":\"https:\\\/\\\/proagrolab.com.ar\\\/la-crecida-del-parana-ya-llego-a-la-capital-de-entre-rios\\\/#article\",\"isPartOf\":{\"@id\":\"https:\\\/\\\/proagrolab.com.ar\\\/la-crecida-del-parana-ya-llego-a-la-capital-de-entre-rios\\\/\"},\"author\":{\"name\":\"proagrolab\",\"@id\":\"https:\\\/\\\/proagrolab.com.ar\\\/#\\\/schema\\\/person\\\/38003ff90bf80381f71c7d922d207444\"},\"headline\":\"La crecida del Paran\u00e1 ya lleg\u00f3 a la Capital de Entre R\u00edos.\",\"datePublished\":\"2013-07-12T00:00:01+00:00\",\"mainEntityOfPage\":{\"@id\":\"https:\\\/\\\/proagrolab.com.ar\\\/la-crecida-del-parana-ya-llego-a-la-capital-de-entre-rios\\\/\"},\"wordCount\":305,\"publisher\":{\"@id\":\"https:\\\/\\\/proagrolab.com.ar\\\/#organization\"},\"image\":{\"@id\":\"https:\\\/\\\/proagrolab.com.ar\\\/la-crecida-del-parana-ya-llego-a-la-capital-de-entre-rios\\\/#primaryimage\"},\"thumbnailUrl\":\"https:\\\/\\\/proagrolab.com.ar\\\/wp-content\\\/uploads\\\/2015\\\/01\\\/g_gzsujluy9__Vacas-en-la-isla-2.jpg\",\"articleSection\":[\"News\"],\"inLanguage\":\"en-US\"},{\"@type\":\"WebPage\",\"@id\":\"https:\\\/\\\/proagrolab.com.ar\\\/la-crecida-del-parana-ya-llego-a-la-capital-de-entre-rios\\\/\",\"url\":\"https:\\\/\\\/proagrolab.com.ar\\\/la-crecida-del-parana-ya-llego-a-la-capital-de-entre-rios\\\/\",\"name\":\"La crecida del Paran\u00e1 ya lleg\u00f3 a la Capital de Entre R\u00edos. | Proagro\",\"isPartOf\":{\"@id\":\"https:\\\/\\\/proagrolab.com.ar\\\/#website\"},\"primaryImageOfPage\":{\"@id\":\"https:\\\/\\\/proagrolab.com.ar\\\/la-crecida-del-parana-ya-llego-a-la-capital-de-entre-rios\\\/#primaryimage\"},\"image\":{\"@id\":\"https:\\\/\\\/proagrolab.com.ar\\\/la-crecida-del-parana-ya-llego-a-la-capital-de-entre-rios\\\/#primaryimage\"},\"thumbnailUrl\":\"https:\\\/\\\/proagrolab.com.ar\\\/wp-content\\\/uploads\\\/2015\\\/01\\\/g_gzsujluy9__Vacas-en-la-isla-2.jpg\",\"datePublished\":\"2013-07-12T00:00:01+00:00\",\"breadcrumb\":{\"@id\":\"https:\\\/\\\/proagrolab.com.ar\\\/la-crecida-del-parana-ya-llego-a-la-capital-de-entre-rios\\\/#breadcrumb\"},\"inLanguage\":\"en-US\",\"potentialAction\":[{\"@type\":\"ReadAction\",\"target\":[\"https:\\\/\\\/proagrolab.com.ar\\\/la-crecida-del-parana-ya-llego-a-la-capital-de-entre-rios\\\/\"]}]},{\"@type\":\"ImageObject\",\"inLanguage\":\"en-US\",\"@id\":\"https:\\\/\\\/proagrolab.com.ar\\\/la-crecida-del-parana-ya-llego-a-la-capital-de-entre-rios\\\/#primaryimage\",\"url\":\"https:\\\/\\\/proagrolab.com.ar\\\/wp-content\\\/uploads\\\/2015\\\/01\\\/g_gzsujluy9__Vacas-en-la-isla-2.jpg\",\"contentUrl\":\"https:\\\/\\\/proagrolab.com.ar\\\/wp-content\\\/uploads\\\/2015\\\/01\\\/g_gzsujluy9__Vacas-en-la-isla-2.jpg\",\"width\":450,\"height\":208},{\"@type\":\"BreadcrumbList\",\"@id\":\"https:\\\/\\\/proagrolab.com.ar\\\/la-crecida-del-parana-ya-llego-a-la-capital-de-entre-rios\\\/#breadcrumb\",\"itemListElement\":[{\"@type\":\"ListItem\",\"position\":1,\"name\":\"Portada\",\"item\":\"https:\\\/\\\/proagrolab.com.ar\\\/\"},{\"@type\":\"ListItem\",\"position\":2,\"name\":\"La crecida del Paran\u00e1 ya lleg\u00f3 a la Capital de Entre R\u00edos.\"}]},{\"@type\":\"WebSite\",\"@id\":\"https:\\\/\\\/proagrolab.com.ar\\\/#website\",\"url\":\"https:\\\/\\\/proagrolab.com.ar\\\/\",\"name\":\"Proagro Laboratorio Veterinario\",\"description\":\"Veterinary laboratory\",\"publisher\":{\"@id\":\"https:\\\/\\\/proagrolab.com.ar\\\/#organization\"},\"potentialAction\":[{\"@type\":\"SearchAction\",\"target\":{\"@type\":\"EntryPoint\",\"urlTemplate\":\"https:\\\/\\\/proagrolab.com.ar\\\/?s={search_term_string}\"},\"query-input\":{\"@type\":\"PropertyValueSpecification\",\"valueRequired\":true,\"valueName\":\"search_term_string\"}}],\"inLanguage\":\"en-US\"},{\"@type\":\"Organization\",\"@id\":\"https:\\\/\\\/proagrolab.com.ar\\\/#organization\",\"name\":\"Proagro\",\"url\":\"https:\\\/\\\/proagrolab.com.ar\\\/\",\"logo\":{\"@type\":\"ImageObject\",\"inLanguage\":\"en-US\",\"@id\":\"https:\\\/\\\/proagrolab.com.ar\\\/#\\\/schema\\\/logo\\\/image\\\/\",\"url\":\"https:\\\/\\\/proagrolab.com.ar\\\/wp-content\\\/uploads\\\/2020\\\/04\\\/logo-retina.png\",\"contentUrl\":\"https:\\\/\\\/proagrolab.com.ar\\\/wp-content\\\/uploads\\\/2020\\\/04\\\/logo-retina.png\",\"width\":478,\"height\":120,\"caption\":\"Proagro\"},\"image\":{\"@id\":\"https:\\\/\\\/proagrolab.com.ar\\\/#\\\/schema\\\/logo\\\/image\\\/\"},\"sameAs\":[\"http:\\\/\\\/www.facebook.com\\\/proagrolab\",\"https:\\\/\\\/www.instagram.com\\\/proagrolab\\\/\",\"https:\\\/\\\/www.linkedin.com\\\/company\\\/laboratorio-proagro-s-a\\\/\"]},{\"@type\":\"Person\",\"@id\":\"https:\\\/\\\/proagrolab.com.ar\\\/#\\\/schema\\\/person\\\/38003ff90bf80381f71c7d922d207444\",\"name\":\"proagrolab\"}]}<\/script>\n<!-- \/ Yoast SEO plugin. -->","yoast_head_json":{"title":"La crecida del Paran\u00e1 ya lleg\u00f3 a la Capital de Entre R\u00edos. | Proagro","robots":{"index":"index","follow":"follow","max-snippet":"max-snippet:-1","max-image-preview":"max-image-preview:large","max-video-preview":"max-video-preview:-1"},"canonical":"https:\/\/proagrolab.com.ar\/en\/la-crecida-del-parana-ya-llego-a-la-capital-de-entre-rios\/","og_locale":"en_US","og_type":"article","og_title":"La crecida del Paran\u00e1 ya lleg\u00f3 a la Capital de Entre R\u00edos. | Proagro","og_description":"Sin embargo hasta hoy no fue necesaria la evacuaci\u00f3n de pobladores ribere\u00f1os. Aseguran que la situaci\u00f3n &#8220;est\u00e1 tranquila&#8221; pero se pronostican m\u00e1s lluvias para la regi\u00f3n que &#8220;podr\u00edan complicar el panorama en La Paz&#8221;.El pico de la creciente que est\u00e1 experimentando el r\u00edo Paran\u00e1 ya lleg\u00f3 a la capital entrerriana, pero hasta hoy no fue necesaria la evacuaci\u00f3n de pobladores ribere\u00f1os en esta provincia mesopot\u00e1mica. El director de Defensa Civil, Roberto Destri, dijo hoy a la agencia de noticias estatal, T\u00e9lam, que &#8220;la situaci\u00f3n est\u00e1 tranquila&#8221; en Entre R\u00edos, aunque reconoci\u00f3 que el Servicio Meteorol\u00f3gico Nacional (SMN) anuncia para las pr\u00f3ximas horas lluvias en la regi\u00f3n &#8220;que podr\u00edan complicar el panorama en La Paz&#8221;, a 200 kil\u00f3metros al norte de Paran\u00e1. Sin embargo, el funcionario ratific\u00f3 que &#8220;en la totalidad de las localidades ribere\u00f1as est\u00e1 todo preparado para afrontar la contingencia, en caso de que haya que realizar la evacuaci\u00f3n de alg\u00fan poblador&#8221;. El funcionario explic\u00f3 que ya se han preparado los locales en los que se alojar\u00e1 a las personas que tengan que ser evacuadas en caso de que el r\u00edo anegue las viviendas costeras. Seg\u00fan datos de la Prefectura Naval, el r\u00edo Paran\u00e1 ten\u00eda hoy frente a la [&hellip;]","og_url":"https:\/\/proagrolab.com.ar\/la-crecida-del-parana-ya-llego-a-la-capital-de-entre-rios\/","og_site_name":"Proagro","article_publisher":"http:\/\/www.facebook.com\/proagrolab","article_published_time":"2013-07-12T00:00:01+00:00","og_image":[{"width":450,"height":208,"url":"https:\/\/proagrolab.com.ar\/wp-content\/uploads\/2015\/01\/g_gzsujluy9__Vacas-en-la-isla-2.jpg","type":"image\/jpeg"}],"author":"proagrolab","twitter_card":"summary_large_image","twitter_misc":{"Written by":"proagrolab","Est. reading time":"1 minute"},"schema":{"@context":"https:\/\/schema.org","@graph":[{"@type":"Article","@id":"https:\/\/proagrolab.com.ar\/la-crecida-del-parana-ya-llego-a-la-capital-de-entre-rios\/#article","isPartOf":{"@id":"https:\/\/proagrolab.com.ar\/la-crecida-del-parana-ya-llego-a-la-capital-de-entre-rios\/"},"author":{"name":"proagrolab","@id":"https:\/\/proagrolab.com.ar\/#\/schema\/person\/38003ff90bf80381f71c7d922d207444"},"headline":"La crecida del Paran\u00e1 ya lleg\u00f3 a la Capital de Entre R\u00edos.","datePublished":"2013-07-12T00:00:01+00:00","mainEntityOfPage":{"@id":"https:\/\/proagrolab.com.ar\/la-crecida-del-parana-ya-llego-a-la-capital-de-entre-rios\/"},"wordCount":305,"publisher":{"@id":"https:\/\/proagrolab.com.ar\/#organization"},"image":{"@id":"https:\/\/proagrolab.com.ar\/la-crecida-del-parana-ya-llego-a-la-capital-de-entre-rios\/#primaryimage"},"thumbnailUrl":"https:\/\/proagrolab.com.ar\/wp-content\/uploads\/2015\/01\/g_gzsujluy9__Vacas-en-la-isla-2.jpg","articleSection":["News"],"inLanguage":"en-US"},{"@type":"WebPage","@id":"https:\/\/proagrolab.com.ar\/la-crecida-del-parana-ya-llego-a-la-capital-de-entre-rios\/","url":"https:\/\/proagrolab.com.ar\/la-crecida-del-parana-ya-llego-a-la-capital-de-entre-rios\/","name":"La crecida del Paran\u00e1 ya lleg\u00f3 a la Capital de Entre R\u00edos. | Proagro","isPartOf":{"@id":"https:\/\/proagrolab.com.ar\/#website"},"primaryImageOfPage":{"@id":"https:\/\/proagrolab.com.ar\/la-crecida-del-parana-ya-llego-a-la-capital-de-entre-rios\/#primaryimage"},"image":{"@id":"https:\/\/proagrolab.com.ar\/la-crecida-del-parana-ya-llego-a-la-capital-de-entre-rios\/#primaryimage"},"thumbnailUrl":"https:\/\/proagrolab.com.ar\/wp-content\/uploads\/2015\/01\/g_gzsujluy9__Vacas-en-la-isla-2.jpg","datePublished":"2013-07-12T00:00:01+00:00","breadcrumb":{"@id":"https:\/\/proagrolab.com.ar\/la-crecida-del-parana-ya-llego-a-la-capital-de-entre-rios\/#breadcrumb"},"inLanguage":"en-US","potentialAction":[{"@type":"ReadAction","target":["https:\/\/proagrolab.com.ar\/la-crecida-del-parana-ya-llego-a-la-capital-de-entre-rios\/"]}]},{"@type":"ImageObject","inLanguage":"en-US","@id":"https:\/\/proagrolab.com.ar\/la-crecida-del-parana-ya-llego-a-la-capital-de-entre-rios\/#primaryimage","url":"https:\/\/proagrolab.com.ar\/wp-content\/uploads\/2015\/01\/g_gzsujluy9__Vacas-en-la-isla-2.jpg","contentUrl":"https:\/\/proagrolab.com.ar\/wp-content\/uploads\/2015\/01\/g_gzsujluy9__Vacas-en-la-isla-2.jpg","width":450,"height":208},{"@type":"BreadcrumbList","@id":"https:\/\/proagrolab.com.ar\/la-crecida-del-parana-ya-llego-a-la-capital-de-entre-rios\/#breadcrumb","itemListElement":[{"@type":"ListItem","position":1,"name":"Portada","item":"https:\/\/proagrolab.com.ar\/"},{"@type":"ListItem","position":2,"name":"La crecida del Paran\u00e1 ya lleg\u00f3 a la Capital de Entre R\u00edos."}]},{"@type":"WebSite","@id":"https:\/\/proagrolab.com.ar\/#website","url":"https:\/\/proagrolab.com.ar\/","name":"Proagro Laboratorio Veterinario","description":"Veterinary laboratory","publisher":{"@id":"https:\/\/proagrolab.com.ar\/#organization"},"potentialAction":[{"@type":"SearchAction","target":{"@type":"EntryPoint","urlTemplate":"https:\/\/proagrolab.com.ar\/?s={search_term_string}"},"query-input":{"@type":"PropertyValueSpecification","valueRequired":true,"valueName":"search_term_string"}}],"inLanguage":"en-US"},{"@type":"Organization","@id":"https:\/\/proagrolab.com.ar\/#organization","name":"Proagro","url":"https:\/\/proagrolab.com.ar\/","logo":{"@type":"ImageObject","inLanguage":"en-US","@id":"https:\/\/proagrolab.com.ar\/#\/schema\/logo\/image\/","url":"https:\/\/proagrolab.com.ar\/wp-content\/uploads\/2020\/04\/logo-retina.png","contentUrl":"https:\/\/proagrolab.com.ar\/wp-content\/uploads\/2020\/04\/logo-retina.png","width":478,"height":120,"caption":"Proagro"},"image":{"@id":"https:\/\/proagrolab.com.ar\/#\/schema\/logo\/image\/"},"sameAs":["http:\/\/www.facebook.com\/proagrolab","https:\/\/www.instagram.com\/proagrolab\/","https:\/\/www.linkedin.com\/company\/laboratorio-proagro-s-a\/"]},{"@type":"Person","@id":"https:\/\/proagrolab.com.ar\/#\/schema\/person\/38003ff90bf80381f71c7d922d207444","name":"proagrolab"}]}},"_links":{"self":[{"href":"https:\/\/proagrolab.com.ar\/en\/wp-json\/wp\/v2\/posts\/5537","targetHints":{"allow":["GET"]}}],"collection":[{"href":"https:\/\/proagrolab.com.ar\/en\/wp-json\/wp\/v2\/posts"}],"about":[{"href":"https:\/\/proagrolab.com.ar\/en\/wp-json\/wp\/v2\/types\/post"}],"author":[{"embeddable":true,"href":"https:\/\/proagrolab.com.ar\/en\/wp-json\/wp\/v2\/users\/2"}],"replies":[{"embeddable":true,"href":"https:\/\/proagrolab.com.ar\/en\/wp-json\/wp\/v2\/comments?post=5537"}],"version-history":[{"count":0,"href":"https:\/\/proagrolab.com.ar\/en\/wp-json\/wp\/v2\/posts\/5537\/revisions"}],"wp:featuredmedia":[{"embeddable":true,"href":"https:\/\/proagrolab.com.ar\/en\/wp-json\/wp\/v2\/media\/2031"}],"wp:attachment":[{"href":"https:\/\/proagrolab.com.ar\/en\/wp-json\/wp\/v2\/media?parent=5537"}],"wp:term":[{"taxonomy":"category","embeddable":true,"href":"https:\/\/proagrolab.com.ar\/en\/wp-json\/wp\/v2\/categories?post=5537"},{"taxonomy":"post_tag","embeddable":true,"href":"https:\/\/proagrolab.com.ar\/en\/wp-json\/wp\/v2\/tags?post=5537"}],"curies":[{"name":"wp","href":"https:\/\/api.w.org\/{rel}","templated":true}]}}