{"id":5536,"date":"2013-07-12T00:00:01","date_gmt":"2013-07-12T00:00:01","guid":{"rendered":"https:\/\/proagrolab.com.ar\/fao-las-carnes-elevan-inflacion-mensual-de-alimentos-en-america-latina\/"},"modified":"2013-07-12T00:00:01","modified_gmt":"2013-07-12T00:00:01","slug":"fao-las-carnes-elevan-inflacion-mensual-de-alimentos-en-america-latina","status":"publish","type":"post","link":"https:\/\/proagrolab.com.ar\/en\/fao-las-carnes-elevan-inflacion-mensual-de-alimentos-en-america-latina\/","title":{"rendered":"FAO: Las carnes elevan inflaci\u00f3n mensual de alimentos en Am\u00e9rica Latina."},"content":{"rendered":"<p class=\"qtranxs-available-languages-message qtranxs-available-languages-message-en\"> <\/p><p>La inflaci\u00f3n mensual de los alimentos de Am\u00e9rica Latina y el Caribe alcanz\u00f3 un 0,7% en mayo, 0,4 puntos por debajo del 1,1% de abril, se\u00f1al\u00f3 la Organizaci\u00f3n para las Naciones Unidas de la Agricultura (FAO, por sus siglas en ingl\u00e9s).<\/p>\n<p>Seg\u00fan el Informe Mensual de Precios de los Alimentos de la FAO, este comportamiento es un reflejo de menores tasas de inflaci\u00f3n de los alimentos en la mayor\u00eda de los pa\u00edses.<\/p>\n<p>Por su parte, la inflaci\u00f3n mensual general de la regi\u00f3n registr\u00f3 un 0,5%, manteniendo as\u00ed su nivel promedio de los \u00faltimos doce meses.<\/p>\n<p>Guatemala y Nicaragua registraron tasas mensuales de inflaci\u00f3n general y de alimentos mayores a las reportadas en abril.<\/p>\n<p>En El Salvador, M\u00e9xico y Rep\u00fablica Dominicana, los \u00edndices de precios, tanto general como de los alimentos, mostraron ligeras variaciones negativas. En El Salvador este fen\u00f3meno se repite por segundo mes consecutivo.<\/p>\n<p>Durante mayo la mayor\u00eda de las econom\u00edas de esta subregi\u00f3n registraron niveles de inflaci\u00f3n mensual de los alimentos menores a las del mes de abril. Este es el caso de Argentina, Brasil, Colombia, Ecuador, Paraguay y Uruguay.<\/p>\n<p>En contraste, en Bolivia, Chile y la Rep\u00fablica Bolivariana de Venezuela las tasas de inflaci\u00f3n general y de alimentos fueron mayores a las reportadas en abril.<\/p>\n<p>Los precios de las carnes de pollo y de res fueron los alimentos de mayor incidencia positiva en la inflaci\u00f3n general de los pa\u00edses de la regi\u00f3n.<\/p>\n<p>Fuente: Carnetec, 11 de julio.<br \/><\/p>","protected":false},"excerpt":{"rendered":"<p>La inflaci\u00f3n mensual de los alimentos de Am\u00e9rica Latina y el Caribe alcanz\u00f3 un 0,7% en mayo, 0,4 puntos por debajo del 1,1% de abril, se\u00f1al\u00f3 la Organizaci\u00f3n para las Naciones Unidas de la Agricultura (FAO, por sus siglas en ingl\u00e9s). Seg\u00fan el Informe Mensual de Precios de los Alimentos de la FAO, este comportamiento es un reflejo de menores tasas de inflaci\u00f3n de los alimentos en la mayor\u00eda de los pa\u00edses. Por su parte, la inflaci\u00f3n mensual general de la regi\u00f3n registr\u00f3 un 0,5%, manteniendo as\u00ed su nivel promedio de los \u00faltimos doce meses. Guatemala y Nicaragua registraron tasas mensuales de inflaci\u00f3n general y de alimentos mayores a las reportadas en abril. En El Salvador, M\u00e9xico y Rep\u00fablica Dominicana, los \u00edndices de precios, tanto general como de los alimentos, mostraron ligeras variaciones negativas. En El Salvador este fen\u00f3meno se repite por segundo mes consecutivo. Durante mayo la mayor\u00eda de las econom\u00edas de esta subregi\u00f3n registraron niveles de inflaci\u00f3n mensual de los alimentos menores a las del mes de abril. Este es el caso de Argentina, Brasil, Colombia, Ecuador, Paraguay y Uruguay. En contraste, en Bolivia, Chile y la Rep\u00fablica Bolivariana de Venezuela las tasas de inflaci\u00f3n general y de [&hellip;]<\/p>\n","protected":false},"author":2,"featured_media":2030,"comment_status":"closed","ping_status":"open","sticky":false,"template":"","format":"standard","meta":{"_acf_changed":false,"footnotes":""},"categories":[56],"tags":[],"class_list":["post-5536","post","type-post","status-publish","format-standard","has-post-thumbnail","hentry","category-infoganadero"],"acf":[],"yoast_head":"<!-- This site is optimized with the Yoast SEO plugin v27.5 - https:\/\/yoast.com\/product\/yoast-seo-wordpress\/ -->\n<title>FAO: Las carnes elevan inflaci\u00f3n mensual de alimentos en Am\u00e9rica Latina. | Proagro<\/title>\n<meta name=\"robots\" content=\"index, follow, max-snippet:-1, max-image-preview:large, max-video-preview:-1\" \/>\n<link rel=\"canonical\" href=\"https:\/\/proagrolab.com.ar\/en\/fao-las-carnes-elevan-inflacion-mensual-de-alimentos-en-america-latina\/\" \/>\n<meta property=\"og:locale\" content=\"en_US\" \/>\n<meta property=\"og:type\" content=\"article\" \/>\n<meta property=\"og:title\" content=\"FAO: Las carnes elevan inflaci\u00f3n mensual de alimentos en Am\u00e9rica Latina. | Proagro\" \/>\n<meta property=\"og:description\" content=\"La inflaci\u00f3n mensual de los alimentos de Am\u00e9rica Latina y el Caribe alcanz\u00f3 un 0,7% en mayo, 0,4 puntos por debajo del 1,1% de abril, se\u00f1al\u00f3 la Organizaci\u00f3n para las Naciones Unidas de la Agricultura (FAO, por sus siglas en ingl\u00e9s). Seg\u00fan el Informe Mensual de Precios de los Alimentos de la FAO, este comportamiento es un reflejo de menores tasas de inflaci\u00f3n de los alimentos en la mayor\u00eda de los pa\u00edses. Por su parte, la inflaci\u00f3n mensual general de la regi\u00f3n registr\u00f3 un 0,5%, manteniendo as\u00ed su nivel promedio de los \u00faltimos doce meses. Guatemala y Nicaragua registraron tasas mensuales de inflaci\u00f3n general y de alimentos mayores a las reportadas en abril. En El Salvador, M\u00e9xico y Rep\u00fablica Dominicana, los \u00edndices de precios, tanto general como de los alimentos, mostraron ligeras variaciones negativas. En El Salvador este fen\u00f3meno se repite por segundo mes consecutivo. Durante mayo la mayor\u00eda de las econom\u00edas de esta subregi\u00f3n registraron niveles de inflaci\u00f3n mensual de los alimentos menores a las del mes de abril. Este es el caso de Argentina, Brasil, Colombia, Ecuador, Paraguay y Uruguay. En contraste, en Bolivia, Chile y la Rep\u00fablica Bolivariana de Venezuela las tasas de inflaci\u00f3n general y de [&hellip;]\" \/>\n<meta property=\"og:url\" content=\"https:\/\/proagrolab.com.ar\/fao-las-carnes-elevan-inflacion-mensual-de-alimentos-en-america-latina\/\" \/>\n<meta property=\"og:site_name\" content=\"Proagro\" \/>\n<meta property=\"article:publisher\" content=\"http:\/\/www.facebook.com\/proagrolab\" \/>\n<meta property=\"article:published_time\" content=\"2013-07-12T00:00:01+00:00\" \/>\n<meta property=\"og:image\" content=\"https:\/\/proagrolab.com.ar\/wp-content\/uploads\/2015\/01\/g_rz38cnt6x__Frigor\u00edfico-2.jpg\" \/>\n\t<meta property=\"og:image:width\" content=\"1\" \/>\n\t<meta property=\"og:image:height\" content=\"1\" \/>\n\t<meta property=\"og:image:type\" content=\"image\/jpeg\" \/>\n<meta name=\"author\" content=\"proagrolab\" \/>\n<meta name=\"twitter:card\" content=\"summary_large_image\" \/>\n<meta name=\"twitter:label1\" content=\"Written by\" \/>\n\t<meta name=\"twitter:data1\" content=\"proagrolab\" \/>\n\t<meta name=\"twitter:label2\" content=\"Est. reading time\" \/>\n\t<meta name=\"twitter:data2\" content=\"1 minute\" \/>\n<script type=\"application\/ld+json\" class=\"yoast-schema-graph\">{\"@context\":\"https:\\\/\\\/schema.org\",\"@graph\":[{\"@type\":\"Article\",\"@id\":\"https:\\\/\\\/proagrolab.com.ar\\\/fao-las-carnes-elevan-inflacion-mensual-de-alimentos-en-america-latina\\\/#article\",\"isPartOf\":{\"@id\":\"https:\\\/\\\/proagrolab.com.ar\\\/fao-las-carnes-elevan-inflacion-mensual-de-alimentos-en-america-latina\\\/\"},\"author\":{\"name\":\"proagrolab\",\"@id\":\"https:\\\/\\\/proagrolab.com.ar\\\/#\\\/schema\\\/person\\\/38003ff90bf80381f71c7d922d207444\"},\"headline\":\"FAO: Las carnes elevan inflaci\u00f3n mensual de alimentos en Am\u00e9rica Latina.\",\"datePublished\":\"2013-07-12T00:00:01+00:00\",\"mainEntityOfPage\":{\"@id\":\"https:\\\/\\\/proagrolab.com.ar\\\/fao-las-carnes-elevan-inflacion-mensual-de-alimentos-en-america-latina\\\/\"},\"wordCount\":272,\"publisher\":{\"@id\":\"https:\\\/\\\/proagrolab.com.ar\\\/#organization\"},\"image\":{\"@id\":\"https:\\\/\\\/proagrolab.com.ar\\\/fao-las-carnes-elevan-inflacion-mensual-de-alimentos-en-america-latina\\\/#primaryimage\"},\"thumbnailUrl\":\"https:\\\/\\\/proagrolab.com.ar\\\/wp-content\\\/uploads\\\/2015\\\/01\\\/g_rz38cnt6x__Frigor\u00edfico-2.jpg\",\"articleSection\":[\"News\"],\"inLanguage\":\"en-US\"},{\"@type\":\"WebPage\",\"@id\":\"https:\\\/\\\/proagrolab.com.ar\\\/fao-las-carnes-elevan-inflacion-mensual-de-alimentos-en-america-latina\\\/\",\"url\":\"https:\\\/\\\/proagrolab.com.ar\\\/fao-las-carnes-elevan-inflacion-mensual-de-alimentos-en-america-latina\\\/\",\"name\":\"FAO: Las carnes elevan inflaci\u00f3n mensual de alimentos en Am\u00e9rica Latina. | Proagro\",\"isPartOf\":{\"@id\":\"https:\\\/\\\/proagrolab.com.ar\\\/#website\"},\"primaryImageOfPage\":{\"@id\":\"https:\\\/\\\/proagrolab.com.ar\\\/fao-las-carnes-elevan-inflacion-mensual-de-alimentos-en-america-latina\\\/#primaryimage\"},\"image\":{\"@id\":\"https:\\\/\\\/proagrolab.com.ar\\\/fao-las-carnes-elevan-inflacion-mensual-de-alimentos-en-america-latina\\\/#primaryimage\"},\"thumbnailUrl\":\"https:\\\/\\\/proagrolab.com.ar\\\/wp-content\\\/uploads\\\/2015\\\/01\\\/g_rz38cnt6x__Frigor\u00edfico-2.jpg\",\"datePublished\":\"2013-07-12T00:00:01+00:00\",\"breadcrumb\":{\"@id\":\"https:\\\/\\\/proagrolab.com.ar\\\/fao-las-carnes-elevan-inflacion-mensual-de-alimentos-en-america-latina\\\/#breadcrumb\"},\"inLanguage\":\"en-US\",\"potentialAction\":[{\"@type\":\"ReadAction\",\"target\":[\"https:\\\/\\\/proagrolab.com.ar\\\/fao-las-carnes-elevan-inflacion-mensual-de-alimentos-en-america-latina\\\/\"]}]},{\"@type\":\"ImageObject\",\"inLanguage\":\"en-US\",\"@id\":\"https:\\\/\\\/proagrolab.com.ar\\\/fao-las-carnes-elevan-inflacion-mensual-de-alimentos-en-america-latina\\\/#primaryimage\",\"url\":\"https:\\\/\\\/proagrolab.com.ar\\\/wp-content\\\/uploads\\\/2015\\\/01\\\/g_rz38cnt6x__Frigor\u00edfico-2.jpg\",\"contentUrl\":\"https:\\\/\\\/proagrolab.com.ar\\\/wp-content\\\/uploads\\\/2015\\\/01\\\/g_rz38cnt6x__Frigor\u00edfico-2.jpg\"},{\"@type\":\"BreadcrumbList\",\"@id\":\"https:\\\/\\\/proagrolab.com.ar\\\/fao-las-carnes-elevan-inflacion-mensual-de-alimentos-en-america-latina\\\/#breadcrumb\",\"itemListElement\":[{\"@type\":\"ListItem\",\"position\":1,\"name\":\"Portada\",\"item\":\"https:\\\/\\\/proagrolab.com.ar\\\/\"},{\"@type\":\"ListItem\",\"position\":2,\"name\":\"FAO: Las carnes elevan inflaci\u00f3n mensual de alimentos en Am\u00e9rica Latina.\"}]},{\"@type\":\"WebSite\",\"@id\":\"https:\\\/\\\/proagrolab.com.ar\\\/#website\",\"url\":\"https:\\\/\\\/proagrolab.com.ar\\\/\",\"name\":\"Proagro Laboratorio Veterinario\",\"description\":\"Veterinary laboratory\",\"publisher\":{\"@id\":\"https:\\\/\\\/proagrolab.com.ar\\\/#organization\"},\"potentialAction\":[{\"@type\":\"SearchAction\",\"target\":{\"@type\":\"EntryPoint\",\"urlTemplate\":\"https:\\\/\\\/proagrolab.com.ar\\\/?s={search_term_string}\"},\"query-input\":{\"@type\":\"PropertyValueSpecification\",\"valueRequired\":true,\"valueName\":\"search_term_string\"}}],\"inLanguage\":\"en-US\"},{\"@type\":\"Organization\",\"@id\":\"https:\\\/\\\/proagrolab.com.ar\\\/#organization\",\"name\":\"Proagro\",\"url\":\"https:\\\/\\\/proagrolab.com.ar\\\/\",\"logo\":{\"@type\":\"ImageObject\",\"inLanguage\":\"en-US\",\"@id\":\"https:\\\/\\\/proagrolab.com.ar\\\/#\\\/schema\\\/logo\\\/image\\\/\",\"url\":\"https:\\\/\\\/proagrolab.com.ar\\\/wp-content\\\/uploads\\\/2020\\\/04\\\/logo-retina.png\",\"contentUrl\":\"https:\\\/\\\/proagrolab.com.ar\\\/wp-content\\\/uploads\\\/2020\\\/04\\\/logo-retina.png\",\"width\":478,\"height\":120,\"caption\":\"Proagro\"},\"image\":{\"@id\":\"https:\\\/\\\/proagrolab.com.ar\\\/#\\\/schema\\\/logo\\\/image\\\/\"},\"sameAs\":[\"http:\\\/\\\/www.facebook.com\\\/proagrolab\",\"https:\\\/\\\/www.instagram.com\\\/proagrolab\\\/\",\"https:\\\/\\\/www.linkedin.com\\\/company\\\/laboratorio-proagro-s-a\\\/\"]},{\"@type\":\"Person\",\"@id\":\"https:\\\/\\\/proagrolab.com.ar\\\/#\\\/schema\\\/person\\\/38003ff90bf80381f71c7d922d207444\",\"name\":\"proagrolab\"}]}<\/script>\n<!-- \/ Yoast SEO plugin. -->","yoast_head_json":{"title":"FAO: Las carnes elevan inflaci\u00f3n mensual de alimentos en Am\u00e9rica Latina. | Proagro","robots":{"index":"index","follow":"follow","max-snippet":"max-snippet:-1","max-image-preview":"max-image-preview:large","max-video-preview":"max-video-preview:-1"},"canonical":"https:\/\/proagrolab.com.ar\/en\/fao-las-carnes-elevan-inflacion-mensual-de-alimentos-en-america-latina\/","og_locale":"en_US","og_type":"article","og_title":"FAO: Las carnes elevan inflaci\u00f3n mensual de alimentos en Am\u00e9rica Latina. | Proagro","og_description":"La inflaci\u00f3n mensual de los alimentos de Am\u00e9rica Latina y el Caribe alcanz\u00f3 un 0,7% en mayo, 0,4 puntos por debajo del 1,1% de abril, se\u00f1al\u00f3 la Organizaci\u00f3n para las Naciones Unidas de la Agricultura (FAO, por sus siglas en ingl\u00e9s). Seg\u00fan el Informe Mensual de Precios de los Alimentos de la FAO, este comportamiento es un reflejo de menores tasas de inflaci\u00f3n de los alimentos en la mayor\u00eda de los pa\u00edses. Por su parte, la inflaci\u00f3n mensual general de la regi\u00f3n registr\u00f3 un 0,5%, manteniendo as\u00ed su nivel promedio de los \u00faltimos doce meses. Guatemala y Nicaragua registraron tasas mensuales de inflaci\u00f3n general y de alimentos mayores a las reportadas en abril. En El Salvador, M\u00e9xico y Rep\u00fablica Dominicana, los \u00edndices de precios, tanto general como de los alimentos, mostraron ligeras variaciones negativas. En El Salvador este fen\u00f3meno se repite por segundo mes consecutivo. Durante mayo la mayor\u00eda de las econom\u00edas de esta subregi\u00f3n registraron niveles de inflaci\u00f3n mensual de los alimentos menores a las del mes de abril. Este es el caso de Argentina, Brasil, Colombia, Ecuador, Paraguay y Uruguay. En contraste, en Bolivia, Chile y la Rep\u00fablica Bolivariana de Venezuela las tasas de inflaci\u00f3n general y de [&hellip;]","og_url":"https:\/\/proagrolab.com.ar\/fao-las-carnes-elevan-inflacion-mensual-de-alimentos-en-america-latina\/","og_site_name":"Proagro","article_publisher":"http:\/\/www.facebook.com\/proagrolab","article_published_time":"2013-07-12T00:00:01+00:00","og_image":[{"url":"https:\/\/proagrolab.com.ar\/wp-content\/uploads\/2015\/01\/g_rz38cnt6x__Frigor\u00edfico-2.jpg","width":1,"height":1,"type":"image\/jpeg"}],"author":"proagrolab","twitter_card":"summary_large_image","twitter_misc":{"Written by":"proagrolab","Est. reading time":"1 minute"},"schema":{"@context":"https:\/\/schema.org","@graph":[{"@type":"Article","@id":"https:\/\/proagrolab.com.ar\/fao-las-carnes-elevan-inflacion-mensual-de-alimentos-en-america-latina\/#article","isPartOf":{"@id":"https:\/\/proagrolab.com.ar\/fao-las-carnes-elevan-inflacion-mensual-de-alimentos-en-america-latina\/"},"author":{"name":"proagrolab","@id":"https:\/\/proagrolab.com.ar\/#\/schema\/person\/38003ff90bf80381f71c7d922d207444"},"headline":"FAO: Las carnes elevan inflaci\u00f3n mensual de alimentos en Am\u00e9rica Latina.","datePublished":"2013-07-12T00:00:01+00:00","mainEntityOfPage":{"@id":"https:\/\/proagrolab.com.ar\/fao-las-carnes-elevan-inflacion-mensual-de-alimentos-en-america-latina\/"},"wordCount":272,"publisher":{"@id":"https:\/\/proagrolab.com.ar\/#organization"},"image":{"@id":"https:\/\/proagrolab.com.ar\/fao-las-carnes-elevan-inflacion-mensual-de-alimentos-en-america-latina\/#primaryimage"},"thumbnailUrl":"https:\/\/proagrolab.com.ar\/wp-content\/uploads\/2015\/01\/g_rz38cnt6x__Frigor\u00edfico-2.jpg","articleSection":["News"],"inLanguage":"en-US"},{"@type":"WebPage","@id":"https:\/\/proagrolab.com.ar\/fao-las-carnes-elevan-inflacion-mensual-de-alimentos-en-america-latina\/","url":"https:\/\/proagrolab.com.ar\/fao-las-carnes-elevan-inflacion-mensual-de-alimentos-en-america-latina\/","name":"FAO: Las carnes elevan inflaci\u00f3n mensual de alimentos en Am\u00e9rica Latina. | Proagro","isPartOf":{"@id":"https:\/\/proagrolab.com.ar\/#website"},"primaryImageOfPage":{"@id":"https:\/\/proagrolab.com.ar\/fao-las-carnes-elevan-inflacion-mensual-de-alimentos-en-america-latina\/#primaryimage"},"image":{"@id":"https:\/\/proagrolab.com.ar\/fao-las-carnes-elevan-inflacion-mensual-de-alimentos-en-america-latina\/#primaryimage"},"thumbnailUrl":"https:\/\/proagrolab.com.ar\/wp-content\/uploads\/2015\/01\/g_rz38cnt6x__Frigor\u00edfico-2.jpg","datePublished":"2013-07-12T00:00:01+00:00","breadcrumb":{"@id":"https:\/\/proagrolab.com.ar\/fao-las-carnes-elevan-inflacion-mensual-de-alimentos-en-america-latina\/#breadcrumb"},"inLanguage":"en-US","potentialAction":[{"@type":"ReadAction","target":["https:\/\/proagrolab.com.ar\/fao-las-carnes-elevan-inflacion-mensual-de-alimentos-en-america-latina\/"]}]},{"@type":"ImageObject","inLanguage":"en-US","@id":"https:\/\/proagrolab.com.ar\/fao-las-carnes-elevan-inflacion-mensual-de-alimentos-en-america-latina\/#primaryimage","url":"https:\/\/proagrolab.com.ar\/wp-content\/uploads\/2015\/01\/g_rz38cnt6x__Frigor\u00edfico-2.jpg","contentUrl":"https:\/\/proagrolab.com.ar\/wp-content\/uploads\/2015\/01\/g_rz38cnt6x__Frigor\u00edfico-2.jpg"},{"@type":"BreadcrumbList","@id":"https:\/\/proagrolab.com.ar\/fao-las-carnes-elevan-inflacion-mensual-de-alimentos-en-america-latina\/#breadcrumb","itemListElement":[{"@type":"ListItem","position":1,"name":"Portada","item":"https:\/\/proagrolab.com.ar\/"},{"@type":"ListItem","position":2,"name":"FAO: Las carnes elevan inflaci\u00f3n mensual de alimentos en Am\u00e9rica Latina."}]},{"@type":"WebSite","@id":"https:\/\/proagrolab.com.ar\/#website","url":"https:\/\/proagrolab.com.ar\/","name":"Proagro Laboratorio Veterinario","description":"Veterinary laboratory","publisher":{"@id":"https:\/\/proagrolab.com.ar\/#organization"},"potentialAction":[{"@type":"SearchAction","target":{"@type":"EntryPoint","urlTemplate":"https:\/\/proagrolab.com.ar\/?s={search_term_string}"},"query-input":{"@type":"PropertyValueSpecification","valueRequired":true,"valueName":"search_term_string"}}],"inLanguage":"en-US"},{"@type":"Organization","@id":"https:\/\/proagrolab.com.ar\/#organization","name":"Proagro","url":"https:\/\/proagrolab.com.ar\/","logo":{"@type":"ImageObject","inLanguage":"en-US","@id":"https:\/\/proagrolab.com.ar\/#\/schema\/logo\/image\/","url":"https:\/\/proagrolab.com.ar\/wp-content\/uploads\/2020\/04\/logo-retina.png","contentUrl":"https:\/\/proagrolab.com.ar\/wp-content\/uploads\/2020\/04\/logo-retina.png","width":478,"height":120,"caption":"Proagro"},"image":{"@id":"https:\/\/proagrolab.com.ar\/#\/schema\/logo\/image\/"},"sameAs":["http:\/\/www.facebook.com\/proagrolab","https:\/\/www.instagram.com\/proagrolab\/","https:\/\/www.linkedin.com\/company\/laboratorio-proagro-s-a\/"]},{"@type":"Person","@id":"https:\/\/proagrolab.com.ar\/#\/schema\/person\/38003ff90bf80381f71c7d922d207444","name":"proagrolab"}]}},"_links":{"self":[{"href":"https:\/\/proagrolab.com.ar\/en\/wp-json\/wp\/v2\/posts\/5536","targetHints":{"allow":["GET"]}}],"collection":[{"href":"https:\/\/proagrolab.com.ar\/en\/wp-json\/wp\/v2\/posts"}],"about":[{"href":"https:\/\/proagrolab.com.ar\/en\/wp-json\/wp\/v2\/types\/post"}],"author":[{"embeddable":true,"href":"https:\/\/proagrolab.com.ar\/en\/wp-json\/wp\/v2\/users\/2"}],"replies":[{"embeddable":true,"href":"https:\/\/proagrolab.com.ar\/en\/wp-json\/wp\/v2\/comments?post=5536"}],"version-history":[{"count":0,"href":"https:\/\/proagrolab.com.ar\/en\/wp-json\/wp\/v2\/posts\/5536\/revisions"}],"wp:featuredmedia":[{"embeddable":true,"href":"https:\/\/proagrolab.com.ar\/en\/wp-json\/wp\/v2\/media\/2030"}],"wp:attachment":[{"href":"https:\/\/proagrolab.com.ar\/en\/wp-json\/wp\/v2\/media?parent=5536"}],"wp:term":[{"taxonomy":"category","embeddable":true,"href":"https:\/\/proagrolab.com.ar\/en\/wp-json\/wp\/v2\/categories?post=5536"},{"taxonomy":"post_tag","embeddable":true,"href":"https:\/\/proagrolab.com.ar\/en\/wp-json\/wp\/v2\/tags?post=5536"}],"curies":[{"name":"wp","href":"https:\/\/api.w.org\/{rel}","templated":true}]}}