{"id":544,"date":"2014-08-06T00:00:01","date_gmt":"2014-08-06T00:00:01","guid":{"rendered":"https:\/\/proagrolab.com.ar\/proagro-estara-presente-en-el-remate-anual-de-cabana-salentein\/"},"modified":"2014-08-06T00:00:01","modified_gmt":"2014-08-06T00:00:01","slug":"proagro-estara-presente-en-el-remate-anual-de-cabana-salentein","status":"publish","type":"post","link":"https:\/\/proagrolab.com.ar\/en\/proagro-estara-presente-en-el-remate-anual-de-cabana-salentein\/","title":{"rendered":"Proagro estar\u00e1 presente en el remate anual de Caba\u00f1a Salentein."},"content":{"rendered":"<p class=\"qtranxs-available-languages-message qtranxs-available-languages-message-en\"> <\/p><p>El viernes 29 de agosto se realizar\u00e1 en las instalaciones de la Caba\u00f1a San Luis de Salentein su gran remate anual, el 10mo de la caba\u00f1a y Proagro estar\u00e1 presente acompa\u00f1ando este importante evento ganadero.<\/p>\n<p>La caba\u00f1a est\u00e1 ubicada en el km 547 de la ruta 12 muy cerca de La Paz, provincia de Entre R\u00edos.<\/p>\n<p>El remate comenzar\u00e1 a las 13:30hs, previo almuerzo, en el cual la consignataria Etchevehere rural SRL ser\u00e1 la encargada de rematar 800 reproductores nacidos y criados en Entre R\u00edos y Corrientes lo cual asegura calidad y rusticidad en los animales.<\/p>\n<p>Saldr\u00e1n a pista:<br \/>50 toros Braford de 3 a\u00f1os y 400 vientres pre\u00f1ados y para entorar.<br \/>50 toros Angus negros y colorados de 3 a\u00f1os y 300 vientres pre\u00f1ados y para entorar<\/p>\n<p>Los esperamos a todos !!!<br \/><\/p>","protected":false},"excerpt":{"rendered":"<p>El viernes 29 de agosto se realizar\u00e1 en las instalaciones de la Caba\u00f1a San Luis de Salentein su gran remate anual, el 10mo de la caba\u00f1a y Proagro estar\u00e1 presente acompa\u00f1ando este importante evento ganadero. La caba\u00f1a est\u00e1 ubicada en el km 547 de la ruta 12 muy cerca de La Paz, provincia de Entre R\u00edos. El remate comenzar\u00e1 a las 13:30hs, previo almuerzo, en el cual la consignataria Etchevehere rural SRL ser\u00e1 la encargada de rematar 800 reproductores nacidos y criados en Entre R\u00edos y Corrientes lo cual asegura calidad y rusticidad en los animales. Saldr\u00e1n a pista:50 toros Braford de 3 a\u00f1os y 400 vientres pre\u00f1ados y para entorar.50 toros Angus negros y colorados de 3 a\u00f1os y 300 vientres pre\u00f1ados y para entorar Los esperamos a todos !!!<\/p>\n","protected":false},"author":2,"featured_media":519,"comment_status":"closed","ping_status":"open","sticky":false,"template":"","format":"standard","meta":{"_acf_changed":false,"footnotes":""},"categories":[56],"tags":[],"class_list":["post-544","post","type-post","status-publish","format-standard","has-post-thumbnail","hentry","category-infoganadero"],"acf":[],"yoast_head":"<!-- This site is optimized with the Yoast SEO plugin v27.4 - https:\/\/yoast.com\/product\/yoast-seo-wordpress\/ -->\n<title>Proagro estar\u00e1 presente en el remate anual de Caba\u00f1a Salentein. | Proagro<\/title>\n<meta name=\"robots\" content=\"index, follow, max-snippet:-1, max-image-preview:large, max-video-preview:-1\" \/>\n<link rel=\"canonical\" href=\"https:\/\/proagrolab.com.ar\/en\/proagro-estara-presente-en-el-remate-anual-de-cabana-salentein\/\" \/>\n<meta property=\"og:locale\" content=\"en_US\" \/>\n<meta property=\"og:type\" content=\"article\" \/>\n<meta property=\"og:title\" content=\"Proagro estar\u00e1 presente en el remate anual de Caba\u00f1a Salentein. | Proagro\" \/>\n<meta property=\"og:description\" content=\"El viernes 29 de agosto se realizar\u00e1 en las instalaciones de la Caba\u00f1a San Luis de Salentein su gran remate anual, el 10mo de la caba\u00f1a y Proagro estar\u00e1 presente acompa\u00f1ando este importante evento ganadero. La caba\u00f1a est\u00e1 ubicada en el km 547 de la ruta 12 muy cerca de La Paz, provincia de Entre R\u00edos. El remate comenzar\u00e1 a las 13:30hs, previo almuerzo, en el cual la consignataria Etchevehere rural SRL ser\u00e1 la encargada de rematar 800 reproductores nacidos y criados en Entre R\u00edos y Corrientes lo cual asegura calidad y rusticidad en los animales. Saldr\u00e1n a pista:50 toros Braford de 3 a\u00f1os y 400 vientres pre\u00f1ados y para entorar.50 toros Angus negros y colorados de 3 a\u00f1os y 300 vientres pre\u00f1ados y para entorar Los esperamos a todos !!!\" \/>\n<meta property=\"og:url\" content=\"https:\/\/proagrolab.com.ar\/proagro-estara-presente-en-el-remate-anual-de-cabana-salentein\/\" \/>\n<meta property=\"og:site_name\" content=\"Proagro\" \/>\n<meta property=\"article:publisher\" content=\"http:\/\/www.facebook.com\/proagrolab\" \/>\n<meta property=\"article:published_time\" content=\"2014-08-06T00:00:01+00:00\" \/>\n<meta property=\"og:image\" content=\"https:\/\/proagrolab.com.ar\/wp-content\/uploads\/2015\/01\/g_jnoerlcyl__Remate-Salentein.jpg\" \/>\n\t<meta property=\"og:image:width\" content=\"450\" \/>\n\t<meta property=\"og:image:height\" content=\"208\" \/>\n\t<meta property=\"og:image:type\" content=\"image\/jpeg\" \/>\n<meta name=\"author\" content=\"proagrolab\" \/>\n<meta name=\"twitter:card\" content=\"summary_large_image\" \/>\n<meta name=\"twitter:label1\" content=\"Written by\" \/>\n\t<meta name=\"twitter:data1\" content=\"proagrolab\" \/>\n\t<meta name=\"twitter:label2\" content=\"Est. reading time\" \/>\n\t<meta name=\"twitter:data2\" content=\"1 minute\" \/>\n<script type=\"application\/ld+json\" class=\"yoast-schema-graph\">{\"@context\":\"https:\\\/\\\/schema.org\",\"@graph\":[{\"@type\":\"Article\",\"@id\":\"https:\\\/\\\/proagrolab.com.ar\\\/proagro-estara-presente-en-el-remate-anual-de-cabana-salentein\\\/#article\",\"isPartOf\":{\"@id\":\"https:\\\/\\\/proagrolab.com.ar\\\/proagro-estara-presente-en-el-remate-anual-de-cabana-salentein\\\/\"},\"author\":{\"name\":\"proagrolab\",\"@id\":\"https:\\\/\\\/proagrolab.com.ar\\\/#\\\/schema\\\/person\\\/38003ff90bf80381f71c7d922d207444\"},\"headline\":\"Proagro estar\u00e1 presente en el remate anual de Caba\u00f1a Salentein.\",\"datePublished\":\"2014-08-06T00:00:01+00:00\",\"mainEntityOfPage\":{\"@id\":\"https:\\\/\\\/proagrolab.com.ar\\\/proagro-estara-presente-en-el-remate-anual-de-cabana-salentein\\\/\"},\"wordCount\":144,\"publisher\":{\"@id\":\"https:\\\/\\\/proagrolab.com.ar\\\/#organization\"},\"image\":{\"@id\":\"https:\\\/\\\/proagrolab.com.ar\\\/proagro-estara-presente-en-el-remate-anual-de-cabana-salentein\\\/#primaryimage\"},\"thumbnailUrl\":\"https:\\\/\\\/proagrolab.com.ar\\\/wp-content\\\/uploads\\\/2015\\\/01\\\/g_jnoerlcyl__Remate-Salentein.jpg\",\"articleSection\":[\"News\"],\"inLanguage\":\"en-US\"},{\"@type\":\"WebPage\",\"@id\":\"https:\\\/\\\/proagrolab.com.ar\\\/proagro-estara-presente-en-el-remate-anual-de-cabana-salentein\\\/\",\"url\":\"https:\\\/\\\/proagrolab.com.ar\\\/proagro-estara-presente-en-el-remate-anual-de-cabana-salentein\\\/\",\"name\":\"Proagro estar\u00e1 presente en el remate anual de Caba\u00f1a Salentein. | Proagro\",\"isPartOf\":{\"@id\":\"https:\\\/\\\/proagrolab.com.ar\\\/#website\"},\"primaryImageOfPage\":{\"@id\":\"https:\\\/\\\/proagrolab.com.ar\\\/proagro-estara-presente-en-el-remate-anual-de-cabana-salentein\\\/#primaryimage\"},\"image\":{\"@id\":\"https:\\\/\\\/proagrolab.com.ar\\\/proagro-estara-presente-en-el-remate-anual-de-cabana-salentein\\\/#primaryimage\"},\"thumbnailUrl\":\"https:\\\/\\\/proagrolab.com.ar\\\/wp-content\\\/uploads\\\/2015\\\/01\\\/g_jnoerlcyl__Remate-Salentein.jpg\",\"datePublished\":\"2014-08-06T00:00:01+00:00\",\"breadcrumb\":{\"@id\":\"https:\\\/\\\/proagrolab.com.ar\\\/proagro-estara-presente-en-el-remate-anual-de-cabana-salentein\\\/#breadcrumb\"},\"inLanguage\":\"en-US\",\"potentialAction\":[{\"@type\":\"ReadAction\",\"target\":[\"https:\\\/\\\/proagrolab.com.ar\\\/proagro-estara-presente-en-el-remate-anual-de-cabana-salentein\\\/\"]}]},{\"@type\":\"ImageObject\",\"inLanguage\":\"en-US\",\"@id\":\"https:\\\/\\\/proagrolab.com.ar\\\/proagro-estara-presente-en-el-remate-anual-de-cabana-salentein\\\/#primaryimage\",\"url\":\"https:\\\/\\\/proagrolab.com.ar\\\/wp-content\\\/uploads\\\/2015\\\/01\\\/g_jnoerlcyl__Remate-Salentein.jpg\",\"contentUrl\":\"https:\\\/\\\/proagrolab.com.ar\\\/wp-content\\\/uploads\\\/2015\\\/01\\\/g_jnoerlcyl__Remate-Salentein.jpg\",\"width\":450,\"height\":208},{\"@type\":\"BreadcrumbList\",\"@id\":\"https:\\\/\\\/proagrolab.com.ar\\\/proagro-estara-presente-en-el-remate-anual-de-cabana-salentein\\\/#breadcrumb\",\"itemListElement\":[{\"@type\":\"ListItem\",\"position\":1,\"name\":\"Portada\",\"item\":\"https:\\\/\\\/proagrolab.com.ar\\\/\"},{\"@type\":\"ListItem\",\"position\":2,\"name\":\"Proagro estar\u00e1 presente en el remate anual de Caba\u00f1a Salentein.\"}]},{\"@type\":\"WebSite\",\"@id\":\"https:\\\/\\\/proagrolab.com.ar\\\/#website\",\"url\":\"https:\\\/\\\/proagrolab.com.ar\\\/\",\"name\":\"Proagro Laboratorio Veterinario\",\"description\":\"Veterinary laboratory\",\"publisher\":{\"@id\":\"https:\\\/\\\/proagrolab.com.ar\\\/#organization\"},\"potentialAction\":[{\"@type\":\"SearchAction\",\"target\":{\"@type\":\"EntryPoint\",\"urlTemplate\":\"https:\\\/\\\/proagrolab.com.ar\\\/?s={search_term_string}\"},\"query-input\":{\"@type\":\"PropertyValueSpecification\",\"valueRequired\":true,\"valueName\":\"search_term_string\"}}],\"inLanguage\":\"en-US\"},{\"@type\":\"Organization\",\"@id\":\"https:\\\/\\\/proagrolab.com.ar\\\/#organization\",\"name\":\"Proagro\",\"url\":\"https:\\\/\\\/proagrolab.com.ar\\\/\",\"logo\":{\"@type\":\"ImageObject\",\"inLanguage\":\"en-US\",\"@id\":\"https:\\\/\\\/proagrolab.com.ar\\\/#\\\/schema\\\/logo\\\/image\\\/\",\"url\":\"https:\\\/\\\/proagrolab.com.ar\\\/wp-content\\\/uploads\\\/2020\\\/04\\\/logo-retina.png\",\"contentUrl\":\"https:\\\/\\\/proagrolab.com.ar\\\/wp-content\\\/uploads\\\/2020\\\/04\\\/logo-retina.png\",\"width\":478,\"height\":120,\"caption\":\"Proagro\"},\"image\":{\"@id\":\"https:\\\/\\\/proagrolab.com.ar\\\/#\\\/schema\\\/logo\\\/image\\\/\"},\"sameAs\":[\"http:\\\/\\\/www.facebook.com\\\/proagrolab\",\"https:\\\/\\\/www.instagram.com\\\/proagrolab\\\/\",\"https:\\\/\\\/www.linkedin.com\\\/company\\\/laboratorio-proagro-s-a\\\/\"]},{\"@type\":\"Person\",\"@id\":\"https:\\\/\\\/proagrolab.com.ar\\\/#\\\/schema\\\/person\\\/38003ff90bf80381f71c7d922d207444\",\"name\":\"proagrolab\"}]}<\/script>\n<!-- \/ Yoast SEO plugin. -->","yoast_head_json":{"title":"Proagro estar\u00e1 presente en el remate anual de Caba\u00f1a Salentein. | Proagro","robots":{"index":"index","follow":"follow","max-snippet":"max-snippet:-1","max-image-preview":"max-image-preview:large","max-video-preview":"max-video-preview:-1"},"canonical":"https:\/\/proagrolab.com.ar\/en\/proagro-estara-presente-en-el-remate-anual-de-cabana-salentein\/","og_locale":"en_US","og_type":"article","og_title":"Proagro estar\u00e1 presente en el remate anual de Caba\u00f1a Salentein. | Proagro","og_description":"El viernes 29 de agosto se realizar\u00e1 en las instalaciones de la Caba\u00f1a San Luis de Salentein su gran remate anual, el 10mo de la caba\u00f1a y Proagro estar\u00e1 presente acompa\u00f1ando este importante evento ganadero. La caba\u00f1a est\u00e1 ubicada en el km 547 de la ruta 12 muy cerca de La Paz, provincia de Entre R\u00edos. El remate comenzar\u00e1 a las 13:30hs, previo almuerzo, en el cual la consignataria Etchevehere rural SRL ser\u00e1 la encargada de rematar 800 reproductores nacidos y criados en Entre R\u00edos y Corrientes lo cual asegura calidad y rusticidad en los animales. Saldr\u00e1n a pista:50 toros Braford de 3 a\u00f1os y 400 vientres pre\u00f1ados y para entorar.50 toros Angus negros y colorados de 3 a\u00f1os y 300 vientres pre\u00f1ados y para entorar Los esperamos a todos !!!","og_url":"https:\/\/proagrolab.com.ar\/proagro-estara-presente-en-el-remate-anual-de-cabana-salentein\/","og_site_name":"Proagro","article_publisher":"http:\/\/www.facebook.com\/proagrolab","article_published_time":"2014-08-06T00:00:01+00:00","og_image":[{"width":450,"height":208,"url":"https:\/\/proagrolab.com.ar\/wp-content\/uploads\/2015\/01\/g_jnoerlcyl__Remate-Salentein.jpg","type":"image\/jpeg"}],"author":"proagrolab","twitter_card":"summary_large_image","twitter_misc":{"Written by":"proagrolab","Est. reading time":"1 minute"},"schema":{"@context":"https:\/\/schema.org","@graph":[{"@type":"Article","@id":"https:\/\/proagrolab.com.ar\/proagro-estara-presente-en-el-remate-anual-de-cabana-salentein\/#article","isPartOf":{"@id":"https:\/\/proagrolab.com.ar\/proagro-estara-presente-en-el-remate-anual-de-cabana-salentein\/"},"author":{"name":"proagrolab","@id":"https:\/\/proagrolab.com.ar\/#\/schema\/person\/38003ff90bf80381f71c7d922d207444"},"headline":"Proagro estar\u00e1 presente en el remate anual de Caba\u00f1a Salentein.","datePublished":"2014-08-06T00:00:01+00:00","mainEntityOfPage":{"@id":"https:\/\/proagrolab.com.ar\/proagro-estara-presente-en-el-remate-anual-de-cabana-salentein\/"},"wordCount":144,"publisher":{"@id":"https:\/\/proagrolab.com.ar\/#organization"},"image":{"@id":"https:\/\/proagrolab.com.ar\/proagro-estara-presente-en-el-remate-anual-de-cabana-salentein\/#primaryimage"},"thumbnailUrl":"https:\/\/proagrolab.com.ar\/wp-content\/uploads\/2015\/01\/g_jnoerlcyl__Remate-Salentein.jpg","articleSection":["News"],"inLanguage":"en-US"},{"@type":"WebPage","@id":"https:\/\/proagrolab.com.ar\/proagro-estara-presente-en-el-remate-anual-de-cabana-salentein\/","url":"https:\/\/proagrolab.com.ar\/proagro-estara-presente-en-el-remate-anual-de-cabana-salentein\/","name":"Proagro estar\u00e1 presente en el remate anual de Caba\u00f1a Salentein. | Proagro","isPartOf":{"@id":"https:\/\/proagrolab.com.ar\/#website"},"primaryImageOfPage":{"@id":"https:\/\/proagrolab.com.ar\/proagro-estara-presente-en-el-remate-anual-de-cabana-salentein\/#primaryimage"},"image":{"@id":"https:\/\/proagrolab.com.ar\/proagro-estara-presente-en-el-remate-anual-de-cabana-salentein\/#primaryimage"},"thumbnailUrl":"https:\/\/proagrolab.com.ar\/wp-content\/uploads\/2015\/01\/g_jnoerlcyl__Remate-Salentein.jpg","datePublished":"2014-08-06T00:00:01+00:00","breadcrumb":{"@id":"https:\/\/proagrolab.com.ar\/proagro-estara-presente-en-el-remate-anual-de-cabana-salentein\/#breadcrumb"},"inLanguage":"en-US","potentialAction":[{"@type":"ReadAction","target":["https:\/\/proagrolab.com.ar\/proagro-estara-presente-en-el-remate-anual-de-cabana-salentein\/"]}]},{"@type":"ImageObject","inLanguage":"en-US","@id":"https:\/\/proagrolab.com.ar\/proagro-estara-presente-en-el-remate-anual-de-cabana-salentein\/#primaryimage","url":"https:\/\/proagrolab.com.ar\/wp-content\/uploads\/2015\/01\/g_jnoerlcyl__Remate-Salentein.jpg","contentUrl":"https:\/\/proagrolab.com.ar\/wp-content\/uploads\/2015\/01\/g_jnoerlcyl__Remate-Salentein.jpg","width":450,"height":208},{"@type":"BreadcrumbList","@id":"https:\/\/proagrolab.com.ar\/proagro-estara-presente-en-el-remate-anual-de-cabana-salentein\/#breadcrumb","itemListElement":[{"@type":"ListItem","position":1,"name":"Portada","item":"https:\/\/proagrolab.com.ar\/"},{"@type":"ListItem","position":2,"name":"Proagro estar\u00e1 presente en el remate anual de Caba\u00f1a Salentein."}]},{"@type":"WebSite","@id":"https:\/\/proagrolab.com.ar\/#website","url":"https:\/\/proagrolab.com.ar\/","name":"Proagro Laboratorio Veterinario","description":"Veterinary laboratory","publisher":{"@id":"https:\/\/proagrolab.com.ar\/#organization"},"potentialAction":[{"@type":"SearchAction","target":{"@type":"EntryPoint","urlTemplate":"https:\/\/proagrolab.com.ar\/?s={search_term_string}"},"query-input":{"@type":"PropertyValueSpecification","valueRequired":true,"valueName":"search_term_string"}}],"inLanguage":"en-US"},{"@type":"Organization","@id":"https:\/\/proagrolab.com.ar\/#organization","name":"Proagro","url":"https:\/\/proagrolab.com.ar\/","logo":{"@type":"ImageObject","inLanguage":"en-US","@id":"https:\/\/proagrolab.com.ar\/#\/schema\/logo\/image\/","url":"https:\/\/proagrolab.com.ar\/wp-content\/uploads\/2020\/04\/logo-retina.png","contentUrl":"https:\/\/proagrolab.com.ar\/wp-content\/uploads\/2020\/04\/logo-retina.png","width":478,"height":120,"caption":"Proagro"},"image":{"@id":"https:\/\/proagrolab.com.ar\/#\/schema\/logo\/image\/"},"sameAs":["http:\/\/www.facebook.com\/proagrolab","https:\/\/www.instagram.com\/proagrolab\/","https:\/\/www.linkedin.com\/company\/laboratorio-proagro-s-a\/"]},{"@type":"Person","@id":"https:\/\/proagrolab.com.ar\/#\/schema\/person\/38003ff90bf80381f71c7d922d207444","name":"proagrolab"}]}},"_links":{"self":[{"href":"https:\/\/proagrolab.com.ar\/en\/wp-json\/wp\/v2\/posts\/544","targetHints":{"allow":["GET"]}}],"collection":[{"href":"https:\/\/proagrolab.com.ar\/en\/wp-json\/wp\/v2\/posts"}],"about":[{"href":"https:\/\/proagrolab.com.ar\/en\/wp-json\/wp\/v2\/types\/post"}],"author":[{"embeddable":true,"href":"https:\/\/proagrolab.com.ar\/en\/wp-json\/wp\/v2\/users\/2"}],"replies":[{"embeddable":true,"href":"https:\/\/proagrolab.com.ar\/en\/wp-json\/wp\/v2\/comments?post=544"}],"version-history":[{"count":0,"href":"https:\/\/proagrolab.com.ar\/en\/wp-json\/wp\/v2\/posts\/544\/revisions"}],"wp:featuredmedia":[{"embeddable":true,"href":"https:\/\/proagrolab.com.ar\/en\/wp-json\/wp\/v2\/media\/519"}],"wp:attachment":[{"href":"https:\/\/proagrolab.com.ar\/en\/wp-json\/wp\/v2\/media?parent=544"}],"wp:term":[{"taxonomy":"category","embeddable":true,"href":"https:\/\/proagrolab.com.ar\/en\/wp-json\/wp\/v2\/categories?post=544"},{"taxonomy":"post_tag","embeddable":true,"href":"https:\/\/proagrolab.com.ar\/en\/wp-json\/wp\/v2\/tags?post=544"}],"curies":[{"name":"wp","href":"https:\/\/api.w.org\/{rel}","templated":true}]}}