{"id":543,"date":"2014-07-03T00:00:01","date_gmt":"2014-07-03T00:00:01","guid":{"rendered":"https:\/\/proagrolab.com.ar\/primeras-jornadas-entrerrianas-de-actualizacion-veterinaria\/"},"modified":"2014-07-03T00:00:01","modified_gmt":"2014-07-03T00:00:01","slug":"primeras-jornadas-entrerrianas-de-actualizacion-veterinaria","status":"publish","type":"post","link":"https:\/\/proagrolab.com.ar\/en\/primeras-jornadas-entrerrianas-de-actualizacion-veterinaria\/","title":{"rendered":"Primeras Jornadas Entrerrianas de Actualizaci\u00f3n Veterinaria."},"content":{"rendered":"<p class=\"qtranxs-available-languages-message qtranxs-available-languages-message-en\"> <\/p><p>Paran\u00e1 sede de las primeras Jornadas Entrerrianas de Actualizaci\u00f3n Veterinaria.<br \/>Durante los d\u00edas 10 y 11 de octubre de 2014, el Colegio de M\u00e9dicos Veterinarios de Entre R\u00edos junto a Vet Comunicaciones celebrar\u00e1 las Jornadas Entrerrianas de Actualizaci\u00f3n Veterinaria.<\/p>\n<p>El programa tiene estipulado durante el primer d\u00eda abordar toda la tem\u00e1tica inherente a animales de compa\u00f1\u00eda y mientras que&nbsp; la segunda jornada ser\u00e1 dedicada exclusivamente a animales de producci\u00f3n.<\/p>\n<p>El Pte del Colegio el Dr. Juan Durand en di\u00e1logo con Mundo Rural puntualiz\u00f3 que el evento, es el primero en su tipo organizado por la instituci\u00f3n&nbsp; y se desarrollar\u00e1 en el Centro Cultural Juan L. Ortiz en la capital entrerriana. Durand destac\u00f3 fundamentalmente que en la segunda jornada dedicada a los grandes animales&nbsp; se van a desarrollar&nbsp; temas relacionados con la nutrici\u00f3n, el bienestar animal,&nbsp; la actividad porcina, y a la resistencia a los antibi\u00f3ticos, entre otros .<\/p>\n<p>Son jornadas dirigidas a profesionales y estudiantes avanzados de veterinaria y las inscripciones ya se encuentra abiertas.<\/p>\n<p><i>Programa de las dos jornadas<\/i><\/p>\n<p><b><i>Animales de Compa\u00f1\u00eda<\/i><\/b><br \/>D\u00eda 10 de octubre<br \/>8:00 Acreditaci\u00f3n<\/p>\n<p>9:00 \u0096 10:30 Alejandro Paludi. Tema: \u0093Como abordar un paciente felino cuyo signo es la anorexia?\u0094<\/p>\n<p>10:30 a 11:00: Break<\/p>\n<p>11:00 -12:30: Carlos Imparato. Tema: \u0093Ecograf\u00eda de la Cl\u00ednica\u0094(una primer mirada para la buena gesti\u00f3n de la Cl\u00ednica Veterinaria)<\/p>\n<p>12:30 -13:00: Presentaciones de empresas (Spot publicitarios)<\/p>\n<p>13:00 a 14:00: Almuerzo libre<\/p>\n<p>14:30 -16:00 Gabriel Semiglia. Tema:\u0094Errores quir\u00fargicos\u0094<\/p>\n<p>16:00 a 16:30: Break<\/p>\n<p>16:30 -18:00: Patricia Konsinsuck. Tema:\u0094 Mejorando el bienestar de nuestros pacientes \u0093<\/p>\n<p>18:00 a 18:30: Break \u0096 Sorteos<\/p>\n<p><b><i>Animales de Producci\u00f3n<\/i><\/b><br \/>D\u00eda 11 de octubre<br \/>8:00: Acreditaci\u00f3n<\/p>\n<p>9:00 -10:00: DEP\u0092s : C\u00f3mo y para qu\u00e9 utilizarlos en programas de mejora de rodeo para carne . Disertante: Director del Centro Gen\u00e9tico \u0093 Las Lilas \u0093<\/p>\n<p>10:00 a 10:30: Break<\/p>\n<p>10:30 -11:30: Patolog\u00edas de alta incidencia productiva en la producci\u00f3n porcina en Argentina. Disertante: Dr. Perfumo<\/p>\n<p>11:30 a 12:00: Break. Presentaci\u00f3n de empresas (Spot publicitarios)<\/p>\n<p>12:00 \u0096 13:00: Control sustentable de las parasitosis bovina. Disertante: Dr. C\u00e9sar Fiel<\/p>\n<p>13:00 a 14:30: Almuerzo libre<\/p>\n<p>14:30 \u0096 15:30: Esquema de suplementaci\u00f3n y engorde en confinamiento bovinos para carne. Disertante: Sebasti\u00e1n Vittone \u0096 INTA<\/p>\n<p>15:30 a 16:00: Break<\/p>\n<p>16:00 \u0096 17:00: Actualizaci\u00f3n en protocolos de sincronizaci\u00f3n\/indicci\u00f3n de celos. Disertante: Lucas Cutaia \u0096 UNLP<\/p>\n<p>17:00 a 17:30: Break<\/p>\n<p>17:30 \u0096 18:30: Origen y resoluci\u00f3n de disturbios asociados a la alimentaci\u00f3n en feedlot. Disertante: Dr. F\u00e9lix Costa \u0096 UNLP<\/p>\n<p>18:30: Break. Sorteos<\/p>\n<p><i>Informes e inscripci\u00f3n:<\/i><br \/>Colegio de M\u00e9dicos Veterinarios de Entre R\u00edos<br \/>Santa Fe 111 \u0096 Paran\u00e1<br \/>Tel 0343 4224519 <br \/><span style=\"font-size:12.0pt;font-family:Arial;\nmso-fareast-font-family:&quot;Times New Roman&quot;;mso-ansi-language:ES;mso-fareast-language:\nES;mso-bidi-language:AR-SA\"><a href=\"mailto:colmvet@gmail.com\">colmvet@gmail.com<\/a> <\/span><br \/><\/p>","protected":false},"excerpt":{"rendered":"<p>Paran\u00e1 sede de las primeras Jornadas Entrerrianas de Actualizaci\u00f3n Veterinaria.Durante los d\u00edas 10 y 11 de octubre de 2014, el Colegio de M\u00e9dicos Veterinarios de Entre R\u00edos junto a Vet Comunicaciones celebrar\u00e1 las Jornadas Entrerrianas de Actualizaci\u00f3n Veterinaria. El programa tiene estipulado durante el primer d\u00eda abordar toda la tem\u00e1tica inherente a animales de compa\u00f1\u00eda y mientras que&nbsp; la segunda jornada ser\u00e1 dedicada exclusivamente a animales de producci\u00f3n. El Pte del Colegio el Dr. Juan Durand en di\u00e1logo con Mundo Rural puntualiz\u00f3 que el evento, es el primero en su tipo organizado por la instituci\u00f3n&nbsp; y se desarrollar\u00e1 en el Centro Cultural Juan L. Ortiz en la capital entrerriana. Durand destac\u00f3 fundamentalmente que en la segunda jornada dedicada a los grandes animales&nbsp; se van a desarrollar&nbsp; temas relacionados con la nutrici\u00f3n, el bienestar animal,&nbsp; la actividad porcina, y a la resistencia a los antibi\u00f3ticos, entre otros . Son jornadas dirigidas a profesionales y estudiantes avanzados de veterinaria y las inscripciones ya se encuentra abiertas. Programa de las dos jornadas Animales de Compa\u00f1\u00edaD\u00eda 10 de octubre8:00 Acreditaci\u00f3n 9:00 \u0096 10:30 Alejandro Paludi. Tema: \u0093Como abordar un paciente felino cuyo signo es la anorexia?\u0094 10:30 a 11:00: Break 11:00 -12:30: Carlos Imparato. [&hellip;]<\/p>\n","protected":false},"author":2,"featured_media":518,"comment_status":"closed","ping_status":"open","sticky":false,"template":"","format":"standard","meta":{"_acf_changed":false,"footnotes":""},"categories":[56],"tags":[],"class_list":["post-543","post","type-post","status-publish","format-standard","has-post-thumbnail","hentry","category-infoganadero"],"acf":[],"yoast_head":"<!-- This site is optimized with the Yoast SEO plugin v27.4 - https:\/\/yoast.com\/product\/yoast-seo-wordpress\/ -->\n<title>Primeras Jornadas Entrerrianas de Actualizaci\u00f3n Veterinaria. | Proagro<\/title>\n<meta name=\"robots\" content=\"index, follow, max-snippet:-1, max-image-preview:large, max-video-preview:-1\" \/>\n<link rel=\"canonical\" href=\"https:\/\/proagrolab.com.ar\/en\/primeras-jornadas-entrerrianas-de-actualizacion-veterinaria\/\" \/>\n<meta property=\"og:locale\" content=\"en_US\" \/>\n<meta property=\"og:type\" content=\"article\" \/>\n<meta property=\"og:title\" content=\"Primeras Jornadas Entrerrianas de Actualizaci\u00f3n Veterinaria. | Proagro\" \/>\n<meta property=\"og:description\" content=\"Paran\u00e1 sede de las primeras Jornadas Entrerrianas de Actualizaci\u00f3n Veterinaria.Durante los d\u00edas 10 y 11 de octubre de 2014, el Colegio de M\u00e9dicos Veterinarios de Entre R\u00edos junto a Vet Comunicaciones celebrar\u00e1 las Jornadas Entrerrianas de Actualizaci\u00f3n Veterinaria. El programa tiene estipulado durante el primer d\u00eda abordar toda la tem\u00e1tica inherente a animales de compa\u00f1\u00eda y mientras que&nbsp; la segunda jornada ser\u00e1 dedicada exclusivamente a animales de producci\u00f3n. El Pte del Colegio el Dr. Juan Durand en di\u00e1logo con Mundo Rural puntualiz\u00f3 que el evento, es el primero en su tipo organizado por la instituci\u00f3n&nbsp; y se desarrollar\u00e1 en el Centro Cultural Juan L. Ortiz en la capital entrerriana. Durand destac\u00f3 fundamentalmente que en la segunda jornada dedicada a los grandes animales&nbsp; se van a desarrollar&nbsp; temas relacionados con la nutrici\u00f3n, el bienestar animal,&nbsp; la actividad porcina, y a la resistencia a los antibi\u00f3ticos, entre otros . Son jornadas dirigidas a profesionales y estudiantes avanzados de veterinaria y las inscripciones ya se encuentra abiertas. Programa de las dos jornadas Animales de Compa\u00f1\u00edaD\u00eda 10 de octubre8:00 Acreditaci\u00f3n 9:00 \u0096 10:30 Alejandro Paludi. Tema: \u0093Como abordar un paciente felino cuyo signo es la anorexia?\u0094 10:30 a 11:00: Break 11:00 -12:30: Carlos Imparato. [&hellip;]\" \/>\n<meta property=\"og:url\" content=\"https:\/\/proagrolab.com.ar\/primeras-jornadas-entrerrianas-de-actualizacion-veterinaria\/\" \/>\n<meta property=\"og:site_name\" content=\"Proagro\" \/>\n<meta property=\"article:publisher\" content=\"http:\/\/www.facebook.com\/proagrolab\" \/>\n<meta property=\"article:published_time\" content=\"2014-07-03T00:00:01+00:00\" \/>\n<meta property=\"og:image\" content=\"https:\/\/proagrolab.com.ar\/wp-content\/uploads\/2015\/01\/g_wzuaim48e__Jornadas-veterinarias-Entre-Rios.jpg\" \/>\n\t<meta property=\"og:image:width\" content=\"450\" \/>\n\t<meta property=\"og:image:height\" content=\"208\" \/>\n\t<meta property=\"og:image:type\" content=\"image\/jpeg\" \/>\n<meta name=\"author\" content=\"proagrolab\" \/>\n<meta name=\"twitter:card\" content=\"summary_large_image\" \/>\n<meta name=\"twitter:label1\" content=\"Written by\" \/>\n\t<meta name=\"twitter:data1\" content=\"proagrolab\" \/>\n\t<meta name=\"twitter:label2\" content=\"Est. reading time\" \/>\n\t<meta name=\"twitter:data2\" content=\"2 minutes\" \/>\n<script type=\"application\/ld+json\" class=\"yoast-schema-graph\">{\"@context\":\"https:\\\/\\\/schema.org\",\"@graph\":[{\"@type\":\"Article\",\"@id\":\"https:\\\/\\\/proagrolab.com.ar\\\/primeras-jornadas-entrerrianas-de-actualizacion-veterinaria\\\/#article\",\"isPartOf\":{\"@id\":\"https:\\\/\\\/proagrolab.com.ar\\\/primeras-jornadas-entrerrianas-de-actualizacion-veterinaria\\\/\"},\"author\":{\"name\":\"proagrolab\",\"@id\":\"https:\\\/\\\/proagrolab.com.ar\\\/#\\\/schema\\\/person\\\/38003ff90bf80381f71c7d922d207444\"},\"headline\":\"Primeras Jornadas Entrerrianas de Actualizaci\u00f3n Veterinaria.\",\"datePublished\":\"2014-07-03T00:00:01+00:00\",\"mainEntityOfPage\":{\"@id\":\"https:\\\/\\\/proagrolab.com.ar\\\/primeras-jornadas-entrerrianas-de-actualizacion-veterinaria\\\/\"},\"wordCount\":421,\"publisher\":{\"@id\":\"https:\\\/\\\/proagrolab.com.ar\\\/#organization\"},\"image\":{\"@id\":\"https:\\\/\\\/proagrolab.com.ar\\\/primeras-jornadas-entrerrianas-de-actualizacion-veterinaria\\\/#primaryimage\"},\"thumbnailUrl\":\"https:\\\/\\\/proagrolab.com.ar\\\/wp-content\\\/uploads\\\/2015\\\/01\\\/g_wzuaim48e__Jornadas-veterinarias-Entre-Rios.jpg\",\"articleSection\":[\"News\"],\"inLanguage\":\"en-US\"},{\"@type\":\"WebPage\",\"@id\":\"https:\\\/\\\/proagrolab.com.ar\\\/primeras-jornadas-entrerrianas-de-actualizacion-veterinaria\\\/\",\"url\":\"https:\\\/\\\/proagrolab.com.ar\\\/primeras-jornadas-entrerrianas-de-actualizacion-veterinaria\\\/\",\"name\":\"Primeras Jornadas Entrerrianas de Actualizaci\u00f3n Veterinaria. | Proagro\",\"isPartOf\":{\"@id\":\"https:\\\/\\\/proagrolab.com.ar\\\/#website\"},\"primaryImageOfPage\":{\"@id\":\"https:\\\/\\\/proagrolab.com.ar\\\/primeras-jornadas-entrerrianas-de-actualizacion-veterinaria\\\/#primaryimage\"},\"image\":{\"@id\":\"https:\\\/\\\/proagrolab.com.ar\\\/primeras-jornadas-entrerrianas-de-actualizacion-veterinaria\\\/#primaryimage\"},\"thumbnailUrl\":\"https:\\\/\\\/proagrolab.com.ar\\\/wp-content\\\/uploads\\\/2015\\\/01\\\/g_wzuaim48e__Jornadas-veterinarias-Entre-Rios.jpg\",\"datePublished\":\"2014-07-03T00:00:01+00:00\",\"breadcrumb\":{\"@id\":\"https:\\\/\\\/proagrolab.com.ar\\\/primeras-jornadas-entrerrianas-de-actualizacion-veterinaria\\\/#breadcrumb\"},\"inLanguage\":\"en-US\",\"potentialAction\":[{\"@type\":\"ReadAction\",\"target\":[\"https:\\\/\\\/proagrolab.com.ar\\\/primeras-jornadas-entrerrianas-de-actualizacion-veterinaria\\\/\"]}]},{\"@type\":\"ImageObject\",\"inLanguage\":\"en-US\",\"@id\":\"https:\\\/\\\/proagrolab.com.ar\\\/primeras-jornadas-entrerrianas-de-actualizacion-veterinaria\\\/#primaryimage\",\"url\":\"https:\\\/\\\/proagrolab.com.ar\\\/wp-content\\\/uploads\\\/2015\\\/01\\\/g_wzuaim48e__Jornadas-veterinarias-Entre-Rios.jpg\",\"contentUrl\":\"https:\\\/\\\/proagrolab.com.ar\\\/wp-content\\\/uploads\\\/2015\\\/01\\\/g_wzuaim48e__Jornadas-veterinarias-Entre-Rios.jpg\",\"width\":450,\"height\":208},{\"@type\":\"BreadcrumbList\",\"@id\":\"https:\\\/\\\/proagrolab.com.ar\\\/primeras-jornadas-entrerrianas-de-actualizacion-veterinaria\\\/#breadcrumb\",\"itemListElement\":[{\"@type\":\"ListItem\",\"position\":1,\"name\":\"Portada\",\"item\":\"https:\\\/\\\/proagrolab.com.ar\\\/\"},{\"@type\":\"ListItem\",\"position\":2,\"name\":\"Primeras Jornadas Entrerrianas de Actualizaci\u00f3n Veterinaria.\"}]},{\"@type\":\"WebSite\",\"@id\":\"https:\\\/\\\/proagrolab.com.ar\\\/#website\",\"url\":\"https:\\\/\\\/proagrolab.com.ar\\\/\",\"name\":\"Proagro Laboratorio Veterinario\",\"description\":\"Veterinary laboratory\",\"publisher\":{\"@id\":\"https:\\\/\\\/proagrolab.com.ar\\\/#organization\"},\"potentialAction\":[{\"@type\":\"SearchAction\",\"target\":{\"@type\":\"EntryPoint\",\"urlTemplate\":\"https:\\\/\\\/proagrolab.com.ar\\\/?s={search_term_string}\"},\"query-input\":{\"@type\":\"PropertyValueSpecification\",\"valueRequired\":true,\"valueName\":\"search_term_string\"}}],\"inLanguage\":\"en-US\"},{\"@type\":\"Organization\",\"@id\":\"https:\\\/\\\/proagrolab.com.ar\\\/#organization\",\"name\":\"Proagro\",\"url\":\"https:\\\/\\\/proagrolab.com.ar\\\/\",\"logo\":{\"@type\":\"ImageObject\",\"inLanguage\":\"en-US\",\"@id\":\"https:\\\/\\\/proagrolab.com.ar\\\/#\\\/schema\\\/logo\\\/image\\\/\",\"url\":\"https:\\\/\\\/proagrolab.com.ar\\\/wp-content\\\/uploads\\\/2020\\\/04\\\/logo-retina.png\",\"contentUrl\":\"https:\\\/\\\/proagrolab.com.ar\\\/wp-content\\\/uploads\\\/2020\\\/04\\\/logo-retina.png\",\"width\":478,\"height\":120,\"caption\":\"Proagro\"},\"image\":{\"@id\":\"https:\\\/\\\/proagrolab.com.ar\\\/#\\\/schema\\\/logo\\\/image\\\/\"},\"sameAs\":[\"http:\\\/\\\/www.facebook.com\\\/proagrolab\",\"https:\\\/\\\/www.instagram.com\\\/proagrolab\\\/\",\"https:\\\/\\\/www.linkedin.com\\\/company\\\/laboratorio-proagro-s-a\\\/\"]},{\"@type\":\"Person\",\"@id\":\"https:\\\/\\\/proagrolab.com.ar\\\/#\\\/schema\\\/person\\\/38003ff90bf80381f71c7d922d207444\",\"name\":\"proagrolab\"}]}<\/script>\n<!-- \/ Yoast SEO plugin. -->","yoast_head_json":{"title":"Primeras Jornadas Entrerrianas de Actualizaci\u00f3n Veterinaria. | Proagro","robots":{"index":"index","follow":"follow","max-snippet":"max-snippet:-1","max-image-preview":"max-image-preview:large","max-video-preview":"max-video-preview:-1"},"canonical":"https:\/\/proagrolab.com.ar\/en\/primeras-jornadas-entrerrianas-de-actualizacion-veterinaria\/","og_locale":"en_US","og_type":"article","og_title":"Primeras Jornadas Entrerrianas de Actualizaci\u00f3n Veterinaria. | Proagro","og_description":"Paran\u00e1 sede de las primeras Jornadas Entrerrianas de Actualizaci\u00f3n Veterinaria.Durante los d\u00edas 10 y 11 de octubre de 2014, el Colegio de M\u00e9dicos Veterinarios de Entre R\u00edos junto a Vet Comunicaciones celebrar\u00e1 las Jornadas Entrerrianas de Actualizaci\u00f3n Veterinaria. El programa tiene estipulado durante el primer d\u00eda abordar toda la tem\u00e1tica inherente a animales de compa\u00f1\u00eda y mientras que&nbsp; la segunda jornada ser\u00e1 dedicada exclusivamente a animales de producci\u00f3n. El Pte del Colegio el Dr. Juan Durand en di\u00e1logo con Mundo Rural puntualiz\u00f3 que el evento, es el primero en su tipo organizado por la instituci\u00f3n&nbsp; y se desarrollar\u00e1 en el Centro Cultural Juan L. Ortiz en la capital entrerriana. Durand destac\u00f3 fundamentalmente que en la segunda jornada dedicada a los grandes animales&nbsp; se van a desarrollar&nbsp; temas relacionados con la nutrici\u00f3n, el bienestar animal,&nbsp; la actividad porcina, y a la resistencia a los antibi\u00f3ticos, entre otros . Son jornadas dirigidas a profesionales y estudiantes avanzados de veterinaria y las inscripciones ya se encuentra abiertas. Programa de las dos jornadas Animales de Compa\u00f1\u00edaD\u00eda 10 de octubre8:00 Acreditaci\u00f3n 9:00 \u0096 10:30 Alejandro Paludi. Tema: \u0093Como abordar un paciente felino cuyo signo es la anorexia?\u0094 10:30 a 11:00: Break 11:00 -12:30: Carlos Imparato. [&hellip;]","og_url":"https:\/\/proagrolab.com.ar\/primeras-jornadas-entrerrianas-de-actualizacion-veterinaria\/","og_site_name":"Proagro","article_publisher":"http:\/\/www.facebook.com\/proagrolab","article_published_time":"2014-07-03T00:00:01+00:00","og_image":[{"width":450,"height":208,"url":"https:\/\/proagrolab.com.ar\/wp-content\/uploads\/2015\/01\/g_wzuaim48e__Jornadas-veterinarias-Entre-Rios.jpg","type":"image\/jpeg"}],"author":"proagrolab","twitter_card":"summary_large_image","twitter_misc":{"Written by":"proagrolab","Est. reading time":"2 minutes"},"schema":{"@context":"https:\/\/schema.org","@graph":[{"@type":"Article","@id":"https:\/\/proagrolab.com.ar\/primeras-jornadas-entrerrianas-de-actualizacion-veterinaria\/#article","isPartOf":{"@id":"https:\/\/proagrolab.com.ar\/primeras-jornadas-entrerrianas-de-actualizacion-veterinaria\/"},"author":{"name":"proagrolab","@id":"https:\/\/proagrolab.com.ar\/#\/schema\/person\/38003ff90bf80381f71c7d922d207444"},"headline":"Primeras Jornadas Entrerrianas de Actualizaci\u00f3n Veterinaria.","datePublished":"2014-07-03T00:00:01+00:00","mainEntityOfPage":{"@id":"https:\/\/proagrolab.com.ar\/primeras-jornadas-entrerrianas-de-actualizacion-veterinaria\/"},"wordCount":421,"publisher":{"@id":"https:\/\/proagrolab.com.ar\/#organization"},"image":{"@id":"https:\/\/proagrolab.com.ar\/primeras-jornadas-entrerrianas-de-actualizacion-veterinaria\/#primaryimage"},"thumbnailUrl":"https:\/\/proagrolab.com.ar\/wp-content\/uploads\/2015\/01\/g_wzuaim48e__Jornadas-veterinarias-Entre-Rios.jpg","articleSection":["News"],"inLanguage":"en-US"},{"@type":"WebPage","@id":"https:\/\/proagrolab.com.ar\/primeras-jornadas-entrerrianas-de-actualizacion-veterinaria\/","url":"https:\/\/proagrolab.com.ar\/primeras-jornadas-entrerrianas-de-actualizacion-veterinaria\/","name":"Primeras Jornadas Entrerrianas de Actualizaci\u00f3n Veterinaria. | Proagro","isPartOf":{"@id":"https:\/\/proagrolab.com.ar\/#website"},"primaryImageOfPage":{"@id":"https:\/\/proagrolab.com.ar\/primeras-jornadas-entrerrianas-de-actualizacion-veterinaria\/#primaryimage"},"image":{"@id":"https:\/\/proagrolab.com.ar\/primeras-jornadas-entrerrianas-de-actualizacion-veterinaria\/#primaryimage"},"thumbnailUrl":"https:\/\/proagrolab.com.ar\/wp-content\/uploads\/2015\/01\/g_wzuaim48e__Jornadas-veterinarias-Entre-Rios.jpg","datePublished":"2014-07-03T00:00:01+00:00","breadcrumb":{"@id":"https:\/\/proagrolab.com.ar\/primeras-jornadas-entrerrianas-de-actualizacion-veterinaria\/#breadcrumb"},"inLanguage":"en-US","potentialAction":[{"@type":"ReadAction","target":["https:\/\/proagrolab.com.ar\/primeras-jornadas-entrerrianas-de-actualizacion-veterinaria\/"]}]},{"@type":"ImageObject","inLanguage":"en-US","@id":"https:\/\/proagrolab.com.ar\/primeras-jornadas-entrerrianas-de-actualizacion-veterinaria\/#primaryimage","url":"https:\/\/proagrolab.com.ar\/wp-content\/uploads\/2015\/01\/g_wzuaim48e__Jornadas-veterinarias-Entre-Rios.jpg","contentUrl":"https:\/\/proagrolab.com.ar\/wp-content\/uploads\/2015\/01\/g_wzuaim48e__Jornadas-veterinarias-Entre-Rios.jpg","width":450,"height":208},{"@type":"BreadcrumbList","@id":"https:\/\/proagrolab.com.ar\/primeras-jornadas-entrerrianas-de-actualizacion-veterinaria\/#breadcrumb","itemListElement":[{"@type":"ListItem","position":1,"name":"Portada","item":"https:\/\/proagrolab.com.ar\/"},{"@type":"ListItem","position":2,"name":"Primeras Jornadas Entrerrianas de Actualizaci\u00f3n Veterinaria."}]},{"@type":"WebSite","@id":"https:\/\/proagrolab.com.ar\/#website","url":"https:\/\/proagrolab.com.ar\/","name":"Proagro Laboratorio Veterinario","description":"Veterinary laboratory","publisher":{"@id":"https:\/\/proagrolab.com.ar\/#organization"},"potentialAction":[{"@type":"SearchAction","target":{"@type":"EntryPoint","urlTemplate":"https:\/\/proagrolab.com.ar\/?s={search_term_string}"},"query-input":{"@type":"PropertyValueSpecification","valueRequired":true,"valueName":"search_term_string"}}],"inLanguage":"en-US"},{"@type":"Organization","@id":"https:\/\/proagrolab.com.ar\/#organization","name":"Proagro","url":"https:\/\/proagrolab.com.ar\/","logo":{"@type":"ImageObject","inLanguage":"en-US","@id":"https:\/\/proagrolab.com.ar\/#\/schema\/logo\/image\/","url":"https:\/\/proagrolab.com.ar\/wp-content\/uploads\/2020\/04\/logo-retina.png","contentUrl":"https:\/\/proagrolab.com.ar\/wp-content\/uploads\/2020\/04\/logo-retina.png","width":478,"height":120,"caption":"Proagro"},"image":{"@id":"https:\/\/proagrolab.com.ar\/#\/schema\/logo\/image\/"},"sameAs":["http:\/\/www.facebook.com\/proagrolab","https:\/\/www.instagram.com\/proagrolab\/","https:\/\/www.linkedin.com\/company\/laboratorio-proagro-s-a\/"]},{"@type":"Person","@id":"https:\/\/proagrolab.com.ar\/#\/schema\/person\/38003ff90bf80381f71c7d922d207444","name":"proagrolab"}]}},"_links":{"self":[{"href":"https:\/\/proagrolab.com.ar\/en\/wp-json\/wp\/v2\/posts\/543","targetHints":{"allow":["GET"]}}],"collection":[{"href":"https:\/\/proagrolab.com.ar\/en\/wp-json\/wp\/v2\/posts"}],"about":[{"href":"https:\/\/proagrolab.com.ar\/en\/wp-json\/wp\/v2\/types\/post"}],"author":[{"embeddable":true,"href":"https:\/\/proagrolab.com.ar\/en\/wp-json\/wp\/v2\/users\/2"}],"replies":[{"embeddable":true,"href":"https:\/\/proagrolab.com.ar\/en\/wp-json\/wp\/v2\/comments?post=543"}],"version-history":[{"count":0,"href":"https:\/\/proagrolab.com.ar\/en\/wp-json\/wp\/v2\/posts\/543\/revisions"}],"wp:featuredmedia":[{"embeddable":true,"href":"https:\/\/proagrolab.com.ar\/en\/wp-json\/wp\/v2\/media\/518"}],"wp:attachment":[{"href":"https:\/\/proagrolab.com.ar\/en\/wp-json\/wp\/v2\/media?parent=543"}],"wp:term":[{"taxonomy":"category","embeddable":true,"href":"https:\/\/proagrolab.com.ar\/en\/wp-json\/wp\/v2\/categories?post=543"},{"taxonomy":"post_tag","embeddable":true,"href":"https:\/\/proagrolab.com.ar\/en\/wp-json\/wp\/v2\/tags?post=543"}],"curies":[{"name":"wp","href":"https:\/\/api.w.org\/{rel}","templated":true}]}}