{"id":542,"date":"2014-06-19T00:00:01","date_gmt":"2014-06-19T00:00:01","guid":{"rendered":"https:\/\/proagrolab.com.ar\/jornadas-a-campo-del-ipcva-en-san-luis\/"},"modified":"2014-06-19T00:00:01","modified_gmt":"2014-06-19T00:00:01","slug":"jornadas-a-campo-del-ipcva-en-san-luis","status":"publish","type":"post","link":"https:\/\/proagrolab.com.ar\/en\/jornadas-a-campo-del-ipcva-en-san-luis\/","title":{"rendered":"Jornadas a Campo del IPCVA en San Luis."},"content":{"rendered":"<p class=\"qtranxs-available-languages-message qtranxs-available-languages-message-en\"> <\/p><p>D\u00eda: viernes 27 de junio<br \/>Lugar: Establecimiento &#8220;Las Taguas&#8221;, a 80 kil\u00f3metros de Villa Mercedes, San Luis. <\/p>\n<p>Con el t\u00edtulo &#8220;La ganader\u00eda sanluise\u00f1a cambia el paradigma&#8221;, las jornadas a campo del IPCVA regresan a la Provincia de San Luis con un completo programa de disertaciones y &#8220;paradas&#8221; o salidas a campo que se llevar\u00e1n a cabo Establecimiento &#8220;LAS TAGUAS&#8221; (Ruta Prov. N\u00ba 43, a 20 Km al oeste de Rotonda Autopista N\u00b0 55 (ex Ruta 148 Sur) a 83 Km de Villa Mercedes).<br \/>La jornada, en la que participar\u00e1n INTA, Pret Sur y AACREA, comenzar\u00e1 a las 8,30, incluir\u00e1 aspectos referidos a manejo del agua, nutrici\u00f3n, gen\u00e9tica, estrategias de alimentaci\u00f3n en recr\u00eda, forrajes, gen\u00e9tica y perspectivas de mercado para la carne vacuna argentina.<\/p>\n<p><i>Programa<\/i>:<br \/>08:30 \u0096 09:00 recepci\u00f3n<\/p>\n<p>09:00 \u0096 09:30 palabras de bienvenida<br \/>Sr. Jos\u00e9 Mar\u00eda Nicolato, Propietario<br \/>Ing. Agr. Javier Genov\u00e9s Director EEA San Luis<br \/>Gonzalo \u00c1lvarez Maldonado, Presidente del IPCVA<\/p>\n<p>09:30 \u0096 10:15 presentaci\u00f3n del establecimiento \u0094Las Taguas &#776;\u0094<br \/>Ing.Agr. Pablo Nicolato &#8211; Ing.Agr. Martin Ginart, Asesor CREA SOVEN<\/p>\n<p>10:15 \u0096 10:45<br \/>La gen\u00e9tica, tecnolog\u00eda que mejora la productividad.<br \/>Ing.Agr. Daniel Musi (Foro Argentino de Gen\u00e9tica Bovina)<\/p>\n<p>10:45 \u0096 11:15<br \/>Manejo del agua y nutrici\u00f3n vegetal en campos ganaderos<br \/>Ing. Agr. Alberto Quiroga, EEA, INTA Anguil<\/p>\n<p>11:15 \u0096 11:30 caf\u00e9<\/p>\n<p>11:30 \u0096 12:00 estrategias de alimentaci\u00f3n en la recr\u00eda<br \/>Ing. Agr. An\u00edbal Pordomingo, Coordinador del Programa Nacional de Carnes,INTA Anguil<\/p>\n<p>12:00 \u0096 12:30<br \/>Claves para la ganader\u00eda que viene<br \/>Lic. Victor Tonelli, Asesor privado<\/p>\n<p>12:30 \u0096 13:00 conservaci\u00f3n de forraje y calidad nutricional.<br \/>Ing.Agr .Pablo Cattani. Asesor privado<\/p>\n<p>13:00 \u0096 13:15 palabras a cargo del presidente del IPCVA<br \/>Gonzalo \u00c1lvarez Maldonado<\/p>\n<p>13:15 \u0096 14:00 ALMUERZO<\/p>\n<p>14:00 \u0096 16:00 SALIDAS A CAMPO<br \/>PARADA 1 &#8211; M\u00f3dulo de autoconsumo silo planta entera de sorgo y ma\u00edz.<br \/>Ing. Agr. Martin Ginart &#8211; . Jos\u00e9 Luis Riedel, Ing. Agr..Laura Guzman (INTA)<\/p>\n<p>PARADA 2 &#8211; M\u00f3dulo sorgos azucarados: pastoreo horario restringido<br \/>Ing.Agr. Carlos Frasinelli, Ing. A. Belgrano Rawson (INTA) &#8211; Ing.Agr. Pablo Nicolato<\/p>\n<p>PARADA 3 &#8211; Cobertura<br \/>Ing.Agr. A. Quiroga, Ing. Juan C. Colazo, Lic. Juan de Dios Herrero (INTA)<\/p>\n<p>Como todas las actividades que realiza el IPCVA, la entrada ser\u00e1 gratuita pero con cupos limitados por lo que se requiere inscripci\u00f3n previa.<\/p>\n<p>La misma puede realizarse <a target=\"_blank\" title=\"\" href=\"http:\/\/www.ipcva.com.ar\/jornadas.php\">INGRESANDO AC\u00c1<\/a> o llamando al 011 5353-5090.<\/p>\n<p>M\u00e1s info:<br \/><a target=\"_blank\" title=\"\" href=\"http:\/\/www.ipcva.com.ar\/vertext.php?id=1308&amp;mkt_hm=2&amp;utm_source=email_marketing&amp;utm_admin=18704&amp;utm_medium=email&amp;utm_campaign=INVITACIN_\">www.ipcva.com.ar<\/a><br \/><\/p>","protected":false},"excerpt":{"rendered":"<p>D\u00eda: viernes 27 de junioLugar: Establecimiento &#8220;Las Taguas&#8221;, a 80 kil\u00f3metros de Villa Mercedes, San Luis. Con el t\u00edtulo &#8220;La ganader\u00eda sanluise\u00f1a cambia el paradigma&#8221;, las jornadas a campo del IPCVA regresan a la Provincia de San Luis con un completo programa de disertaciones y &#8220;paradas&#8221; o salidas a campo que se llevar\u00e1n a cabo Establecimiento &#8220;LAS TAGUAS&#8221; (Ruta Prov. N\u00ba 43, a 20 Km al oeste de Rotonda Autopista N\u00b0 55 (ex Ruta 148 Sur) a 83 Km de Villa Mercedes).La jornada, en la que participar\u00e1n INTA, Pret Sur y AACREA, comenzar\u00e1 a las 8,30, incluir\u00e1 aspectos referidos a manejo del agua, nutrici\u00f3n, gen\u00e9tica, estrategias de alimentaci\u00f3n en recr\u00eda, forrajes, gen\u00e9tica y perspectivas de mercado para la carne vacuna argentina. Programa:08:30 \u0096 09:00 recepci\u00f3n 09:00 \u0096 09:30 palabras de bienvenidaSr. Jos\u00e9 Mar\u00eda Nicolato, PropietarioIng. Agr. Javier Genov\u00e9s Director EEA San LuisGonzalo \u00c1lvarez Maldonado, Presidente del IPCVA 09:30 \u0096 10:15 presentaci\u00f3n del establecimiento \u0094Las Taguas &#776;\u0094Ing.Agr. Pablo Nicolato &#8211; Ing.Agr. Martin Ginart, Asesor CREA SOVEN 10:15 \u0096 10:45La gen\u00e9tica, tecnolog\u00eda que mejora la productividad.Ing.Agr. Daniel Musi (Foro Argentino de Gen\u00e9tica Bovina) 10:45 \u0096 11:15Manejo del agua y nutrici\u00f3n vegetal en campos ganaderosIng. Agr. Alberto Quiroga, EEA, INTA Anguil 11:15 \u0096 [&hellip;]<\/p>\n","protected":false},"author":2,"featured_media":517,"comment_status":"closed","ping_status":"open","sticky":false,"template":"","format":"standard","meta":{"_acf_changed":false,"footnotes":""},"categories":[56],"tags":[],"class_list":["post-542","post","type-post","status-publish","format-standard","has-post-thumbnail","hentry","category-infoganadero"],"acf":[],"yoast_head":"<!-- This site is optimized with the Yoast SEO plugin v27.4 - https:\/\/yoast.com\/product\/yoast-seo-wordpress\/ -->\n<title>Jornadas a Campo del IPCVA en San Luis. | Proagro<\/title>\n<meta name=\"robots\" content=\"index, follow, max-snippet:-1, max-image-preview:large, max-video-preview:-1\" \/>\n<link rel=\"canonical\" href=\"https:\/\/proagrolab.com.ar\/en\/jornadas-a-campo-del-ipcva-en-san-luis\/\" \/>\n<meta property=\"og:locale\" content=\"en_US\" \/>\n<meta property=\"og:type\" content=\"article\" \/>\n<meta property=\"og:title\" content=\"Jornadas a Campo del IPCVA en San Luis. | Proagro\" \/>\n<meta property=\"og:description\" content=\"D\u00eda: viernes 27 de junioLugar: Establecimiento &#8220;Las Taguas&#8221;, a 80 kil\u00f3metros de Villa Mercedes, San Luis. Con el t\u00edtulo &#8220;La ganader\u00eda sanluise\u00f1a cambia el paradigma&#8221;, las jornadas a campo del IPCVA regresan a la Provincia de San Luis con un completo programa de disertaciones y &#8220;paradas&#8221; o salidas a campo que se llevar\u00e1n a cabo Establecimiento &#8220;LAS TAGUAS&#8221; (Ruta Prov. N\u00ba 43, a 20 Km al oeste de Rotonda Autopista N\u00b0 55 (ex Ruta 148 Sur) a 83 Km de Villa Mercedes).La jornada, en la que participar\u00e1n INTA, Pret Sur y AACREA, comenzar\u00e1 a las 8,30, incluir\u00e1 aspectos referidos a manejo del agua, nutrici\u00f3n, gen\u00e9tica, estrategias de alimentaci\u00f3n en recr\u00eda, forrajes, gen\u00e9tica y perspectivas de mercado para la carne vacuna argentina. Programa:08:30 \u0096 09:00 recepci\u00f3n 09:00 \u0096 09:30 palabras de bienvenidaSr. Jos\u00e9 Mar\u00eda Nicolato, PropietarioIng. Agr. Javier Genov\u00e9s Director EEA San LuisGonzalo \u00c1lvarez Maldonado, Presidente del IPCVA 09:30 \u0096 10:15 presentaci\u00f3n del establecimiento \u0094Las Taguas &#776;\u0094Ing.Agr. Pablo Nicolato &#8211; Ing.Agr. Martin Ginart, Asesor CREA SOVEN 10:15 \u0096 10:45La gen\u00e9tica, tecnolog\u00eda que mejora la productividad.Ing.Agr. Daniel Musi (Foro Argentino de Gen\u00e9tica Bovina) 10:45 \u0096 11:15Manejo del agua y nutrici\u00f3n vegetal en campos ganaderosIng. Agr. Alberto Quiroga, EEA, INTA Anguil 11:15 \u0096 [&hellip;]\" \/>\n<meta property=\"og:url\" content=\"https:\/\/proagrolab.com.ar\/jornadas-a-campo-del-ipcva-en-san-luis\/\" \/>\n<meta property=\"og:site_name\" content=\"Proagro\" \/>\n<meta property=\"article:publisher\" content=\"http:\/\/www.facebook.com\/proagrolab\" \/>\n<meta property=\"article:published_time\" content=\"2014-06-19T00:00:01+00:00\" \/>\n<meta property=\"og:image\" content=\"https:\/\/proagrolab.com.ar\/wp-content\/uploads\/2015\/01\/g_5mrqq1n4f__IPCVA-San-Luis.jpg\" \/>\n\t<meta property=\"og:image:width\" content=\"450\" \/>\n\t<meta property=\"og:image:height\" content=\"208\" \/>\n\t<meta property=\"og:image:type\" content=\"image\/jpeg\" \/>\n<meta name=\"author\" content=\"proagrolab\" \/>\n<meta name=\"twitter:card\" content=\"summary_large_image\" \/>\n<meta name=\"twitter:label1\" content=\"Written by\" \/>\n\t<meta name=\"twitter:data1\" content=\"proagrolab\" \/>\n\t<meta name=\"twitter:label2\" content=\"Est. reading time\" \/>\n\t<meta name=\"twitter:data2\" content=\"2 minutes\" \/>\n<script type=\"application\/ld+json\" class=\"yoast-schema-graph\">{\"@context\":\"https:\\\/\\\/schema.org\",\"@graph\":[{\"@type\":\"Article\",\"@id\":\"https:\\\/\\\/proagrolab.com.ar\\\/jornadas-a-campo-del-ipcva-en-san-luis\\\/#article\",\"isPartOf\":{\"@id\":\"https:\\\/\\\/proagrolab.com.ar\\\/jornadas-a-campo-del-ipcva-en-san-luis\\\/\"},\"author\":{\"name\":\"proagrolab\",\"@id\":\"https:\\\/\\\/proagrolab.com.ar\\\/#\\\/schema\\\/person\\\/38003ff90bf80381f71c7d922d207444\"},\"headline\":\"Jornadas a Campo del IPCVA en San Luis.\",\"datePublished\":\"2014-06-19T00:00:01+00:00\",\"mainEntityOfPage\":{\"@id\":\"https:\\\/\\\/proagrolab.com.ar\\\/jornadas-a-campo-del-ipcva-en-san-luis\\\/\"},\"wordCount\":374,\"publisher\":{\"@id\":\"https:\\\/\\\/proagrolab.com.ar\\\/#organization\"},\"image\":{\"@id\":\"https:\\\/\\\/proagrolab.com.ar\\\/jornadas-a-campo-del-ipcva-en-san-luis\\\/#primaryimage\"},\"thumbnailUrl\":\"https:\\\/\\\/proagrolab.com.ar\\\/wp-content\\\/uploads\\\/2015\\\/01\\\/g_5mrqq1n4f__IPCVA-San-Luis.jpg\",\"articleSection\":[\"News\"],\"inLanguage\":\"en-US\"},{\"@type\":\"WebPage\",\"@id\":\"https:\\\/\\\/proagrolab.com.ar\\\/jornadas-a-campo-del-ipcva-en-san-luis\\\/\",\"url\":\"https:\\\/\\\/proagrolab.com.ar\\\/jornadas-a-campo-del-ipcva-en-san-luis\\\/\",\"name\":\"Jornadas a Campo del IPCVA en San Luis. | Proagro\",\"isPartOf\":{\"@id\":\"https:\\\/\\\/proagrolab.com.ar\\\/#website\"},\"primaryImageOfPage\":{\"@id\":\"https:\\\/\\\/proagrolab.com.ar\\\/jornadas-a-campo-del-ipcva-en-san-luis\\\/#primaryimage\"},\"image\":{\"@id\":\"https:\\\/\\\/proagrolab.com.ar\\\/jornadas-a-campo-del-ipcva-en-san-luis\\\/#primaryimage\"},\"thumbnailUrl\":\"https:\\\/\\\/proagrolab.com.ar\\\/wp-content\\\/uploads\\\/2015\\\/01\\\/g_5mrqq1n4f__IPCVA-San-Luis.jpg\",\"datePublished\":\"2014-06-19T00:00:01+00:00\",\"breadcrumb\":{\"@id\":\"https:\\\/\\\/proagrolab.com.ar\\\/jornadas-a-campo-del-ipcva-en-san-luis\\\/#breadcrumb\"},\"inLanguage\":\"en-US\",\"potentialAction\":[{\"@type\":\"ReadAction\",\"target\":[\"https:\\\/\\\/proagrolab.com.ar\\\/jornadas-a-campo-del-ipcva-en-san-luis\\\/\"]}]},{\"@type\":\"ImageObject\",\"inLanguage\":\"en-US\",\"@id\":\"https:\\\/\\\/proagrolab.com.ar\\\/jornadas-a-campo-del-ipcva-en-san-luis\\\/#primaryimage\",\"url\":\"https:\\\/\\\/proagrolab.com.ar\\\/wp-content\\\/uploads\\\/2015\\\/01\\\/g_5mrqq1n4f__IPCVA-San-Luis.jpg\",\"contentUrl\":\"https:\\\/\\\/proagrolab.com.ar\\\/wp-content\\\/uploads\\\/2015\\\/01\\\/g_5mrqq1n4f__IPCVA-San-Luis.jpg\",\"width\":450,\"height\":208},{\"@type\":\"BreadcrumbList\",\"@id\":\"https:\\\/\\\/proagrolab.com.ar\\\/jornadas-a-campo-del-ipcva-en-san-luis\\\/#breadcrumb\",\"itemListElement\":[{\"@type\":\"ListItem\",\"position\":1,\"name\":\"Portada\",\"item\":\"https:\\\/\\\/proagrolab.com.ar\\\/\"},{\"@type\":\"ListItem\",\"position\":2,\"name\":\"Jornadas a Campo del IPCVA en San Luis.\"}]},{\"@type\":\"WebSite\",\"@id\":\"https:\\\/\\\/proagrolab.com.ar\\\/#website\",\"url\":\"https:\\\/\\\/proagrolab.com.ar\\\/\",\"name\":\"Proagro Laboratorio Veterinario\",\"description\":\"Veterinary laboratory\",\"publisher\":{\"@id\":\"https:\\\/\\\/proagrolab.com.ar\\\/#organization\"},\"potentialAction\":[{\"@type\":\"SearchAction\",\"target\":{\"@type\":\"EntryPoint\",\"urlTemplate\":\"https:\\\/\\\/proagrolab.com.ar\\\/?s={search_term_string}\"},\"query-input\":{\"@type\":\"PropertyValueSpecification\",\"valueRequired\":true,\"valueName\":\"search_term_string\"}}],\"inLanguage\":\"en-US\"},{\"@type\":\"Organization\",\"@id\":\"https:\\\/\\\/proagrolab.com.ar\\\/#organization\",\"name\":\"Proagro\",\"url\":\"https:\\\/\\\/proagrolab.com.ar\\\/\",\"logo\":{\"@type\":\"ImageObject\",\"inLanguage\":\"en-US\",\"@id\":\"https:\\\/\\\/proagrolab.com.ar\\\/#\\\/schema\\\/logo\\\/image\\\/\",\"url\":\"https:\\\/\\\/proagrolab.com.ar\\\/wp-content\\\/uploads\\\/2020\\\/04\\\/logo-retina.png\",\"contentUrl\":\"https:\\\/\\\/proagrolab.com.ar\\\/wp-content\\\/uploads\\\/2020\\\/04\\\/logo-retina.png\",\"width\":478,\"height\":120,\"caption\":\"Proagro\"},\"image\":{\"@id\":\"https:\\\/\\\/proagrolab.com.ar\\\/#\\\/schema\\\/logo\\\/image\\\/\"},\"sameAs\":[\"http:\\\/\\\/www.facebook.com\\\/proagrolab\",\"https:\\\/\\\/www.instagram.com\\\/proagrolab\\\/\",\"https:\\\/\\\/www.linkedin.com\\\/company\\\/laboratorio-proagro-s-a\\\/\"]},{\"@type\":\"Person\",\"@id\":\"https:\\\/\\\/proagrolab.com.ar\\\/#\\\/schema\\\/person\\\/38003ff90bf80381f71c7d922d207444\",\"name\":\"proagrolab\"}]}<\/script>\n<!-- \/ Yoast SEO plugin. -->","yoast_head_json":{"title":"Jornadas a Campo del IPCVA en San Luis. | Proagro","robots":{"index":"index","follow":"follow","max-snippet":"max-snippet:-1","max-image-preview":"max-image-preview:large","max-video-preview":"max-video-preview:-1"},"canonical":"https:\/\/proagrolab.com.ar\/en\/jornadas-a-campo-del-ipcva-en-san-luis\/","og_locale":"en_US","og_type":"article","og_title":"Jornadas a Campo del IPCVA en San Luis. | Proagro","og_description":"D\u00eda: viernes 27 de junioLugar: Establecimiento &#8220;Las Taguas&#8221;, a 80 kil\u00f3metros de Villa Mercedes, San Luis. Con el t\u00edtulo &#8220;La ganader\u00eda sanluise\u00f1a cambia el paradigma&#8221;, las jornadas a campo del IPCVA regresan a la Provincia de San Luis con un completo programa de disertaciones y &#8220;paradas&#8221; o salidas a campo que se llevar\u00e1n a cabo Establecimiento &#8220;LAS TAGUAS&#8221; (Ruta Prov. N\u00ba 43, a 20 Km al oeste de Rotonda Autopista N\u00b0 55 (ex Ruta 148 Sur) a 83 Km de Villa Mercedes).La jornada, en la que participar\u00e1n INTA, Pret Sur y AACREA, comenzar\u00e1 a las 8,30, incluir\u00e1 aspectos referidos a manejo del agua, nutrici\u00f3n, gen\u00e9tica, estrategias de alimentaci\u00f3n en recr\u00eda, forrajes, gen\u00e9tica y perspectivas de mercado para la carne vacuna argentina. Programa:08:30 \u0096 09:00 recepci\u00f3n 09:00 \u0096 09:30 palabras de bienvenidaSr. Jos\u00e9 Mar\u00eda Nicolato, PropietarioIng. Agr. Javier Genov\u00e9s Director EEA San LuisGonzalo \u00c1lvarez Maldonado, Presidente del IPCVA 09:30 \u0096 10:15 presentaci\u00f3n del establecimiento \u0094Las Taguas &#776;\u0094Ing.Agr. Pablo Nicolato &#8211; Ing.Agr. Martin Ginart, Asesor CREA SOVEN 10:15 \u0096 10:45La gen\u00e9tica, tecnolog\u00eda que mejora la productividad.Ing.Agr. Daniel Musi (Foro Argentino de Gen\u00e9tica Bovina) 10:45 \u0096 11:15Manejo del agua y nutrici\u00f3n vegetal en campos ganaderosIng. Agr. Alberto Quiroga, EEA, INTA Anguil 11:15 \u0096 [&hellip;]","og_url":"https:\/\/proagrolab.com.ar\/jornadas-a-campo-del-ipcva-en-san-luis\/","og_site_name":"Proagro","article_publisher":"http:\/\/www.facebook.com\/proagrolab","article_published_time":"2014-06-19T00:00:01+00:00","og_image":[{"width":450,"height":208,"url":"https:\/\/proagrolab.com.ar\/wp-content\/uploads\/2015\/01\/g_5mrqq1n4f__IPCVA-San-Luis.jpg","type":"image\/jpeg"}],"author":"proagrolab","twitter_card":"summary_large_image","twitter_misc":{"Written by":"proagrolab","Est. reading time":"2 minutes"},"schema":{"@context":"https:\/\/schema.org","@graph":[{"@type":"Article","@id":"https:\/\/proagrolab.com.ar\/jornadas-a-campo-del-ipcva-en-san-luis\/#article","isPartOf":{"@id":"https:\/\/proagrolab.com.ar\/jornadas-a-campo-del-ipcva-en-san-luis\/"},"author":{"name":"proagrolab","@id":"https:\/\/proagrolab.com.ar\/#\/schema\/person\/38003ff90bf80381f71c7d922d207444"},"headline":"Jornadas a Campo del IPCVA en San Luis.","datePublished":"2014-06-19T00:00:01+00:00","mainEntityOfPage":{"@id":"https:\/\/proagrolab.com.ar\/jornadas-a-campo-del-ipcva-en-san-luis\/"},"wordCount":374,"publisher":{"@id":"https:\/\/proagrolab.com.ar\/#organization"},"image":{"@id":"https:\/\/proagrolab.com.ar\/jornadas-a-campo-del-ipcva-en-san-luis\/#primaryimage"},"thumbnailUrl":"https:\/\/proagrolab.com.ar\/wp-content\/uploads\/2015\/01\/g_5mrqq1n4f__IPCVA-San-Luis.jpg","articleSection":["News"],"inLanguage":"en-US"},{"@type":"WebPage","@id":"https:\/\/proagrolab.com.ar\/jornadas-a-campo-del-ipcva-en-san-luis\/","url":"https:\/\/proagrolab.com.ar\/jornadas-a-campo-del-ipcva-en-san-luis\/","name":"Jornadas a Campo del IPCVA en San Luis. | Proagro","isPartOf":{"@id":"https:\/\/proagrolab.com.ar\/#website"},"primaryImageOfPage":{"@id":"https:\/\/proagrolab.com.ar\/jornadas-a-campo-del-ipcva-en-san-luis\/#primaryimage"},"image":{"@id":"https:\/\/proagrolab.com.ar\/jornadas-a-campo-del-ipcva-en-san-luis\/#primaryimage"},"thumbnailUrl":"https:\/\/proagrolab.com.ar\/wp-content\/uploads\/2015\/01\/g_5mrqq1n4f__IPCVA-San-Luis.jpg","datePublished":"2014-06-19T00:00:01+00:00","breadcrumb":{"@id":"https:\/\/proagrolab.com.ar\/jornadas-a-campo-del-ipcva-en-san-luis\/#breadcrumb"},"inLanguage":"en-US","potentialAction":[{"@type":"ReadAction","target":["https:\/\/proagrolab.com.ar\/jornadas-a-campo-del-ipcva-en-san-luis\/"]}]},{"@type":"ImageObject","inLanguage":"en-US","@id":"https:\/\/proagrolab.com.ar\/jornadas-a-campo-del-ipcva-en-san-luis\/#primaryimage","url":"https:\/\/proagrolab.com.ar\/wp-content\/uploads\/2015\/01\/g_5mrqq1n4f__IPCVA-San-Luis.jpg","contentUrl":"https:\/\/proagrolab.com.ar\/wp-content\/uploads\/2015\/01\/g_5mrqq1n4f__IPCVA-San-Luis.jpg","width":450,"height":208},{"@type":"BreadcrumbList","@id":"https:\/\/proagrolab.com.ar\/jornadas-a-campo-del-ipcva-en-san-luis\/#breadcrumb","itemListElement":[{"@type":"ListItem","position":1,"name":"Portada","item":"https:\/\/proagrolab.com.ar\/"},{"@type":"ListItem","position":2,"name":"Jornadas a Campo del IPCVA en San Luis."}]},{"@type":"WebSite","@id":"https:\/\/proagrolab.com.ar\/#website","url":"https:\/\/proagrolab.com.ar\/","name":"Proagro Laboratorio Veterinario","description":"Veterinary laboratory","publisher":{"@id":"https:\/\/proagrolab.com.ar\/#organization"},"potentialAction":[{"@type":"SearchAction","target":{"@type":"EntryPoint","urlTemplate":"https:\/\/proagrolab.com.ar\/?s={search_term_string}"},"query-input":{"@type":"PropertyValueSpecification","valueRequired":true,"valueName":"search_term_string"}}],"inLanguage":"en-US"},{"@type":"Organization","@id":"https:\/\/proagrolab.com.ar\/#organization","name":"Proagro","url":"https:\/\/proagrolab.com.ar\/","logo":{"@type":"ImageObject","inLanguage":"en-US","@id":"https:\/\/proagrolab.com.ar\/#\/schema\/logo\/image\/","url":"https:\/\/proagrolab.com.ar\/wp-content\/uploads\/2020\/04\/logo-retina.png","contentUrl":"https:\/\/proagrolab.com.ar\/wp-content\/uploads\/2020\/04\/logo-retina.png","width":478,"height":120,"caption":"Proagro"},"image":{"@id":"https:\/\/proagrolab.com.ar\/#\/schema\/logo\/image\/"},"sameAs":["http:\/\/www.facebook.com\/proagrolab","https:\/\/www.instagram.com\/proagrolab\/","https:\/\/www.linkedin.com\/company\/laboratorio-proagro-s-a\/"]},{"@type":"Person","@id":"https:\/\/proagrolab.com.ar\/#\/schema\/person\/38003ff90bf80381f71c7d922d207444","name":"proagrolab"}]}},"_links":{"self":[{"href":"https:\/\/proagrolab.com.ar\/en\/wp-json\/wp\/v2\/posts\/542","targetHints":{"allow":["GET"]}}],"collection":[{"href":"https:\/\/proagrolab.com.ar\/en\/wp-json\/wp\/v2\/posts"}],"about":[{"href":"https:\/\/proagrolab.com.ar\/en\/wp-json\/wp\/v2\/types\/post"}],"author":[{"embeddable":true,"href":"https:\/\/proagrolab.com.ar\/en\/wp-json\/wp\/v2\/users\/2"}],"replies":[{"embeddable":true,"href":"https:\/\/proagrolab.com.ar\/en\/wp-json\/wp\/v2\/comments?post=542"}],"version-history":[{"count":0,"href":"https:\/\/proagrolab.com.ar\/en\/wp-json\/wp\/v2\/posts\/542\/revisions"}],"wp:featuredmedia":[{"embeddable":true,"href":"https:\/\/proagrolab.com.ar\/en\/wp-json\/wp\/v2\/media\/517"}],"wp:attachment":[{"href":"https:\/\/proagrolab.com.ar\/en\/wp-json\/wp\/v2\/media?parent=542"}],"wp:term":[{"taxonomy":"category","embeddable":true,"href":"https:\/\/proagrolab.com.ar\/en\/wp-json\/wp\/v2\/categories?post=542"},{"taxonomy":"post_tag","embeddable":true,"href":"https:\/\/proagrolab.com.ar\/en\/wp-json\/wp\/v2\/tags?post=542"}],"curies":[{"name":"wp","href":"https:\/\/api.w.org\/{rel}","templated":true}]}}