{"id":541,"date":"2014-05-19T00:00:01","date_gmt":"2014-05-19T00:00:01","guid":{"rendered":"https:\/\/proagrolab.com.ar\/congreso-cra-2014\/"},"modified":"2014-05-19T00:00:01","modified_gmt":"2014-05-19T00:00:01","slug":"congreso-cra-2014","status":"publish","type":"post","link":"https:\/\/proagrolab.com.ar\/en\/congreso-cra-2014\/","title":{"rendered":"Congreso CRA 2014."},"content":{"rendered":"<p class=\"qtranxs-available-languages-message qtranxs-available-languages-message-en\"> <\/p><p>D\u00edas: 30 y 31 de mayo<br \/>Lugar: Sociedad Rural de Gualeguaych\u00fa.<\/p>\n<p><i>Programa<\/i><br \/><b>Viernes 30 de Mayo<\/b><br \/>Teatro Gualeguaych\u00fa<br \/>10:00 a 10:45 hs.<br \/>Apertura Oficial.<br \/>Presentaci\u00f3n de Confederaciones.<br \/>Himno Nacional y Marcha de Entre R\u00edos.<br \/>Palabras del Presidente de la Sociedad Rural Gualeguaych\u00fa, Cont. Javier Melchiori.<br \/>Palabras de bienvenida Presidente Municipal de Gualeguaych\u00fa, Sr. Juan Jos\u00e9 Bahillo.<br \/>Palabras del Presidente de FARER, Sr. Jorge Chemes.<br \/>Palabras del Presidente de CRA, Dr. Rub\u00e9n Ferrero.<\/p>\n<p>10:45 a 11:30 hs.<br \/>Una mirada hacia el interior del hombre de campo.<br \/>Reflexiones de Mons. Jorge Lozano.<\/p>\n<p>11:30 a 12:15 hs.<br \/>El \u00e9xito en la gesti\u00f3n empresaria.<br \/>Presidente de Shell \u0096 Ing. Juan Jos\u00e9 Aranguren.<\/p>\n<p>Predio Ferial \u0093Sociedad Rural Gualeguaych\u00fa&#8221;<br \/>12:30 a 15:00 hs. &#8211; Acreditaciones &#8211; Almuerzo libre.<\/p>\n<p>15:00 a 16:00 hs.<br \/>Las entidades y su futuro. Estrategias de financiamiento. Experiencias.<br \/>Vice Presidente de FARSUL (Brasil) Sr. Gede\u00e3o Pereira y Presidente SNA (Chile) Sr. Patricio Crespo.<br \/>Moderador: Vicepresidente 3\u00ba de CRA Sr. Mart\u00edn Rapetti<\/p>\n<p>16:00 a 16:45 hs.<br \/>La comunicaci\u00f3n desde el sector.<br \/>Decano Facultad Ciencias Agrarias de la Universidad de Belgrano- Ing. Agr. Leonardo Galaburri.<\/p>\n<p>16:45 a 17:00hs &#8211; Coffee Break.<\/p>\n<p>17:00 a 19:00 hs.<br \/>Taller y Conclusiones.<br \/>Profesor Cesar Grinstein.<\/p>\n<p>19:00 a 19:45 hs. &#8211; Actualidad Pol\u00edtica y Econ\u00f3mica.<br \/>Periodista Marcelo Longobardi<\/p>\n<p>21:30 hs. &#8211; Cena Show.<\/p>\n<p><b>S\u00e1bado 31 de Mayo<\/b><br \/>Predio Ferial \u0093Sociedad Rural Gualeguaych\u00fa&#8221;<br \/>9:00 a 10:30 hs.<br \/>Pol\u00edticas agropecuarias en el mundo.<br \/>Melinda Sallyards Consejera Agr\u00edcola de EEUU, Hugh Robilliard Primer Secretario de Australia, Hayden Montgomery Embajador de Nueva Zelanda.<br \/>Moderador: Vicepresidente 2\u00ba CRA Dr. Juan Carlos Goya.<\/p>\n<p>11:30 a 11:50 hs. &#8211; Coffee Break.<\/p>\n<p>10:45 a 11:50 hs. Di\u00e1logo y construcci\u00f3n gobierno y campo.<br \/>Panel con Ministros de Agricultura y Producci\u00f3n de diversas provincias.<br \/>Ministro de Producci\u00f3n, Trabajo y Turismo, Gobierno de Corrientes, Ing. Agr. Sr. Jorge Vara.<br \/>Ministro de Producci\u00f3n, Gobierno de Santa F\u00e9, CPN Carlos Fascendini.<br \/>Ministro del Campo, Gobierno de San Luis, Lic. Felipe Tomasevich.<br \/>Moderador: Presidente de FARER Sr. Jorge Chemes.<\/p>\n<p>11:50 a 13:30 hs.<br \/>Taller Acci\u00f3n Gremial.<br \/>Prof. C\u00e9sar Grinstein.<\/p>\n<p>13:30 a 15:00 hs. &#8211; Almuerzo Libre.<\/p>\n<p>15:00 a 15:30 hs.<br \/>Conclusiones y reflexiones taller.<br \/>Prof. C\u00e9sar Grinstein.<\/p>\n<p>15:30 a 16:15 hs.<br \/>Los desaf\u00edos del agro para incidir en la elaboraci\u00f3n de las pol\u00edticas sectoriales.<br \/>Lic. Adolfo Castro Almeyra.<\/p>\n<p>16.15 a 16:30 hs. &#8211; Coffee Break.<\/p>\n<p>16:30 a 18:00 hs.<br \/>Escenario electoral 2015. Dirigentes y el campo.<br \/>Panel con candidatos a presidente. Ernesto Sanz, Mauricio Macri, Elisa Carri\u00f3.<br \/>Moderador: Presidente de CRA Dr. Rub\u00e9n Ferrero.<\/p>\n<p>18:30 a 19:15.<br \/>Compromiso con acciones.<br \/>Prof. C\u00e9sar Grinstein.<\/p>\n<p>19:15 a 19:30 hs. &#8211; Cierre Congreso Dr. Rub\u00e9n Ferrero.<\/p>\n<p><i>M\u00e1s info<\/i><br \/>Sociedad Rural Gualeguaych\u00fa<br \/>Urquiza 881. Gualeguaych\u00fa \/ Entre R\u00edos<br \/>Tel.: 03446 426357<span style=\"font-family:Arial\"><a href=\"mailto:inscripciones@congresocra2014.com.ar\"><br \/>inscripciones@congresocra2014.com.ar<br \/><\/a><\/span><a target=\"_blank\" title=\"\" href=\"http:\/\/www.congresocra2014.com.ar\/programa.html\">www.congresocra2014.com.ar\/programa.html<\/a><br \/><\/p>","protected":false},"excerpt":{"rendered":"<p>D\u00edas: 30 y 31 de mayoLugar: Sociedad Rural de Gualeguaych\u00fa. ProgramaViernes 30 de MayoTeatro Gualeguaych\u00fa10:00 a 10:45 hs.Apertura Oficial.Presentaci\u00f3n de Confederaciones.Himno Nacional y Marcha de Entre R\u00edos.Palabras del Presidente de la Sociedad Rural Gualeguaych\u00fa, Cont. Javier Melchiori.Palabras de bienvenida Presidente Municipal de Gualeguaych\u00fa, Sr. Juan Jos\u00e9 Bahillo.Palabras del Presidente de FARER, Sr. Jorge Chemes.Palabras del Presidente de CRA, Dr. Rub\u00e9n Ferrero. 10:45 a 11:30 hs.Una mirada hacia el interior del hombre de campo.Reflexiones de Mons. Jorge Lozano. 11:30 a 12:15 hs.El \u00e9xito en la gesti\u00f3n empresaria.Presidente de Shell \u0096 Ing. Juan Jos\u00e9 Aranguren. Predio Ferial \u0093Sociedad Rural Gualeguaych\u00fa&#8221;12:30 a 15:00 hs. &#8211; Acreditaciones &#8211; Almuerzo libre. 15:00 a 16:00 hs.Las entidades y su futuro. Estrategias de financiamiento. Experiencias.Vice Presidente de FARSUL (Brasil) Sr. Gede\u00e3o Pereira y Presidente SNA (Chile) Sr. Patricio Crespo.Moderador: Vicepresidente 3\u00ba de CRA Sr. Mart\u00edn Rapetti 16:00 a 16:45 hs.La comunicaci\u00f3n desde el sector.Decano Facultad Ciencias Agrarias de la Universidad de Belgrano- Ing. Agr. Leonardo Galaburri. 16:45 a 17:00hs &#8211; Coffee Break. 17:00 a 19:00 hs.Taller y Conclusiones.Profesor Cesar Grinstein. 19:00 a 19:45 hs. &#8211; Actualidad Pol\u00edtica y Econ\u00f3mica.Periodista Marcelo Longobardi 21:30 hs. &#8211; Cena Show. S\u00e1bado 31 de MayoPredio Ferial \u0093Sociedad Rural Gualeguaych\u00fa&#8221;9:00 a 10:30 hs.Pol\u00edticas [&hellip;]<\/p>\n","protected":false},"author":2,"featured_media":516,"comment_status":"closed","ping_status":"open","sticky":false,"template":"","format":"standard","meta":{"_acf_changed":false,"footnotes":""},"categories":[56],"tags":[],"class_list":["post-541","post","type-post","status-publish","format-standard","has-post-thumbnail","hentry","category-infoganadero"],"acf":[],"yoast_head":"<!-- This site is optimized with the Yoast SEO plugin v27.4 - https:\/\/yoast.com\/product\/yoast-seo-wordpress\/ -->\n<title>Congreso CRA 2014. | Proagro<\/title>\n<meta name=\"robots\" content=\"index, follow, max-snippet:-1, max-image-preview:large, max-video-preview:-1\" \/>\n<link rel=\"canonical\" href=\"https:\/\/proagrolab.com.ar\/en\/congreso-cra-2014\/\" \/>\n<meta property=\"og:locale\" content=\"en_US\" \/>\n<meta property=\"og:type\" content=\"article\" \/>\n<meta property=\"og:title\" content=\"Congreso CRA 2014. | Proagro\" \/>\n<meta property=\"og:description\" content=\"D\u00edas: 30 y 31 de mayoLugar: Sociedad Rural de Gualeguaych\u00fa. ProgramaViernes 30 de MayoTeatro Gualeguaych\u00fa10:00 a 10:45 hs.Apertura Oficial.Presentaci\u00f3n de Confederaciones.Himno Nacional y Marcha de Entre R\u00edos.Palabras del Presidente de la Sociedad Rural Gualeguaych\u00fa, Cont. Javier Melchiori.Palabras de bienvenida Presidente Municipal de Gualeguaych\u00fa, Sr. Juan Jos\u00e9 Bahillo.Palabras del Presidente de FARER, Sr. Jorge Chemes.Palabras del Presidente de CRA, Dr. Rub\u00e9n Ferrero. 10:45 a 11:30 hs.Una mirada hacia el interior del hombre de campo.Reflexiones de Mons. Jorge Lozano. 11:30 a 12:15 hs.El \u00e9xito en la gesti\u00f3n empresaria.Presidente de Shell \u0096 Ing. Juan Jos\u00e9 Aranguren. Predio Ferial \u0093Sociedad Rural Gualeguaych\u00fa&#8221;12:30 a 15:00 hs. &#8211; Acreditaciones &#8211; Almuerzo libre. 15:00 a 16:00 hs.Las entidades y su futuro. Estrategias de financiamiento. Experiencias.Vice Presidente de FARSUL (Brasil) Sr. Gede\u00e3o Pereira y Presidente SNA (Chile) Sr. Patricio Crespo.Moderador: Vicepresidente 3\u00ba de CRA Sr. Mart\u00edn Rapetti 16:00 a 16:45 hs.La comunicaci\u00f3n desde el sector.Decano Facultad Ciencias Agrarias de la Universidad de Belgrano- Ing. Agr. Leonardo Galaburri. 16:45 a 17:00hs &#8211; Coffee Break. 17:00 a 19:00 hs.Taller y Conclusiones.Profesor Cesar Grinstein. 19:00 a 19:45 hs. &#8211; Actualidad Pol\u00edtica y Econ\u00f3mica.Periodista Marcelo Longobardi 21:30 hs. &#8211; Cena Show. S\u00e1bado 31 de MayoPredio Ferial \u0093Sociedad Rural Gualeguaych\u00fa&#8221;9:00 a 10:30 hs.Pol\u00edticas [&hellip;]\" \/>\n<meta property=\"og:url\" content=\"https:\/\/proagrolab.com.ar\/congreso-cra-2014\/\" \/>\n<meta property=\"og:site_name\" content=\"Proagro\" \/>\n<meta property=\"article:publisher\" content=\"http:\/\/www.facebook.com\/proagrolab\" \/>\n<meta property=\"article:published_time\" content=\"2014-05-19T00:00:01+00:00\" \/>\n<meta property=\"og:image\" content=\"https:\/\/proagrolab.com.ar\/wp-content\/uploads\/2015\/01\/g_zh4l9k4id__Congreso-CRA.jpg\" \/>\n\t<meta property=\"og:image:width\" content=\"450\" \/>\n\t<meta property=\"og:image:height\" content=\"208\" \/>\n\t<meta property=\"og:image:type\" content=\"image\/jpeg\" \/>\n<meta name=\"author\" content=\"proagrolab\" \/>\n<meta name=\"twitter:card\" content=\"summary_large_image\" \/>\n<meta name=\"twitter:label1\" content=\"Written by\" \/>\n\t<meta name=\"twitter:data1\" content=\"proagrolab\" \/>\n\t<meta name=\"twitter:label2\" content=\"Est. reading time\" \/>\n\t<meta name=\"twitter:data2\" content=\"2 minutes\" \/>\n<script type=\"application\/ld+json\" class=\"yoast-schema-graph\">{\"@context\":\"https:\\\/\\\/schema.org\",\"@graph\":[{\"@type\":\"Article\",\"@id\":\"https:\\\/\\\/proagrolab.com.ar\\\/congreso-cra-2014\\\/#article\",\"isPartOf\":{\"@id\":\"https:\\\/\\\/proagrolab.com.ar\\\/congreso-cra-2014\\\/\"},\"author\":{\"name\":\"proagrolab\",\"@id\":\"https:\\\/\\\/proagrolab.com.ar\\\/#\\\/schema\\\/person\\\/38003ff90bf80381f71c7d922d207444\"},\"headline\":\"Congreso CRA 2014.\",\"datePublished\":\"2014-05-19T00:00:01+00:00\",\"mainEntityOfPage\":{\"@id\":\"https:\\\/\\\/proagrolab.com.ar\\\/congreso-cra-2014\\\/\"},\"wordCount\":430,\"publisher\":{\"@id\":\"https:\\\/\\\/proagrolab.com.ar\\\/#organization\"},\"image\":{\"@id\":\"https:\\\/\\\/proagrolab.com.ar\\\/congreso-cra-2014\\\/#primaryimage\"},\"thumbnailUrl\":\"https:\\\/\\\/proagrolab.com.ar\\\/wp-content\\\/uploads\\\/2015\\\/01\\\/g_zh4l9k4id__Congreso-CRA.jpg\",\"articleSection\":[\"News\"],\"inLanguage\":\"en-US\"},{\"@type\":\"WebPage\",\"@id\":\"https:\\\/\\\/proagrolab.com.ar\\\/congreso-cra-2014\\\/\",\"url\":\"https:\\\/\\\/proagrolab.com.ar\\\/congreso-cra-2014\\\/\",\"name\":\"Congreso CRA 2014. | Proagro\",\"isPartOf\":{\"@id\":\"https:\\\/\\\/proagrolab.com.ar\\\/#website\"},\"primaryImageOfPage\":{\"@id\":\"https:\\\/\\\/proagrolab.com.ar\\\/congreso-cra-2014\\\/#primaryimage\"},\"image\":{\"@id\":\"https:\\\/\\\/proagrolab.com.ar\\\/congreso-cra-2014\\\/#primaryimage\"},\"thumbnailUrl\":\"https:\\\/\\\/proagrolab.com.ar\\\/wp-content\\\/uploads\\\/2015\\\/01\\\/g_zh4l9k4id__Congreso-CRA.jpg\",\"datePublished\":\"2014-05-19T00:00:01+00:00\",\"breadcrumb\":{\"@id\":\"https:\\\/\\\/proagrolab.com.ar\\\/congreso-cra-2014\\\/#breadcrumb\"},\"inLanguage\":\"en-US\",\"potentialAction\":[{\"@type\":\"ReadAction\",\"target\":[\"https:\\\/\\\/proagrolab.com.ar\\\/congreso-cra-2014\\\/\"]}]},{\"@type\":\"ImageObject\",\"inLanguage\":\"en-US\",\"@id\":\"https:\\\/\\\/proagrolab.com.ar\\\/congreso-cra-2014\\\/#primaryimage\",\"url\":\"https:\\\/\\\/proagrolab.com.ar\\\/wp-content\\\/uploads\\\/2015\\\/01\\\/g_zh4l9k4id__Congreso-CRA.jpg\",\"contentUrl\":\"https:\\\/\\\/proagrolab.com.ar\\\/wp-content\\\/uploads\\\/2015\\\/01\\\/g_zh4l9k4id__Congreso-CRA.jpg\",\"width\":450,\"height\":208},{\"@type\":\"BreadcrumbList\",\"@id\":\"https:\\\/\\\/proagrolab.com.ar\\\/congreso-cra-2014\\\/#breadcrumb\",\"itemListElement\":[{\"@type\":\"ListItem\",\"position\":1,\"name\":\"Portada\",\"item\":\"https:\\\/\\\/proagrolab.com.ar\\\/\"},{\"@type\":\"ListItem\",\"position\":2,\"name\":\"Congreso CRA 2014.\"}]},{\"@type\":\"WebSite\",\"@id\":\"https:\\\/\\\/proagrolab.com.ar\\\/#website\",\"url\":\"https:\\\/\\\/proagrolab.com.ar\\\/\",\"name\":\"Proagro Laboratorio Veterinario\",\"description\":\"Veterinary laboratory\",\"publisher\":{\"@id\":\"https:\\\/\\\/proagrolab.com.ar\\\/#organization\"},\"potentialAction\":[{\"@type\":\"SearchAction\",\"target\":{\"@type\":\"EntryPoint\",\"urlTemplate\":\"https:\\\/\\\/proagrolab.com.ar\\\/?s={search_term_string}\"},\"query-input\":{\"@type\":\"PropertyValueSpecification\",\"valueRequired\":true,\"valueName\":\"search_term_string\"}}],\"inLanguage\":\"en-US\"},{\"@type\":\"Organization\",\"@id\":\"https:\\\/\\\/proagrolab.com.ar\\\/#organization\",\"name\":\"Proagro\",\"url\":\"https:\\\/\\\/proagrolab.com.ar\\\/\",\"logo\":{\"@type\":\"ImageObject\",\"inLanguage\":\"en-US\",\"@id\":\"https:\\\/\\\/proagrolab.com.ar\\\/#\\\/schema\\\/logo\\\/image\\\/\",\"url\":\"https:\\\/\\\/proagrolab.com.ar\\\/wp-content\\\/uploads\\\/2020\\\/04\\\/logo-retina.png\",\"contentUrl\":\"https:\\\/\\\/proagrolab.com.ar\\\/wp-content\\\/uploads\\\/2020\\\/04\\\/logo-retina.png\",\"width\":478,\"height\":120,\"caption\":\"Proagro\"},\"image\":{\"@id\":\"https:\\\/\\\/proagrolab.com.ar\\\/#\\\/schema\\\/logo\\\/image\\\/\"},\"sameAs\":[\"http:\\\/\\\/www.facebook.com\\\/proagrolab\",\"https:\\\/\\\/www.instagram.com\\\/proagrolab\\\/\",\"https:\\\/\\\/www.linkedin.com\\\/company\\\/laboratorio-proagro-s-a\\\/\"]},{\"@type\":\"Person\",\"@id\":\"https:\\\/\\\/proagrolab.com.ar\\\/#\\\/schema\\\/person\\\/38003ff90bf80381f71c7d922d207444\",\"name\":\"proagrolab\"}]}<\/script>\n<!-- \/ Yoast SEO plugin. -->","yoast_head_json":{"title":"Congreso CRA 2014. | Proagro","robots":{"index":"index","follow":"follow","max-snippet":"max-snippet:-1","max-image-preview":"max-image-preview:large","max-video-preview":"max-video-preview:-1"},"canonical":"https:\/\/proagrolab.com.ar\/en\/congreso-cra-2014\/","og_locale":"en_US","og_type":"article","og_title":"Congreso CRA 2014. | Proagro","og_description":"D\u00edas: 30 y 31 de mayoLugar: Sociedad Rural de Gualeguaych\u00fa. ProgramaViernes 30 de MayoTeatro Gualeguaych\u00fa10:00 a 10:45 hs.Apertura Oficial.Presentaci\u00f3n de Confederaciones.Himno Nacional y Marcha de Entre R\u00edos.Palabras del Presidente de la Sociedad Rural Gualeguaych\u00fa, Cont. Javier Melchiori.Palabras de bienvenida Presidente Municipal de Gualeguaych\u00fa, Sr. Juan Jos\u00e9 Bahillo.Palabras del Presidente de FARER, Sr. Jorge Chemes.Palabras del Presidente de CRA, Dr. Rub\u00e9n Ferrero. 10:45 a 11:30 hs.Una mirada hacia el interior del hombre de campo.Reflexiones de Mons. Jorge Lozano. 11:30 a 12:15 hs.El \u00e9xito en la gesti\u00f3n empresaria.Presidente de Shell \u0096 Ing. Juan Jos\u00e9 Aranguren. Predio Ferial \u0093Sociedad Rural Gualeguaych\u00fa&#8221;12:30 a 15:00 hs. &#8211; Acreditaciones &#8211; Almuerzo libre. 15:00 a 16:00 hs.Las entidades y su futuro. Estrategias de financiamiento. Experiencias.Vice Presidente de FARSUL (Brasil) Sr. Gede\u00e3o Pereira y Presidente SNA (Chile) Sr. Patricio Crespo.Moderador: Vicepresidente 3\u00ba de CRA Sr. Mart\u00edn Rapetti 16:00 a 16:45 hs.La comunicaci\u00f3n desde el sector.Decano Facultad Ciencias Agrarias de la Universidad de Belgrano- Ing. Agr. Leonardo Galaburri. 16:45 a 17:00hs &#8211; Coffee Break. 17:00 a 19:00 hs.Taller y Conclusiones.Profesor Cesar Grinstein. 19:00 a 19:45 hs. &#8211; Actualidad Pol\u00edtica y Econ\u00f3mica.Periodista Marcelo Longobardi 21:30 hs. &#8211; Cena Show. S\u00e1bado 31 de MayoPredio Ferial \u0093Sociedad Rural Gualeguaych\u00fa&#8221;9:00 a 10:30 hs.Pol\u00edticas [&hellip;]","og_url":"https:\/\/proagrolab.com.ar\/congreso-cra-2014\/","og_site_name":"Proagro","article_publisher":"http:\/\/www.facebook.com\/proagrolab","article_published_time":"2014-05-19T00:00:01+00:00","og_image":[{"width":450,"height":208,"url":"https:\/\/proagrolab.com.ar\/wp-content\/uploads\/2015\/01\/g_zh4l9k4id__Congreso-CRA.jpg","type":"image\/jpeg"}],"author":"proagrolab","twitter_card":"summary_large_image","twitter_misc":{"Written by":"proagrolab","Est. reading time":"2 minutes"},"schema":{"@context":"https:\/\/schema.org","@graph":[{"@type":"Article","@id":"https:\/\/proagrolab.com.ar\/congreso-cra-2014\/#article","isPartOf":{"@id":"https:\/\/proagrolab.com.ar\/congreso-cra-2014\/"},"author":{"name":"proagrolab","@id":"https:\/\/proagrolab.com.ar\/#\/schema\/person\/38003ff90bf80381f71c7d922d207444"},"headline":"Congreso CRA 2014.","datePublished":"2014-05-19T00:00:01+00:00","mainEntityOfPage":{"@id":"https:\/\/proagrolab.com.ar\/congreso-cra-2014\/"},"wordCount":430,"publisher":{"@id":"https:\/\/proagrolab.com.ar\/#organization"},"image":{"@id":"https:\/\/proagrolab.com.ar\/congreso-cra-2014\/#primaryimage"},"thumbnailUrl":"https:\/\/proagrolab.com.ar\/wp-content\/uploads\/2015\/01\/g_zh4l9k4id__Congreso-CRA.jpg","articleSection":["News"],"inLanguage":"en-US"},{"@type":"WebPage","@id":"https:\/\/proagrolab.com.ar\/congreso-cra-2014\/","url":"https:\/\/proagrolab.com.ar\/congreso-cra-2014\/","name":"Congreso CRA 2014. | Proagro","isPartOf":{"@id":"https:\/\/proagrolab.com.ar\/#website"},"primaryImageOfPage":{"@id":"https:\/\/proagrolab.com.ar\/congreso-cra-2014\/#primaryimage"},"image":{"@id":"https:\/\/proagrolab.com.ar\/congreso-cra-2014\/#primaryimage"},"thumbnailUrl":"https:\/\/proagrolab.com.ar\/wp-content\/uploads\/2015\/01\/g_zh4l9k4id__Congreso-CRA.jpg","datePublished":"2014-05-19T00:00:01+00:00","breadcrumb":{"@id":"https:\/\/proagrolab.com.ar\/congreso-cra-2014\/#breadcrumb"},"inLanguage":"en-US","potentialAction":[{"@type":"ReadAction","target":["https:\/\/proagrolab.com.ar\/congreso-cra-2014\/"]}]},{"@type":"ImageObject","inLanguage":"en-US","@id":"https:\/\/proagrolab.com.ar\/congreso-cra-2014\/#primaryimage","url":"https:\/\/proagrolab.com.ar\/wp-content\/uploads\/2015\/01\/g_zh4l9k4id__Congreso-CRA.jpg","contentUrl":"https:\/\/proagrolab.com.ar\/wp-content\/uploads\/2015\/01\/g_zh4l9k4id__Congreso-CRA.jpg","width":450,"height":208},{"@type":"BreadcrumbList","@id":"https:\/\/proagrolab.com.ar\/congreso-cra-2014\/#breadcrumb","itemListElement":[{"@type":"ListItem","position":1,"name":"Portada","item":"https:\/\/proagrolab.com.ar\/"},{"@type":"ListItem","position":2,"name":"Congreso CRA 2014."}]},{"@type":"WebSite","@id":"https:\/\/proagrolab.com.ar\/#website","url":"https:\/\/proagrolab.com.ar\/","name":"Proagro Laboratorio Veterinario","description":"Veterinary laboratory","publisher":{"@id":"https:\/\/proagrolab.com.ar\/#organization"},"potentialAction":[{"@type":"SearchAction","target":{"@type":"EntryPoint","urlTemplate":"https:\/\/proagrolab.com.ar\/?s={search_term_string}"},"query-input":{"@type":"PropertyValueSpecification","valueRequired":true,"valueName":"search_term_string"}}],"inLanguage":"en-US"},{"@type":"Organization","@id":"https:\/\/proagrolab.com.ar\/#organization","name":"Proagro","url":"https:\/\/proagrolab.com.ar\/","logo":{"@type":"ImageObject","inLanguage":"en-US","@id":"https:\/\/proagrolab.com.ar\/#\/schema\/logo\/image\/","url":"https:\/\/proagrolab.com.ar\/wp-content\/uploads\/2020\/04\/logo-retina.png","contentUrl":"https:\/\/proagrolab.com.ar\/wp-content\/uploads\/2020\/04\/logo-retina.png","width":478,"height":120,"caption":"Proagro"},"image":{"@id":"https:\/\/proagrolab.com.ar\/#\/schema\/logo\/image\/"},"sameAs":["http:\/\/www.facebook.com\/proagrolab","https:\/\/www.instagram.com\/proagrolab\/","https:\/\/www.linkedin.com\/company\/laboratorio-proagro-s-a\/"]},{"@type":"Person","@id":"https:\/\/proagrolab.com.ar\/#\/schema\/person\/38003ff90bf80381f71c7d922d207444","name":"proagrolab"}]}},"_links":{"self":[{"href":"https:\/\/proagrolab.com.ar\/en\/wp-json\/wp\/v2\/posts\/541","targetHints":{"allow":["GET"]}}],"collection":[{"href":"https:\/\/proagrolab.com.ar\/en\/wp-json\/wp\/v2\/posts"}],"about":[{"href":"https:\/\/proagrolab.com.ar\/en\/wp-json\/wp\/v2\/types\/post"}],"author":[{"embeddable":true,"href":"https:\/\/proagrolab.com.ar\/en\/wp-json\/wp\/v2\/users\/2"}],"replies":[{"embeddable":true,"href":"https:\/\/proagrolab.com.ar\/en\/wp-json\/wp\/v2\/comments?post=541"}],"version-history":[{"count":0,"href":"https:\/\/proagrolab.com.ar\/en\/wp-json\/wp\/v2\/posts\/541\/revisions"}],"wp:featuredmedia":[{"embeddable":true,"href":"https:\/\/proagrolab.com.ar\/en\/wp-json\/wp\/v2\/media\/516"}],"wp:attachment":[{"href":"https:\/\/proagrolab.com.ar\/en\/wp-json\/wp\/v2\/media?parent=541"}],"wp:term":[{"taxonomy":"category","embeddable":true,"href":"https:\/\/proagrolab.com.ar\/en\/wp-json\/wp\/v2\/categories?post=541"},{"taxonomy":"post_tag","embeddable":true,"href":"https:\/\/proagrolab.com.ar\/en\/wp-json\/wp\/v2\/tags?post=541"}],"curies":[{"name":"wp","href":"https:\/\/api.w.org\/{rel}","templated":true}]}}