{"id":540,"date":"2014-05-09T00:00:01","date_gmt":"2014-05-09T00:00:01","guid":{"rendered":"https:\/\/proagrolab.com.ar\/8vas-jornadas-lecheras-nacionales\/"},"modified":"2014-05-09T00:00:01","modified_gmt":"2014-05-09T00:00:01","slug":"8vas-jornadas-lecheras-nacionales","status":"publish","type":"post","link":"https:\/\/proagrolab.com.ar\/en\/8vas-jornadas-lecheras-nacionales\/","title":{"rendered":"8vas Jornadas Lecheras Nacionales."},"content":{"rendered":"<p class=\"qtranxs-available-languages-message qtranxs-available-languages-message-en\"> <\/p><p>D\u00eda: martes 3 de junio<br \/>Lugar: Amerian Park Hotel, Villa Mar\u00eda, C\u00f3rdoba.<\/p>\n<p>El programa de exposiciones buscar\u00e1 atender los problemas m\u00e1s importantes que acarrean los productores argentinos y sudamericanos, pero adem\u00e1s, servir\u00e1 para reforzar la idea de que el productor argentino es un productor global, que compite en un mundo con gran volatilidad clim\u00e1tica y de mercados. <br \/>&nbsp;<br \/><i>Programa<\/i><br \/>\u00bfQu\u00e9 est\u00e1 pasando en el negocio global de la lecher\u00eda? Las variaciones del precio de la leche en el mundo y su impacto en los productores. <br \/>Diserta: Stephen Maddox, productor de California, EE.UU.<\/p>\n<p>Desaf\u00edos y oportunidades para los productores lecheros argentinos en tiempos turbulentos. Una mirada cr\u00edtica del negocio de producir leche. <br \/>Diserta: Ing. Marcos Snyder, administrador de empresas tamberas y ex coordinador Institucional de Lecher\u00eda de Aacrea.<\/p>\n<p>Me quedaron chicas e inadecuadas las instalaciones de orde\u00f1e, \u00bfc\u00f3mo debo pensar su reforma?; \u00bfCu\u00e1ndo me conviene hacer todo nuevo, qu\u00e9 debo tener en cuenta?. <br \/>Diserta: Dante Grangetto, experto en instalaciones de orde\u00f1e.<\/p>\n<p>Reniego mucho con el personal, \u00bfqu\u00e9 hago?. El Tablero de Comando, una idea pr\u00e1ctica para poner en marcha ma\u00f1ana mismo. <br \/>Diserta: M\u00e9d. Vet. Daniel Manelli, asesor tambero.<\/p>\n<p>Por qu\u00e9 seguir perdiendo millones de pesos por falta de bienestar animal. Instalaciones \u00bfQu\u00e9 hacer?. Ecuaciones costo-beneficio. <br \/>Disertan: Emilio Walter y Jorge Ghiano, t\u00e9cnicos del INTA Rafaela.<\/p>\n<p>Repensando la producci\u00f3n de leche, la nutrici\u00f3n y el bienestar animal. Mensaje a las nuevas generaciones lecheras. <br \/>Diserta: Mario Ledesma Arocena, director de Nutrefeed y asesor privado.<\/p>\n<p><i>Aranceles:<\/i><br \/>General $300<br \/>Estudiantes $150<br \/><a target=\"_blank\" title=\"\" href=\"http:\/\/www.wfxgroup.com.ar\/clientes\/todoagro\/inscripciones\/index.asp?idj=27&amp;mkt_hm=1&amp;utm_source=email_marketing&amp;utm_admin=43811&amp;utm_medium=email&amp;utm_campaign=El_de_juni\"><br \/>Formulario de inscripci\u00f3n online, click aqu\u00ed<\/a><\/p>\n<p><i>M\u00e1s info:<\/i><br \/>Tel.: (0353) 4536239 \/ 4613068<span style=\"font-family:Arial\"><a href=\"mailto:jornadaslecheras@todoagro.com.ar\"><br \/>jornadaslecheras@todoagro.com.ar<\/a><\/span><!--[if gte mso 9]><xml>\n <w:LatentStyles DefLockedState=\"false\" LatentStyleCount=\"156\">\n <\/w:LatentStyles>\n<\/xml><![endif]--><!--[if gte mso 10]>\n\n\n<style>\n \/* Style Definitions *\/\n table.MsoNormalTable\n\t{mso-style-name:\"Tabla normal\";\n\tmso-tstyle-rowband-size:0;\n\tmso-tstyle-colband-size:0;\n\tmso-style-noshow:yes;\n\tmso-style-parent:\"\";\n\tmso-padding-alt:0cm 5.4pt 0cm 5.4pt;\n\tmso-para-margin:0cm;\n\tmso-para-margin-bottom:.0001pt;\n\tmso-pagination:widow-orphan;\n\tfont-size:10.0pt;\n\tfont-family:\"Times New Roman\";\n\tmso-ansi-language:#0400;\n\tmso-fareast-language:#0400;\n\tmso-bidi-language:#0400;}\n<\/style>\n\n\n<![endif]--><br \/><\/p>","protected":false},"excerpt":{"rendered":"<p>D\u00eda: martes 3 de junioLugar: Amerian Park Hotel, Villa Mar\u00eda, C\u00f3rdoba. El programa de exposiciones buscar\u00e1 atender los problemas m\u00e1s importantes que acarrean los productores argentinos y sudamericanos, pero adem\u00e1s, servir\u00e1 para reforzar la idea de que el productor argentino es un productor global, que compite en un mundo con gran volatilidad clim\u00e1tica y de mercados. &nbsp;Programa\u00bfQu\u00e9 est\u00e1 pasando en el negocio global de la lecher\u00eda? Las variaciones del precio de la leche en el mundo y su impacto en los productores. Diserta: Stephen Maddox, productor de California, EE.UU. Desaf\u00edos y oportunidades para los productores lecheros argentinos en tiempos turbulentos. Una mirada cr\u00edtica del negocio de producir leche. Diserta: Ing. Marcos Snyder, administrador de empresas tamberas y ex coordinador Institucional de Lecher\u00eda de Aacrea. Me quedaron chicas e inadecuadas las instalaciones de orde\u00f1e, \u00bfc\u00f3mo debo pensar su reforma?; \u00bfCu\u00e1ndo me conviene hacer todo nuevo, qu\u00e9 debo tener en cuenta?. Diserta: Dante Grangetto, experto en instalaciones de orde\u00f1e. Reniego mucho con el personal, \u00bfqu\u00e9 hago?. El Tablero de Comando, una idea pr\u00e1ctica para poner en marcha ma\u00f1ana mismo. Diserta: M\u00e9d. Vet. Daniel Manelli, asesor tambero. Por qu\u00e9 seguir perdiendo millones de pesos por falta de bienestar animal. Instalaciones \u00bfQu\u00e9 hacer?. Ecuaciones [&hellip;]<\/p>\n","protected":false},"author":2,"featured_media":515,"comment_status":"closed","ping_status":"open","sticky":false,"template":"","format":"standard","meta":{"_acf_changed":false,"footnotes":""},"categories":[56],"tags":[],"class_list":["post-540","post","type-post","status-publish","format-standard","has-post-thumbnail","hentry","category-infoganadero"],"acf":[],"yoast_head":"<!-- This site is optimized with the Yoast SEO plugin v27.4 - https:\/\/yoast.com\/product\/yoast-seo-wordpress\/ -->\n<title>8vas Jornadas Lecheras Nacionales. | Proagro<\/title>\n<meta name=\"robots\" content=\"index, follow, max-snippet:-1, max-image-preview:large, max-video-preview:-1\" \/>\n<link rel=\"canonical\" href=\"https:\/\/proagrolab.com.ar\/en\/8vas-jornadas-lecheras-nacionales\/\" \/>\n<meta property=\"og:locale\" content=\"en_US\" \/>\n<meta property=\"og:type\" content=\"article\" \/>\n<meta property=\"og:title\" content=\"8vas Jornadas Lecheras Nacionales. | Proagro\" \/>\n<meta property=\"og:description\" content=\"D\u00eda: martes 3 de junioLugar: Amerian Park Hotel, Villa Mar\u00eda, C\u00f3rdoba. El programa de exposiciones buscar\u00e1 atender los problemas m\u00e1s importantes que acarrean los productores argentinos y sudamericanos, pero adem\u00e1s, servir\u00e1 para reforzar la idea de que el productor argentino es un productor global, que compite en un mundo con gran volatilidad clim\u00e1tica y de mercados. &nbsp;Programa\u00bfQu\u00e9 est\u00e1 pasando en el negocio global de la lecher\u00eda? Las variaciones del precio de la leche en el mundo y su impacto en los productores. Diserta: Stephen Maddox, productor de California, EE.UU. Desaf\u00edos y oportunidades para los productores lecheros argentinos en tiempos turbulentos. Una mirada cr\u00edtica del negocio de producir leche. Diserta: Ing. Marcos Snyder, administrador de empresas tamberas y ex coordinador Institucional de Lecher\u00eda de Aacrea. Me quedaron chicas e inadecuadas las instalaciones de orde\u00f1e, \u00bfc\u00f3mo debo pensar su reforma?; \u00bfCu\u00e1ndo me conviene hacer todo nuevo, qu\u00e9 debo tener en cuenta?. Diserta: Dante Grangetto, experto en instalaciones de orde\u00f1e. Reniego mucho con el personal, \u00bfqu\u00e9 hago?. El Tablero de Comando, una idea pr\u00e1ctica para poner en marcha ma\u00f1ana mismo. Diserta: M\u00e9d. Vet. Daniel Manelli, asesor tambero. Por qu\u00e9 seguir perdiendo millones de pesos por falta de bienestar animal. Instalaciones \u00bfQu\u00e9 hacer?. Ecuaciones [&hellip;]\" \/>\n<meta property=\"og:url\" content=\"https:\/\/proagrolab.com.ar\/8vas-jornadas-lecheras-nacionales\/\" \/>\n<meta property=\"og:site_name\" content=\"Proagro\" \/>\n<meta property=\"article:publisher\" content=\"http:\/\/www.facebook.com\/proagrolab\" \/>\n<meta property=\"article:published_time\" content=\"2014-05-09T00:00:01+00:00\" \/>\n<meta property=\"og:image\" content=\"https:\/\/proagrolab.com.ar\/wp-content\/uploads\/2015\/01\/g_dzh53vyi9__Jornadas-lecheras-villa-maria.jpg\" \/>\n\t<meta property=\"og:image:width\" content=\"450\" \/>\n\t<meta property=\"og:image:height\" content=\"208\" \/>\n\t<meta property=\"og:image:type\" content=\"image\/jpeg\" \/>\n<meta name=\"author\" content=\"proagrolab\" \/>\n<meta name=\"twitter:card\" content=\"summary_large_image\" \/>\n<meta name=\"twitter:label1\" content=\"Written by\" \/>\n\t<meta name=\"twitter:data1\" content=\"proagrolab\" \/>\n\t<meta name=\"twitter:label2\" content=\"Est. reading time\" \/>\n\t<meta name=\"twitter:data2\" content=\"1 minute\" \/>\n<script type=\"application\/ld+json\" class=\"yoast-schema-graph\">{\"@context\":\"https:\\\/\\\/schema.org\",\"@graph\":[{\"@type\":\"Article\",\"@id\":\"https:\\\/\\\/proagrolab.com.ar\\\/8vas-jornadas-lecheras-nacionales\\\/#article\",\"isPartOf\":{\"@id\":\"https:\\\/\\\/proagrolab.com.ar\\\/8vas-jornadas-lecheras-nacionales\\\/\"},\"author\":{\"name\":\"proagrolab\",\"@id\":\"https:\\\/\\\/proagrolab.com.ar\\\/#\\\/schema\\\/person\\\/38003ff90bf80381f71c7d922d207444\"},\"headline\":\"8vas Jornadas Lecheras Nacionales.\",\"datePublished\":\"2014-05-09T00:00:01+00:00\",\"mainEntityOfPage\":{\"@id\":\"https:\\\/\\\/proagrolab.com.ar\\\/8vas-jornadas-lecheras-nacionales\\\/\"},\"wordCount\":282,\"publisher\":{\"@id\":\"https:\\\/\\\/proagrolab.com.ar\\\/#organization\"},\"image\":{\"@id\":\"https:\\\/\\\/proagrolab.com.ar\\\/8vas-jornadas-lecheras-nacionales\\\/#primaryimage\"},\"thumbnailUrl\":\"https:\\\/\\\/proagrolab.com.ar\\\/wp-content\\\/uploads\\\/2015\\\/01\\\/g_dzh53vyi9__Jornadas-lecheras-villa-maria.jpg\",\"articleSection\":[\"News\"],\"inLanguage\":\"en-US\"},{\"@type\":\"WebPage\",\"@id\":\"https:\\\/\\\/proagrolab.com.ar\\\/8vas-jornadas-lecheras-nacionales\\\/\",\"url\":\"https:\\\/\\\/proagrolab.com.ar\\\/8vas-jornadas-lecheras-nacionales\\\/\",\"name\":\"8vas Jornadas Lecheras Nacionales. | Proagro\",\"isPartOf\":{\"@id\":\"https:\\\/\\\/proagrolab.com.ar\\\/#website\"},\"primaryImageOfPage\":{\"@id\":\"https:\\\/\\\/proagrolab.com.ar\\\/8vas-jornadas-lecheras-nacionales\\\/#primaryimage\"},\"image\":{\"@id\":\"https:\\\/\\\/proagrolab.com.ar\\\/8vas-jornadas-lecheras-nacionales\\\/#primaryimage\"},\"thumbnailUrl\":\"https:\\\/\\\/proagrolab.com.ar\\\/wp-content\\\/uploads\\\/2015\\\/01\\\/g_dzh53vyi9__Jornadas-lecheras-villa-maria.jpg\",\"datePublished\":\"2014-05-09T00:00:01+00:00\",\"breadcrumb\":{\"@id\":\"https:\\\/\\\/proagrolab.com.ar\\\/8vas-jornadas-lecheras-nacionales\\\/#breadcrumb\"},\"inLanguage\":\"en-US\",\"potentialAction\":[{\"@type\":\"ReadAction\",\"target\":[\"https:\\\/\\\/proagrolab.com.ar\\\/8vas-jornadas-lecheras-nacionales\\\/\"]}]},{\"@type\":\"ImageObject\",\"inLanguage\":\"en-US\",\"@id\":\"https:\\\/\\\/proagrolab.com.ar\\\/8vas-jornadas-lecheras-nacionales\\\/#primaryimage\",\"url\":\"https:\\\/\\\/proagrolab.com.ar\\\/wp-content\\\/uploads\\\/2015\\\/01\\\/g_dzh53vyi9__Jornadas-lecheras-villa-maria.jpg\",\"contentUrl\":\"https:\\\/\\\/proagrolab.com.ar\\\/wp-content\\\/uploads\\\/2015\\\/01\\\/g_dzh53vyi9__Jornadas-lecheras-villa-maria.jpg\",\"width\":450,\"height\":208},{\"@type\":\"BreadcrumbList\",\"@id\":\"https:\\\/\\\/proagrolab.com.ar\\\/8vas-jornadas-lecheras-nacionales\\\/#breadcrumb\",\"itemListElement\":[{\"@type\":\"ListItem\",\"position\":1,\"name\":\"Portada\",\"item\":\"https:\\\/\\\/proagrolab.com.ar\\\/\"},{\"@type\":\"ListItem\",\"position\":2,\"name\":\"8vas Jornadas Lecheras Nacionales.\"}]},{\"@type\":\"WebSite\",\"@id\":\"https:\\\/\\\/proagrolab.com.ar\\\/#website\",\"url\":\"https:\\\/\\\/proagrolab.com.ar\\\/\",\"name\":\"Proagro Laboratorio Veterinario\",\"description\":\"Veterinary laboratory\",\"publisher\":{\"@id\":\"https:\\\/\\\/proagrolab.com.ar\\\/#organization\"},\"potentialAction\":[{\"@type\":\"SearchAction\",\"target\":{\"@type\":\"EntryPoint\",\"urlTemplate\":\"https:\\\/\\\/proagrolab.com.ar\\\/?s={search_term_string}\"},\"query-input\":{\"@type\":\"PropertyValueSpecification\",\"valueRequired\":true,\"valueName\":\"search_term_string\"}}],\"inLanguage\":\"en-US\"},{\"@type\":\"Organization\",\"@id\":\"https:\\\/\\\/proagrolab.com.ar\\\/#organization\",\"name\":\"Proagro\",\"url\":\"https:\\\/\\\/proagrolab.com.ar\\\/\",\"logo\":{\"@type\":\"ImageObject\",\"inLanguage\":\"en-US\",\"@id\":\"https:\\\/\\\/proagrolab.com.ar\\\/#\\\/schema\\\/logo\\\/image\\\/\",\"url\":\"https:\\\/\\\/proagrolab.com.ar\\\/wp-content\\\/uploads\\\/2020\\\/04\\\/logo-retina.png\",\"contentUrl\":\"https:\\\/\\\/proagrolab.com.ar\\\/wp-content\\\/uploads\\\/2020\\\/04\\\/logo-retina.png\",\"width\":478,\"height\":120,\"caption\":\"Proagro\"},\"image\":{\"@id\":\"https:\\\/\\\/proagrolab.com.ar\\\/#\\\/schema\\\/logo\\\/image\\\/\"},\"sameAs\":[\"http:\\\/\\\/www.facebook.com\\\/proagrolab\",\"https:\\\/\\\/www.instagram.com\\\/proagrolab\\\/\",\"https:\\\/\\\/www.linkedin.com\\\/company\\\/laboratorio-proagro-s-a\\\/\"]},{\"@type\":\"Person\",\"@id\":\"https:\\\/\\\/proagrolab.com.ar\\\/#\\\/schema\\\/person\\\/38003ff90bf80381f71c7d922d207444\",\"name\":\"proagrolab\"}]}<\/script>\n<!-- \/ Yoast SEO plugin. -->","yoast_head_json":{"title":"8vas Jornadas Lecheras Nacionales. | Proagro","robots":{"index":"index","follow":"follow","max-snippet":"max-snippet:-1","max-image-preview":"max-image-preview:large","max-video-preview":"max-video-preview:-1"},"canonical":"https:\/\/proagrolab.com.ar\/en\/8vas-jornadas-lecheras-nacionales\/","og_locale":"en_US","og_type":"article","og_title":"8vas Jornadas Lecheras Nacionales. | Proagro","og_description":"D\u00eda: martes 3 de junioLugar: Amerian Park Hotel, Villa Mar\u00eda, C\u00f3rdoba. El programa de exposiciones buscar\u00e1 atender los problemas m\u00e1s importantes que acarrean los productores argentinos y sudamericanos, pero adem\u00e1s, servir\u00e1 para reforzar la idea de que el productor argentino es un productor global, que compite en un mundo con gran volatilidad clim\u00e1tica y de mercados. &nbsp;Programa\u00bfQu\u00e9 est\u00e1 pasando en el negocio global de la lecher\u00eda? Las variaciones del precio de la leche en el mundo y su impacto en los productores. Diserta: Stephen Maddox, productor de California, EE.UU. Desaf\u00edos y oportunidades para los productores lecheros argentinos en tiempos turbulentos. Una mirada cr\u00edtica del negocio de producir leche. Diserta: Ing. Marcos Snyder, administrador de empresas tamberas y ex coordinador Institucional de Lecher\u00eda de Aacrea. Me quedaron chicas e inadecuadas las instalaciones de orde\u00f1e, \u00bfc\u00f3mo debo pensar su reforma?; \u00bfCu\u00e1ndo me conviene hacer todo nuevo, qu\u00e9 debo tener en cuenta?. Diserta: Dante Grangetto, experto en instalaciones de orde\u00f1e. Reniego mucho con el personal, \u00bfqu\u00e9 hago?. El Tablero de Comando, una idea pr\u00e1ctica para poner en marcha ma\u00f1ana mismo. Diserta: M\u00e9d. Vet. Daniel Manelli, asesor tambero. Por qu\u00e9 seguir perdiendo millones de pesos por falta de bienestar animal. Instalaciones \u00bfQu\u00e9 hacer?. Ecuaciones [&hellip;]","og_url":"https:\/\/proagrolab.com.ar\/8vas-jornadas-lecheras-nacionales\/","og_site_name":"Proagro","article_publisher":"http:\/\/www.facebook.com\/proagrolab","article_published_time":"2014-05-09T00:00:01+00:00","og_image":[{"width":450,"height":208,"url":"https:\/\/proagrolab.com.ar\/wp-content\/uploads\/2015\/01\/g_dzh53vyi9__Jornadas-lecheras-villa-maria.jpg","type":"image\/jpeg"}],"author":"proagrolab","twitter_card":"summary_large_image","twitter_misc":{"Written by":"proagrolab","Est. reading time":"1 minute"},"schema":{"@context":"https:\/\/schema.org","@graph":[{"@type":"Article","@id":"https:\/\/proagrolab.com.ar\/8vas-jornadas-lecheras-nacionales\/#article","isPartOf":{"@id":"https:\/\/proagrolab.com.ar\/8vas-jornadas-lecheras-nacionales\/"},"author":{"name":"proagrolab","@id":"https:\/\/proagrolab.com.ar\/#\/schema\/person\/38003ff90bf80381f71c7d922d207444"},"headline":"8vas Jornadas Lecheras Nacionales.","datePublished":"2014-05-09T00:00:01+00:00","mainEntityOfPage":{"@id":"https:\/\/proagrolab.com.ar\/8vas-jornadas-lecheras-nacionales\/"},"wordCount":282,"publisher":{"@id":"https:\/\/proagrolab.com.ar\/#organization"},"image":{"@id":"https:\/\/proagrolab.com.ar\/8vas-jornadas-lecheras-nacionales\/#primaryimage"},"thumbnailUrl":"https:\/\/proagrolab.com.ar\/wp-content\/uploads\/2015\/01\/g_dzh53vyi9__Jornadas-lecheras-villa-maria.jpg","articleSection":["News"],"inLanguage":"en-US"},{"@type":"WebPage","@id":"https:\/\/proagrolab.com.ar\/8vas-jornadas-lecheras-nacionales\/","url":"https:\/\/proagrolab.com.ar\/8vas-jornadas-lecheras-nacionales\/","name":"8vas Jornadas Lecheras Nacionales. | Proagro","isPartOf":{"@id":"https:\/\/proagrolab.com.ar\/#website"},"primaryImageOfPage":{"@id":"https:\/\/proagrolab.com.ar\/8vas-jornadas-lecheras-nacionales\/#primaryimage"},"image":{"@id":"https:\/\/proagrolab.com.ar\/8vas-jornadas-lecheras-nacionales\/#primaryimage"},"thumbnailUrl":"https:\/\/proagrolab.com.ar\/wp-content\/uploads\/2015\/01\/g_dzh53vyi9__Jornadas-lecheras-villa-maria.jpg","datePublished":"2014-05-09T00:00:01+00:00","breadcrumb":{"@id":"https:\/\/proagrolab.com.ar\/8vas-jornadas-lecheras-nacionales\/#breadcrumb"},"inLanguage":"en-US","potentialAction":[{"@type":"ReadAction","target":["https:\/\/proagrolab.com.ar\/8vas-jornadas-lecheras-nacionales\/"]}]},{"@type":"ImageObject","inLanguage":"en-US","@id":"https:\/\/proagrolab.com.ar\/8vas-jornadas-lecheras-nacionales\/#primaryimage","url":"https:\/\/proagrolab.com.ar\/wp-content\/uploads\/2015\/01\/g_dzh53vyi9__Jornadas-lecheras-villa-maria.jpg","contentUrl":"https:\/\/proagrolab.com.ar\/wp-content\/uploads\/2015\/01\/g_dzh53vyi9__Jornadas-lecheras-villa-maria.jpg","width":450,"height":208},{"@type":"BreadcrumbList","@id":"https:\/\/proagrolab.com.ar\/8vas-jornadas-lecheras-nacionales\/#breadcrumb","itemListElement":[{"@type":"ListItem","position":1,"name":"Portada","item":"https:\/\/proagrolab.com.ar\/"},{"@type":"ListItem","position":2,"name":"8vas Jornadas Lecheras Nacionales."}]},{"@type":"WebSite","@id":"https:\/\/proagrolab.com.ar\/#website","url":"https:\/\/proagrolab.com.ar\/","name":"Proagro Laboratorio Veterinario","description":"Veterinary laboratory","publisher":{"@id":"https:\/\/proagrolab.com.ar\/#organization"},"potentialAction":[{"@type":"SearchAction","target":{"@type":"EntryPoint","urlTemplate":"https:\/\/proagrolab.com.ar\/?s={search_term_string}"},"query-input":{"@type":"PropertyValueSpecification","valueRequired":true,"valueName":"search_term_string"}}],"inLanguage":"en-US"},{"@type":"Organization","@id":"https:\/\/proagrolab.com.ar\/#organization","name":"Proagro","url":"https:\/\/proagrolab.com.ar\/","logo":{"@type":"ImageObject","inLanguage":"en-US","@id":"https:\/\/proagrolab.com.ar\/#\/schema\/logo\/image\/","url":"https:\/\/proagrolab.com.ar\/wp-content\/uploads\/2020\/04\/logo-retina.png","contentUrl":"https:\/\/proagrolab.com.ar\/wp-content\/uploads\/2020\/04\/logo-retina.png","width":478,"height":120,"caption":"Proagro"},"image":{"@id":"https:\/\/proagrolab.com.ar\/#\/schema\/logo\/image\/"},"sameAs":["http:\/\/www.facebook.com\/proagrolab","https:\/\/www.instagram.com\/proagrolab\/","https:\/\/www.linkedin.com\/company\/laboratorio-proagro-s-a\/"]},{"@type":"Person","@id":"https:\/\/proagrolab.com.ar\/#\/schema\/person\/38003ff90bf80381f71c7d922d207444","name":"proagrolab"}]}},"_links":{"self":[{"href":"https:\/\/proagrolab.com.ar\/en\/wp-json\/wp\/v2\/posts\/540","targetHints":{"allow":["GET"]}}],"collection":[{"href":"https:\/\/proagrolab.com.ar\/en\/wp-json\/wp\/v2\/posts"}],"about":[{"href":"https:\/\/proagrolab.com.ar\/en\/wp-json\/wp\/v2\/types\/post"}],"author":[{"embeddable":true,"href":"https:\/\/proagrolab.com.ar\/en\/wp-json\/wp\/v2\/users\/2"}],"replies":[{"embeddable":true,"href":"https:\/\/proagrolab.com.ar\/en\/wp-json\/wp\/v2\/comments?post=540"}],"version-history":[{"count":0,"href":"https:\/\/proagrolab.com.ar\/en\/wp-json\/wp\/v2\/posts\/540\/revisions"}],"wp:featuredmedia":[{"embeddable":true,"href":"https:\/\/proagrolab.com.ar\/en\/wp-json\/wp\/v2\/media\/515"}],"wp:attachment":[{"href":"https:\/\/proagrolab.com.ar\/en\/wp-json\/wp\/v2\/media?parent=540"}],"wp:term":[{"taxonomy":"category","embeddable":true,"href":"https:\/\/proagrolab.com.ar\/en\/wp-json\/wp\/v2\/categories?post=540"},{"taxonomy":"post_tag","embeddable":true,"href":"https:\/\/proagrolab.com.ar\/en\/wp-json\/wp\/v2\/tags?post=540"}],"curies":[{"name":"wp","href":"https:\/\/api.w.org\/{rel}","templated":true}]}}