{"id":538,"date":"2014-04-30T00:00:01","date_gmt":"2014-04-30T00:00:01","guid":{"rendered":"https:\/\/proagrolab.com.ar\/diplomado-en-cadena-de-valor-porcina\/"},"modified":"2014-04-30T00:00:01","modified_gmt":"2014-04-30T00:00:01","slug":"diplomado-en-cadena-de-valor-porcina","status":"publish","type":"post","link":"https:\/\/proagrolab.com.ar\/en\/diplomado-en-cadena-de-valor-porcina\/","title":{"rendered":"Diplomado en Cadena de Valor Porcina."},"content":{"rendered":"<p class=\"qtranxs-available-languages-message qtranxs-available-languages-message-en\"> <\/p><p>Inicio: Mayo de 2014 <br \/>Lugar: Campus UNVM (Universidad Nacional de Villa Mar\u00eda)<br \/>Duraci\u00f3n: 8 meses de cursado, 120 horas reloj, un viernes y un s\u00e1bado al mes.<\/p>\n<p>Disertantes de Chile, Uruguay, Brasil y Argentina (SENASA; INTA; INTI CONICET)<\/p>\n<p>Ms. Cs. Carlos Garocha Rosas (Universidad Federal de R\u00edo de Janeiro)<\/p>\n<p>Dr. Leonardo Cuevas (Universidad Cat\u00f3lica de Valpara\u00edso)<\/p>\n<p>M.V. B\u00e1rbara Linfati (Universidad Cat\u00f3lica de Temuco)<\/p>\n<p>Ms. Cs. Ricardo Segundo Cochran (UNiversidad de L\u00e9rida)<\/p>\n<p>Docentes de UNVM, UNRC, UNLP, UNLPam, UCA, CIT CONICET Villa Mar\u00eda.<\/p>\n<p><i>Objetivos:<\/i><br \/>Brindar herramientas de gesti\u00f3n y evaluaci\u00f3n para conocer los potenciales de cada uno de los eslabones de la cadena y forjar conciencia de interacci\u00f3n entre los actores para aumentar la eficiencia del sector.<br \/>Generar nuevas inversiones en producci\u00f3n y transformaci\u00f3n con agregado de valor.<\/p>\n<p><i>Organiza:<\/i><br \/>Instituto A.P. de Ciencias B\u00e1sicas y Aplicadas &#8211; UNVM.<\/p>\n<p><i>Coordina:<\/i><br \/>M.V. Fernando Gar\u00f3falo.<\/p>\n<p><i>Informes:<\/i><br \/>Secretar\u00eda de Investigaci\u00f3n y Extensi\u00f3n del Instituto A.P. de Ciencias B\u00e1sicas y Aplicadas &#8211; Campus UNVM<br \/>Tel.: 0353 &#8211; 453 9106 \/ 141<span style=\"font-family:Arial\"><a href=\"mailto:investigacion@icba.unvm.edu.ar\"><br \/>investigacion@icba.unvm.edu.ar<\/a><\/span><br \/><\/p>","protected":false},"excerpt":{"rendered":"<p>Inicio: Mayo de 2014 Lugar: Campus UNVM (Universidad Nacional de Villa Mar\u00eda)Duraci\u00f3n: 8 meses de cursado, 120 horas reloj, un viernes y un s\u00e1bado al mes. Disertantes de Chile, Uruguay, Brasil y Argentina (SENASA; INTA; INTI CONICET) Ms. Cs. Carlos Garocha Rosas (Universidad Federal de R\u00edo de Janeiro) Dr. Leonardo Cuevas (Universidad Cat\u00f3lica de Valpara\u00edso) M.V. B\u00e1rbara Linfati (Universidad Cat\u00f3lica de Temuco) Ms. Cs. Ricardo Segundo Cochran (UNiversidad de L\u00e9rida) Docentes de UNVM, UNRC, UNLP, UNLPam, UCA, CIT CONICET Villa Mar\u00eda. Objetivos:Brindar herramientas de gesti\u00f3n y evaluaci\u00f3n para conocer los potenciales de cada uno de los eslabones de la cadena y forjar conciencia de interacci\u00f3n entre los actores para aumentar la eficiencia del sector.Generar nuevas inversiones en producci\u00f3n y transformaci\u00f3n con agregado de valor. Organiza:Instituto A.P. de Ciencias B\u00e1sicas y Aplicadas &#8211; UNVM. Coordina:M.V. Fernando Gar\u00f3falo. Informes:Secretar\u00eda de Investigaci\u00f3n y Extensi\u00f3n del Instituto A.P. de Ciencias B\u00e1sicas y Aplicadas &#8211; Campus UNVMTel.: 0353 &#8211; 453 9106 \/ 141investigacion@icba.unvm.edu.ar<\/p>\n","protected":false},"author":2,"featured_media":513,"comment_status":"closed","ping_status":"open","sticky":false,"template":"","format":"standard","meta":{"_acf_changed":false,"footnotes":""},"categories":[56],"tags":[],"class_list":["post-538","post","type-post","status-publish","format-standard","has-post-thumbnail","hentry","category-infoganadero"],"acf":[],"yoast_head":"<!-- This site is optimized with the Yoast SEO plugin v27.4 - https:\/\/yoast.com\/product\/yoast-seo-wordpress\/ -->\n<title>Diplomado en Cadena de Valor Porcina. | Proagro<\/title>\n<meta name=\"robots\" content=\"index, follow, max-snippet:-1, max-image-preview:large, max-video-preview:-1\" \/>\n<link rel=\"canonical\" href=\"https:\/\/proagrolab.com.ar\/en\/diplomado-en-cadena-de-valor-porcina\/\" \/>\n<meta property=\"og:locale\" content=\"en_US\" \/>\n<meta property=\"og:type\" content=\"article\" \/>\n<meta property=\"og:title\" content=\"Diplomado en Cadena de Valor Porcina. | Proagro\" \/>\n<meta property=\"og:description\" content=\"Inicio: Mayo de 2014 Lugar: Campus UNVM (Universidad Nacional de Villa Mar\u00eda)Duraci\u00f3n: 8 meses de cursado, 120 horas reloj, un viernes y un s\u00e1bado al mes. Disertantes de Chile, Uruguay, Brasil y Argentina (SENASA; INTA; INTI CONICET) Ms. Cs. Carlos Garocha Rosas (Universidad Federal de R\u00edo de Janeiro) Dr. Leonardo Cuevas (Universidad Cat\u00f3lica de Valpara\u00edso) M.V. B\u00e1rbara Linfati (Universidad Cat\u00f3lica de Temuco) Ms. Cs. Ricardo Segundo Cochran (UNiversidad de L\u00e9rida) Docentes de UNVM, UNRC, UNLP, UNLPam, UCA, CIT CONICET Villa Mar\u00eda. Objetivos:Brindar herramientas de gesti\u00f3n y evaluaci\u00f3n para conocer los potenciales de cada uno de los eslabones de la cadena y forjar conciencia de interacci\u00f3n entre los actores para aumentar la eficiencia del sector.Generar nuevas inversiones en producci\u00f3n y transformaci\u00f3n con agregado de valor. Organiza:Instituto A.P. de Ciencias B\u00e1sicas y Aplicadas &#8211; UNVM. Coordina:M.V. Fernando Gar\u00f3falo. Informes:Secretar\u00eda de Investigaci\u00f3n y Extensi\u00f3n del Instituto A.P. de Ciencias B\u00e1sicas y Aplicadas &#8211; Campus UNVMTel.: 0353 &#8211; 453 9106 \/ 141investigacion@icba.unvm.edu.ar\" \/>\n<meta property=\"og:url\" content=\"https:\/\/proagrolab.com.ar\/diplomado-en-cadena-de-valor-porcina\/\" \/>\n<meta property=\"og:site_name\" content=\"Proagro\" \/>\n<meta property=\"article:publisher\" content=\"http:\/\/www.facebook.com\/proagrolab\" \/>\n<meta property=\"article:published_time\" content=\"2014-04-30T00:00:01+00:00\" \/>\n<meta property=\"og:image\" content=\"https:\/\/proagrolab.com.ar\/wp-content\/uploads\/2015\/01\/g_jwcv6dl36__Porcinos-VMaria.jpg\" \/>\n\t<meta property=\"og:image:width\" content=\"450\" \/>\n\t<meta property=\"og:image:height\" content=\"208\" \/>\n\t<meta property=\"og:image:type\" content=\"image\/jpeg\" \/>\n<meta name=\"author\" content=\"proagrolab\" \/>\n<meta name=\"twitter:card\" content=\"summary_large_image\" \/>\n<meta name=\"twitter:label1\" content=\"Written by\" \/>\n\t<meta name=\"twitter:data1\" content=\"proagrolab\" \/>\n\t<meta name=\"twitter:label2\" content=\"Est. reading time\" \/>\n\t<meta name=\"twitter:data2\" content=\"1 minute\" \/>\n<script type=\"application\/ld+json\" class=\"yoast-schema-graph\">{\"@context\":\"https:\\\/\\\/schema.org\",\"@graph\":[{\"@type\":\"Article\",\"@id\":\"https:\\\/\\\/proagrolab.com.ar\\\/diplomado-en-cadena-de-valor-porcina\\\/#article\",\"isPartOf\":{\"@id\":\"https:\\\/\\\/proagrolab.com.ar\\\/diplomado-en-cadena-de-valor-porcina\\\/\"},\"author\":{\"name\":\"proagrolab\",\"@id\":\"https:\\\/\\\/proagrolab.com.ar\\\/#\\\/schema\\\/person\\\/38003ff90bf80381f71c7d922d207444\"},\"headline\":\"Diplomado en Cadena de Valor Porcina.\",\"datePublished\":\"2014-04-30T00:00:01+00:00\",\"mainEntityOfPage\":{\"@id\":\"https:\\\/\\\/proagrolab.com.ar\\\/diplomado-en-cadena-de-valor-porcina\\\/\"},\"wordCount\":192,\"publisher\":{\"@id\":\"https:\\\/\\\/proagrolab.com.ar\\\/#organization\"},\"image\":{\"@id\":\"https:\\\/\\\/proagrolab.com.ar\\\/diplomado-en-cadena-de-valor-porcina\\\/#primaryimage\"},\"thumbnailUrl\":\"https:\\\/\\\/proagrolab.com.ar\\\/wp-content\\\/uploads\\\/2015\\\/01\\\/g_jwcv6dl36__Porcinos-VMaria.jpg\",\"articleSection\":[\"News\"],\"inLanguage\":\"en-US\"},{\"@type\":\"WebPage\",\"@id\":\"https:\\\/\\\/proagrolab.com.ar\\\/diplomado-en-cadena-de-valor-porcina\\\/\",\"url\":\"https:\\\/\\\/proagrolab.com.ar\\\/diplomado-en-cadena-de-valor-porcina\\\/\",\"name\":\"Diplomado en Cadena de Valor Porcina. | Proagro\",\"isPartOf\":{\"@id\":\"https:\\\/\\\/proagrolab.com.ar\\\/#website\"},\"primaryImageOfPage\":{\"@id\":\"https:\\\/\\\/proagrolab.com.ar\\\/diplomado-en-cadena-de-valor-porcina\\\/#primaryimage\"},\"image\":{\"@id\":\"https:\\\/\\\/proagrolab.com.ar\\\/diplomado-en-cadena-de-valor-porcina\\\/#primaryimage\"},\"thumbnailUrl\":\"https:\\\/\\\/proagrolab.com.ar\\\/wp-content\\\/uploads\\\/2015\\\/01\\\/g_jwcv6dl36__Porcinos-VMaria.jpg\",\"datePublished\":\"2014-04-30T00:00:01+00:00\",\"breadcrumb\":{\"@id\":\"https:\\\/\\\/proagrolab.com.ar\\\/diplomado-en-cadena-de-valor-porcina\\\/#breadcrumb\"},\"inLanguage\":\"en-US\",\"potentialAction\":[{\"@type\":\"ReadAction\",\"target\":[\"https:\\\/\\\/proagrolab.com.ar\\\/diplomado-en-cadena-de-valor-porcina\\\/\"]}]},{\"@type\":\"ImageObject\",\"inLanguage\":\"en-US\",\"@id\":\"https:\\\/\\\/proagrolab.com.ar\\\/diplomado-en-cadena-de-valor-porcina\\\/#primaryimage\",\"url\":\"https:\\\/\\\/proagrolab.com.ar\\\/wp-content\\\/uploads\\\/2015\\\/01\\\/g_jwcv6dl36__Porcinos-VMaria.jpg\",\"contentUrl\":\"https:\\\/\\\/proagrolab.com.ar\\\/wp-content\\\/uploads\\\/2015\\\/01\\\/g_jwcv6dl36__Porcinos-VMaria.jpg\",\"width\":450,\"height\":208},{\"@type\":\"BreadcrumbList\",\"@id\":\"https:\\\/\\\/proagrolab.com.ar\\\/diplomado-en-cadena-de-valor-porcina\\\/#breadcrumb\",\"itemListElement\":[{\"@type\":\"ListItem\",\"position\":1,\"name\":\"Portada\",\"item\":\"https:\\\/\\\/proagrolab.com.ar\\\/\"},{\"@type\":\"ListItem\",\"position\":2,\"name\":\"Diplomado en Cadena de Valor Porcina.\"}]},{\"@type\":\"WebSite\",\"@id\":\"https:\\\/\\\/proagrolab.com.ar\\\/#website\",\"url\":\"https:\\\/\\\/proagrolab.com.ar\\\/\",\"name\":\"Proagro Laboratorio Veterinario\",\"description\":\"Veterinary laboratory\",\"publisher\":{\"@id\":\"https:\\\/\\\/proagrolab.com.ar\\\/#organization\"},\"potentialAction\":[{\"@type\":\"SearchAction\",\"target\":{\"@type\":\"EntryPoint\",\"urlTemplate\":\"https:\\\/\\\/proagrolab.com.ar\\\/?s={search_term_string}\"},\"query-input\":{\"@type\":\"PropertyValueSpecification\",\"valueRequired\":true,\"valueName\":\"search_term_string\"}}],\"inLanguage\":\"en-US\"},{\"@type\":\"Organization\",\"@id\":\"https:\\\/\\\/proagrolab.com.ar\\\/#organization\",\"name\":\"Proagro\",\"url\":\"https:\\\/\\\/proagrolab.com.ar\\\/\",\"logo\":{\"@type\":\"ImageObject\",\"inLanguage\":\"en-US\",\"@id\":\"https:\\\/\\\/proagrolab.com.ar\\\/#\\\/schema\\\/logo\\\/image\\\/\",\"url\":\"https:\\\/\\\/proagrolab.com.ar\\\/wp-content\\\/uploads\\\/2020\\\/04\\\/logo-retina.png\",\"contentUrl\":\"https:\\\/\\\/proagrolab.com.ar\\\/wp-content\\\/uploads\\\/2020\\\/04\\\/logo-retina.png\",\"width\":478,\"height\":120,\"caption\":\"Proagro\"},\"image\":{\"@id\":\"https:\\\/\\\/proagrolab.com.ar\\\/#\\\/schema\\\/logo\\\/image\\\/\"},\"sameAs\":[\"http:\\\/\\\/www.facebook.com\\\/proagrolab\",\"https:\\\/\\\/www.instagram.com\\\/proagrolab\\\/\",\"https:\\\/\\\/www.linkedin.com\\\/company\\\/laboratorio-proagro-s-a\\\/\"]},{\"@type\":\"Person\",\"@id\":\"https:\\\/\\\/proagrolab.com.ar\\\/#\\\/schema\\\/person\\\/38003ff90bf80381f71c7d922d207444\",\"name\":\"proagrolab\"}]}<\/script>\n<!-- \/ Yoast SEO plugin. -->","yoast_head_json":{"title":"Diplomado en Cadena de Valor Porcina. | Proagro","robots":{"index":"index","follow":"follow","max-snippet":"max-snippet:-1","max-image-preview":"max-image-preview:large","max-video-preview":"max-video-preview:-1"},"canonical":"https:\/\/proagrolab.com.ar\/en\/diplomado-en-cadena-de-valor-porcina\/","og_locale":"en_US","og_type":"article","og_title":"Diplomado en Cadena de Valor Porcina. | Proagro","og_description":"Inicio: Mayo de 2014 Lugar: Campus UNVM (Universidad Nacional de Villa Mar\u00eda)Duraci\u00f3n: 8 meses de cursado, 120 horas reloj, un viernes y un s\u00e1bado al mes. Disertantes de Chile, Uruguay, Brasil y Argentina (SENASA; INTA; INTI CONICET) Ms. Cs. Carlos Garocha Rosas (Universidad Federal de R\u00edo de Janeiro) Dr. Leonardo Cuevas (Universidad Cat\u00f3lica de Valpara\u00edso) M.V. B\u00e1rbara Linfati (Universidad Cat\u00f3lica de Temuco) Ms. Cs. Ricardo Segundo Cochran (UNiversidad de L\u00e9rida) Docentes de UNVM, UNRC, UNLP, UNLPam, UCA, CIT CONICET Villa Mar\u00eda. Objetivos:Brindar herramientas de gesti\u00f3n y evaluaci\u00f3n para conocer los potenciales de cada uno de los eslabones de la cadena y forjar conciencia de interacci\u00f3n entre los actores para aumentar la eficiencia del sector.Generar nuevas inversiones en producci\u00f3n y transformaci\u00f3n con agregado de valor. Organiza:Instituto A.P. de Ciencias B\u00e1sicas y Aplicadas &#8211; UNVM. Coordina:M.V. Fernando Gar\u00f3falo. Informes:Secretar\u00eda de Investigaci\u00f3n y Extensi\u00f3n del Instituto A.P. de Ciencias B\u00e1sicas y Aplicadas &#8211; Campus UNVMTel.: 0353 &#8211; 453 9106 \/ 141investigacion@icba.unvm.edu.ar","og_url":"https:\/\/proagrolab.com.ar\/diplomado-en-cadena-de-valor-porcina\/","og_site_name":"Proagro","article_publisher":"http:\/\/www.facebook.com\/proagrolab","article_published_time":"2014-04-30T00:00:01+00:00","og_image":[{"width":450,"height":208,"url":"https:\/\/proagrolab.com.ar\/wp-content\/uploads\/2015\/01\/g_jwcv6dl36__Porcinos-VMaria.jpg","type":"image\/jpeg"}],"author":"proagrolab","twitter_card":"summary_large_image","twitter_misc":{"Written by":"proagrolab","Est. reading time":"1 minute"},"schema":{"@context":"https:\/\/schema.org","@graph":[{"@type":"Article","@id":"https:\/\/proagrolab.com.ar\/diplomado-en-cadena-de-valor-porcina\/#article","isPartOf":{"@id":"https:\/\/proagrolab.com.ar\/diplomado-en-cadena-de-valor-porcina\/"},"author":{"name":"proagrolab","@id":"https:\/\/proagrolab.com.ar\/#\/schema\/person\/38003ff90bf80381f71c7d922d207444"},"headline":"Diplomado en Cadena de Valor Porcina.","datePublished":"2014-04-30T00:00:01+00:00","mainEntityOfPage":{"@id":"https:\/\/proagrolab.com.ar\/diplomado-en-cadena-de-valor-porcina\/"},"wordCount":192,"publisher":{"@id":"https:\/\/proagrolab.com.ar\/#organization"},"image":{"@id":"https:\/\/proagrolab.com.ar\/diplomado-en-cadena-de-valor-porcina\/#primaryimage"},"thumbnailUrl":"https:\/\/proagrolab.com.ar\/wp-content\/uploads\/2015\/01\/g_jwcv6dl36__Porcinos-VMaria.jpg","articleSection":["News"],"inLanguage":"en-US"},{"@type":"WebPage","@id":"https:\/\/proagrolab.com.ar\/diplomado-en-cadena-de-valor-porcina\/","url":"https:\/\/proagrolab.com.ar\/diplomado-en-cadena-de-valor-porcina\/","name":"Diplomado en Cadena de Valor Porcina. | Proagro","isPartOf":{"@id":"https:\/\/proagrolab.com.ar\/#website"},"primaryImageOfPage":{"@id":"https:\/\/proagrolab.com.ar\/diplomado-en-cadena-de-valor-porcina\/#primaryimage"},"image":{"@id":"https:\/\/proagrolab.com.ar\/diplomado-en-cadena-de-valor-porcina\/#primaryimage"},"thumbnailUrl":"https:\/\/proagrolab.com.ar\/wp-content\/uploads\/2015\/01\/g_jwcv6dl36__Porcinos-VMaria.jpg","datePublished":"2014-04-30T00:00:01+00:00","breadcrumb":{"@id":"https:\/\/proagrolab.com.ar\/diplomado-en-cadena-de-valor-porcina\/#breadcrumb"},"inLanguage":"en-US","potentialAction":[{"@type":"ReadAction","target":["https:\/\/proagrolab.com.ar\/diplomado-en-cadena-de-valor-porcina\/"]}]},{"@type":"ImageObject","inLanguage":"en-US","@id":"https:\/\/proagrolab.com.ar\/diplomado-en-cadena-de-valor-porcina\/#primaryimage","url":"https:\/\/proagrolab.com.ar\/wp-content\/uploads\/2015\/01\/g_jwcv6dl36__Porcinos-VMaria.jpg","contentUrl":"https:\/\/proagrolab.com.ar\/wp-content\/uploads\/2015\/01\/g_jwcv6dl36__Porcinos-VMaria.jpg","width":450,"height":208},{"@type":"BreadcrumbList","@id":"https:\/\/proagrolab.com.ar\/diplomado-en-cadena-de-valor-porcina\/#breadcrumb","itemListElement":[{"@type":"ListItem","position":1,"name":"Portada","item":"https:\/\/proagrolab.com.ar\/"},{"@type":"ListItem","position":2,"name":"Diplomado en Cadena de Valor Porcina."}]},{"@type":"WebSite","@id":"https:\/\/proagrolab.com.ar\/#website","url":"https:\/\/proagrolab.com.ar\/","name":"Proagro Laboratorio Veterinario","description":"Veterinary laboratory","publisher":{"@id":"https:\/\/proagrolab.com.ar\/#organization"},"potentialAction":[{"@type":"SearchAction","target":{"@type":"EntryPoint","urlTemplate":"https:\/\/proagrolab.com.ar\/?s={search_term_string}"},"query-input":{"@type":"PropertyValueSpecification","valueRequired":true,"valueName":"search_term_string"}}],"inLanguage":"en-US"},{"@type":"Organization","@id":"https:\/\/proagrolab.com.ar\/#organization","name":"Proagro","url":"https:\/\/proagrolab.com.ar\/","logo":{"@type":"ImageObject","inLanguage":"en-US","@id":"https:\/\/proagrolab.com.ar\/#\/schema\/logo\/image\/","url":"https:\/\/proagrolab.com.ar\/wp-content\/uploads\/2020\/04\/logo-retina.png","contentUrl":"https:\/\/proagrolab.com.ar\/wp-content\/uploads\/2020\/04\/logo-retina.png","width":478,"height":120,"caption":"Proagro"},"image":{"@id":"https:\/\/proagrolab.com.ar\/#\/schema\/logo\/image\/"},"sameAs":["http:\/\/www.facebook.com\/proagrolab","https:\/\/www.instagram.com\/proagrolab\/","https:\/\/www.linkedin.com\/company\/laboratorio-proagro-s-a\/"]},{"@type":"Person","@id":"https:\/\/proagrolab.com.ar\/#\/schema\/person\/38003ff90bf80381f71c7d922d207444","name":"proagrolab"}]}},"_links":{"self":[{"href":"https:\/\/proagrolab.com.ar\/en\/wp-json\/wp\/v2\/posts\/538","targetHints":{"allow":["GET"]}}],"collection":[{"href":"https:\/\/proagrolab.com.ar\/en\/wp-json\/wp\/v2\/posts"}],"about":[{"href":"https:\/\/proagrolab.com.ar\/en\/wp-json\/wp\/v2\/types\/post"}],"author":[{"embeddable":true,"href":"https:\/\/proagrolab.com.ar\/en\/wp-json\/wp\/v2\/users\/2"}],"replies":[{"embeddable":true,"href":"https:\/\/proagrolab.com.ar\/en\/wp-json\/wp\/v2\/comments?post=538"}],"version-history":[{"count":0,"href":"https:\/\/proagrolab.com.ar\/en\/wp-json\/wp\/v2\/posts\/538\/revisions"}],"wp:featuredmedia":[{"embeddable":true,"href":"https:\/\/proagrolab.com.ar\/en\/wp-json\/wp\/v2\/media\/513"}],"wp:attachment":[{"href":"https:\/\/proagrolab.com.ar\/en\/wp-json\/wp\/v2\/media?parent=538"}],"wp:term":[{"taxonomy":"category","embeddable":true,"href":"https:\/\/proagrolab.com.ar\/en\/wp-json\/wp\/v2\/categories?post=538"},{"taxonomy":"post_tag","embeddable":true,"href":"https:\/\/proagrolab.com.ar\/en\/wp-json\/wp\/v2\/tags?post=538"}],"curies":[{"name":"wp","href":"https:\/\/api.w.org\/{rel}","templated":true}]}}