{"id":534,"date":"2014-04-21T00:00:01","date_gmt":"2014-04-21T00:00:01","guid":{"rendered":"https:\/\/proagrolab.com.ar\/septimas-jornadas-taurus-de-reproduccion-bovina\/"},"modified":"2014-04-21T00:00:01","modified_gmt":"2014-04-21T00:00:01","slug":"septimas-jornadas-taurus-de-reproduccion-bovina","status":"publish","type":"post","link":"https:\/\/proagrolab.com.ar\/en\/septimas-jornadas-taurus-de-reproduccion-bovina\/","title":{"rendered":"S\u00e9ptimas Jornadas TAURUS de Reproducci\u00f3n Bovina."},"content":{"rendered":"<p class=\"qtranxs-available-languages-message qtranxs-available-languages-message-en\"> <\/p><p><b><i>\u0093Herramientas efectivas para los desaf\u00edos actuales de la profesi\u00f3n&#8221;<\/i><\/b><\/p>\n<p>D\u00edas: 18 y 19 de septiembre de 2014.<br \/>Lugar: Complejo Salguero Plaza, Salguero 2686, CABA.<\/p>\n<p><i>Temario:<\/i><br \/>Control farmacol\u00f3gico del ciclo estral en la vaca de cr\u00eda: estado del arte<\/p>\n<p>Impacto de las variables reproductivas sobre la eficiencia de producci\u00f3n de terneros<\/p>\n<p>Panel: Uso eficiente de los toros<\/p>\n<p>Impacto de las decisiones empresariales sobre la eficiencia reproductiva del tambo<\/p>\n<p>Diagn\u00f3stico ecogr\u00e1fico en toros: su aplicaci\u00f3n a campo <\/p>\n<p>Uso de la ecograf\u00eda para aumentar la eficiencia de los programas de IATF<\/p>\n<p>Una visi\u00f3n del rol profesional: \u00bfestamos respondiendo a la demanda actual? <\/p>\n<p>Endometritis subcl\u00ednica en vacas de tambo: diagn\u00f3stico, prevalencia e impacto sobre la eficiencia reproductiva<\/p>\n<p>Tratamientos cortos de IATF: su impacto en las tasas de pre\u00f1ez <\/p>\n<p><i>Programa<\/i><br \/>Jueves 18 de septiembre<br \/>07.30 a 09.00 hs&nbsp;&nbsp;&nbsp;&nbsp;&nbsp; Acreditaci\u00f3n.<br \/>09.00 a 09.15 hs&nbsp;&nbsp;&nbsp;&nbsp;&nbsp; Inauguraci\u00f3n.<br \/>09.15 a 10.30 hs&nbsp;&nbsp;&nbsp;&nbsp;&nbsp; Control farmacol\u00f3gico del ciclo estral en la vaca de cr\u00eda:&nbsp;&nbsp;&nbsp;&nbsp;&nbsp;&nbsp;&nbsp;&nbsp; estado del arte.&nbsp;&nbsp;&nbsp;&nbsp;&nbsp;&nbsp;&nbsp;&nbsp;&nbsp;&nbsp;&nbsp;&nbsp;&nbsp;&nbsp;&nbsp;&nbsp;&nbsp;&nbsp;&nbsp;&nbsp;&nbsp;&nbsp;&nbsp;&nbsp;&nbsp;&nbsp;&nbsp;&nbsp;&nbsp;&nbsp;&nbsp;&nbsp;&nbsp;&nbsp;&nbsp;&nbsp;&nbsp;&nbsp;&nbsp;&nbsp;&nbsp;&nbsp;&nbsp;&nbsp;&nbsp;&nbsp;&nbsp;&nbsp;&nbsp;&nbsp;&nbsp;&nbsp;&nbsp;&nbsp;&nbsp;&nbsp;&nbsp;&nbsp;&nbsp;&nbsp;&nbsp;&nbsp;&nbsp; Gabriel B\u00f3 (IRAC).<br \/>10.30 a 11.00 hs&nbsp;&nbsp;&nbsp;&nbsp;&nbsp; Caf\u00e9.<br \/>11.00 a 12.15 hs&nbsp;&nbsp;&nbsp;&nbsp;&nbsp; Impacto de las variables reproductivas sobre la eficiencia de producci\u00f3n de&nbsp;&nbsp;&nbsp;&nbsp;&nbsp;&nbsp;&nbsp;&nbsp;&nbsp;&nbsp;&nbsp;&nbsp;&nbsp;&nbsp;&nbsp;&nbsp;&nbsp;&nbsp;&nbsp;&nbsp;&nbsp;&nbsp;&nbsp;&nbsp;&nbsp;&nbsp;&nbsp;&nbsp;&nbsp;&nbsp;&nbsp;&nbsp;&nbsp;&nbsp;&nbsp;&nbsp;&nbsp;&nbsp;&nbsp;&nbsp;&nbsp;&nbsp;&nbsp;&nbsp;&nbsp;&nbsp;&nbsp;&nbsp;&nbsp;&nbsp;&nbsp;&nbsp;&nbsp;&nbsp;&nbsp; terneros. Julio C. Burges (INTA Balcarce)<br \/>12.15 a 12.45 hs&nbsp;&nbsp;&nbsp;&nbsp;&nbsp; Premio Revista Taurus Edici\u00f3n 2014.<br \/>12.45 a 14.30 hs&nbsp;&nbsp;&nbsp;&nbsp;&nbsp; Almuerzo libre.<br \/>14.30 a 15.45 hs&nbsp;&nbsp;&nbsp;&nbsp;&nbsp; Impacto de las decisiones empresariales sobre la eficiencia reproductiva del&nbsp;&nbsp;&nbsp;&nbsp;&nbsp;&nbsp;&nbsp;&nbsp;&nbsp;&nbsp;&nbsp;&nbsp;&nbsp;&nbsp;&nbsp;&nbsp;&nbsp;&nbsp;&nbsp;&nbsp;&nbsp;&nbsp;&nbsp;&nbsp;&nbsp;&nbsp;&nbsp;&nbsp;&nbsp;&nbsp;&nbsp;&nbsp;&nbsp;&nbsp;&nbsp;&nbsp;&nbsp;&nbsp;&nbsp;&nbsp;&nbsp;&nbsp;&nbsp;&nbsp;&nbsp;&nbsp;&nbsp;&nbsp;&nbsp;&nbsp;&nbsp;&nbsp;&nbsp; tambo. Guillermo Veneranda (Consultor privado).<br \/>15.45 a 16.15 hs&nbsp;&nbsp;&nbsp;&nbsp;&nbsp; Caf\u00e9.<br \/>16.15 a 17.45 hs&nbsp;&nbsp;&nbsp;&nbsp;&nbsp; Panel: Uso eficiente de los toros<br \/>&nbsp;&nbsp;&nbsp;&nbsp;&nbsp;&nbsp;&nbsp;&nbsp;&nbsp;&nbsp;&nbsp;&nbsp;&nbsp;&nbsp;&nbsp;&nbsp;&nbsp;&nbsp;&nbsp;&nbsp;&nbsp;&nbsp;&nbsp;&nbsp;&nbsp;&nbsp;&nbsp;&nbsp;&nbsp;&nbsp;&nbsp;&nbsp; Panelistas: Chuni Acu\u00f1a y Ra\u00fal Sara.<br \/>16.15 a 16.45 hs&nbsp;&nbsp;&nbsp;&nbsp;&nbsp; Uso eficiente durante el servicio natural. Chuni Acu\u00f1a (Consultor privado).<br \/>16.45 a 17.15 hs&nbsp;&nbsp;&nbsp;&nbsp;&nbsp; Uso eficiente en centros de colecta y procesamiento de semen.&nbsp;&nbsp;&nbsp;&nbsp;&nbsp;&nbsp;&nbsp;&nbsp;&nbsp;&nbsp;&nbsp;&nbsp;&nbsp;&nbsp;&nbsp;&nbsp;&nbsp;&nbsp;&nbsp;&nbsp;&nbsp;&nbsp;&nbsp;&nbsp;&nbsp;&nbsp;&nbsp;&nbsp;&nbsp;&nbsp;&nbsp;&nbsp;&nbsp;&nbsp;&nbsp;&nbsp;&nbsp;&nbsp;&nbsp;&nbsp;&nbsp;&nbsp;&nbsp;&nbsp;&nbsp;&nbsp;&nbsp;&nbsp;&nbsp;&nbsp;&nbsp;&nbsp;&nbsp;&nbsp;&nbsp;&nbsp;&nbsp;&nbsp;&nbsp;&nbsp;&nbsp;&nbsp;&nbsp;&nbsp;&nbsp;&nbsp;&nbsp;&nbsp;&nbsp;&nbsp;&nbsp;&nbsp;&nbsp;&nbsp;&nbsp;&nbsp;&nbsp;&nbsp; Ra\u00fal Sara (Director T\u00e9cnico del CRB).<br \/>17.15 a 17.45 hs&nbsp;&nbsp;&nbsp;&nbsp;&nbsp; Mesa redonda<br \/>17.45 a 18.15 hs&nbsp;&nbsp;&nbsp;&nbsp;&nbsp; Caf\u00e9.<br \/>18.15 a 19.30 hs&nbsp;&nbsp;&nbsp;&nbsp;&nbsp; Diagn\u00f3stico ecogr\u00e1fico en toros: su aplicaci\u00f3n a campo.&nbsp;&nbsp;&nbsp;&nbsp;&nbsp;&nbsp;&nbsp;&nbsp;&nbsp;&nbsp;&nbsp;&nbsp;&nbsp;&nbsp;&nbsp;&nbsp;&nbsp;&nbsp;&nbsp;&nbsp;&nbsp;&nbsp;&nbsp;&nbsp;&nbsp;&nbsp;&nbsp;&nbsp;&nbsp;&nbsp;&nbsp;&nbsp;&nbsp;&nbsp;&nbsp;&nbsp;&nbsp;&nbsp;&nbsp;&nbsp;&nbsp;&nbsp;&nbsp;&nbsp;&nbsp;&nbsp;&nbsp;&nbsp;&nbsp;&nbsp;&nbsp;&nbsp;&nbsp;&nbsp;&nbsp;&nbsp;&nbsp;&nbsp;&nbsp;&nbsp;&nbsp;&nbsp;&nbsp;&nbsp;&nbsp;&nbsp;&nbsp;&nbsp;&nbsp;&nbsp;&nbsp;&nbsp;&nbsp;&nbsp;&nbsp;&nbsp;&nbsp;&nbsp;&nbsp;&nbsp;&nbsp;&nbsp;&nbsp;&nbsp;&nbsp;&nbsp;&nbsp;&nbsp;&nbsp;&nbsp;&nbsp;&nbsp;&nbsp; Giovanni Gnemmi (Bovinevet, Italia).<\/p>\n<p>Viernes 19 de septiembre<br \/>08.30 a 09.45 hs&nbsp;&nbsp;&nbsp;&nbsp;&nbsp; Uso de la ecograf\u00eda para aumentar la eficiencia de los programas de IATF.&nbsp;&nbsp;&nbsp;&nbsp;&nbsp;&nbsp;&nbsp;&nbsp;&nbsp;&nbsp;&nbsp;&nbsp;&nbsp;&nbsp;&nbsp;&nbsp;&nbsp;&nbsp;&nbsp;&nbsp;&nbsp;&nbsp;&nbsp;&nbsp;&nbsp;&nbsp;&nbsp;&nbsp;&nbsp;&nbsp;&nbsp;&nbsp;&nbsp;&nbsp;&nbsp;&nbsp;&nbsp;&nbsp;&nbsp;&nbsp;&nbsp;&nbsp;&nbsp;&nbsp;&nbsp;&nbsp;&nbsp;&nbsp;&nbsp;&nbsp;&nbsp;&nbsp;&nbsp;&nbsp;&nbsp;&nbsp;&nbsp;&nbsp;&nbsp; Giovanni Gnemmi.<br \/>09.45 a 10.45 hs&nbsp;&nbsp;&nbsp;&nbsp;&nbsp; Una visi\u00f3n del rol profesional: \u00bfestamos respondiendo a la demanda actual?&nbsp;&nbsp;&nbsp;&nbsp;&nbsp;&nbsp;&nbsp;&nbsp;&nbsp;&nbsp;&nbsp;&nbsp;&nbsp;&nbsp;&nbsp;&nbsp;&nbsp;&nbsp;&nbsp;&nbsp;&nbsp;&nbsp;&nbsp;&nbsp;&nbsp;&nbsp;&nbsp;&nbsp;&nbsp;&nbsp;&nbsp;&nbsp;&nbsp;&nbsp;&nbsp;&nbsp;&nbsp;&nbsp;&nbsp;&nbsp;&nbsp;&nbsp;&nbsp;&nbsp;&nbsp;&nbsp;&nbsp;&nbsp;&nbsp;&nbsp;&nbsp;&nbsp;&nbsp;&nbsp;&nbsp; Roberto Garc\u00eda Bouissou (Consultor privado).<br \/>10.45 a 11.15 hs&nbsp;&nbsp;&nbsp;&nbsp;&nbsp; Caf\u00e9.<br \/>11.15 a 12.15 hs&nbsp;&nbsp;&nbsp;&nbsp;&nbsp; Endometritis subcl\u00ednica en vacas de tambo: diagn\u00f3stico, prevalencia e impacto&nbsp;&nbsp;&nbsp;&nbsp;&nbsp;&nbsp;&nbsp;&nbsp;&nbsp;&nbsp;&nbsp;&nbsp;&nbsp;&nbsp;&nbsp;&nbsp;&nbsp;&nbsp;&nbsp;&nbsp;&nbsp;&nbsp;&nbsp;&nbsp;&nbsp;&nbsp;&nbsp;&nbsp;&nbsp;&nbsp;&nbsp;&nbsp;&nbsp;&nbsp;&nbsp;&nbsp;&nbsp;&nbsp;&nbsp;&nbsp;&nbsp;&nbsp;&nbsp;&nbsp;&nbsp;&nbsp;&nbsp;&nbsp;&nbsp;&nbsp; sobre la eficiencia reproductiva. Luzbel de la Sota (FCV-UNLP).<br \/>12.15 a 13.15 hs&nbsp;&nbsp;&nbsp;&nbsp;&nbsp; Tratamientos cortos de IATF: su impacto en las tasas de pre\u00f1ez.&nbsp;&nbsp;&nbsp;&nbsp;&nbsp;&nbsp;&nbsp;&nbsp;&nbsp;&nbsp;&nbsp;&nbsp;&nbsp;&nbsp;&nbsp;&nbsp;&nbsp;&nbsp;&nbsp;&nbsp;&nbsp;&nbsp;&nbsp;&nbsp;&nbsp;&nbsp;&nbsp;&nbsp;&nbsp;&nbsp;&nbsp;&nbsp;&nbsp;&nbsp;&nbsp;&nbsp;&nbsp;&nbsp;&nbsp;&nbsp;&nbsp;&nbsp;&nbsp;&nbsp;&nbsp;&nbsp;&nbsp;&nbsp;&nbsp;&nbsp;&nbsp;&nbsp;&nbsp;&nbsp;&nbsp;&nbsp;&nbsp;&nbsp;&nbsp;&nbsp;&nbsp;&nbsp;&nbsp;&nbsp;&nbsp;&nbsp;&nbsp;&nbsp;&nbsp;&nbsp;&nbsp;&nbsp;&nbsp;&nbsp;&nbsp;&nbsp;&nbsp;&nbsp; Gabriel B\u00f3 (IRAC).<br \/>13.15 a 13.30 hs&nbsp;&nbsp;&nbsp;&nbsp;&nbsp; Cierre y sorteo de premios.<\/p>\n<p><i>M\u00e1s info:<\/i><br \/>Tel 011 &#8211; 15 5257 4095 <span style=\"font-family:Arial\"><a href=\"mailto:revistataurus@fibertel.com.ar\"><br \/>revistataurus@fibertel.com.ar<\/a><\/span><a target=\"_blank\" title=\"\" href=\"http:\/\/www.revistataurus.com.ar\/jornadas_taurus\/septimas_jornadas.html\"><\/p>\n<p>http:\/\/www.revistataurus.com.ar\/jornadas_taurus\/septimas_jornadas.html<\/a><br \/><\/p>","protected":false},"excerpt":{"rendered":"<p>\u0093Herramientas efectivas para los desaf\u00edos actuales de la profesi\u00f3n&#8221; D\u00edas: 18 y 19 de septiembre de 2014.Lugar: Complejo Salguero Plaza, Salguero 2686, CABA. Temario:Control farmacol\u00f3gico del ciclo estral en la vaca de cr\u00eda: estado del arte Impacto de las variables reproductivas sobre la eficiencia de producci\u00f3n de terneros Panel: Uso eficiente de los toros Impacto de las decisiones empresariales sobre la eficiencia reproductiva del tambo Diagn\u00f3stico ecogr\u00e1fico en toros: su aplicaci\u00f3n a campo Uso de la ecograf\u00eda para aumentar la eficiencia de los programas de IATF Una visi\u00f3n del rol profesional: \u00bfestamos respondiendo a la demanda actual? Endometritis subcl\u00ednica en vacas de tambo: diagn\u00f3stico, prevalencia e impacto sobre la eficiencia reproductiva Tratamientos cortos de IATF: su impacto en las tasas de pre\u00f1ez ProgramaJueves 18 de septiembre07.30 a 09.00 hs&nbsp;&nbsp;&nbsp;&nbsp;&nbsp; Acreditaci\u00f3n.09.00 a 09.15 hs&nbsp;&nbsp;&nbsp;&nbsp;&nbsp; Inauguraci\u00f3n.09.15 a 10.30 hs&nbsp;&nbsp;&nbsp;&nbsp;&nbsp; Control farmacol\u00f3gico del ciclo estral en la vaca de cr\u00eda:&nbsp;&nbsp;&nbsp;&nbsp;&nbsp;&nbsp;&nbsp;&nbsp; estado del arte.&nbsp;&nbsp;&nbsp;&nbsp;&nbsp;&nbsp;&nbsp;&nbsp;&nbsp;&nbsp;&nbsp;&nbsp;&nbsp;&nbsp;&nbsp;&nbsp;&nbsp;&nbsp;&nbsp;&nbsp;&nbsp;&nbsp;&nbsp;&nbsp;&nbsp;&nbsp;&nbsp;&nbsp;&nbsp;&nbsp;&nbsp;&nbsp;&nbsp;&nbsp;&nbsp;&nbsp;&nbsp;&nbsp;&nbsp;&nbsp;&nbsp;&nbsp;&nbsp;&nbsp;&nbsp;&nbsp;&nbsp;&nbsp;&nbsp;&nbsp;&nbsp;&nbsp;&nbsp;&nbsp;&nbsp;&nbsp;&nbsp;&nbsp;&nbsp;&nbsp;&nbsp;&nbsp;&nbsp; Gabriel B\u00f3 (IRAC).10.30 a 11.00 hs&nbsp;&nbsp;&nbsp;&nbsp;&nbsp; Caf\u00e9.11.00 a 12.15 hs&nbsp;&nbsp;&nbsp;&nbsp;&nbsp; Impacto de las variables reproductivas sobre la eficiencia de producci\u00f3n de&nbsp;&nbsp;&nbsp;&nbsp;&nbsp;&nbsp;&nbsp;&nbsp;&nbsp;&nbsp;&nbsp;&nbsp;&nbsp;&nbsp;&nbsp;&nbsp;&nbsp;&nbsp;&nbsp;&nbsp;&nbsp;&nbsp;&nbsp;&nbsp;&nbsp;&nbsp;&nbsp;&nbsp;&nbsp;&nbsp;&nbsp;&nbsp;&nbsp;&nbsp;&nbsp;&nbsp;&nbsp;&nbsp;&nbsp;&nbsp;&nbsp;&nbsp;&nbsp;&nbsp;&nbsp;&nbsp;&nbsp;&nbsp;&nbsp;&nbsp;&nbsp;&nbsp;&nbsp;&nbsp;&nbsp; terneros. Julio C. Burges (INTA Balcarce)12.15 a 12.45 hs&nbsp;&nbsp;&nbsp;&nbsp;&nbsp; Premio Revista Taurus Edici\u00f3n 2014.12.45 a 14.30 hs&nbsp;&nbsp;&nbsp;&nbsp;&nbsp; Almuerzo libre.14.30 a 15.45 hs&nbsp;&nbsp;&nbsp;&nbsp;&nbsp; Impacto de las decisiones empresariales sobre la [&hellip;]<\/p>\n","protected":false},"author":2,"featured_media":509,"comment_status":"closed","ping_status":"open","sticky":false,"template":"","format":"standard","meta":{"_acf_changed":false,"footnotes":""},"categories":[56],"tags":[],"class_list":["post-534","post","type-post","status-publish","format-standard","has-post-thumbnail","hentry","category-infoganadero"],"acf":[],"yoast_head":"<!-- This site is optimized with the Yoast SEO plugin v27.4 - https:\/\/yoast.com\/product\/yoast-seo-wordpress\/ -->\n<title>S\u00e9ptimas Jornadas TAURUS de Reproducci\u00f3n Bovina. | Proagro<\/title>\n<meta name=\"robots\" content=\"index, follow, max-snippet:-1, max-image-preview:large, max-video-preview:-1\" \/>\n<link rel=\"canonical\" href=\"https:\/\/proagrolab.com.ar\/en\/septimas-jornadas-taurus-de-reproduccion-bovina\/\" \/>\n<meta property=\"og:locale\" content=\"en_US\" \/>\n<meta property=\"og:type\" content=\"article\" \/>\n<meta property=\"og:title\" content=\"S\u00e9ptimas Jornadas TAURUS de Reproducci\u00f3n Bovina. | Proagro\" \/>\n<meta property=\"og:description\" content=\"\u0093Herramientas efectivas para los desaf\u00edos actuales de la profesi\u00f3n&#8221; D\u00edas: 18 y 19 de septiembre de 2014.Lugar: Complejo Salguero Plaza, Salguero 2686, CABA. Temario:Control farmacol\u00f3gico del ciclo estral en la vaca de cr\u00eda: estado del arte Impacto de las variables reproductivas sobre la eficiencia de producci\u00f3n de terneros Panel: Uso eficiente de los toros Impacto de las decisiones empresariales sobre la eficiencia reproductiva del tambo Diagn\u00f3stico ecogr\u00e1fico en toros: su aplicaci\u00f3n a campo Uso de la ecograf\u00eda para aumentar la eficiencia de los programas de IATF Una visi\u00f3n del rol profesional: \u00bfestamos respondiendo a la demanda actual? Endometritis subcl\u00ednica en vacas de tambo: diagn\u00f3stico, prevalencia e impacto sobre la eficiencia reproductiva Tratamientos cortos de IATF: su impacto en las tasas de pre\u00f1ez ProgramaJueves 18 de septiembre07.30 a 09.00 hs&nbsp;&nbsp;&nbsp;&nbsp;&nbsp; Acreditaci\u00f3n.09.00 a 09.15 hs&nbsp;&nbsp;&nbsp;&nbsp;&nbsp; Inauguraci\u00f3n.09.15 a 10.30 hs&nbsp;&nbsp;&nbsp;&nbsp;&nbsp; Control farmacol\u00f3gico del ciclo estral en la vaca de cr\u00eda:&nbsp;&nbsp;&nbsp;&nbsp;&nbsp;&nbsp;&nbsp;&nbsp; estado del arte.&nbsp;&nbsp;&nbsp;&nbsp;&nbsp;&nbsp;&nbsp;&nbsp;&nbsp;&nbsp;&nbsp;&nbsp;&nbsp;&nbsp;&nbsp;&nbsp;&nbsp;&nbsp;&nbsp;&nbsp;&nbsp;&nbsp;&nbsp;&nbsp;&nbsp;&nbsp;&nbsp;&nbsp;&nbsp;&nbsp;&nbsp;&nbsp;&nbsp;&nbsp;&nbsp;&nbsp;&nbsp;&nbsp;&nbsp;&nbsp;&nbsp;&nbsp;&nbsp;&nbsp;&nbsp;&nbsp;&nbsp;&nbsp;&nbsp;&nbsp;&nbsp;&nbsp;&nbsp;&nbsp;&nbsp;&nbsp;&nbsp;&nbsp;&nbsp;&nbsp;&nbsp;&nbsp;&nbsp; Gabriel B\u00f3 (IRAC).10.30 a 11.00 hs&nbsp;&nbsp;&nbsp;&nbsp;&nbsp; Caf\u00e9.11.00 a 12.15 hs&nbsp;&nbsp;&nbsp;&nbsp;&nbsp; Impacto de las variables reproductivas sobre la eficiencia de producci\u00f3n de&nbsp;&nbsp;&nbsp;&nbsp;&nbsp;&nbsp;&nbsp;&nbsp;&nbsp;&nbsp;&nbsp;&nbsp;&nbsp;&nbsp;&nbsp;&nbsp;&nbsp;&nbsp;&nbsp;&nbsp;&nbsp;&nbsp;&nbsp;&nbsp;&nbsp;&nbsp;&nbsp;&nbsp;&nbsp;&nbsp;&nbsp;&nbsp;&nbsp;&nbsp;&nbsp;&nbsp;&nbsp;&nbsp;&nbsp;&nbsp;&nbsp;&nbsp;&nbsp;&nbsp;&nbsp;&nbsp;&nbsp;&nbsp;&nbsp;&nbsp;&nbsp;&nbsp;&nbsp;&nbsp;&nbsp; terneros. Julio C. Burges (INTA Balcarce)12.15 a 12.45 hs&nbsp;&nbsp;&nbsp;&nbsp;&nbsp; Premio Revista Taurus Edici\u00f3n 2014.12.45 a 14.30 hs&nbsp;&nbsp;&nbsp;&nbsp;&nbsp; Almuerzo libre.14.30 a 15.45 hs&nbsp;&nbsp;&nbsp;&nbsp;&nbsp; Impacto de las decisiones empresariales sobre la [&hellip;]\" \/>\n<meta property=\"og:url\" content=\"https:\/\/proagrolab.com.ar\/septimas-jornadas-taurus-de-reproduccion-bovina\/\" \/>\n<meta property=\"og:site_name\" content=\"Proagro\" \/>\n<meta property=\"article:publisher\" content=\"http:\/\/www.facebook.com\/proagrolab\" \/>\n<meta property=\"article:published_time\" content=\"2014-04-21T00:00:01+00:00\" \/>\n<meta property=\"og:image\" content=\"https:\/\/proagrolab.com.ar\/wp-content\/uploads\/2015\/01\/g_hpfh07fhp__Taurus.jpg\" \/>\n\t<meta property=\"og:image:width\" content=\"450\" \/>\n\t<meta property=\"og:image:height\" content=\"208\" \/>\n\t<meta property=\"og:image:type\" content=\"image\/jpeg\" \/>\n<meta name=\"author\" content=\"proagrolab\" \/>\n<meta name=\"twitter:card\" content=\"summary_large_image\" \/>\n<meta name=\"twitter:label1\" content=\"Written by\" \/>\n\t<meta name=\"twitter:data1\" content=\"proagrolab\" \/>\n\t<meta name=\"twitter:label2\" content=\"Est. reading time\" \/>\n\t<meta name=\"twitter:data2\" content=\"6 minutes\" \/>\n<script type=\"application\/ld+json\" class=\"yoast-schema-graph\">{\"@context\":\"https:\\\/\\\/schema.org\",\"@graph\":[{\"@type\":\"Article\",\"@id\":\"https:\\\/\\\/proagrolab.com.ar\\\/septimas-jornadas-taurus-de-reproduccion-bovina\\\/#article\",\"isPartOf\":{\"@id\":\"https:\\\/\\\/proagrolab.com.ar\\\/septimas-jornadas-taurus-de-reproduccion-bovina\\\/\"},\"author\":{\"name\":\"proagrolab\",\"@id\":\"https:\\\/\\\/proagrolab.com.ar\\\/#\\\/schema\\\/person\\\/38003ff90bf80381f71c7d922d207444\"},\"headline\":\"S\u00e9ptimas Jornadas TAURUS de Reproducci\u00f3n Bovina.\",\"datePublished\":\"2014-04-21T00:00:01+00:00\",\"mainEntityOfPage\":{\"@id\":\"https:\\\/\\\/proagrolab.com.ar\\\/septimas-jornadas-taurus-de-reproduccion-bovina\\\/\"},\"wordCount\":1140,\"publisher\":{\"@id\":\"https:\\\/\\\/proagrolab.com.ar\\\/#organization\"},\"image\":{\"@id\":\"https:\\\/\\\/proagrolab.com.ar\\\/septimas-jornadas-taurus-de-reproduccion-bovina\\\/#primaryimage\"},\"thumbnailUrl\":\"https:\\\/\\\/proagrolab.com.ar\\\/wp-content\\\/uploads\\\/2015\\\/01\\\/g_hpfh07fhp__Taurus.jpg\",\"articleSection\":[\"News\"],\"inLanguage\":\"en-US\"},{\"@type\":\"WebPage\",\"@id\":\"https:\\\/\\\/proagrolab.com.ar\\\/septimas-jornadas-taurus-de-reproduccion-bovina\\\/\",\"url\":\"https:\\\/\\\/proagrolab.com.ar\\\/septimas-jornadas-taurus-de-reproduccion-bovina\\\/\",\"name\":\"S\u00e9ptimas Jornadas TAURUS de Reproducci\u00f3n Bovina. | Proagro\",\"isPartOf\":{\"@id\":\"https:\\\/\\\/proagrolab.com.ar\\\/#website\"},\"primaryImageOfPage\":{\"@id\":\"https:\\\/\\\/proagrolab.com.ar\\\/septimas-jornadas-taurus-de-reproduccion-bovina\\\/#primaryimage\"},\"image\":{\"@id\":\"https:\\\/\\\/proagrolab.com.ar\\\/septimas-jornadas-taurus-de-reproduccion-bovina\\\/#primaryimage\"},\"thumbnailUrl\":\"https:\\\/\\\/proagrolab.com.ar\\\/wp-content\\\/uploads\\\/2015\\\/01\\\/g_hpfh07fhp__Taurus.jpg\",\"datePublished\":\"2014-04-21T00:00:01+00:00\",\"breadcrumb\":{\"@id\":\"https:\\\/\\\/proagrolab.com.ar\\\/septimas-jornadas-taurus-de-reproduccion-bovina\\\/#breadcrumb\"},\"inLanguage\":\"en-US\",\"potentialAction\":[{\"@type\":\"ReadAction\",\"target\":[\"https:\\\/\\\/proagrolab.com.ar\\\/septimas-jornadas-taurus-de-reproduccion-bovina\\\/\"]}]},{\"@type\":\"ImageObject\",\"inLanguage\":\"en-US\",\"@id\":\"https:\\\/\\\/proagrolab.com.ar\\\/septimas-jornadas-taurus-de-reproduccion-bovina\\\/#primaryimage\",\"url\":\"https:\\\/\\\/proagrolab.com.ar\\\/wp-content\\\/uploads\\\/2015\\\/01\\\/g_hpfh07fhp__Taurus.jpg\",\"contentUrl\":\"https:\\\/\\\/proagrolab.com.ar\\\/wp-content\\\/uploads\\\/2015\\\/01\\\/g_hpfh07fhp__Taurus.jpg\",\"width\":450,\"height\":208},{\"@type\":\"BreadcrumbList\",\"@id\":\"https:\\\/\\\/proagrolab.com.ar\\\/septimas-jornadas-taurus-de-reproduccion-bovina\\\/#breadcrumb\",\"itemListElement\":[{\"@type\":\"ListItem\",\"position\":1,\"name\":\"Portada\",\"item\":\"https:\\\/\\\/proagrolab.com.ar\\\/\"},{\"@type\":\"ListItem\",\"position\":2,\"name\":\"S\u00e9ptimas Jornadas TAURUS de Reproducci\u00f3n Bovina.\"}]},{\"@type\":\"WebSite\",\"@id\":\"https:\\\/\\\/proagrolab.com.ar\\\/#website\",\"url\":\"https:\\\/\\\/proagrolab.com.ar\\\/\",\"name\":\"Proagro Laboratorio Veterinario\",\"description\":\"Veterinary laboratory\",\"publisher\":{\"@id\":\"https:\\\/\\\/proagrolab.com.ar\\\/#organization\"},\"potentialAction\":[{\"@type\":\"SearchAction\",\"target\":{\"@type\":\"EntryPoint\",\"urlTemplate\":\"https:\\\/\\\/proagrolab.com.ar\\\/?s={search_term_string}\"},\"query-input\":{\"@type\":\"PropertyValueSpecification\",\"valueRequired\":true,\"valueName\":\"search_term_string\"}}],\"inLanguage\":\"en-US\"},{\"@type\":\"Organization\",\"@id\":\"https:\\\/\\\/proagrolab.com.ar\\\/#organization\",\"name\":\"Proagro\",\"url\":\"https:\\\/\\\/proagrolab.com.ar\\\/\",\"logo\":{\"@type\":\"ImageObject\",\"inLanguage\":\"en-US\",\"@id\":\"https:\\\/\\\/proagrolab.com.ar\\\/#\\\/schema\\\/logo\\\/image\\\/\",\"url\":\"https:\\\/\\\/proagrolab.com.ar\\\/wp-content\\\/uploads\\\/2020\\\/04\\\/logo-retina.png\",\"contentUrl\":\"https:\\\/\\\/proagrolab.com.ar\\\/wp-content\\\/uploads\\\/2020\\\/04\\\/logo-retina.png\",\"width\":478,\"height\":120,\"caption\":\"Proagro\"},\"image\":{\"@id\":\"https:\\\/\\\/proagrolab.com.ar\\\/#\\\/schema\\\/logo\\\/image\\\/\"},\"sameAs\":[\"http:\\\/\\\/www.facebook.com\\\/proagrolab\",\"https:\\\/\\\/www.instagram.com\\\/proagrolab\\\/\",\"https:\\\/\\\/www.linkedin.com\\\/company\\\/laboratorio-proagro-s-a\\\/\"]},{\"@type\":\"Person\",\"@id\":\"https:\\\/\\\/proagrolab.com.ar\\\/#\\\/schema\\\/person\\\/38003ff90bf80381f71c7d922d207444\",\"name\":\"proagrolab\"}]}<\/script>\n<!-- \/ Yoast SEO plugin. -->","yoast_head_json":{"title":"S\u00e9ptimas Jornadas TAURUS de Reproducci\u00f3n Bovina. | Proagro","robots":{"index":"index","follow":"follow","max-snippet":"max-snippet:-1","max-image-preview":"max-image-preview:large","max-video-preview":"max-video-preview:-1"},"canonical":"https:\/\/proagrolab.com.ar\/en\/septimas-jornadas-taurus-de-reproduccion-bovina\/","og_locale":"en_US","og_type":"article","og_title":"S\u00e9ptimas Jornadas TAURUS de Reproducci\u00f3n Bovina. | Proagro","og_description":"\u0093Herramientas efectivas para los desaf\u00edos actuales de la profesi\u00f3n&#8221; D\u00edas: 18 y 19 de septiembre de 2014.Lugar: Complejo Salguero Plaza, Salguero 2686, CABA. Temario:Control farmacol\u00f3gico del ciclo estral en la vaca de cr\u00eda: estado del arte Impacto de las variables reproductivas sobre la eficiencia de producci\u00f3n de terneros Panel: Uso eficiente de los toros Impacto de las decisiones empresariales sobre la eficiencia reproductiva del tambo Diagn\u00f3stico ecogr\u00e1fico en toros: su aplicaci\u00f3n a campo Uso de la ecograf\u00eda para aumentar la eficiencia de los programas de IATF Una visi\u00f3n del rol profesional: \u00bfestamos respondiendo a la demanda actual? Endometritis subcl\u00ednica en vacas de tambo: diagn\u00f3stico, prevalencia e impacto sobre la eficiencia reproductiva Tratamientos cortos de IATF: su impacto en las tasas de pre\u00f1ez ProgramaJueves 18 de septiembre07.30 a 09.00 hs&nbsp;&nbsp;&nbsp;&nbsp;&nbsp; Acreditaci\u00f3n.09.00 a 09.15 hs&nbsp;&nbsp;&nbsp;&nbsp;&nbsp; Inauguraci\u00f3n.09.15 a 10.30 hs&nbsp;&nbsp;&nbsp;&nbsp;&nbsp; Control farmacol\u00f3gico del ciclo estral en la vaca de cr\u00eda:&nbsp;&nbsp;&nbsp;&nbsp;&nbsp;&nbsp;&nbsp;&nbsp; estado del arte.&nbsp;&nbsp;&nbsp;&nbsp;&nbsp;&nbsp;&nbsp;&nbsp;&nbsp;&nbsp;&nbsp;&nbsp;&nbsp;&nbsp;&nbsp;&nbsp;&nbsp;&nbsp;&nbsp;&nbsp;&nbsp;&nbsp;&nbsp;&nbsp;&nbsp;&nbsp;&nbsp;&nbsp;&nbsp;&nbsp;&nbsp;&nbsp;&nbsp;&nbsp;&nbsp;&nbsp;&nbsp;&nbsp;&nbsp;&nbsp;&nbsp;&nbsp;&nbsp;&nbsp;&nbsp;&nbsp;&nbsp;&nbsp;&nbsp;&nbsp;&nbsp;&nbsp;&nbsp;&nbsp;&nbsp;&nbsp;&nbsp;&nbsp;&nbsp;&nbsp;&nbsp;&nbsp;&nbsp; Gabriel B\u00f3 (IRAC).10.30 a 11.00 hs&nbsp;&nbsp;&nbsp;&nbsp;&nbsp; Caf\u00e9.11.00 a 12.15 hs&nbsp;&nbsp;&nbsp;&nbsp;&nbsp; Impacto de las variables reproductivas sobre la eficiencia de producci\u00f3n de&nbsp;&nbsp;&nbsp;&nbsp;&nbsp;&nbsp;&nbsp;&nbsp;&nbsp;&nbsp;&nbsp;&nbsp;&nbsp;&nbsp;&nbsp;&nbsp;&nbsp;&nbsp;&nbsp;&nbsp;&nbsp;&nbsp;&nbsp;&nbsp;&nbsp;&nbsp;&nbsp;&nbsp;&nbsp;&nbsp;&nbsp;&nbsp;&nbsp;&nbsp;&nbsp;&nbsp;&nbsp;&nbsp;&nbsp;&nbsp;&nbsp;&nbsp;&nbsp;&nbsp;&nbsp;&nbsp;&nbsp;&nbsp;&nbsp;&nbsp;&nbsp;&nbsp;&nbsp;&nbsp;&nbsp; terneros. Julio C. Burges (INTA Balcarce)12.15 a 12.45 hs&nbsp;&nbsp;&nbsp;&nbsp;&nbsp; Premio Revista Taurus Edici\u00f3n 2014.12.45 a 14.30 hs&nbsp;&nbsp;&nbsp;&nbsp;&nbsp; Almuerzo libre.14.30 a 15.45 hs&nbsp;&nbsp;&nbsp;&nbsp;&nbsp; Impacto de las decisiones empresariales sobre la [&hellip;]","og_url":"https:\/\/proagrolab.com.ar\/septimas-jornadas-taurus-de-reproduccion-bovina\/","og_site_name":"Proagro","article_publisher":"http:\/\/www.facebook.com\/proagrolab","article_published_time":"2014-04-21T00:00:01+00:00","og_image":[{"width":450,"height":208,"url":"https:\/\/proagrolab.com.ar\/wp-content\/uploads\/2015\/01\/g_hpfh07fhp__Taurus.jpg","type":"image\/jpeg"}],"author":"proagrolab","twitter_card":"summary_large_image","twitter_misc":{"Written by":"proagrolab","Est. reading time":"6 minutes"},"schema":{"@context":"https:\/\/schema.org","@graph":[{"@type":"Article","@id":"https:\/\/proagrolab.com.ar\/septimas-jornadas-taurus-de-reproduccion-bovina\/#article","isPartOf":{"@id":"https:\/\/proagrolab.com.ar\/septimas-jornadas-taurus-de-reproduccion-bovina\/"},"author":{"name":"proagrolab","@id":"https:\/\/proagrolab.com.ar\/#\/schema\/person\/38003ff90bf80381f71c7d922d207444"},"headline":"S\u00e9ptimas Jornadas TAURUS de Reproducci\u00f3n Bovina.","datePublished":"2014-04-21T00:00:01+00:00","mainEntityOfPage":{"@id":"https:\/\/proagrolab.com.ar\/septimas-jornadas-taurus-de-reproduccion-bovina\/"},"wordCount":1140,"publisher":{"@id":"https:\/\/proagrolab.com.ar\/#organization"},"image":{"@id":"https:\/\/proagrolab.com.ar\/septimas-jornadas-taurus-de-reproduccion-bovina\/#primaryimage"},"thumbnailUrl":"https:\/\/proagrolab.com.ar\/wp-content\/uploads\/2015\/01\/g_hpfh07fhp__Taurus.jpg","articleSection":["News"],"inLanguage":"en-US"},{"@type":"WebPage","@id":"https:\/\/proagrolab.com.ar\/septimas-jornadas-taurus-de-reproduccion-bovina\/","url":"https:\/\/proagrolab.com.ar\/septimas-jornadas-taurus-de-reproduccion-bovina\/","name":"S\u00e9ptimas Jornadas TAURUS de Reproducci\u00f3n Bovina. | Proagro","isPartOf":{"@id":"https:\/\/proagrolab.com.ar\/#website"},"primaryImageOfPage":{"@id":"https:\/\/proagrolab.com.ar\/septimas-jornadas-taurus-de-reproduccion-bovina\/#primaryimage"},"image":{"@id":"https:\/\/proagrolab.com.ar\/septimas-jornadas-taurus-de-reproduccion-bovina\/#primaryimage"},"thumbnailUrl":"https:\/\/proagrolab.com.ar\/wp-content\/uploads\/2015\/01\/g_hpfh07fhp__Taurus.jpg","datePublished":"2014-04-21T00:00:01+00:00","breadcrumb":{"@id":"https:\/\/proagrolab.com.ar\/septimas-jornadas-taurus-de-reproduccion-bovina\/#breadcrumb"},"inLanguage":"en-US","potentialAction":[{"@type":"ReadAction","target":["https:\/\/proagrolab.com.ar\/septimas-jornadas-taurus-de-reproduccion-bovina\/"]}]},{"@type":"ImageObject","inLanguage":"en-US","@id":"https:\/\/proagrolab.com.ar\/septimas-jornadas-taurus-de-reproduccion-bovina\/#primaryimage","url":"https:\/\/proagrolab.com.ar\/wp-content\/uploads\/2015\/01\/g_hpfh07fhp__Taurus.jpg","contentUrl":"https:\/\/proagrolab.com.ar\/wp-content\/uploads\/2015\/01\/g_hpfh07fhp__Taurus.jpg","width":450,"height":208},{"@type":"BreadcrumbList","@id":"https:\/\/proagrolab.com.ar\/septimas-jornadas-taurus-de-reproduccion-bovina\/#breadcrumb","itemListElement":[{"@type":"ListItem","position":1,"name":"Portada","item":"https:\/\/proagrolab.com.ar\/"},{"@type":"ListItem","position":2,"name":"S\u00e9ptimas Jornadas TAURUS de Reproducci\u00f3n Bovina."}]},{"@type":"WebSite","@id":"https:\/\/proagrolab.com.ar\/#website","url":"https:\/\/proagrolab.com.ar\/","name":"Proagro Laboratorio Veterinario","description":"Veterinary laboratory","publisher":{"@id":"https:\/\/proagrolab.com.ar\/#organization"},"potentialAction":[{"@type":"SearchAction","target":{"@type":"EntryPoint","urlTemplate":"https:\/\/proagrolab.com.ar\/?s={search_term_string}"},"query-input":{"@type":"PropertyValueSpecification","valueRequired":true,"valueName":"search_term_string"}}],"inLanguage":"en-US"},{"@type":"Organization","@id":"https:\/\/proagrolab.com.ar\/#organization","name":"Proagro","url":"https:\/\/proagrolab.com.ar\/","logo":{"@type":"ImageObject","inLanguage":"en-US","@id":"https:\/\/proagrolab.com.ar\/#\/schema\/logo\/image\/","url":"https:\/\/proagrolab.com.ar\/wp-content\/uploads\/2020\/04\/logo-retina.png","contentUrl":"https:\/\/proagrolab.com.ar\/wp-content\/uploads\/2020\/04\/logo-retina.png","width":478,"height":120,"caption":"Proagro"},"image":{"@id":"https:\/\/proagrolab.com.ar\/#\/schema\/logo\/image\/"},"sameAs":["http:\/\/www.facebook.com\/proagrolab","https:\/\/www.instagram.com\/proagrolab\/","https:\/\/www.linkedin.com\/company\/laboratorio-proagro-s-a\/"]},{"@type":"Person","@id":"https:\/\/proagrolab.com.ar\/#\/schema\/person\/38003ff90bf80381f71c7d922d207444","name":"proagrolab"}]}},"_links":{"self":[{"href":"https:\/\/proagrolab.com.ar\/en\/wp-json\/wp\/v2\/posts\/534","targetHints":{"allow":["GET"]}}],"collection":[{"href":"https:\/\/proagrolab.com.ar\/en\/wp-json\/wp\/v2\/posts"}],"about":[{"href":"https:\/\/proagrolab.com.ar\/en\/wp-json\/wp\/v2\/types\/post"}],"author":[{"embeddable":true,"href":"https:\/\/proagrolab.com.ar\/en\/wp-json\/wp\/v2\/users\/2"}],"replies":[{"embeddable":true,"href":"https:\/\/proagrolab.com.ar\/en\/wp-json\/wp\/v2\/comments?post=534"}],"version-history":[{"count":0,"href":"https:\/\/proagrolab.com.ar\/en\/wp-json\/wp\/v2\/posts\/534\/revisions"}],"wp:featuredmedia":[{"embeddable":true,"href":"https:\/\/proagrolab.com.ar\/en\/wp-json\/wp\/v2\/media\/509"}],"wp:attachment":[{"href":"https:\/\/proagrolab.com.ar\/en\/wp-json\/wp\/v2\/media?parent=534"}],"wp:term":[{"taxonomy":"category","embeddable":true,"href":"https:\/\/proagrolab.com.ar\/en\/wp-json\/wp\/v2\/categories?post=534"},{"taxonomy":"post_tag","embeddable":true,"href":"https:\/\/proagrolab.com.ar\/en\/wp-json\/wp\/v2\/tags?post=534"}],"curies":[{"name":"wp","href":"https:\/\/api.w.org\/{rel}","templated":true}]}}