{"id":532,"date":"2014-04-09T00:00:01","date_gmt":"2014-04-09T00:00:01","guid":{"rendered":"https:\/\/proagrolab.com.ar\/1er-congreso-ganadero-rosario-2014\/"},"modified":"2014-04-09T00:00:01","modified_gmt":"2014-04-09T00:00:01","slug":"1er-congreso-ganadero-rosario-2014","status":"publish","type":"post","link":"https:\/\/proagrolab.com.ar\/en\/1er-congreso-ganadero-rosario-2014\/","title":{"rendered":"1er Congreso Ganadero. Rosario 2014."},"content":{"rendered":"<p class=\"qtranxs-available-languages-message qtranxs-available-languages-message-en\"> <\/p><p><b><i>Ganader\u00eda integrada, una necesidad presente para desafiar el futuro.<\/i><\/b><\/p>\n<p>D\u00edas: 11 y 12 de junio<br \/>Lugar: Bolsa de Comercio de Rosario (Paraguay 777)<br \/><i><br \/>Programa<\/i><br \/><b>D\u00eda 1<\/b> &#8211; Mi\u00e9rcoles 11 de junio<br \/>&nbsp; &nbsp;&nbsp;&nbsp; &nbsp;<br \/>8:00 &#8211; 8:45<br \/>Acreditaciones<\/p>\n<p>8:45 &#8211; 9:00<br \/>Acto de Apertura. Palabras de Pte de la SRR Gustavo Sutter Schneider<\/p>\n<p>9:00 &#8211; 10:00<br \/>Cria Bovina Intensiva. Med. Veterinario Mart\u00edn Correa Luna (Inta Venado Tuerto)<\/p>\n<p>10:00 &#8211; 10:30<br \/>Caso Pr\u00e1ctiro Zonal Cr\u00eda Bovina Intensiva. Med. Veterinario Gonzalo Colomar<\/p>\n<p>10:30 &#8211; 11:15<br \/>Cofee Break<\/p>\n<p>11: 15 &#8211; 12:15<br \/>Sistemas de Forrajes. Ing. Agr. Luis Romero (Inta Rafaela)<\/p>\n<p>12:15 &#8211; 12:30<br \/>Marca comercial. Exposici\u00f3n de su producto.<\/p>\n<p>12:30 &#8211; 14:00<br \/>Receso<\/p>\n<p>14:00 &#8211; 15:00<br \/>Mitos, fracasos y expectativas para la ganader\u00eda de carne en la Argentina. Ing. Agr. Juan Elizalde (Ph.D)<\/p>\n<p>15:00 &#8211; 16:00<br \/>Cuales son las fortalezas de las Empresas Ganaderas de la actualidad y como proyectarlas a futuro. Ing. Agr. Sebasti\u00e1n Riffel (M. Sci.)<\/p>\n<p>16:00 &#8211; 16:30<br \/>Cofee Break<\/p>\n<p>16:30 &#8211; 17:30<br \/>Emprendedurismo. 1) Producci\u00f3n de Energ\u00eda el\u00e9ctrica y fertilizantes a partir de la Recr\u00eda y Engorde a Corral. Luis Urdungarin (Productor en Carlos Tejedor). 2) Modelos de integraci\u00f3n productiva. Agricultura. Bio Combustibles. Alimentos Balanceados. Producci\u00f3n de carne y venta al publico. Mario y Victor Fontana (Feliciano\/Entre Rios)<\/p>\n<p>17:30 &#8211; 18:30<br \/>El mercado ganadero en la actualidad: situaci\u00f3n de la cadena de ganados y carnes, nuevos canales de comercializaci\u00f3n, v\u00ednculo actual comprador-vendedor. Lic. Ra\u00fal Milano (Rosgan)<br \/>&nbsp; &nbsp;&nbsp;&nbsp; &nbsp;<\/p>\n<p><b>D\u00eda 2<\/b> &#8211; Jueves 12 de junio<br \/>&nbsp; &nbsp;&nbsp;&nbsp; &nbsp;<br \/>8:00&nbsp; &#8211; 8:30<br \/>Acreditaciones<\/p>\n<p>8:30 &#8211; 9:30<br \/>Empresa familiar agropecuaria. Desafios para perdurar entre generaciones- Comunicaci\u00f3n y planeamiento familiar como base de la continuidad. Lic. Adm. Gorziglia Guillermo<\/p>\n<p>9:30 &#8211; 10:30<br \/>Emprendimientos porcinos. \u00bfModa o realidad? El futuro de la actividad y la tecnolog\u00eda a utilizar. Med. Veterinario Jorge Brunori (Inta Marcos Juarez)<\/p>\n<p>10:30 &#8211; 11:30<br \/>Cofee Break<\/p>\n<p>11: 30 &#8211; 12:30<br \/>Propiedad intelectual. Marcas comerciales. Importancia de su creaci\u00f3n y protecci\u00f3n. Dra. Maria Soledad Alvarez<\/p>\n<p>12:30 &#8211; 12:50<br \/>Marca comercial. Exposici\u00f3n de su producto.<\/p>\n<p>12:50 &#8211; 14:30<br \/>Receso<\/p>\n<p>14: 30 &#8211; 15:30<br \/>Nuevas generaciones de j\u00f3venes profesionales. Perfil del futuro asesor. Relaci\u00f3n con el cliente, demandas ocultas e insatisfechas. Mag. Ana Eugenia Galiano (Universidad Austral Rosario)<\/p>\n<p>15:30 &#8211; 16:30<br \/>Las empresas lecheras del futuro. Med. Vet Miguel Taverna (Inta Rafaela)<\/p>\n<p>16:30 &#8211; 17:30<br \/>Estrategias de diferenciaci\u00f3n para el logro de ventajas competitivas. Lic. Mg V Rolando Gonz\u00e1lez<\/p>\n<p>17: 30 &#8211; 18:00<br \/>Cierre<\/p>\n<p>Inscripci\u00f3n on line<br \/><a target=\"_blank\" title=\"\" href=\"http:\/\/congreso.ruralrosario.org\/inscripcion-paso1\">http:\/\/congreso.ruralrosario.org\/inscripcion-paso1<\/a><\/p>\n<p><i>M\u00e1s info:<\/i><br \/>0341 &#8211; 425 7159<br \/>0341 &#8211; 421 3453<br \/><a target=\"_blank\" title=\"\" href=\"http:\/\/congreso.ruralrosario.org\/inicio\">http:\/\/congreso.ruralrosario.org\/inicio<\/a><br \/><\/p>","protected":false},"excerpt":{"rendered":"<p>Ganader\u00eda integrada, una necesidad presente para desafiar el futuro. D\u00edas: 11 y 12 de junioLugar: Bolsa de Comercio de Rosario (Paraguay 777)ProgramaD\u00eda 1 &#8211; Mi\u00e9rcoles 11 de junio&nbsp; &nbsp;&nbsp;&nbsp; &nbsp;8:00 &#8211; 8:45Acreditaciones 8:45 &#8211; 9:00Acto de Apertura. Palabras de Pte de la SRR Gustavo Sutter Schneider 9:00 &#8211; 10:00Cria Bovina Intensiva. Med. Veterinario Mart\u00edn Correa Luna (Inta Venado Tuerto) 10:00 &#8211; 10:30Caso Pr\u00e1ctiro Zonal Cr\u00eda Bovina Intensiva. Med. Veterinario Gonzalo Colomar 10:30 &#8211; 11:15Cofee Break 11: 15 &#8211; 12:15Sistemas de Forrajes. Ing. Agr. Luis Romero (Inta Rafaela) 12:15 &#8211; 12:30Marca comercial. Exposici\u00f3n de su producto. 12:30 &#8211; 14:00Receso 14:00 &#8211; 15:00Mitos, fracasos y expectativas para la ganader\u00eda de carne en la Argentina. Ing. Agr. Juan Elizalde (Ph.D) 15:00 &#8211; 16:00Cuales son las fortalezas de las Empresas Ganaderas de la actualidad y como proyectarlas a futuro. Ing. Agr. Sebasti\u00e1n Riffel (M. Sci.) 16:00 &#8211; 16:30Cofee Break 16:30 &#8211; 17:30Emprendedurismo. 1) Producci\u00f3n de Energ\u00eda el\u00e9ctrica y fertilizantes a partir de la Recr\u00eda y Engorde a Corral. Luis Urdungarin (Productor en Carlos Tejedor). 2) Modelos de integraci\u00f3n productiva. Agricultura. Bio Combustibles. Alimentos Balanceados. Producci\u00f3n de carne y venta al publico. Mario y Victor Fontana (Feliciano\/Entre Rios) 17:30 &#8211; 18:30El mercado ganadero en la [&hellip;]<\/p>\n","protected":false},"author":2,"featured_media":507,"comment_status":"closed","ping_status":"open","sticky":false,"template":"","format":"standard","meta":{"_acf_changed":false,"footnotes":""},"categories":[56],"tags":[],"class_list":["post-532","post","type-post","status-publish","format-standard","has-post-thumbnail","hentry","category-infoganadero"],"acf":[],"yoast_head":"<!-- This site is optimized with the Yoast SEO plugin v27.4 - https:\/\/yoast.com\/product\/yoast-seo-wordpress\/ -->\n<title>1er Congreso Ganadero. Rosario 2014. | Proagro<\/title>\n<meta name=\"robots\" content=\"index, follow, max-snippet:-1, max-image-preview:large, max-video-preview:-1\" \/>\n<link rel=\"canonical\" href=\"https:\/\/proagrolab.com.ar\/en\/1er-congreso-ganadero-rosario-2014\/\" \/>\n<meta property=\"og:locale\" content=\"en_US\" \/>\n<meta property=\"og:type\" content=\"article\" \/>\n<meta property=\"og:title\" content=\"1er Congreso Ganadero. Rosario 2014. | Proagro\" \/>\n<meta property=\"og:description\" content=\"Ganader\u00eda integrada, una necesidad presente para desafiar el futuro. D\u00edas: 11 y 12 de junioLugar: Bolsa de Comercio de Rosario (Paraguay 777)ProgramaD\u00eda 1 &#8211; Mi\u00e9rcoles 11 de junio&nbsp; &nbsp;&nbsp;&nbsp; &nbsp;8:00 &#8211; 8:45Acreditaciones 8:45 &#8211; 9:00Acto de Apertura. Palabras de Pte de la SRR Gustavo Sutter Schneider 9:00 &#8211; 10:00Cria Bovina Intensiva. Med. Veterinario Mart\u00edn Correa Luna (Inta Venado Tuerto) 10:00 &#8211; 10:30Caso Pr\u00e1ctiro Zonal Cr\u00eda Bovina Intensiva. Med. Veterinario Gonzalo Colomar 10:30 &#8211; 11:15Cofee Break 11: 15 &#8211; 12:15Sistemas de Forrajes. Ing. Agr. Luis Romero (Inta Rafaela) 12:15 &#8211; 12:30Marca comercial. Exposici\u00f3n de su producto. 12:30 &#8211; 14:00Receso 14:00 &#8211; 15:00Mitos, fracasos y expectativas para la ganader\u00eda de carne en la Argentina. Ing. Agr. Juan Elizalde (Ph.D) 15:00 &#8211; 16:00Cuales son las fortalezas de las Empresas Ganaderas de la actualidad y como proyectarlas a futuro. Ing. Agr. Sebasti\u00e1n Riffel (M. Sci.) 16:00 &#8211; 16:30Cofee Break 16:30 &#8211; 17:30Emprendedurismo. 1) Producci\u00f3n de Energ\u00eda el\u00e9ctrica y fertilizantes a partir de la Recr\u00eda y Engorde a Corral. Luis Urdungarin (Productor en Carlos Tejedor). 2) Modelos de integraci\u00f3n productiva. Agricultura. Bio Combustibles. Alimentos Balanceados. Producci\u00f3n de carne y venta al publico. Mario y Victor Fontana (Feliciano\/Entre Rios) 17:30 &#8211; 18:30El mercado ganadero en la [&hellip;]\" \/>\n<meta property=\"og:url\" content=\"https:\/\/proagrolab.com.ar\/1er-congreso-ganadero-rosario-2014\/\" \/>\n<meta property=\"og:site_name\" content=\"Proagro\" \/>\n<meta property=\"article:publisher\" content=\"http:\/\/www.facebook.com\/proagrolab\" \/>\n<meta property=\"article:published_time\" content=\"2014-04-09T00:00:01+00:00\" \/>\n<meta property=\"og:image\" content=\"https:\/\/proagrolab.com.ar\/wp-content\/uploads\/2015\/01\/g_ftgbsekvk__Congreso-ganadero.jpg\" \/>\n\t<meta property=\"og:image:width\" content=\"450\" \/>\n\t<meta property=\"og:image:height\" content=\"208\" \/>\n\t<meta property=\"og:image:type\" content=\"image\/jpeg\" \/>\n<meta name=\"author\" content=\"proagrolab\" \/>\n<meta name=\"twitter:card\" content=\"summary_large_image\" \/>\n<meta name=\"twitter:label1\" content=\"Written by\" \/>\n\t<meta name=\"twitter:data1\" content=\"proagrolab\" \/>\n\t<meta name=\"twitter:label2\" content=\"Est. reading time\" \/>\n\t<meta name=\"twitter:data2\" content=\"2 minutes\" \/>\n<script type=\"application\/ld+json\" class=\"yoast-schema-graph\">{\"@context\":\"https:\\\/\\\/schema.org\",\"@graph\":[{\"@type\":\"Article\",\"@id\":\"https:\\\/\\\/proagrolab.com.ar\\\/1er-congreso-ganadero-rosario-2014\\\/#article\",\"isPartOf\":{\"@id\":\"https:\\\/\\\/proagrolab.com.ar\\\/1er-congreso-ganadero-rosario-2014\\\/\"},\"author\":{\"name\":\"proagrolab\",\"@id\":\"https:\\\/\\\/proagrolab.com.ar\\\/#\\\/schema\\\/person\\\/38003ff90bf80381f71c7d922d207444\"},\"headline\":\"1er Congreso Ganadero. Rosario 2014.\",\"datePublished\":\"2014-04-09T00:00:01+00:00\",\"mainEntityOfPage\":{\"@id\":\"https:\\\/\\\/proagrolab.com.ar\\\/1er-congreso-ganadero-rosario-2014\\\/\"},\"wordCount\":404,\"publisher\":{\"@id\":\"https:\\\/\\\/proagrolab.com.ar\\\/#organization\"},\"image\":{\"@id\":\"https:\\\/\\\/proagrolab.com.ar\\\/1er-congreso-ganadero-rosario-2014\\\/#primaryimage\"},\"thumbnailUrl\":\"https:\\\/\\\/proagrolab.com.ar\\\/wp-content\\\/uploads\\\/2015\\\/01\\\/g_ftgbsekvk__Congreso-ganadero.jpg\",\"articleSection\":[\"News\"],\"inLanguage\":\"en-US\"},{\"@type\":\"WebPage\",\"@id\":\"https:\\\/\\\/proagrolab.com.ar\\\/1er-congreso-ganadero-rosario-2014\\\/\",\"url\":\"https:\\\/\\\/proagrolab.com.ar\\\/1er-congreso-ganadero-rosario-2014\\\/\",\"name\":\"1er Congreso Ganadero. Rosario 2014. | Proagro\",\"isPartOf\":{\"@id\":\"https:\\\/\\\/proagrolab.com.ar\\\/#website\"},\"primaryImageOfPage\":{\"@id\":\"https:\\\/\\\/proagrolab.com.ar\\\/1er-congreso-ganadero-rosario-2014\\\/#primaryimage\"},\"image\":{\"@id\":\"https:\\\/\\\/proagrolab.com.ar\\\/1er-congreso-ganadero-rosario-2014\\\/#primaryimage\"},\"thumbnailUrl\":\"https:\\\/\\\/proagrolab.com.ar\\\/wp-content\\\/uploads\\\/2015\\\/01\\\/g_ftgbsekvk__Congreso-ganadero.jpg\",\"datePublished\":\"2014-04-09T00:00:01+00:00\",\"breadcrumb\":{\"@id\":\"https:\\\/\\\/proagrolab.com.ar\\\/1er-congreso-ganadero-rosario-2014\\\/#breadcrumb\"},\"inLanguage\":\"en-US\",\"potentialAction\":[{\"@type\":\"ReadAction\",\"target\":[\"https:\\\/\\\/proagrolab.com.ar\\\/1er-congreso-ganadero-rosario-2014\\\/\"]}]},{\"@type\":\"ImageObject\",\"inLanguage\":\"en-US\",\"@id\":\"https:\\\/\\\/proagrolab.com.ar\\\/1er-congreso-ganadero-rosario-2014\\\/#primaryimage\",\"url\":\"https:\\\/\\\/proagrolab.com.ar\\\/wp-content\\\/uploads\\\/2015\\\/01\\\/g_ftgbsekvk__Congreso-ganadero.jpg\",\"contentUrl\":\"https:\\\/\\\/proagrolab.com.ar\\\/wp-content\\\/uploads\\\/2015\\\/01\\\/g_ftgbsekvk__Congreso-ganadero.jpg\",\"width\":450,\"height\":208},{\"@type\":\"BreadcrumbList\",\"@id\":\"https:\\\/\\\/proagrolab.com.ar\\\/1er-congreso-ganadero-rosario-2014\\\/#breadcrumb\",\"itemListElement\":[{\"@type\":\"ListItem\",\"position\":1,\"name\":\"Portada\",\"item\":\"https:\\\/\\\/proagrolab.com.ar\\\/\"},{\"@type\":\"ListItem\",\"position\":2,\"name\":\"1er Congreso Ganadero. Rosario 2014.\"}]},{\"@type\":\"WebSite\",\"@id\":\"https:\\\/\\\/proagrolab.com.ar\\\/#website\",\"url\":\"https:\\\/\\\/proagrolab.com.ar\\\/\",\"name\":\"Proagro Laboratorio Veterinario\",\"description\":\"Veterinary laboratory\",\"publisher\":{\"@id\":\"https:\\\/\\\/proagrolab.com.ar\\\/#organization\"},\"potentialAction\":[{\"@type\":\"SearchAction\",\"target\":{\"@type\":\"EntryPoint\",\"urlTemplate\":\"https:\\\/\\\/proagrolab.com.ar\\\/?s={search_term_string}\"},\"query-input\":{\"@type\":\"PropertyValueSpecification\",\"valueRequired\":true,\"valueName\":\"search_term_string\"}}],\"inLanguage\":\"en-US\"},{\"@type\":\"Organization\",\"@id\":\"https:\\\/\\\/proagrolab.com.ar\\\/#organization\",\"name\":\"Proagro\",\"url\":\"https:\\\/\\\/proagrolab.com.ar\\\/\",\"logo\":{\"@type\":\"ImageObject\",\"inLanguage\":\"en-US\",\"@id\":\"https:\\\/\\\/proagrolab.com.ar\\\/#\\\/schema\\\/logo\\\/image\\\/\",\"url\":\"https:\\\/\\\/proagrolab.com.ar\\\/wp-content\\\/uploads\\\/2020\\\/04\\\/logo-retina.png\",\"contentUrl\":\"https:\\\/\\\/proagrolab.com.ar\\\/wp-content\\\/uploads\\\/2020\\\/04\\\/logo-retina.png\",\"width\":478,\"height\":120,\"caption\":\"Proagro\"},\"image\":{\"@id\":\"https:\\\/\\\/proagrolab.com.ar\\\/#\\\/schema\\\/logo\\\/image\\\/\"},\"sameAs\":[\"http:\\\/\\\/www.facebook.com\\\/proagrolab\",\"https:\\\/\\\/www.instagram.com\\\/proagrolab\\\/\",\"https:\\\/\\\/www.linkedin.com\\\/company\\\/laboratorio-proagro-s-a\\\/\"]},{\"@type\":\"Person\",\"@id\":\"https:\\\/\\\/proagrolab.com.ar\\\/#\\\/schema\\\/person\\\/38003ff90bf80381f71c7d922d207444\",\"name\":\"proagrolab\"}]}<\/script>\n<!-- \/ Yoast SEO plugin. -->","yoast_head_json":{"title":"1er Congreso Ganadero. Rosario 2014. | Proagro","robots":{"index":"index","follow":"follow","max-snippet":"max-snippet:-1","max-image-preview":"max-image-preview:large","max-video-preview":"max-video-preview:-1"},"canonical":"https:\/\/proagrolab.com.ar\/en\/1er-congreso-ganadero-rosario-2014\/","og_locale":"en_US","og_type":"article","og_title":"1er Congreso Ganadero. Rosario 2014. | Proagro","og_description":"Ganader\u00eda integrada, una necesidad presente para desafiar el futuro. D\u00edas: 11 y 12 de junioLugar: Bolsa de Comercio de Rosario (Paraguay 777)ProgramaD\u00eda 1 &#8211; Mi\u00e9rcoles 11 de junio&nbsp; &nbsp;&nbsp;&nbsp; &nbsp;8:00 &#8211; 8:45Acreditaciones 8:45 &#8211; 9:00Acto de Apertura. Palabras de Pte de la SRR Gustavo Sutter Schneider 9:00 &#8211; 10:00Cria Bovina Intensiva. Med. Veterinario Mart\u00edn Correa Luna (Inta Venado Tuerto) 10:00 &#8211; 10:30Caso Pr\u00e1ctiro Zonal Cr\u00eda Bovina Intensiva. Med. Veterinario Gonzalo Colomar 10:30 &#8211; 11:15Cofee Break 11: 15 &#8211; 12:15Sistemas de Forrajes. Ing. Agr. Luis Romero (Inta Rafaela) 12:15 &#8211; 12:30Marca comercial. Exposici\u00f3n de su producto. 12:30 &#8211; 14:00Receso 14:00 &#8211; 15:00Mitos, fracasos y expectativas para la ganader\u00eda de carne en la Argentina. Ing. Agr. Juan Elizalde (Ph.D) 15:00 &#8211; 16:00Cuales son las fortalezas de las Empresas Ganaderas de la actualidad y como proyectarlas a futuro. Ing. Agr. Sebasti\u00e1n Riffel (M. Sci.) 16:00 &#8211; 16:30Cofee Break 16:30 &#8211; 17:30Emprendedurismo. 1) Producci\u00f3n de Energ\u00eda el\u00e9ctrica y fertilizantes a partir de la Recr\u00eda y Engorde a Corral. Luis Urdungarin (Productor en Carlos Tejedor). 2) Modelos de integraci\u00f3n productiva. Agricultura. Bio Combustibles. Alimentos Balanceados. Producci\u00f3n de carne y venta al publico. Mario y Victor Fontana (Feliciano\/Entre Rios) 17:30 &#8211; 18:30El mercado ganadero en la [&hellip;]","og_url":"https:\/\/proagrolab.com.ar\/1er-congreso-ganadero-rosario-2014\/","og_site_name":"Proagro","article_publisher":"http:\/\/www.facebook.com\/proagrolab","article_published_time":"2014-04-09T00:00:01+00:00","og_image":[{"width":450,"height":208,"url":"https:\/\/proagrolab.com.ar\/wp-content\/uploads\/2015\/01\/g_ftgbsekvk__Congreso-ganadero.jpg","type":"image\/jpeg"}],"author":"proagrolab","twitter_card":"summary_large_image","twitter_misc":{"Written by":"proagrolab","Est. reading time":"2 minutes"},"schema":{"@context":"https:\/\/schema.org","@graph":[{"@type":"Article","@id":"https:\/\/proagrolab.com.ar\/1er-congreso-ganadero-rosario-2014\/#article","isPartOf":{"@id":"https:\/\/proagrolab.com.ar\/1er-congreso-ganadero-rosario-2014\/"},"author":{"name":"proagrolab","@id":"https:\/\/proagrolab.com.ar\/#\/schema\/person\/38003ff90bf80381f71c7d922d207444"},"headline":"1er Congreso Ganadero. Rosario 2014.","datePublished":"2014-04-09T00:00:01+00:00","mainEntityOfPage":{"@id":"https:\/\/proagrolab.com.ar\/1er-congreso-ganadero-rosario-2014\/"},"wordCount":404,"publisher":{"@id":"https:\/\/proagrolab.com.ar\/#organization"},"image":{"@id":"https:\/\/proagrolab.com.ar\/1er-congreso-ganadero-rosario-2014\/#primaryimage"},"thumbnailUrl":"https:\/\/proagrolab.com.ar\/wp-content\/uploads\/2015\/01\/g_ftgbsekvk__Congreso-ganadero.jpg","articleSection":["News"],"inLanguage":"en-US"},{"@type":"WebPage","@id":"https:\/\/proagrolab.com.ar\/1er-congreso-ganadero-rosario-2014\/","url":"https:\/\/proagrolab.com.ar\/1er-congreso-ganadero-rosario-2014\/","name":"1er Congreso Ganadero. Rosario 2014. | Proagro","isPartOf":{"@id":"https:\/\/proagrolab.com.ar\/#website"},"primaryImageOfPage":{"@id":"https:\/\/proagrolab.com.ar\/1er-congreso-ganadero-rosario-2014\/#primaryimage"},"image":{"@id":"https:\/\/proagrolab.com.ar\/1er-congreso-ganadero-rosario-2014\/#primaryimage"},"thumbnailUrl":"https:\/\/proagrolab.com.ar\/wp-content\/uploads\/2015\/01\/g_ftgbsekvk__Congreso-ganadero.jpg","datePublished":"2014-04-09T00:00:01+00:00","breadcrumb":{"@id":"https:\/\/proagrolab.com.ar\/1er-congreso-ganadero-rosario-2014\/#breadcrumb"},"inLanguage":"en-US","potentialAction":[{"@type":"ReadAction","target":["https:\/\/proagrolab.com.ar\/1er-congreso-ganadero-rosario-2014\/"]}]},{"@type":"ImageObject","inLanguage":"en-US","@id":"https:\/\/proagrolab.com.ar\/1er-congreso-ganadero-rosario-2014\/#primaryimage","url":"https:\/\/proagrolab.com.ar\/wp-content\/uploads\/2015\/01\/g_ftgbsekvk__Congreso-ganadero.jpg","contentUrl":"https:\/\/proagrolab.com.ar\/wp-content\/uploads\/2015\/01\/g_ftgbsekvk__Congreso-ganadero.jpg","width":450,"height":208},{"@type":"BreadcrumbList","@id":"https:\/\/proagrolab.com.ar\/1er-congreso-ganadero-rosario-2014\/#breadcrumb","itemListElement":[{"@type":"ListItem","position":1,"name":"Portada","item":"https:\/\/proagrolab.com.ar\/"},{"@type":"ListItem","position":2,"name":"1er Congreso Ganadero. Rosario 2014."}]},{"@type":"WebSite","@id":"https:\/\/proagrolab.com.ar\/#website","url":"https:\/\/proagrolab.com.ar\/","name":"Proagro Laboratorio Veterinario","description":"Veterinary laboratory","publisher":{"@id":"https:\/\/proagrolab.com.ar\/#organization"},"potentialAction":[{"@type":"SearchAction","target":{"@type":"EntryPoint","urlTemplate":"https:\/\/proagrolab.com.ar\/?s={search_term_string}"},"query-input":{"@type":"PropertyValueSpecification","valueRequired":true,"valueName":"search_term_string"}}],"inLanguage":"en-US"},{"@type":"Organization","@id":"https:\/\/proagrolab.com.ar\/#organization","name":"Proagro","url":"https:\/\/proagrolab.com.ar\/","logo":{"@type":"ImageObject","inLanguage":"en-US","@id":"https:\/\/proagrolab.com.ar\/#\/schema\/logo\/image\/","url":"https:\/\/proagrolab.com.ar\/wp-content\/uploads\/2020\/04\/logo-retina.png","contentUrl":"https:\/\/proagrolab.com.ar\/wp-content\/uploads\/2020\/04\/logo-retina.png","width":478,"height":120,"caption":"Proagro"},"image":{"@id":"https:\/\/proagrolab.com.ar\/#\/schema\/logo\/image\/"},"sameAs":["http:\/\/www.facebook.com\/proagrolab","https:\/\/www.instagram.com\/proagrolab\/","https:\/\/www.linkedin.com\/company\/laboratorio-proagro-s-a\/"]},{"@type":"Person","@id":"https:\/\/proagrolab.com.ar\/#\/schema\/person\/38003ff90bf80381f71c7d922d207444","name":"proagrolab"}]}},"_links":{"self":[{"href":"https:\/\/proagrolab.com.ar\/en\/wp-json\/wp\/v2\/posts\/532","targetHints":{"allow":["GET"]}}],"collection":[{"href":"https:\/\/proagrolab.com.ar\/en\/wp-json\/wp\/v2\/posts"}],"about":[{"href":"https:\/\/proagrolab.com.ar\/en\/wp-json\/wp\/v2\/types\/post"}],"author":[{"embeddable":true,"href":"https:\/\/proagrolab.com.ar\/en\/wp-json\/wp\/v2\/users\/2"}],"replies":[{"embeddable":true,"href":"https:\/\/proagrolab.com.ar\/en\/wp-json\/wp\/v2\/comments?post=532"}],"version-history":[{"count":0,"href":"https:\/\/proagrolab.com.ar\/en\/wp-json\/wp\/v2\/posts\/532\/revisions"}],"wp:featuredmedia":[{"embeddable":true,"href":"https:\/\/proagrolab.com.ar\/en\/wp-json\/wp\/v2\/media\/507"}],"wp:attachment":[{"href":"https:\/\/proagrolab.com.ar\/en\/wp-json\/wp\/v2\/media?parent=532"}],"wp:term":[{"taxonomy":"category","embeddable":true,"href":"https:\/\/proagrolab.com.ar\/en\/wp-json\/wp\/v2\/categories?post=532"},{"taxonomy":"post_tag","embeddable":true,"href":"https:\/\/proagrolab.com.ar\/en\/wp-json\/wp\/v2\/tags?post=532"}],"curies":[{"name":"wp","href":"https:\/\/api.w.org\/{rel}","templated":true}]}}