{"id":531,"date":"2014-03-19T00:00:01","date_gmt":"2014-03-19T00:00:01","guid":{"rendered":"https:\/\/proagrolab.com.ar\/mas-ganaderia-en-el-noa-vuelven-los-seminarios-regionales-del-ipcva-a-la-ciudad-de-salta\/"},"modified":"2014-03-19T00:00:01","modified_gmt":"2014-03-19T00:00:01","slug":"mas-ganaderia-en-el-noa-vuelven-los-seminarios-regionales-del-ipcva-a-la-ciudad-de-salta","status":"publish","type":"post","link":"https:\/\/proagrolab.com.ar\/en\/mas-ganaderia-en-el-noa-vuelven-los-seminarios-regionales-del-ipcva-a-la-ciudad-de-salta\/","title":{"rendered":"M\u00e1s ganader\u00eda en el NOA: vuelven los seminarios regionales del IPCVA a la ciudad de salta."},"content":{"rendered":"<p class=\"qtranxs-available-languages-message qtranxs-available-languages-message-en\"> <\/p><p>El nuevo seminario se llevar\u00e1 a cabo el viernes 11 de abril con una tem\u00e1tica adaptada a la realidad ganadera del NOA. Ser\u00e1 con entrada libre y gratuita pero cupos limitados.<\/p>\n<p>El pr\u00f3ximo viernes 11 de abril el Instituto de Promoci\u00f3n de la Carne vacuna Argentina (IPCVA) realizar\u00e1 un nuevo seminario regional en la Ciudad de Salta con la consigna \u0093Diagn\u00f3stico y propuestas para el crecimiento sostenido de la cadena de la carne vacuna en el NOA\u0094.<\/p>\n<p>El evento, con entrada libre y gratuita pero cupos limitados, se llevar\u00e1 a cabo a partir de las 8,45 horas en el Hotel Alejandro I (Balcarce 252) con un nutrido programa de conferencias como \u0093Recomendaciones para el manejo de sistemas ganaderos en el NOA\u0094 (Ing. Agr. Oscar Melo. Asesor Privado), \u0093La importancia de la henificaci\u00f3n en el manejo de pasturas megat\u00e9rmicas\u0094 (Ing. Agr. Pablo Cattani. Asesor Privado), \u0093La gen\u00e9tica como herramienta para mejorar la productividad del rodeo y calidad de carne en la regi\u00f3n NOA\u0094 (Dr. Rodolfo Peralta. Foro Argentino de Gen\u00e9tica Bovina), \u0093Tecnolog\u00edas de manejo aplicadas a los sistemas de producci\u00f3n de bovinos para carne: \u00bfC\u00f3mo producir de manera eficiente m\u00e1s y mejor?\u0094 (Ing. Agr. Jorge Navarro. INTA EEA Salta) y \u0093Perspectivas de la cadena de ganado y carnes. La visi\u00f3n de la industria frigor\u00edfica\u0094 (Med. Vet. Jorge Torelli. IPCVA).<br \/>En tanto, la apertura y el cierre del seminario (previsto para las 17 horas) estar\u00e1n a cargo de Gonzalo \u00c1lvarez Maldonado, Presidente del IPCVA.<\/p>\n<p>El encuentro ser\u00e1 abierto y gratuito pero requiere de una inscripci\u00f3n previa dada la disponibilidad de cupos. Se entregar\u00e1n materiales y certificados de asistencia.<\/p>\n<p>Informes e Inscripci\u00f3n telef\u00f3nica: (011) 5353-5090<\/p>\n<p>Para inscripci\u00f3n virtual se puede <a target=\"_blank\" title=\"\" href=\"http:\/\/www.ipcva.com.ar\/seminarios.php\"><b>INGRESAR AC\u00c1<\/b><\/a><\/p>\n<p>Para ver el programa completo <a target=\"_blank\" title=\"\" href=\"http:\/\/www.ipcva.com.ar\/files\/pro_salta2014.pdf\"><b>INGRESE AC\u00c1<\/b><\/a><\/p>\n<p>El seminario anterior del IPCVA en Salta se llev\u00f3 a cabo en 2009, con la participaci\u00f3n de m\u00e1s de 450 personas. Otros seiscientas lo siguieron en vivo y en directo a trav\u00e9s de internet.<br \/><\/p>","protected":false},"excerpt":{"rendered":"<p>El nuevo seminario se llevar\u00e1 a cabo el viernes 11 de abril con una tem\u00e1tica adaptada a la realidad ganadera del NOA. Ser\u00e1 con entrada libre y gratuita pero cupos limitados. El pr\u00f3ximo viernes 11 de abril el Instituto de Promoci\u00f3n de la Carne vacuna Argentina (IPCVA) realizar\u00e1 un nuevo seminario regional en la Ciudad de Salta con la consigna \u0093Diagn\u00f3stico y propuestas para el crecimiento sostenido de la cadena de la carne vacuna en el NOA\u0094. El evento, con entrada libre y gratuita pero cupos limitados, se llevar\u00e1 a cabo a partir de las 8,45 horas en el Hotel Alejandro I (Balcarce 252) con un nutrido programa de conferencias como \u0093Recomendaciones para el manejo de sistemas ganaderos en el NOA\u0094 (Ing. Agr. Oscar Melo. Asesor Privado), \u0093La importancia de la henificaci\u00f3n en el manejo de pasturas megat\u00e9rmicas\u0094 (Ing. Agr. Pablo Cattani. Asesor Privado), \u0093La gen\u00e9tica como herramienta para mejorar la productividad del rodeo y calidad de carne en la regi\u00f3n NOA\u0094 (Dr. Rodolfo Peralta. Foro Argentino de Gen\u00e9tica Bovina), \u0093Tecnolog\u00edas de manejo aplicadas a los sistemas de producci\u00f3n de bovinos para carne: \u00bfC\u00f3mo producir de manera eficiente m\u00e1s y mejor?\u0094 (Ing. Agr. Jorge Navarro. INTA EEA Salta) y \u0093Perspectivas [&hellip;]<\/p>\n","protected":false},"author":2,"featured_media":506,"comment_status":"closed","ping_status":"open","sticky":false,"template":"","format":"standard","meta":{"_acf_changed":false,"footnotes":""},"categories":[56],"tags":[],"class_list":["post-531","post","type-post","status-publish","format-standard","has-post-thumbnail","hentry","category-infoganadero"],"acf":[],"yoast_head":"<!-- This site is optimized with the Yoast SEO plugin v27.4 - https:\/\/yoast.com\/product\/yoast-seo-wordpress\/ -->\n<title>M\u00e1s ganader\u00eda en el NOA: vuelven los seminarios regionales del IPCVA a la ciudad de salta. | Proagro<\/title>\n<meta name=\"robots\" content=\"index, follow, max-snippet:-1, max-image-preview:large, max-video-preview:-1\" \/>\n<link rel=\"canonical\" href=\"https:\/\/proagrolab.com.ar\/en\/mas-ganaderia-en-el-noa-vuelven-los-seminarios-regionales-del-ipcva-a-la-ciudad-de-salta\/\" \/>\n<meta property=\"og:locale\" content=\"en_US\" \/>\n<meta property=\"og:type\" content=\"article\" \/>\n<meta property=\"og:title\" content=\"M\u00e1s ganader\u00eda en el NOA: vuelven los seminarios regionales del IPCVA a la ciudad de salta. | Proagro\" \/>\n<meta property=\"og:description\" content=\"El nuevo seminario se llevar\u00e1 a cabo el viernes 11 de abril con una tem\u00e1tica adaptada a la realidad ganadera del NOA. Ser\u00e1 con entrada libre y gratuita pero cupos limitados. El pr\u00f3ximo viernes 11 de abril el Instituto de Promoci\u00f3n de la Carne vacuna Argentina (IPCVA) realizar\u00e1 un nuevo seminario regional en la Ciudad de Salta con la consigna \u0093Diagn\u00f3stico y propuestas para el crecimiento sostenido de la cadena de la carne vacuna en el NOA\u0094. El evento, con entrada libre y gratuita pero cupos limitados, se llevar\u00e1 a cabo a partir de las 8,45 horas en el Hotel Alejandro I (Balcarce 252) con un nutrido programa de conferencias como \u0093Recomendaciones para el manejo de sistemas ganaderos en el NOA\u0094 (Ing. Agr. Oscar Melo. Asesor Privado), \u0093La importancia de la henificaci\u00f3n en el manejo de pasturas megat\u00e9rmicas\u0094 (Ing. Agr. Pablo Cattani. Asesor Privado), \u0093La gen\u00e9tica como herramienta para mejorar la productividad del rodeo y calidad de carne en la regi\u00f3n NOA\u0094 (Dr. Rodolfo Peralta. Foro Argentino de Gen\u00e9tica Bovina), \u0093Tecnolog\u00edas de manejo aplicadas a los sistemas de producci\u00f3n de bovinos para carne: \u00bfC\u00f3mo producir de manera eficiente m\u00e1s y mejor?\u0094 (Ing. Agr. Jorge Navarro. INTA EEA Salta) y \u0093Perspectivas [&hellip;]\" \/>\n<meta property=\"og:url\" content=\"https:\/\/proagrolab.com.ar\/mas-ganaderia-en-el-noa-vuelven-los-seminarios-regionales-del-ipcva-a-la-ciudad-de-salta\/\" \/>\n<meta property=\"og:site_name\" content=\"Proagro\" \/>\n<meta property=\"article:publisher\" content=\"http:\/\/www.facebook.com\/proagrolab\" \/>\n<meta property=\"article:published_time\" content=\"2014-03-19T00:00:01+00:00\" \/>\n<meta property=\"og:image\" content=\"https:\/\/proagrolab.com.ar\/wp-content\/uploads\/2015\/01\/g_x1qty34xz__IPCVA-en-Salta.jpg\" \/>\n\t<meta property=\"og:image:width\" content=\"450\" \/>\n\t<meta property=\"og:image:height\" content=\"208\" \/>\n\t<meta property=\"og:image:type\" content=\"image\/jpeg\" \/>\n<meta name=\"author\" content=\"proagrolab\" \/>\n<meta name=\"twitter:card\" content=\"summary_large_image\" \/>\n<meta name=\"twitter:label1\" content=\"Written by\" \/>\n\t<meta name=\"twitter:data1\" content=\"proagrolab\" \/>\n\t<meta name=\"twitter:label2\" content=\"Est. reading time\" \/>\n\t<meta name=\"twitter:data2\" content=\"2 minutes\" \/>\n<script type=\"application\/ld+json\" class=\"yoast-schema-graph\">{\"@context\":\"https:\\\/\\\/schema.org\",\"@graph\":[{\"@type\":\"Article\",\"@id\":\"https:\\\/\\\/proagrolab.com.ar\\\/mas-ganaderia-en-el-noa-vuelven-los-seminarios-regionales-del-ipcva-a-la-ciudad-de-salta\\\/#article\",\"isPartOf\":{\"@id\":\"https:\\\/\\\/proagrolab.com.ar\\\/mas-ganaderia-en-el-noa-vuelven-los-seminarios-regionales-del-ipcva-a-la-ciudad-de-salta\\\/\"},\"author\":{\"name\":\"proagrolab\",\"@id\":\"https:\\\/\\\/proagrolab.com.ar\\\/#\\\/schema\\\/person\\\/38003ff90bf80381f71c7d922d207444\"},\"headline\":\"M\u00e1s ganader\u00eda en el NOA: vuelven los seminarios regionales del IPCVA a la ciudad de salta.\",\"datePublished\":\"2014-03-19T00:00:01+00:00\",\"mainEntityOfPage\":{\"@id\":\"https:\\\/\\\/proagrolab.com.ar\\\/mas-ganaderia-en-el-noa-vuelven-los-seminarios-regionales-del-ipcva-a-la-ciudad-de-salta\\\/\"},\"wordCount\":354,\"publisher\":{\"@id\":\"https:\\\/\\\/proagrolab.com.ar\\\/#organization\"},\"image\":{\"@id\":\"https:\\\/\\\/proagrolab.com.ar\\\/mas-ganaderia-en-el-noa-vuelven-los-seminarios-regionales-del-ipcva-a-la-ciudad-de-salta\\\/#primaryimage\"},\"thumbnailUrl\":\"https:\\\/\\\/proagrolab.com.ar\\\/wp-content\\\/uploads\\\/2015\\\/01\\\/g_x1qty34xz__IPCVA-en-Salta.jpg\",\"articleSection\":[\"News\"],\"inLanguage\":\"en-US\"},{\"@type\":\"WebPage\",\"@id\":\"https:\\\/\\\/proagrolab.com.ar\\\/mas-ganaderia-en-el-noa-vuelven-los-seminarios-regionales-del-ipcva-a-la-ciudad-de-salta\\\/\",\"url\":\"https:\\\/\\\/proagrolab.com.ar\\\/mas-ganaderia-en-el-noa-vuelven-los-seminarios-regionales-del-ipcva-a-la-ciudad-de-salta\\\/\",\"name\":\"M\u00e1s ganader\u00eda en el NOA: vuelven los seminarios regionales del IPCVA a la ciudad de salta. | Proagro\",\"isPartOf\":{\"@id\":\"https:\\\/\\\/proagrolab.com.ar\\\/#website\"},\"primaryImageOfPage\":{\"@id\":\"https:\\\/\\\/proagrolab.com.ar\\\/mas-ganaderia-en-el-noa-vuelven-los-seminarios-regionales-del-ipcva-a-la-ciudad-de-salta\\\/#primaryimage\"},\"image\":{\"@id\":\"https:\\\/\\\/proagrolab.com.ar\\\/mas-ganaderia-en-el-noa-vuelven-los-seminarios-regionales-del-ipcva-a-la-ciudad-de-salta\\\/#primaryimage\"},\"thumbnailUrl\":\"https:\\\/\\\/proagrolab.com.ar\\\/wp-content\\\/uploads\\\/2015\\\/01\\\/g_x1qty34xz__IPCVA-en-Salta.jpg\",\"datePublished\":\"2014-03-19T00:00:01+00:00\",\"breadcrumb\":{\"@id\":\"https:\\\/\\\/proagrolab.com.ar\\\/mas-ganaderia-en-el-noa-vuelven-los-seminarios-regionales-del-ipcva-a-la-ciudad-de-salta\\\/#breadcrumb\"},\"inLanguage\":\"en-US\",\"potentialAction\":[{\"@type\":\"ReadAction\",\"target\":[\"https:\\\/\\\/proagrolab.com.ar\\\/mas-ganaderia-en-el-noa-vuelven-los-seminarios-regionales-del-ipcva-a-la-ciudad-de-salta\\\/\"]}]},{\"@type\":\"ImageObject\",\"inLanguage\":\"en-US\",\"@id\":\"https:\\\/\\\/proagrolab.com.ar\\\/mas-ganaderia-en-el-noa-vuelven-los-seminarios-regionales-del-ipcva-a-la-ciudad-de-salta\\\/#primaryimage\",\"url\":\"https:\\\/\\\/proagrolab.com.ar\\\/wp-content\\\/uploads\\\/2015\\\/01\\\/g_x1qty34xz__IPCVA-en-Salta.jpg\",\"contentUrl\":\"https:\\\/\\\/proagrolab.com.ar\\\/wp-content\\\/uploads\\\/2015\\\/01\\\/g_x1qty34xz__IPCVA-en-Salta.jpg\",\"width\":450,\"height\":208},{\"@type\":\"BreadcrumbList\",\"@id\":\"https:\\\/\\\/proagrolab.com.ar\\\/mas-ganaderia-en-el-noa-vuelven-los-seminarios-regionales-del-ipcva-a-la-ciudad-de-salta\\\/#breadcrumb\",\"itemListElement\":[{\"@type\":\"ListItem\",\"position\":1,\"name\":\"Portada\",\"item\":\"https:\\\/\\\/proagrolab.com.ar\\\/\"},{\"@type\":\"ListItem\",\"position\":2,\"name\":\"M\u00e1s ganader\u00eda en el NOA: vuelven los seminarios regionales del IPCVA a la ciudad de salta.\"}]},{\"@type\":\"WebSite\",\"@id\":\"https:\\\/\\\/proagrolab.com.ar\\\/#website\",\"url\":\"https:\\\/\\\/proagrolab.com.ar\\\/\",\"name\":\"Proagro Laboratorio Veterinario\",\"description\":\"Veterinary laboratory\",\"publisher\":{\"@id\":\"https:\\\/\\\/proagrolab.com.ar\\\/#organization\"},\"potentialAction\":[{\"@type\":\"SearchAction\",\"target\":{\"@type\":\"EntryPoint\",\"urlTemplate\":\"https:\\\/\\\/proagrolab.com.ar\\\/?s={search_term_string}\"},\"query-input\":{\"@type\":\"PropertyValueSpecification\",\"valueRequired\":true,\"valueName\":\"search_term_string\"}}],\"inLanguage\":\"en-US\"},{\"@type\":\"Organization\",\"@id\":\"https:\\\/\\\/proagrolab.com.ar\\\/#organization\",\"name\":\"Proagro\",\"url\":\"https:\\\/\\\/proagrolab.com.ar\\\/\",\"logo\":{\"@type\":\"ImageObject\",\"inLanguage\":\"en-US\",\"@id\":\"https:\\\/\\\/proagrolab.com.ar\\\/#\\\/schema\\\/logo\\\/image\\\/\",\"url\":\"https:\\\/\\\/proagrolab.com.ar\\\/wp-content\\\/uploads\\\/2020\\\/04\\\/logo-retina.png\",\"contentUrl\":\"https:\\\/\\\/proagrolab.com.ar\\\/wp-content\\\/uploads\\\/2020\\\/04\\\/logo-retina.png\",\"width\":478,\"height\":120,\"caption\":\"Proagro\"},\"image\":{\"@id\":\"https:\\\/\\\/proagrolab.com.ar\\\/#\\\/schema\\\/logo\\\/image\\\/\"},\"sameAs\":[\"http:\\\/\\\/www.facebook.com\\\/proagrolab\",\"https:\\\/\\\/www.instagram.com\\\/proagrolab\\\/\",\"https:\\\/\\\/www.linkedin.com\\\/company\\\/laboratorio-proagro-s-a\\\/\"]},{\"@type\":\"Person\",\"@id\":\"https:\\\/\\\/proagrolab.com.ar\\\/#\\\/schema\\\/person\\\/38003ff90bf80381f71c7d922d207444\",\"name\":\"proagrolab\"}]}<\/script>\n<!-- \/ Yoast SEO plugin. -->","yoast_head_json":{"title":"M\u00e1s ganader\u00eda en el NOA: vuelven los seminarios regionales del IPCVA a la ciudad de salta. | Proagro","robots":{"index":"index","follow":"follow","max-snippet":"max-snippet:-1","max-image-preview":"max-image-preview:large","max-video-preview":"max-video-preview:-1"},"canonical":"https:\/\/proagrolab.com.ar\/en\/mas-ganaderia-en-el-noa-vuelven-los-seminarios-regionales-del-ipcva-a-la-ciudad-de-salta\/","og_locale":"en_US","og_type":"article","og_title":"M\u00e1s ganader\u00eda en el NOA: vuelven los seminarios regionales del IPCVA a la ciudad de salta. | Proagro","og_description":"El nuevo seminario se llevar\u00e1 a cabo el viernes 11 de abril con una tem\u00e1tica adaptada a la realidad ganadera del NOA. Ser\u00e1 con entrada libre y gratuita pero cupos limitados. El pr\u00f3ximo viernes 11 de abril el Instituto de Promoci\u00f3n de la Carne vacuna Argentina (IPCVA) realizar\u00e1 un nuevo seminario regional en la Ciudad de Salta con la consigna \u0093Diagn\u00f3stico y propuestas para el crecimiento sostenido de la cadena de la carne vacuna en el NOA\u0094. El evento, con entrada libre y gratuita pero cupos limitados, se llevar\u00e1 a cabo a partir de las 8,45 horas en el Hotel Alejandro I (Balcarce 252) con un nutrido programa de conferencias como \u0093Recomendaciones para el manejo de sistemas ganaderos en el NOA\u0094 (Ing. Agr. Oscar Melo. Asesor Privado), \u0093La importancia de la henificaci\u00f3n en el manejo de pasturas megat\u00e9rmicas\u0094 (Ing. Agr. Pablo Cattani. Asesor Privado), \u0093La gen\u00e9tica como herramienta para mejorar la productividad del rodeo y calidad de carne en la regi\u00f3n NOA\u0094 (Dr. Rodolfo Peralta. Foro Argentino de Gen\u00e9tica Bovina), \u0093Tecnolog\u00edas de manejo aplicadas a los sistemas de producci\u00f3n de bovinos para carne: \u00bfC\u00f3mo producir de manera eficiente m\u00e1s y mejor?\u0094 (Ing. Agr. Jorge Navarro. INTA EEA Salta) y \u0093Perspectivas [&hellip;]","og_url":"https:\/\/proagrolab.com.ar\/mas-ganaderia-en-el-noa-vuelven-los-seminarios-regionales-del-ipcva-a-la-ciudad-de-salta\/","og_site_name":"Proagro","article_publisher":"http:\/\/www.facebook.com\/proagrolab","article_published_time":"2014-03-19T00:00:01+00:00","og_image":[{"width":450,"height":208,"url":"https:\/\/proagrolab.com.ar\/wp-content\/uploads\/2015\/01\/g_x1qty34xz__IPCVA-en-Salta.jpg","type":"image\/jpeg"}],"author":"proagrolab","twitter_card":"summary_large_image","twitter_misc":{"Written by":"proagrolab","Est. reading time":"2 minutes"},"schema":{"@context":"https:\/\/schema.org","@graph":[{"@type":"Article","@id":"https:\/\/proagrolab.com.ar\/mas-ganaderia-en-el-noa-vuelven-los-seminarios-regionales-del-ipcva-a-la-ciudad-de-salta\/#article","isPartOf":{"@id":"https:\/\/proagrolab.com.ar\/mas-ganaderia-en-el-noa-vuelven-los-seminarios-regionales-del-ipcva-a-la-ciudad-de-salta\/"},"author":{"name":"proagrolab","@id":"https:\/\/proagrolab.com.ar\/#\/schema\/person\/38003ff90bf80381f71c7d922d207444"},"headline":"M\u00e1s ganader\u00eda en el NOA: vuelven los seminarios regionales del IPCVA a la ciudad de salta.","datePublished":"2014-03-19T00:00:01+00:00","mainEntityOfPage":{"@id":"https:\/\/proagrolab.com.ar\/mas-ganaderia-en-el-noa-vuelven-los-seminarios-regionales-del-ipcva-a-la-ciudad-de-salta\/"},"wordCount":354,"publisher":{"@id":"https:\/\/proagrolab.com.ar\/#organization"},"image":{"@id":"https:\/\/proagrolab.com.ar\/mas-ganaderia-en-el-noa-vuelven-los-seminarios-regionales-del-ipcva-a-la-ciudad-de-salta\/#primaryimage"},"thumbnailUrl":"https:\/\/proagrolab.com.ar\/wp-content\/uploads\/2015\/01\/g_x1qty34xz__IPCVA-en-Salta.jpg","articleSection":["News"],"inLanguage":"en-US"},{"@type":"WebPage","@id":"https:\/\/proagrolab.com.ar\/mas-ganaderia-en-el-noa-vuelven-los-seminarios-regionales-del-ipcva-a-la-ciudad-de-salta\/","url":"https:\/\/proagrolab.com.ar\/mas-ganaderia-en-el-noa-vuelven-los-seminarios-regionales-del-ipcva-a-la-ciudad-de-salta\/","name":"M\u00e1s ganader\u00eda en el NOA: vuelven los seminarios regionales del IPCVA a la ciudad de salta. | Proagro","isPartOf":{"@id":"https:\/\/proagrolab.com.ar\/#website"},"primaryImageOfPage":{"@id":"https:\/\/proagrolab.com.ar\/mas-ganaderia-en-el-noa-vuelven-los-seminarios-regionales-del-ipcva-a-la-ciudad-de-salta\/#primaryimage"},"image":{"@id":"https:\/\/proagrolab.com.ar\/mas-ganaderia-en-el-noa-vuelven-los-seminarios-regionales-del-ipcva-a-la-ciudad-de-salta\/#primaryimage"},"thumbnailUrl":"https:\/\/proagrolab.com.ar\/wp-content\/uploads\/2015\/01\/g_x1qty34xz__IPCVA-en-Salta.jpg","datePublished":"2014-03-19T00:00:01+00:00","breadcrumb":{"@id":"https:\/\/proagrolab.com.ar\/mas-ganaderia-en-el-noa-vuelven-los-seminarios-regionales-del-ipcva-a-la-ciudad-de-salta\/#breadcrumb"},"inLanguage":"en-US","potentialAction":[{"@type":"ReadAction","target":["https:\/\/proagrolab.com.ar\/mas-ganaderia-en-el-noa-vuelven-los-seminarios-regionales-del-ipcva-a-la-ciudad-de-salta\/"]}]},{"@type":"ImageObject","inLanguage":"en-US","@id":"https:\/\/proagrolab.com.ar\/mas-ganaderia-en-el-noa-vuelven-los-seminarios-regionales-del-ipcva-a-la-ciudad-de-salta\/#primaryimage","url":"https:\/\/proagrolab.com.ar\/wp-content\/uploads\/2015\/01\/g_x1qty34xz__IPCVA-en-Salta.jpg","contentUrl":"https:\/\/proagrolab.com.ar\/wp-content\/uploads\/2015\/01\/g_x1qty34xz__IPCVA-en-Salta.jpg","width":450,"height":208},{"@type":"BreadcrumbList","@id":"https:\/\/proagrolab.com.ar\/mas-ganaderia-en-el-noa-vuelven-los-seminarios-regionales-del-ipcva-a-la-ciudad-de-salta\/#breadcrumb","itemListElement":[{"@type":"ListItem","position":1,"name":"Portada","item":"https:\/\/proagrolab.com.ar\/"},{"@type":"ListItem","position":2,"name":"M\u00e1s ganader\u00eda en el NOA: vuelven los seminarios regionales del IPCVA a la ciudad de salta."}]},{"@type":"WebSite","@id":"https:\/\/proagrolab.com.ar\/#website","url":"https:\/\/proagrolab.com.ar\/","name":"Proagro Laboratorio Veterinario","description":"Veterinary laboratory","publisher":{"@id":"https:\/\/proagrolab.com.ar\/#organization"},"potentialAction":[{"@type":"SearchAction","target":{"@type":"EntryPoint","urlTemplate":"https:\/\/proagrolab.com.ar\/?s={search_term_string}"},"query-input":{"@type":"PropertyValueSpecification","valueRequired":true,"valueName":"search_term_string"}}],"inLanguage":"en-US"},{"@type":"Organization","@id":"https:\/\/proagrolab.com.ar\/#organization","name":"Proagro","url":"https:\/\/proagrolab.com.ar\/","logo":{"@type":"ImageObject","inLanguage":"en-US","@id":"https:\/\/proagrolab.com.ar\/#\/schema\/logo\/image\/","url":"https:\/\/proagrolab.com.ar\/wp-content\/uploads\/2020\/04\/logo-retina.png","contentUrl":"https:\/\/proagrolab.com.ar\/wp-content\/uploads\/2020\/04\/logo-retina.png","width":478,"height":120,"caption":"Proagro"},"image":{"@id":"https:\/\/proagrolab.com.ar\/#\/schema\/logo\/image\/"},"sameAs":["http:\/\/www.facebook.com\/proagrolab","https:\/\/www.instagram.com\/proagrolab\/","https:\/\/www.linkedin.com\/company\/laboratorio-proagro-s-a\/"]},{"@type":"Person","@id":"https:\/\/proagrolab.com.ar\/#\/schema\/person\/38003ff90bf80381f71c7d922d207444","name":"proagrolab"}]}},"_links":{"self":[{"href":"https:\/\/proagrolab.com.ar\/en\/wp-json\/wp\/v2\/posts\/531","targetHints":{"allow":["GET"]}}],"collection":[{"href":"https:\/\/proagrolab.com.ar\/en\/wp-json\/wp\/v2\/posts"}],"about":[{"href":"https:\/\/proagrolab.com.ar\/en\/wp-json\/wp\/v2\/types\/post"}],"author":[{"embeddable":true,"href":"https:\/\/proagrolab.com.ar\/en\/wp-json\/wp\/v2\/users\/2"}],"replies":[{"embeddable":true,"href":"https:\/\/proagrolab.com.ar\/en\/wp-json\/wp\/v2\/comments?post=531"}],"version-history":[{"count":0,"href":"https:\/\/proagrolab.com.ar\/en\/wp-json\/wp\/v2\/posts\/531\/revisions"}],"wp:featuredmedia":[{"embeddable":true,"href":"https:\/\/proagrolab.com.ar\/en\/wp-json\/wp\/v2\/media\/506"}],"wp:attachment":[{"href":"https:\/\/proagrolab.com.ar\/en\/wp-json\/wp\/v2\/media?parent=531"}],"wp:term":[{"taxonomy":"category","embeddable":true,"href":"https:\/\/proagrolab.com.ar\/en\/wp-json\/wp\/v2\/categories?post=531"},{"taxonomy":"post_tag","embeddable":true,"href":"https:\/\/proagrolab.com.ar\/en\/wp-json\/wp\/v2\/tags?post=531"}],"curies":[{"name":"wp","href":"https:\/\/api.w.org\/{rel}","templated":true}]}}