{"id":529,"date":"2014-03-10T00:00:01","date_gmt":"2014-03-10T00:00:01","guid":{"rendered":"https:\/\/proagrolab.com.ar\/12da-exposicion-nacional-braford-y-3ra-exposicion-nacional-del-ternero-braford\/"},"modified":"2014-03-10T00:00:01","modified_gmt":"2014-03-10T00:00:01","slug":"12da-exposicion-nacional-braford-y-3ra-exposicion-nacional-del-ternero-braford","status":"publish","type":"post","link":"https:\/\/proagrolab.com.ar\/en\/12da-exposicion-nacional-braford-y-3ra-exposicion-nacional-del-ternero-braford\/","title":{"rendered":"12da Exposici\u00f3n Nacional Braford y 3ra Exposici\u00f3n Nacional del Ternero Braford."},"content":{"rendered":"<p class=\"qtranxs-available-languages-message qtranxs-available-languages-message-en\"> <\/p><p>D\u00edas: del 29 de mayo al 1\u00ba de junio <br \/>Lugar: en las instalaciones de la Sociedad Rural de Corrientes, en Riachuelo.<\/p>\n<p>VENCIMIENTO SOLICITUD TURNO ADN: Viernes 7 de marzo, Lab. SRA<\/p>\n<p>CIERRE PRESENTACI\u00d3N DATOS PEGBRAF: Lunes 31 de marzo, 8:30 hs.<\/p>\n<p>CIERRE INSCRIPCI\u00d3N DEFINITIVA \u0096 SIN PR\u00d3RROGA: Lunes 28 de abril, 8:30 hs.<\/p>\n<p>FECHA L\u00cdMITE PARA TENER RESULTADO ADN 10: Martes 20 de mayo, 8:30 hs.<\/p>\n<p>INGRESO DE REPRODUCTORES: Domingo 25 al Martes 27 de mayo, desde 8 hs. hasta 18 hs.<\/p>\n<p>JURADOS DE ADMISI\u00d3N: Lunes 26 al Jueves 29 de mayo,&nbsp; desde 8 hs. hasta 12 hs.<\/p>\n<p>JURAS DE CLASIFICACI\u00d3N: Viernes 30&nbsp; (lotes) y s\u00e1bado 31 de mayo, desde 8.30 hs.<\/p>\n<p>VENTAS (Colombo y Magliano S.A.): Domingo 1 de junio, desde 14 hs.<\/p>\n<p>El reglamento general para estas exposiciones est\u00e1 disponible en la web de la Asociaci\u00f3n.<\/p>\n<p>M\u00e1s info:<br \/><a target=\"_blank\" title=\"\" href=\"http:\/\/www.braford.org.ar\/\">http:\/\/www.braford.org.ar\/<\/a><br \/><\/p>","protected":false},"excerpt":{"rendered":"<p>D\u00edas: del 29 de mayo al 1\u00ba de junio Lugar: en las instalaciones de la Sociedad Rural de Corrientes, en Riachuelo. VENCIMIENTO SOLICITUD TURNO ADN: Viernes 7 de marzo, Lab. SRA CIERRE PRESENTACI\u00d3N DATOS PEGBRAF: Lunes 31 de marzo, 8:30 hs. CIERRE INSCRIPCI\u00d3N DEFINITIVA \u0096 SIN PR\u00d3RROGA: Lunes 28 de abril, 8:30 hs. FECHA L\u00cdMITE PARA TENER RESULTADO ADN 10: Martes 20 de mayo, 8:30 hs. INGRESO DE REPRODUCTORES: Domingo 25 al Martes 27 de mayo, desde 8 hs. hasta 18 hs. JURADOS DE ADMISI\u00d3N: Lunes 26 al Jueves 29 de mayo,&nbsp; desde 8 hs. hasta 12 hs. JURAS DE CLASIFICACI\u00d3N: Viernes 30&nbsp; (lotes) y s\u00e1bado 31 de mayo, desde 8.30 hs. VENTAS (Colombo y Magliano S.A.): Domingo 1 de junio, desde 14 hs. El reglamento general para estas exposiciones est\u00e1 disponible en la web de la Asociaci\u00f3n. M\u00e1s info:http:\/\/www.braford.org.ar\/<\/p>\n","protected":false},"author":2,"featured_media":504,"comment_status":"closed","ping_status":"open","sticky":false,"template":"","format":"standard","meta":{"_acf_changed":false,"footnotes":""},"categories":[56],"tags":[],"class_list":["post-529","post","type-post","status-publish","format-standard","has-post-thumbnail","hentry","category-infoganadero"],"acf":[],"yoast_head":"<!-- This site is optimized with the Yoast SEO plugin v27.4 - https:\/\/yoast.com\/product\/yoast-seo-wordpress\/ -->\n<title>12da Exposici\u00f3n Nacional Braford y 3ra Exposici\u00f3n Nacional del Ternero Braford. | Proagro<\/title>\n<meta name=\"robots\" content=\"index, follow, max-snippet:-1, max-image-preview:large, max-video-preview:-1\" \/>\n<link rel=\"canonical\" href=\"https:\/\/proagrolab.com.ar\/en\/12da-exposicion-nacional-braford-y-3ra-exposicion-nacional-del-ternero-braford\/\" \/>\n<meta property=\"og:locale\" content=\"en_US\" \/>\n<meta property=\"og:type\" content=\"article\" \/>\n<meta property=\"og:title\" content=\"12da Exposici\u00f3n Nacional Braford y 3ra Exposici\u00f3n Nacional del Ternero Braford. | Proagro\" \/>\n<meta property=\"og:description\" content=\"D\u00edas: del 29 de mayo al 1\u00ba de junio Lugar: en las instalaciones de la Sociedad Rural de Corrientes, en Riachuelo. VENCIMIENTO SOLICITUD TURNO ADN: Viernes 7 de marzo, Lab. SRA CIERRE PRESENTACI\u00d3N DATOS PEGBRAF: Lunes 31 de marzo, 8:30 hs. CIERRE INSCRIPCI\u00d3N DEFINITIVA \u0096 SIN PR\u00d3RROGA: Lunes 28 de abril, 8:30 hs. FECHA L\u00cdMITE PARA TENER RESULTADO ADN 10: Martes 20 de mayo, 8:30 hs. INGRESO DE REPRODUCTORES: Domingo 25 al Martes 27 de mayo, desde 8 hs. hasta 18 hs. JURADOS DE ADMISI\u00d3N: Lunes 26 al Jueves 29 de mayo,&nbsp; desde 8 hs. hasta 12 hs. JURAS DE CLASIFICACI\u00d3N: Viernes 30&nbsp; (lotes) y s\u00e1bado 31 de mayo, desde 8.30 hs. VENTAS (Colombo y Magliano S.A.): Domingo 1 de junio, desde 14 hs. El reglamento general para estas exposiciones est\u00e1 disponible en la web de la Asociaci\u00f3n. M\u00e1s info:http:\/\/www.braford.org.ar\/\" \/>\n<meta property=\"og:url\" content=\"https:\/\/proagrolab.com.ar\/12da-exposicion-nacional-braford-y-3ra-exposicion-nacional-del-ternero-braford\/\" \/>\n<meta property=\"og:site_name\" content=\"Proagro\" \/>\n<meta property=\"article:publisher\" content=\"http:\/\/www.facebook.com\/proagrolab\" \/>\n<meta property=\"article:published_time\" content=\"2014-03-10T00:00:01+00:00\" \/>\n<meta property=\"og:image\" content=\"https:\/\/proagrolab.com.ar\/wp-content\/uploads\/2015\/01\/g_6n34vmeyf__Expo-Braford.jpg\" \/>\n\t<meta property=\"og:image:width\" content=\"450\" \/>\n\t<meta property=\"og:image:height\" content=\"208\" \/>\n\t<meta property=\"og:image:type\" content=\"image\/jpeg\" \/>\n<meta name=\"author\" content=\"proagrolab\" \/>\n<meta name=\"twitter:card\" content=\"summary_large_image\" \/>\n<meta name=\"twitter:label1\" content=\"Written by\" \/>\n\t<meta name=\"twitter:data1\" content=\"proagrolab\" \/>\n\t<meta name=\"twitter:label2\" content=\"Est. reading time\" \/>\n\t<meta name=\"twitter:data2\" content=\"1 minute\" \/>\n<script type=\"application\/ld+json\" class=\"yoast-schema-graph\">{\"@context\":\"https:\\\/\\\/schema.org\",\"@graph\":[{\"@type\":\"Article\",\"@id\":\"https:\\\/\\\/proagrolab.com.ar\\\/12da-exposicion-nacional-braford-y-3ra-exposicion-nacional-del-ternero-braford\\\/#article\",\"isPartOf\":{\"@id\":\"https:\\\/\\\/proagrolab.com.ar\\\/12da-exposicion-nacional-braford-y-3ra-exposicion-nacional-del-ternero-braford\\\/\"},\"author\":{\"name\":\"proagrolab\",\"@id\":\"https:\\\/\\\/proagrolab.com.ar\\\/#\\\/schema\\\/person\\\/38003ff90bf80381f71c7d922d207444\"},\"headline\":\"12da Exposici\u00f3n Nacional Braford y 3ra Exposici\u00f3n Nacional del Ternero Braford.\",\"datePublished\":\"2014-03-10T00:00:01+00:00\",\"mainEntityOfPage\":{\"@id\":\"https:\\\/\\\/proagrolab.com.ar\\\/12da-exposicion-nacional-braford-y-3ra-exposicion-nacional-del-ternero-braford\\\/\"},\"wordCount\":147,\"publisher\":{\"@id\":\"https:\\\/\\\/proagrolab.com.ar\\\/#organization\"},\"image\":{\"@id\":\"https:\\\/\\\/proagrolab.com.ar\\\/12da-exposicion-nacional-braford-y-3ra-exposicion-nacional-del-ternero-braford\\\/#primaryimage\"},\"thumbnailUrl\":\"https:\\\/\\\/proagrolab.com.ar\\\/wp-content\\\/uploads\\\/2015\\\/01\\\/g_6n34vmeyf__Expo-Braford.jpg\",\"articleSection\":[\"News\"],\"inLanguage\":\"en-US\"},{\"@type\":\"WebPage\",\"@id\":\"https:\\\/\\\/proagrolab.com.ar\\\/12da-exposicion-nacional-braford-y-3ra-exposicion-nacional-del-ternero-braford\\\/\",\"url\":\"https:\\\/\\\/proagrolab.com.ar\\\/12da-exposicion-nacional-braford-y-3ra-exposicion-nacional-del-ternero-braford\\\/\",\"name\":\"12da Exposici\u00f3n Nacional Braford y 3ra Exposici\u00f3n Nacional del Ternero Braford. | Proagro\",\"isPartOf\":{\"@id\":\"https:\\\/\\\/proagrolab.com.ar\\\/#website\"},\"primaryImageOfPage\":{\"@id\":\"https:\\\/\\\/proagrolab.com.ar\\\/12da-exposicion-nacional-braford-y-3ra-exposicion-nacional-del-ternero-braford\\\/#primaryimage\"},\"image\":{\"@id\":\"https:\\\/\\\/proagrolab.com.ar\\\/12da-exposicion-nacional-braford-y-3ra-exposicion-nacional-del-ternero-braford\\\/#primaryimage\"},\"thumbnailUrl\":\"https:\\\/\\\/proagrolab.com.ar\\\/wp-content\\\/uploads\\\/2015\\\/01\\\/g_6n34vmeyf__Expo-Braford.jpg\",\"datePublished\":\"2014-03-10T00:00:01+00:00\",\"breadcrumb\":{\"@id\":\"https:\\\/\\\/proagrolab.com.ar\\\/12da-exposicion-nacional-braford-y-3ra-exposicion-nacional-del-ternero-braford\\\/#breadcrumb\"},\"inLanguage\":\"en-US\",\"potentialAction\":[{\"@type\":\"ReadAction\",\"target\":[\"https:\\\/\\\/proagrolab.com.ar\\\/12da-exposicion-nacional-braford-y-3ra-exposicion-nacional-del-ternero-braford\\\/\"]}]},{\"@type\":\"ImageObject\",\"inLanguage\":\"en-US\",\"@id\":\"https:\\\/\\\/proagrolab.com.ar\\\/12da-exposicion-nacional-braford-y-3ra-exposicion-nacional-del-ternero-braford\\\/#primaryimage\",\"url\":\"https:\\\/\\\/proagrolab.com.ar\\\/wp-content\\\/uploads\\\/2015\\\/01\\\/g_6n34vmeyf__Expo-Braford.jpg\",\"contentUrl\":\"https:\\\/\\\/proagrolab.com.ar\\\/wp-content\\\/uploads\\\/2015\\\/01\\\/g_6n34vmeyf__Expo-Braford.jpg\",\"width\":450,\"height\":208},{\"@type\":\"BreadcrumbList\",\"@id\":\"https:\\\/\\\/proagrolab.com.ar\\\/12da-exposicion-nacional-braford-y-3ra-exposicion-nacional-del-ternero-braford\\\/#breadcrumb\",\"itemListElement\":[{\"@type\":\"ListItem\",\"position\":1,\"name\":\"Portada\",\"item\":\"https:\\\/\\\/proagrolab.com.ar\\\/\"},{\"@type\":\"ListItem\",\"position\":2,\"name\":\"12da Exposici\u00f3n Nacional Braford y 3ra Exposici\u00f3n Nacional del Ternero Braford.\"}]},{\"@type\":\"WebSite\",\"@id\":\"https:\\\/\\\/proagrolab.com.ar\\\/#website\",\"url\":\"https:\\\/\\\/proagrolab.com.ar\\\/\",\"name\":\"Proagro Laboratorio Veterinario\",\"description\":\"Veterinary laboratory\",\"publisher\":{\"@id\":\"https:\\\/\\\/proagrolab.com.ar\\\/#organization\"},\"potentialAction\":[{\"@type\":\"SearchAction\",\"target\":{\"@type\":\"EntryPoint\",\"urlTemplate\":\"https:\\\/\\\/proagrolab.com.ar\\\/?s={search_term_string}\"},\"query-input\":{\"@type\":\"PropertyValueSpecification\",\"valueRequired\":true,\"valueName\":\"search_term_string\"}}],\"inLanguage\":\"en-US\"},{\"@type\":\"Organization\",\"@id\":\"https:\\\/\\\/proagrolab.com.ar\\\/#organization\",\"name\":\"Proagro\",\"url\":\"https:\\\/\\\/proagrolab.com.ar\\\/\",\"logo\":{\"@type\":\"ImageObject\",\"inLanguage\":\"en-US\",\"@id\":\"https:\\\/\\\/proagrolab.com.ar\\\/#\\\/schema\\\/logo\\\/image\\\/\",\"url\":\"https:\\\/\\\/proagrolab.com.ar\\\/wp-content\\\/uploads\\\/2020\\\/04\\\/logo-retina.png\",\"contentUrl\":\"https:\\\/\\\/proagrolab.com.ar\\\/wp-content\\\/uploads\\\/2020\\\/04\\\/logo-retina.png\",\"width\":478,\"height\":120,\"caption\":\"Proagro\"},\"image\":{\"@id\":\"https:\\\/\\\/proagrolab.com.ar\\\/#\\\/schema\\\/logo\\\/image\\\/\"},\"sameAs\":[\"http:\\\/\\\/www.facebook.com\\\/proagrolab\",\"https:\\\/\\\/www.instagram.com\\\/proagrolab\\\/\",\"https:\\\/\\\/www.linkedin.com\\\/company\\\/laboratorio-proagro-s-a\\\/\"]},{\"@type\":\"Person\",\"@id\":\"https:\\\/\\\/proagrolab.com.ar\\\/#\\\/schema\\\/person\\\/38003ff90bf80381f71c7d922d207444\",\"name\":\"proagrolab\"}]}<\/script>\n<!-- \/ Yoast SEO plugin. -->","yoast_head_json":{"title":"12da Exposici\u00f3n Nacional Braford y 3ra Exposici\u00f3n Nacional del Ternero Braford. | Proagro","robots":{"index":"index","follow":"follow","max-snippet":"max-snippet:-1","max-image-preview":"max-image-preview:large","max-video-preview":"max-video-preview:-1"},"canonical":"https:\/\/proagrolab.com.ar\/en\/12da-exposicion-nacional-braford-y-3ra-exposicion-nacional-del-ternero-braford\/","og_locale":"en_US","og_type":"article","og_title":"12da Exposici\u00f3n Nacional Braford y 3ra Exposici\u00f3n Nacional del Ternero Braford. | Proagro","og_description":"D\u00edas: del 29 de mayo al 1\u00ba de junio Lugar: en las instalaciones de la Sociedad Rural de Corrientes, en Riachuelo. VENCIMIENTO SOLICITUD TURNO ADN: Viernes 7 de marzo, Lab. SRA CIERRE PRESENTACI\u00d3N DATOS PEGBRAF: Lunes 31 de marzo, 8:30 hs. CIERRE INSCRIPCI\u00d3N DEFINITIVA \u0096 SIN PR\u00d3RROGA: Lunes 28 de abril, 8:30 hs. FECHA L\u00cdMITE PARA TENER RESULTADO ADN 10: Martes 20 de mayo, 8:30 hs. INGRESO DE REPRODUCTORES: Domingo 25 al Martes 27 de mayo, desde 8 hs. hasta 18 hs. JURADOS DE ADMISI\u00d3N: Lunes 26 al Jueves 29 de mayo,&nbsp; desde 8 hs. hasta 12 hs. JURAS DE CLASIFICACI\u00d3N: Viernes 30&nbsp; (lotes) y s\u00e1bado 31 de mayo, desde 8.30 hs. VENTAS (Colombo y Magliano S.A.): Domingo 1 de junio, desde 14 hs. El reglamento general para estas exposiciones est\u00e1 disponible en la web de la Asociaci\u00f3n. M\u00e1s info:http:\/\/www.braford.org.ar\/","og_url":"https:\/\/proagrolab.com.ar\/12da-exposicion-nacional-braford-y-3ra-exposicion-nacional-del-ternero-braford\/","og_site_name":"Proagro","article_publisher":"http:\/\/www.facebook.com\/proagrolab","article_published_time":"2014-03-10T00:00:01+00:00","og_image":[{"width":450,"height":208,"url":"https:\/\/proagrolab.com.ar\/wp-content\/uploads\/2015\/01\/g_6n34vmeyf__Expo-Braford.jpg","type":"image\/jpeg"}],"author":"proagrolab","twitter_card":"summary_large_image","twitter_misc":{"Written by":"proagrolab","Est. reading time":"1 minute"},"schema":{"@context":"https:\/\/schema.org","@graph":[{"@type":"Article","@id":"https:\/\/proagrolab.com.ar\/12da-exposicion-nacional-braford-y-3ra-exposicion-nacional-del-ternero-braford\/#article","isPartOf":{"@id":"https:\/\/proagrolab.com.ar\/12da-exposicion-nacional-braford-y-3ra-exposicion-nacional-del-ternero-braford\/"},"author":{"name":"proagrolab","@id":"https:\/\/proagrolab.com.ar\/#\/schema\/person\/38003ff90bf80381f71c7d922d207444"},"headline":"12da Exposici\u00f3n Nacional Braford y 3ra Exposici\u00f3n Nacional del Ternero Braford.","datePublished":"2014-03-10T00:00:01+00:00","mainEntityOfPage":{"@id":"https:\/\/proagrolab.com.ar\/12da-exposicion-nacional-braford-y-3ra-exposicion-nacional-del-ternero-braford\/"},"wordCount":147,"publisher":{"@id":"https:\/\/proagrolab.com.ar\/#organization"},"image":{"@id":"https:\/\/proagrolab.com.ar\/12da-exposicion-nacional-braford-y-3ra-exposicion-nacional-del-ternero-braford\/#primaryimage"},"thumbnailUrl":"https:\/\/proagrolab.com.ar\/wp-content\/uploads\/2015\/01\/g_6n34vmeyf__Expo-Braford.jpg","articleSection":["News"],"inLanguage":"en-US"},{"@type":"WebPage","@id":"https:\/\/proagrolab.com.ar\/12da-exposicion-nacional-braford-y-3ra-exposicion-nacional-del-ternero-braford\/","url":"https:\/\/proagrolab.com.ar\/12da-exposicion-nacional-braford-y-3ra-exposicion-nacional-del-ternero-braford\/","name":"12da Exposici\u00f3n Nacional Braford y 3ra Exposici\u00f3n Nacional del Ternero Braford. | Proagro","isPartOf":{"@id":"https:\/\/proagrolab.com.ar\/#website"},"primaryImageOfPage":{"@id":"https:\/\/proagrolab.com.ar\/12da-exposicion-nacional-braford-y-3ra-exposicion-nacional-del-ternero-braford\/#primaryimage"},"image":{"@id":"https:\/\/proagrolab.com.ar\/12da-exposicion-nacional-braford-y-3ra-exposicion-nacional-del-ternero-braford\/#primaryimage"},"thumbnailUrl":"https:\/\/proagrolab.com.ar\/wp-content\/uploads\/2015\/01\/g_6n34vmeyf__Expo-Braford.jpg","datePublished":"2014-03-10T00:00:01+00:00","breadcrumb":{"@id":"https:\/\/proagrolab.com.ar\/12da-exposicion-nacional-braford-y-3ra-exposicion-nacional-del-ternero-braford\/#breadcrumb"},"inLanguage":"en-US","potentialAction":[{"@type":"ReadAction","target":["https:\/\/proagrolab.com.ar\/12da-exposicion-nacional-braford-y-3ra-exposicion-nacional-del-ternero-braford\/"]}]},{"@type":"ImageObject","inLanguage":"en-US","@id":"https:\/\/proagrolab.com.ar\/12da-exposicion-nacional-braford-y-3ra-exposicion-nacional-del-ternero-braford\/#primaryimage","url":"https:\/\/proagrolab.com.ar\/wp-content\/uploads\/2015\/01\/g_6n34vmeyf__Expo-Braford.jpg","contentUrl":"https:\/\/proagrolab.com.ar\/wp-content\/uploads\/2015\/01\/g_6n34vmeyf__Expo-Braford.jpg","width":450,"height":208},{"@type":"BreadcrumbList","@id":"https:\/\/proagrolab.com.ar\/12da-exposicion-nacional-braford-y-3ra-exposicion-nacional-del-ternero-braford\/#breadcrumb","itemListElement":[{"@type":"ListItem","position":1,"name":"Portada","item":"https:\/\/proagrolab.com.ar\/"},{"@type":"ListItem","position":2,"name":"12da Exposici\u00f3n Nacional Braford y 3ra Exposici\u00f3n Nacional del Ternero Braford."}]},{"@type":"WebSite","@id":"https:\/\/proagrolab.com.ar\/#website","url":"https:\/\/proagrolab.com.ar\/","name":"Proagro Laboratorio Veterinario","description":"Veterinary laboratory","publisher":{"@id":"https:\/\/proagrolab.com.ar\/#organization"},"potentialAction":[{"@type":"SearchAction","target":{"@type":"EntryPoint","urlTemplate":"https:\/\/proagrolab.com.ar\/?s={search_term_string}"},"query-input":{"@type":"PropertyValueSpecification","valueRequired":true,"valueName":"search_term_string"}}],"inLanguage":"en-US"},{"@type":"Organization","@id":"https:\/\/proagrolab.com.ar\/#organization","name":"Proagro","url":"https:\/\/proagrolab.com.ar\/","logo":{"@type":"ImageObject","inLanguage":"en-US","@id":"https:\/\/proagrolab.com.ar\/#\/schema\/logo\/image\/","url":"https:\/\/proagrolab.com.ar\/wp-content\/uploads\/2020\/04\/logo-retina.png","contentUrl":"https:\/\/proagrolab.com.ar\/wp-content\/uploads\/2020\/04\/logo-retina.png","width":478,"height":120,"caption":"Proagro"},"image":{"@id":"https:\/\/proagrolab.com.ar\/#\/schema\/logo\/image\/"},"sameAs":["http:\/\/www.facebook.com\/proagrolab","https:\/\/www.instagram.com\/proagrolab\/","https:\/\/www.linkedin.com\/company\/laboratorio-proagro-s-a\/"]},{"@type":"Person","@id":"https:\/\/proagrolab.com.ar\/#\/schema\/person\/38003ff90bf80381f71c7d922d207444","name":"proagrolab"}]}},"_links":{"self":[{"href":"https:\/\/proagrolab.com.ar\/en\/wp-json\/wp\/v2\/posts\/529","targetHints":{"allow":["GET"]}}],"collection":[{"href":"https:\/\/proagrolab.com.ar\/en\/wp-json\/wp\/v2\/posts"}],"about":[{"href":"https:\/\/proagrolab.com.ar\/en\/wp-json\/wp\/v2\/types\/post"}],"author":[{"embeddable":true,"href":"https:\/\/proagrolab.com.ar\/en\/wp-json\/wp\/v2\/users\/2"}],"replies":[{"embeddable":true,"href":"https:\/\/proagrolab.com.ar\/en\/wp-json\/wp\/v2\/comments?post=529"}],"version-history":[{"count":0,"href":"https:\/\/proagrolab.com.ar\/en\/wp-json\/wp\/v2\/posts\/529\/revisions"}],"wp:featuredmedia":[{"embeddable":true,"href":"https:\/\/proagrolab.com.ar\/en\/wp-json\/wp\/v2\/media\/504"}],"wp:attachment":[{"href":"https:\/\/proagrolab.com.ar\/en\/wp-json\/wp\/v2\/media?parent=529"}],"wp:term":[{"taxonomy":"category","embeddable":true,"href":"https:\/\/proagrolab.com.ar\/en\/wp-json\/wp\/v2\/categories?post=529"},{"taxonomy":"post_tag","embeddable":true,"href":"https:\/\/proagrolab.com.ar\/en\/wp-json\/wp\/v2\/tags?post=529"}],"curies":[{"name":"wp","href":"https:\/\/api.w.org\/{rel}","templated":true}]}}