{"id":456,"date":"2014-07-01T00:00:01","date_gmt":"2014-07-01T00:00:01","guid":{"rendered":"https:\/\/proagrolab.com.ar\/visita-del-presidente-de-la-bolsa-de-comercio-de-rosario\/"},"modified":"2020-06-18T18:25:17","modified_gmt":"2020-06-18T18:25:17","slug":"visita-del-presidente-de-la-bolsa-de-comercio-de-rosario","status":"publish","type":"post","link":"https:\/\/proagrolab.com.ar\/en\/visita-del-presidente-de-la-bolsa-de-comercio-de-rosario\/","title":{"rendered":"Visita del presidente de la Bolsa de Comercio de Rosario."},"content":{"rendered":"<p class=\"qtranxs-available-languages-message qtranxs-available-languages-message-en\"> <\/p><p>Recibimos la visita de una delegaci\u00f3n de autoridades de la Bolsa de Comercio de Rosario encabezada por su presidente el Sr. Ra\u00fal Meroi, seguido por el vicepresidente el Sr. Alberto Pado\u00e1n. Tambi\u00e9n estuvieron presentes en la visita el presidente de Rosgan el Sr. Eduardo Romagnoli y el Sr. Ra\u00fal Milano, director ejecutivo del mercado ganadero.<\/p>\n<p>El Dr. Angel Tirelli recibi\u00f3 a la comitiva de la Bolsa y los acompa\u00f1\u00f3 durante todo el&nbsp;&nbsp; recorrido por las distintas \u00e1reas que componen Proagro siendo los laboratorios adaptados a normas internacionales GMP (Good Manufacturing Practices, por sus siglas en ingl\u00e9s, \u00f3 Buenas Pr\u00e1cticas de Manufactura) la parte m\u00e1s interesante de la visita. Pudieron conocer los laboratorios de productos generales, el de betalact\u00e1micos, plaguicidas, comprimidos, polvos y hormonales.<\/p>\n<p>Al finalizar el recorrido pudieron compartir un caf\u00e9 en el cual el presidente de Proagro cont\u00f3 a sus invitados algunos de los proyectos que se est\u00e1n realizando como el constante registro de nuevos productos y los nuevos pa\u00edses a los cuales pronto estar\u00e1n llegando los productos Proagro.<\/p>\n<p><a target=\"_blank\" title=\"\" href=\"https:\/\/www.facebook.com\/media\/set\/?set=a.767157186662008.1073741863.195048137206252&amp;type=1\" rel=\"noopener noreferrer\">Para ver algunas fotos del evento click aqu\u00ed<\/a><br \/><\/p>","protected":false},"excerpt":{"rendered":"<p>Recibimos la visita de una delegaci\u00f3n de autoridades de la Bolsa de Comercio de Rosario encabezada por su presidente el Sr. Ra\u00fal Meroi, seguido por el vicepresidente el Sr. Alberto Pado\u00e1n. Tambi\u00e9n estuvieron presentes en la visita el presidente de Rosgan el Sr. Eduardo Romagnoli y el Sr. Ra\u00fal Milano, director ejecutivo del mercado ganadero. El Dr. Angel Tirelli recibi\u00f3 a la comitiva de la Bolsa y los acompa\u00f1\u00f3 durante todo el&nbsp;&nbsp; recorrido por las distintas \u00e1reas que componen Proagro siendo los laboratorios adaptados a normas internacionales GMP (Good Manufacturing Practices, por sus siglas en ingl\u00e9s, \u00f3 Buenas Pr\u00e1cticas de Manufactura) la parte m\u00e1s interesante de la visita. Pudieron conocer los laboratorios de productos generales, el de betalact\u00e1micos, plaguicidas, comprimidos, polvos y hormonales. Al finalizar el recorrido pudieron compartir un caf\u00e9 en el cual el presidente de Proagro cont\u00f3 a sus invitados algunos de los proyectos que se est\u00e1n realizando como el constante registro de nuevos productos y los nuevos pa\u00edses a los cuales pronto estar\u00e1n llegando los productos Proagro. Para ver algunas fotos del evento click aqu\u00ed<\/p>\n","protected":false},"author":2,"featured_media":301,"comment_status":"closed","ping_status":"open","sticky":false,"template":"","format":"standard","meta":{"_acf_changed":false,"footnotes":""},"categories":[477],"tags":[],"class_list":["post-456","post","type-post","status-publish","format-standard","has-post-thumbnail","hentry","category-institucionales"],"acf":[],"yoast_head":"<!-- This site is optimized with the Yoast SEO plugin v27.4 - https:\/\/yoast.com\/product\/yoast-seo-wordpress\/ -->\n<title>Visita del presidente de la Bolsa de Comercio de Rosario. | Proagro<\/title>\n<meta name=\"robots\" content=\"index, follow, max-snippet:-1, max-image-preview:large, max-video-preview:-1\" \/>\n<link rel=\"canonical\" href=\"https:\/\/proagrolab.com.ar\/en\/visita-del-presidente-de-la-bolsa-de-comercio-de-rosario\/\" \/>\n<meta property=\"og:locale\" content=\"en_US\" \/>\n<meta property=\"og:type\" content=\"article\" \/>\n<meta property=\"og:title\" content=\"Visita del presidente de la Bolsa de Comercio de Rosario. | Proagro\" \/>\n<meta property=\"og:description\" content=\"Recibimos la visita de una delegaci\u00f3n de autoridades de la Bolsa de Comercio de Rosario encabezada por su presidente el Sr. Ra\u00fal Meroi, seguido por el vicepresidente el Sr. Alberto Pado\u00e1n. Tambi\u00e9n estuvieron presentes en la visita el presidente de Rosgan el Sr. Eduardo Romagnoli y el Sr. Ra\u00fal Milano, director ejecutivo del mercado ganadero. El Dr. Angel Tirelli recibi\u00f3 a la comitiva de la Bolsa y los acompa\u00f1\u00f3 durante todo el&nbsp;&nbsp; recorrido por las distintas \u00e1reas que componen Proagro siendo los laboratorios adaptados a normas internacionales GMP (Good Manufacturing Practices, por sus siglas en ingl\u00e9s, \u00f3 Buenas Pr\u00e1cticas de Manufactura) la parte m\u00e1s interesante de la visita. Pudieron conocer los laboratorios de productos generales, el de betalact\u00e1micos, plaguicidas, comprimidos, polvos y hormonales. Al finalizar el recorrido pudieron compartir un caf\u00e9 en el cual el presidente de Proagro cont\u00f3 a sus invitados algunos de los proyectos que se est\u00e1n realizando como el constante registro de nuevos productos y los nuevos pa\u00edses a los cuales pronto estar\u00e1n llegando los productos Proagro. Para ver algunas fotos del evento click aqu\u00ed\" \/>\n<meta property=\"og:url\" content=\"https:\/\/proagrolab.com.ar\/visita-del-presidente-de-la-bolsa-de-comercio-de-rosario\/\" \/>\n<meta property=\"og:site_name\" content=\"Proagro\" \/>\n<meta property=\"article:publisher\" content=\"http:\/\/www.facebook.com\/proagrolab\" \/>\n<meta property=\"article:published_time\" content=\"2014-07-01T00:00:01+00:00\" \/>\n<meta property=\"article:modified_time\" content=\"2020-06-18T18:25:17+00:00\" \/>\n<meta property=\"og:image\" content=\"https:\/\/proagrolab.com.ar\/wp-content\/uploads\/2015\/01\/g_ydljdzhx1__es_bolsa_de_comercio_de_rosario.jpg\" \/>\n\t<meta property=\"og:image:width\" content=\"450\" \/>\n\t<meta property=\"og:image:height\" content=\"208\" \/>\n\t<meta property=\"og:image:type\" content=\"image\/jpeg\" \/>\n<meta name=\"author\" content=\"proagrolab\" \/>\n<meta name=\"twitter:card\" content=\"summary_large_image\" \/>\n<meta name=\"twitter:label1\" content=\"Written by\" \/>\n\t<meta name=\"twitter:data1\" content=\"proagrolab\" \/>\n\t<meta name=\"twitter:label2\" content=\"Est. reading time\" \/>\n\t<meta name=\"twitter:data2\" content=\"1 minute\" \/>\n<script type=\"application\/ld+json\" class=\"yoast-schema-graph\">{\"@context\":\"https:\\\/\\\/schema.org\",\"@graph\":[{\"@type\":\"Article\",\"@id\":\"https:\\\/\\\/proagrolab.com.ar\\\/visita-del-presidente-de-la-bolsa-de-comercio-de-rosario\\\/#article\",\"isPartOf\":{\"@id\":\"https:\\\/\\\/proagrolab.com.ar\\\/visita-del-presidente-de-la-bolsa-de-comercio-de-rosario\\\/\"},\"author\":{\"name\":\"proagrolab\",\"@id\":\"https:\\\/\\\/proagrolab.com.ar\\\/#\\\/schema\\\/person\\\/38003ff90bf80381f71c7d922d207444\"},\"headline\":\"Visita del presidente de la Bolsa de Comercio de Rosario.\",\"datePublished\":\"2014-07-01T00:00:01+00:00\",\"dateModified\":\"2020-06-18T18:25:17+00:00\",\"mainEntityOfPage\":{\"@id\":\"https:\\\/\\\/proagrolab.com.ar\\\/visita-del-presidente-de-la-bolsa-de-comercio-de-rosario\\\/\"},\"wordCount\":201,\"publisher\":{\"@id\":\"https:\\\/\\\/proagrolab.com.ar\\\/#organization\"},\"image\":{\"@id\":\"https:\\\/\\\/proagrolab.com.ar\\\/visita-del-presidente-de-la-bolsa-de-comercio-de-rosario\\\/#primaryimage\"},\"thumbnailUrl\":\"https:\\\/\\\/proagrolab.com.ar\\\/wp-content\\\/uploads\\\/2015\\\/01\\\/g_ydljdzhx1__es_bolsa_de_comercio_de_rosario.jpg\",\"articleSection\":[\"Institutions\"],\"inLanguage\":\"en-US\"},{\"@type\":\"WebPage\",\"@id\":\"https:\\\/\\\/proagrolab.com.ar\\\/visita-del-presidente-de-la-bolsa-de-comercio-de-rosario\\\/\",\"url\":\"https:\\\/\\\/proagrolab.com.ar\\\/visita-del-presidente-de-la-bolsa-de-comercio-de-rosario\\\/\",\"name\":\"Visita del presidente de la Bolsa de Comercio de Rosario. | Proagro\",\"isPartOf\":{\"@id\":\"https:\\\/\\\/proagrolab.com.ar\\\/#website\"},\"primaryImageOfPage\":{\"@id\":\"https:\\\/\\\/proagrolab.com.ar\\\/visita-del-presidente-de-la-bolsa-de-comercio-de-rosario\\\/#primaryimage\"},\"image\":{\"@id\":\"https:\\\/\\\/proagrolab.com.ar\\\/visita-del-presidente-de-la-bolsa-de-comercio-de-rosario\\\/#primaryimage\"},\"thumbnailUrl\":\"https:\\\/\\\/proagrolab.com.ar\\\/wp-content\\\/uploads\\\/2015\\\/01\\\/g_ydljdzhx1__es_bolsa_de_comercio_de_rosario.jpg\",\"datePublished\":\"2014-07-01T00:00:01+00:00\",\"dateModified\":\"2020-06-18T18:25:17+00:00\",\"breadcrumb\":{\"@id\":\"https:\\\/\\\/proagrolab.com.ar\\\/visita-del-presidente-de-la-bolsa-de-comercio-de-rosario\\\/#breadcrumb\"},\"inLanguage\":\"en-US\",\"potentialAction\":[{\"@type\":\"ReadAction\",\"target\":[\"https:\\\/\\\/proagrolab.com.ar\\\/visita-del-presidente-de-la-bolsa-de-comercio-de-rosario\\\/\"]}]},{\"@type\":\"ImageObject\",\"inLanguage\":\"en-US\",\"@id\":\"https:\\\/\\\/proagrolab.com.ar\\\/visita-del-presidente-de-la-bolsa-de-comercio-de-rosario\\\/#primaryimage\",\"url\":\"https:\\\/\\\/proagrolab.com.ar\\\/wp-content\\\/uploads\\\/2015\\\/01\\\/g_ydljdzhx1__es_bolsa_de_comercio_de_rosario.jpg\",\"contentUrl\":\"https:\\\/\\\/proagrolab.com.ar\\\/wp-content\\\/uploads\\\/2015\\\/01\\\/g_ydljdzhx1__es_bolsa_de_comercio_de_rosario.jpg\",\"width\":450,\"height\":208},{\"@type\":\"BreadcrumbList\",\"@id\":\"https:\\\/\\\/proagrolab.com.ar\\\/visita-del-presidente-de-la-bolsa-de-comercio-de-rosario\\\/#breadcrumb\",\"itemListElement\":[{\"@type\":\"ListItem\",\"position\":1,\"name\":\"Portada\",\"item\":\"https:\\\/\\\/proagrolab.com.ar\\\/\"},{\"@type\":\"ListItem\",\"position\":2,\"name\":\"Visita del presidente de la Bolsa de Comercio de Rosario.\"}]},{\"@type\":\"WebSite\",\"@id\":\"https:\\\/\\\/proagrolab.com.ar\\\/#website\",\"url\":\"https:\\\/\\\/proagrolab.com.ar\\\/\",\"name\":\"Proagro Laboratorio Veterinario\",\"description\":\"Veterinary laboratory\",\"publisher\":{\"@id\":\"https:\\\/\\\/proagrolab.com.ar\\\/#organization\"},\"potentialAction\":[{\"@type\":\"SearchAction\",\"target\":{\"@type\":\"EntryPoint\",\"urlTemplate\":\"https:\\\/\\\/proagrolab.com.ar\\\/?s={search_term_string}\"},\"query-input\":{\"@type\":\"PropertyValueSpecification\",\"valueRequired\":true,\"valueName\":\"search_term_string\"}}],\"inLanguage\":\"en-US\"},{\"@type\":\"Organization\",\"@id\":\"https:\\\/\\\/proagrolab.com.ar\\\/#organization\",\"name\":\"Proagro\",\"url\":\"https:\\\/\\\/proagrolab.com.ar\\\/\",\"logo\":{\"@type\":\"ImageObject\",\"inLanguage\":\"en-US\",\"@id\":\"https:\\\/\\\/proagrolab.com.ar\\\/#\\\/schema\\\/logo\\\/image\\\/\",\"url\":\"https:\\\/\\\/proagrolab.com.ar\\\/wp-content\\\/uploads\\\/2020\\\/04\\\/logo-retina.png\",\"contentUrl\":\"https:\\\/\\\/proagrolab.com.ar\\\/wp-content\\\/uploads\\\/2020\\\/04\\\/logo-retina.png\",\"width\":478,\"height\":120,\"caption\":\"Proagro\"},\"image\":{\"@id\":\"https:\\\/\\\/proagrolab.com.ar\\\/#\\\/schema\\\/logo\\\/image\\\/\"},\"sameAs\":[\"http:\\\/\\\/www.facebook.com\\\/proagrolab\",\"https:\\\/\\\/www.instagram.com\\\/proagrolab\\\/\",\"https:\\\/\\\/www.linkedin.com\\\/company\\\/laboratorio-proagro-s-a\\\/\"]},{\"@type\":\"Person\",\"@id\":\"https:\\\/\\\/proagrolab.com.ar\\\/#\\\/schema\\\/person\\\/38003ff90bf80381f71c7d922d207444\",\"name\":\"proagrolab\"}]}<\/script>\n<!-- \/ Yoast SEO plugin. -->","yoast_head_json":{"title":"Visita del presidente de la Bolsa de Comercio de Rosario. | Proagro","robots":{"index":"index","follow":"follow","max-snippet":"max-snippet:-1","max-image-preview":"max-image-preview:large","max-video-preview":"max-video-preview:-1"},"canonical":"https:\/\/proagrolab.com.ar\/en\/visita-del-presidente-de-la-bolsa-de-comercio-de-rosario\/","og_locale":"en_US","og_type":"article","og_title":"Visita del presidente de la Bolsa de Comercio de Rosario. | Proagro","og_description":"Recibimos la visita de una delegaci\u00f3n de autoridades de la Bolsa de Comercio de Rosario encabezada por su presidente el Sr. Ra\u00fal Meroi, seguido por el vicepresidente el Sr. Alberto Pado\u00e1n. Tambi\u00e9n estuvieron presentes en la visita el presidente de Rosgan el Sr. Eduardo Romagnoli y el Sr. Ra\u00fal Milano, director ejecutivo del mercado ganadero. El Dr. Angel Tirelli recibi\u00f3 a la comitiva de la Bolsa y los acompa\u00f1\u00f3 durante todo el&nbsp;&nbsp; recorrido por las distintas \u00e1reas que componen Proagro siendo los laboratorios adaptados a normas internacionales GMP (Good Manufacturing Practices, por sus siglas en ingl\u00e9s, \u00f3 Buenas Pr\u00e1cticas de Manufactura) la parte m\u00e1s interesante de la visita. Pudieron conocer los laboratorios de productos generales, el de betalact\u00e1micos, plaguicidas, comprimidos, polvos y hormonales. Al finalizar el recorrido pudieron compartir un caf\u00e9 en el cual el presidente de Proagro cont\u00f3 a sus invitados algunos de los proyectos que se est\u00e1n realizando como el constante registro de nuevos productos y los nuevos pa\u00edses a los cuales pronto estar\u00e1n llegando los productos Proagro. Para ver algunas fotos del evento click aqu\u00ed","og_url":"https:\/\/proagrolab.com.ar\/visita-del-presidente-de-la-bolsa-de-comercio-de-rosario\/","og_site_name":"Proagro","article_publisher":"http:\/\/www.facebook.com\/proagrolab","article_published_time":"2014-07-01T00:00:01+00:00","article_modified_time":"2020-06-18T18:25:17+00:00","og_image":[{"width":450,"height":208,"url":"https:\/\/proagrolab.com.ar\/wp-content\/uploads\/2015\/01\/g_ydljdzhx1__es_bolsa_de_comercio_de_rosario.jpg","type":"image\/jpeg"}],"author":"proagrolab","twitter_card":"summary_large_image","twitter_misc":{"Written by":"proagrolab","Est. reading time":"1 minute"},"schema":{"@context":"https:\/\/schema.org","@graph":[{"@type":"Article","@id":"https:\/\/proagrolab.com.ar\/visita-del-presidente-de-la-bolsa-de-comercio-de-rosario\/#article","isPartOf":{"@id":"https:\/\/proagrolab.com.ar\/visita-del-presidente-de-la-bolsa-de-comercio-de-rosario\/"},"author":{"name":"proagrolab","@id":"https:\/\/proagrolab.com.ar\/#\/schema\/person\/38003ff90bf80381f71c7d922d207444"},"headline":"Visita del presidente de la Bolsa de Comercio de Rosario.","datePublished":"2014-07-01T00:00:01+00:00","dateModified":"2020-06-18T18:25:17+00:00","mainEntityOfPage":{"@id":"https:\/\/proagrolab.com.ar\/visita-del-presidente-de-la-bolsa-de-comercio-de-rosario\/"},"wordCount":201,"publisher":{"@id":"https:\/\/proagrolab.com.ar\/#organization"},"image":{"@id":"https:\/\/proagrolab.com.ar\/visita-del-presidente-de-la-bolsa-de-comercio-de-rosario\/#primaryimage"},"thumbnailUrl":"https:\/\/proagrolab.com.ar\/wp-content\/uploads\/2015\/01\/g_ydljdzhx1__es_bolsa_de_comercio_de_rosario.jpg","articleSection":["Institutions"],"inLanguage":"en-US"},{"@type":"WebPage","@id":"https:\/\/proagrolab.com.ar\/visita-del-presidente-de-la-bolsa-de-comercio-de-rosario\/","url":"https:\/\/proagrolab.com.ar\/visita-del-presidente-de-la-bolsa-de-comercio-de-rosario\/","name":"Visita del presidente de la Bolsa de Comercio de Rosario. | Proagro","isPartOf":{"@id":"https:\/\/proagrolab.com.ar\/#website"},"primaryImageOfPage":{"@id":"https:\/\/proagrolab.com.ar\/visita-del-presidente-de-la-bolsa-de-comercio-de-rosario\/#primaryimage"},"image":{"@id":"https:\/\/proagrolab.com.ar\/visita-del-presidente-de-la-bolsa-de-comercio-de-rosario\/#primaryimage"},"thumbnailUrl":"https:\/\/proagrolab.com.ar\/wp-content\/uploads\/2015\/01\/g_ydljdzhx1__es_bolsa_de_comercio_de_rosario.jpg","datePublished":"2014-07-01T00:00:01+00:00","dateModified":"2020-06-18T18:25:17+00:00","breadcrumb":{"@id":"https:\/\/proagrolab.com.ar\/visita-del-presidente-de-la-bolsa-de-comercio-de-rosario\/#breadcrumb"},"inLanguage":"en-US","potentialAction":[{"@type":"ReadAction","target":["https:\/\/proagrolab.com.ar\/visita-del-presidente-de-la-bolsa-de-comercio-de-rosario\/"]}]},{"@type":"ImageObject","inLanguage":"en-US","@id":"https:\/\/proagrolab.com.ar\/visita-del-presidente-de-la-bolsa-de-comercio-de-rosario\/#primaryimage","url":"https:\/\/proagrolab.com.ar\/wp-content\/uploads\/2015\/01\/g_ydljdzhx1__es_bolsa_de_comercio_de_rosario.jpg","contentUrl":"https:\/\/proagrolab.com.ar\/wp-content\/uploads\/2015\/01\/g_ydljdzhx1__es_bolsa_de_comercio_de_rosario.jpg","width":450,"height":208},{"@type":"BreadcrumbList","@id":"https:\/\/proagrolab.com.ar\/visita-del-presidente-de-la-bolsa-de-comercio-de-rosario\/#breadcrumb","itemListElement":[{"@type":"ListItem","position":1,"name":"Portada","item":"https:\/\/proagrolab.com.ar\/"},{"@type":"ListItem","position":2,"name":"Visita del presidente de la Bolsa de Comercio de Rosario."}]},{"@type":"WebSite","@id":"https:\/\/proagrolab.com.ar\/#website","url":"https:\/\/proagrolab.com.ar\/","name":"Proagro Laboratorio Veterinario","description":"Veterinary laboratory","publisher":{"@id":"https:\/\/proagrolab.com.ar\/#organization"},"potentialAction":[{"@type":"SearchAction","target":{"@type":"EntryPoint","urlTemplate":"https:\/\/proagrolab.com.ar\/?s={search_term_string}"},"query-input":{"@type":"PropertyValueSpecification","valueRequired":true,"valueName":"search_term_string"}}],"inLanguage":"en-US"},{"@type":"Organization","@id":"https:\/\/proagrolab.com.ar\/#organization","name":"Proagro","url":"https:\/\/proagrolab.com.ar\/","logo":{"@type":"ImageObject","inLanguage":"en-US","@id":"https:\/\/proagrolab.com.ar\/#\/schema\/logo\/image\/","url":"https:\/\/proagrolab.com.ar\/wp-content\/uploads\/2020\/04\/logo-retina.png","contentUrl":"https:\/\/proagrolab.com.ar\/wp-content\/uploads\/2020\/04\/logo-retina.png","width":478,"height":120,"caption":"Proagro"},"image":{"@id":"https:\/\/proagrolab.com.ar\/#\/schema\/logo\/image\/"},"sameAs":["http:\/\/www.facebook.com\/proagrolab","https:\/\/www.instagram.com\/proagrolab\/","https:\/\/www.linkedin.com\/company\/laboratorio-proagro-s-a\/"]},{"@type":"Person","@id":"https:\/\/proagrolab.com.ar\/#\/schema\/person\/38003ff90bf80381f71c7d922d207444","name":"proagrolab"}]}},"_links":{"self":[{"href":"https:\/\/proagrolab.com.ar\/en\/wp-json\/wp\/v2\/posts\/456","targetHints":{"allow":["GET"]}}],"collection":[{"href":"https:\/\/proagrolab.com.ar\/en\/wp-json\/wp\/v2\/posts"}],"about":[{"href":"https:\/\/proagrolab.com.ar\/en\/wp-json\/wp\/v2\/types\/post"}],"author":[{"embeddable":true,"href":"https:\/\/proagrolab.com.ar\/en\/wp-json\/wp\/v2\/users\/2"}],"replies":[{"embeddable":true,"href":"https:\/\/proagrolab.com.ar\/en\/wp-json\/wp\/v2\/comments?post=456"}],"version-history":[{"count":1,"href":"https:\/\/proagrolab.com.ar\/en\/wp-json\/wp\/v2\/posts\/456\/revisions"}],"predecessor-version":[{"id":13400,"href":"https:\/\/proagrolab.com.ar\/en\/wp-json\/wp\/v2\/posts\/456\/revisions\/13400"}],"wp:featuredmedia":[{"embeddable":true,"href":"https:\/\/proagrolab.com.ar\/en\/wp-json\/wp\/v2\/media\/301"}],"wp:attachment":[{"href":"https:\/\/proagrolab.com.ar\/en\/wp-json\/wp\/v2\/media?parent=456"}],"wp:term":[{"taxonomy":"category","embeddable":true,"href":"https:\/\/proagrolab.com.ar\/en\/wp-json\/wp\/v2\/categories?post=456"},{"taxonomy":"post_tag","embeddable":true,"href":"https:\/\/proagrolab.com.ar\/en\/wp-json\/wp\/v2\/tags?post=456"}],"curies":[{"name":"wp","href":"https:\/\/api.w.org\/{rel}","templated":true}]}}