{"id":454,"date":"2014-05-01T00:00:01","date_gmt":"2014-05-01T00:00:01","guid":{"rendered":"https:\/\/proagrolab.com.ar\/proagro-presente-en-el-congreso-cra-2014\/"},"modified":"2020-06-18T18:26:12","modified_gmt":"2020-06-18T18:26:12","slug":"proagro-presente-en-el-congreso-cra-2014","status":"publish","type":"post","link":"https:\/\/proagrolab.com.ar\/en\/proagro-presente-en-el-congreso-cra-2014\/","title":{"rendered":"Proagro presente en el Congreso CRA 2014."},"content":{"rendered":"<p class=\"qtranxs-available-languages-message qtranxs-available-languages-message-en\"> <\/p><p>La lluvia no fue impedimento para que el Congreso de Confederaciones Rurales Argentinas comience con todo en la hermosa ciudad entrerriana de Gualeguaych\u00fa.<\/p>\n<p>Por la ma\u00f1ana, en el teatro de la ciudad, se realiz\u00f3 la presentaci\u00f3n a cargo de las autoridades de CRA y del intendente de la ciudad.<\/p>\n<p>Por la tarde, y bajo una intensa lluvia, comenz\u00f3 el ciclo de charlas donde m\u00e1s de 500 personas de todo el pa\u00eds dieron su presente.<\/p>\n<p>Tuvimos la oportunidad de hablar con directivos de Sociedades Rurales pertenecientes a CRA y atene\u00edstas de todo el pa\u00eds quienes se mostraron muy contentos por la participaci\u00f3n en el congreso y esperanzados en que el campo tiene un futuro brillante.<br \/><a target=\"_blank\" title=\"\" href=\"https:\/\/www.facebook.com\/media\/set\/?set=a.750673281643732.1073741860.195048137206252&amp;type=3\" rel=\"noopener noreferrer\"><br \/>Para ver algunas fotos del evento click aqu\u00ed<\/a><br \/><\/p>","protected":false},"excerpt":{"rendered":"<p>La lluvia no fue impedimento para que el Congreso de Confederaciones Rurales Argentinas comience con todo en la hermosa ciudad entrerriana de Gualeguaych\u00fa. Por la ma\u00f1ana, en el teatro de la ciudad, se realiz\u00f3 la presentaci\u00f3n a cargo de las autoridades de CRA y del intendente de la ciudad. Por la tarde, y bajo una intensa lluvia, comenz\u00f3 el ciclo de charlas donde m\u00e1s de 500 personas de todo el pa\u00eds dieron su presente. Tuvimos la oportunidad de hablar con directivos de Sociedades Rurales pertenecientes a CRA y atene\u00edstas de todo el pa\u00eds quienes se mostraron muy contentos por la participaci\u00f3n en el congreso y esperanzados en que el campo tiene un futuro brillante.Para ver algunas fotos del evento click aqu\u00ed<\/p>\n","protected":false},"author":2,"featured_media":299,"comment_status":"closed","ping_status":"open","sticky":false,"template":"","format":"standard","meta":{"_acf_changed":false,"footnotes":""},"categories":[477],"tags":[],"class_list":["post-454","post","type-post","status-publish","format-standard","has-post-thumbnail","hentry","category-institucionales"],"acf":[],"yoast_head":"<!-- This site is optimized with the Yoast SEO plugin v27.4 - https:\/\/yoast.com\/product\/yoast-seo-wordpress\/ -->\n<title>Proagro presente en el Congreso CRA 2014. | Proagro<\/title>\n<meta name=\"robots\" content=\"index, follow, max-snippet:-1, max-image-preview:large, max-video-preview:-1\" \/>\n<link rel=\"canonical\" href=\"https:\/\/proagrolab.com.ar\/en\/proagro-presente-en-el-congreso-cra-2014\/\" \/>\n<meta property=\"og:locale\" content=\"en_US\" \/>\n<meta property=\"og:type\" content=\"article\" \/>\n<meta property=\"og:title\" content=\"Proagro presente en el Congreso CRA 2014. | Proagro\" \/>\n<meta property=\"og:description\" content=\"La lluvia no fue impedimento para que el Congreso de Confederaciones Rurales Argentinas comience con todo en la hermosa ciudad entrerriana de Gualeguaych\u00fa. Por la ma\u00f1ana, en el teatro de la ciudad, se realiz\u00f3 la presentaci\u00f3n a cargo de las autoridades de CRA y del intendente de la ciudad. Por la tarde, y bajo una intensa lluvia, comenz\u00f3 el ciclo de charlas donde m\u00e1s de 500 personas de todo el pa\u00eds dieron su presente. Tuvimos la oportunidad de hablar con directivos de Sociedades Rurales pertenecientes a CRA y atene\u00edstas de todo el pa\u00eds quienes se mostraron muy contentos por la participaci\u00f3n en el congreso y esperanzados en que el campo tiene un futuro brillante.Para ver algunas fotos del evento click aqu\u00ed\" \/>\n<meta property=\"og:url\" content=\"https:\/\/proagrolab.com.ar\/proagro-presente-en-el-congreso-cra-2014\/\" \/>\n<meta property=\"og:site_name\" content=\"Proagro\" \/>\n<meta property=\"article:publisher\" content=\"http:\/\/www.facebook.com\/proagrolab\" \/>\n<meta property=\"article:published_time\" content=\"2014-05-01T00:00:01+00:00\" \/>\n<meta property=\"article:modified_time\" content=\"2020-06-18T18:26:12+00:00\" \/>\n<meta property=\"og:image\" content=\"https:\/\/proagrolab.com.ar\/wp-content\/uploads\/2015\/01\/g_4pwit9srs__es_cra.jpg\" \/>\n\t<meta property=\"og:image:width\" content=\"450\" \/>\n\t<meta property=\"og:image:height\" content=\"208\" \/>\n\t<meta property=\"og:image:type\" content=\"image\/jpeg\" \/>\n<meta name=\"author\" content=\"proagrolab\" \/>\n<meta name=\"twitter:card\" content=\"summary_large_image\" \/>\n<meta name=\"twitter:label1\" content=\"Written by\" \/>\n\t<meta name=\"twitter:data1\" content=\"proagrolab\" \/>\n\t<meta name=\"twitter:label2\" content=\"Est. reading time\" \/>\n\t<meta name=\"twitter:data2\" content=\"1 minute\" \/>\n<script type=\"application\/ld+json\" class=\"yoast-schema-graph\">{\"@context\":\"https:\\\/\\\/schema.org\",\"@graph\":[{\"@type\":\"Article\",\"@id\":\"https:\\\/\\\/proagrolab.com.ar\\\/proagro-presente-en-el-congreso-cra-2014\\\/#article\",\"isPartOf\":{\"@id\":\"https:\\\/\\\/proagrolab.com.ar\\\/proagro-presente-en-el-congreso-cra-2014\\\/\"},\"author\":{\"name\":\"proagrolab\",\"@id\":\"https:\\\/\\\/proagrolab.com.ar\\\/#\\\/schema\\\/person\\\/38003ff90bf80381f71c7d922d207444\"},\"headline\":\"Proagro presente en el Congreso CRA 2014.\",\"datePublished\":\"2014-05-01T00:00:01+00:00\",\"dateModified\":\"2020-06-18T18:26:12+00:00\",\"mainEntityOfPage\":{\"@id\":\"https:\\\/\\\/proagrolab.com.ar\\\/proagro-presente-en-el-congreso-cra-2014\\\/\"},\"wordCount\":134,\"publisher\":{\"@id\":\"https:\\\/\\\/proagrolab.com.ar\\\/#organization\"},\"image\":{\"@id\":\"https:\\\/\\\/proagrolab.com.ar\\\/proagro-presente-en-el-congreso-cra-2014\\\/#primaryimage\"},\"thumbnailUrl\":\"https:\\\/\\\/proagrolab.com.ar\\\/wp-content\\\/uploads\\\/2015\\\/01\\\/g_4pwit9srs__es_cra.jpg\",\"articleSection\":[\"Institutions\"],\"inLanguage\":\"en-US\"},{\"@type\":\"WebPage\",\"@id\":\"https:\\\/\\\/proagrolab.com.ar\\\/proagro-presente-en-el-congreso-cra-2014\\\/\",\"url\":\"https:\\\/\\\/proagrolab.com.ar\\\/proagro-presente-en-el-congreso-cra-2014\\\/\",\"name\":\"Proagro presente en el Congreso CRA 2014. | Proagro\",\"isPartOf\":{\"@id\":\"https:\\\/\\\/proagrolab.com.ar\\\/#website\"},\"primaryImageOfPage\":{\"@id\":\"https:\\\/\\\/proagrolab.com.ar\\\/proagro-presente-en-el-congreso-cra-2014\\\/#primaryimage\"},\"image\":{\"@id\":\"https:\\\/\\\/proagrolab.com.ar\\\/proagro-presente-en-el-congreso-cra-2014\\\/#primaryimage\"},\"thumbnailUrl\":\"https:\\\/\\\/proagrolab.com.ar\\\/wp-content\\\/uploads\\\/2015\\\/01\\\/g_4pwit9srs__es_cra.jpg\",\"datePublished\":\"2014-05-01T00:00:01+00:00\",\"dateModified\":\"2020-06-18T18:26:12+00:00\",\"breadcrumb\":{\"@id\":\"https:\\\/\\\/proagrolab.com.ar\\\/proagro-presente-en-el-congreso-cra-2014\\\/#breadcrumb\"},\"inLanguage\":\"en-US\",\"potentialAction\":[{\"@type\":\"ReadAction\",\"target\":[\"https:\\\/\\\/proagrolab.com.ar\\\/proagro-presente-en-el-congreso-cra-2014\\\/\"]}]},{\"@type\":\"ImageObject\",\"inLanguage\":\"en-US\",\"@id\":\"https:\\\/\\\/proagrolab.com.ar\\\/proagro-presente-en-el-congreso-cra-2014\\\/#primaryimage\",\"url\":\"https:\\\/\\\/proagrolab.com.ar\\\/wp-content\\\/uploads\\\/2015\\\/01\\\/g_4pwit9srs__es_cra.jpg\",\"contentUrl\":\"https:\\\/\\\/proagrolab.com.ar\\\/wp-content\\\/uploads\\\/2015\\\/01\\\/g_4pwit9srs__es_cra.jpg\",\"width\":450,\"height\":208},{\"@type\":\"BreadcrumbList\",\"@id\":\"https:\\\/\\\/proagrolab.com.ar\\\/proagro-presente-en-el-congreso-cra-2014\\\/#breadcrumb\",\"itemListElement\":[{\"@type\":\"ListItem\",\"position\":1,\"name\":\"Portada\",\"item\":\"https:\\\/\\\/proagrolab.com.ar\\\/\"},{\"@type\":\"ListItem\",\"position\":2,\"name\":\"Proagro presente en el Congreso CRA 2014.\"}]},{\"@type\":\"WebSite\",\"@id\":\"https:\\\/\\\/proagrolab.com.ar\\\/#website\",\"url\":\"https:\\\/\\\/proagrolab.com.ar\\\/\",\"name\":\"Proagro Laboratorio Veterinario\",\"description\":\"Veterinary laboratory\",\"publisher\":{\"@id\":\"https:\\\/\\\/proagrolab.com.ar\\\/#organization\"},\"potentialAction\":[{\"@type\":\"SearchAction\",\"target\":{\"@type\":\"EntryPoint\",\"urlTemplate\":\"https:\\\/\\\/proagrolab.com.ar\\\/?s={search_term_string}\"},\"query-input\":{\"@type\":\"PropertyValueSpecification\",\"valueRequired\":true,\"valueName\":\"search_term_string\"}}],\"inLanguage\":\"en-US\"},{\"@type\":\"Organization\",\"@id\":\"https:\\\/\\\/proagrolab.com.ar\\\/#organization\",\"name\":\"Proagro\",\"url\":\"https:\\\/\\\/proagrolab.com.ar\\\/\",\"logo\":{\"@type\":\"ImageObject\",\"inLanguage\":\"en-US\",\"@id\":\"https:\\\/\\\/proagrolab.com.ar\\\/#\\\/schema\\\/logo\\\/image\\\/\",\"url\":\"https:\\\/\\\/proagrolab.com.ar\\\/wp-content\\\/uploads\\\/2020\\\/04\\\/logo-retina.png\",\"contentUrl\":\"https:\\\/\\\/proagrolab.com.ar\\\/wp-content\\\/uploads\\\/2020\\\/04\\\/logo-retina.png\",\"width\":478,\"height\":120,\"caption\":\"Proagro\"},\"image\":{\"@id\":\"https:\\\/\\\/proagrolab.com.ar\\\/#\\\/schema\\\/logo\\\/image\\\/\"},\"sameAs\":[\"http:\\\/\\\/www.facebook.com\\\/proagrolab\",\"https:\\\/\\\/www.instagram.com\\\/proagrolab\\\/\",\"https:\\\/\\\/www.linkedin.com\\\/company\\\/laboratorio-proagro-s-a\\\/\"]},{\"@type\":\"Person\",\"@id\":\"https:\\\/\\\/proagrolab.com.ar\\\/#\\\/schema\\\/person\\\/38003ff90bf80381f71c7d922d207444\",\"name\":\"proagrolab\"}]}<\/script>\n<!-- \/ Yoast SEO plugin. -->","yoast_head_json":{"title":"Proagro presente en el Congreso CRA 2014. | Proagro","robots":{"index":"index","follow":"follow","max-snippet":"max-snippet:-1","max-image-preview":"max-image-preview:large","max-video-preview":"max-video-preview:-1"},"canonical":"https:\/\/proagrolab.com.ar\/en\/proagro-presente-en-el-congreso-cra-2014\/","og_locale":"en_US","og_type":"article","og_title":"Proagro presente en el Congreso CRA 2014. | Proagro","og_description":"La lluvia no fue impedimento para que el Congreso de Confederaciones Rurales Argentinas comience con todo en la hermosa ciudad entrerriana de Gualeguaych\u00fa. Por la ma\u00f1ana, en el teatro de la ciudad, se realiz\u00f3 la presentaci\u00f3n a cargo de las autoridades de CRA y del intendente de la ciudad. Por la tarde, y bajo una intensa lluvia, comenz\u00f3 el ciclo de charlas donde m\u00e1s de 500 personas de todo el pa\u00eds dieron su presente. Tuvimos la oportunidad de hablar con directivos de Sociedades Rurales pertenecientes a CRA y atene\u00edstas de todo el pa\u00eds quienes se mostraron muy contentos por la participaci\u00f3n en el congreso y esperanzados en que el campo tiene un futuro brillante.Para ver algunas fotos del evento click aqu\u00ed","og_url":"https:\/\/proagrolab.com.ar\/proagro-presente-en-el-congreso-cra-2014\/","og_site_name":"Proagro","article_publisher":"http:\/\/www.facebook.com\/proagrolab","article_published_time":"2014-05-01T00:00:01+00:00","article_modified_time":"2020-06-18T18:26:12+00:00","og_image":[{"width":450,"height":208,"url":"https:\/\/proagrolab.com.ar\/wp-content\/uploads\/2015\/01\/g_4pwit9srs__es_cra.jpg","type":"image\/jpeg"}],"author":"proagrolab","twitter_card":"summary_large_image","twitter_misc":{"Written by":"proagrolab","Est. reading time":"1 minute"},"schema":{"@context":"https:\/\/schema.org","@graph":[{"@type":"Article","@id":"https:\/\/proagrolab.com.ar\/proagro-presente-en-el-congreso-cra-2014\/#article","isPartOf":{"@id":"https:\/\/proagrolab.com.ar\/proagro-presente-en-el-congreso-cra-2014\/"},"author":{"name":"proagrolab","@id":"https:\/\/proagrolab.com.ar\/#\/schema\/person\/38003ff90bf80381f71c7d922d207444"},"headline":"Proagro presente en el Congreso CRA 2014.","datePublished":"2014-05-01T00:00:01+00:00","dateModified":"2020-06-18T18:26:12+00:00","mainEntityOfPage":{"@id":"https:\/\/proagrolab.com.ar\/proagro-presente-en-el-congreso-cra-2014\/"},"wordCount":134,"publisher":{"@id":"https:\/\/proagrolab.com.ar\/#organization"},"image":{"@id":"https:\/\/proagrolab.com.ar\/proagro-presente-en-el-congreso-cra-2014\/#primaryimage"},"thumbnailUrl":"https:\/\/proagrolab.com.ar\/wp-content\/uploads\/2015\/01\/g_4pwit9srs__es_cra.jpg","articleSection":["Institutions"],"inLanguage":"en-US"},{"@type":"WebPage","@id":"https:\/\/proagrolab.com.ar\/proagro-presente-en-el-congreso-cra-2014\/","url":"https:\/\/proagrolab.com.ar\/proagro-presente-en-el-congreso-cra-2014\/","name":"Proagro presente en el Congreso CRA 2014. | Proagro","isPartOf":{"@id":"https:\/\/proagrolab.com.ar\/#website"},"primaryImageOfPage":{"@id":"https:\/\/proagrolab.com.ar\/proagro-presente-en-el-congreso-cra-2014\/#primaryimage"},"image":{"@id":"https:\/\/proagrolab.com.ar\/proagro-presente-en-el-congreso-cra-2014\/#primaryimage"},"thumbnailUrl":"https:\/\/proagrolab.com.ar\/wp-content\/uploads\/2015\/01\/g_4pwit9srs__es_cra.jpg","datePublished":"2014-05-01T00:00:01+00:00","dateModified":"2020-06-18T18:26:12+00:00","breadcrumb":{"@id":"https:\/\/proagrolab.com.ar\/proagro-presente-en-el-congreso-cra-2014\/#breadcrumb"},"inLanguage":"en-US","potentialAction":[{"@type":"ReadAction","target":["https:\/\/proagrolab.com.ar\/proagro-presente-en-el-congreso-cra-2014\/"]}]},{"@type":"ImageObject","inLanguage":"en-US","@id":"https:\/\/proagrolab.com.ar\/proagro-presente-en-el-congreso-cra-2014\/#primaryimage","url":"https:\/\/proagrolab.com.ar\/wp-content\/uploads\/2015\/01\/g_4pwit9srs__es_cra.jpg","contentUrl":"https:\/\/proagrolab.com.ar\/wp-content\/uploads\/2015\/01\/g_4pwit9srs__es_cra.jpg","width":450,"height":208},{"@type":"BreadcrumbList","@id":"https:\/\/proagrolab.com.ar\/proagro-presente-en-el-congreso-cra-2014\/#breadcrumb","itemListElement":[{"@type":"ListItem","position":1,"name":"Portada","item":"https:\/\/proagrolab.com.ar\/"},{"@type":"ListItem","position":2,"name":"Proagro presente en el Congreso CRA 2014."}]},{"@type":"WebSite","@id":"https:\/\/proagrolab.com.ar\/#website","url":"https:\/\/proagrolab.com.ar\/","name":"Proagro Laboratorio Veterinario","description":"Veterinary laboratory","publisher":{"@id":"https:\/\/proagrolab.com.ar\/#organization"},"potentialAction":[{"@type":"SearchAction","target":{"@type":"EntryPoint","urlTemplate":"https:\/\/proagrolab.com.ar\/?s={search_term_string}"},"query-input":{"@type":"PropertyValueSpecification","valueRequired":true,"valueName":"search_term_string"}}],"inLanguage":"en-US"},{"@type":"Organization","@id":"https:\/\/proagrolab.com.ar\/#organization","name":"Proagro","url":"https:\/\/proagrolab.com.ar\/","logo":{"@type":"ImageObject","inLanguage":"en-US","@id":"https:\/\/proagrolab.com.ar\/#\/schema\/logo\/image\/","url":"https:\/\/proagrolab.com.ar\/wp-content\/uploads\/2020\/04\/logo-retina.png","contentUrl":"https:\/\/proagrolab.com.ar\/wp-content\/uploads\/2020\/04\/logo-retina.png","width":478,"height":120,"caption":"Proagro"},"image":{"@id":"https:\/\/proagrolab.com.ar\/#\/schema\/logo\/image\/"},"sameAs":["http:\/\/www.facebook.com\/proagrolab","https:\/\/www.instagram.com\/proagrolab\/","https:\/\/www.linkedin.com\/company\/laboratorio-proagro-s-a\/"]},{"@type":"Person","@id":"https:\/\/proagrolab.com.ar\/#\/schema\/person\/38003ff90bf80381f71c7d922d207444","name":"proagrolab"}]}},"_links":{"self":[{"href":"https:\/\/proagrolab.com.ar\/en\/wp-json\/wp\/v2\/posts\/454","targetHints":{"allow":["GET"]}}],"collection":[{"href":"https:\/\/proagrolab.com.ar\/en\/wp-json\/wp\/v2\/posts"}],"about":[{"href":"https:\/\/proagrolab.com.ar\/en\/wp-json\/wp\/v2\/types\/post"}],"author":[{"embeddable":true,"href":"https:\/\/proagrolab.com.ar\/en\/wp-json\/wp\/v2\/users\/2"}],"replies":[{"embeddable":true,"href":"https:\/\/proagrolab.com.ar\/en\/wp-json\/wp\/v2\/comments?post=454"}],"version-history":[{"count":1,"href":"https:\/\/proagrolab.com.ar\/en\/wp-json\/wp\/v2\/posts\/454\/revisions"}],"predecessor-version":[{"id":13404,"href":"https:\/\/proagrolab.com.ar\/en\/wp-json\/wp\/v2\/posts\/454\/revisions\/13404"}],"wp:featuredmedia":[{"embeddable":true,"href":"https:\/\/proagrolab.com.ar\/en\/wp-json\/wp\/v2\/media\/299"}],"wp:attachment":[{"href":"https:\/\/proagrolab.com.ar\/en\/wp-json\/wp\/v2\/media?parent=454"}],"wp:term":[{"taxonomy":"category","embeddable":true,"href":"https:\/\/proagrolab.com.ar\/en\/wp-json\/wp\/v2\/categories?post=454"},{"taxonomy":"post_tag","embeddable":true,"href":"https:\/\/proagrolab.com.ar\/en\/wp-json\/wp\/v2\/tags?post=454"}],"curies":[{"name":"wp","href":"https:\/\/api.w.org\/{rel}","templated":true}]}}