{"id":453,"date":"2014-06-01T00:00:01","date_gmt":"2014-06-01T00:00:01","guid":{"rendered":"https:\/\/proagrolab.com.ar\/visita-del-diputado-nacional-miguel-del-sel-a-proagro\/"},"modified":"2020-06-18T18:26:02","modified_gmt":"2020-06-18T18:26:02","slug":"visita-del-diputado-nacional-miguel-del-sel-a-proagro","status":"publish","type":"post","link":"https:\/\/proagrolab.com.ar\/en\/visita-del-diputado-nacional-miguel-del-sel-a-proagro\/","title":{"rendered":"Visita del Diputado Nacional Miguel del Sel a Proagro."},"content":{"rendered":"<p class=\"qtranxs-available-languages-message qtranxs-available-languages-message-en\"> <\/p><p>Recibimos la visita del Diputado Nacional por la provincia de Santa Fe Miguel del Sel, quien estuvo recorriendo y conociendo nuestra empresa.<br \/>Es habitual que realice este tipo de visitas a empresas de nuestra provincia con la intenci\u00f3n de conocer m\u00e1s en detalle el d\u00eda a d\u00eda de cada una.<br \/>El Dr. Angel Tirelli, presidente de Proagro, acompa\u00f1\u00f3 durante toda la visita al Sr. Miguel del Sel quien realiz\u00f3 un recorrido por las distintas \u00e1reas que componen la empresa siendo los laboratorios adaptados a normas internacionales GMP la parte m\u00e1s interesante de la visita. Pudo conocer los laboratorios de productos generales, el de betalact\u00e1micos, plaguicidas, comprimidos, polvos y hormonales.<\/p>\n<p><a target=\"_blank\" title=\"\" href=\"https:\/\/www.facebook.com\/media\/set\/?set=a.759559797421747.1073741862.195048137206252&amp;type=1\" rel=\"noopener noreferrer\">A continuaci\u00f3n algunas fotos de la visita, click aqu\u00ed<\/a><\/p>\n<p><\/p>","protected":false},"excerpt":{"rendered":"<p>Recibimos la visita del Diputado Nacional por la provincia de Santa Fe Miguel del Sel, quien estuvo recorriendo y conociendo nuestra empresa.Es habitual que realice este tipo de visitas a empresas de nuestra provincia con la intenci\u00f3n de conocer m\u00e1s en detalle el d\u00eda a d\u00eda de cada una.El Dr. Angel Tirelli, presidente de Proagro, acompa\u00f1\u00f3 durante toda la visita al Sr. Miguel del Sel quien realiz\u00f3 un recorrido por las distintas \u00e1reas que componen la empresa siendo los laboratorios adaptados a normas internacionales GMP la parte m\u00e1s interesante de la visita. Pudo conocer los laboratorios de productos generales, el de betalact\u00e1micos, plaguicidas, comprimidos, polvos y hormonales. A continuaci\u00f3n algunas fotos de la visita, click aqu\u00ed<\/p>\n","protected":false},"author":2,"featured_media":298,"comment_status":"closed","ping_status":"open","sticky":false,"template":"","format":"standard","meta":{"_acf_changed":false,"footnotes":""},"categories":[477],"tags":[],"class_list":["post-453","post","type-post","status-publish","format-standard","has-post-thumbnail","hentry","category-institucionales"],"acf":[],"yoast_head":"<!-- This site is optimized with the Yoast SEO plugin v27.4 - https:\/\/yoast.com\/product\/yoast-seo-wordpress\/ -->\n<title>Visita del Diputado Nacional Miguel del Sel a Proagro. | Proagro<\/title>\n<meta name=\"robots\" content=\"index, follow, max-snippet:-1, max-image-preview:large, max-video-preview:-1\" \/>\n<link rel=\"canonical\" href=\"https:\/\/proagrolab.com.ar\/en\/visita-del-diputado-nacional-miguel-del-sel-a-proagro\/\" \/>\n<meta property=\"og:locale\" content=\"en_US\" \/>\n<meta property=\"og:type\" content=\"article\" \/>\n<meta property=\"og:title\" content=\"Visita del Diputado Nacional Miguel del Sel a Proagro. | Proagro\" \/>\n<meta property=\"og:description\" content=\"Recibimos la visita del Diputado Nacional por la provincia de Santa Fe Miguel del Sel, quien estuvo recorriendo y conociendo nuestra empresa.Es habitual que realice este tipo de visitas a empresas de nuestra provincia con la intenci\u00f3n de conocer m\u00e1s en detalle el d\u00eda a d\u00eda de cada una.El Dr. Angel Tirelli, presidente de Proagro, acompa\u00f1\u00f3 durante toda la visita al Sr. Miguel del Sel quien realiz\u00f3 un recorrido por las distintas \u00e1reas que componen la empresa siendo los laboratorios adaptados a normas internacionales GMP la parte m\u00e1s interesante de la visita. Pudo conocer los laboratorios de productos generales, el de betalact\u00e1micos, plaguicidas, comprimidos, polvos y hormonales. A continuaci\u00f3n algunas fotos de la visita, click aqu\u00ed\" \/>\n<meta property=\"og:url\" content=\"https:\/\/proagrolab.com.ar\/visita-del-diputado-nacional-miguel-del-sel-a-proagro\/\" \/>\n<meta property=\"og:site_name\" content=\"Proagro\" \/>\n<meta property=\"article:publisher\" content=\"http:\/\/www.facebook.com\/proagrolab\" \/>\n<meta property=\"article:published_time\" content=\"2014-06-01T00:00:01+00:00\" \/>\n<meta property=\"article:modified_time\" content=\"2020-06-18T18:26:02+00:00\" \/>\n<meta property=\"og:image\" content=\"https:\/\/proagrolab.com.ar\/wp-content\/uploads\/2015\/01\/g_zao5pyteq__es_miguel-del-sel.jpg\" \/>\n\t<meta property=\"og:image:width\" content=\"450\" \/>\n\t<meta property=\"og:image:height\" content=\"208\" \/>\n\t<meta property=\"og:image:type\" content=\"image\/jpeg\" \/>\n<meta name=\"author\" content=\"proagrolab\" \/>\n<meta name=\"twitter:card\" content=\"summary_large_image\" \/>\n<meta name=\"twitter:label1\" content=\"Written by\" \/>\n\t<meta name=\"twitter:data1\" content=\"proagrolab\" \/>\n\t<meta name=\"twitter:label2\" content=\"Est. reading time\" \/>\n\t<meta name=\"twitter:data2\" content=\"1 minute\" \/>\n<script type=\"application\/ld+json\" class=\"yoast-schema-graph\">{\"@context\":\"https:\\\/\\\/schema.org\",\"@graph\":[{\"@type\":\"Article\",\"@id\":\"https:\\\/\\\/proagrolab.com.ar\\\/visita-del-diputado-nacional-miguel-del-sel-a-proagro\\\/#article\",\"isPartOf\":{\"@id\":\"https:\\\/\\\/proagrolab.com.ar\\\/visita-del-diputado-nacional-miguel-del-sel-a-proagro\\\/\"},\"author\":{\"name\":\"proagrolab\",\"@id\":\"https:\\\/\\\/proagrolab.com.ar\\\/#\\\/schema\\\/person\\\/38003ff90bf80381f71c7d922d207444\"},\"headline\":\"Visita del Diputado Nacional Miguel del Sel a Proagro.\",\"datePublished\":\"2014-06-01T00:00:01+00:00\",\"dateModified\":\"2020-06-18T18:26:02+00:00\",\"mainEntityOfPage\":{\"@id\":\"https:\\\/\\\/proagrolab.com.ar\\\/visita-del-diputado-nacional-miguel-del-sel-a-proagro\\\/\"},\"wordCount\":134,\"publisher\":{\"@id\":\"https:\\\/\\\/proagrolab.com.ar\\\/#organization\"},\"image\":{\"@id\":\"https:\\\/\\\/proagrolab.com.ar\\\/visita-del-diputado-nacional-miguel-del-sel-a-proagro\\\/#primaryimage\"},\"thumbnailUrl\":\"https:\\\/\\\/proagrolab.com.ar\\\/wp-content\\\/uploads\\\/2015\\\/01\\\/g_zao5pyteq__es_miguel-del-sel.jpg\",\"articleSection\":[\"Institutions\"],\"inLanguage\":\"en-US\"},{\"@type\":\"WebPage\",\"@id\":\"https:\\\/\\\/proagrolab.com.ar\\\/visita-del-diputado-nacional-miguel-del-sel-a-proagro\\\/\",\"url\":\"https:\\\/\\\/proagrolab.com.ar\\\/visita-del-diputado-nacional-miguel-del-sel-a-proagro\\\/\",\"name\":\"Visita del Diputado Nacional Miguel del Sel a Proagro. | Proagro\",\"isPartOf\":{\"@id\":\"https:\\\/\\\/proagrolab.com.ar\\\/#website\"},\"primaryImageOfPage\":{\"@id\":\"https:\\\/\\\/proagrolab.com.ar\\\/visita-del-diputado-nacional-miguel-del-sel-a-proagro\\\/#primaryimage\"},\"image\":{\"@id\":\"https:\\\/\\\/proagrolab.com.ar\\\/visita-del-diputado-nacional-miguel-del-sel-a-proagro\\\/#primaryimage\"},\"thumbnailUrl\":\"https:\\\/\\\/proagrolab.com.ar\\\/wp-content\\\/uploads\\\/2015\\\/01\\\/g_zao5pyteq__es_miguel-del-sel.jpg\",\"datePublished\":\"2014-06-01T00:00:01+00:00\",\"dateModified\":\"2020-06-18T18:26:02+00:00\",\"breadcrumb\":{\"@id\":\"https:\\\/\\\/proagrolab.com.ar\\\/visita-del-diputado-nacional-miguel-del-sel-a-proagro\\\/#breadcrumb\"},\"inLanguage\":\"en-US\",\"potentialAction\":[{\"@type\":\"ReadAction\",\"target\":[\"https:\\\/\\\/proagrolab.com.ar\\\/visita-del-diputado-nacional-miguel-del-sel-a-proagro\\\/\"]}]},{\"@type\":\"ImageObject\",\"inLanguage\":\"en-US\",\"@id\":\"https:\\\/\\\/proagrolab.com.ar\\\/visita-del-diputado-nacional-miguel-del-sel-a-proagro\\\/#primaryimage\",\"url\":\"https:\\\/\\\/proagrolab.com.ar\\\/wp-content\\\/uploads\\\/2015\\\/01\\\/g_zao5pyteq__es_miguel-del-sel.jpg\",\"contentUrl\":\"https:\\\/\\\/proagrolab.com.ar\\\/wp-content\\\/uploads\\\/2015\\\/01\\\/g_zao5pyteq__es_miguel-del-sel.jpg\",\"width\":450,\"height\":208},{\"@type\":\"BreadcrumbList\",\"@id\":\"https:\\\/\\\/proagrolab.com.ar\\\/visita-del-diputado-nacional-miguel-del-sel-a-proagro\\\/#breadcrumb\",\"itemListElement\":[{\"@type\":\"ListItem\",\"position\":1,\"name\":\"Portada\",\"item\":\"https:\\\/\\\/proagrolab.com.ar\\\/\"},{\"@type\":\"ListItem\",\"position\":2,\"name\":\"Visita del Diputado Nacional Miguel del Sel a Proagro.\"}]},{\"@type\":\"WebSite\",\"@id\":\"https:\\\/\\\/proagrolab.com.ar\\\/#website\",\"url\":\"https:\\\/\\\/proagrolab.com.ar\\\/\",\"name\":\"Proagro Laboratorio Veterinario\",\"description\":\"Veterinary laboratory\",\"publisher\":{\"@id\":\"https:\\\/\\\/proagrolab.com.ar\\\/#organization\"},\"potentialAction\":[{\"@type\":\"SearchAction\",\"target\":{\"@type\":\"EntryPoint\",\"urlTemplate\":\"https:\\\/\\\/proagrolab.com.ar\\\/?s={search_term_string}\"},\"query-input\":{\"@type\":\"PropertyValueSpecification\",\"valueRequired\":true,\"valueName\":\"search_term_string\"}}],\"inLanguage\":\"en-US\"},{\"@type\":\"Organization\",\"@id\":\"https:\\\/\\\/proagrolab.com.ar\\\/#organization\",\"name\":\"Proagro\",\"url\":\"https:\\\/\\\/proagrolab.com.ar\\\/\",\"logo\":{\"@type\":\"ImageObject\",\"inLanguage\":\"en-US\",\"@id\":\"https:\\\/\\\/proagrolab.com.ar\\\/#\\\/schema\\\/logo\\\/image\\\/\",\"url\":\"https:\\\/\\\/proagrolab.com.ar\\\/wp-content\\\/uploads\\\/2020\\\/04\\\/logo-retina.png\",\"contentUrl\":\"https:\\\/\\\/proagrolab.com.ar\\\/wp-content\\\/uploads\\\/2020\\\/04\\\/logo-retina.png\",\"width\":478,\"height\":120,\"caption\":\"Proagro\"},\"image\":{\"@id\":\"https:\\\/\\\/proagrolab.com.ar\\\/#\\\/schema\\\/logo\\\/image\\\/\"},\"sameAs\":[\"http:\\\/\\\/www.facebook.com\\\/proagrolab\",\"https:\\\/\\\/www.instagram.com\\\/proagrolab\\\/\",\"https:\\\/\\\/www.linkedin.com\\\/company\\\/laboratorio-proagro-s-a\\\/\"]},{\"@type\":\"Person\",\"@id\":\"https:\\\/\\\/proagrolab.com.ar\\\/#\\\/schema\\\/person\\\/38003ff90bf80381f71c7d922d207444\",\"name\":\"proagrolab\"}]}<\/script>\n<!-- \/ Yoast SEO plugin. -->","yoast_head_json":{"title":"Visita del Diputado Nacional Miguel del Sel a Proagro. | Proagro","robots":{"index":"index","follow":"follow","max-snippet":"max-snippet:-1","max-image-preview":"max-image-preview:large","max-video-preview":"max-video-preview:-1"},"canonical":"https:\/\/proagrolab.com.ar\/en\/visita-del-diputado-nacional-miguel-del-sel-a-proagro\/","og_locale":"en_US","og_type":"article","og_title":"Visita del Diputado Nacional Miguel del Sel a Proagro. | Proagro","og_description":"Recibimos la visita del Diputado Nacional por la provincia de Santa Fe Miguel del Sel, quien estuvo recorriendo y conociendo nuestra empresa.Es habitual que realice este tipo de visitas a empresas de nuestra provincia con la intenci\u00f3n de conocer m\u00e1s en detalle el d\u00eda a d\u00eda de cada una.El Dr. Angel Tirelli, presidente de Proagro, acompa\u00f1\u00f3 durante toda la visita al Sr. Miguel del Sel quien realiz\u00f3 un recorrido por las distintas \u00e1reas que componen la empresa siendo los laboratorios adaptados a normas internacionales GMP la parte m\u00e1s interesante de la visita. Pudo conocer los laboratorios de productos generales, el de betalact\u00e1micos, plaguicidas, comprimidos, polvos y hormonales. A continuaci\u00f3n algunas fotos de la visita, click aqu\u00ed","og_url":"https:\/\/proagrolab.com.ar\/visita-del-diputado-nacional-miguel-del-sel-a-proagro\/","og_site_name":"Proagro","article_publisher":"http:\/\/www.facebook.com\/proagrolab","article_published_time":"2014-06-01T00:00:01+00:00","article_modified_time":"2020-06-18T18:26:02+00:00","og_image":[{"width":450,"height":208,"url":"https:\/\/proagrolab.com.ar\/wp-content\/uploads\/2015\/01\/g_zao5pyteq__es_miguel-del-sel.jpg","type":"image\/jpeg"}],"author":"proagrolab","twitter_card":"summary_large_image","twitter_misc":{"Written by":"proagrolab","Est. reading time":"1 minute"},"schema":{"@context":"https:\/\/schema.org","@graph":[{"@type":"Article","@id":"https:\/\/proagrolab.com.ar\/visita-del-diputado-nacional-miguel-del-sel-a-proagro\/#article","isPartOf":{"@id":"https:\/\/proagrolab.com.ar\/visita-del-diputado-nacional-miguel-del-sel-a-proagro\/"},"author":{"name":"proagrolab","@id":"https:\/\/proagrolab.com.ar\/#\/schema\/person\/38003ff90bf80381f71c7d922d207444"},"headline":"Visita del Diputado Nacional Miguel del Sel a Proagro.","datePublished":"2014-06-01T00:00:01+00:00","dateModified":"2020-06-18T18:26:02+00:00","mainEntityOfPage":{"@id":"https:\/\/proagrolab.com.ar\/visita-del-diputado-nacional-miguel-del-sel-a-proagro\/"},"wordCount":134,"publisher":{"@id":"https:\/\/proagrolab.com.ar\/#organization"},"image":{"@id":"https:\/\/proagrolab.com.ar\/visita-del-diputado-nacional-miguel-del-sel-a-proagro\/#primaryimage"},"thumbnailUrl":"https:\/\/proagrolab.com.ar\/wp-content\/uploads\/2015\/01\/g_zao5pyteq__es_miguel-del-sel.jpg","articleSection":["Institutions"],"inLanguage":"en-US"},{"@type":"WebPage","@id":"https:\/\/proagrolab.com.ar\/visita-del-diputado-nacional-miguel-del-sel-a-proagro\/","url":"https:\/\/proagrolab.com.ar\/visita-del-diputado-nacional-miguel-del-sel-a-proagro\/","name":"Visita del Diputado Nacional Miguel del Sel a Proagro. | Proagro","isPartOf":{"@id":"https:\/\/proagrolab.com.ar\/#website"},"primaryImageOfPage":{"@id":"https:\/\/proagrolab.com.ar\/visita-del-diputado-nacional-miguel-del-sel-a-proagro\/#primaryimage"},"image":{"@id":"https:\/\/proagrolab.com.ar\/visita-del-diputado-nacional-miguel-del-sel-a-proagro\/#primaryimage"},"thumbnailUrl":"https:\/\/proagrolab.com.ar\/wp-content\/uploads\/2015\/01\/g_zao5pyteq__es_miguel-del-sel.jpg","datePublished":"2014-06-01T00:00:01+00:00","dateModified":"2020-06-18T18:26:02+00:00","breadcrumb":{"@id":"https:\/\/proagrolab.com.ar\/visita-del-diputado-nacional-miguel-del-sel-a-proagro\/#breadcrumb"},"inLanguage":"en-US","potentialAction":[{"@type":"ReadAction","target":["https:\/\/proagrolab.com.ar\/visita-del-diputado-nacional-miguel-del-sel-a-proagro\/"]}]},{"@type":"ImageObject","inLanguage":"en-US","@id":"https:\/\/proagrolab.com.ar\/visita-del-diputado-nacional-miguel-del-sel-a-proagro\/#primaryimage","url":"https:\/\/proagrolab.com.ar\/wp-content\/uploads\/2015\/01\/g_zao5pyteq__es_miguel-del-sel.jpg","contentUrl":"https:\/\/proagrolab.com.ar\/wp-content\/uploads\/2015\/01\/g_zao5pyteq__es_miguel-del-sel.jpg","width":450,"height":208},{"@type":"BreadcrumbList","@id":"https:\/\/proagrolab.com.ar\/visita-del-diputado-nacional-miguel-del-sel-a-proagro\/#breadcrumb","itemListElement":[{"@type":"ListItem","position":1,"name":"Portada","item":"https:\/\/proagrolab.com.ar\/"},{"@type":"ListItem","position":2,"name":"Visita del Diputado Nacional Miguel del Sel a Proagro."}]},{"@type":"WebSite","@id":"https:\/\/proagrolab.com.ar\/#website","url":"https:\/\/proagrolab.com.ar\/","name":"Proagro Laboratorio Veterinario","description":"Veterinary laboratory","publisher":{"@id":"https:\/\/proagrolab.com.ar\/#organization"},"potentialAction":[{"@type":"SearchAction","target":{"@type":"EntryPoint","urlTemplate":"https:\/\/proagrolab.com.ar\/?s={search_term_string}"},"query-input":{"@type":"PropertyValueSpecification","valueRequired":true,"valueName":"search_term_string"}}],"inLanguage":"en-US"},{"@type":"Organization","@id":"https:\/\/proagrolab.com.ar\/#organization","name":"Proagro","url":"https:\/\/proagrolab.com.ar\/","logo":{"@type":"ImageObject","inLanguage":"en-US","@id":"https:\/\/proagrolab.com.ar\/#\/schema\/logo\/image\/","url":"https:\/\/proagrolab.com.ar\/wp-content\/uploads\/2020\/04\/logo-retina.png","contentUrl":"https:\/\/proagrolab.com.ar\/wp-content\/uploads\/2020\/04\/logo-retina.png","width":478,"height":120,"caption":"Proagro"},"image":{"@id":"https:\/\/proagrolab.com.ar\/#\/schema\/logo\/image\/"},"sameAs":["http:\/\/www.facebook.com\/proagrolab","https:\/\/www.instagram.com\/proagrolab\/","https:\/\/www.linkedin.com\/company\/laboratorio-proagro-s-a\/"]},{"@type":"Person","@id":"https:\/\/proagrolab.com.ar\/#\/schema\/person\/38003ff90bf80381f71c7d922d207444","name":"proagrolab"}]}},"_links":{"self":[{"href":"https:\/\/proagrolab.com.ar\/en\/wp-json\/wp\/v2\/posts\/453","targetHints":{"allow":["GET"]}}],"collection":[{"href":"https:\/\/proagrolab.com.ar\/en\/wp-json\/wp\/v2\/posts"}],"about":[{"href":"https:\/\/proagrolab.com.ar\/en\/wp-json\/wp\/v2\/types\/post"}],"author":[{"embeddable":true,"href":"https:\/\/proagrolab.com.ar\/en\/wp-json\/wp\/v2\/users\/2"}],"replies":[{"embeddable":true,"href":"https:\/\/proagrolab.com.ar\/en\/wp-json\/wp\/v2\/comments?post=453"}],"version-history":[{"count":1,"href":"https:\/\/proagrolab.com.ar\/en\/wp-json\/wp\/v2\/posts\/453\/revisions"}],"predecessor-version":[{"id":13403,"href":"https:\/\/proagrolab.com.ar\/en\/wp-json\/wp\/v2\/posts\/453\/revisions\/13403"}],"wp:featuredmedia":[{"embeddable":true,"href":"https:\/\/proagrolab.com.ar\/en\/wp-json\/wp\/v2\/media\/298"}],"wp:attachment":[{"href":"https:\/\/proagrolab.com.ar\/en\/wp-json\/wp\/v2\/media?parent=453"}],"wp:term":[{"taxonomy":"category","embeddable":true,"href":"https:\/\/proagrolab.com.ar\/en\/wp-json\/wp\/v2\/categories?post=453"},{"taxonomy":"post_tag","embeddable":true,"href":"https:\/\/proagrolab.com.ar\/en\/wp-json\/wp\/v2\/tags?post=453"}],"curies":[{"name":"wp","href":"https:\/\/api.w.org\/{rel}","templated":true}]}}