{"id":452,"date":"2014-03-01T00:00:01","date_gmt":"2014-03-01T00:00:01","guid":{"rendered":"https:\/\/proagrolab.com.ar\/visita-del-presidente-de-cra-a-proagro\/"},"modified":"2020-06-18T18:27:03","modified_gmt":"2020-06-18T18:27:03","slug":"visita-del-presidente-de-cra-a-proagro","status":"publish","type":"post","link":"https:\/\/proagrolab.com.ar\/en\/visita-del-presidente-de-cra-a-proagro\/","title":{"rendered":"Visita del presidente de CRA a Proagro."},"content":{"rendered":"<p class=\"qtranxs-available-languages-message qtranxs-available-languages-message-en\"> <\/p><p>El Dr. Rub\u00e9n Ferrero, presidente de CRA (Confederaciones Rurales Argentinas) e integrante de la Mesa de enlace estuvo visitando nuestra empresa y fue recibido por el Dr. Angel Tirelli, presidente de Proagro.<\/p>\n<p>El Dr. Ferrero est\u00e1 al frente de una de las instituciones m\u00e1s representativas del sector agropecuario la cual cuenta con 14 confederaciones y federaciones, integradas a su vez por m\u00e1s de 300 sociedades rurales de todo el pa\u00eds y en la que est\u00e1n representados a trav\u00e9s de la acci\u00f3n de CRA m\u00e1s de 100.000 productores agropecuarios.<\/p>\n<p>En primer lugar se realiz\u00f3 una visita guiada por todo el establecimiento donde el Dr. Ferrero pudo observar los laboratorios donde se producen los productos Proagro bajo normas internacionales GMP. El recorrido incluy\u00f3 los laboratorios de productos generales, el de betalact\u00e1micos, plaguicidas, comprimidos, polvos y hormonales.<\/p>\n<p>Al t\u00e9rmino del recorrido el Dr. Ferrero y el Dr. Tirelli mantuvieron una importante charla con la intenci\u00f3n de trabajar en conjunto y obtener beneficios para ambas entidades. <\/p>\n<p>El primer acuerdo al que se lleg\u00f3 es la participaci\u00f3n de Proagro en la tarjeta de beneficios para los asociados de CRA que est\u00e1 pr\u00f3xima a lanzarse.<br \/>Por supuesto que la idea es seguir vinculados y realizar reuniones para coordinar m\u00e1s acciones conjuntas.<\/p>\n<p>Antes de despedirse, el presidente de CRA invit\u00f3 al Dr. Tirelli a visitar la entidad que preside y por supuesto acept\u00f3 con mucho gusto prometiendo asistir en las pr\u00f3ximas semanas.<br \/><\/p>","protected":false},"excerpt":{"rendered":"<p>El Dr. Rub\u00e9n Ferrero, presidente de CRA (Confederaciones Rurales Argentinas) e integrante de la Mesa de enlace estuvo visitando nuestra empresa y fue recibido por el Dr. Angel Tirelli, presidente de Proagro. El Dr. Ferrero est\u00e1 al frente de una de las instituciones m\u00e1s representativas del sector agropecuario la cual cuenta con 14 confederaciones y federaciones, integradas a su vez por m\u00e1s de 300 sociedades rurales de todo el pa\u00eds y en la que est\u00e1n representados a trav\u00e9s de la acci\u00f3n de CRA m\u00e1s de 100.000 productores agropecuarios. En primer lugar se realiz\u00f3 una visita guiada por todo el establecimiento donde el Dr. Ferrero pudo observar los laboratorios donde se producen los productos Proagro bajo normas internacionales GMP. El recorrido incluy\u00f3 los laboratorios de productos generales, el de betalact\u00e1micos, plaguicidas, comprimidos, polvos y hormonales. Al t\u00e9rmino del recorrido el Dr. Ferrero y el Dr. Tirelli mantuvieron una importante charla con la intenci\u00f3n de trabajar en conjunto y obtener beneficios para ambas entidades. El primer acuerdo al que se lleg\u00f3 es la participaci\u00f3n de Proagro en la tarjeta de beneficios para los asociados de CRA que est\u00e1 pr\u00f3xima a lanzarse.Por supuesto que la idea es seguir vinculados y realizar reuniones para [&hellip;]<\/p>\n","protected":false},"author":2,"featured_media":297,"comment_status":"closed","ping_status":"open","sticky":false,"template":"","format":"standard","meta":{"_acf_changed":false,"footnotes":""},"categories":[477],"tags":[],"class_list":["post-452","post","type-post","status-publish","format-standard","has-post-thumbnail","hentry","category-institucionales"],"acf":[],"yoast_head":"<!-- This site is optimized with the Yoast SEO plugin v27.4 - https:\/\/yoast.com\/product\/yoast-seo-wordpress\/ -->\n<title>Visita del presidente de CRA a Proagro. | Proagro<\/title>\n<meta name=\"robots\" content=\"index, follow, max-snippet:-1, max-image-preview:large, max-video-preview:-1\" \/>\n<link rel=\"canonical\" href=\"https:\/\/proagrolab.com.ar\/en\/visita-del-presidente-de-cra-a-proagro\/\" \/>\n<meta property=\"og:locale\" content=\"en_US\" \/>\n<meta property=\"og:type\" content=\"article\" \/>\n<meta property=\"og:title\" content=\"Visita del presidente de CRA a Proagro. | Proagro\" \/>\n<meta property=\"og:description\" content=\"El Dr. Rub\u00e9n Ferrero, presidente de CRA (Confederaciones Rurales Argentinas) e integrante de la Mesa de enlace estuvo visitando nuestra empresa y fue recibido por el Dr. Angel Tirelli, presidente de Proagro. El Dr. Ferrero est\u00e1 al frente de una de las instituciones m\u00e1s representativas del sector agropecuario la cual cuenta con 14 confederaciones y federaciones, integradas a su vez por m\u00e1s de 300 sociedades rurales de todo el pa\u00eds y en la que est\u00e1n representados a trav\u00e9s de la acci\u00f3n de CRA m\u00e1s de 100.000 productores agropecuarios. En primer lugar se realiz\u00f3 una visita guiada por todo el establecimiento donde el Dr. Ferrero pudo observar los laboratorios donde se producen los productos Proagro bajo normas internacionales GMP. El recorrido incluy\u00f3 los laboratorios de productos generales, el de betalact\u00e1micos, plaguicidas, comprimidos, polvos y hormonales. Al t\u00e9rmino del recorrido el Dr. Ferrero y el Dr. Tirelli mantuvieron una importante charla con la intenci\u00f3n de trabajar en conjunto y obtener beneficios para ambas entidades. El primer acuerdo al que se lleg\u00f3 es la participaci\u00f3n de Proagro en la tarjeta de beneficios para los asociados de CRA que est\u00e1 pr\u00f3xima a lanzarse.Por supuesto que la idea es seguir vinculados y realizar reuniones para [&hellip;]\" \/>\n<meta property=\"og:url\" content=\"https:\/\/proagrolab.com.ar\/visita-del-presidente-de-cra-a-proagro\/\" \/>\n<meta property=\"og:site_name\" content=\"Proagro\" \/>\n<meta property=\"article:publisher\" content=\"http:\/\/www.facebook.com\/proagrolab\" \/>\n<meta property=\"article:published_time\" content=\"2014-03-01T00:00:01+00:00\" \/>\n<meta property=\"article:modified_time\" content=\"2020-06-18T18:27:03+00:00\" \/>\n<meta property=\"og:image\" content=\"https:\/\/proagrolab.com.ar\/wp-content\/uploads\/2015\/01\/g_009lu2jig__es_ferrero.jpg\" \/>\n\t<meta property=\"og:image:width\" content=\"450\" \/>\n\t<meta property=\"og:image:height\" content=\"208\" \/>\n\t<meta property=\"og:image:type\" content=\"image\/jpeg\" \/>\n<meta name=\"author\" content=\"proagrolab\" \/>\n<meta name=\"twitter:card\" content=\"summary_large_image\" \/>\n<meta name=\"twitter:label1\" content=\"Written by\" \/>\n\t<meta name=\"twitter:data1\" content=\"proagrolab\" \/>\n\t<meta name=\"twitter:label2\" content=\"Est. reading time\" \/>\n\t<meta name=\"twitter:data2\" content=\"1 minute\" \/>\n<script type=\"application\/ld+json\" class=\"yoast-schema-graph\">{\"@context\":\"https:\\\/\\\/schema.org\",\"@graph\":[{\"@type\":\"Article\",\"@id\":\"https:\\\/\\\/proagrolab.com.ar\\\/visita-del-presidente-de-cra-a-proagro\\\/#article\",\"isPartOf\":{\"@id\":\"https:\\\/\\\/proagrolab.com.ar\\\/visita-del-presidente-de-cra-a-proagro\\\/\"},\"author\":{\"name\":\"proagrolab\",\"@id\":\"https:\\\/\\\/proagrolab.com.ar\\\/#\\\/schema\\\/person\\\/38003ff90bf80381f71c7d922d207444\"},\"headline\":\"Visita del presidente de CRA a Proagro.\",\"datePublished\":\"2014-03-01T00:00:01+00:00\",\"dateModified\":\"2020-06-18T18:27:03+00:00\",\"mainEntityOfPage\":{\"@id\":\"https:\\\/\\\/proagrolab.com.ar\\\/visita-del-presidente-de-cra-a-proagro\\\/\"},\"wordCount\":254,\"publisher\":{\"@id\":\"https:\\\/\\\/proagrolab.com.ar\\\/#organization\"},\"image\":{\"@id\":\"https:\\\/\\\/proagrolab.com.ar\\\/visita-del-presidente-de-cra-a-proagro\\\/#primaryimage\"},\"thumbnailUrl\":\"https:\\\/\\\/proagrolab.com.ar\\\/wp-content\\\/uploads\\\/2015\\\/01\\\/g_009lu2jig__es_ferrero.jpg\",\"articleSection\":[\"Institutions\"],\"inLanguage\":\"en-US\"},{\"@type\":\"WebPage\",\"@id\":\"https:\\\/\\\/proagrolab.com.ar\\\/visita-del-presidente-de-cra-a-proagro\\\/\",\"url\":\"https:\\\/\\\/proagrolab.com.ar\\\/visita-del-presidente-de-cra-a-proagro\\\/\",\"name\":\"Visita del presidente de CRA a Proagro. | Proagro\",\"isPartOf\":{\"@id\":\"https:\\\/\\\/proagrolab.com.ar\\\/#website\"},\"primaryImageOfPage\":{\"@id\":\"https:\\\/\\\/proagrolab.com.ar\\\/visita-del-presidente-de-cra-a-proagro\\\/#primaryimage\"},\"image\":{\"@id\":\"https:\\\/\\\/proagrolab.com.ar\\\/visita-del-presidente-de-cra-a-proagro\\\/#primaryimage\"},\"thumbnailUrl\":\"https:\\\/\\\/proagrolab.com.ar\\\/wp-content\\\/uploads\\\/2015\\\/01\\\/g_009lu2jig__es_ferrero.jpg\",\"datePublished\":\"2014-03-01T00:00:01+00:00\",\"dateModified\":\"2020-06-18T18:27:03+00:00\",\"breadcrumb\":{\"@id\":\"https:\\\/\\\/proagrolab.com.ar\\\/visita-del-presidente-de-cra-a-proagro\\\/#breadcrumb\"},\"inLanguage\":\"en-US\",\"potentialAction\":[{\"@type\":\"ReadAction\",\"target\":[\"https:\\\/\\\/proagrolab.com.ar\\\/visita-del-presidente-de-cra-a-proagro\\\/\"]}]},{\"@type\":\"ImageObject\",\"inLanguage\":\"en-US\",\"@id\":\"https:\\\/\\\/proagrolab.com.ar\\\/visita-del-presidente-de-cra-a-proagro\\\/#primaryimage\",\"url\":\"https:\\\/\\\/proagrolab.com.ar\\\/wp-content\\\/uploads\\\/2015\\\/01\\\/g_009lu2jig__es_ferrero.jpg\",\"contentUrl\":\"https:\\\/\\\/proagrolab.com.ar\\\/wp-content\\\/uploads\\\/2015\\\/01\\\/g_009lu2jig__es_ferrero.jpg\",\"width\":450,\"height\":208},{\"@type\":\"BreadcrumbList\",\"@id\":\"https:\\\/\\\/proagrolab.com.ar\\\/visita-del-presidente-de-cra-a-proagro\\\/#breadcrumb\",\"itemListElement\":[{\"@type\":\"ListItem\",\"position\":1,\"name\":\"Portada\",\"item\":\"https:\\\/\\\/proagrolab.com.ar\\\/\"},{\"@type\":\"ListItem\",\"position\":2,\"name\":\"Visita del presidente de CRA a Proagro.\"}]},{\"@type\":\"WebSite\",\"@id\":\"https:\\\/\\\/proagrolab.com.ar\\\/#website\",\"url\":\"https:\\\/\\\/proagrolab.com.ar\\\/\",\"name\":\"Proagro Laboratorio Veterinario\",\"description\":\"Veterinary laboratory\",\"publisher\":{\"@id\":\"https:\\\/\\\/proagrolab.com.ar\\\/#organization\"},\"potentialAction\":[{\"@type\":\"SearchAction\",\"target\":{\"@type\":\"EntryPoint\",\"urlTemplate\":\"https:\\\/\\\/proagrolab.com.ar\\\/?s={search_term_string}\"},\"query-input\":{\"@type\":\"PropertyValueSpecification\",\"valueRequired\":true,\"valueName\":\"search_term_string\"}}],\"inLanguage\":\"en-US\"},{\"@type\":\"Organization\",\"@id\":\"https:\\\/\\\/proagrolab.com.ar\\\/#organization\",\"name\":\"Proagro\",\"url\":\"https:\\\/\\\/proagrolab.com.ar\\\/\",\"logo\":{\"@type\":\"ImageObject\",\"inLanguage\":\"en-US\",\"@id\":\"https:\\\/\\\/proagrolab.com.ar\\\/#\\\/schema\\\/logo\\\/image\\\/\",\"url\":\"https:\\\/\\\/proagrolab.com.ar\\\/wp-content\\\/uploads\\\/2020\\\/04\\\/logo-retina.png\",\"contentUrl\":\"https:\\\/\\\/proagrolab.com.ar\\\/wp-content\\\/uploads\\\/2020\\\/04\\\/logo-retina.png\",\"width\":478,\"height\":120,\"caption\":\"Proagro\"},\"image\":{\"@id\":\"https:\\\/\\\/proagrolab.com.ar\\\/#\\\/schema\\\/logo\\\/image\\\/\"},\"sameAs\":[\"http:\\\/\\\/www.facebook.com\\\/proagrolab\",\"https:\\\/\\\/www.instagram.com\\\/proagrolab\\\/\",\"https:\\\/\\\/www.linkedin.com\\\/company\\\/laboratorio-proagro-s-a\\\/\"]},{\"@type\":\"Person\",\"@id\":\"https:\\\/\\\/proagrolab.com.ar\\\/#\\\/schema\\\/person\\\/38003ff90bf80381f71c7d922d207444\",\"name\":\"proagrolab\"}]}<\/script>\n<!-- \/ Yoast SEO plugin. -->","yoast_head_json":{"title":"Visita del presidente de CRA a Proagro. | Proagro","robots":{"index":"index","follow":"follow","max-snippet":"max-snippet:-1","max-image-preview":"max-image-preview:large","max-video-preview":"max-video-preview:-1"},"canonical":"https:\/\/proagrolab.com.ar\/en\/visita-del-presidente-de-cra-a-proagro\/","og_locale":"en_US","og_type":"article","og_title":"Visita del presidente de CRA a Proagro. | Proagro","og_description":"El Dr. Rub\u00e9n Ferrero, presidente de CRA (Confederaciones Rurales Argentinas) e integrante de la Mesa de enlace estuvo visitando nuestra empresa y fue recibido por el Dr. Angel Tirelli, presidente de Proagro. El Dr. Ferrero est\u00e1 al frente de una de las instituciones m\u00e1s representativas del sector agropecuario la cual cuenta con 14 confederaciones y federaciones, integradas a su vez por m\u00e1s de 300 sociedades rurales de todo el pa\u00eds y en la que est\u00e1n representados a trav\u00e9s de la acci\u00f3n de CRA m\u00e1s de 100.000 productores agropecuarios. En primer lugar se realiz\u00f3 una visita guiada por todo el establecimiento donde el Dr. Ferrero pudo observar los laboratorios donde se producen los productos Proagro bajo normas internacionales GMP. El recorrido incluy\u00f3 los laboratorios de productos generales, el de betalact\u00e1micos, plaguicidas, comprimidos, polvos y hormonales. Al t\u00e9rmino del recorrido el Dr. Ferrero y el Dr. Tirelli mantuvieron una importante charla con la intenci\u00f3n de trabajar en conjunto y obtener beneficios para ambas entidades. El primer acuerdo al que se lleg\u00f3 es la participaci\u00f3n de Proagro en la tarjeta de beneficios para los asociados de CRA que est\u00e1 pr\u00f3xima a lanzarse.Por supuesto que la idea es seguir vinculados y realizar reuniones para [&hellip;]","og_url":"https:\/\/proagrolab.com.ar\/visita-del-presidente-de-cra-a-proagro\/","og_site_name":"Proagro","article_publisher":"http:\/\/www.facebook.com\/proagrolab","article_published_time":"2014-03-01T00:00:01+00:00","article_modified_time":"2020-06-18T18:27:03+00:00","og_image":[{"width":450,"height":208,"url":"https:\/\/proagrolab.com.ar\/wp-content\/uploads\/2015\/01\/g_009lu2jig__es_ferrero.jpg","type":"image\/jpeg"}],"author":"proagrolab","twitter_card":"summary_large_image","twitter_misc":{"Written by":"proagrolab","Est. reading time":"1 minute"},"schema":{"@context":"https:\/\/schema.org","@graph":[{"@type":"Article","@id":"https:\/\/proagrolab.com.ar\/visita-del-presidente-de-cra-a-proagro\/#article","isPartOf":{"@id":"https:\/\/proagrolab.com.ar\/visita-del-presidente-de-cra-a-proagro\/"},"author":{"name":"proagrolab","@id":"https:\/\/proagrolab.com.ar\/#\/schema\/person\/38003ff90bf80381f71c7d922d207444"},"headline":"Visita del presidente de CRA a Proagro.","datePublished":"2014-03-01T00:00:01+00:00","dateModified":"2020-06-18T18:27:03+00:00","mainEntityOfPage":{"@id":"https:\/\/proagrolab.com.ar\/visita-del-presidente-de-cra-a-proagro\/"},"wordCount":254,"publisher":{"@id":"https:\/\/proagrolab.com.ar\/#organization"},"image":{"@id":"https:\/\/proagrolab.com.ar\/visita-del-presidente-de-cra-a-proagro\/#primaryimage"},"thumbnailUrl":"https:\/\/proagrolab.com.ar\/wp-content\/uploads\/2015\/01\/g_009lu2jig__es_ferrero.jpg","articleSection":["Institutions"],"inLanguage":"en-US"},{"@type":"WebPage","@id":"https:\/\/proagrolab.com.ar\/visita-del-presidente-de-cra-a-proagro\/","url":"https:\/\/proagrolab.com.ar\/visita-del-presidente-de-cra-a-proagro\/","name":"Visita del presidente de CRA a Proagro. | Proagro","isPartOf":{"@id":"https:\/\/proagrolab.com.ar\/#website"},"primaryImageOfPage":{"@id":"https:\/\/proagrolab.com.ar\/visita-del-presidente-de-cra-a-proagro\/#primaryimage"},"image":{"@id":"https:\/\/proagrolab.com.ar\/visita-del-presidente-de-cra-a-proagro\/#primaryimage"},"thumbnailUrl":"https:\/\/proagrolab.com.ar\/wp-content\/uploads\/2015\/01\/g_009lu2jig__es_ferrero.jpg","datePublished":"2014-03-01T00:00:01+00:00","dateModified":"2020-06-18T18:27:03+00:00","breadcrumb":{"@id":"https:\/\/proagrolab.com.ar\/visita-del-presidente-de-cra-a-proagro\/#breadcrumb"},"inLanguage":"en-US","potentialAction":[{"@type":"ReadAction","target":["https:\/\/proagrolab.com.ar\/visita-del-presidente-de-cra-a-proagro\/"]}]},{"@type":"ImageObject","inLanguage":"en-US","@id":"https:\/\/proagrolab.com.ar\/visita-del-presidente-de-cra-a-proagro\/#primaryimage","url":"https:\/\/proagrolab.com.ar\/wp-content\/uploads\/2015\/01\/g_009lu2jig__es_ferrero.jpg","contentUrl":"https:\/\/proagrolab.com.ar\/wp-content\/uploads\/2015\/01\/g_009lu2jig__es_ferrero.jpg","width":450,"height":208},{"@type":"BreadcrumbList","@id":"https:\/\/proagrolab.com.ar\/visita-del-presidente-de-cra-a-proagro\/#breadcrumb","itemListElement":[{"@type":"ListItem","position":1,"name":"Portada","item":"https:\/\/proagrolab.com.ar\/"},{"@type":"ListItem","position":2,"name":"Visita del presidente de CRA a Proagro."}]},{"@type":"WebSite","@id":"https:\/\/proagrolab.com.ar\/#website","url":"https:\/\/proagrolab.com.ar\/","name":"Proagro Laboratorio Veterinario","description":"Veterinary laboratory","publisher":{"@id":"https:\/\/proagrolab.com.ar\/#organization"},"potentialAction":[{"@type":"SearchAction","target":{"@type":"EntryPoint","urlTemplate":"https:\/\/proagrolab.com.ar\/?s={search_term_string}"},"query-input":{"@type":"PropertyValueSpecification","valueRequired":true,"valueName":"search_term_string"}}],"inLanguage":"en-US"},{"@type":"Organization","@id":"https:\/\/proagrolab.com.ar\/#organization","name":"Proagro","url":"https:\/\/proagrolab.com.ar\/","logo":{"@type":"ImageObject","inLanguage":"en-US","@id":"https:\/\/proagrolab.com.ar\/#\/schema\/logo\/image\/","url":"https:\/\/proagrolab.com.ar\/wp-content\/uploads\/2020\/04\/logo-retina.png","contentUrl":"https:\/\/proagrolab.com.ar\/wp-content\/uploads\/2020\/04\/logo-retina.png","width":478,"height":120,"caption":"Proagro"},"image":{"@id":"https:\/\/proagrolab.com.ar\/#\/schema\/logo\/image\/"},"sameAs":["http:\/\/www.facebook.com\/proagrolab","https:\/\/www.instagram.com\/proagrolab\/","https:\/\/www.linkedin.com\/company\/laboratorio-proagro-s-a\/"]},{"@type":"Person","@id":"https:\/\/proagrolab.com.ar\/#\/schema\/person\/38003ff90bf80381f71c7d922d207444","name":"proagrolab"}]}},"_links":{"self":[{"href":"https:\/\/proagrolab.com.ar\/en\/wp-json\/wp\/v2\/posts\/452","targetHints":{"allow":["GET"]}}],"collection":[{"href":"https:\/\/proagrolab.com.ar\/en\/wp-json\/wp\/v2\/posts"}],"about":[{"href":"https:\/\/proagrolab.com.ar\/en\/wp-json\/wp\/v2\/types\/post"}],"author":[{"embeddable":true,"href":"https:\/\/proagrolab.com.ar\/en\/wp-json\/wp\/v2\/users\/2"}],"replies":[{"embeddable":true,"href":"https:\/\/proagrolab.com.ar\/en\/wp-json\/wp\/v2\/comments?post=452"}],"version-history":[{"count":1,"href":"https:\/\/proagrolab.com.ar\/en\/wp-json\/wp\/v2\/posts\/452\/revisions"}],"predecessor-version":[{"id":13406,"href":"https:\/\/proagrolab.com.ar\/en\/wp-json\/wp\/v2\/posts\/452\/revisions\/13406"}],"wp:featuredmedia":[{"embeddable":true,"href":"https:\/\/proagrolab.com.ar\/en\/wp-json\/wp\/v2\/media\/297"}],"wp:attachment":[{"href":"https:\/\/proagrolab.com.ar\/en\/wp-json\/wp\/v2\/media?parent=452"}],"wp:term":[{"taxonomy":"category","embeddable":true,"href":"https:\/\/proagrolab.com.ar\/en\/wp-json\/wp\/v2\/categories?post=452"},{"taxonomy":"post_tag","embeddable":true,"href":"https:\/\/proagrolab.com.ar\/en\/wp-json\/wp\/v2\/tags?post=452"}],"curies":[{"name":"wp","href":"https:\/\/api.w.org\/{rel}","templated":true}]}}