{"id":440,"date":"2013-09-01T00:00:01","date_gmt":"2013-09-01T00:00:01","guid":{"rendered":"https:\/\/proagrolab.com.ar\/proagro-presente-en-el-remate-anual-de-cabana-las-blancas-de-delfinagro\/"},"modified":"2020-06-18T18:29:31","modified_gmt":"2020-06-18T18:29:31","slug":"proagro-presente-en-el-remate-anual-de-cabana-las-blancas-de-delfinagro","status":"publish","type":"post","link":"https:\/\/proagrolab.com.ar\/en\/proagro-presente-en-el-remate-anual-de-cabana-las-blancas-de-delfinagro\/","title":{"rendered":"Proagro presente en el remate anual de Caba\u00f1a Las Blancas, de Delfinagro."},"content":{"rendered":"<p class=\"qtranxs-available-languages-message qtranxs-available-languages-message-en\"> <\/p><p>Proagro estuvo presente como uno de los sponsors del gran remate anual que realiza la empresa Delfinagro en las instalaciones de la Estancia El Mirador, uno de los establecimientos con los que cuenta la Caba\u00f1a Las Blancas, ubicado a 30km de la ciudad de Azul, en la provincia de Buenos Aires.<\/p>\n<p>Impresionantes ejemplares de la raza Angus (negros y colorados) mostraron todo la gen\u00e9tica de la caba\u00f1a y el gran trabajo que realizan en ella.<\/p>\n<p>Proagro entreg\u00f3 a cada comprador un kit de antibi\u00f3ticos, antiparasitarios y vitam\u00ednicos.<\/p>\n<p>Alberto Guil reconoci\u00f3 y felicit\u00f3 el trabajo de sus 130 empleados y reiter\u00f3 el concepto de &#8220;pasi\u00f3n productiva&#8221; al referirse a su gesti\u00f3n al frente de la caba\u00f1a.<\/p>\n<p>Carlos Ojea Rull\u00e1n, genetista y preparador de Delfinagro, hizo referencia a la homogeneidad y racionalidad de los animales y destac\u00f3 el &#8220;Programa Integral Gen\u00e9tico&#8221; que llevan adelante desde hace varios a\u00f1os.<\/p>\n<p>Desde la Asociaci\u00f3n Angus, el presidente Alfredo Gusm\u00e1n, felicit\u00f3 a la empresa de Alberto y Griselda Guil y se\u00f1al\u00f3 que no en vano llevan 23 Grandes Campeones en la Sociedad Rural Argentina.<br \/><i><br \/>Precios sobresalientes para las vaquillonas<\/i><br \/>Pasado el mediod\u00eda comenzaron las operaciones con vientres paridos y pre\u00f1ados en los corrales. Los precios obtenidos fueron muy buenos, superando los m\u00e1ximos de casi todos los remates de caba\u00f1as. <br \/>El tope fue de 9.850 pesos por 20 vaquillonas negras y paridas de unos 600 kilos de promedio. El fuerte inter\u00e9s por las paridas se observ\u00f3 en toda la venta y all\u00ed destacamos la compra del ingeniero Rafael Barrera para Agrotecnos en 8.750 pesos.<br \/>Las PC pre\u00f1adas se vendieron con alta demanda, en escaso tiempo y entre 6.700 y 7.700 pesos con manos de Buenos Aires, Santa Fe, C\u00f3rdoba, Entre R\u00edos y La Pampa disputando la oferta.<br \/>Las 275 hembras, -paridas y pre\u00f1adas- se colocaron entre 6.700\/9.850 pesos y dejaron un promedio general de 7.443 pesos.<br \/>El ciclo de ventas de caba\u00f1as con Angus posicion\u00f3 a Delfinagro detr\u00e1s de Santa Sergia que tiene el m\u00e1ximo promedio (8.475 pesos) con las Puras Controladas.<br \/>Enrique Adrogu\u00e9 y Ganadera Azul SRL estuvieron al frente de los negocios que se efectuaron con plazos de hasta 90 d\u00edas y mayores financiaciones bancarias.<br \/>Cuando se trat\u00f3 de los PP la oferta sali\u00f3 para las m\u00e1s importantes caba\u00f1as del pa\u00eds y llegaron a pagar 102.000 pesos por una de las 14 vaquillonas que salieron a venta.<br \/>Se colocaron 13 toros PP entre 20.000\/37.000 con un promedio de 27.270 pesos. In\u00e9s Casado y Gustavo Pouyanne apostaron por uno de los futuros padres de rodeo y lo llevaron para &#8220;Los Cerritos&#8221; con el m\u00e1ximo del remate.<\/p>\n<p><i>Puros Controlados<\/i><br \/>Por cantidad fue una de las m\u00e1ximas ofertas del a\u00f1o y la demanda se observ\u00f3 m\u00e1s selectiva y cautelosa.<br \/>En la cabeza de los PC se ofrecieron dos toros y el primero se vendi\u00f3 en 20.500 pesos; el segundo lo compr\u00f3 N\u00e9stor Murillo en 17.500 pesos.<br \/>Se remataron 107 toros PC entre 13.000 y 20.500 pesos y dejaron un promedio de 15.686 pesos.<\/p>\n<p>Al t\u00e9rmino del remate, el Sr. Alberto Guil, indic\u00f3 estar muy conforme y contento con la cantidad de gente que acudi\u00f3 a su remate. Luego felicit\u00f3 a quienes siguen apostando por la ganader\u00eda y se\u00f1al\u00f3 que despu\u00e9s de varias medidas desacertadas se ve el futuro con otra \u00f3ptica. En el mismo sentido afirm\u00f3 &#8220;vamos a andar muy bien en los pr\u00f3ximos a\u00f1os&#8221;.<\/p>\n<p><i><br \/>Ver fotos del remate<\/i><br \/><a target=\"_blank\" title=\"Parte 1\" href=\"https:\/\/www.facebook.com\/media\/set\/?set=a.614493405261721.1073741843.195048137206252&amp;type=3\" rel=\"noopener noreferrer\">https:\/\/www.facebook.com\/media<\/a>\/set\/?set=a.614493405261721.1073741843.195048137206252&amp;type=3<\/p>\n<p><a target=\"_blank\" title=\"Parte 2\" href=\"https:\/\/www.facebook.com\/media\/set\/?set=a.614497255261336.1073741844.195048137206252&amp;type=3\" rel=\"noopener noreferrer\">https:\/\/www.facebook.com\/media\/set\/?set=a.614497255261336.1073741844.195048137206252&amp;type=3<\/a><\/p>\n<p><a target=\"_blank\" title=\"Parte 3\" href=\"https:\/\/www.facebook.com\/media\/set\/?set=a.614501161927612.1073741845.195048137206252&amp;type=3\" rel=\"noopener noreferrer\">https:\/\/www.facebook.com\/media\/set\/?set=a.614501161927612.1073741845.195048137206252&amp;type=3<\/a><\/p>\n<p><a target=\"_blank\" title=\"Parte 4\" href=\"https:\/\/www.facebook.com\/media\/set\/?set=a.614503281927400.1073741846.195048137206252&amp;type=3\" rel=\"noopener noreferrer\">https:\/\/www.facebook.com\/media\/set\/?set=a.614503281927400.1073741846.195048137206252&amp;type=3<\/a><\/p>\n<p><a target=\"_blank\" title=\"Parte 5\" href=\"https:\/\/www.facebook.com\/media\/set\/?set=a.614507895260272.1073741847.195048137206252&amp;type=3\" rel=\"noopener noreferrer\">https:\/\/www.facebook.com\/media\/set\/?set=a.614507895260272.1073741847.195048137206252&amp;type=3<\/a><\/p>\n<p><a target=\"_blank\" title=\"Parte 6\" href=\"https:\/\/www.facebook.com\/media\/set\/?set=a.614511745259887.1073741848.195048137206252&amp;type=3\" rel=\"noopener noreferrer\">https:\/\/www.facebook.com\/media\/set\/?set=a.614511745259887.1073741848.195048137206252&amp;type=3<br \/><\/a><br \/><\/p>","protected":false},"excerpt":{"rendered":"<p>Proagro estuvo presente como uno de los sponsors del gran remate anual que realiza la empresa Delfinagro en las instalaciones de la Estancia El Mirador, uno de los establecimientos con los que cuenta la Caba\u00f1a Las Blancas, ubicado a 30km de la ciudad de Azul, en la provincia de Buenos Aires. Impresionantes ejemplares de la raza Angus (negros y colorados) mostraron todo la gen\u00e9tica de la caba\u00f1a y el gran trabajo que realizan en ella. Proagro entreg\u00f3 a cada comprador un kit de antibi\u00f3ticos, antiparasitarios y vitam\u00ednicos. Alberto Guil reconoci\u00f3 y felicit\u00f3 el trabajo de sus 130 empleados y reiter\u00f3 el concepto de &#8220;pasi\u00f3n productiva&#8221; al referirse a su gesti\u00f3n al frente de la caba\u00f1a. Carlos Ojea Rull\u00e1n, genetista y preparador de Delfinagro, hizo referencia a la homogeneidad y racionalidad de los animales y destac\u00f3 el &#8220;Programa Integral Gen\u00e9tico&#8221; que llevan adelante desde hace varios a\u00f1os. Desde la Asociaci\u00f3n Angus, el presidente Alfredo Gusm\u00e1n, felicit\u00f3 a la empresa de Alberto y Griselda Guil y se\u00f1al\u00f3 que no en vano llevan 23 Grandes Campeones en la Sociedad Rural Argentina.Precios sobresalientes para las vaquillonasPasado el mediod\u00eda comenzaron las operaciones con vientres paridos y pre\u00f1ados en los corrales. Los precios obtenidos fueron muy [&hellip;]<\/p>\n","protected":false},"author":2,"featured_media":285,"comment_status":"closed","ping_status":"open","sticky":false,"template":"","format":"standard","meta":{"_acf_changed":false,"footnotes":""},"categories":[477],"tags":[],"class_list":["post-440","post","type-post","status-publish","format-standard","has-post-thumbnail","hentry","category-institucionales"],"acf":[],"yoast_head":"<!-- This site is optimized with the Yoast SEO plugin v27.5 - https:\/\/yoast.com\/product\/yoast-seo-wordpress\/ -->\n<title>Proagro presente en el remate anual de Caba\u00f1a Las Blancas, de Delfinagro. | Proagro<\/title>\n<meta name=\"robots\" content=\"index, follow, max-snippet:-1, max-image-preview:large, max-video-preview:-1\" \/>\n<link rel=\"canonical\" href=\"https:\/\/proagrolab.com.ar\/en\/proagro-presente-en-el-remate-anual-de-cabana-las-blancas-de-delfinagro\/\" \/>\n<meta property=\"og:locale\" content=\"en_US\" \/>\n<meta property=\"og:type\" content=\"article\" \/>\n<meta property=\"og:title\" content=\"Proagro presente en el remate anual de Caba\u00f1a Las Blancas, de Delfinagro. | Proagro\" \/>\n<meta property=\"og:description\" content=\"Proagro estuvo presente como uno de los sponsors del gran remate anual que realiza la empresa Delfinagro en las instalaciones de la Estancia El Mirador, uno de los establecimientos con los que cuenta la Caba\u00f1a Las Blancas, ubicado a 30km de la ciudad de Azul, en la provincia de Buenos Aires. Impresionantes ejemplares de la raza Angus (negros y colorados) mostraron todo la gen\u00e9tica de la caba\u00f1a y el gran trabajo que realizan en ella. Proagro entreg\u00f3 a cada comprador un kit de antibi\u00f3ticos, antiparasitarios y vitam\u00ednicos. Alberto Guil reconoci\u00f3 y felicit\u00f3 el trabajo de sus 130 empleados y reiter\u00f3 el concepto de &#8220;pasi\u00f3n productiva&#8221; al referirse a su gesti\u00f3n al frente de la caba\u00f1a. Carlos Ojea Rull\u00e1n, genetista y preparador de Delfinagro, hizo referencia a la homogeneidad y racionalidad de los animales y destac\u00f3 el &#8220;Programa Integral Gen\u00e9tico&#8221; que llevan adelante desde hace varios a\u00f1os. Desde la Asociaci\u00f3n Angus, el presidente Alfredo Gusm\u00e1n, felicit\u00f3 a la empresa de Alberto y Griselda Guil y se\u00f1al\u00f3 que no en vano llevan 23 Grandes Campeones en la Sociedad Rural Argentina.Precios sobresalientes para las vaquillonasPasado el mediod\u00eda comenzaron las operaciones con vientres paridos y pre\u00f1ados en los corrales. Los precios obtenidos fueron muy [&hellip;]\" \/>\n<meta property=\"og:url\" content=\"https:\/\/proagrolab.com.ar\/proagro-presente-en-el-remate-anual-de-cabana-las-blancas-de-delfinagro\/\" \/>\n<meta property=\"og:site_name\" content=\"Proagro\" \/>\n<meta property=\"article:publisher\" content=\"http:\/\/www.facebook.com\/proagrolab\" \/>\n<meta property=\"article:published_time\" content=\"2013-09-01T00:00:01+00:00\" \/>\n<meta property=\"article:modified_time\" content=\"2020-06-18T18:29:31+00:00\" \/>\n<meta property=\"og:image\" content=\"https:\/\/proagrolab.com.ar\/wp-content\/uploads\/2015\/01\/g_k564gm9jv__es_delfinagro.jpg\" \/>\n\t<meta property=\"og:image:width\" content=\"450\" \/>\n\t<meta property=\"og:image:height\" content=\"208\" \/>\n\t<meta property=\"og:image:type\" content=\"image\/jpeg\" \/>\n<meta name=\"author\" content=\"proagrolab\" \/>\n<meta name=\"twitter:card\" content=\"summary_large_image\" \/>\n<meta name=\"twitter:label1\" content=\"Written by\" \/>\n\t<meta name=\"twitter:data1\" content=\"proagrolab\" \/>\n\t<meta name=\"twitter:label2\" content=\"Est. reading time\" \/>\n\t<meta name=\"twitter:data2\" content=\"3 minutes\" \/>\n<script type=\"application\/ld+json\" class=\"yoast-schema-graph\">{\"@context\":\"https:\\\/\\\/schema.org\",\"@graph\":[{\"@type\":\"Article\",\"@id\":\"https:\\\/\\\/proagrolab.com.ar\\\/proagro-presente-en-el-remate-anual-de-cabana-las-blancas-de-delfinagro\\\/#article\",\"isPartOf\":{\"@id\":\"https:\\\/\\\/proagrolab.com.ar\\\/proagro-presente-en-el-remate-anual-de-cabana-las-blancas-de-delfinagro\\\/\"},\"author\":{\"name\":\"proagrolab\",\"@id\":\"https:\\\/\\\/proagrolab.com.ar\\\/#\\\/schema\\\/person\\\/38003ff90bf80381f71c7d922d207444\"},\"headline\":\"Proagro presente en el remate anual de Caba\u00f1a Las Blancas, de Delfinagro.\",\"datePublished\":\"2013-09-01T00:00:01+00:00\",\"dateModified\":\"2020-06-18T18:29:31+00:00\",\"mainEntityOfPage\":{\"@id\":\"https:\\\/\\\/proagrolab.com.ar\\\/proagro-presente-en-el-remate-anual-de-cabana-las-blancas-de-delfinagro\\\/\"},\"wordCount\":652,\"publisher\":{\"@id\":\"https:\\\/\\\/proagrolab.com.ar\\\/#organization\"},\"image\":{\"@id\":\"https:\\\/\\\/proagrolab.com.ar\\\/proagro-presente-en-el-remate-anual-de-cabana-las-blancas-de-delfinagro\\\/#primaryimage\"},\"thumbnailUrl\":\"https:\\\/\\\/proagrolab.com.ar\\\/wp-content\\\/uploads\\\/2015\\\/01\\\/g_k564gm9jv__es_delfinagro.jpg\",\"articleSection\":[\"Institutions\"],\"inLanguage\":\"en-US\"},{\"@type\":\"WebPage\",\"@id\":\"https:\\\/\\\/proagrolab.com.ar\\\/proagro-presente-en-el-remate-anual-de-cabana-las-blancas-de-delfinagro\\\/\",\"url\":\"https:\\\/\\\/proagrolab.com.ar\\\/proagro-presente-en-el-remate-anual-de-cabana-las-blancas-de-delfinagro\\\/\",\"name\":\"Proagro presente en el remate anual de Caba\u00f1a Las Blancas, de Delfinagro. | Proagro\",\"isPartOf\":{\"@id\":\"https:\\\/\\\/proagrolab.com.ar\\\/#website\"},\"primaryImageOfPage\":{\"@id\":\"https:\\\/\\\/proagrolab.com.ar\\\/proagro-presente-en-el-remate-anual-de-cabana-las-blancas-de-delfinagro\\\/#primaryimage\"},\"image\":{\"@id\":\"https:\\\/\\\/proagrolab.com.ar\\\/proagro-presente-en-el-remate-anual-de-cabana-las-blancas-de-delfinagro\\\/#primaryimage\"},\"thumbnailUrl\":\"https:\\\/\\\/proagrolab.com.ar\\\/wp-content\\\/uploads\\\/2015\\\/01\\\/g_k564gm9jv__es_delfinagro.jpg\",\"datePublished\":\"2013-09-01T00:00:01+00:00\",\"dateModified\":\"2020-06-18T18:29:31+00:00\",\"breadcrumb\":{\"@id\":\"https:\\\/\\\/proagrolab.com.ar\\\/proagro-presente-en-el-remate-anual-de-cabana-las-blancas-de-delfinagro\\\/#breadcrumb\"},\"inLanguage\":\"en-US\",\"potentialAction\":[{\"@type\":\"ReadAction\",\"target\":[\"https:\\\/\\\/proagrolab.com.ar\\\/proagro-presente-en-el-remate-anual-de-cabana-las-blancas-de-delfinagro\\\/\"]}]},{\"@type\":\"ImageObject\",\"inLanguage\":\"en-US\",\"@id\":\"https:\\\/\\\/proagrolab.com.ar\\\/proagro-presente-en-el-remate-anual-de-cabana-las-blancas-de-delfinagro\\\/#primaryimage\",\"url\":\"https:\\\/\\\/proagrolab.com.ar\\\/wp-content\\\/uploads\\\/2015\\\/01\\\/g_k564gm9jv__es_delfinagro.jpg\",\"contentUrl\":\"https:\\\/\\\/proagrolab.com.ar\\\/wp-content\\\/uploads\\\/2015\\\/01\\\/g_k564gm9jv__es_delfinagro.jpg\",\"width\":450,\"height\":208},{\"@type\":\"BreadcrumbList\",\"@id\":\"https:\\\/\\\/proagrolab.com.ar\\\/proagro-presente-en-el-remate-anual-de-cabana-las-blancas-de-delfinagro\\\/#breadcrumb\",\"itemListElement\":[{\"@type\":\"ListItem\",\"position\":1,\"name\":\"Portada\",\"item\":\"https:\\\/\\\/proagrolab.com.ar\\\/\"},{\"@type\":\"ListItem\",\"position\":2,\"name\":\"Proagro presente en el remate anual de Caba\u00f1a Las Blancas, de Delfinagro.\"}]},{\"@type\":\"WebSite\",\"@id\":\"https:\\\/\\\/proagrolab.com.ar\\\/#website\",\"url\":\"https:\\\/\\\/proagrolab.com.ar\\\/\",\"name\":\"Proagro Laboratorio Veterinario\",\"description\":\"Veterinary laboratory\",\"publisher\":{\"@id\":\"https:\\\/\\\/proagrolab.com.ar\\\/#organization\"},\"potentialAction\":[{\"@type\":\"SearchAction\",\"target\":{\"@type\":\"EntryPoint\",\"urlTemplate\":\"https:\\\/\\\/proagrolab.com.ar\\\/?s={search_term_string}\"},\"query-input\":{\"@type\":\"PropertyValueSpecification\",\"valueRequired\":true,\"valueName\":\"search_term_string\"}}],\"inLanguage\":\"en-US\"},{\"@type\":\"Organization\",\"@id\":\"https:\\\/\\\/proagrolab.com.ar\\\/#organization\",\"name\":\"Proagro\",\"url\":\"https:\\\/\\\/proagrolab.com.ar\\\/\",\"logo\":{\"@type\":\"ImageObject\",\"inLanguage\":\"en-US\",\"@id\":\"https:\\\/\\\/proagrolab.com.ar\\\/#\\\/schema\\\/logo\\\/image\\\/\",\"url\":\"https:\\\/\\\/proagrolab.com.ar\\\/wp-content\\\/uploads\\\/2020\\\/04\\\/logo-retina.png\",\"contentUrl\":\"https:\\\/\\\/proagrolab.com.ar\\\/wp-content\\\/uploads\\\/2020\\\/04\\\/logo-retina.png\",\"width\":478,\"height\":120,\"caption\":\"Proagro\"},\"image\":{\"@id\":\"https:\\\/\\\/proagrolab.com.ar\\\/#\\\/schema\\\/logo\\\/image\\\/\"},\"sameAs\":[\"http:\\\/\\\/www.facebook.com\\\/proagrolab\",\"https:\\\/\\\/www.instagram.com\\\/proagrolab\\\/\",\"https:\\\/\\\/www.linkedin.com\\\/company\\\/laboratorio-proagro-s-a\\\/\"]},{\"@type\":\"Person\",\"@id\":\"https:\\\/\\\/proagrolab.com.ar\\\/#\\\/schema\\\/person\\\/38003ff90bf80381f71c7d922d207444\",\"name\":\"proagrolab\"}]}<\/script>\n<!-- \/ Yoast SEO plugin. -->","yoast_head_json":{"title":"Proagro presente en el remate anual de Caba\u00f1a Las Blancas, de Delfinagro. | Proagro","robots":{"index":"index","follow":"follow","max-snippet":"max-snippet:-1","max-image-preview":"max-image-preview:large","max-video-preview":"max-video-preview:-1"},"canonical":"https:\/\/proagrolab.com.ar\/en\/proagro-presente-en-el-remate-anual-de-cabana-las-blancas-de-delfinagro\/","og_locale":"en_US","og_type":"article","og_title":"Proagro presente en el remate anual de Caba\u00f1a Las Blancas, de Delfinagro. | Proagro","og_description":"Proagro estuvo presente como uno de los sponsors del gran remate anual que realiza la empresa Delfinagro en las instalaciones de la Estancia El Mirador, uno de los establecimientos con los que cuenta la Caba\u00f1a Las Blancas, ubicado a 30km de la ciudad de Azul, en la provincia de Buenos Aires. Impresionantes ejemplares de la raza Angus (negros y colorados) mostraron todo la gen\u00e9tica de la caba\u00f1a y el gran trabajo que realizan en ella. Proagro entreg\u00f3 a cada comprador un kit de antibi\u00f3ticos, antiparasitarios y vitam\u00ednicos. Alberto Guil reconoci\u00f3 y felicit\u00f3 el trabajo de sus 130 empleados y reiter\u00f3 el concepto de &#8220;pasi\u00f3n productiva&#8221; al referirse a su gesti\u00f3n al frente de la caba\u00f1a. Carlos Ojea Rull\u00e1n, genetista y preparador de Delfinagro, hizo referencia a la homogeneidad y racionalidad de los animales y destac\u00f3 el &#8220;Programa Integral Gen\u00e9tico&#8221; que llevan adelante desde hace varios a\u00f1os. Desde la Asociaci\u00f3n Angus, el presidente Alfredo Gusm\u00e1n, felicit\u00f3 a la empresa de Alberto y Griselda Guil y se\u00f1al\u00f3 que no en vano llevan 23 Grandes Campeones en la Sociedad Rural Argentina.Precios sobresalientes para las vaquillonasPasado el mediod\u00eda comenzaron las operaciones con vientres paridos y pre\u00f1ados en los corrales. Los precios obtenidos fueron muy [&hellip;]","og_url":"https:\/\/proagrolab.com.ar\/proagro-presente-en-el-remate-anual-de-cabana-las-blancas-de-delfinagro\/","og_site_name":"Proagro","article_publisher":"http:\/\/www.facebook.com\/proagrolab","article_published_time":"2013-09-01T00:00:01+00:00","article_modified_time":"2020-06-18T18:29:31+00:00","og_image":[{"width":450,"height":208,"url":"https:\/\/proagrolab.com.ar\/wp-content\/uploads\/2015\/01\/g_k564gm9jv__es_delfinagro.jpg","type":"image\/jpeg"}],"author":"proagrolab","twitter_card":"summary_large_image","twitter_misc":{"Written by":"proagrolab","Est. reading time":"3 minutes"},"schema":{"@context":"https:\/\/schema.org","@graph":[{"@type":"Article","@id":"https:\/\/proagrolab.com.ar\/proagro-presente-en-el-remate-anual-de-cabana-las-blancas-de-delfinagro\/#article","isPartOf":{"@id":"https:\/\/proagrolab.com.ar\/proagro-presente-en-el-remate-anual-de-cabana-las-blancas-de-delfinagro\/"},"author":{"name":"proagrolab","@id":"https:\/\/proagrolab.com.ar\/#\/schema\/person\/38003ff90bf80381f71c7d922d207444"},"headline":"Proagro presente en el remate anual de Caba\u00f1a Las Blancas, de Delfinagro.","datePublished":"2013-09-01T00:00:01+00:00","dateModified":"2020-06-18T18:29:31+00:00","mainEntityOfPage":{"@id":"https:\/\/proagrolab.com.ar\/proagro-presente-en-el-remate-anual-de-cabana-las-blancas-de-delfinagro\/"},"wordCount":652,"publisher":{"@id":"https:\/\/proagrolab.com.ar\/#organization"},"image":{"@id":"https:\/\/proagrolab.com.ar\/proagro-presente-en-el-remate-anual-de-cabana-las-blancas-de-delfinagro\/#primaryimage"},"thumbnailUrl":"https:\/\/proagrolab.com.ar\/wp-content\/uploads\/2015\/01\/g_k564gm9jv__es_delfinagro.jpg","articleSection":["Institutions"],"inLanguage":"en-US"},{"@type":"WebPage","@id":"https:\/\/proagrolab.com.ar\/proagro-presente-en-el-remate-anual-de-cabana-las-blancas-de-delfinagro\/","url":"https:\/\/proagrolab.com.ar\/proagro-presente-en-el-remate-anual-de-cabana-las-blancas-de-delfinagro\/","name":"Proagro presente en el remate anual de Caba\u00f1a Las Blancas, de Delfinagro. | Proagro","isPartOf":{"@id":"https:\/\/proagrolab.com.ar\/#website"},"primaryImageOfPage":{"@id":"https:\/\/proagrolab.com.ar\/proagro-presente-en-el-remate-anual-de-cabana-las-blancas-de-delfinagro\/#primaryimage"},"image":{"@id":"https:\/\/proagrolab.com.ar\/proagro-presente-en-el-remate-anual-de-cabana-las-blancas-de-delfinagro\/#primaryimage"},"thumbnailUrl":"https:\/\/proagrolab.com.ar\/wp-content\/uploads\/2015\/01\/g_k564gm9jv__es_delfinagro.jpg","datePublished":"2013-09-01T00:00:01+00:00","dateModified":"2020-06-18T18:29:31+00:00","breadcrumb":{"@id":"https:\/\/proagrolab.com.ar\/proagro-presente-en-el-remate-anual-de-cabana-las-blancas-de-delfinagro\/#breadcrumb"},"inLanguage":"en-US","potentialAction":[{"@type":"ReadAction","target":["https:\/\/proagrolab.com.ar\/proagro-presente-en-el-remate-anual-de-cabana-las-blancas-de-delfinagro\/"]}]},{"@type":"ImageObject","inLanguage":"en-US","@id":"https:\/\/proagrolab.com.ar\/proagro-presente-en-el-remate-anual-de-cabana-las-blancas-de-delfinagro\/#primaryimage","url":"https:\/\/proagrolab.com.ar\/wp-content\/uploads\/2015\/01\/g_k564gm9jv__es_delfinagro.jpg","contentUrl":"https:\/\/proagrolab.com.ar\/wp-content\/uploads\/2015\/01\/g_k564gm9jv__es_delfinagro.jpg","width":450,"height":208},{"@type":"BreadcrumbList","@id":"https:\/\/proagrolab.com.ar\/proagro-presente-en-el-remate-anual-de-cabana-las-blancas-de-delfinagro\/#breadcrumb","itemListElement":[{"@type":"ListItem","position":1,"name":"Portada","item":"https:\/\/proagrolab.com.ar\/"},{"@type":"ListItem","position":2,"name":"Proagro presente en el remate anual de Caba\u00f1a Las Blancas, de Delfinagro."}]},{"@type":"WebSite","@id":"https:\/\/proagrolab.com.ar\/#website","url":"https:\/\/proagrolab.com.ar\/","name":"Proagro Laboratorio Veterinario","description":"Veterinary laboratory","publisher":{"@id":"https:\/\/proagrolab.com.ar\/#organization"},"potentialAction":[{"@type":"SearchAction","target":{"@type":"EntryPoint","urlTemplate":"https:\/\/proagrolab.com.ar\/?s={search_term_string}"},"query-input":{"@type":"PropertyValueSpecification","valueRequired":true,"valueName":"search_term_string"}}],"inLanguage":"en-US"},{"@type":"Organization","@id":"https:\/\/proagrolab.com.ar\/#organization","name":"Proagro","url":"https:\/\/proagrolab.com.ar\/","logo":{"@type":"ImageObject","inLanguage":"en-US","@id":"https:\/\/proagrolab.com.ar\/#\/schema\/logo\/image\/","url":"https:\/\/proagrolab.com.ar\/wp-content\/uploads\/2020\/04\/logo-retina.png","contentUrl":"https:\/\/proagrolab.com.ar\/wp-content\/uploads\/2020\/04\/logo-retina.png","width":478,"height":120,"caption":"Proagro"},"image":{"@id":"https:\/\/proagrolab.com.ar\/#\/schema\/logo\/image\/"},"sameAs":["http:\/\/www.facebook.com\/proagrolab","https:\/\/www.instagram.com\/proagrolab\/","https:\/\/www.linkedin.com\/company\/laboratorio-proagro-s-a\/"]},{"@type":"Person","@id":"https:\/\/proagrolab.com.ar\/#\/schema\/person\/38003ff90bf80381f71c7d922d207444","name":"proagrolab"}]}},"_links":{"self":[{"href":"https:\/\/proagrolab.com.ar\/en\/wp-json\/wp\/v2\/posts\/440","targetHints":{"allow":["GET"]}}],"collection":[{"href":"https:\/\/proagrolab.com.ar\/en\/wp-json\/wp\/v2\/posts"}],"about":[{"href":"https:\/\/proagrolab.com.ar\/en\/wp-json\/wp\/v2\/types\/post"}],"author":[{"embeddable":true,"href":"https:\/\/proagrolab.com.ar\/en\/wp-json\/wp\/v2\/users\/2"}],"replies":[{"embeddable":true,"href":"https:\/\/proagrolab.com.ar\/en\/wp-json\/wp\/v2\/comments?post=440"}],"version-history":[{"count":1,"href":"https:\/\/proagrolab.com.ar\/en\/wp-json\/wp\/v2\/posts\/440\/revisions"}],"predecessor-version":[{"id":13415,"href":"https:\/\/proagrolab.com.ar\/en\/wp-json\/wp\/v2\/posts\/440\/revisions\/13415"}],"wp:featuredmedia":[{"embeddable":true,"href":"https:\/\/proagrolab.com.ar\/en\/wp-json\/wp\/v2\/media\/285"}],"wp:attachment":[{"href":"https:\/\/proagrolab.com.ar\/en\/wp-json\/wp\/v2\/media?parent=440"}],"wp:term":[{"taxonomy":"category","embeddable":true,"href":"https:\/\/proagrolab.com.ar\/en\/wp-json\/wp\/v2\/categories?post=440"},{"taxonomy":"post_tag","embeddable":true,"href":"https:\/\/proagrolab.com.ar\/en\/wp-json\/wp\/v2\/tags?post=440"}],"curies":[{"name":"wp","href":"https:\/\/api.w.org\/{rel}","templated":true}]}}