{"id":38571,"date":"2023-07-14T12:44:04","date_gmt":"2023-07-14T12:44:04","guid":{"rendered":"https:\/\/proagrolab.com.ar\/?p=38571"},"modified":"2023-07-14T12:44:30","modified_gmt":"2023-07-14T12:44:30","slug":"inauguran-un-tambo-mecanizado-para-pequenos-productores","status":"publish","type":"post","link":"https:\/\/proagrolab.com.ar\/en\/inauguran-un-tambo-mecanizado-para-pequenos-productores\/","title":{"rendered":"Inauguran un tambo mecanizado para peque\u00f1os productores"},"content":{"rendered":"<p class=\"qtranxs-available-languages-message qtranxs-available-languages-message-en\"> <\/p><p><\/p>\n<p>Autoridades del Ministerio de la Producci\u00f3n de Formosa y del Instituto Provincial de Acci\u00f3n Integral para el Peque\u00f1o Productor Agropecuario (PAIPPA) visitaron el tambo inaugurado recientemente en el establecimiento &#8220;Las Chicharras&#8221; del Paraje San Juan, Las Lomitas.<\/p>\n<p><span lang=\"ES\">La familia Paippera propietaria del tambo fortaleci\u00f3 su producci\u00f3n de queso criollo y quesillo a partir de la instalaci\u00f3n de una orde\u00f1adora mec\u00e1nica.<\/span><\/p>\n<p><span lang=\"ES\">&#8220;Estuvimos con el Coordinador Ejecutivo del Instituto Paippa, funcionarios, t\u00e9cnicos y productores, en un establecimiento que se dedica a la producci\u00f3n de carne y de leche&#8221;, sostuvo Alejandro Garc\u00eda, Ministro de la Producci\u00f3n de Formosa, y explic\u00f3 que, el tambo que est\u00e1 ubicado en el Paraje San Juan, &#8220;son productores criollos, tienen un establecimiento de 950 hect\u00e1reas, m\u00e1s de 150 cabezas de ganado, producen leche, quesos criollos y quesillo, y comercializan esa producci\u00f3n en Las Lomitas&#8221;.<\/span><\/p>\n<p><b><span lang=\"ES\">&#8220;Inauguramos un tambo mecanizado muy moderno que se construy\u00f3 con aportes del Gobierno de la provincia de Formosa y de los productores&#8221;, cont\u00f3 Garc\u00eda<\/span><\/b><span lang=\"ES\">\u00a0y explic\u00f3 que tiene &#8220;una sala de orde\u00f1e, totalmente techada, con instalaciones de maderas y se instal\u00f3 como aporte no reintegrable una orde\u00f1adora mec\u00e1nica de dos bajadas&#8221;.<\/span><\/p>\n<p><span lang=\"ES\">Cabe destacar que los productores construyeron la sala de orde\u00f1e, con aportes del gobierno y, una vez instalada, los t\u00e9cnicos a instalaron la m\u00e1quina de orde\u00f1e.<\/span><\/p>\n<p><span lang=\"ES\">&#8220;Es una actividad que va a permitir a cambiar el sistema tradicional de orde\u00f1e que realizan estos productores&#8221;, destac\u00f3 Garc\u00eda y resalt\u00f3: &#8220;<b>Tenemos una cuenca muy importante de producci\u00f3n de leche y quesos en nuestra provincia que est\u00e1 ubicada en la zona sur con m\u00e1s de cien productores tamberos, productores de queso&#8221;.<\/b><\/span><\/p>\n<p><span lang=\"ES\">&#8220;En este caso, los productores de Las Lomitas son ganaderos, pero tambi\u00e9n hacen el orde\u00f1e y, con el equipo del Ministerio y del Paippa, fuimos a poner en funcionamiento este novedoso tambo&#8221;, culmin\u00f3 Garc\u00eda.<\/span><\/p>\n<p>Fuente: <a href=\"https:\/\/www.agritotal.com\/nota\/inauguran-un-tambo-mecanizado-para-pequenos-productores\/\">https:\/\/www.agritotal.com\/nota\/inauguran-un-tambo-mecanizado-para-pequenos-productores\/<\/a><\/p>\n<p><\/p>","protected":false},"excerpt":{"rendered":"<p>Autoridades del Ministerio de la Producci\u00f3n de Formosa y del Instituto Provincial de Acci\u00f3n Integral para el Peque\u00f1o Productor Agropecuario (PAIPPA) visitaron el tambo inaugurado recientemente en el establecimiento &#8220;Las Chicharras&#8221; del Paraje San Juan, Las Lomitas. La familia Paippera propietaria del tambo fortaleci\u00f3 su producci\u00f3n de queso criollo y quesillo a partir de la instalaci\u00f3n de una orde\u00f1adora mec\u00e1nica. &#8220;Estuvimos con el Coordinador Ejecutivo del Instituto Paippa, funcionarios, t\u00e9cnicos y productores, en un establecimiento que se dedica a la producci\u00f3n de carne y de leche&#8221;, sostuvo Alejandro Garc\u00eda, Ministro de la Producci\u00f3n de Formosa, y explic\u00f3 que, el tambo que est\u00e1 ubicado en el Paraje San Juan, &#8220;son productores criollos, tienen un establecimiento de 950 hect\u00e1reas, m\u00e1s de 150 cabezas de ganado, producen leche, quesos criollos y quesillo, y comercializan esa producci\u00f3n en Las Lomitas&#8221;. &#8220;Inauguramos un tambo mecanizado muy moderno que se construy\u00f3 con aportes del Gobierno de la provincia de Formosa y de los productores&#8221;, cont\u00f3 Garc\u00eda\u00a0y explic\u00f3 que tiene &#8220;una sala de orde\u00f1e, totalmente techada, con instalaciones de maderas y se instal\u00f3 como aporte no reintegrable una orde\u00f1adora mec\u00e1nica de dos bajadas&#8221;. Cabe destacar que los productores construyeron la sala de orde\u00f1e, con aportes del gobierno [&hellip;]<\/p>\n","protected":false},"author":6,"featured_media":38594,"comment_status":"open","ping_status":"closed","sticky":false,"template":"","format":"standard","meta":{"_acf_changed":false,"footnotes":""},"categories":[56],"tags":[],"class_list":["post-38571","post","type-post","status-publish","format-standard","has-post-thumbnail","hentry","category-infoganadero"],"acf":[],"yoast_head":"<!-- This site is optimized with the Yoast SEO plugin v27.5 - https:\/\/yoast.com\/product\/yoast-seo-wordpress\/ -->\n<title>Inauguran un tambo mecanizado para peque\u00f1os productores | Proagro<\/title>\n<meta name=\"robots\" content=\"index, follow, max-snippet:-1, max-image-preview:large, max-video-preview:-1\" \/>\n<link rel=\"canonical\" href=\"https:\/\/proagrolab.com.ar\/en\/inauguran-un-tambo-mecanizado-para-pequenos-productores\/\" \/>\n<meta property=\"og:locale\" content=\"en_US\" \/>\n<meta property=\"og:type\" content=\"article\" \/>\n<meta property=\"og:title\" content=\"Inauguran un tambo mecanizado para peque\u00f1os productores | Proagro\" \/>\n<meta property=\"og:description\" content=\"Autoridades del Ministerio de la Producci\u00f3n de Formosa y del Instituto Provincial de Acci\u00f3n Integral para el Peque\u00f1o Productor Agropecuario (PAIPPA) visitaron el tambo inaugurado recientemente en el establecimiento &#8220;Las Chicharras&#8221; del Paraje San Juan, Las Lomitas. La familia Paippera propietaria del tambo fortaleci\u00f3 su producci\u00f3n de queso criollo y quesillo a partir de la instalaci\u00f3n de una orde\u00f1adora mec\u00e1nica. &#8220;Estuvimos con el Coordinador Ejecutivo del Instituto Paippa, funcionarios, t\u00e9cnicos y productores, en un establecimiento que se dedica a la producci\u00f3n de carne y de leche&#8221;, sostuvo Alejandro Garc\u00eda, Ministro de la Producci\u00f3n de Formosa, y explic\u00f3 que, el tambo que est\u00e1 ubicado en el Paraje San Juan, &#8220;son productores criollos, tienen un establecimiento de 950 hect\u00e1reas, m\u00e1s de 150 cabezas de ganado, producen leche, quesos criollos y quesillo, y comercializan esa producci\u00f3n en Las Lomitas&#8221;. &#8220;Inauguramos un tambo mecanizado muy moderno que se construy\u00f3 con aportes del Gobierno de la provincia de Formosa y de los productores&#8221;, cont\u00f3 Garc\u00eda\u00a0y explic\u00f3 que tiene &#8220;una sala de orde\u00f1e, totalmente techada, con instalaciones de maderas y se instal\u00f3 como aporte no reintegrable una orde\u00f1adora mec\u00e1nica de dos bajadas&#8221;. Cabe destacar que los productores construyeron la sala de orde\u00f1e, con aportes del gobierno [&hellip;]\" \/>\n<meta property=\"og:url\" content=\"https:\/\/proagrolab.com.ar\/inauguran-un-tambo-mecanizado-para-pequenos-productores\/\" \/>\n<meta property=\"og:site_name\" content=\"Proagro\" \/>\n<meta property=\"article:publisher\" content=\"http:\/\/www.facebook.com\/proagrolab\" \/>\n<meta property=\"article:published_time\" content=\"2023-07-14T12:44:04+00:00\" \/>\n<meta property=\"article:modified_time\" content=\"2023-07-14T12:44:30+00:00\" \/>\n<meta property=\"og:image\" content=\"https:\/\/proagrolab.com.ar\/wp-content\/uploads\/2023\/07\/Banners-InfoGanadero_734x291_2.jpg\" \/>\n\t<meta property=\"og:image:width\" content=\"733\" \/>\n\t<meta property=\"og:image:height\" content=\"291\" \/>\n\t<meta property=\"og:image:type\" content=\"image\/jpeg\" \/>\n<meta name=\"author\" content=\"Admin Proagro\" \/>\n<meta name=\"twitter:card\" content=\"summary_large_image\" \/>\n<meta name=\"twitter:label1\" content=\"Written by\" \/>\n\t<meta name=\"twitter:data1\" content=\"Admin Proagro\" \/>\n\t<meta name=\"twitter:label2\" content=\"Est. reading time\" \/>\n\t<meta name=\"twitter:data2\" content=\"2 minutes\" \/>\n<script type=\"application\/ld+json\" class=\"yoast-schema-graph\">{\"@context\":\"https:\\\/\\\/schema.org\",\"@graph\":[{\"@type\":\"Article\",\"@id\":\"https:\\\/\\\/proagrolab.com.ar\\\/inauguran-un-tambo-mecanizado-para-pequenos-productores\\\/#article\",\"isPartOf\":{\"@id\":\"https:\\\/\\\/proagrolab.com.ar\\\/inauguran-un-tambo-mecanizado-para-pequenos-productores\\\/\"},\"author\":{\"name\":\"Admin Proagro\",\"@id\":\"https:\\\/\\\/proagrolab.com.ar\\\/#\\\/schema\\\/person\\\/3e30f2f0f9eadcc02d50ed3664562373\"},\"headline\":\"Inauguran un tambo mecanizado para peque\u00f1os productores\",\"datePublished\":\"2023-07-14T12:44:04+00:00\",\"dateModified\":\"2023-07-14T12:44:30+00:00\",\"mainEntityOfPage\":{\"@id\":\"https:\\\/\\\/proagrolab.com.ar\\\/inauguran-un-tambo-mecanizado-para-pequenos-productores\\\/\"},\"wordCount\":343,\"commentCount\":0,\"publisher\":{\"@id\":\"https:\\\/\\\/proagrolab.com.ar\\\/#organization\"},\"image\":{\"@id\":\"https:\\\/\\\/proagrolab.com.ar\\\/inauguran-un-tambo-mecanizado-para-pequenos-productores\\\/#primaryimage\"},\"thumbnailUrl\":\"https:\\\/\\\/proagrolab.com.ar\\\/wp-content\\\/uploads\\\/2023\\\/07\\\/Banners-InfoGanadero_734x291_2.jpg\",\"articleSection\":[\"News\"],\"inLanguage\":\"en-US\",\"potentialAction\":[{\"@type\":\"CommentAction\",\"name\":\"Comment\",\"target\":[\"https:\\\/\\\/proagrolab.com.ar\\\/inauguran-un-tambo-mecanizado-para-pequenos-productores\\\/#respond\"]}]},{\"@type\":\"WebPage\",\"@id\":\"https:\\\/\\\/proagrolab.com.ar\\\/inauguran-un-tambo-mecanizado-para-pequenos-productores\\\/\",\"url\":\"https:\\\/\\\/proagrolab.com.ar\\\/inauguran-un-tambo-mecanizado-para-pequenos-productores\\\/\",\"name\":\"Inauguran un tambo mecanizado para peque\u00f1os productores | Proagro\",\"isPartOf\":{\"@id\":\"https:\\\/\\\/proagrolab.com.ar\\\/#website\"},\"primaryImageOfPage\":{\"@id\":\"https:\\\/\\\/proagrolab.com.ar\\\/inauguran-un-tambo-mecanizado-para-pequenos-productores\\\/#primaryimage\"},\"image\":{\"@id\":\"https:\\\/\\\/proagrolab.com.ar\\\/inauguran-un-tambo-mecanizado-para-pequenos-productores\\\/#primaryimage\"},\"thumbnailUrl\":\"https:\\\/\\\/proagrolab.com.ar\\\/wp-content\\\/uploads\\\/2023\\\/07\\\/Banners-InfoGanadero_734x291_2.jpg\",\"datePublished\":\"2023-07-14T12:44:04+00:00\",\"dateModified\":\"2023-07-14T12:44:30+00:00\",\"breadcrumb\":{\"@id\":\"https:\\\/\\\/proagrolab.com.ar\\\/inauguran-un-tambo-mecanizado-para-pequenos-productores\\\/#breadcrumb\"},\"inLanguage\":\"en-US\",\"potentialAction\":[{\"@type\":\"ReadAction\",\"target\":[\"https:\\\/\\\/proagrolab.com.ar\\\/inauguran-un-tambo-mecanizado-para-pequenos-productores\\\/\"]}]},{\"@type\":\"ImageObject\",\"inLanguage\":\"en-US\",\"@id\":\"https:\\\/\\\/proagrolab.com.ar\\\/inauguran-un-tambo-mecanizado-para-pequenos-productores\\\/#primaryimage\",\"url\":\"https:\\\/\\\/proagrolab.com.ar\\\/wp-content\\\/uploads\\\/2023\\\/07\\\/Banners-InfoGanadero_734x291_2.jpg\",\"contentUrl\":\"https:\\\/\\\/proagrolab.com.ar\\\/wp-content\\\/uploads\\\/2023\\\/07\\\/Banners-InfoGanadero_734x291_2.jpg\",\"width\":733,\"height\":291},{\"@type\":\"BreadcrumbList\",\"@id\":\"https:\\\/\\\/proagrolab.com.ar\\\/inauguran-un-tambo-mecanizado-para-pequenos-productores\\\/#breadcrumb\",\"itemListElement\":[{\"@type\":\"ListItem\",\"position\":1,\"name\":\"Portada\",\"item\":\"https:\\\/\\\/proagrolab.com.ar\\\/\"},{\"@type\":\"ListItem\",\"position\":2,\"name\":\"Inauguran un tambo mecanizado para peque\u00f1os productores\"}]},{\"@type\":\"WebSite\",\"@id\":\"https:\\\/\\\/proagrolab.com.ar\\\/#website\",\"url\":\"https:\\\/\\\/proagrolab.com.ar\\\/\",\"name\":\"Proagro Laboratorio Veterinario\",\"description\":\"Veterinary laboratory\",\"publisher\":{\"@id\":\"https:\\\/\\\/proagrolab.com.ar\\\/#organization\"},\"potentialAction\":[{\"@type\":\"SearchAction\",\"target\":{\"@type\":\"EntryPoint\",\"urlTemplate\":\"https:\\\/\\\/proagrolab.com.ar\\\/?s={search_term_string}\"},\"query-input\":{\"@type\":\"PropertyValueSpecification\",\"valueRequired\":true,\"valueName\":\"search_term_string\"}}],\"inLanguage\":\"en-US\"},{\"@type\":\"Organization\",\"@id\":\"https:\\\/\\\/proagrolab.com.ar\\\/#organization\",\"name\":\"Proagro\",\"url\":\"https:\\\/\\\/proagrolab.com.ar\\\/\",\"logo\":{\"@type\":\"ImageObject\",\"inLanguage\":\"en-US\",\"@id\":\"https:\\\/\\\/proagrolab.com.ar\\\/#\\\/schema\\\/logo\\\/image\\\/\",\"url\":\"https:\\\/\\\/proagrolab.com.ar\\\/wp-content\\\/uploads\\\/2020\\\/04\\\/logo-retina.png\",\"contentUrl\":\"https:\\\/\\\/proagrolab.com.ar\\\/wp-content\\\/uploads\\\/2020\\\/04\\\/logo-retina.png\",\"width\":478,\"height\":120,\"caption\":\"Proagro\"},\"image\":{\"@id\":\"https:\\\/\\\/proagrolab.com.ar\\\/#\\\/schema\\\/logo\\\/image\\\/\"},\"sameAs\":[\"http:\\\/\\\/www.facebook.com\\\/proagrolab\",\"https:\\\/\\\/www.instagram.com\\\/proagrolab\\\/\",\"https:\\\/\\\/www.linkedin.com\\\/company\\\/laboratorio-proagro-s-a\\\/\"]},{\"@type\":\"Person\",\"@id\":\"https:\\\/\\\/proagrolab.com.ar\\\/#\\\/schema\\\/person\\\/3e30f2f0f9eadcc02d50ed3664562373\",\"name\":\"Admin Proagro\",\"sameAs\":[\"http:\\\/\\\/www.sistemas7g.com\"]}]}<\/script>\n<!-- \/ Yoast SEO plugin. -->","yoast_head_json":{"title":"Inauguran un tambo mecanizado para peque\u00f1os productores | Proagro","robots":{"index":"index","follow":"follow","max-snippet":"max-snippet:-1","max-image-preview":"max-image-preview:large","max-video-preview":"max-video-preview:-1"},"canonical":"https:\/\/proagrolab.com.ar\/en\/inauguran-un-tambo-mecanizado-para-pequenos-productores\/","og_locale":"en_US","og_type":"article","og_title":"Inauguran un tambo mecanizado para peque\u00f1os productores | Proagro","og_description":"Autoridades del Ministerio de la Producci\u00f3n de Formosa y del Instituto Provincial de Acci\u00f3n Integral para el Peque\u00f1o Productor Agropecuario (PAIPPA) visitaron el tambo inaugurado recientemente en el establecimiento &#8220;Las Chicharras&#8221; del Paraje San Juan, Las Lomitas. La familia Paippera propietaria del tambo fortaleci\u00f3 su producci\u00f3n de queso criollo y quesillo a partir de la instalaci\u00f3n de una orde\u00f1adora mec\u00e1nica. &#8220;Estuvimos con el Coordinador Ejecutivo del Instituto Paippa, funcionarios, t\u00e9cnicos y productores, en un establecimiento que se dedica a la producci\u00f3n de carne y de leche&#8221;, sostuvo Alejandro Garc\u00eda, Ministro de la Producci\u00f3n de Formosa, y explic\u00f3 que, el tambo que est\u00e1 ubicado en el Paraje San Juan, &#8220;son productores criollos, tienen un establecimiento de 950 hect\u00e1reas, m\u00e1s de 150 cabezas de ganado, producen leche, quesos criollos y quesillo, y comercializan esa producci\u00f3n en Las Lomitas&#8221;. &#8220;Inauguramos un tambo mecanizado muy moderno que se construy\u00f3 con aportes del Gobierno de la provincia de Formosa y de los productores&#8221;, cont\u00f3 Garc\u00eda\u00a0y explic\u00f3 que tiene &#8220;una sala de orde\u00f1e, totalmente techada, con instalaciones de maderas y se instal\u00f3 como aporte no reintegrable una orde\u00f1adora mec\u00e1nica de dos bajadas&#8221;. Cabe destacar que los productores construyeron la sala de orde\u00f1e, con aportes del gobierno [&hellip;]","og_url":"https:\/\/proagrolab.com.ar\/inauguran-un-tambo-mecanizado-para-pequenos-productores\/","og_site_name":"Proagro","article_publisher":"http:\/\/www.facebook.com\/proagrolab","article_published_time":"2023-07-14T12:44:04+00:00","article_modified_time":"2023-07-14T12:44:30+00:00","og_image":[{"width":733,"height":291,"url":"https:\/\/proagrolab.com.ar\/wp-content\/uploads\/2023\/07\/Banners-InfoGanadero_734x291_2.jpg","type":"image\/jpeg"}],"author":"Admin Proagro","twitter_card":"summary_large_image","twitter_misc":{"Written by":"Admin Proagro","Est. reading time":"2 minutes"},"schema":{"@context":"https:\/\/schema.org","@graph":[{"@type":"Article","@id":"https:\/\/proagrolab.com.ar\/inauguran-un-tambo-mecanizado-para-pequenos-productores\/#article","isPartOf":{"@id":"https:\/\/proagrolab.com.ar\/inauguran-un-tambo-mecanizado-para-pequenos-productores\/"},"author":{"name":"Admin Proagro","@id":"https:\/\/proagrolab.com.ar\/#\/schema\/person\/3e30f2f0f9eadcc02d50ed3664562373"},"headline":"Inauguran un tambo mecanizado para peque\u00f1os productores","datePublished":"2023-07-14T12:44:04+00:00","dateModified":"2023-07-14T12:44:30+00:00","mainEntityOfPage":{"@id":"https:\/\/proagrolab.com.ar\/inauguran-un-tambo-mecanizado-para-pequenos-productores\/"},"wordCount":343,"commentCount":0,"publisher":{"@id":"https:\/\/proagrolab.com.ar\/#organization"},"image":{"@id":"https:\/\/proagrolab.com.ar\/inauguran-un-tambo-mecanizado-para-pequenos-productores\/#primaryimage"},"thumbnailUrl":"https:\/\/proagrolab.com.ar\/wp-content\/uploads\/2023\/07\/Banners-InfoGanadero_734x291_2.jpg","articleSection":["News"],"inLanguage":"en-US","potentialAction":[{"@type":"CommentAction","name":"Comment","target":["https:\/\/proagrolab.com.ar\/inauguran-un-tambo-mecanizado-para-pequenos-productores\/#respond"]}]},{"@type":"WebPage","@id":"https:\/\/proagrolab.com.ar\/inauguran-un-tambo-mecanizado-para-pequenos-productores\/","url":"https:\/\/proagrolab.com.ar\/inauguran-un-tambo-mecanizado-para-pequenos-productores\/","name":"Inauguran un tambo mecanizado para peque\u00f1os productores | Proagro","isPartOf":{"@id":"https:\/\/proagrolab.com.ar\/#website"},"primaryImageOfPage":{"@id":"https:\/\/proagrolab.com.ar\/inauguran-un-tambo-mecanizado-para-pequenos-productores\/#primaryimage"},"image":{"@id":"https:\/\/proagrolab.com.ar\/inauguran-un-tambo-mecanizado-para-pequenos-productores\/#primaryimage"},"thumbnailUrl":"https:\/\/proagrolab.com.ar\/wp-content\/uploads\/2023\/07\/Banners-InfoGanadero_734x291_2.jpg","datePublished":"2023-07-14T12:44:04+00:00","dateModified":"2023-07-14T12:44:30+00:00","breadcrumb":{"@id":"https:\/\/proagrolab.com.ar\/inauguran-un-tambo-mecanizado-para-pequenos-productores\/#breadcrumb"},"inLanguage":"en-US","potentialAction":[{"@type":"ReadAction","target":["https:\/\/proagrolab.com.ar\/inauguran-un-tambo-mecanizado-para-pequenos-productores\/"]}]},{"@type":"ImageObject","inLanguage":"en-US","@id":"https:\/\/proagrolab.com.ar\/inauguran-un-tambo-mecanizado-para-pequenos-productores\/#primaryimage","url":"https:\/\/proagrolab.com.ar\/wp-content\/uploads\/2023\/07\/Banners-InfoGanadero_734x291_2.jpg","contentUrl":"https:\/\/proagrolab.com.ar\/wp-content\/uploads\/2023\/07\/Banners-InfoGanadero_734x291_2.jpg","width":733,"height":291},{"@type":"BreadcrumbList","@id":"https:\/\/proagrolab.com.ar\/inauguran-un-tambo-mecanizado-para-pequenos-productores\/#breadcrumb","itemListElement":[{"@type":"ListItem","position":1,"name":"Portada","item":"https:\/\/proagrolab.com.ar\/"},{"@type":"ListItem","position":2,"name":"Inauguran un tambo mecanizado para peque\u00f1os productores"}]},{"@type":"WebSite","@id":"https:\/\/proagrolab.com.ar\/#website","url":"https:\/\/proagrolab.com.ar\/","name":"Proagro Laboratorio Veterinario","description":"Veterinary laboratory","publisher":{"@id":"https:\/\/proagrolab.com.ar\/#organization"},"potentialAction":[{"@type":"SearchAction","target":{"@type":"EntryPoint","urlTemplate":"https:\/\/proagrolab.com.ar\/?s={search_term_string}"},"query-input":{"@type":"PropertyValueSpecification","valueRequired":true,"valueName":"search_term_string"}}],"inLanguage":"en-US"},{"@type":"Organization","@id":"https:\/\/proagrolab.com.ar\/#organization","name":"Proagro","url":"https:\/\/proagrolab.com.ar\/","logo":{"@type":"ImageObject","inLanguage":"en-US","@id":"https:\/\/proagrolab.com.ar\/#\/schema\/logo\/image\/","url":"https:\/\/proagrolab.com.ar\/wp-content\/uploads\/2020\/04\/logo-retina.png","contentUrl":"https:\/\/proagrolab.com.ar\/wp-content\/uploads\/2020\/04\/logo-retina.png","width":478,"height":120,"caption":"Proagro"},"image":{"@id":"https:\/\/proagrolab.com.ar\/#\/schema\/logo\/image\/"},"sameAs":["http:\/\/www.facebook.com\/proagrolab","https:\/\/www.instagram.com\/proagrolab\/","https:\/\/www.linkedin.com\/company\/laboratorio-proagro-s-a\/"]},{"@type":"Person","@id":"https:\/\/proagrolab.com.ar\/#\/schema\/person\/3e30f2f0f9eadcc02d50ed3664562373","name":"Admin Proagro","sameAs":["http:\/\/www.sistemas7g.com"]}]}},"_links":{"self":[{"href":"https:\/\/proagrolab.com.ar\/en\/wp-json\/wp\/v2\/posts\/38571","targetHints":{"allow":["GET"]}}],"collection":[{"href":"https:\/\/proagrolab.com.ar\/en\/wp-json\/wp\/v2\/posts"}],"about":[{"href":"https:\/\/proagrolab.com.ar\/en\/wp-json\/wp\/v2\/types\/post"}],"author":[{"embeddable":true,"href":"https:\/\/proagrolab.com.ar\/en\/wp-json\/wp\/v2\/users\/6"}],"replies":[{"embeddable":true,"href":"https:\/\/proagrolab.com.ar\/en\/wp-json\/wp\/v2\/comments?post=38571"}],"version-history":[{"count":1,"href":"https:\/\/proagrolab.com.ar\/en\/wp-json\/wp\/v2\/posts\/38571\/revisions"}],"predecessor-version":[{"id":38572,"href":"https:\/\/proagrolab.com.ar\/en\/wp-json\/wp\/v2\/posts\/38571\/revisions\/38572"}],"wp:featuredmedia":[{"embeddable":true,"href":"https:\/\/proagrolab.com.ar\/en\/wp-json\/wp\/v2\/media\/38594"}],"wp:attachment":[{"href":"https:\/\/proagrolab.com.ar\/en\/wp-json\/wp\/v2\/media?parent=38571"}],"wp:term":[{"taxonomy":"category","embeddable":true,"href":"https:\/\/proagrolab.com.ar\/en\/wp-json\/wp\/v2\/categories?post=38571"},{"taxonomy":"post_tag","embeddable":true,"href":"https:\/\/proagrolab.com.ar\/en\/wp-json\/wp\/v2\/tags?post=38571"}],"curies":[{"name":"wp","href":"https:\/\/api.w.org\/{rel}","templated":true}]}}