{"id":38424,"date":"2023-06-30T14:07:13","date_gmt":"2023-06-30T14:07:13","guid":{"rendered":"https:\/\/proagrolab.com.ar\/?p=38424"},"modified":"2023-06-30T14:07:13","modified_gmt":"2023-06-30T14:07:13","slug":"un-argentino-en-el-campo-rumano-lidera-un-rodeo-de-1000-angus-y-cuenta-como-es-la-vida-de-un-profesional-del-agro-en-europa","status":"publish","type":"post","link":"https:\/\/proagrolab.com.ar\/en\/un-argentino-en-el-campo-rumano-lidera-un-rodeo-de-1000-angus-y-cuenta-como-es-la-vida-de-un-profesional-del-agro-en-europa\/","title":{"rendered":"Un argentino en el campo rumano: lidera un rodeo de 1000 Angus y cuenta c\u00f3mo es la vida de un profesional del agro en Europa"},"content":{"rendered":"<p class=\"qtranxs-available-languages-message qtranxs-available-languages-message-en\"> <\/p><p><\/p>\n<p><strong>Hace siete a\u00f1os, Nicol\u00e1s Sara comenz\u00f3 su trayectoria laboral en la regi\u00f3n de Entre R\u00edos.<\/strong>\u00a0Sin embargo, en el 2020, recibi\u00f3 una oferta que le cambiaria la vida: trasladarse a Rumania para liderar proyectos ganaderos.<\/p>\n<h2>Un argentino en un campo de Rumania<\/h2>\n<p>A pesar de que muchos dudaron de esta oportunidad, Nicol\u00e1s, recibido de t\u00e9cnico agropecuario (IDESA),\u00a0<strong>decidi\u00f3 aceptar el desaf\u00edo y emprendi\u00f3 una aventura en un campo ubicado al este de Timosoara, la tercera ciudad m\u00e1s grande de Rumania.<\/strong><\/p>\n<p>Despu\u00e9s de un primer viaje de tres meses, en el cual logr\u00f3 implementar cambios significativos en las operaciones ganaderas, fue nombrado Project Manager y\u00a0<strong>hoy, con sus 37 a\u00f1os, se le encomend\u00f3 la tarea de gestionar un proyecto: establecer 1000 madres de raza\u00a0<\/strong>Aberdeen Angus<strong>\u00a0negro para la producci\u00f3n de carne.<\/strong><\/p>\n<p><strong>En promedio, un veterinario en Rumania cobra unos 1500 euros, mientras que un l\u00edder de proyecto puede apuntar a unos 3000\/5000.<\/strong><\/p>\n<p>Pero esta historia no solo trata del \u00e9xito profesional, sino tambi\u00e9n del amor y la compa\u00f1\u00eda.\u00a0<strong>En medio de este proceso de transformaci\u00f3n, Nicol\u00e1s decidi\u00f3 llevarse a su perro, un border colie de nombre &#8220;Benito&#8221; que lo acompa\u00f1a todos los d\u00edas en su recorrida del campo.<\/strong><\/p>\n<p>El futuro profesional en Rumania se presenta prometedor.\u00a0<strong>Se convirti\u00f3 en un eslab\u00f3n fundamental que lleva adelante la tarea de producir carne de res alimentada con pasto en uno de los establecimientos que posee Ingleby Farms a lo largo y ancho del planeta.<\/strong><\/p>\n<p>\u201cSe trata de terrenos que no son aptos para la producci\u00f3n de cultivos. Por eso integramos Aberdeen Angus.\u00a0<strong>El ganado nos ayuda a diversificar nuestra operaci\u00f3n y construir materia org\u00e1nica en el suelo\u201d,<\/strong>\u00a0cuenta el t\u00e9cnico.<\/p>\n<p><strong>Su hogar se encuentra en medio de una plantaci\u00f3n de ar\u00e1ndanos, donde admira las t\u00e9cnicas de riego y la forma en que &#8220;cosechan&#8221; el agua.<\/strong>\u00a0Pero ese es un tema que merece un cap\u00edtulo aparte.<\/p>\n<p><strong>Como responsable de la ganader\u00eda, Nicol\u00e1s trabaja en estrecha colaboraci\u00f3n con un veterinario para tomar decisiones estrat\u00e9gicas, como la implementaci\u00f3n de la inseminaci\u00f3n artificial<\/strong>. Sin embargo, destaca las diferencias en subsidios y regulaciones en Rumania, como el pago recibido por cada animal Angus, una medida que fomenta la ganader\u00eda en el pa\u00eds.<\/p>\n<p>La log\u00edstica tambi\u00e9n representa un desaf\u00edo en este entorno monta\u00f1oso y con condiciones clim\u00e1ticas particulares. En este sentido, bajo el rol de Project Manager estableci\u00f3 un equipo dedicado al cultivo de pasto y la preparaci\u00f3n de &#8220;camas&#8221; para el ganado.\u00a0<strong>Adem\u00e1s, supo construir infraestructuras esenciales, como corrales y mangas, que antes eran inexistentes en la regi\u00f3n. Otro equipo se encarga del\u00a0<\/strong>bienestar<strong>\u00a0de los terneros, asegur\u00e1ndose de su cuidado y comodidad.<\/strong><\/p>\n<p>Sin embargo, explica que, en Rumania, se requiere autorizaci\u00f3n estatal para utilizar toros espec\u00edficos, lo que implica enviar resultados de an\u00e1lisis y muestras de ADN para obtener permisos.\u00a0<strong>Reci\u00e9n luego de cumplir con los requisitos, el Estado paga una cantidad de dinero por cada animal Angus que se posee para fomentar la actividad ganadera en el pa\u00eds.<\/strong><\/p>\n<p>Con su perro como compa\u00f1ero, comienza su jornada temprano en la ma\u00f1ana, coordinando tareas y supervisando equipos.<strong>\u00a0Desde que acept\u00f3 el desaf\u00edo de trasladarse a Rumania, logr\u00f3 transmitir sus aprendizajes en la escuela agrot\u00e9cnica de su pueblo, en Villaguay.<\/strong><\/p>\n<p>Pero su historia no estar\u00eda completa sin el apoyo de su esposa, que ya han iniciado los tr\u00e1mites para establecerse de manera permanente\u00a0<strong>en Rumania y esperan el momento de reunirse y embarcarse en esta aventura juntos.<\/strong><\/p>\n<p>Fuente:<a href=\"https:\/\/news.agrofy.com.ar\/noticia\/205330\/argentino-campo-rumano-lidera-rodeo-1000-angus-y-cuenta-como-es-vida-profesional-agro\"> https:\/\/news.agrofy.com.ar\/noticia\/205330\/argentino-campo-rumano-lidera-rodeo-1000-angus-y-cuenta-como-es-vida-profesional-agro<\/a><\/p>\n<p><\/p>","protected":false},"excerpt":{"rendered":"<p>Hace siete a\u00f1os, Nicol\u00e1s Sara comenz\u00f3 su trayectoria laboral en la regi\u00f3n de Entre R\u00edos.\u00a0Sin embargo, en el 2020, recibi\u00f3 una oferta que le cambiaria la vida: trasladarse a Rumania para liderar proyectos ganaderos. Un argentino en un campo de Rumania A pesar de que muchos dudaron de esta oportunidad, Nicol\u00e1s, recibido de t\u00e9cnico agropecuario (IDESA),\u00a0decidi\u00f3 aceptar el desaf\u00edo y emprendi\u00f3 una aventura en un campo ubicado al este de Timosoara, la tercera ciudad m\u00e1s grande de Rumania. Despu\u00e9s de un primer viaje de tres meses, en el cual logr\u00f3 implementar cambios significativos en las operaciones ganaderas, fue nombrado Project Manager y\u00a0hoy, con sus 37 a\u00f1os, se le encomend\u00f3 la tarea de gestionar un proyecto: establecer 1000 madres de raza\u00a0Aberdeen Angus\u00a0negro para la producci\u00f3n de carne. En promedio, un veterinario en Rumania cobra unos 1500 euros, mientras que un l\u00edder de proyecto puede apuntar a unos 3000\/5000. Pero esta historia no solo trata del \u00e9xito profesional, sino tambi\u00e9n del amor y la compa\u00f1\u00eda.\u00a0En medio de este proceso de transformaci\u00f3n, Nicol\u00e1s decidi\u00f3 llevarse a su perro, un border colie de nombre &#8220;Benito&#8221; que lo acompa\u00f1a todos los d\u00edas en su recorrida del campo. El futuro profesional en Rumania se presenta prometedor.\u00a0Se [&hellip;]<\/p>\n","protected":false},"author":6,"featured_media":38436,"comment_status":"open","ping_status":"closed","sticky":false,"template":"","format":"standard","meta":{"_acf_changed":false,"footnotes":""},"categories":[56],"tags":[],"class_list":["post-38424","post","type-post","status-publish","format-standard","has-post-thumbnail","hentry","category-infoganadero"],"acf":[],"yoast_head":"<!-- This site is optimized with the Yoast SEO plugin v27.5 - https:\/\/yoast.com\/product\/yoast-seo-wordpress\/ -->\n<title>Un argentino en el campo rumano: lidera un rodeo de 1000 Angus y cuenta c\u00f3mo es la vida de un profesional del agro en Europa | Proagro<\/title>\n<meta name=\"robots\" content=\"index, follow, max-snippet:-1, max-image-preview:large, max-video-preview:-1\" \/>\n<link rel=\"canonical\" href=\"https:\/\/proagrolab.com.ar\/en\/un-argentino-en-el-campo-rumano-lidera-un-rodeo-de-1000-angus-y-cuenta-como-es-la-vida-de-un-profesional-del-agro-en-europa\/\" \/>\n<meta property=\"og:locale\" content=\"en_US\" \/>\n<meta property=\"og:type\" content=\"article\" \/>\n<meta property=\"og:title\" content=\"Un argentino en el campo rumano: lidera un rodeo de 1000 Angus y cuenta c\u00f3mo es la vida de un profesional del agro en Europa | Proagro\" \/>\n<meta property=\"og:description\" content=\"Hace siete a\u00f1os, Nicol\u00e1s Sara comenz\u00f3 su trayectoria laboral en la regi\u00f3n de Entre R\u00edos.\u00a0Sin embargo, en el 2020, recibi\u00f3 una oferta que le cambiaria la vida: trasladarse a Rumania para liderar proyectos ganaderos. Un argentino en un campo de Rumania A pesar de que muchos dudaron de esta oportunidad, Nicol\u00e1s, recibido de t\u00e9cnico agropecuario (IDESA),\u00a0decidi\u00f3 aceptar el desaf\u00edo y emprendi\u00f3 una aventura en un campo ubicado al este de Timosoara, la tercera ciudad m\u00e1s grande de Rumania. Despu\u00e9s de un primer viaje de tres meses, en el cual logr\u00f3 implementar cambios significativos en las operaciones ganaderas, fue nombrado Project Manager y\u00a0hoy, con sus 37 a\u00f1os, se le encomend\u00f3 la tarea de gestionar un proyecto: establecer 1000 madres de raza\u00a0Aberdeen Angus\u00a0negro para la producci\u00f3n de carne. En promedio, un veterinario en Rumania cobra unos 1500 euros, mientras que un l\u00edder de proyecto puede apuntar a unos 3000\/5000. Pero esta historia no solo trata del \u00e9xito profesional, sino tambi\u00e9n del amor y la compa\u00f1\u00eda.\u00a0En medio de este proceso de transformaci\u00f3n, Nicol\u00e1s decidi\u00f3 llevarse a su perro, un border colie de nombre &#8220;Benito&#8221; que lo acompa\u00f1a todos los d\u00edas en su recorrida del campo. El futuro profesional en Rumania se presenta prometedor.\u00a0Se [&hellip;]\" \/>\n<meta property=\"og:url\" content=\"https:\/\/proagrolab.com.ar\/un-argentino-en-el-campo-rumano-lidera-un-rodeo-de-1000-angus-y-cuenta-como-es-la-vida-de-un-profesional-del-agro-en-europa\/\" \/>\n<meta property=\"og:site_name\" content=\"Proagro\" \/>\n<meta property=\"article:publisher\" content=\"http:\/\/www.facebook.com\/proagrolab\" \/>\n<meta property=\"article:published_time\" content=\"2023-06-30T14:07:13+00:00\" \/>\n<meta property=\"og:image\" content=\"https:\/\/proagrolab.com.ar\/wp-content\/uploads\/2023\/06\/InfoG_3-100.jpg\" \/>\n\t<meta property=\"og:image:width\" content=\"734\" \/>\n\t<meta property=\"og:image:height\" content=\"291\" \/>\n\t<meta property=\"og:image:type\" content=\"image\/jpeg\" \/>\n<meta name=\"author\" content=\"Admin Proagro\" \/>\n<meta name=\"twitter:card\" content=\"summary_large_image\" \/>\n<meta name=\"twitter:label1\" content=\"Written by\" \/>\n\t<meta name=\"twitter:data1\" content=\"Admin Proagro\" \/>\n\t<meta name=\"twitter:label2\" content=\"Est. reading time\" \/>\n\t<meta name=\"twitter:data2\" content=\"3 minutes\" \/>\n<script type=\"application\/ld+json\" class=\"yoast-schema-graph\">{\"@context\":\"https:\\\/\\\/schema.org\",\"@graph\":[{\"@type\":\"Article\",\"@id\":\"https:\\\/\\\/proagrolab.com.ar\\\/un-argentino-en-el-campo-rumano-lidera-un-rodeo-de-1000-angus-y-cuenta-como-es-la-vida-de-un-profesional-del-agro-en-europa\\\/#article\",\"isPartOf\":{\"@id\":\"https:\\\/\\\/proagrolab.com.ar\\\/un-argentino-en-el-campo-rumano-lidera-un-rodeo-de-1000-angus-y-cuenta-como-es-la-vida-de-un-profesional-del-agro-en-europa\\\/\"},\"author\":{\"name\":\"Admin Proagro\",\"@id\":\"https:\\\/\\\/proagrolab.com.ar\\\/#\\\/schema\\\/person\\\/3e30f2f0f9eadcc02d50ed3664562373\"},\"headline\":\"Un argentino en el campo rumano: lidera un rodeo de 1000 Angus y cuenta c\u00f3mo es la vida de un profesional del agro en Europa\",\"datePublished\":\"2023-06-30T14:07:13+00:00\",\"mainEntityOfPage\":{\"@id\":\"https:\\\/\\\/proagrolab.com.ar\\\/un-argentino-en-el-campo-rumano-lidera-un-rodeo-de-1000-angus-y-cuenta-como-es-la-vida-de-un-profesional-del-agro-en-europa\\\/\"},\"wordCount\":654,\"commentCount\":0,\"publisher\":{\"@id\":\"https:\\\/\\\/proagrolab.com.ar\\\/#organization\"},\"image\":{\"@id\":\"https:\\\/\\\/proagrolab.com.ar\\\/un-argentino-en-el-campo-rumano-lidera-un-rodeo-de-1000-angus-y-cuenta-como-es-la-vida-de-un-profesional-del-agro-en-europa\\\/#primaryimage\"},\"thumbnailUrl\":\"https:\\\/\\\/proagrolab.com.ar\\\/wp-content\\\/uploads\\\/2023\\\/06\\\/InfoG_3-100.jpg\",\"articleSection\":[\"News\"],\"inLanguage\":\"en-US\",\"potentialAction\":[{\"@type\":\"CommentAction\",\"name\":\"Comment\",\"target\":[\"https:\\\/\\\/proagrolab.com.ar\\\/un-argentino-en-el-campo-rumano-lidera-un-rodeo-de-1000-angus-y-cuenta-como-es-la-vida-de-un-profesional-del-agro-en-europa\\\/#respond\"]}]},{\"@type\":\"WebPage\",\"@id\":\"https:\\\/\\\/proagrolab.com.ar\\\/un-argentino-en-el-campo-rumano-lidera-un-rodeo-de-1000-angus-y-cuenta-como-es-la-vida-de-un-profesional-del-agro-en-europa\\\/\",\"url\":\"https:\\\/\\\/proagrolab.com.ar\\\/un-argentino-en-el-campo-rumano-lidera-un-rodeo-de-1000-angus-y-cuenta-como-es-la-vida-de-un-profesional-del-agro-en-europa\\\/\",\"name\":\"Un argentino en el campo rumano: lidera un rodeo de 1000 Angus y cuenta c\u00f3mo es la vida de un profesional del agro en Europa | Proagro\",\"isPartOf\":{\"@id\":\"https:\\\/\\\/proagrolab.com.ar\\\/#website\"},\"primaryImageOfPage\":{\"@id\":\"https:\\\/\\\/proagrolab.com.ar\\\/un-argentino-en-el-campo-rumano-lidera-un-rodeo-de-1000-angus-y-cuenta-como-es-la-vida-de-un-profesional-del-agro-en-europa\\\/#primaryimage\"},\"image\":{\"@id\":\"https:\\\/\\\/proagrolab.com.ar\\\/un-argentino-en-el-campo-rumano-lidera-un-rodeo-de-1000-angus-y-cuenta-como-es-la-vida-de-un-profesional-del-agro-en-europa\\\/#primaryimage\"},\"thumbnailUrl\":\"https:\\\/\\\/proagrolab.com.ar\\\/wp-content\\\/uploads\\\/2023\\\/06\\\/InfoG_3-100.jpg\",\"datePublished\":\"2023-06-30T14:07:13+00:00\",\"breadcrumb\":{\"@id\":\"https:\\\/\\\/proagrolab.com.ar\\\/un-argentino-en-el-campo-rumano-lidera-un-rodeo-de-1000-angus-y-cuenta-como-es-la-vida-de-un-profesional-del-agro-en-europa\\\/#breadcrumb\"},\"inLanguage\":\"en-US\",\"potentialAction\":[{\"@type\":\"ReadAction\",\"target\":[\"https:\\\/\\\/proagrolab.com.ar\\\/un-argentino-en-el-campo-rumano-lidera-un-rodeo-de-1000-angus-y-cuenta-como-es-la-vida-de-un-profesional-del-agro-en-europa\\\/\"]}]},{\"@type\":\"ImageObject\",\"inLanguage\":\"en-US\",\"@id\":\"https:\\\/\\\/proagrolab.com.ar\\\/un-argentino-en-el-campo-rumano-lidera-un-rodeo-de-1000-angus-y-cuenta-como-es-la-vida-de-un-profesional-del-agro-en-europa\\\/#primaryimage\",\"url\":\"https:\\\/\\\/proagrolab.com.ar\\\/wp-content\\\/uploads\\\/2023\\\/06\\\/InfoG_3-100.jpg\",\"contentUrl\":\"https:\\\/\\\/proagrolab.com.ar\\\/wp-content\\\/uploads\\\/2023\\\/06\\\/InfoG_3-100.jpg\",\"width\":734,\"height\":291},{\"@type\":\"BreadcrumbList\",\"@id\":\"https:\\\/\\\/proagrolab.com.ar\\\/un-argentino-en-el-campo-rumano-lidera-un-rodeo-de-1000-angus-y-cuenta-como-es-la-vida-de-un-profesional-del-agro-en-europa\\\/#breadcrumb\",\"itemListElement\":[{\"@type\":\"ListItem\",\"position\":1,\"name\":\"Portada\",\"item\":\"https:\\\/\\\/proagrolab.com.ar\\\/\"},{\"@type\":\"ListItem\",\"position\":2,\"name\":\"Un argentino en el campo rumano: lidera un rodeo de 1000 Angus y cuenta c\u00f3mo es la vida de un profesional del agro en Europa\"}]},{\"@type\":\"WebSite\",\"@id\":\"https:\\\/\\\/proagrolab.com.ar\\\/#website\",\"url\":\"https:\\\/\\\/proagrolab.com.ar\\\/\",\"name\":\"Proagro Laboratorio Veterinario\",\"description\":\"Veterinary laboratory\",\"publisher\":{\"@id\":\"https:\\\/\\\/proagrolab.com.ar\\\/#organization\"},\"potentialAction\":[{\"@type\":\"SearchAction\",\"target\":{\"@type\":\"EntryPoint\",\"urlTemplate\":\"https:\\\/\\\/proagrolab.com.ar\\\/?s={search_term_string}\"},\"query-input\":{\"@type\":\"PropertyValueSpecification\",\"valueRequired\":true,\"valueName\":\"search_term_string\"}}],\"inLanguage\":\"en-US\"},{\"@type\":\"Organization\",\"@id\":\"https:\\\/\\\/proagrolab.com.ar\\\/#organization\",\"name\":\"Proagro\",\"url\":\"https:\\\/\\\/proagrolab.com.ar\\\/\",\"logo\":{\"@type\":\"ImageObject\",\"inLanguage\":\"en-US\",\"@id\":\"https:\\\/\\\/proagrolab.com.ar\\\/#\\\/schema\\\/logo\\\/image\\\/\",\"url\":\"https:\\\/\\\/proagrolab.com.ar\\\/wp-content\\\/uploads\\\/2020\\\/04\\\/logo-retina.png\",\"contentUrl\":\"https:\\\/\\\/proagrolab.com.ar\\\/wp-content\\\/uploads\\\/2020\\\/04\\\/logo-retina.png\",\"width\":478,\"height\":120,\"caption\":\"Proagro\"},\"image\":{\"@id\":\"https:\\\/\\\/proagrolab.com.ar\\\/#\\\/schema\\\/logo\\\/image\\\/\"},\"sameAs\":[\"http:\\\/\\\/www.facebook.com\\\/proagrolab\",\"https:\\\/\\\/www.instagram.com\\\/proagrolab\\\/\",\"https:\\\/\\\/www.linkedin.com\\\/company\\\/laboratorio-proagro-s-a\\\/\"]},{\"@type\":\"Person\",\"@id\":\"https:\\\/\\\/proagrolab.com.ar\\\/#\\\/schema\\\/person\\\/3e30f2f0f9eadcc02d50ed3664562373\",\"name\":\"Admin Proagro\",\"sameAs\":[\"http:\\\/\\\/www.sistemas7g.com\"]}]}<\/script>\n<!-- \/ Yoast SEO plugin. -->","yoast_head_json":{"title":"Un argentino en el campo rumano: lidera un rodeo de 1000 Angus y cuenta c\u00f3mo es la vida de un profesional del agro en Europa | Proagro","robots":{"index":"index","follow":"follow","max-snippet":"max-snippet:-1","max-image-preview":"max-image-preview:large","max-video-preview":"max-video-preview:-1"},"canonical":"https:\/\/proagrolab.com.ar\/en\/un-argentino-en-el-campo-rumano-lidera-un-rodeo-de-1000-angus-y-cuenta-como-es-la-vida-de-un-profesional-del-agro-en-europa\/","og_locale":"en_US","og_type":"article","og_title":"Un argentino en el campo rumano: lidera un rodeo de 1000 Angus y cuenta c\u00f3mo es la vida de un profesional del agro en Europa | Proagro","og_description":"Hace siete a\u00f1os, Nicol\u00e1s Sara comenz\u00f3 su trayectoria laboral en la regi\u00f3n de Entre R\u00edos.\u00a0Sin embargo, en el 2020, recibi\u00f3 una oferta que le cambiaria la vida: trasladarse a Rumania para liderar proyectos ganaderos. Un argentino en un campo de Rumania A pesar de que muchos dudaron de esta oportunidad, Nicol\u00e1s, recibido de t\u00e9cnico agropecuario (IDESA),\u00a0decidi\u00f3 aceptar el desaf\u00edo y emprendi\u00f3 una aventura en un campo ubicado al este de Timosoara, la tercera ciudad m\u00e1s grande de Rumania. Despu\u00e9s de un primer viaje de tres meses, en el cual logr\u00f3 implementar cambios significativos en las operaciones ganaderas, fue nombrado Project Manager y\u00a0hoy, con sus 37 a\u00f1os, se le encomend\u00f3 la tarea de gestionar un proyecto: establecer 1000 madres de raza\u00a0Aberdeen Angus\u00a0negro para la producci\u00f3n de carne. En promedio, un veterinario en Rumania cobra unos 1500 euros, mientras que un l\u00edder de proyecto puede apuntar a unos 3000\/5000. Pero esta historia no solo trata del \u00e9xito profesional, sino tambi\u00e9n del amor y la compa\u00f1\u00eda.\u00a0En medio de este proceso de transformaci\u00f3n, Nicol\u00e1s decidi\u00f3 llevarse a su perro, un border colie de nombre &#8220;Benito&#8221; que lo acompa\u00f1a todos los d\u00edas en su recorrida del campo. El futuro profesional en Rumania se presenta prometedor.\u00a0Se [&hellip;]","og_url":"https:\/\/proagrolab.com.ar\/un-argentino-en-el-campo-rumano-lidera-un-rodeo-de-1000-angus-y-cuenta-como-es-la-vida-de-un-profesional-del-agro-en-europa\/","og_site_name":"Proagro","article_publisher":"http:\/\/www.facebook.com\/proagrolab","article_published_time":"2023-06-30T14:07:13+00:00","og_image":[{"width":734,"height":291,"url":"https:\/\/proagrolab.com.ar\/wp-content\/uploads\/2023\/06\/InfoG_3-100.jpg","type":"image\/jpeg"}],"author":"Admin Proagro","twitter_card":"summary_large_image","twitter_misc":{"Written by":"Admin Proagro","Est. reading time":"3 minutes"},"schema":{"@context":"https:\/\/schema.org","@graph":[{"@type":"Article","@id":"https:\/\/proagrolab.com.ar\/un-argentino-en-el-campo-rumano-lidera-un-rodeo-de-1000-angus-y-cuenta-como-es-la-vida-de-un-profesional-del-agro-en-europa\/#article","isPartOf":{"@id":"https:\/\/proagrolab.com.ar\/un-argentino-en-el-campo-rumano-lidera-un-rodeo-de-1000-angus-y-cuenta-como-es-la-vida-de-un-profesional-del-agro-en-europa\/"},"author":{"name":"Admin Proagro","@id":"https:\/\/proagrolab.com.ar\/#\/schema\/person\/3e30f2f0f9eadcc02d50ed3664562373"},"headline":"Un argentino en el campo rumano: lidera un rodeo de 1000 Angus y cuenta c\u00f3mo es la vida de un profesional del agro en Europa","datePublished":"2023-06-30T14:07:13+00:00","mainEntityOfPage":{"@id":"https:\/\/proagrolab.com.ar\/un-argentino-en-el-campo-rumano-lidera-un-rodeo-de-1000-angus-y-cuenta-como-es-la-vida-de-un-profesional-del-agro-en-europa\/"},"wordCount":654,"commentCount":0,"publisher":{"@id":"https:\/\/proagrolab.com.ar\/#organization"},"image":{"@id":"https:\/\/proagrolab.com.ar\/un-argentino-en-el-campo-rumano-lidera-un-rodeo-de-1000-angus-y-cuenta-como-es-la-vida-de-un-profesional-del-agro-en-europa\/#primaryimage"},"thumbnailUrl":"https:\/\/proagrolab.com.ar\/wp-content\/uploads\/2023\/06\/InfoG_3-100.jpg","articleSection":["News"],"inLanguage":"en-US","potentialAction":[{"@type":"CommentAction","name":"Comment","target":["https:\/\/proagrolab.com.ar\/un-argentino-en-el-campo-rumano-lidera-un-rodeo-de-1000-angus-y-cuenta-como-es-la-vida-de-un-profesional-del-agro-en-europa\/#respond"]}]},{"@type":"WebPage","@id":"https:\/\/proagrolab.com.ar\/un-argentino-en-el-campo-rumano-lidera-un-rodeo-de-1000-angus-y-cuenta-como-es-la-vida-de-un-profesional-del-agro-en-europa\/","url":"https:\/\/proagrolab.com.ar\/un-argentino-en-el-campo-rumano-lidera-un-rodeo-de-1000-angus-y-cuenta-como-es-la-vida-de-un-profesional-del-agro-en-europa\/","name":"Un argentino en el campo rumano: lidera un rodeo de 1000 Angus y cuenta c\u00f3mo es la vida de un profesional del agro en Europa | Proagro","isPartOf":{"@id":"https:\/\/proagrolab.com.ar\/#website"},"primaryImageOfPage":{"@id":"https:\/\/proagrolab.com.ar\/un-argentino-en-el-campo-rumano-lidera-un-rodeo-de-1000-angus-y-cuenta-como-es-la-vida-de-un-profesional-del-agro-en-europa\/#primaryimage"},"image":{"@id":"https:\/\/proagrolab.com.ar\/un-argentino-en-el-campo-rumano-lidera-un-rodeo-de-1000-angus-y-cuenta-como-es-la-vida-de-un-profesional-del-agro-en-europa\/#primaryimage"},"thumbnailUrl":"https:\/\/proagrolab.com.ar\/wp-content\/uploads\/2023\/06\/InfoG_3-100.jpg","datePublished":"2023-06-30T14:07:13+00:00","breadcrumb":{"@id":"https:\/\/proagrolab.com.ar\/un-argentino-en-el-campo-rumano-lidera-un-rodeo-de-1000-angus-y-cuenta-como-es-la-vida-de-un-profesional-del-agro-en-europa\/#breadcrumb"},"inLanguage":"en-US","potentialAction":[{"@type":"ReadAction","target":["https:\/\/proagrolab.com.ar\/un-argentino-en-el-campo-rumano-lidera-un-rodeo-de-1000-angus-y-cuenta-como-es-la-vida-de-un-profesional-del-agro-en-europa\/"]}]},{"@type":"ImageObject","inLanguage":"en-US","@id":"https:\/\/proagrolab.com.ar\/un-argentino-en-el-campo-rumano-lidera-un-rodeo-de-1000-angus-y-cuenta-como-es-la-vida-de-un-profesional-del-agro-en-europa\/#primaryimage","url":"https:\/\/proagrolab.com.ar\/wp-content\/uploads\/2023\/06\/InfoG_3-100.jpg","contentUrl":"https:\/\/proagrolab.com.ar\/wp-content\/uploads\/2023\/06\/InfoG_3-100.jpg","width":734,"height":291},{"@type":"BreadcrumbList","@id":"https:\/\/proagrolab.com.ar\/un-argentino-en-el-campo-rumano-lidera-un-rodeo-de-1000-angus-y-cuenta-como-es-la-vida-de-un-profesional-del-agro-en-europa\/#breadcrumb","itemListElement":[{"@type":"ListItem","position":1,"name":"Portada","item":"https:\/\/proagrolab.com.ar\/"},{"@type":"ListItem","position":2,"name":"Un argentino en el campo rumano: lidera un rodeo de 1000 Angus y cuenta c\u00f3mo es la vida de un profesional del agro en Europa"}]},{"@type":"WebSite","@id":"https:\/\/proagrolab.com.ar\/#website","url":"https:\/\/proagrolab.com.ar\/","name":"Proagro Laboratorio Veterinario","description":"Veterinary laboratory","publisher":{"@id":"https:\/\/proagrolab.com.ar\/#organization"},"potentialAction":[{"@type":"SearchAction","target":{"@type":"EntryPoint","urlTemplate":"https:\/\/proagrolab.com.ar\/?s={search_term_string}"},"query-input":{"@type":"PropertyValueSpecification","valueRequired":true,"valueName":"search_term_string"}}],"inLanguage":"en-US"},{"@type":"Organization","@id":"https:\/\/proagrolab.com.ar\/#organization","name":"Proagro","url":"https:\/\/proagrolab.com.ar\/","logo":{"@type":"ImageObject","inLanguage":"en-US","@id":"https:\/\/proagrolab.com.ar\/#\/schema\/logo\/image\/","url":"https:\/\/proagrolab.com.ar\/wp-content\/uploads\/2020\/04\/logo-retina.png","contentUrl":"https:\/\/proagrolab.com.ar\/wp-content\/uploads\/2020\/04\/logo-retina.png","width":478,"height":120,"caption":"Proagro"},"image":{"@id":"https:\/\/proagrolab.com.ar\/#\/schema\/logo\/image\/"},"sameAs":["http:\/\/www.facebook.com\/proagrolab","https:\/\/www.instagram.com\/proagrolab\/","https:\/\/www.linkedin.com\/company\/laboratorio-proagro-s-a\/"]},{"@type":"Person","@id":"https:\/\/proagrolab.com.ar\/#\/schema\/person\/3e30f2f0f9eadcc02d50ed3664562373","name":"Admin Proagro","sameAs":["http:\/\/www.sistemas7g.com"]}]}},"_links":{"self":[{"href":"https:\/\/proagrolab.com.ar\/en\/wp-json\/wp\/v2\/posts\/38424","targetHints":{"allow":["GET"]}}],"collection":[{"href":"https:\/\/proagrolab.com.ar\/en\/wp-json\/wp\/v2\/posts"}],"about":[{"href":"https:\/\/proagrolab.com.ar\/en\/wp-json\/wp\/v2\/types\/post"}],"author":[{"embeddable":true,"href":"https:\/\/proagrolab.com.ar\/en\/wp-json\/wp\/v2\/users\/6"}],"replies":[{"embeddable":true,"href":"https:\/\/proagrolab.com.ar\/en\/wp-json\/wp\/v2\/comments?post=38424"}],"version-history":[{"count":1,"href":"https:\/\/proagrolab.com.ar\/en\/wp-json\/wp\/v2\/posts\/38424\/revisions"}],"predecessor-version":[{"id":38425,"href":"https:\/\/proagrolab.com.ar\/en\/wp-json\/wp\/v2\/posts\/38424\/revisions\/38425"}],"wp:featuredmedia":[{"embeddable":true,"href":"https:\/\/proagrolab.com.ar\/en\/wp-json\/wp\/v2\/media\/38436"}],"wp:attachment":[{"href":"https:\/\/proagrolab.com.ar\/en\/wp-json\/wp\/v2\/media?parent=38424"}],"wp:term":[{"taxonomy":"category","embeddable":true,"href":"https:\/\/proagrolab.com.ar\/en\/wp-json\/wp\/v2\/categories?post=38424"},{"taxonomy":"post_tag","embeddable":true,"href":"https:\/\/proagrolab.com.ar\/en\/wp-json\/wp\/v2\/tags?post=38424"}],"curies":[{"name":"wp","href":"https:\/\/api.w.org\/{rel}","templated":true}]}}