{"id":37887,"date":"2023-05-19T13:27:13","date_gmt":"2023-05-19T13:27:13","guid":{"rendered":"https:\/\/proagrolab.com.ar\/?p=37887"},"modified":"2023-05-19T13:30:22","modified_gmt":"2023-05-19T13:30:22","slug":"faena-de-vacas-un-ritmo-elevado-aun-sin-haber-ingresado-al-periodo-de-mayor-salida","status":"publish","type":"post","link":"https:\/\/proagrolab.com.ar\/en\/faena-de-vacas-un-ritmo-elevado-aun-sin-haber-ingresado-al-periodo-de-mayor-salida\/","title":{"rendered":"Faena de vacas: Un ritmo elevado a\u00fan sin haber ingresado al per\u00edodo de mayor salida"},"content":{"rendered":"<p class=\"qtranxs-available-languages-message qtranxs-available-languages-message-en\"> <\/p><p><\/p>\n<div class=\"astra-advanced-hook-413 \">\n<div class=\"elementor elementor-413\" data-elementor-type=\"wp-post\" data-elementor-id=\"413\">\n<div class=\"elementor-inner\">\n<div class=\"elementor-section-wrap\">\n<section class=\"elementor-section elementor-top-section elementor-element elementor-element-b152bb4 elementor-section-boxed elementor-section-height-default elementor-section-height-default\" data-id=\"b152bb4\" data-element_type=\"section\">\n<div class=\"elementor-container elementor-column-gap-no\">\n<div class=\"elementor-row\">\n<div class=\"elementor-column elementor-col-100 elementor-top-column elementor-element elementor-element-8c554b8\" data-id=\"8c554b8\" data-element_type=\"column\">\n<div class=\"elementor-column-wrap elementor-element-populated\">\n<div class=\"elementor-widget-wrap\">\n<div class=\"elementor-element elementor-element-98ad4f4 elementor-widget elementor-widget-theme-post-excerpt\" data-id=\"98ad4f4\" data-element_type=\"widget\" data-widget_type=\"theme-post-excerpt.default\">\n<div class=\"elementor-widget-container\">A\u00fan no hemos ingresado el per\u00edodo de mayor salida de vacas y los indicadores de faena muestran cifras muy elevadas en relaci\u00f3n al stock. Informe del Rosgan.<\/div>\n<\/div>\n<\/div>\n<\/div>\n<\/div>\n<\/div>\n<\/div>\n<\/section>\n<\/div>\n<\/div>\n<\/div>\n<\/div>\n<figure class=\"wp-block-image aligncenter size-full is-resized\"><img loading=\"lazy\" decoding=\"async\" class=\"wp-image-120711 entered lazyloaded\" src=\"https:\/\/www.todoagro.com.ar\/wp-content\/uploads\/2023\/05\/rosgan-mayo-a.jpg\" sizes=\"auto, (max-width: 750px) 100vw, 750px\" srcset=\"https:\/\/www.todoagro.com.ar\/wp-content\/uploads\/2023\/05\/rosgan-mayo-a.jpg 600w, https:\/\/www.todoagro.com.ar\/wp-content\/uploads\/2023\/05\/rosgan-mayo-a-300x156.jpg 300w\" alt=\"\" width=\"750\" height=\"390\" data-lazy-srcset=\"https:\/\/www.todoagro.com.ar\/wp-content\/uploads\/2023\/05\/rosgan-mayo-a.jpg 600w, https:\/\/www.todoagro.com.ar\/wp-content\/uploads\/2023\/05\/rosgan-mayo-a-300x156.jpg 300w\" data-lazy-sizes=\"(max-width: 750px) 100vw, 750px\" data-lazy-src=\"https:\/\/www.todoagro.com.ar\/wp-content\/uploads\/2023\/05\/rosgan-mayo-a.jpg\" data-ll-status=\"loaded\" \/><\/figure>\n<p>Datos preliminares, que surgen de los movimientos de hacienda que publica SENASA en base a los DTe. (Documento de Transito Electr\u00f3nico), muestran un crecimiento interanual en las remisiones de vacas con destino a faena del 21% en abril, alcanzando un pico de 313.500 cabezas.<\/p>\n<p>Tomando este \u00faltimo dato como referencia de faena, en los primeros cuatro meses del a\u00f1o el total de vacas sacrificadas ascender\u00eda a 988.500, unas 220.000 vacas m\u00e1s que las registradas en igual per\u00edodo un a\u00f1o atr\u00e1s.\u00a0\u00a0<\/p>\n<figure class=\"wp-block-image aligncenter size-full is-resized\"><img loading=\"lazy\" decoding=\"async\" class=\"wp-image-120712 entered lazyloaded\" src=\"https:\/\/www.todoagro.com.ar\/wp-content\/uploads\/2023\/05\/rosgan-mayo-b.png\" sizes=\"auto, (max-width: 792px) 100vw, 792px\" srcset=\"https:\/\/www.todoagro.com.ar\/wp-content\/uploads\/2023\/05\/rosgan-mayo-b.png 604w, https:\/\/www.todoagro.com.ar\/wp-content\/uploads\/2023\/05\/rosgan-mayo-b-300x141.png 300w\" alt=\"\" width=\"792\" height=\"371\" data-lazy-srcset=\"https:\/\/www.todoagro.com.ar\/wp-content\/uploads\/2023\/05\/rosgan-mayo-b.png 604w, https:\/\/www.todoagro.com.ar\/wp-content\/uploads\/2023\/05\/rosgan-mayo-b-300x141.png 300w\" data-lazy-sizes=\"(max-width: 792px) 100vw, 792px\" data-lazy-src=\"https:\/\/www.todoagro.com.ar\/wp-content\/uploads\/2023\/05\/rosgan-mayo-b.png\" data-ll-status=\"loaded\" \/><\/figure>\n<p>Otro dato muy llamativo es la cantidad de vacas que ingresan a sistemas de engorde a corral. De acuerdo a los mismos datos provistos por SENASA, en los primeros cuatro meses del a\u00f1o los feedlots llevan ingresadas unas 136.600 vacas, lo que representa un 45% superior a los ingresos registrados el a\u00f1o pasado, durante el mismo per\u00edodo.<\/p>\n<p>Si analizamos datos mensuales de faena de vacas desde 2001 a la fecha -m\u00e1s de 20 a\u00f1os-, vemos que en promedio el nivel de faena ha fluctuado entre 120.000 y 360.000 cabezas mensuales. Los a\u00f1os de menor faena se dieron durante el per\u00edodo 2001-2003 y posteriormente en 2011 tras la fuerte liquidaci\u00f3n de los a\u00f1os previos, con promedios de 120.000 a 150.000 vacas faenadas al mes.\u00a0 En tanto que los a\u00f1os de mayor salida se registraron indudablemente durante los a\u00f1os 2008 y 2009, afectados por la recordada sequ\u00eda, durante los cuales los meses pico de faena alcanzaron niveles de 350.000 a 365.000 cabezas mensuales.<\/p>\n<p>Estacionalmente, en un a\u00f1o normal, la faena de vacas registra sus picos durante los meses de mayo a julio y parte de agosto -dependiendo del a\u00f1o-, coincidentes con la temporada invernal donde los campos reducen dr\u00e1sticamente su receptividad.<\/p>\n<p>Analizando la misma serie temporal de 22 a\u00f1os (2001 a 2022) obtenemos que la faena del primer cuatrimestre del a\u00f1o explica, en promedio, el 31,4% de la faena anual. Bajo el mismo criterio, el m\u00ednimo de la serie para este cuatrimestre explica el 28,6% de la faena anual, se\u00f1ando un a\u00f1o que se inicia con una faena lenta (2007) que luego se acelera ligeramente por sobre su ritmo estacional, hacia el segundo cuatrimestre del a\u00f1o. En tanto que el m\u00e1ximo de la serie para este mismo cuatrimestre se observa en 2010, con una faena que se inicia a un ritmo muy r\u00e1pido explicando el 36,7% de lo que finalmente termina siendo el n\u00famero de procesamiento anual. En el caso de aquel a\u00f1o, la faena de vacas continu\u00f3 durante los primeros meses con la misma inercia de liquidaci\u00f3n de los ciclos previos hasta tanto comenz\u00f3 a testear la escasez generada por la liquidaci\u00f3n, impulsando as\u00ed un cambio en la fase ganadera que favoreci\u00f3 la retenci\u00f3n.<\/p>\n<figure class=\"wp-block-image aligncenter size-full is-resized\"><img loading=\"lazy\" decoding=\"async\" class=\"wp-image-120713 entered lazyloaded\" src=\"https:\/\/www.todoagro.com.ar\/wp-content\/uploads\/2023\/05\/rosgan-mayo-c.png\" sizes=\"auto, (max-width: 800px) 100vw, 800px\" srcset=\"https:\/\/www.todoagro.com.ar\/wp-content\/uploads\/2023\/05\/rosgan-mayo-c.png 603w, https:\/\/www.todoagro.com.ar\/wp-content\/uploads\/2023\/05\/rosgan-mayo-c-300x129.png 300w\" alt=\"\" width=\"800\" height=\"344\" data-lazy-srcset=\"https:\/\/www.todoagro.com.ar\/wp-content\/uploads\/2023\/05\/rosgan-mayo-c.png 603w, https:\/\/www.todoagro.com.ar\/wp-content\/uploads\/2023\/05\/rosgan-mayo-c-300x129.png 300w\" data-lazy-sizes=\"(max-width: 800px) 100vw, 800px\" data-lazy-src=\"https:\/\/www.todoagro.com.ar\/wp-content\/uploads\/2023\/05\/rosgan-mayo-c.png\" data-ll-status=\"loaded\" \/><\/figure>\n<p>Si bien las restricciones que imperan este a\u00f1o en cuanto a disponibilidad de campos est\u00e1n obligando a anticipar la salida de vacas, tambi\u00e9n es v\u00e1lido considerar que en varias zonas donde los servicios se han debido extender a causa de este mismo escenario de seca, retirando toros entre 2 y 3 meses m\u00e1s tarde de lo habitual, reci\u00e9n ahora se est\u00e1n realizando los tactos y descartes de vacas vac\u00edas.<\/p>\n<p>Por tanto, en la ponderaci\u00f3n podr\u00edamos incluir tantos factores asociados a salida r\u00e1pida de hacienda como tambi\u00e9n factores que indicar\u00edan posibles demoras en los refugos de vacas. Asumiendo entonces como referencia un ritmo promedio de salida de vacas, si las 990.000 cabezas remitidas a faena durante este primer cuatrimestre explicaran el 31,4% de la faena total, podr\u00edamos estar proyectando una faena anual de vacas en torno a los 3,1 a 3,2 millones de cabezas, similar a la registrada en el a\u00f1o 2009.<\/p>\n<p>De confirmarse este escenario, de 23 millones de vacas registradas como stock inicial al 31 de diciembre de 2022, este a\u00f1o estar\u00edamos liquidando cerca del 14% del stock, porcentaje que resulta apenas medio punto por debajo de lo registrado en 2009, per\u00edodo tras el cual el stock de vacas reflej\u00f3 una ca\u00edda de casi 2 millones de cabezas.<\/p>\n<p>Bas\u00e1ndonos en el mismo ejercicio, si lo que vimos hasta el momento no ha sido lo peor y la salida de vacas tendiera a acelerarse a\u00fan m\u00e1s durante el invierno, el n\u00famero final de faena claramente podr\u00eda ser incluso mayor. Si, por el contrario, el invierno logra transitarse sin sobre exigir los refugos, e iniciada la primavera se produce este ansiado cambio de ciclo que todos estamos esperando, las tasas de faena podr\u00edan tener a moderarse, tal como se dio en 2010, y terminar en lo que podr\u00eda ser un escenario intermedio entre un a\u00f1o promedio y un a\u00f1o de inicio r\u00e1pido (34% explicado durante el primer cuatrimestre), con una faena anual en torno a los 2,9 millones de cabezas.<\/p>\n<p>Lo cierto es que, m\u00e1s all\u00e1 de lo que podamos proyectar en estos momentos, la salida de vacas registrada hasta la fecha definitivamente es una de las m\u00e1s altas de los \u00faltimos 20 a\u00f1os, tanto en n\u00fameros absolutos como en t\u00e9rminos del stock inicial registrado por esta categor\u00eda.<\/p>\n<p>Por el lado clim\u00e1tico, los diferentes modelos ponderan cada vez con mayor probabilidad un cambio de fase que favorecer\u00e1 la recuperaci\u00f3n de los campos. Desde el plano pol\u00edtico, si bien el escenario sigue siendo incierto, ingresamos en un tiempo de descuento que prontamente revelar\u00e1 un horizonte con mayor claridad.<\/p>\n<p>Fuente: <a href=\"https:\/\/www.todoagro.com.ar\/faena-de-vacas-un-ritmo-elevado-aun-sin-haber-ingresado-al-periodo-de-mayor-salida\/\">https:\/\/www.todoagro.com.ar\/faena-de-vacas-un-ritmo-elevado-aun-sin-haber-ingresado-al-periodo-de-mayor-salida\/<\/a><\/p>\n<p><\/p>","protected":false},"excerpt":{"rendered":"<p>A\u00fan no hemos ingresado el per\u00edodo de mayor salida de vacas y los indicadores de faena muestran cifras muy elevadas en relaci\u00f3n al stock. Informe del Rosgan. Datos preliminares, que surgen de los movimientos de hacienda que publica SENASA en base a los DTe. (Documento de Transito Electr\u00f3nico), muestran un crecimiento interanual en las remisiones de vacas con destino a faena del 21% en abril, alcanzando un pico de 313.500 cabezas. Tomando este \u00faltimo dato como referencia de faena, en los primeros cuatro meses del a\u00f1o el total de vacas sacrificadas ascender\u00eda a 988.500, unas 220.000 vacas m\u00e1s que las registradas en igual per\u00edodo un a\u00f1o atr\u00e1s.\u00a0\u00a0 Otro dato muy llamativo es la cantidad de vacas que ingresan a sistemas de engorde a corral. De acuerdo a los mismos datos provistos por SENASA, en los primeros cuatro meses del a\u00f1o los feedlots llevan ingresadas unas 136.600 vacas, lo que representa un 45% superior a los ingresos registrados el a\u00f1o pasado, durante el mismo per\u00edodo. Si analizamos datos mensuales de faena de vacas desde 2001 a la fecha -m\u00e1s de 20 a\u00f1os-, vemos que en promedio el nivel de faena ha fluctuado entre 120.000 y 360.000 cabezas mensuales. Los a\u00f1os de [&hellip;]<\/p>\n","protected":false},"author":6,"featured_media":37917,"comment_status":"open","ping_status":"closed","sticky":false,"template":"","format":"standard","meta":{"_acf_changed":false,"footnotes":""},"categories":[56],"tags":[],"class_list":["post-37887","post","type-post","status-publish","format-standard","has-post-thumbnail","hentry","category-infoganadero"],"acf":[],"yoast_head":"<!-- This site is optimized with the Yoast SEO plugin v27.5 - https:\/\/yoast.com\/product\/yoast-seo-wordpress\/ -->\n<title>Faena de vacas: Un ritmo elevado a\u00fan sin haber ingresado al per\u00edodo de mayor salida | Proagro<\/title>\n<meta name=\"robots\" content=\"index, follow, max-snippet:-1, max-image-preview:large, max-video-preview:-1\" \/>\n<link rel=\"canonical\" href=\"https:\/\/proagrolab.com.ar\/en\/faena-de-vacas-un-ritmo-elevado-aun-sin-haber-ingresado-al-periodo-de-mayor-salida\/\" \/>\n<meta property=\"og:locale\" content=\"en_US\" \/>\n<meta property=\"og:type\" content=\"article\" \/>\n<meta property=\"og:title\" content=\"Faena de vacas: Un ritmo elevado a\u00fan sin haber ingresado al per\u00edodo de mayor salida | Proagro\" \/>\n<meta property=\"og:description\" content=\"A\u00fan no hemos ingresado el per\u00edodo de mayor salida de vacas y los indicadores de faena muestran cifras muy elevadas en relaci\u00f3n al stock. Informe del Rosgan. Datos preliminares, que surgen de los movimientos de hacienda que publica SENASA en base a los DTe. (Documento de Transito Electr\u00f3nico), muestran un crecimiento interanual en las remisiones de vacas con destino a faena del 21% en abril, alcanzando un pico de 313.500 cabezas. Tomando este \u00faltimo dato como referencia de faena, en los primeros cuatro meses del a\u00f1o el total de vacas sacrificadas ascender\u00eda a 988.500, unas 220.000 vacas m\u00e1s que las registradas en igual per\u00edodo un a\u00f1o atr\u00e1s.\u00a0\u00a0 Otro dato muy llamativo es la cantidad de vacas que ingresan a sistemas de engorde a corral. De acuerdo a los mismos datos provistos por SENASA, en los primeros cuatro meses del a\u00f1o los feedlots llevan ingresadas unas 136.600 vacas, lo que representa un 45% superior a los ingresos registrados el a\u00f1o pasado, durante el mismo per\u00edodo. Si analizamos datos mensuales de faena de vacas desde 2001 a la fecha -m\u00e1s de 20 a\u00f1os-, vemos que en promedio el nivel de faena ha fluctuado entre 120.000 y 360.000 cabezas mensuales. Los a\u00f1os de [&hellip;]\" \/>\n<meta property=\"og:url\" content=\"https:\/\/proagrolab.com.ar\/faena-de-vacas-un-ritmo-elevado-aun-sin-haber-ingresado-al-periodo-de-mayor-salida\/\" \/>\n<meta property=\"og:site_name\" content=\"Proagro\" \/>\n<meta property=\"article:publisher\" content=\"http:\/\/www.facebook.com\/proagrolab\" \/>\n<meta property=\"article:published_time\" content=\"2023-05-19T13:27:13+00:00\" \/>\n<meta property=\"article:modified_time\" content=\"2023-05-19T13:30:22+00:00\" \/>\n<meta property=\"og:image\" content=\"https:\/\/proagrolab.com.ar\/wp-content\/uploads\/2023\/05\/InfoGanadero_734x291_InfoG_1-1.jpg\" \/>\n\t<meta property=\"og:image:width\" content=\"734\" \/>\n\t<meta property=\"og:image:height\" content=\"291\" \/>\n\t<meta property=\"og:image:type\" content=\"image\/jpeg\" \/>\n<meta name=\"author\" content=\"Admin Proagro\" \/>\n<meta name=\"twitter:card\" content=\"summary_large_image\" \/>\n<meta name=\"twitter:label1\" content=\"Written by\" \/>\n\t<meta name=\"twitter:data1\" content=\"Admin Proagro\" \/>\n\t<meta name=\"twitter:label2\" content=\"Est. reading time\" \/>\n\t<meta name=\"twitter:data2\" content=\"5 minutes\" \/>\n<script type=\"application\/ld+json\" class=\"yoast-schema-graph\">{\"@context\":\"https:\\\/\\\/schema.org\",\"@graph\":[{\"@type\":\"Article\",\"@id\":\"https:\\\/\\\/proagrolab.com.ar\\\/faena-de-vacas-un-ritmo-elevado-aun-sin-haber-ingresado-al-periodo-de-mayor-salida\\\/#article\",\"isPartOf\":{\"@id\":\"https:\\\/\\\/proagrolab.com.ar\\\/faena-de-vacas-un-ritmo-elevado-aun-sin-haber-ingresado-al-periodo-de-mayor-salida\\\/\"},\"author\":{\"name\":\"Admin Proagro\",\"@id\":\"https:\\\/\\\/proagrolab.com.ar\\\/#\\\/schema\\\/person\\\/3e30f2f0f9eadcc02d50ed3664562373\"},\"headline\":\"Faena de vacas: Un ritmo elevado a\u00fan sin haber ingresado al per\u00edodo de mayor salida\",\"datePublished\":\"2023-05-19T13:27:13+00:00\",\"dateModified\":\"2023-05-19T13:30:22+00:00\",\"mainEntityOfPage\":{\"@id\":\"https:\\\/\\\/proagrolab.com.ar\\\/faena-de-vacas-un-ritmo-elevado-aun-sin-haber-ingresado-al-periodo-de-mayor-salida\\\/\"},\"wordCount\":956,\"commentCount\":0,\"publisher\":{\"@id\":\"https:\\\/\\\/proagrolab.com.ar\\\/#organization\"},\"image\":{\"@id\":\"https:\\\/\\\/proagrolab.com.ar\\\/faena-de-vacas-un-ritmo-elevado-aun-sin-haber-ingresado-al-periodo-de-mayor-salida\\\/#primaryimage\"},\"thumbnailUrl\":\"https:\\\/\\\/proagrolab.com.ar\\\/wp-content\\\/uploads\\\/2023\\\/05\\\/InfoGanadero_734x291_InfoG_1-1.jpg\",\"articleSection\":[\"News\"],\"inLanguage\":\"en-US\",\"potentialAction\":[{\"@type\":\"CommentAction\",\"name\":\"Comment\",\"target\":[\"https:\\\/\\\/proagrolab.com.ar\\\/faena-de-vacas-un-ritmo-elevado-aun-sin-haber-ingresado-al-periodo-de-mayor-salida\\\/#respond\"]}]},{\"@type\":\"WebPage\",\"@id\":\"https:\\\/\\\/proagrolab.com.ar\\\/faena-de-vacas-un-ritmo-elevado-aun-sin-haber-ingresado-al-periodo-de-mayor-salida\\\/\",\"url\":\"https:\\\/\\\/proagrolab.com.ar\\\/faena-de-vacas-un-ritmo-elevado-aun-sin-haber-ingresado-al-periodo-de-mayor-salida\\\/\",\"name\":\"Faena de vacas: Un ritmo elevado a\u00fan sin haber ingresado al per\u00edodo de mayor salida | Proagro\",\"isPartOf\":{\"@id\":\"https:\\\/\\\/proagrolab.com.ar\\\/#website\"},\"primaryImageOfPage\":{\"@id\":\"https:\\\/\\\/proagrolab.com.ar\\\/faena-de-vacas-un-ritmo-elevado-aun-sin-haber-ingresado-al-periodo-de-mayor-salida\\\/#primaryimage\"},\"image\":{\"@id\":\"https:\\\/\\\/proagrolab.com.ar\\\/faena-de-vacas-un-ritmo-elevado-aun-sin-haber-ingresado-al-periodo-de-mayor-salida\\\/#primaryimage\"},\"thumbnailUrl\":\"https:\\\/\\\/proagrolab.com.ar\\\/wp-content\\\/uploads\\\/2023\\\/05\\\/InfoGanadero_734x291_InfoG_1-1.jpg\",\"datePublished\":\"2023-05-19T13:27:13+00:00\",\"dateModified\":\"2023-05-19T13:30:22+00:00\",\"breadcrumb\":{\"@id\":\"https:\\\/\\\/proagrolab.com.ar\\\/faena-de-vacas-un-ritmo-elevado-aun-sin-haber-ingresado-al-periodo-de-mayor-salida\\\/#breadcrumb\"},\"inLanguage\":\"en-US\",\"potentialAction\":[{\"@type\":\"ReadAction\",\"target\":[\"https:\\\/\\\/proagrolab.com.ar\\\/faena-de-vacas-un-ritmo-elevado-aun-sin-haber-ingresado-al-periodo-de-mayor-salida\\\/\"]}]},{\"@type\":\"ImageObject\",\"inLanguage\":\"en-US\",\"@id\":\"https:\\\/\\\/proagrolab.com.ar\\\/faena-de-vacas-un-ritmo-elevado-aun-sin-haber-ingresado-al-periodo-de-mayor-salida\\\/#primaryimage\",\"url\":\"https:\\\/\\\/proagrolab.com.ar\\\/wp-content\\\/uploads\\\/2023\\\/05\\\/InfoGanadero_734x291_InfoG_1-1.jpg\",\"contentUrl\":\"https:\\\/\\\/proagrolab.com.ar\\\/wp-content\\\/uploads\\\/2023\\\/05\\\/InfoGanadero_734x291_InfoG_1-1.jpg\",\"width\":734,\"height\":291},{\"@type\":\"BreadcrumbList\",\"@id\":\"https:\\\/\\\/proagrolab.com.ar\\\/faena-de-vacas-un-ritmo-elevado-aun-sin-haber-ingresado-al-periodo-de-mayor-salida\\\/#breadcrumb\",\"itemListElement\":[{\"@type\":\"ListItem\",\"position\":1,\"name\":\"Portada\",\"item\":\"https:\\\/\\\/proagrolab.com.ar\\\/\"},{\"@type\":\"ListItem\",\"position\":2,\"name\":\"Faena de vacas: Un ritmo elevado a\u00fan sin haber ingresado al per\u00edodo de mayor salida\"}]},{\"@type\":\"WebSite\",\"@id\":\"https:\\\/\\\/proagrolab.com.ar\\\/#website\",\"url\":\"https:\\\/\\\/proagrolab.com.ar\\\/\",\"name\":\"Proagro Laboratorio Veterinario\",\"description\":\"Veterinary laboratory\",\"publisher\":{\"@id\":\"https:\\\/\\\/proagrolab.com.ar\\\/#organization\"},\"potentialAction\":[{\"@type\":\"SearchAction\",\"target\":{\"@type\":\"EntryPoint\",\"urlTemplate\":\"https:\\\/\\\/proagrolab.com.ar\\\/?s={search_term_string}\"},\"query-input\":{\"@type\":\"PropertyValueSpecification\",\"valueRequired\":true,\"valueName\":\"search_term_string\"}}],\"inLanguage\":\"en-US\"},{\"@type\":\"Organization\",\"@id\":\"https:\\\/\\\/proagrolab.com.ar\\\/#organization\",\"name\":\"Proagro\",\"url\":\"https:\\\/\\\/proagrolab.com.ar\\\/\",\"logo\":{\"@type\":\"ImageObject\",\"inLanguage\":\"en-US\",\"@id\":\"https:\\\/\\\/proagrolab.com.ar\\\/#\\\/schema\\\/logo\\\/image\\\/\",\"url\":\"https:\\\/\\\/proagrolab.com.ar\\\/wp-content\\\/uploads\\\/2020\\\/04\\\/logo-retina.png\",\"contentUrl\":\"https:\\\/\\\/proagrolab.com.ar\\\/wp-content\\\/uploads\\\/2020\\\/04\\\/logo-retina.png\",\"width\":478,\"height\":120,\"caption\":\"Proagro\"},\"image\":{\"@id\":\"https:\\\/\\\/proagrolab.com.ar\\\/#\\\/schema\\\/logo\\\/image\\\/\"},\"sameAs\":[\"http:\\\/\\\/www.facebook.com\\\/proagrolab\",\"https:\\\/\\\/www.instagram.com\\\/proagrolab\\\/\",\"https:\\\/\\\/www.linkedin.com\\\/company\\\/laboratorio-proagro-s-a\\\/\"]},{\"@type\":\"Person\",\"@id\":\"https:\\\/\\\/proagrolab.com.ar\\\/#\\\/schema\\\/person\\\/3e30f2f0f9eadcc02d50ed3664562373\",\"name\":\"Admin Proagro\",\"sameAs\":[\"http:\\\/\\\/www.sistemas7g.com\"]}]}<\/script>\n<!-- \/ Yoast SEO plugin. -->","yoast_head_json":{"title":"Faena de vacas: Un ritmo elevado a\u00fan sin haber ingresado al per\u00edodo de mayor salida | Proagro","robots":{"index":"index","follow":"follow","max-snippet":"max-snippet:-1","max-image-preview":"max-image-preview:large","max-video-preview":"max-video-preview:-1"},"canonical":"https:\/\/proagrolab.com.ar\/en\/faena-de-vacas-un-ritmo-elevado-aun-sin-haber-ingresado-al-periodo-de-mayor-salida\/","og_locale":"en_US","og_type":"article","og_title":"Faena de vacas: Un ritmo elevado a\u00fan sin haber ingresado al per\u00edodo de mayor salida | Proagro","og_description":"A\u00fan no hemos ingresado el per\u00edodo de mayor salida de vacas y los indicadores de faena muestran cifras muy elevadas en relaci\u00f3n al stock. Informe del Rosgan. Datos preliminares, que surgen de los movimientos de hacienda que publica SENASA en base a los DTe. (Documento de Transito Electr\u00f3nico), muestran un crecimiento interanual en las remisiones de vacas con destino a faena del 21% en abril, alcanzando un pico de 313.500 cabezas. Tomando este \u00faltimo dato como referencia de faena, en los primeros cuatro meses del a\u00f1o el total de vacas sacrificadas ascender\u00eda a 988.500, unas 220.000 vacas m\u00e1s que las registradas en igual per\u00edodo un a\u00f1o atr\u00e1s.\u00a0\u00a0 Otro dato muy llamativo es la cantidad de vacas que ingresan a sistemas de engorde a corral. De acuerdo a los mismos datos provistos por SENASA, en los primeros cuatro meses del a\u00f1o los feedlots llevan ingresadas unas 136.600 vacas, lo que representa un 45% superior a los ingresos registrados el a\u00f1o pasado, durante el mismo per\u00edodo. Si analizamos datos mensuales de faena de vacas desde 2001 a la fecha -m\u00e1s de 20 a\u00f1os-, vemos que en promedio el nivel de faena ha fluctuado entre 120.000 y 360.000 cabezas mensuales. Los a\u00f1os de [&hellip;]","og_url":"https:\/\/proagrolab.com.ar\/faena-de-vacas-un-ritmo-elevado-aun-sin-haber-ingresado-al-periodo-de-mayor-salida\/","og_site_name":"Proagro","article_publisher":"http:\/\/www.facebook.com\/proagrolab","article_published_time":"2023-05-19T13:27:13+00:00","article_modified_time":"2023-05-19T13:30:22+00:00","og_image":[{"width":734,"height":291,"url":"https:\/\/proagrolab.com.ar\/wp-content\/uploads\/2023\/05\/InfoGanadero_734x291_InfoG_1-1.jpg","type":"image\/jpeg"}],"author":"Admin Proagro","twitter_card":"summary_large_image","twitter_misc":{"Written by":"Admin Proagro","Est. reading time":"5 minutes"},"schema":{"@context":"https:\/\/schema.org","@graph":[{"@type":"Article","@id":"https:\/\/proagrolab.com.ar\/faena-de-vacas-un-ritmo-elevado-aun-sin-haber-ingresado-al-periodo-de-mayor-salida\/#article","isPartOf":{"@id":"https:\/\/proagrolab.com.ar\/faena-de-vacas-un-ritmo-elevado-aun-sin-haber-ingresado-al-periodo-de-mayor-salida\/"},"author":{"name":"Admin Proagro","@id":"https:\/\/proagrolab.com.ar\/#\/schema\/person\/3e30f2f0f9eadcc02d50ed3664562373"},"headline":"Faena de vacas: Un ritmo elevado a\u00fan sin haber ingresado al per\u00edodo de mayor salida","datePublished":"2023-05-19T13:27:13+00:00","dateModified":"2023-05-19T13:30:22+00:00","mainEntityOfPage":{"@id":"https:\/\/proagrolab.com.ar\/faena-de-vacas-un-ritmo-elevado-aun-sin-haber-ingresado-al-periodo-de-mayor-salida\/"},"wordCount":956,"commentCount":0,"publisher":{"@id":"https:\/\/proagrolab.com.ar\/#organization"},"image":{"@id":"https:\/\/proagrolab.com.ar\/faena-de-vacas-un-ritmo-elevado-aun-sin-haber-ingresado-al-periodo-de-mayor-salida\/#primaryimage"},"thumbnailUrl":"https:\/\/proagrolab.com.ar\/wp-content\/uploads\/2023\/05\/InfoGanadero_734x291_InfoG_1-1.jpg","articleSection":["News"],"inLanguage":"en-US","potentialAction":[{"@type":"CommentAction","name":"Comment","target":["https:\/\/proagrolab.com.ar\/faena-de-vacas-un-ritmo-elevado-aun-sin-haber-ingresado-al-periodo-de-mayor-salida\/#respond"]}]},{"@type":"WebPage","@id":"https:\/\/proagrolab.com.ar\/faena-de-vacas-un-ritmo-elevado-aun-sin-haber-ingresado-al-periodo-de-mayor-salida\/","url":"https:\/\/proagrolab.com.ar\/faena-de-vacas-un-ritmo-elevado-aun-sin-haber-ingresado-al-periodo-de-mayor-salida\/","name":"Faena de vacas: Un ritmo elevado a\u00fan sin haber ingresado al per\u00edodo de mayor salida | Proagro","isPartOf":{"@id":"https:\/\/proagrolab.com.ar\/#website"},"primaryImageOfPage":{"@id":"https:\/\/proagrolab.com.ar\/faena-de-vacas-un-ritmo-elevado-aun-sin-haber-ingresado-al-periodo-de-mayor-salida\/#primaryimage"},"image":{"@id":"https:\/\/proagrolab.com.ar\/faena-de-vacas-un-ritmo-elevado-aun-sin-haber-ingresado-al-periodo-de-mayor-salida\/#primaryimage"},"thumbnailUrl":"https:\/\/proagrolab.com.ar\/wp-content\/uploads\/2023\/05\/InfoGanadero_734x291_InfoG_1-1.jpg","datePublished":"2023-05-19T13:27:13+00:00","dateModified":"2023-05-19T13:30:22+00:00","breadcrumb":{"@id":"https:\/\/proagrolab.com.ar\/faena-de-vacas-un-ritmo-elevado-aun-sin-haber-ingresado-al-periodo-de-mayor-salida\/#breadcrumb"},"inLanguage":"en-US","potentialAction":[{"@type":"ReadAction","target":["https:\/\/proagrolab.com.ar\/faena-de-vacas-un-ritmo-elevado-aun-sin-haber-ingresado-al-periodo-de-mayor-salida\/"]}]},{"@type":"ImageObject","inLanguage":"en-US","@id":"https:\/\/proagrolab.com.ar\/faena-de-vacas-un-ritmo-elevado-aun-sin-haber-ingresado-al-periodo-de-mayor-salida\/#primaryimage","url":"https:\/\/proagrolab.com.ar\/wp-content\/uploads\/2023\/05\/InfoGanadero_734x291_InfoG_1-1.jpg","contentUrl":"https:\/\/proagrolab.com.ar\/wp-content\/uploads\/2023\/05\/InfoGanadero_734x291_InfoG_1-1.jpg","width":734,"height":291},{"@type":"BreadcrumbList","@id":"https:\/\/proagrolab.com.ar\/faena-de-vacas-un-ritmo-elevado-aun-sin-haber-ingresado-al-periodo-de-mayor-salida\/#breadcrumb","itemListElement":[{"@type":"ListItem","position":1,"name":"Portada","item":"https:\/\/proagrolab.com.ar\/"},{"@type":"ListItem","position":2,"name":"Faena de vacas: Un ritmo elevado a\u00fan sin haber ingresado al per\u00edodo de mayor salida"}]},{"@type":"WebSite","@id":"https:\/\/proagrolab.com.ar\/#website","url":"https:\/\/proagrolab.com.ar\/","name":"Proagro Laboratorio Veterinario","description":"Veterinary laboratory","publisher":{"@id":"https:\/\/proagrolab.com.ar\/#organization"},"potentialAction":[{"@type":"SearchAction","target":{"@type":"EntryPoint","urlTemplate":"https:\/\/proagrolab.com.ar\/?s={search_term_string}"},"query-input":{"@type":"PropertyValueSpecification","valueRequired":true,"valueName":"search_term_string"}}],"inLanguage":"en-US"},{"@type":"Organization","@id":"https:\/\/proagrolab.com.ar\/#organization","name":"Proagro","url":"https:\/\/proagrolab.com.ar\/","logo":{"@type":"ImageObject","inLanguage":"en-US","@id":"https:\/\/proagrolab.com.ar\/#\/schema\/logo\/image\/","url":"https:\/\/proagrolab.com.ar\/wp-content\/uploads\/2020\/04\/logo-retina.png","contentUrl":"https:\/\/proagrolab.com.ar\/wp-content\/uploads\/2020\/04\/logo-retina.png","width":478,"height":120,"caption":"Proagro"},"image":{"@id":"https:\/\/proagrolab.com.ar\/#\/schema\/logo\/image\/"},"sameAs":["http:\/\/www.facebook.com\/proagrolab","https:\/\/www.instagram.com\/proagrolab\/","https:\/\/www.linkedin.com\/company\/laboratorio-proagro-s-a\/"]},{"@type":"Person","@id":"https:\/\/proagrolab.com.ar\/#\/schema\/person\/3e30f2f0f9eadcc02d50ed3664562373","name":"Admin Proagro","sameAs":["http:\/\/www.sistemas7g.com"]}]}},"_links":{"self":[{"href":"https:\/\/proagrolab.com.ar\/en\/wp-json\/wp\/v2\/posts\/37887","targetHints":{"allow":["GET"]}}],"collection":[{"href":"https:\/\/proagrolab.com.ar\/en\/wp-json\/wp\/v2\/posts"}],"about":[{"href":"https:\/\/proagrolab.com.ar\/en\/wp-json\/wp\/v2\/types\/post"}],"author":[{"embeddable":true,"href":"https:\/\/proagrolab.com.ar\/en\/wp-json\/wp\/v2\/users\/6"}],"replies":[{"embeddable":true,"href":"https:\/\/proagrolab.com.ar\/en\/wp-json\/wp\/v2\/comments?post=37887"}],"version-history":[{"count":1,"href":"https:\/\/proagrolab.com.ar\/en\/wp-json\/wp\/v2\/posts\/37887\/revisions"}],"predecessor-version":[{"id":37888,"href":"https:\/\/proagrolab.com.ar\/en\/wp-json\/wp\/v2\/posts\/37887\/revisions\/37888"}],"wp:featuredmedia":[{"embeddable":true,"href":"https:\/\/proagrolab.com.ar\/en\/wp-json\/wp\/v2\/media\/37917"}],"wp:attachment":[{"href":"https:\/\/proagrolab.com.ar\/en\/wp-json\/wp\/v2\/media?parent=37887"}],"wp:term":[{"taxonomy":"category","embeddable":true,"href":"https:\/\/proagrolab.com.ar\/en\/wp-json\/wp\/v2\/categories?post=37887"},{"taxonomy":"post_tag","embeddable":true,"href":"https:\/\/proagrolab.com.ar\/en\/wp-json\/wp\/v2\/tags?post=37887"}],"curies":[{"name":"wp","href":"https:\/\/api.w.org\/{rel}","templated":true}]}}