{"id":37883,"date":"2023-05-19T13:19:22","date_gmt":"2023-05-19T13:19:22","guid":{"rendered":"https:\/\/proagrolab.com.ar\/?p=37883"},"modified":"2023-05-19T13:30:45","modified_gmt":"2023-05-19T13:30:45","slug":"se-viene-la-80o-exposicion-angus-de-otono-indoor-en-una-semana-a-puro-angus","status":"publish","type":"post","link":"https:\/\/proagrolab.com.ar\/en\/se-viene-la-80o-exposicion-angus-de-otono-indoor-en-una-semana-a-puro-angus\/","title":{"rendered":"Se viene la 80\u00ba Exposici\u00f3n Angus de Oto\u00f1o Indoor, en una semana a puro Angus"},"content":{"rendered":"<p class=\"qtranxs-available-languages-message qtranxs-available-languages-message-en\"> <\/p><p><\/p>\n<p style=\"text-align: left;\" align=\"center\">El encuentro ser\u00e1 del 3 al 6 de junio pr\u00f3ximo, en La Rural de Palermo, predio ferial Buenos Aires, organizada por la Asociaci\u00f3n Argentina de Angus y La Rural S.A. La entrada es con acreditaci\u00f3n gratuita que estar\u00e1 disponible en angus.org.ar y en las redes de la Asociaci\u00f3n.<\/p>\n<p>&#8220;La 80\u00ba Exposici\u00f3n Angus de Oto\u00f1o Indoor ser\u00e1 la reuni\u00f3n ganadera m\u00e1s importante de la Argentina durante este 2023&#8221;, asegur\u00f3 el presidente de la Asociaci\u00f3n Argentina de Angus, Alfonso Bustillo en la conferencia de prensa de presentaci\u00f3n del encuentro internacional que se realizar\u00e1 desde el 3 al 6 de junio en el Pabell\u00f3n Azul del predio ferial de La Rural en Palermo.<\/p>\n<p><b>Bustillo<\/b>\u00a0estuvo acompa\u00f1ado por Carlos Solanet, director comercial de La Rural S.A; y Carlos Fern\u00e1ndez, secretario de la Asociaci\u00f3n Argentina de Angus, quienes expusieron sobre las diferentes actividades.<\/p>\n<p>Del 3 al 6 de junio pr\u00f3ximo, se llevar\u00e1 a cabo la 80\u00ba Exposici\u00f3n Angus de Oto\u00f1o Indoor, que este a\u00f1o tendr\u00e1 convocatoria internacional, en las instalaciones de La Rural de Palermo, predio ferial Buenos Aires, en el marco de la denominada Semana Angus de Oto\u00f1o. Ser\u00e1 la muestra m\u00e1s importante de la ganader\u00eda argentina con m\u00e1s de 850 ejemplares de pedigree inscriptos y remates de m\u00e1s de 50 mil animales de hacienda general.<\/p>\n<p>M\u00e1s de 90 caba\u00f1as participantes lograron un record absoluto para la expo de oto\u00f1o al inscribir m\u00e1s de 850 animales, que se suman a una agenda cargada de actividades, juras y remates y expositores comerciales de toda la cadena.<\/p>\n<p>&#8220;Tenemos el orgullo de presentarles nuevamente una exposici\u00f3n en la primera semana de junio, de la mano de La Rural S.A, y con el mismo formato de la exposici\u00f3n del Centenario que realizamos el a\u00f1o pasado, pero esta vez renov\u00e1ndolo de manera internacional, porque a partir de esta exposici\u00f3n de oto\u00f1o, todos los a\u00f1os la muestra ser\u00e1 internacional, permitiendo la participaci\u00f3n de expositores de pa\u00edses vecinos&#8221;, afirm\u00f3 Bustillo.<\/p>\n<p>&#8220;Este a\u00f1o contamos con un stand de la Confederaci\u00f3n Latinoamericana de Pa\u00edses Productores de Angus (Colappa), siendo muy importante porque estar\u00e1n presentes autoridades de las asociaciones de Uruguay, Brasil, Paraguay, M\u00e9xico y Colombia. Esta asociaci\u00f3n que realizamos los pa\u00edses de Latinoam\u00e9rica es para darle fortaleza al intercambio de gen\u00e9tica, trabajar en los temas reglamentarios, intercambio con j\u00f3venes entre nuestros pa\u00edses, por lo que ser\u00e1 una muy grata presencia la de la Colappa en nuestra exposici\u00f3n&#8221;.<\/p>\n<p>&#8220;A la muestra tambi\u00e9n le estamos dando mucha fuerza como siempre desde nuestra asociaci\u00f3n a la federalizaci\u00f3n, ya que es muy importante que todas las regiones participen de la exposici\u00f3n y nuestras actividades&#8221;, asegur\u00f3 el presidente de Angus.<\/p>\n<p>Bustillo tambi\u00e9n destac\u00f3 que durante la Expo se contar\u00e1 &#8220;con Carne Angus Certificada a disposici\u00f3n del p\u00fablico, para poder cerrar as\u00ed toda la cadena productiva con la industria y el comercio, a trav\u00e9s de este producto premium nuestro que es la carne como insignia en el mundo&#8221;.<\/p>\n<p>Por su parte, Carlos Solanet, director comercial de La Rural SA, afirm\u00f3: &#8220;Agradecemos a la Asociaci\u00f3n Argentina de Angus haber confiado nuevamente en La Rural S.A para llevar adelante esta exposici\u00f3n, logr\u00e1ndose un formato de negocio e interacci\u00f3n. De ah\u00ed surgi\u00f3 la idea de realizar la exposici\u00f3n de oto\u00f1o que siempre se realiz\u00f3 en el interior de nuestro pa\u00eds, por lo que traerla a Buenos Aires fue una apuesta muy importante. As\u00ed que decidimos volver a trabajar en ese concepto de exposici\u00f3n indoor, con el plus de la presencia internacional a trav\u00e9s de la Colappa&#8221;.<\/p>\n<p>&#8220;Estaremos arrancando con un formato donde existan expositores comerciales, una pista bajo techo para evitar cualquier inclemencia clim\u00e1tica, todos los animales estar\u00e1n en un mismo lugar en el Pabell\u00f3n Azul&#8221;, asegur\u00f3 Solanet.<\/p>\n<p>&#8220;La exposici\u00f3n se llevar\u00e1 del 3 a 6 de junio pr\u00f3ximo, en el marco de la denominada Semana de Oto\u00f1o Angus, con muchos remates, comenzando el 29 de mayo con un concurso f\u00edsico de novillos en Ca\u00f1uelas, haciendo formar parte de esta exposici\u00f3n tambi\u00e9n al Mercado Concentrador, como una parte esencial de la cadena&#8221;, sostuvo el Director de Rural SA.<\/p>\n<p>Por su parte, Carlos Fern\u00e1ndez, secretario de la Asociaci\u00f3n Argentina de Angus, asegur\u00f3 que &#8220;es un esfuerzo muy importante para nosotros como Asociaci\u00f3n y equipo de trabajo volver a recrear un evento de estas caracter\u00edsticas, por lo que le agradecemos mucho a nuestros criadores, expositores y firmas consignatarias que nos vuelven a acompa\u00f1ar, ya que el n\u00famero de inscriptos es algo impactante&#8221;.<\/p>\n<p>Fern\u00e1ndez destac\u00f3 tambi\u00e9n el apoyo de las firmas consignatarias que ampliaron la cantidad de remates, tanto de reproductores de pedigree, como de hacienda general, lo que va a convertir a la Semana Angus de Oto\u00f1o en un encuentro con la mayor movilizaci\u00f3n econ\u00f3mica de hacienda de todo el a\u00f1o.\u00a0<\/p>\n<p>Fuente: <a href=\"https:\/\/www.agritotal.com\/nota\/se-viene-la-80-exposicion-angus-de-otono-indoor-en-una-semana-a-puro-angus\/\">https:\/\/www.agritotal.com\/nota\/se-viene-la-80-exposicion-angus-de-otono-indoor-en-una-semana-a-puro-angus\/<\/a><\/p>\n<p>&nbsp;<\/p>\n<p>&nbsp;<\/p>\n<p><\/p>","protected":false},"excerpt":{"rendered":"<p>El encuentro ser\u00e1 del 3 al 6 de junio pr\u00f3ximo, en La Rural de Palermo, predio ferial Buenos Aires, organizada por la Asociaci\u00f3n Argentina de Angus y La Rural S.A. La entrada es con acreditaci\u00f3n gratuita que estar\u00e1 disponible en angus.org.ar y en las redes de la Asociaci\u00f3n. &#8220;La 80\u00ba Exposici\u00f3n Angus de Oto\u00f1o Indoor ser\u00e1 la reuni\u00f3n ganadera m\u00e1s importante de la Argentina durante este 2023&#8221;, asegur\u00f3 el presidente de la Asociaci\u00f3n Argentina de Angus, Alfonso Bustillo en la conferencia de prensa de presentaci\u00f3n del encuentro internacional que se realizar\u00e1 desde el 3 al 6 de junio en el Pabell\u00f3n Azul del predio ferial de La Rural en Palermo. Bustillo\u00a0estuvo acompa\u00f1ado por Carlos Solanet, director comercial de La Rural S.A; y Carlos Fern\u00e1ndez, secretario de la Asociaci\u00f3n Argentina de Angus, quienes expusieron sobre las diferentes actividades. Del 3 al 6 de junio pr\u00f3ximo, se llevar\u00e1 a cabo la 80\u00ba Exposici\u00f3n Angus de Oto\u00f1o Indoor, que este a\u00f1o tendr\u00e1 convocatoria internacional, en las instalaciones de La Rural de Palermo, predio ferial Buenos Aires, en el marco de la denominada Semana Angus de Oto\u00f1o. Ser\u00e1 la muestra m\u00e1s importante de la ganader\u00eda argentina con m\u00e1s de 850 ejemplares de pedigree inscriptos [&hellip;]<\/p>\n","protected":false},"author":6,"featured_media":37918,"comment_status":"open","ping_status":"closed","sticky":false,"template":"","format":"standard","meta":{"_acf_changed":false,"footnotes":""},"categories":[56],"tags":[],"class_list":["post-37883","post","type-post","status-publish","format-standard","has-post-thumbnail","hentry","category-infoganadero"],"acf":[],"yoast_head":"<!-- This site is optimized with the Yoast SEO plugin v27.5 - https:\/\/yoast.com\/product\/yoast-seo-wordpress\/ -->\n<title>Se viene la 80\u00ba Exposici\u00f3n Angus de Oto\u00f1o Indoor, en una semana a puro Angus | Proagro<\/title>\n<meta name=\"robots\" content=\"index, follow, max-snippet:-1, max-image-preview:large, max-video-preview:-1\" \/>\n<link rel=\"canonical\" href=\"https:\/\/proagrolab.com.ar\/en\/se-viene-la-80o-exposicion-angus-de-otono-indoor-en-una-semana-a-puro-angus\/\" \/>\n<meta property=\"og:locale\" content=\"en_US\" \/>\n<meta property=\"og:type\" content=\"article\" \/>\n<meta property=\"og:title\" content=\"Se viene la 80\u00ba Exposici\u00f3n Angus de Oto\u00f1o Indoor, en una semana a puro Angus | Proagro\" \/>\n<meta property=\"og:description\" content=\"El encuentro ser\u00e1 del 3 al 6 de junio pr\u00f3ximo, en La Rural de Palermo, predio ferial Buenos Aires, organizada por la Asociaci\u00f3n Argentina de Angus y La Rural S.A. La entrada es con acreditaci\u00f3n gratuita que estar\u00e1 disponible en angus.org.ar y en las redes de la Asociaci\u00f3n. &#8220;La 80\u00ba Exposici\u00f3n Angus de Oto\u00f1o Indoor ser\u00e1 la reuni\u00f3n ganadera m\u00e1s importante de la Argentina durante este 2023&#8221;, asegur\u00f3 el presidente de la Asociaci\u00f3n Argentina de Angus, Alfonso Bustillo en la conferencia de prensa de presentaci\u00f3n del encuentro internacional que se realizar\u00e1 desde el 3 al 6 de junio en el Pabell\u00f3n Azul del predio ferial de La Rural en Palermo. Bustillo\u00a0estuvo acompa\u00f1ado por Carlos Solanet, director comercial de La Rural S.A; y Carlos Fern\u00e1ndez, secretario de la Asociaci\u00f3n Argentina de Angus, quienes expusieron sobre las diferentes actividades. Del 3 al 6 de junio pr\u00f3ximo, se llevar\u00e1 a cabo la 80\u00ba Exposici\u00f3n Angus de Oto\u00f1o Indoor, que este a\u00f1o tendr\u00e1 convocatoria internacional, en las instalaciones de La Rural de Palermo, predio ferial Buenos Aires, en el marco de la denominada Semana Angus de Oto\u00f1o. Ser\u00e1 la muestra m\u00e1s importante de la ganader\u00eda argentina con m\u00e1s de 850 ejemplares de pedigree inscriptos [&hellip;]\" \/>\n<meta property=\"og:url\" content=\"https:\/\/proagrolab.com.ar\/se-viene-la-80o-exposicion-angus-de-otono-indoor-en-una-semana-a-puro-angus\/\" \/>\n<meta property=\"og:site_name\" content=\"Proagro\" \/>\n<meta property=\"article:publisher\" content=\"http:\/\/www.facebook.com\/proagrolab\" \/>\n<meta property=\"article:published_time\" content=\"2023-05-19T13:19:22+00:00\" \/>\n<meta property=\"article:modified_time\" content=\"2023-05-19T13:30:45+00:00\" \/>\n<meta property=\"og:image\" content=\"https:\/\/proagrolab.com.ar\/wp-content\/uploads\/2023\/05\/InfoGanadero_734x291_InfoG_2-1.jpg\" \/>\n\t<meta property=\"og:image:width\" content=\"733\" \/>\n\t<meta property=\"og:image:height\" content=\"291\" \/>\n\t<meta property=\"og:image:type\" content=\"image\/jpeg\" \/>\n<meta name=\"author\" content=\"Admin Proagro\" \/>\n<meta name=\"twitter:card\" content=\"summary_large_image\" \/>\n<meta name=\"twitter:label1\" content=\"Written by\" \/>\n\t<meta name=\"twitter:data1\" content=\"Admin Proagro\" \/>\n\t<meta name=\"twitter:label2\" content=\"Est. reading time\" \/>\n\t<meta name=\"twitter:data2\" content=\"4 minutes\" \/>\n<script type=\"application\/ld+json\" class=\"yoast-schema-graph\">{\"@context\":\"https:\\\/\\\/schema.org\",\"@graph\":[{\"@type\":\"Article\",\"@id\":\"https:\\\/\\\/proagrolab.com.ar\\\/se-viene-la-80o-exposicion-angus-de-otono-indoor-en-una-semana-a-puro-angus\\\/#article\",\"isPartOf\":{\"@id\":\"https:\\\/\\\/proagrolab.com.ar\\\/se-viene-la-80o-exposicion-angus-de-otono-indoor-en-una-semana-a-puro-angus\\\/\"},\"author\":{\"name\":\"Admin Proagro\",\"@id\":\"https:\\\/\\\/proagrolab.com.ar\\\/#\\\/schema\\\/person\\\/3e30f2f0f9eadcc02d50ed3664562373\"},\"headline\":\"Se viene la 80\u00ba Exposici\u00f3n Angus de Oto\u00f1o Indoor, en una semana a puro Angus\",\"datePublished\":\"2023-05-19T13:19:22+00:00\",\"dateModified\":\"2023-05-19T13:30:45+00:00\",\"mainEntityOfPage\":{\"@id\":\"https:\\\/\\\/proagrolab.com.ar\\\/se-viene-la-80o-exposicion-angus-de-otono-indoor-en-una-semana-a-puro-angus\\\/\"},\"wordCount\":882,\"commentCount\":0,\"publisher\":{\"@id\":\"https:\\\/\\\/proagrolab.com.ar\\\/#organization\"},\"image\":{\"@id\":\"https:\\\/\\\/proagrolab.com.ar\\\/se-viene-la-80o-exposicion-angus-de-otono-indoor-en-una-semana-a-puro-angus\\\/#primaryimage\"},\"thumbnailUrl\":\"https:\\\/\\\/proagrolab.com.ar\\\/wp-content\\\/uploads\\\/2023\\\/05\\\/InfoGanadero_734x291_InfoG_2-1.jpg\",\"articleSection\":[\"News\"],\"inLanguage\":\"en-US\",\"potentialAction\":[{\"@type\":\"CommentAction\",\"name\":\"Comment\",\"target\":[\"https:\\\/\\\/proagrolab.com.ar\\\/se-viene-la-80o-exposicion-angus-de-otono-indoor-en-una-semana-a-puro-angus\\\/#respond\"]}]},{\"@type\":\"WebPage\",\"@id\":\"https:\\\/\\\/proagrolab.com.ar\\\/se-viene-la-80o-exposicion-angus-de-otono-indoor-en-una-semana-a-puro-angus\\\/\",\"url\":\"https:\\\/\\\/proagrolab.com.ar\\\/se-viene-la-80o-exposicion-angus-de-otono-indoor-en-una-semana-a-puro-angus\\\/\",\"name\":\"Se viene la 80\u00ba Exposici\u00f3n Angus de Oto\u00f1o Indoor, en una semana a puro Angus | Proagro\",\"isPartOf\":{\"@id\":\"https:\\\/\\\/proagrolab.com.ar\\\/#website\"},\"primaryImageOfPage\":{\"@id\":\"https:\\\/\\\/proagrolab.com.ar\\\/se-viene-la-80o-exposicion-angus-de-otono-indoor-en-una-semana-a-puro-angus\\\/#primaryimage\"},\"image\":{\"@id\":\"https:\\\/\\\/proagrolab.com.ar\\\/se-viene-la-80o-exposicion-angus-de-otono-indoor-en-una-semana-a-puro-angus\\\/#primaryimage\"},\"thumbnailUrl\":\"https:\\\/\\\/proagrolab.com.ar\\\/wp-content\\\/uploads\\\/2023\\\/05\\\/InfoGanadero_734x291_InfoG_2-1.jpg\",\"datePublished\":\"2023-05-19T13:19:22+00:00\",\"dateModified\":\"2023-05-19T13:30:45+00:00\",\"breadcrumb\":{\"@id\":\"https:\\\/\\\/proagrolab.com.ar\\\/se-viene-la-80o-exposicion-angus-de-otono-indoor-en-una-semana-a-puro-angus\\\/#breadcrumb\"},\"inLanguage\":\"en-US\",\"potentialAction\":[{\"@type\":\"ReadAction\",\"target\":[\"https:\\\/\\\/proagrolab.com.ar\\\/se-viene-la-80o-exposicion-angus-de-otono-indoor-en-una-semana-a-puro-angus\\\/\"]}]},{\"@type\":\"ImageObject\",\"inLanguage\":\"en-US\",\"@id\":\"https:\\\/\\\/proagrolab.com.ar\\\/se-viene-la-80o-exposicion-angus-de-otono-indoor-en-una-semana-a-puro-angus\\\/#primaryimage\",\"url\":\"https:\\\/\\\/proagrolab.com.ar\\\/wp-content\\\/uploads\\\/2023\\\/05\\\/InfoGanadero_734x291_InfoG_2-1.jpg\",\"contentUrl\":\"https:\\\/\\\/proagrolab.com.ar\\\/wp-content\\\/uploads\\\/2023\\\/05\\\/InfoGanadero_734x291_InfoG_2-1.jpg\",\"width\":733,\"height\":291},{\"@type\":\"BreadcrumbList\",\"@id\":\"https:\\\/\\\/proagrolab.com.ar\\\/se-viene-la-80o-exposicion-angus-de-otono-indoor-en-una-semana-a-puro-angus\\\/#breadcrumb\",\"itemListElement\":[{\"@type\":\"ListItem\",\"position\":1,\"name\":\"Portada\",\"item\":\"https:\\\/\\\/proagrolab.com.ar\\\/\"},{\"@type\":\"ListItem\",\"position\":2,\"name\":\"Se viene la 80\u00ba Exposici\u00f3n Angus de Oto\u00f1o Indoor, en una semana a puro Angus\"}]},{\"@type\":\"WebSite\",\"@id\":\"https:\\\/\\\/proagrolab.com.ar\\\/#website\",\"url\":\"https:\\\/\\\/proagrolab.com.ar\\\/\",\"name\":\"Proagro Laboratorio Veterinario\",\"description\":\"Veterinary laboratory\",\"publisher\":{\"@id\":\"https:\\\/\\\/proagrolab.com.ar\\\/#organization\"},\"potentialAction\":[{\"@type\":\"SearchAction\",\"target\":{\"@type\":\"EntryPoint\",\"urlTemplate\":\"https:\\\/\\\/proagrolab.com.ar\\\/?s={search_term_string}\"},\"query-input\":{\"@type\":\"PropertyValueSpecification\",\"valueRequired\":true,\"valueName\":\"search_term_string\"}}],\"inLanguage\":\"en-US\"},{\"@type\":\"Organization\",\"@id\":\"https:\\\/\\\/proagrolab.com.ar\\\/#organization\",\"name\":\"Proagro\",\"url\":\"https:\\\/\\\/proagrolab.com.ar\\\/\",\"logo\":{\"@type\":\"ImageObject\",\"inLanguage\":\"en-US\",\"@id\":\"https:\\\/\\\/proagrolab.com.ar\\\/#\\\/schema\\\/logo\\\/image\\\/\",\"url\":\"https:\\\/\\\/proagrolab.com.ar\\\/wp-content\\\/uploads\\\/2020\\\/04\\\/logo-retina.png\",\"contentUrl\":\"https:\\\/\\\/proagrolab.com.ar\\\/wp-content\\\/uploads\\\/2020\\\/04\\\/logo-retina.png\",\"width\":478,\"height\":120,\"caption\":\"Proagro\"},\"image\":{\"@id\":\"https:\\\/\\\/proagrolab.com.ar\\\/#\\\/schema\\\/logo\\\/image\\\/\"},\"sameAs\":[\"http:\\\/\\\/www.facebook.com\\\/proagrolab\",\"https:\\\/\\\/www.instagram.com\\\/proagrolab\\\/\",\"https:\\\/\\\/www.linkedin.com\\\/company\\\/laboratorio-proagro-s-a\\\/\"]},{\"@type\":\"Person\",\"@id\":\"https:\\\/\\\/proagrolab.com.ar\\\/#\\\/schema\\\/person\\\/3e30f2f0f9eadcc02d50ed3664562373\",\"name\":\"Admin Proagro\",\"sameAs\":[\"http:\\\/\\\/www.sistemas7g.com\"]}]}<\/script>\n<!-- \/ Yoast SEO plugin. -->","yoast_head_json":{"title":"Se viene la 80\u00ba Exposici\u00f3n Angus de Oto\u00f1o Indoor, en una semana a puro Angus | Proagro","robots":{"index":"index","follow":"follow","max-snippet":"max-snippet:-1","max-image-preview":"max-image-preview:large","max-video-preview":"max-video-preview:-1"},"canonical":"https:\/\/proagrolab.com.ar\/en\/se-viene-la-80o-exposicion-angus-de-otono-indoor-en-una-semana-a-puro-angus\/","og_locale":"en_US","og_type":"article","og_title":"Se viene la 80\u00ba Exposici\u00f3n Angus de Oto\u00f1o Indoor, en una semana a puro Angus | Proagro","og_description":"El encuentro ser\u00e1 del 3 al 6 de junio pr\u00f3ximo, en La Rural de Palermo, predio ferial Buenos Aires, organizada por la Asociaci\u00f3n Argentina de Angus y La Rural S.A. La entrada es con acreditaci\u00f3n gratuita que estar\u00e1 disponible en angus.org.ar y en las redes de la Asociaci\u00f3n. &#8220;La 80\u00ba Exposici\u00f3n Angus de Oto\u00f1o Indoor ser\u00e1 la reuni\u00f3n ganadera m\u00e1s importante de la Argentina durante este 2023&#8221;, asegur\u00f3 el presidente de la Asociaci\u00f3n Argentina de Angus, Alfonso Bustillo en la conferencia de prensa de presentaci\u00f3n del encuentro internacional que se realizar\u00e1 desde el 3 al 6 de junio en el Pabell\u00f3n Azul del predio ferial de La Rural en Palermo. Bustillo\u00a0estuvo acompa\u00f1ado por Carlos Solanet, director comercial de La Rural S.A; y Carlos Fern\u00e1ndez, secretario de la Asociaci\u00f3n Argentina de Angus, quienes expusieron sobre las diferentes actividades. Del 3 al 6 de junio pr\u00f3ximo, se llevar\u00e1 a cabo la 80\u00ba Exposici\u00f3n Angus de Oto\u00f1o Indoor, que este a\u00f1o tendr\u00e1 convocatoria internacional, en las instalaciones de La Rural de Palermo, predio ferial Buenos Aires, en el marco de la denominada Semana Angus de Oto\u00f1o. Ser\u00e1 la muestra m\u00e1s importante de la ganader\u00eda argentina con m\u00e1s de 850 ejemplares de pedigree inscriptos [&hellip;]","og_url":"https:\/\/proagrolab.com.ar\/se-viene-la-80o-exposicion-angus-de-otono-indoor-en-una-semana-a-puro-angus\/","og_site_name":"Proagro","article_publisher":"http:\/\/www.facebook.com\/proagrolab","article_published_time":"2023-05-19T13:19:22+00:00","article_modified_time":"2023-05-19T13:30:45+00:00","og_image":[{"width":733,"height":291,"url":"https:\/\/proagrolab.com.ar\/wp-content\/uploads\/2023\/05\/InfoGanadero_734x291_InfoG_2-1.jpg","type":"image\/jpeg"}],"author":"Admin Proagro","twitter_card":"summary_large_image","twitter_misc":{"Written by":"Admin Proagro","Est. reading time":"4 minutes"},"schema":{"@context":"https:\/\/schema.org","@graph":[{"@type":"Article","@id":"https:\/\/proagrolab.com.ar\/se-viene-la-80o-exposicion-angus-de-otono-indoor-en-una-semana-a-puro-angus\/#article","isPartOf":{"@id":"https:\/\/proagrolab.com.ar\/se-viene-la-80o-exposicion-angus-de-otono-indoor-en-una-semana-a-puro-angus\/"},"author":{"name":"Admin Proagro","@id":"https:\/\/proagrolab.com.ar\/#\/schema\/person\/3e30f2f0f9eadcc02d50ed3664562373"},"headline":"Se viene la 80\u00ba Exposici\u00f3n Angus de Oto\u00f1o Indoor, en una semana a puro Angus","datePublished":"2023-05-19T13:19:22+00:00","dateModified":"2023-05-19T13:30:45+00:00","mainEntityOfPage":{"@id":"https:\/\/proagrolab.com.ar\/se-viene-la-80o-exposicion-angus-de-otono-indoor-en-una-semana-a-puro-angus\/"},"wordCount":882,"commentCount":0,"publisher":{"@id":"https:\/\/proagrolab.com.ar\/#organization"},"image":{"@id":"https:\/\/proagrolab.com.ar\/se-viene-la-80o-exposicion-angus-de-otono-indoor-en-una-semana-a-puro-angus\/#primaryimage"},"thumbnailUrl":"https:\/\/proagrolab.com.ar\/wp-content\/uploads\/2023\/05\/InfoGanadero_734x291_InfoG_2-1.jpg","articleSection":["News"],"inLanguage":"en-US","potentialAction":[{"@type":"CommentAction","name":"Comment","target":["https:\/\/proagrolab.com.ar\/se-viene-la-80o-exposicion-angus-de-otono-indoor-en-una-semana-a-puro-angus\/#respond"]}]},{"@type":"WebPage","@id":"https:\/\/proagrolab.com.ar\/se-viene-la-80o-exposicion-angus-de-otono-indoor-en-una-semana-a-puro-angus\/","url":"https:\/\/proagrolab.com.ar\/se-viene-la-80o-exposicion-angus-de-otono-indoor-en-una-semana-a-puro-angus\/","name":"Se viene la 80\u00ba Exposici\u00f3n Angus de Oto\u00f1o Indoor, en una semana a puro Angus | Proagro","isPartOf":{"@id":"https:\/\/proagrolab.com.ar\/#website"},"primaryImageOfPage":{"@id":"https:\/\/proagrolab.com.ar\/se-viene-la-80o-exposicion-angus-de-otono-indoor-en-una-semana-a-puro-angus\/#primaryimage"},"image":{"@id":"https:\/\/proagrolab.com.ar\/se-viene-la-80o-exposicion-angus-de-otono-indoor-en-una-semana-a-puro-angus\/#primaryimage"},"thumbnailUrl":"https:\/\/proagrolab.com.ar\/wp-content\/uploads\/2023\/05\/InfoGanadero_734x291_InfoG_2-1.jpg","datePublished":"2023-05-19T13:19:22+00:00","dateModified":"2023-05-19T13:30:45+00:00","breadcrumb":{"@id":"https:\/\/proagrolab.com.ar\/se-viene-la-80o-exposicion-angus-de-otono-indoor-en-una-semana-a-puro-angus\/#breadcrumb"},"inLanguage":"en-US","potentialAction":[{"@type":"ReadAction","target":["https:\/\/proagrolab.com.ar\/se-viene-la-80o-exposicion-angus-de-otono-indoor-en-una-semana-a-puro-angus\/"]}]},{"@type":"ImageObject","inLanguage":"en-US","@id":"https:\/\/proagrolab.com.ar\/se-viene-la-80o-exposicion-angus-de-otono-indoor-en-una-semana-a-puro-angus\/#primaryimage","url":"https:\/\/proagrolab.com.ar\/wp-content\/uploads\/2023\/05\/InfoGanadero_734x291_InfoG_2-1.jpg","contentUrl":"https:\/\/proagrolab.com.ar\/wp-content\/uploads\/2023\/05\/InfoGanadero_734x291_InfoG_2-1.jpg","width":733,"height":291},{"@type":"BreadcrumbList","@id":"https:\/\/proagrolab.com.ar\/se-viene-la-80o-exposicion-angus-de-otono-indoor-en-una-semana-a-puro-angus\/#breadcrumb","itemListElement":[{"@type":"ListItem","position":1,"name":"Portada","item":"https:\/\/proagrolab.com.ar\/"},{"@type":"ListItem","position":2,"name":"Se viene la 80\u00ba Exposici\u00f3n Angus de Oto\u00f1o Indoor, en una semana a puro Angus"}]},{"@type":"WebSite","@id":"https:\/\/proagrolab.com.ar\/#website","url":"https:\/\/proagrolab.com.ar\/","name":"Proagro Laboratorio Veterinario","description":"Veterinary laboratory","publisher":{"@id":"https:\/\/proagrolab.com.ar\/#organization"},"potentialAction":[{"@type":"SearchAction","target":{"@type":"EntryPoint","urlTemplate":"https:\/\/proagrolab.com.ar\/?s={search_term_string}"},"query-input":{"@type":"PropertyValueSpecification","valueRequired":true,"valueName":"search_term_string"}}],"inLanguage":"en-US"},{"@type":"Organization","@id":"https:\/\/proagrolab.com.ar\/#organization","name":"Proagro","url":"https:\/\/proagrolab.com.ar\/","logo":{"@type":"ImageObject","inLanguage":"en-US","@id":"https:\/\/proagrolab.com.ar\/#\/schema\/logo\/image\/","url":"https:\/\/proagrolab.com.ar\/wp-content\/uploads\/2020\/04\/logo-retina.png","contentUrl":"https:\/\/proagrolab.com.ar\/wp-content\/uploads\/2020\/04\/logo-retina.png","width":478,"height":120,"caption":"Proagro"},"image":{"@id":"https:\/\/proagrolab.com.ar\/#\/schema\/logo\/image\/"},"sameAs":["http:\/\/www.facebook.com\/proagrolab","https:\/\/www.instagram.com\/proagrolab\/","https:\/\/www.linkedin.com\/company\/laboratorio-proagro-s-a\/"]},{"@type":"Person","@id":"https:\/\/proagrolab.com.ar\/#\/schema\/person\/3e30f2f0f9eadcc02d50ed3664562373","name":"Admin Proagro","sameAs":["http:\/\/www.sistemas7g.com"]}]}},"_links":{"self":[{"href":"https:\/\/proagrolab.com.ar\/en\/wp-json\/wp\/v2\/posts\/37883","targetHints":{"allow":["GET"]}}],"collection":[{"href":"https:\/\/proagrolab.com.ar\/en\/wp-json\/wp\/v2\/posts"}],"about":[{"href":"https:\/\/proagrolab.com.ar\/en\/wp-json\/wp\/v2\/types\/post"}],"author":[{"embeddable":true,"href":"https:\/\/proagrolab.com.ar\/en\/wp-json\/wp\/v2\/users\/6"}],"replies":[{"embeddable":true,"href":"https:\/\/proagrolab.com.ar\/en\/wp-json\/wp\/v2\/comments?post=37883"}],"version-history":[{"count":1,"href":"https:\/\/proagrolab.com.ar\/en\/wp-json\/wp\/v2\/posts\/37883\/revisions"}],"predecessor-version":[{"id":37884,"href":"https:\/\/proagrolab.com.ar\/en\/wp-json\/wp\/v2\/posts\/37883\/revisions\/37884"}],"wp:featuredmedia":[{"embeddable":true,"href":"https:\/\/proagrolab.com.ar\/en\/wp-json\/wp\/v2\/media\/37918"}],"wp:attachment":[{"href":"https:\/\/proagrolab.com.ar\/en\/wp-json\/wp\/v2\/media?parent=37883"}],"wp:term":[{"taxonomy":"category","embeddable":true,"href":"https:\/\/proagrolab.com.ar\/en\/wp-json\/wp\/v2\/categories?post=37883"},{"taxonomy":"post_tag","embeddable":true,"href":"https:\/\/proagrolab.com.ar\/en\/wp-json\/wp\/v2\/tags?post=37883"}],"curies":[{"name":"wp","href":"https:\/\/api.w.org\/{rel}","templated":true}]}}