{"id":37813,"date":"2023-05-12T12:40:03","date_gmt":"2023-05-12T12:40:03","guid":{"rendered":"https:\/\/proagrolab.com.ar\/?p=37813"},"modified":"2023-05-12T12:40:03","modified_gmt":"2023-05-12T12:40:03","slug":"la-carne-pilar-de-nuestra-identidad","status":"publish","type":"post","link":"https:\/\/proagrolab.com.ar\/en\/la-carne-pilar-de-nuestra-identidad\/","title":{"rendered":"La carne, pilar de nuestra identidad"},"content":{"rendered":"<p class=\"qtranxs-available-languages-message qtranxs-available-languages-message-en\"> <\/p><p><\/p>\n<div class=\"astra-advanced-hook-413 \">\n<div class=\"elementor elementor-413\" data-elementor-type=\"wp-post\" data-elementor-id=\"413\">\n<div class=\"elementor-inner\">\n<div class=\"elementor-section-wrap\">\n<section class=\"elementor-section elementor-top-section elementor-element elementor-element-b152bb4 elementor-section-boxed elementor-section-height-default elementor-section-height-default\" data-id=\"b152bb4\" data-element_type=\"section\">\n<div class=\"elementor-container elementor-column-gap-no\">\n<div class=\"elementor-row\">\n<div class=\"elementor-column elementor-col-100 elementor-top-column elementor-element elementor-element-8c554b8\" data-id=\"8c554b8\" data-element_type=\"column\">\n<div class=\"elementor-column-wrap elementor-element-populated\">\n<div class=\"elementor-widget-wrap\">\n<div class=\"elementor-element elementor-element-98ad4f4 elementor-widget elementor-widget-theme-post-excerpt\" data-id=\"98ad4f4\" data-element_type=\"widget\" data-widget_type=\"theme-post-excerpt.default\">\n<div class=\"elementor-widget-container\">Desde el charqui hasta la hamburguesa, la carne forma parte de la construcci\u00f3n identitaria a lo largo de la historia y en todo el territorio argentino.<\/div>\n<\/div>\n<\/div>\n<\/div>\n<\/div>\n<\/div>\n<\/div>\n<\/section>\n<\/div>\n<\/div>\n<\/div>\n<\/div>\n<p>En ArgenCarne NOA, que se llevar\u00e1 a cabo entre el 2 y el 4 de junio en el predio de la Sociedad Rural Salte\u00f1a, la cocina ser\u00e1 protagonista, ya que habr\u00e1 actividades relacionadas con la carne y la cultura a lo largo de los tiempos.<\/p>\n<p>Las ingenieras agr\u00f3nomas Magda Choque Vilca y Claudia Bachur est\u00e1n preparando las charlas que se brindar\u00e1n en la feria sobre Cocina y Cultura, donde se podr\u00e1n conocer las formas de consumo de las culturas originarias, pasando por todas las influencias que han construido la identidad culinaria argentina. Magda adelant\u00f3: \u00abvamos a recorrer nuestra cultura asociada al sistema alimentario, es decir, a las construcciones culturales que hacen que hacen a nuestra comensalidad \u00ab, se\u00f1al\u00f3, \u00abel NOA no come lo mismo que el NEA, ni que el Centro, ni que la Patagonia, sin embargo en todas hay sentimientos y saberes que los atraviesan. Eso lo veremos en demostraciones en cocinas con piedra, cocina con diferentes tipos de elementos, y tambi\u00e9n charlas que van m\u00e1s all\u00e1 de las recetas. Hablaremos de procesos culturales, hist\u00f3ricos, afectivos que tienen que ver con c\u00f3mo las carnes han estado presente a lo largo de la historia, y c\u00f3mo se va modernizando a la par del sistema alimentario\u00bb.<\/p>\n<p>Este recorrido en el tiempo mostrar\u00e1 que todos estamos impregnados de la cultura alimentaria, y que la carne ocupa un lugar destacado en el conversatorio que se da entre el alimento y las t\u00e9cnicas de cocci\u00f3n. \u00abLos alimentos frescos pueden ser consumidos crudos, pero la carne debe atravesar alg\u00fan tipo de cocci\u00f3n, que va mutando y evolucionando junto con la humanidad, y que tiene tantas aristas como nuestro abanico de identidades\u00bb, destac\u00f3 la agr\u00f3noma.<\/p>\n<p>Choque Vilca resalt\u00f3 la importancia de las carnes en las mesas de todo el pa\u00eds, y las diferencias que existen en las cocinas regionales tanto en los tipos de carne como en sus preparaciones. \u00abLa carne est\u00e1 presente en todos los grupos etarios, en los pisos ecol\u00f3gicos y en los procesos hist\u00f3ricos. Haremos abordaje de las comidas regionales, porque no es lo mismo el cordero de la Patagonia, que el del NEA o el de la Puna, tanto en sus construcciones culinarias como en sus abordajes de comensalidad. Cada carne se asocia al piso ecol\u00f3gico donde est\u00e1 y en funci\u00f3n de eso construye sus recetas. El locro, por ejemplo, que es bien argentino, es a la vez distinto en Corrientes que en Tucum\u00e1n, o en Salta. Y el acompa\u00f1ante no es un elemento complementario, sino que es tan importante como el protagonista. Uno no puede imaginar una empanada salte\u00f1a sin carne, o un locro sin la carne. Pero tampoco sin zapallo o sin ma\u00edz\u00bb. Estas alianzas culinarias que permiten una complementariedad van a estar presentes tanto en demostraciones en vivo como en degustaciones a lo largo de los tres d\u00edas de ArgenCarne NOA.<\/p>\n<p>\u00abLa cocina tiene algo maravilloso: en un bocado te puede llevar a tu infancia, a tu territorio, a tus amores, a todo. La comida, en treinta segundos, te lleva al lugar que vos quieras\u00bb, concluy\u00f3 Magda.<\/p>\n<p>Fuente: <a href=\"https:\/\/www.todoagro.com.ar\/la-carne-pilar-de-nuestra-identidad\/\">https:\/\/www.todoagro.com.ar\/la-carne-pilar-de-nuestra-identidad\/<\/a><\/p>\n<p><\/p>","protected":false},"excerpt":{"rendered":"<p>Desde el charqui hasta la hamburguesa, la carne forma parte de la construcci\u00f3n identitaria a lo largo de la historia y en todo el territorio argentino. En ArgenCarne NOA, que se llevar\u00e1 a cabo entre el 2 y el 4 de junio en el predio de la Sociedad Rural Salte\u00f1a, la cocina ser\u00e1 protagonista, ya que habr\u00e1 actividades relacionadas con la carne y la cultura a lo largo de los tiempos. Las ingenieras agr\u00f3nomas Magda Choque Vilca y Claudia Bachur est\u00e1n preparando las charlas que se brindar\u00e1n en la feria sobre Cocina y Cultura, donde se podr\u00e1n conocer las formas de consumo de las culturas originarias, pasando por todas las influencias que han construido la identidad culinaria argentina. Magda adelant\u00f3: \u00abvamos a recorrer nuestra cultura asociada al sistema alimentario, es decir, a las construcciones culturales que hacen que hacen a nuestra comensalidad \u00ab, se\u00f1al\u00f3, \u00abel NOA no come lo mismo que el NEA, ni que el Centro, ni que la Patagonia, sin embargo en todas hay sentimientos y saberes que los atraviesan. Eso lo veremos en demostraciones en cocinas con piedra, cocina con diferentes tipos de elementos, y tambi\u00e9n charlas que van m\u00e1s all\u00e1 de las recetas. Hablaremos de procesos [&hellip;]<\/p>\n","protected":false},"author":6,"featured_media":37821,"comment_status":"open","ping_status":"closed","sticky":false,"template":"","format":"standard","meta":{"_acf_changed":false,"footnotes":""},"categories":[56],"tags":[],"class_list":["post-37813","post","type-post","status-publish","format-standard","has-post-thumbnail","hentry","category-infoganadero"],"acf":[],"yoast_head":"<!-- This site is optimized with the Yoast SEO plugin v27.5 - https:\/\/yoast.com\/product\/yoast-seo-wordpress\/ -->\n<title>La carne, pilar de nuestra identidad | Proagro<\/title>\n<meta name=\"robots\" content=\"index, follow, max-snippet:-1, max-image-preview:large, max-video-preview:-1\" \/>\n<link rel=\"canonical\" href=\"https:\/\/proagrolab.com.ar\/en\/la-carne-pilar-de-nuestra-identidad\/\" \/>\n<meta property=\"og:locale\" content=\"en_US\" \/>\n<meta property=\"og:type\" content=\"article\" \/>\n<meta property=\"og:title\" content=\"La carne, pilar de nuestra identidad | Proagro\" \/>\n<meta property=\"og:description\" content=\"Desde el charqui hasta la hamburguesa, la carne forma parte de la construcci\u00f3n identitaria a lo largo de la historia y en todo el territorio argentino. En ArgenCarne NOA, que se llevar\u00e1 a cabo entre el 2 y el 4 de junio en el predio de la Sociedad Rural Salte\u00f1a, la cocina ser\u00e1 protagonista, ya que habr\u00e1 actividades relacionadas con la carne y la cultura a lo largo de los tiempos. Las ingenieras agr\u00f3nomas Magda Choque Vilca y Claudia Bachur est\u00e1n preparando las charlas que se brindar\u00e1n en la feria sobre Cocina y Cultura, donde se podr\u00e1n conocer las formas de consumo de las culturas originarias, pasando por todas las influencias que han construido la identidad culinaria argentina. Magda adelant\u00f3: \u00abvamos a recorrer nuestra cultura asociada al sistema alimentario, es decir, a las construcciones culturales que hacen que hacen a nuestra comensalidad \u00ab, se\u00f1al\u00f3, \u00abel NOA no come lo mismo que el NEA, ni que el Centro, ni que la Patagonia, sin embargo en todas hay sentimientos y saberes que los atraviesan. Eso lo veremos en demostraciones en cocinas con piedra, cocina con diferentes tipos de elementos, y tambi\u00e9n charlas que van m\u00e1s all\u00e1 de las recetas. Hablaremos de procesos [&hellip;]\" \/>\n<meta property=\"og:url\" content=\"https:\/\/proagrolab.com.ar\/la-carne-pilar-de-nuestra-identidad\/\" \/>\n<meta property=\"og:site_name\" content=\"Proagro\" \/>\n<meta property=\"article:publisher\" content=\"http:\/\/www.facebook.com\/proagrolab\" \/>\n<meta property=\"article:published_time\" content=\"2023-05-12T12:40:03+00:00\" \/>\n<meta property=\"og:image\" content=\"https:\/\/proagrolab.com.ar\/wp-content\/uploads\/2023\/05\/InfoG_1-100-1.jpg\" \/>\n\t<meta property=\"og:image:width\" content=\"734\" \/>\n\t<meta property=\"og:image:height\" content=\"291\" \/>\n\t<meta property=\"og:image:type\" content=\"image\/jpeg\" \/>\n<meta name=\"author\" content=\"Admin Proagro\" \/>\n<meta name=\"twitter:card\" content=\"summary_large_image\" \/>\n<meta name=\"twitter:label1\" content=\"Written by\" \/>\n\t<meta name=\"twitter:data1\" content=\"Admin Proagro\" \/>\n\t<meta name=\"twitter:label2\" content=\"Est. reading time\" \/>\n\t<meta name=\"twitter:data2\" content=\"3 minutes\" \/>\n<script type=\"application\/ld+json\" class=\"yoast-schema-graph\">{\"@context\":\"https:\\\/\\\/schema.org\",\"@graph\":[{\"@type\":\"Article\",\"@id\":\"https:\\\/\\\/proagrolab.com.ar\\\/la-carne-pilar-de-nuestra-identidad\\\/#article\",\"isPartOf\":{\"@id\":\"https:\\\/\\\/proagrolab.com.ar\\\/la-carne-pilar-de-nuestra-identidad\\\/\"},\"author\":{\"name\":\"Admin Proagro\",\"@id\":\"https:\\\/\\\/proagrolab.com.ar\\\/#\\\/schema\\\/person\\\/3e30f2f0f9eadcc02d50ed3664562373\"},\"headline\":\"La carne, pilar de nuestra identidad\",\"datePublished\":\"2023-05-12T12:40:03+00:00\",\"mainEntityOfPage\":{\"@id\":\"https:\\\/\\\/proagrolab.com.ar\\\/la-carne-pilar-de-nuestra-identidad\\\/\"},\"wordCount\":573,\"commentCount\":0,\"publisher\":{\"@id\":\"https:\\\/\\\/proagrolab.com.ar\\\/#organization\"},\"image\":{\"@id\":\"https:\\\/\\\/proagrolab.com.ar\\\/la-carne-pilar-de-nuestra-identidad\\\/#primaryimage\"},\"thumbnailUrl\":\"https:\\\/\\\/proagrolab.com.ar\\\/wp-content\\\/uploads\\\/2023\\\/05\\\/InfoG_1-100-1.jpg\",\"articleSection\":[\"News\"],\"inLanguage\":\"en-US\",\"potentialAction\":[{\"@type\":\"CommentAction\",\"name\":\"Comment\",\"target\":[\"https:\\\/\\\/proagrolab.com.ar\\\/la-carne-pilar-de-nuestra-identidad\\\/#respond\"]}]},{\"@type\":\"WebPage\",\"@id\":\"https:\\\/\\\/proagrolab.com.ar\\\/la-carne-pilar-de-nuestra-identidad\\\/\",\"url\":\"https:\\\/\\\/proagrolab.com.ar\\\/la-carne-pilar-de-nuestra-identidad\\\/\",\"name\":\"La carne, pilar de nuestra identidad | Proagro\",\"isPartOf\":{\"@id\":\"https:\\\/\\\/proagrolab.com.ar\\\/#website\"},\"primaryImageOfPage\":{\"@id\":\"https:\\\/\\\/proagrolab.com.ar\\\/la-carne-pilar-de-nuestra-identidad\\\/#primaryimage\"},\"image\":{\"@id\":\"https:\\\/\\\/proagrolab.com.ar\\\/la-carne-pilar-de-nuestra-identidad\\\/#primaryimage\"},\"thumbnailUrl\":\"https:\\\/\\\/proagrolab.com.ar\\\/wp-content\\\/uploads\\\/2023\\\/05\\\/InfoG_1-100-1.jpg\",\"datePublished\":\"2023-05-12T12:40:03+00:00\",\"breadcrumb\":{\"@id\":\"https:\\\/\\\/proagrolab.com.ar\\\/la-carne-pilar-de-nuestra-identidad\\\/#breadcrumb\"},\"inLanguage\":\"en-US\",\"potentialAction\":[{\"@type\":\"ReadAction\",\"target\":[\"https:\\\/\\\/proagrolab.com.ar\\\/la-carne-pilar-de-nuestra-identidad\\\/\"]}]},{\"@type\":\"ImageObject\",\"inLanguage\":\"en-US\",\"@id\":\"https:\\\/\\\/proagrolab.com.ar\\\/la-carne-pilar-de-nuestra-identidad\\\/#primaryimage\",\"url\":\"https:\\\/\\\/proagrolab.com.ar\\\/wp-content\\\/uploads\\\/2023\\\/05\\\/InfoG_1-100-1.jpg\",\"contentUrl\":\"https:\\\/\\\/proagrolab.com.ar\\\/wp-content\\\/uploads\\\/2023\\\/05\\\/InfoG_1-100-1.jpg\",\"width\":734,\"height\":291},{\"@type\":\"BreadcrumbList\",\"@id\":\"https:\\\/\\\/proagrolab.com.ar\\\/la-carne-pilar-de-nuestra-identidad\\\/#breadcrumb\",\"itemListElement\":[{\"@type\":\"ListItem\",\"position\":1,\"name\":\"Portada\",\"item\":\"https:\\\/\\\/proagrolab.com.ar\\\/\"},{\"@type\":\"ListItem\",\"position\":2,\"name\":\"La carne, pilar de nuestra identidad\"}]},{\"@type\":\"WebSite\",\"@id\":\"https:\\\/\\\/proagrolab.com.ar\\\/#website\",\"url\":\"https:\\\/\\\/proagrolab.com.ar\\\/\",\"name\":\"Proagro Laboratorio Veterinario\",\"description\":\"Veterinary laboratory\",\"publisher\":{\"@id\":\"https:\\\/\\\/proagrolab.com.ar\\\/#organization\"},\"potentialAction\":[{\"@type\":\"SearchAction\",\"target\":{\"@type\":\"EntryPoint\",\"urlTemplate\":\"https:\\\/\\\/proagrolab.com.ar\\\/?s={search_term_string}\"},\"query-input\":{\"@type\":\"PropertyValueSpecification\",\"valueRequired\":true,\"valueName\":\"search_term_string\"}}],\"inLanguage\":\"en-US\"},{\"@type\":\"Organization\",\"@id\":\"https:\\\/\\\/proagrolab.com.ar\\\/#organization\",\"name\":\"Proagro\",\"url\":\"https:\\\/\\\/proagrolab.com.ar\\\/\",\"logo\":{\"@type\":\"ImageObject\",\"inLanguage\":\"en-US\",\"@id\":\"https:\\\/\\\/proagrolab.com.ar\\\/#\\\/schema\\\/logo\\\/image\\\/\",\"url\":\"https:\\\/\\\/proagrolab.com.ar\\\/wp-content\\\/uploads\\\/2020\\\/04\\\/logo-retina.png\",\"contentUrl\":\"https:\\\/\\\/proagrolab.com.ar\\\/wp-content\\\/uploads\\\/2020\\\/04\\\/logo-retina.png\",\"width\":478,\"height\":120,\"caption\":\"Proagro\"},\"image\":{\"@id\":\"https:\\\/\\\/proagrolab.com.ar\\\/#\\\/schema\\\/logo\\\/image\\\/\"},\"sameAs\":[\"http:\\\/\\\/www.facebook.com\\\/proagrolab\",\"https:\\\/\\\/www.instagram.com\\\/proagrolab\\\/\",\"https:\\\/\\\/www.linkedin.com\\\/company\\\/laboratorio-proagro-s-a\\\/\"]},{\"@type\":\"Person\",\"@id\":\"https:\\\/\\\/proagrolab.com.ar\\\/#\\\/schema\\\/person\\\/3e30f2f0f9eadcc02d50ed3664562373\",\"name\":\"Admin Proagro\",\"sameAs\":[\"http:\\\/\\\/www.sistemas7g.com\"]}]}<\/script>\n<!-- \/ Yoast SEO plugin. -->","yoast_head_json":{"title":"La carne, pilar de nuestra identidad | Proagro","robots":{"index":"index","follow":"follow","max-snippet":"max-snippet:-1","max-image-preview":"max-image-preview:large","max-video-preview":"max-video-preview:-1"},"canonical":"https:\/\/proagrolab.com.ar\/en\/la-carne-pilar-de-nuestra-identidad\/","og_locale":"en_US","og_type":"article","og_title":"La carne, pilar de nuestra identidad | Proagro","og_description":"Desde el charqui hasta la hamburguesa, la carne forma parte de la construcci\u00f3n identitaria a lo largo de la historia y en todo el territorio argentino. En ArgenCarne NOA, que se llevar\u00e1 a cabo entre el 2 y el 4 de junio en el predio de la Sociedad Rural Salte\u00f1a, la cocina ser\u00e1 protagonista, ya que habr\u00e1 actividades relacionadas con la carne y la cultura a lo largo de los tiempos. Las ingenieras agr\u00f3nomas Magda Choque Vilca y Claudia Bachur est\u00e1n preparando las charlas que se brindar\u00e1n en la feria sobre Cocina y Cultura, donde se podr\u00e1n conocer las formas de consumo de las culturas originarias, pasando por todas las influencias que han construido la identidad culinaria argentina. Magda adelant\u00f3: \u00abvamos a recorrer nuestra cultura asociada al sistema alimentario, es decir, a las construcciones culturales que hacen que hacen a nuestra comensalidad \u00ab, se\u00f1al\u00f3, \u00abel NOA no come lo mismo que el NEA, ni que el Centro, ni que la Patagonia, sin embargo en todas hay sentimientos y saberes que los atraviesan. Eso lo veremos en demostraciones en cocinas con piedra, cocina con diferentes tipos de elementos, y tambi\u00e9n charlas que van m\u00e1s all\u00e1 de las recetas. Hablaremos de procesos [&hellip;]","og_url":"https:\/\/proagrolab.com.ar\/la-carne-pilar-de-nuestra-identidad\/","og_site_name":"Proagro","article_publisher":"http:\/\/www.facebook.com\/proagrolab","article_published_time":"2023-05-12T12:40:03+00:00","og_image":[{"width":734,"height":291,"url":"https:\/\/proagrolab.com.ar\/wp-content\/uploads\/2023\/05\/InfoG_1-100-1.jpg","type":"image\/jpeg"}],"author":"Admin Proagro","twitter_card":"summary_large_image","twitter_misc":{"Written by":"Admin Proagro","Est. reading time":"3 minutes"},"schema":{"@context":"https:\/\/schema.org","@graph":[{"@type":"Article","@id":"https:\/\/proagrolab.com.ar\/la-carne-pilar-de-nuestra-identidad\/#article","isPartOf":{"@id":"https:\/\/proagrolab.com.ar\/la-carne-pilar-de-nuestra-identidad\/"},"author":{"name":"Admin Proagro","@id":"https:\/\/proagrolab.com.ar\/#\/schema\/person\/3e30f2f0f9eadcc02d50ed3664562373"},"headline":"La carne, pilar de nuestra identidad","datePublished":"2023-05-12T12:40:03+00:00","mainEntityOfPage":{"@id":"https:\/\/proagrolab.com.ar\/la-carne-pilar-de-nuestra-identidad\/"},"wordCount":573,"commentCount":0,"publisher":{"@id":"https:\/\/proagrolab.com.ar\/#organization"},"image":{"@id":"https:\/\/proagrolab.com.ar\/la-carne-pilar-de-nuestra-identidad\/#primaryimage"},"thumbnailUrl":"https:\/\/proagrolab.com.ar\/wp-content\/uploads\/2023\/05\/InfoG_1-100-1.jpg","articleSection":["News"],"inLanguage":"en-US","potentialAction":[{"@type":"CommentAction","name":"Comment","target":["https:\/\/proagrolab.com.ar\/la-carne-pilar-de-nuestra-identidad\/#respond"]}]},{"@type":"WebPage","@id":"https:\/\/proagrolab.com.ar\/la-carne-pilar-de-nuestra-identidad\/","url":"https:\/\/proagrolab.com.ar\/la-carne-pilar-de-nuestra-identidad\/","name":"La carne, pilar de nuestra identidad | Proagro","isPartOf":{"@id":"https:\/\/proagrolab.com.ar\/#website"},"primaryImageOfPage":{"@id":"https:\/\/proagrolab.com.ar\/la-carne-pilar-de-nuestra-identidad\/#primaryimage"},"image":{"@id":"https:\/\/proagrolab.com.ar\/la-carne-pilar-de-nuestra-identidad\/#primaryimage"},"thumbnailUrl":"https:\/\/proagrolab.com.ar\/wp-content\/uploads\/2023\/05\/InfoG_1-100-1.jpg","datePublished":"2023-05-12T12:40:03+00:00","breadcrumb":{"@id":"https:\/\/proagrolab.com.ar\/la-carne-pilar-de-nuestra-identidad\/#breadcrumb"},"inLanguage":"en-US","potentialAction":[{"@type":"ReadAction","target":["https:\/\/proagrolab.com.ar\/la-carne-pilar-de-nuestra-identidad\/"]}]},{"@type":"ImageObject","inLanguage":"en-US","@id":"https:\/\/proagrolab.com.ar\/la-carne-pilar-de-nuestra-identidad\/#primaryimage","url":"https:\/\/proagrolab.com.ar\/wp-content\/uploads\/2023\/05\/InfoG_1-100-1.jpg","contentUrl":"https:\/\/proagrolab.com.ar\/wp-content\/uploads\/2023\/05\/InfoG_1-100-1.jpg","width":734,"height":291},{"@type":"BreadcrumbList","@id":"https:\/\/proagrolab.com.ar\/la-carne-pilar-de-nuestra-identidad\/#breadcrumb","itemListElement":[{"@type":"ListItem","position":1,"name":"Portada","item":"https:\/\/proagrolab.com.ar\/"},{"@type":"ListItem","position":2,"name":"La carne, pilar de nuestra identidad"}]},{"@type":"WebSite","@id":"https:\/\/proagrolab.com.ar\/#website","url":"https:\/\/proagrolab.com.ar\/","name":"Proagro Laboratorio Veterinario","description":"Veterinary laboratory","publisher":{"@id":"https:\/\/proagrolab.com.ar\/#organization"},"potentialAction":[{"@type":"SearchAction","target":{"@type":"EntryPoint","urlTemplate":"https:\/\/proagrolab.com.ar\/?s={search_term_string}"},"query-input":{"@type":"PropertyValueSpecification","valueRequired":true,"valueName":"search_term_string"}}],"inLanguage":"en-US"},{"@type":"Organization","@id":"https:\/\/proagrolab.com.ar\/#organization","name":"Proagro","url":"https:\/\/proagrolab.com.ar\/","logo":{"@type":"ImageObject","inLanguage":"en-US","@id":"https:\/\/proagrolab.com.ar\/#\/schema\/logo\/image\/","url":"https:\/\/proagrolab.com.ar\/wp-content\/uploads\/2020\/04\/logo-retina.png","contentUrl":"https:\/\/proagrolab.com.ar\/wp-content\/uploads\/2020\/04\/logo-retina.png","width":478,"height":120,"caption":"Proagro"},"image":{"@id":"https:\/\/proagrolab.com.ar\/#\/schema\/logo\/image\/"},"sameAs":["http:\/\/www.facebook.com\/proagrolab","https:\/\/www.instagram.com\/proagrolab\/","https:\/\/www.linkedin.com\/company\/laboratorio-proagro-s-a\/"]},{"@type":"Person","@id":"https:\/\/proagrolab.com.ar\/#\/schema\/person\/3e30f2f0f9eadcc02d50ed3664562373","name":"Admin Proagro","sameAs":["http:\/\/www.sistemas7g.com"]}]}},"_links":{"self":[{"href":"https:\/\/proagrolab.com.ar\/en\/wp-json\/wp\/v2\/posts\/37813","targetHints":{"allow":["GET"]}}],"collection":[{"href":"https:\/\/proagrolab.com.ar\/en\/wp-json\/wp\/v2\/posts"}],"about":[{"href":"https:\/\/proagrolab.com.ar\/en\/wp-json\/wp\/v2\/types\/post"}],"author":[{"embeddable":true,"href":"https:\/\/proagrolab.com.ar\/en\/wp-json\/wp\/v2\/users\/6"}],"replies":[{"embeddable":true,"href":"https:\/\/proagrolab.com.ar\/en\/wp-json\/wp\/v2\/comments?post=37813"}],"version-history":[{"count":1,"href":"https:\/\/proagrolab.com.ar\/en\/wp-json\/wp\/v2\/posts\/37813\/revisions"}],"predecessor-version":[{"id":37815,"href":"https:\/\/proagrolab.com.ar\/en\/wp-json\/wp\/v2\/posts\/37813\/revisions\/37815"}],"wp:featuredmedia":[{"embeddable":true,"href":"https:\/\/proagrolab.com.ar\/en\/wp-json\/wp\/v2\/media\/37821"}],"wp:attachment":[{"href":"https:\/\/proagrolab.com.ar\/en\/wp-json\/wp\/v2\/media?parent=37813"}],"wp:term":[{"taxonomy":"category","embeddable":true,"href":"https:\/\/proagrolab.com.ar\/en\/wp-json\/wp\/v2\/categories?post=37813"},{"taxonomy":"post_tag","embeddable":true,"href":"https:\/\/proagrolab.com.ar\/en\/wp-json\/wp\/v2\/tags?post=37813"}],"curies":[{"name":"wp","href":"https:\/\/api.w.org\/{rel}","templated":true}]}}