{"id":37812,"date":"2023-05-12T12:22:31","date_gmt":"2023-05-12T12:22:31","guid":{"rendered":"https:\/\/proagrolab.com.ar\/?p=37812"},"modified":"2023-05-12T12:22:31","modified_gmt":"2023-05-12T12:22:31","slug":"los-precios-que-dejo-la-venta-de-la-mayor-concentracion-de-vientres-braford-del-pais","status":"publish","type":"post","link":"https:\/\/proagrolab.com.ar\/en\/los-precios-que-dejo-la-venta-de-la-mayor-concentracion-de-vientres-braford-del-pais\/","title":{"rendered":"Los precios que dej\u00f3 la venta de la mayor concentraci\u00f3n de vientres Braford del pa\u00eds"},"content":{"rendered":"<p class=\"qtranxs-available-languages-message qtranxs-available-languages-message-en\"> <\/p><p><\/p>\n<p><strong>Colombo y Magliano<\/strong>\u00a0realiz\u00f3 el remate de La Mayor Concentraci\u00f3n de Vientres\u00a0Braford\u00a0del Pa\u00eds (22\u00b0 remate anual de la raza) desde la Sociedad Rural de Mercedes, Corrientes.<\/p>\n<p>En el remate salieron a la venta\u00a0<strong>1.000 vientres Braford Registradas, Controladas y BO Pre\u00f1adas.<\/strong><\/p>\n<p>Durante el encuentro se subastaron 667 vientres de tres vendedores y 22 compradores. A continuaci\u00f3n, los precios promedios, m\u00e1ximos y m\u00ednimos.<\/p>\n<h3>VAQ. PRE\u00d1. BRAFORD ELITE<\/h3>\n<ul>\n<li>16 a $474.375.-<\/li>\n<li>M\u00e1ximo: $950.000.-<\/li>\n<li>M\u00ednimo: $320.000.-<\/li>\n<\/ul>\n<h3>VAQ. PRE\u00d1. BRAFORD<\/h3>\n<ul>\n<li>317 a $283.596.-<\/li>\n<li>M\u00e1ximo: $350.000.-<\/li>\n<li>M\u00ednimo: $250.000.-<\/li>\n<\/ul>\n<h3>VAQ. PRE\u00d1ADAS B.O<\/h3>\n<ul>\n<li>294 a $221.020.-<\/li>\n<li>M\u00e1ximo: $270.000.-<\/li>\n<li>M\u00ednimo: $200.000.-<\/li>\n<\/ul>\n<h2>Pr\u00f3ximos remates de Colombo y Magliano<\/h2>\n<ul>\n<li><strong>Mi\u00e9rcoles 10 de mayo Remate General en Olavarr\u00eda, Buenos Aires.<\/strong>\u00a0Saldr\u00e1n a la venta 800 cabezas de Gordo, Invernada y Cr\u00eda.<\/li>\n<li><strong>Jueves 11 de mayo Remate General en Ayacucho, Buenos Aires.<\/strong>\u00a0Saldr\u00e1n a la venta 800 cabezas de Gordo, Invernada y Cr\u00eda.<\/li>\n<\/ul>\n<p>Fuente: <a href=\"https:\/\/news.agrofy.com.ar\/noticia\/204754\/precios-que-dejo-venta-mayor-concentracion-vientres-braford-pais\">https:\/\/news.agrofy.com.ar\/noticia\/204754\/precios-que-dejo-venta-mayor-concentracion-vientres-braford-pais<\/a><\/p>\n<p>&nbsp;<\/p>\n<p><\/p>","protected":false},"excerpt":{"rendered":"<p>Colombo y Magliano\u00a0realiz\u00f3 el remate de La Mayor Concentraci\u00f3n de Vientres\u00a0Braford\u00a0del Pa\u00eds (22\u00b0 remate anual de la raza) desde la Sociedad Rural de Mercedes, Corrientes. En el remate salieron a la venta\u00a01.000 vientres Braford Registradas, Controladas y BO Pre\u00f1adas. Durante el encuentro se subastaron 667 vientres de tres vendedores y 22 compradores. A continuaci\u00f3n, los precios promedios, m\u00e1ximos y m\u00ednimos. VAQ. PRE\u00d1. BRAFORD ELITE 16 a $474.375.- M\u00e1ximo: $950.000.- M\u00ednimo: $320.000.- VAQ. PRE\u00d1. BRAFORD 317 a $283.596.- M\u00e1ximo: $350.000.- M\u00ednimo: $250.000.- VAQ. PRE\u00d1ADAS B.O 294 a $221.020.- M\u00e1ximo: $270.000.- M\u00ednimo: $200.000.- Pr\u00f3ximos remates de Colombo y Magliano Mi\u00e9rcoles 10 de mayo Remate General en Olavarr\u00eda, Buenos Aires.\u00a0Saldr\u00e1n a la venta 800 cabezas de Gordo, Invernada y Cr\u00eda. Jueves 11 de mayo Remate General en Ayacucho, Buenos Aires.\u00a0Saldr\u00e1n a la venta 800 cabezas de Gordo, Invernada y Cr\u00eda. Fuente: https:\/\/news.agrofy.com.ar\/noticia\/204754\/precios-que-dejo-venta-mayor-concentracion-vientres-braford-pais &nbsp;<\/p>\n","protected":false},"author":6,"featured_media":37820,"comment_status":"open","ping_status":"closed","sticky":false,"template":"","format":"standard","meta":{"_acf_changed":false,"footnotes":""},"categories":[56],"tags":[],"class_list":["post-37812","post","type-post","status-publish","format-standard","has-post-thumbnail","hentry","category-infoganadero"],"acf":[],"yoast_head":"<!-- This site is optimized with the Yoast SEO plugin v27.5 - https:\/\/yoast.com\/product\/yoast-seo-wordpress\/ -->\n<title>Los precios que dej\u00f3 la venta de la mayor concentraci\u00f3n de vientres Braford del pa\u00eds | Proagro<\/title>\n<meta name=\"robots\" content=\"index, follow, max-snippet:-1, max-image-preview:large, max-video-preview:-1\" \/>\n<link rel=\"canonical\" href=\"https:\/\/proagrolab.com.ar\/en\/los-precios-que-dejo-la-venta-de-la-mayor-concentracion-de-vientres-braford-del-pais\/\" \/>\n<meta property=\"og:locale\" content=\"en_US\" \/>\n<meta property=\"og:type\" content=\"article\" \/>\n<meta property=\"og:title\" content=\"Los precios que dej\u00f3 la venta de la mayor concentraci\u00f3n de vientres Braford del pa\u00eds | Proagro\" \/>\n<meta property=\"og:description\" content=\"Colombo y Magliano\u00a0realiz\u00f3 el remate de La Mayor Concentraci\u00f3n de Vientres\u00a0Braford\u00a0del Pa\u00eds (22\u00b0 remate anual de la raza) desde la Sociedad Rural de Mercedes, Corrientes. En el remate salieron a la venta\u00a01.000 vientres Braford Registradas, Controladas y BO Pre\u00f1adas. Durante el encuentro se subastaron 667 vientres de tres vendedores y 22 compradores. A continuaci\u00f3n, los precios promedios, m\u00e1ximos y m\u00ednimos. VAQ. PRE\u00d1. BRAFORD ELITE 16 a $474.375.- M\u00e1ximo: $950.000.- M\u00ednimo: $320.000.- VAQ. PRE\u00d1. BRAFORD 317 a $283.596.- M\u00e1ximo: $350.000.- M\u00ednimo: $250.000.- VAQ. PRE\u00d1ADAS B.O 294 a $221.020.- M\u00e1ximo: $270.000.- M\u00ednimo: $200.000.- Pr\u00f3ximos remates de Colombo y Magliano Mi\u00e9rcoles 10 de mayo Remate General en Olavarr\u00eda, Buenos Aires.\u00a0Saldr\u00e1n a la venta 800 cabezas de Gordo, Invernada y Cr\u00eda. Jueves 11 de mayo Remate General en Ayacucho, Buenos Aires.\u00a0Saldr\u00e1n a la venta 800 cabezas de Gordo, Invernada y Cr\u00eda. Fuente: https:\/\/news.agrofy.com.ar\/noticia\/204754\/precios-que-dejo-venta-mayor-concentracion-vientres-braford-pais &nbsp;\" \/>\n<meta property=\"og:url\" content=\"https:\/\/proagrolab.com.ar\/los-precios-que-dejo-la-venta-de-la-mayor-concentracion-de-vientres-braford-del-pais\/\" \/>\n<meta property=\"og:site_name\" content=\"Proagro\" \/>\n<meta property=\"article:publisher\" content=\"http:\/\/www.facebook.com\/proagrolab\" \/>\n<meta property=\"article:published_time\" content=\"2023-05-12T12:22:31+00:00\" \/>\n<meta property=\"og:image\" content=\"https:\/\/proagrolab.com.ar\/wp-content\/uploads\/2023\/05\/InfoG_2-100-1.jpg\" \/>\n\t<meta property=\"og:image:width\" content=\"734\" \/>\n\t<meta property=\"og:image:height\" content=\"291\" \/>\n\t<meta property=\"og:image:type\" content=\"image\/jpeg\" \/>\n<meta name=\"author\" content=\"Admin Proagro\" \/>\n<meta name=\"twitter:card\" content=\"summary_large_image\" \/>\n<meta name=\"twitter:label1\" content=\"Written by\" \/>\n\t<meta name=\"twitter:data1\" content=\"Admin Proagro\" \/>\n\t<meta name=\"twitter:label2\" content=\"Est. reading time\" \/>\n\t<meta name=\"twitter:data2\" content=\"1 minute\" \/>\n<script type=\"application\/ld+json\" class=\"yoast-schema-graph\">{\"@context\":\"https:\\\/\\\/schema.org\",\"@graph\":[{\"@type\":\"Article\",\"@id\":\"https:\\\/\\\/proagrolab.com.ar\\\/los-precios-que-dejo-la-venta-de-la-mayor-concentracion-de-vientres-braford-del-pais\\\/#article\",\"isPartOf\":{\"@id\":\"https:\\\/\\\/proagrolab.com.ar\\\/los-precios-que-dejo-la-venta-de-la-mayor-concentracion-de-vientres-braford-del-pais\\\/\"},\"author\":{\"name\":\"Admin Proagro\",\"@id\":\"https:\\\/\\\/proagrolab.com.ar\\\/#\\\/schema\\\/person\\\/3e30f2f0f9eadcc02d50ed3664562373\"},\"headline\":\"Los precios que dej\u00f3 la venta de la mayor concentraci\u00f3n de vientres Braford del pa\u00eds\",\"datePublished\":\"2023-05-12T12:22:31+00:00\",\"mainEntityOfPage\":{\"@id\":\"https:\\\/\\\/proagrolab.com.ar\\\/los-precios-que-dejo-la-venta-de-la-mayor-concentracion-de-vientres-braford-del-pais\\\/\"},\"wordCount\":181,\"commentCount\":0,\"publisher\":{\"@id\":\"https:\\\/\\\/proagrolab.com.ar\\\/#organization\"},\"image\":{\"@id\":\"https:\\\/\\\/proagrolab.com.ar\\\/los-precios-que-dejo-la-venta-de-la-mayor-concentracion-de-vientres-braford-del-pais\\\/#primaryimage\"},\"thumbnailUrl\":\"https:\\\/\\\/proagrolab.com.ar\\\/wp-content\\\/uploads\\\/2023\\\/05\\\/InfoG_2-100-1.jpg\",\"articleSection\":[\"News\"],\"inLanguage\":\"en-US\",\"potentialAction\":[{\"@type\":\"CommentAction\",\"name\":\"Comment\",\"target\":[\"https:\\\/\\\/proagrolab.com.ar\\\/los-precios-que-dejo-la-venta-de-la-mayor-concentracion-de-vientres-braford-del-pais\\\/#respond\"]}]},{\"@type\":\"WebPage\",\"@id\":\"https:\\\/\\\/proagrolab.com.ar\\\/los-precios-que-dejo-la-venta-de-la-mayor-concentracion-de-vientres-braford-del-pais\\\/\",\"url\":\"https:\\\/\\\/proagrolab.com.ar\\\/los-precios-que-dejo-la-venta-de-la-mayor-concentracion-de-vientres-braford-del-pais\\\/\",\"name\":\"Los precios que dej\u00f3 la venta de la mayor concentraci\u00f3n de vientres Braford del pa\u00eds | Proagro\",\"isPartOf\":{\"@id\":\"https:\\\/\\\/proagrolab.com.ar\\\/#website\"},\"primaryImageOfPage\":{\"@id\":\"https:\\\/\\\/proagrolab.com.ar\\\/los-precios-que-dejo-la-venta-de-la-mayor-concentracion-de-vientres-braford-del-pais\\\/#primaryimage\"},\"image\":{\"@id\":\"https:\\\/\\\/proagrolab.com.ar\\\/los-precios-que-dejo-la-venta-de-la-mayor-concentracion-de-vientres-braford-del-pais\\\/#primaryimage\"},\"thumbnailUrl\":\"https:\\\/\\\/proagrolab.com.ar\\\/wp-content\\\/uploads\\\/2023\\\/05\\\/InfoG_2-100-1.jpg\",\"datePublished\":\"2023-05-12T12:22:31+00:00\",\"breadcrumb\":{\"@id\":\"https:\\\/\\\/proagrolab.com.ar\\\/los-precios-que-dejo-la-venta-de-la-mayor-concentracion-de-vientres-braford-del-pais\\\/#breadcrumb\"},\"inLanguage\":\"en-US\",\"potentialAction\":[{\"@type\":\"ReadAction\",\"target\":[\"https:\\\/\\\/proagrolab.com.ar\\\/los-precios-que-dejo-la-venta-de-la-mayor-concentracion-de-vientres-braford-del-pais\\\/\"]}]},{\"@type\":\"ImageObject\",\"inLanguage\":\"en-US\",\"@id\":\"https:\\\/\\\/proagrolab.com.ar\\\/los-precios-que-dejo-la-venta-de-la-mayor-concentracion-de-vientres-braford-del-pais\\\/#primaryimage\",\"url\":\"https:\\\/\\\/proagrolab.com.ar\\\/wp-content\\\/uploads\\\/2023\\\/05\\\/InfoG_2-100-1.jpg\",\"contentUrl\":\"https:\\\/\\\/proagrolab.com.ar\\\/wp-content\\\/uploads\\\/2023\\\/05\\\/InfoG_2-100-1.jpg\",\"width\":734,\"height\":291},{\"@type\":\"BreadcrumbList\",\"@id\":\"https:\\\/\\\/proagrolab.com.ar\\\/los-precios-que-dejo-la-venta-de-la-mayor-concentracion-de-vientres-braford-del-pais\\\/#breadcrumb\",\"itemListElement\":[{\"@type\":\"ListItem\",\"position\":1,\"name\":\"Portada\",\"item\":\"https:\\\/\\\/proagrolab.com.ar\\\/\"},{\"@type\":\"ListItem\",\"position\":2,\"name\":\"Los precios que dej\u00f3 la venta de la mayor concentraci\u00f3n de vientres Braford del pa\u00eds\"}]},{\"@type\":\"WebSite\",\"@id\":\"https:\\\/\\\/proagrolab.com.ar\\\/#website\",\"url\":\"https:\\\/\\\/proagrolab.com.ar\\\/\",\"name\":\"Proagro Laboratorio Veterinario\",\"description\":\"Veterinary laboratory\",\"publisher\":{\"@id\":\"https:\\\/\\\/proagrolab.com.ar\\\/#organization\"},\"potentialAction\":[{\"@type\":\"SearchAction\",\"target\":{\"@type\":\"EntryPoint\",\"urlTemplate\":\"https:\\\/\\\/proagrolab.com.ar\\\/?s={search_term_string}\"},\"query-input\":{\"@type\":\"PropertyValueSpecification\",\"valueRequired\":true,\"valueName\":\"search_term_string\"}}],\"inLanguage\":\"en-US\"},{\"@type\":\"Organization\",\"@id\":\"https:\\\/\\\/proagrolab.com.ar\\\/#organization\",\"name\":\"Proagro\",\"url\":\"https:\\\/\\\/proagrolab.com.ar\\\/\",\"logo\":{\"@type\":\"ImageObject\",\"inLanguage\":\"en-US\",\"@id\":\"https:\\\/\\\/proagrolab.com.ar\\\/#\\\/schema\\\/logo\\\/image\\\/\",\"url\":\"https:\\\/\\\/proagrolab.com.ar\\\/wp-content\\\/uploads\\\/2020\\\/04\\\/logo-retina.png\",\"contentUrl\":\"https:\\\/\\\/proagrolab.com.ar\\\/wp-content\\\/uploads\\\/2020\\\/04\\\/logo-retina.png\",\"width\":478,\"height\":120,\"caption\":\"Proagro\"},\"image\":{\"@id\":\"https:\\\/\\\/proagrolab.com.ar\\\/#\\\/schema\\\/logo\\\/image\\\/\"},\"sameAs\":[\"http:\\\/\\\/www.facebook.com\\\/proagrolab\",\"https:\\\/\\\/www.instagram.com\\\/proagrolab\\\/\",\"https:\\\/\\\/www.linkedin.com\\\/company\\\/laboratorio-proagro-s-a\\\/\"]},{\"@type\":\"Person\",\"@id\":\"https:\\\/\\\/proagrolab.com.ar\\\/#\\\/schema\\\/person\\\/3e30f2f0f9eadcc02d50ed3664562373\",\"name\":\"Admin Proagro\",\"sameAs\":[\"http:\\\/\\\/www.sistemas7g.com\"]}]}<\/script>\n<!-- \/ Yoast SEO plugin. -->","yoast_head_json":{"title":"Los precios que dej\u00f3 la venta de la mayor concentraci\u00f3n de vientres Braford del pa\u00eds | Proagro","robots":{"index":"index","follow":"follow","max-snippet":"max-snippet:-1","max-image-preview":"max-image-preview:large","max-video-preview":"max-video-preview:-1"},"canonical":"https:\/\/proagrolab.com.ar\/en\/los-precios-que-dejo-la-venta-de-la-mayor-concentracion-de-vientres-braford-del-pais\/","og_locale":"en_US","og_type":"article","og_title":"Los precios que dej\u00f3 la venta de la mayor concentraci\u00f3n de vientres Braford del pa\u00eds | Proagro","og_description":"Colombo y Magliano\u00a0realiz\u00f3 el remate de La Mayor Concentraci\u00f3n de Vientres\u00a0Braford\u00a0del Pa\u00eds (22\u00b0 remate anual de la raza) desde la Sociedad Rural de Mercedes, Corrientes. En el remate salieron a la venta\u00a01.000 vientres Braford Registradas, Controladas y BO Pre\u00f1adas. Durante el encuentro se subastaron 667 vientres de tres vendedores y 22 compradores. A continuaci\u00f3n, los precios promedios, m\u00e1ximos y m\u00ednimos. VAQ. PRE\u00d1. BRAFORD ELITE 16 a $474.375.- M\u00e1ximo: $950.000.- M\u00ednimo: $320.000.- VAQ. PRE\u00d1. BRAFORD 317 a $283.596.- M\u00e1ximo: $350.000.- M\u00ednimo: $250.000.- VAQ. PRE\u00d1ADAS B.O 294 a $221.020.- M\u00e1ximo: $270.000.- M\u00ednimo: $200.000.- Pr\u00f3ximos remates de Colombo y Magliano Mi\u00e9rcoles 10 de mayo Remate General en Olavarr\u00eda, Buenos Aires.\u00a0Saldr\u00e1n a la venta 800 cabezas de Gordo, Invernada y Cr\u00eda. Jueves 11 de mayo Remate General en Ayacucho, Buenos Aires.\u00a0Saldr\u00e1n a la venta 800 cabezas de Gordo, Invernada y Cr\u00eda. Fuente: https:\/\/news.agrofy.com.ar\/noticia\/204754\/precios-que-dejo-venta-mayor-concentracion-vientres-braford-pais &nbsp;","og_url":"https:\/\/proagrolab.com.ar\/los-precios-que-dejo-la-venta-de-la-mayor-concentracion-de-vientres-braford-del-pais\/","og_site_name":"Proagro","article_publisher":"http:\/\/www.facebook.com\/proagrolab","article_published_time":"2023-05-12T12:22:31+00:00","og_image":[{"width":734,"height":291,"url":"https:\/\/proagrolab.com.ar\/wp-content\/uploads\/2023\/05\/InfoG_2-100-1.jpg","type":"image\/jpeg"}],"author":"Admin Proagro","twitter_card":"summary_large_image","twitter_misc":{"Written by":"Admin Proagro","Est. reading time":"1 minute"},"schema":{"@context":"https:\/\/schema.org","@graph":[{"@type":"Article","@id":"https:\/\/proagrolab.com.ar\/los-precios-que-dejo-la-venta-de-la-mayor-concentracion-de-vientres-braford-del-pais\/#article","isPartOf":{"@id":"https:\/\/proagrolab.com.ar\/los-precios-que-dejo-la-venta-de-la-mayor-concentracion-de-vientres-braford-del-pais\/"},"author":{"name":"Admin Proagro","@id":"https:\/\/proagrolab.com.ar\/#\/schema\/person\/3e30f2f0f9eadcc02d50ed3664562373"},"headline":"Los precios que dej\u00f3 la venta de la mayor concentraci\u00f3n de vientres Braford del pa\u00eds","datePublished":"2023-05-12T12:22:31+00:00","mainEntityOfPage":{"@id":"https:\/\/proagrolab.com.ar\/los-precios-que-dejo-la-venta-de-la-mayor-concentracion-de-vientres-braford-del-pais\/"},"wordCount":181,"commentCount":0,"publisher":{"@id":"https:\/\/proagrolab.com.ar\/#organization"},"image":{"@id":"https:\/\/proagrolab.com.ar\/los-precios-que-dejo-la-venta-de-la-mayor-concentracion-de-vientres-braford-del-pais\/#primaryimage"},"thumbnailUrl":"https:\/\/proagrolab.com.ar\/wp-content\/uploads\/2023\/05\/InfoG_2-100-1.jpg","articleSection":["News"],"inLanguage":"en-US","potentialAction":[{"@type":"CommentAction","name":"Comment","target":["https:\/\/proagrolab.com.ar\/los-precios-que-dejo-la-venta-de-la-mayor-concentracion-de-vientres-braford-del-pais\/#respond"]}]},{"@type":"WebPage","@id":"https:\/\/proagrolab.com.ar\/los-precios-que-dejo-la-venta-de-la-mayor-concentracion-de-vientres-braford-del-pais\/","url":"https:\/\/proagrolab.com.ar\/los-precios-que-dejo-la-venta-de-la-mayor-concentracion-de-vientres-braford-del-pais\/","name":"Los precios que dej\u00f3 la venta de la mayor concentraci\u00f3n de vientres Braford del pa\u00eds | Proagro","isPartOf":{"@id":"https:\/\/proagrolab.com.ar\/#website"},"primaryImageOfPage":{"@id":"https:\/\/proagrolab.com.ar\/los-precios-que-dejo-la-venta-de-la-mayor-concentracion-de-vientres-braford-del-pais\/#primaryimage"},"image":{"@id":"https:\/\/proagrolab.com.ar\/los-precios-que-dejo-la-venta-de-la-mayor-concentracion-de-vientres-braford-del-pais\/#primaryimage"},"thumbnailUrl":"https:\/\/proagrolab.com.ar\/wp-content\/uploads\/2023\/05\/InfoG_2-100-1.jpg","datePublished":"2023-05-12T12:22:31+00:00","breadcrumb":{"@id":"https:\/\/proagrolab.com.ar\/los-precios-que-dejo-la-venta-de-la-mayor-concentracion-de-vientres-braford-del-pais\/#breadcrumb"},"inLanguage":"en-US","potentialAction":[{"@type":"ReadAction","target":["https:\/\/proagrolab.com.ar\/los-precios-que-dejo-la-venta-de-la-mayor-concentracion-de-vientres-braford-del-pais\/"]}]},{"@type":"ImageObject","inLanguage":"en-US","@id":"https:\/\/proagrolab.com.ar\/los-precios-que-dejo-la-venta-de-la-mayor-concentracion-de-vientres-braford-del-pais\/#primaryimage","url":"https:\/\/proagrolab.com.ar\/wp-content\/uploads\/2023\/05\/InfoG_2-100-1.jpg","contentUrl":"https:\/\/proagrolab.com.ar\/wp-content\/uploads\/2023\/05\/InfoG_2-100-1.jpg","width":734,"height":291},{"@type":"BreadcrumbList","@id":"https:\/\/proagrolab.com.ar\/los-precios-que-dejo-la-venta-de-la-mayor-concentracion-de-vientres-braford-del-pais\/#breadcrumb","itemListElement":[{"@type":"ListItem","position":1,"name":"Portada","item":"https:\/\/proagrolab.com.ar\/"},{"@type":"ListItem","position":2,"name":"Los precios que dej\u00f3 la venta de la mayor concentraci\u00f3n de vientres Braford del pa\u00eds"}]},{"@type":"WebSite","@id":"https:\/\/proagrolab.com.ar\/#website","url":"https:\/\/proagrolab.com.ar\/","name":"Proagro Laboratorio Veterinario","description":"Veterinary laboratory","publisher":{"@id":"https:\/\/proagrolab.com.ar\/#organization"},"potentialAction":[{"@type":"SearchAction","target":{"@type":"EntryPoint","urlTemplate":"https:\/\/proagrolab.com.ar\/?s={search_term_string}"},"query-input":{"@type":"PropertyValueSpecification","valueRequired":true,"valueName":"search_term_string"}}],"inLanguage":"en-US"},{"@type":"Organization","@id":"https:\/\/proagrolab.com.ar\/#organization","name":"Proagro","url":"https:\/\/proagrolab.com.ar\/","logo":{"@type":"ImageObject","inLanguage":"en-US","@id":"https:\/\/proagrolab.com.ar\/#\/schema\/logo\/image\/","url":"https:\/\/proagrolab.com.ar\/wp-content\/uploads\/2020\/04\/logo-retina.png","contentUrl":"https:\/\/proagrolab.com.ar\/wp-content\/uploads\/2020\/04\/logo-retina.png","width":478,"height":120,"caption":"Proagro"},"image":{"@id":"https:\/\/proagrolab.com.ar\/#\/schema\/logo\/image\/"},"sameAs":["http:\/\/www.facebook.com\/proagrolab","https:\/\/www.instagram.com\/proagrolab\/","https:\/\/www.linkedin.com\/company\/laboratorio-proagro-s-a\/"]},{"@type":"Person","@id":"https:\/\/proagrolab.com.ar\/#\/schema\/person\/3e30f2f0f9eadcc02d50ed3664562373","name":"Admin Proagro","sameAs":["http:\/\/www.sistemas7g.com"]}]}},"_links":{"self":[{"href":"https:\/\/proagrolab.com.ar\/en\/wp-json\/wp\/v2\/posts\/37812","targetHints":{"allow":["GET"]}}],"collection":[{"href":"https:\/\/proagrolab.com.ar\/en\/wp-json\/wp\/v2\/posts"}],"about":[{"href":"https:\/\/proagrolab.com.ar\/en\/wp-json\/wp\/v2\/types\/post"}],"author":[{"embeddable":true,"href":"https:\/\/proagrolab.com.ar\/en\/wp-json\/wp\/v2\/users\/6"}],"replies":[{"embeddable":true,"href":"https:\/\/proagrolab.com.ar\/en\/wp-json\/wp\/v2\/comments?post=37812"}],"version-history":[{"count":1,"href":"https:\/\/proagrolab.com.ar\/en\/wp-json\/wp\/v2\/posts\/37812\/revisions"}],"predecessor-version":[{"id":37814,"href":"https:\/\/proagrolab.com.ar\/en\/wp-json\/wp\/v2\/posts\/37812\/revisions\/37814"}],"wp:featuredmedia":[{"embeddable":true,"href":"https:\/\/proagrolab.com.ar\/en\/wp-json\/wp\/v2\/media\/37820"}],"wp:attachment":[{"href":"https:\/\/proagrolab.com.ar\/en\/wp-json\/wp\/v2\/media?parent=37812"}],"wp:term":[{"taxonomy":"category","embeddable":true,"href":"https:\/\/proagrolab.com.ar\/en\/wp-json\/wp\/v2\/categories?post=37812"},{"taxonomy":"post_tag","embeddable":true,"href":"https:\/\/proagrolab.com.ar\/en\/wp-json\/wp\/v2\/tags?post=37812"}],"curies":[{"name":"wp","href":"https:\/\/api.w.org\/{rel}","templated":true}]}}