{"id":37808,"date":"2023-05-12T12:21:15","date_gmt":"2023-05-12T12:21:15","guid":{"rendered":"https:\/\/proagrolab.com.ar\/?p=37808"},"modified":"2023-05-12T12:21:15","modified_gmt":"2023-05-12T12:21:15","slug":"gripe-aviar-confirman-un-nuevo-caso-en-pilar-y-ya-son-23-en-buenos-aires","status":"publish","type":"post","link":"https:\/\/proagrolab.com.ar\/en\/gripe-aviar-confirman-un-nuevo-caso-en-pilar-y-ya-son-23-en-buenos-aires\/","title":{"rendered":"Gripe aviar : confirman un nuevo caso en Pilar y ya son 23 en Buenos Aires"},"content":{"rendered":"<p class=\"qtranxs-available-languages-message qtranxs-available-languages-message-en\"> <\/p><p><\/p>\n<div id=\"vsmcontent\" class=\"content vsmcontent mainfont\">\n<div id=\"element-body\">\n<p>El Servicio Nacional de Sanidad y Calidad Agroalimentaria (Senasa) confirm\u00f3 otro caso de gripe aviar en aves de granja comercial del distrito de Pilar y suman 23 los contagios registrados en la provincia de Buenos Aires.<\/p>\n<p>En su \u00faltimo reporte el Senasa inform\u00f3 que &#8220;el Laboratorio Nacional diagnostic\u00f3 un nuevo caso positivo a influenza aviar (IA) H5, en aves de una granja comercial en la provincia de Buenos Aires (Pilar)&#8221;.<\/p>\n<p>&#8220;De esta manera de las 508 notificaciones analizadas a la fecha y de los muestreos realizados en las Zonas de Control Sanitario, suman 93 las detecciones de la enfermedad en total en todo el pa\u00eds y 50 los brotes cerrados, desde el inicio de la emergencia sanitaria hace 88 d\u00edas (15 de febrero)&#8221;, indico el orgnismo.<\/p>\n<p>Y detall\u00f3: &#8220;Los casos confirmados hasta hoy son en aves de traspatio (71), sector comercial (15) y silvestres (7), distribuidos de la siguiente manera: 23 en Buenos Aires, 19 en C\u00f3rdoba, 12 en Neuqu\u00e9n, 9 en Santa Fe, 7 en R\u00edo Negro, 6 en Chubut, 3 en Chaco, 2 en Formosa, 2 en San Luis, 2 en La Pampa, 2 en Corrientes, 2 Santa Cruz, 1 en Jujuy, 1 en Santiago del Estero, 1 en Salta y 1 en Mendoza&#8221;.<\/p>\n<p>En la provincia de Buenos Aires, adem\u00e1s de Pilar, ya registraron casos de gripe aviar Almirante Brown, Pergamino, Puan, Bah\u00eda Blanca, Villarino, Tres Lomas, San Cayetano, General Pueyrred\u00f3n, General Madariaga, Azul, General Alvear, Las Flores, Rauch, Lobos, Monte, General Belgrano y Tordillo. (DIB) MT<\/p>\n<p>Fuente: <a href=\"https:\/\/www.agritotal.com\/nota\/gripe-aviar-confirman-un-nuevo-caso-en-pilar-y-ya-son-23-en-buenos-aires\/\">https:\/\/www.agritotal.com\/nota\/gripe-aviar-confirman-un-nuevo-caso-en-pilar-y-ya-son-23-en-buenos-aires\/<\/a><\/p>\n<p>&nbsp;<\/p>\n<p>&nbsp;<\/p>\n<\/div>\n<\/div>\n<p><\/p>","protected":false},"excerpt":{"rendered":"<p>El Servicio Nacional de Sanidad y Calidad Agroalimentaria (Senasa) confirm\u00f3 otro caso de gripe aviar en aves de granja comercial del distrito de Pilar y suman 23 los contagios registrados en la provincia de Buenos Aires. En su \u00faltimo reporte el Senasa inform\u00f3 que &#8220;el Laboratorio Nacional diagnostic\u00f3 un nuevo caso positivo a influenza aviar (IA) H5, en aves de una granja comercial en la provincia de Buenos Aires (Pilar)&#8221;. &#8220;De esta manera de las 508 notificaciones analizadas a la fecha y de los muestreos realizados en las Zonas de Control Sanitario, suman 93 las detecciones de la enfermedad en total en todo el pa\u00eds y 50 los brotes cerrados, desde el inicio de la emergencia sanitaria hace 88 d\u00edas (15 de febrero)&#8221;, indico el orgnismo. Y detall\u00f3: &#8220;Los casos confirmados hasta hoy son en aves de traspatio (71), sector comercial (15) y silvestres (7), distribuidos de la siguiente manera: 23 en Buenos Aires, 19 en C\u00f3rdoba, 12 en Neuqu\u00e9n, 9 en Santa Fe, 7 en R\u00edo Negro, 6 en Chubut, 3 en Chaco, 2 en Formosa, 2 en San Luis, 2 en La Pampa, 2 en Corrientes, 2 Santa Cruz, 1 en Jujuy, 1 en Santiago del Estero, 1 [&hellip;]<\/p>\n","protected":false},"author":6,"featured_media":37819,"comment_status":"open","ping_status":"closed","sticky":false,"template":"","format":"standard","meta":{"_acf_changed":false,"footnotes":""},"categories":[56],"tags":[],"class_list":["post-37808","post","type-post","status-publish","format-standard","has-post-thumbnail","hentry","category-infoganadero"],"acf":[],"yoast_head":"<!-- This site is optimized with the Yoast SEO plugin v27.5 - https:\/\/yoast.com\/product\/yoast-seo-wordpress\/ -->\n<title>Gripe aviar : confirman un nuevo caso en Pilar y ya son 23 en Buenos Aires | Proagro<\/title>\n<meta name=\"robots\" content=\"index, follow, max-snippet:-1, max-image-preview:large, max-video-preview:-1\" \/>\n<link rel=\"canonical\" href=\"https:\/\/proagrolab.com.ar\/en\/gripe-aviar-confirman-un-nuevo-caso-en-pilar-y-ya-son-23-en-buenos-aires\/\" \/>\n<meta property=\"og:locale\" content=\"en_US\" \/>\n<meta property=\"og:type\" content=\"article\" \/>\n<meta property=\"og:title\" content=\"Gripe aviar : confirman un nuevo caso en Pilar y ya son 23 en Buenos Aires | Proagro\" \/>\n<meta property=\"og:description\" content=\"El Servicio Nacional de Sanidad y Calidad Agroalimentaria (Senasa) confirm\u00f3 otro caso de gripe aviar en aves de granja comercial del distrito de Pilar y suman 23 los contagios registrados en la provincia de Buenos Aires. En su \u00faltimo reporte el Senasa inform\u00f3 que &#8220;el Laboratorio Nacional diagnostic\u00f3 un nuevo caso positivo a influenza aviar (IA) H5, en aves de una granja comercial en la provincia de Buenos Aires (Pilar)&#8221;. &#8220;De esta manera de las 508 notificaciones analizadas a la fecha y de los muestreos realizados en las Zonas de Control Sanitario, suman 93 las detecciones de la enfermedad en total en todo el pa\u00eds y 50 los brotes cerrados, desde el inicio de la emergencia sanitaria hace 88 d\u00edas (15 de febrero)&#8221;, indico el orgnismo. Y detall\u00f3: &#8220;Los casos confirmados hasta hoy son en aves de traspatio (71), sector comercial (15) y silvestres (7), distribuidos de la siguiente manera: 23 en Buenos Aires, 19 en C\u00f3rdoba, 12 en Neuqu\u00e9n, 9 en Santa Fe, 7 en R\u00edo Negro, 6 en Chubut, 3 en Chaco, 2 en Formosa, 2 en San Luis, 2 en La Pampa, 2 en Corrientes, 2 Santa Cruz, 1 en Jujuy, 1 en Santiago del Estero, 1 [&hellip;]\" \/>\n<meta property=\"og:url\" content=\"https:\/\/proagrolab.com.ar\/gripe-aviar-confirman-un-nuevo-caso-en-pilar-y-ya-son-23-en-buenos-aires\/\" \/>\n<meta property=\"og:site_name\" content=\"Proagro\" \/>\n<meta property=\"article:publisher\" content=\"http:\/\/www.facebook.com\/proagrolab\" \/>\n<meta property=\"article:published_time\" content=\"2023-05-12T12:21:15+00:00\" \/>\n<meta property=\"og:image\" content=\"https:\/\/proagrolab.com.ar\/wp-content\/uploads\/2023\/05\/InfoG_3-100.jpg\" \/>\n\t<meta property=\"og:image:width\" content=\"734\" \/>\n\t<meta property=\"og:image:height\" content=\"291\" \/>\n\t<meta property=\"og:image:type\" content=\"image\/jpeg\" \/>\n<meta name=\"author\" content=\"Admin Proagro\" \/>\n<meta name=\"twitter:card\" content=\"summary_large_image\" \/>\n<meta name=\"twitter:label1\" content=\"Written by\" \/>\n\t<meta name=\"twitter:data1\" content=\"Admin Proagro\" \/>\n\t<meta name=\"twitter:label2\" content=\"Est. reading time\" \/>\n\t<meta name=\"twitter:data2\" content=\"1 minute\" \/>\n<script type=\"application\/ld+json\" class=\"yoast-schema-graph\">{\"@context\":\"https:\\\/\\\/schema.org\",\"@graph\":[{\"@type\":\"Article\",\"@id\":\"https:\\\/\\\/proagrolab.com.ar\\\/gripe-aviar-confirman-un-nuevo-caso-en-pilar-y-ya-son-23-en-buenos-aires\\\/#article\",\"isPartOf\":{\"@id\":\"https:\\\/\\\/proagrolab.com.ar\\\/gripe-aviar-confirman-un-nuevo-caso-en-pilar-y-ya-son-23-en-buenos-aires\\\/\"},\"author\":{\"name\":\"Admin Proagro\",\"@id\":\"https:\\\/\\\/proagrolab.com.ar\\\/#\\\/schema\\\/person\\\/3e30f2f0f9eadcc02d50ed3664562373\"},\"headline\":\"Gripe aviar : confirman un nuevo caso en Pilar y ya son 23 en Buenos Aires\",\"datePublished\":\"2023-05-12T12:21:15+00:00\",\"mainEntityOfPage\":{\"@id\":\"https:\\\/\\\/proagrolab.com.ar\\\/gripe-aviar-confirman-un-nuevo-caso-en-pilar-y-ya-son-23-en-buenos-aires\\\/\"},\"wordCount\":259,\"commentCount\":0,\"publisher\":{\"@id\":\"https:\\\/\\\/proagrolab.com.ar\\\/#organization\"},\"image\":{\"@id\":\"https:\\\/\\\/proagrolab.com.ar\\\/gripe-aviar-confirman-un-nuevo-caso-en-pilar-y-ya-son-23-en-buenos-aires\\\/#primaryimage\"},\"thumbnailUrl\":\"https:\\\/\\\/proagrolab.com.ar\\\/wp-content\\\/uploads\\\/2023\\\/05\\\/InfoG_3-100.jpg\",\"articleSection\":[\"News\"],\"inLanguage\":\"en-US\",\"potentialAction\":[{\"@type\":\"CommentAction\",\"name\":\"Comment\",\"target\":[\"https:\\\/\\\/proagrolab.com.ar\\\/gripe-aviar-confirman-un-nuevo-caso-en-pilar-y-ya-son-23-en-buenos-aires\\\/#respond\"]}]},{\"@type\":\"WebPage\",\"@id\":\"https:\\\/\\\/proagrolab.com.ar\\\/gripe-aviar-confirman-un-nuevo-caso-en-pilar-y-ya-son-23-en-buenos-aires\\\/\",\"url\":\"https:\\\/\\\/proagrolab.com.ar\\\/gripe-aviar-confirman-un-nuevo-caso-en-pilar-y-ya-son-23-en-buenos-aires\\\/\",\"name\":\"Gripe aviar : confirman un nuevo caso en Pilar y ya son 23 en Buenos Aires | Proagro\",\"isPartOf\":{\"@id\":\"https:\\\/\\\/proagrolab.com.ar\\\/#website\"},\"primaryImageOfPage\":{\"@id\":\"https:\\\/\\\/proagrolab.com.ar\\\/gripe-aviar-confirman-un-nuevo-caso-en-pilar-y-ya-son-23-en-buenos-aires\\\/#primaryimage\"},\"image\":{\"@id\":\"https:\\\/\\\/proagrolab.com.ar\\\/gripe-aviar-confirman-un-nuevo-caso-en-pilar-y-ya-son-23-en-buenos-aires\\\/#primaryimage\"},\"thumbnailUrl\":\"https:\\\/\\\/proagrolab.com.ar\\\/wp-content\\\/uploads\\\/2023\\\/05\\\/InfoG_3-100.jpg\",\"datePublished\":\"2023-05-12T12:21:15+00:00\",\"breadcrumb\":{\"@id\":\"https:\\\/\\\/proagrolab.com.ar\\\/gripe-aviar-confirman-un-nuevo-caso-en-pilar-y-ya-son-23-en-buenos-aires\\\/#breadcrumb\"},\"inLanguage\":\"en-US\",\"potentialAction\":[{\"@type\":\"ReadAction\",\"target\":[\"https:\\\/\\\/proagrolab.com.ar\\\/gripe-aviar-confirman-un-nuevo-caso-en-pilar-y-ya-son-23-en-buenos-aires\\\/\"]}]},{\"@type\":\"ImageObject\",\"inLanguage\":\"en-US\",\"@id\":\"https:\\\/\\\/proagrolab.com.ar\\\/gripe-aviar-confirman-un-nuevo-caso-en-pilar-y-ya-son-23-en-buenos-aires\\\/#primaryimage\",\"url\":\"https:\\\/\\\/proagrolab.com.ar\\\/wp-content\\\/uploads\\\/2023\\\/05\\\/InfoG_3-100.jpg\",\"contentUrl\":\"https:\\\/\\\/proagrolab.com.ar\\\/wp-content\\\/uploads\\\/2023\\\/05\\\/InfoG_3-100.jpg\",\"width\":734,\"height\":291},{\"@type\":\"BreadcrumbList\",\"@id\":\"https:\\\/\\\/proagrolab.com.ar\\\/gripe-aviar-confirman-un-nuevo-caso-en-pilar-y-ya-son-23-en-buenos-aires\\\/#breadcrumb\",\"itemListElement\":[{\"@type\":\"ListItem\",\"position\":1,\"name\":\"Portada\",\"item\":\"https:\\\/\\\/proagrolab.com.ar\\\/\"},{\"@type\":\"ListItem\",\"position\":2,\"name\":\"Gripe aviar : confirman un nuevo caso en Pilar y ya son 23 en Buenos Aires\"}]},{\"@type\":\"WebSite\",\"@id\":\"https:\\\/\\\/proagrolab.com.ar\\\/#website\",\"url\":\"https:\\\/\\\/proagrolab.com.ar\\\/\",\"name\":\"Proagro Laboratorio Veterinario\",\"description\":\"Veterinary laboratory\",\"publisher\":{\"@id\":\"https:\\\/\\\/proagrolab.com.ar\\\/#organization\"},\"potentialAction\":[{\"@type\":\"SearchAction\",\"target\":{\"@type\":\"EntryPoint\",\"urlTemplate\":\"https:\\\/\\\/proagrolab.com.ar\\\/?s={search_term_string}\"},\"query-input\":{\"@type\":\"PropertyValueSpecification\",\"valueRequired\":true,\"valueName\":\"search_term_string\"}}],\"inLanguage\":\"en-US\"},{\"@type\":\"Organization\",\"@id\":\"https:\\\/\\\/proagrolab.com.ar\\\/#organization\",\"name\":\"Proagro\",\"url\":\"https:\\\/\\\/proagrolab.com.ar\\\/\",\"logo\":{\"@type\":\"ImageObject\",\"inLanguage\":\"en-US\",\"@id\":\"https:\\\/\\\/proagrolab.com.ar\\\/#\\\/schema\\\/logo\\\/image\\\/\",\"url\":\"https:\\\/\\\/proagrolab.com.ar\\\/wp-content\\\/uploads\\\/2020\\\/04\\\/logo-retina.png\",\"contentUrl\":\"https:\\\/\\\/proagrolab.com.ar\\\/wp-content\\\/uploads\\\/2020\\\/04\\\/logo-retina.png\",\"width\":478,\"height\":120,\"caption\":\"Proagro\"},\"image\":{\"@id\":\"https:\\\/\\\/proagrolab.com.ar\\\/#\\\/schema\\\/logo\\\/image\\\/\"},\"sameAs\":[\"http:\\\/\\\/www.facebook.com\\\/proagrolab\",\"https:\\\/\\\/www.instagram.com\\\/proagrolab\\\/\",\"https:\\\/\\\/www.linkedin.com\\\/company\\\/laboratorio-proagro-s-a\\\/\"]},{\"@type\":\"Person\",\"@id\":\"https:\\\/\\\/proagrolab.com.ar\\\/#\\\/schema\\\/person\\\/3e30f2f0f9eadcc02d50ed3664562373\",\"name\":\"Admin Proagro\",\"sameAs\":[\"http:\\\/\\\/www.sistemas7g.com\"]}]}<\/script>\n<!-- \/ Yoast SEO plugin. -->","yoast_head_json":{"title":"Gripe aviar : confirman un nuevo caso en Pilar y ya son 23 en Buenos Aires | Proagro","robots":{"index":"index","follow":"follow","max-snippet":"max-snippet:-1","max-image-preview":"max-image-preview:large","max-video-preview":"max-video-preview:-1"},"canonical":"https:\/\/proagrolab.com.ar\/en\/gripe-aviar-confirman-un-nuevo-caso-en-pilar-y-ya-son-23-en-buenos-aires\/","og_locale":"en_US","og_type":"article","og_title":"Gripe aviar : confirman un nuevo caso en Pilar y ya son 23 en Buenos Aires | Proagro","og_description":"El Servicio Nacional de Sanidad y Calidad Agroalimentaria (Senasa) confirm\u00f3 otro caso de gripe aviar en aves de granja comercial del distrito de Pilar y suman 23 los contagios registrados en la provincia de Buenos Aires. En su \u00faltimo reporte el Senasa inform\u00f3 que &#8220;el Laboratorio Nacional diagnostic\u00f3 un nuevo caso positivo a influenza aviar (IA) H5, en aves de una granja comercial en la provincia de Buenos Aires (Pilar)&#8221;. &#8220;De esta manera de las 508 notificaciones analizadas a la fecha y de los muestreos realizados en las Zonas de Control Sanitario, suman 93 las detecciones de la enfermedad en total en todo el pa\u00eds y 50 los brotes cerrados, desde el inicio de la emergencia sanitaria hace 88 d\u00edas (15 de febrero)&#8221;, indico el orgnismo. Y detall\u00f3: &#8220;Los casos confirmados hasta hoy son en aves de traspatio (71), sector comercial (15) y silvestres (7), distribuidos de la siguiente manera: 23 en Buenos Aires, 19 en C\u00f3rdoba, 12 en Neuqu\u00e9n, 9 en Santa Fe, 7 en R\u00edo Negro, 6 en Chubut, 3 en Chaco, 2 en Formosa, 2 en San Luis, 2 en La Pampa, 2 en Corrientes, 2 Santa Cruz, 1 en Jujuy, 1 en Santiago del Estero, 1 [&hellip;]","og_url":"https:\/\/proagrolab.com.ar\/gripe-aviar-confirman-un-nuevo-caso-en-pilar-y-ya-son-23-en-buenos-aires\/","og_site_name":"Proagro","article_publisher":"http:\/\/www.facebook.com\/proagrolab","article_published_time":"2023-05-12T12:21:15+00:00","og_image":[{"width":734,"height":291,"url":"https:\/\/proagrolab.com.ar\/wp-content\/uploads\/2023\/05\/InfoG_3-100.jpg","type":"image\/jpeg"}],"author":"Admin Proagro","twitter_card":"summary_large_image","twitter_misc":{"Written by":"Admin Proagro","Est. reading time":"1 minute"},"schema":{"@context":"https:\/\/schema.org","@graph":[{"@type":"Article","@id":"https:\/\/proagrolab.com.ar\/gripe-aviar-confirman-un-nuevo-caso-en-pilar-y-ya-son-23-en-buenos-aires\/#article","isPartOf":{"@id":"https:\/\/proagrolab.com.ar\/gripe-aviar-confirman-un-nuevo-caso-en-pilar-y-ya-son-23-en-buenos-aires\/"},"author":{"name":"Admin Proagro","@id":"https:\/\/proagrolab.com.ar\/#\/schema\/person\/3e30f2f0f9eadcc02d50ed3664562373"},"headline":"Gripe aviar : confirman un nuevo caso en Pilar y ya son 23 en Buenos Aires","datePublished":"2023-05-12T12:21:15+00:00","mainEntityOfPage":{"@id":"https:\/\/proagrolab.com.ar\/gripe-aviar-confirman-un-nuevo-caso-en-pilar-y-ya-son-23-en-buenos-aires\/"},"wordCount":259,"commentCount":0,"publisher":{"@id":"https:\/\/proagrolab.com.ar\/#organization"},"image":{"@id":"https:\/\/proagrolab.com.ar\/gripe-aviar-confirman-un-nuevo-caso-en-pilar-y-ya-son-23-en-buenos-aires\/#primaryimage"},"thumbnailUrl":"https:\/\/proagrolab.com.ar\/wp-content\/uploads\/2023\/05\/InfoG_3-100.jpg","articleSection":["News"],"inLanguage":"en-US","potentialAction":[{"@type":"CommentAction","name":"Comment","target":["https:\/\/proagrolab.com.ar\/gripe-aviar-confirman-un-nuevo-caso-en-pilar-y-ya-son-23-en-buenos-aires\/#respond"]}]},{"@type":"WebPage","@id":"https:\/\/proagrolab.com.ar\/gripe-aviar-confirman-un-nuevo-caso-en-pilar-y-ya-son-23-en-buenos-aires\/","url":"https:\/\/proagrolab.com.ar\/gripe-aviar-confirman-un-nuevo-caso-en-pilar-y-ya-son-23-en-buenos-aires\/","name":"Gripe aviar : confirman un nuevo caso en Pilar y ya son 23 en Buenos Aires | Proagro","isPartOf":{"@id":"https:\/\/proagrolab.com.ar\/#website"},"primaryImageOfPage":{"@id":"https:\/\/proagrolab.com.ar\/gripe-aviar-confirman-un-nuevo-caso-en-pilar-y-ya-son-23-en-buenos-aires\/#primaryimage"},"image":{"@id":"https:\/\/proagrolab.com.ar\/gripe-aviar-confirman-un-nuevo-caso-en-pilar-y-ya-son-23-en-buenos-aires\/#primaryimage"},"thumbnailUrl":"https:\/\/proagrolab.com.ar\/wp-content\/uploads\/2023\/05\/InfoG_3-100.jpg","datePublished":"2023-05-12T12:21:15+00:00","breadcrumb":{"@id":"https:\/\/proagrolab.com.ar\/gripe-aviar-confirman-un-nuevo-caso-en-pilar-y-ya-son-23-en-buenos-aires\/#breadcrumb"},"inLanguage":"en-US","potentialAction":[{"@type":"ReadAction","target":["https:\/\/proagrolab.com.ar\/gripe-aviar-confirman-un-nuevo-caso-en-pilar-y-ya-son-23-en-buenos-aires\/"]}]},{"@type":"ImageObject","inLanguage":"en-US","@id":"https:\/\/proagrolab.com.ar\/gripe-aviar-confirman-un-nuevo-caso-en-pilar-y-ya-son-23-en-buenos-aires\/#primaryimage","url":"https:\/\/proagrolab.com.ar\/wp-content\/uploads\/2023\/05\/InfoG_3-100.jpg","contentUrl":"https:\/\/proagrolab.com.ar\/wp-content\/uploads\/2023\/05\/InfoG_3-100.jpg","width":734,"height":291},{"@type":"BreadcrumbList","@id":"https:\/\/proagrolab.com.ar\/gripe-aviar-confirman-un-nuevo-caso-en-pilar-y-ya-son-23-en-buenos-aires\/#breadcrumb","itemListElement":[{"@type":"ListItem","position":1,"name":"Portada","item":"https:\/\/proagrolab.com.ar\/"},{"@type":"ListItem","position":2,"name":"Gripe aviar : confirman un nuevo caso en Pilar y ya son 23 en Buenos Aires"}]},{"@type":"WebSite","@id":"https:\/\/proagrolab.com.ar\/#website","url":"https:\/\/proagrolab.com.ar\/","name":"Proagro Laboratorio Veterinario","description":"Veterinary laboratory","publisher":{"@id":"https:\/\/proagrolab.com.ar\/#organization"},"potentialAction":[{"@type":"SearchAction","target":{"@type":"EntryPoint","urlTemplate":"https:\/\/proagrolab.com.ar\/?s={search_term_string}"},"query-input":{"@type":"PropertyValueSpecification","valueRequired":true,"valueName":"search_term_string"}}],"inLanguage":"en-US"},{"@type":"Organization","@id":"https:\/\/proagrolab.com.ar\/#organization","name":"Proagro","url":"https:\/\/proagrolab.com.ar\/","logo":{"@type":"ImageObject","inLanguage":"en-US","@id":"https:\/\/proagrolab.com.ar\/#\/schema\/logo\/image\/","url":"https:\/\/proagrolab.com.ar\/wp-content\/uploads\/2020\/04\/logo-retina.png","contentUrl":"https:\/\/proagrolab.com.ar\/wp-content\/uploads\/2020\/04\/logo-retina.png","width":478,"height":120,"caption":"Proagro"},"image":{"@id":"https:\/\/proagrolab.com.ar\/#\/schema\/logo\/image\/"},"sameAs":["http:\/\/www.facebook.com\/proagrolab","https:\/\/www.instagram.com\/proagrolab\/","https:\/\/www.linkedin.com\/company\/laboratorio-proagro-s-a\/"]},{"@type":"Person","@id":"https:\/\/proagrolab.com.ar\/#\/schema\/person\/3e30f2f0f9eadcc02d50ed3664562373","name":"Admin Proagro","sameAs":["http:\/\/www.sistemas7g.com"]}]}},"_links":{"self":[{"href":"https:\/\/proagrolab.com.ar\/en\/wp-json\/wp\/v2\/posts\/37808","targetHints":{"allow":["GET"]}}],"collection":[{"href":"https:\/\/proagrolab.com.ar\/en\/wp-json\/wp\/v2\/posts"}],"about":[{"href":"https:\/\/proagrolab.com.ar\/en\/wp-json\/wp\/v2\/types\/post"}],"author":[{"embeddable":true,"href":"https:\/\/proagrolab.com.ar\/en\/wp-json\/wp\/v2\/users\/6"}],"replies":[{"embeddable":true,"href":"https:\/\/proagrolab.com.ar\/en\/wp-json\/wp\/v2\/comments?post=37808"}],"version-history":[{"count":1,"href":"https:\/\/proagrolab.com.ar\/en\/wp-json\/wp\/v2\/posts\/37808\/revisions"}],"predecessor-version":[{"id":37811,"href":"https:\/\/proagrolab.com.ar\/en\/wp-json\/wp\/v2\/posts\/37808\/revisions\/37811"}],"wp:featuredmedia":[{"embeddable":true,"href":"https:\/\/proagrolab.com.ar\/en\/wp-json\/wp\/v2\/media\/37819"}],"wp:attachment":[{"href":"https:\/\/proagrolab.com.ar\/en\/wp-json\/wp\/v2\/media?parent=37808"}],"wp:term":[{"taxonomy":"category","embeddable":true,"href":"https:\/\/proagrolab.com.ar\/en\/wp-json\/wp\/v2\/categories?post=37808"},{"taxonomy":"post_tag","embeddable":true,"href":"https:\/\/proagrolab.com.ar\/en\/wp-json\/wp\/v2\/tags?post=37808"}],"curies":[{"name":"wp","href":"https:\/\/api.w.org\/{rel}","templated":true}]}}