{"id":336,"date":"2007-07-01T00:00:01","date_gmt":"2007-07-01T00:00:01","guid":{"rendered":"https:\/\/proagrolab.com.ar\/proagro-estara-presente-en-el-5to-congreso-de-veterinaria-en-paraguay\/"},"modified":"2020-06-29T18:15:32","modified_gmt":"2020-06-29T18:15:32","slug":"proagro-estara-presente-en-el-5to-congreso-de-veterinaria-en-paraguay","status":"publish","type":"post","link":"https:\/\/proagrolab.com.ar\/en\/proagro-estara-presente-en-el-5to-congreso-de-veterinaria-en-paraguay\/","title":{"rendered":"Proagro estar\u00e1 presente en el 5to Congreso de Veterinaria en Paraguay."},"content":{"rendered":"<p class=\"qtranxs-available-languages-message qtranxs-available-languages-message-en\"> <\/p><p><\/p>\n<p align=\"justify\">Del 9 al 11 de agosto, Proagro participar\u00e1 en el 5to Congreso Nacional de Veterinaria junto a sus Distribuidor Sanidad Animal SRL en la ciudad de Asunci\u00f3n Paraguay.<br \/>En representaci\u00f3n del laboratorio, estar\u00e1 presente el Lic. Pablo Gil Gerente de Comercio Exterior de la empresa junto al Dr. Alejandro V\u00e1zquez, titular de Sanidad Animal SRL.<br \/>En este evento expondr\u00e1n destacados profesionales de Estados Unidos, Brasil, Argentina y Paraguay.<br \/>El Dr. Rodolfo Acerbi, profesor de la Universidad de Tandil, estar\u00e1 presente disertando sobre Bienestar Animal con el auspicio de Proagro.<\/p>\n<p><\/p>","protected":false},"excerpt":{"rendered":"<p>Del 9 al 11 de agosto, Proagro participar\u00e1 en el 5to Congreso Nacional de Veterinaria junto a sus Distribuidor Sanidad Animal SRL en la ciudad de Asunci\u00f3n Paraguay.En representaci\u00f3n del laboratorio, estar\u00e1 presente el Lic. Pablo Gil Gerente de Comercio Exterior de la empresa junto al Dr. Alejandro V\u00e1zquez, titular de Sanidad Animal SRL.En este evento expondr\u00e1n destacados profesionales de Estados Unidos, Brasil, Argentina y Paraguay.El Dr. Rodolfo Acerbi, profesor de la Universidad de Tandil, estar\u00e1 presente disertando sobre Bienestar Animal con el auspicio de Proagro.<\/p>\n","protected":false},"author":2,"featured_media":182,"comment_status":"closed","ping_status":"open","sticky":false,"template":"","format":"standard","meta":{"_acf_changed":false,"footnotes":""},"categories":[477],"tags":[],"class_list":["post-336","post","type-post","status-publish","format-standard","has-post-thumbnail","hentry","category-institucionales"],"acf":[],"yoast_head":"<!-- This site is optimized with the Yoast SEO plugin v27.5 - https:\/\/yoast.com\/product\/yoast-seo-wordpress\/ -->\n<title>Proagro estar\u00e1 presente en el 5to Congreso de Veterinaria en Paraguay. | Proagro<\/title>\n<meta name=\"robots\" content=\"index, follow, max-snippet:-1, max-image-preview:large, max-video-preview:-1\" \/>\n<link rel=\"canonical\" href=\"https:\/\/proagrolab.com.ar\/en\/proagro-estara-presente-en-el-5to-congreso-de-veterinaria-en-paraguay\/\" \/>\n<meta property=\"og:locale\" content=\"en_US\" \/>\n<meta property=\"og:type\" content=\"article\" \/>\n<meta property=\"og:title\" content=\"Proagro estar\u00e1 presente en el 5to Congreso de Veterinaria en Paraguay. | Proagro\" \/>\n<meta property=\"og:description\" content=\"Del 9 al 11 de agosto, Proagro participar\u00e1 en el 5to Congreso Nacional de Veterinaria junto a sus Distribuidor Sanidad Animal SRL en la ciudad de Asunci\u00f3n Paraguay.En representaci\u00f3n del laboratorio, estar\u00e1 presente el Lic. Pablo Gil Gerente de Comercio Exterior de la empresa junto al Dr. Alejandro V\u00e1zquez, titular de Sanidad Animal SRL.En este evento expondr\u00e1n destacados profesionales de Estados Unidos, Brasil, Argentina y Paraguay.El Dr. Rodolfo Acerbi, profesor de la Universidad de Tandil, estar\u00e1 presente disertando sobre Bienestar Animal con el auspicio de Proagro.\" \/>\n<meta property=\"og:url\" content=\"https:\/\/proagrolab.com.ar\/proagro-estara-presente-en-el-5to-congreso-de-veterinaria-en-paraguay\/\" \/>\n<meta property=\"og:site_name\" content=\"Proagro\" \/>\n<meta property=\"article:publisher\" content=\"http:\/\/www.facebook.com\/proagrolab\" \/>\n<meta property=\"article:published_time\" content=\"2007-07-01T00:00:01+00:00\" \/>\n<meta property=\"article:modified_time\" content=\"2020-06-29T18:15:32+00:00\" \/>\n<meta property=\"og:image\" content=\"https:\/\/proagrolab.com.ar\/wp-content\/uploads\/2015\/01\/g_civ5srjpg__es_1.jpg\" \/>\n\t<meta property=\"og:image:width\" content=\"450\" \/>\n\t<meta property=\"og:image:height\" content=\"208\" \/>\n\t<meta property=\"og:image:type\" content=\"image\/jpeg\" \/>\n<meta name=\"author\" content=\"proagrolab\" \/>\n<meta name=\"twitter:card\" content=\"summary_large_image\" \/>\n<meta name=\"twitter:label1\" content=\"Written by\" \/>\n\t<meta name=\"twitter:data1\" content=\"proagrolab\" \/>\n<script type=\"application\/ld+json\" class=\"yoast-schema-graph\">{\"@context\":\"https:\\\/\\\/schema.org\",\"@graph\":[{\"@type\":\"Article\",\"@id\":\"https:\\\/\\\/proagrolab.com.ar\\\/proagro-estara-presente-en-el-5to-congreso-de-veterinaria-en-paraguay\\\/#article\",\"isPartOf\":{\"@id\":\"https:\\\/\\\/proagrolab.com.ar\\\/proagro-estara-presente-en-el-5to-congreso-de-veterinaria-en-paraguay\\\/\"},\"author\":{\"name\":\"proagrolab\",\"@id\":\"https:\\\/\\\/proagrolab.com.ar\\\/#\\\/schema\\\/person\\\/38003ff90bf80381f71c7d922d207444\"},\"headline\":\"Proagro estar\u00e1 presente en el 5to Congreso de Veterinaria en Paraguay.\",\"datePublished\":\"2007-07-01T00:00:01+00:00\",\"dateModified\":\"2020-06-29T18:15:32+00:00\",\"mainEntityOfPage\":{\"@id\":\"https:\\\/\\\/proagrolab.com.ar\\\/proagro-estara-presente-en-el-5to-congreso-de-veterinaria-en-paraguay\\\/\"},\"wordCount\":102,\"publisher\":{\"@id\":\"https:\\\/\\\/proagrolab.com.ar\\\/#organization\"},\"image\":{\"@id\":\"https:\\\/\\\/proagrolab.com.ar\\\/proagro-estara-presente-en-el-5to-congreso-de-veterinaria-en-paraguay\\\/#primaryimage\"},\"thumbnailUrl\":\"https:\\\/\\\/proagrolab.com.ar\\\/wp-content\\\/uploads\\\/2015\\\/01\\\/g_civ5srjpg__es_1.jpg\",\"articleSection\":[\"Institutions\"],\"inLanguage\":\"en-US\"},{\"@type\":\"WebPage\",\"@id\":\"https:\\\/\\\/proagrolab.com.ar\\\/proagro-estara-presente-en-el-5to-congreso-de-veterinaria-en-paraguay\\\/\",\"url\":\"https:\\\/\\\/proagrolab.com.ar\\\/proagro-estara-presente-en-el-5to-congreso-de-veterinaria-en-paraguay\\\/\",\"name\":\"Proagro estar\u00e1 presente en el 5to Congreso de Veterinaria en Paraguay. | Proagro\",\"isPartOf\":{\"@id\":\"https:\\\/\\\/proagrolab.com.ar\\\/#website\"},\"primaryImageOfPage\":{\"@id\":\"https:\\\/\\\/proagrolab.com.ar\\\/proagro-estara-presente-en-el-5to-congreso-de-veterinaria-en-paraguay\\\/#primaryimage\"},\"image\":{\"@id\":\"https:\\\/\\\/proagrolab.com.ar\\\/proagro-estara-presente-en-el-5to-congreso-de-veterinaria-en-paraguay\\\/#primaryimage\"},\"thumbnailUrl\":\"https:\\\/\\\/proagrolab.com.ar\\\/wp-content\\\/uploads\\\/2015\\\/01\\\/g_civ5srjpg__es_1.jpg\",\"datePublished\":\"2007-07-01T00:00:01+00:00\",\"dateModified\":\"2020-06-29T18:15:32+00:00\",\"breadcrumb\":{\"@id\":\"https:\\\/\\\/proagrolab.com.ar\\\/proagro-estara-presente-en-el-5to-congreso-de-veterinaria-en-paraguay\\\/#breadcrumb\"},\"inLanguage\":\"en-US\",\"potentialAction\":[{\"@type\":\"ReadAction\",\"target\":[\"https:\\\/\\\/proagrolab.com.ar\\\/proagro-estara-presente-en-el-5to-congreso-de-veterinaria-en-paraguay\\\/\"]}]},{\"@type\":\"ImageObject\",\"inLanguage\":\"en-US\",\"@id\":\"https:\\\/\\\/proagrolab.com.ar\\\/proagro-estara-presente-en-el-5to-congreso-de-veterinaria-en-paraguay\\\/#primaryimage\",\"url\":\"https:\\\/\\\/proagrolab.com.ar\\\/wp-content\\\/uploads\\\/2015\\\/01\\\/g_civ5srjpg__es_1.jpg\",\"contentUrl\":\"https:\\\/\\\/proagrolab.com.ar\\\/wp-content\\\/uploads\\\/2015\\\/01\\\/g_civ5srjpg__es_1.jpg\",\"width\":450,\"height\":208},{\"@type\":\"BreadcrumbList\",\"@id\":\"https:\\\/\\\/proagrolab.com.ar\\\/proagro-estara-presente-en-el-5to-congreso-de-veterinaria-en-paraguay\\\/#breadcrumb\",\"itemListElement\":[{\"@type\":\"ListItem\",\"position\":1,\"name\":\"Portada\",\"item\":\"https:\\\/\\\/proagrolab.com.ar\\\/\"},{\"@type\":\"ListItem\",\"position\":2,\"name\":\"Proagro estar\u00e1 presente en el 5to Congreso de Veterinaria en Paraguay.\"}]},{\"@type\":\"WebSite\",\"@id\":\"https:\\\/\\\/proagrolab.com.ar\\\/#website\",\"url\":\"https:\\\/\\\/proagrolab.com.ar\\\/\",\"name\":\"Proagro Laboratorio Veterinario\",\"description\":\"Veterinary laboratory\",\"publisher\":{\"@id\":\"https:\\\/\\\/proagrolab.com.ar\\\/#organization\"},\"potentialAction\":[{\"@type\":\"SearchAction\",\"target\":{\"@type\":\"EntryPoint\",\"urlTemplate\":\"https:\\\/\\\/proagrolab.com.ar\\\/?s={search_term_string}\"},\"query-input\":{\"@type\":\"PropertyValueSpecification\",\"valueRequired\":true,\"valueName\":\"search_term_string\"}}],\"inLanguage\":\"en-US\"},{\"@type\":\"Organization\",\"@id\":\"https:\\\/\\\/proagrolab.com.ar\\\/#organization\",\"name\":\"Proagro\",\"url\":\"https:\\\/\\\/proagrolab.com.ar\\\/\",\"logo\":{\"@type\":\"ImageObject\",\"inLanguage\":\"en-US\",\"@id\":\"https:\\\/\\\/proagrolab.com.ar\\\/#\\\/schema\\\/logo\\\/image\\\/\",\"url\":\"https:\\\/\\\/proagrolab.com.ar\\\/wp-content\\\/uploads\\\/2020\\\/04\\\/logo-retina.png\",\"contentUrl\":\"https:\\\/\\\/proagrolab.com.ar\\\/wp-content\\\/uploads\\\/2020\\\/04\\\/logo-retina.png\",\"width\":478,\"height\":120,\"caption\":\"Proagro\"},\"image\":{\"@id\":\"https:\\\/\\\/proagrolab.com.ar\\\/#\\\/schema\\\/logo\\\/image\\\/\"},\"sameAs\":[\"http:\\\/\\\/www.facebook.com\\\/proagrolab\",\"https:\\\/\\\/www.instagram.com\\\/proagrolab\\\/\",\"https:\\\/\\\/www.linkedin.com\\\/company\\\/laboratorio-proagro-s-a\\\/\"]},{\"@type\":\"Person\",\"@id\":\"https:\\\/\\\/proagrolab.com.ar\\\/#\\\/schema\\\/person\\\/38003ff90bf80381f71c7d922d207444\",\"name\":\"proagrolab\"}]}<\/script>\n<!-- \/ Yoast SEO plugin. -->","yoast_head_json":{"title":"Proagro estar\u00e1 presente en el 5to Congreso de Veterinaria en Paraguay. | Proagro","robots":{"index":"index","follow":"follow","max-snippet":"max-snippet:-1","max-image-preview":"max-image-preview:large","max-video-preview":"max-video-preview:-1"},"canonical":"https:\/\/proagrolab.com.ar\/en\/proagro-estara-presente-en-el-5to-congreso-de-veterinaria-en-paraguay\/","og_locale":"en_US","og_type":"article","og_title":"Proagro estar\u00e1 presente en el 5to Congreso de Veterinaria en Paraguay. | Proagro","og_description":"Del 9 al 11 de agosto, Proagro participar\u00e1 en el 5to Congreso Nacional de Veterinaria junto a sus Distribuidor Sanidad Animal SRL en la ciudad de Asunci\u00f3n Paraguay.En representaci\u00f3n del laboratorio, estar\u00e1 presente el Lic. Pablo Gil Gerente de Comercio Exterior de la empresa junto al Dr. Alejandro V\u00e1zquez, titular de Sanidad Animal SRL.En este evento expondr\u00e1n destacados profesionales de Estados Unidos, Brasil, Argentina y Paraguay.El Dr. Rodolfo Acerbi, profesor de la Universidad de Tandil, estar\u00e1 presente disertando sobre Bienestar Animal con el auspicio de Proagro.","og_url":"https:\/\/proagrolab.com.ar\/proagro-estara-presente-en-el-5to-congreso-de-veterinaria-en-paraguay\/","og_site_name":"Proagro","article_publisher":"http:\/\/www.facebook.com\/proagrolab","article_published_time":"2007-07-01T00:00:01+00:00","article_modified_time":"2020-06-29T18:15:32+00:00","og_image":[{"width":450,"height":208,"url":"https:\/\/proagrolab.com.ar\/wp-content\/uploads\/2015\/01\/g_civ5srjpg__es_1.jpg","type":"image\/jpeg"}],"author":"proagrolab","twitter_card":"summary_large_image","twitter_misc":{"Written by":"proagrolab"},"schema":{"@context":"https:\/\/schema.org","@graph":[{"@type":"Article","@id":"https:\/\/proagrolab.com.ar\/proagro-estara-presente-en-el-5to-congreso-de-veterinaria-en-paraguay\/#article","isPartOf":{"@id":"https:\/\/proagrolab.com.ar\/proagro-estara-presente-en-el-5to-congreso-de-veterinaria-en-paraguay\/"},"author":{"name":"proagrolab","@id":"https:\/\/proagrolab.com.ar\/#\/schema\/person\/38003ff90bf80381f71c7d922d207444"},"headline":"Proagro estar\u00e1 presente en el 5to Congreso de Veterinaria en Paraguay.","datePublished":"2007-07-01T00:00:01+00:00","dateModified":"2020-06-29T18:15:32+00:00","mainEntityOfPage":{"@id":"https:\/\/proagrolab.com.ar\/proagro-estara-presente-en-el-5to-congreso-de-veterinaria-en-paraguay\/"},"wordCount":102,"publisher":{"@id":"https:\/\/proagrolab.com.ar\/#organization"},"image":{"@id":"https:\/\/proagrolab.com.ar\/proagro-estara-presente-en-el-5to-congreso-de-veterinaria-en-paraguay\/#primaryimage"},"thumbnailUrl":"https:\/\/proagrolab.com.ar\/wp-content\/uploads\/2015\/01\/g_civ5srjpg__es_1.jpg","articleSection":["Institutions"],"inLanguage":"en-US"},{"@type":"WebPage","@id":"https:\/\/proagrolab.com.ar\/proagro-estara-presente-en-el-5to-congreso-de-veterinaria-en-paraguay\/","url":"https:\/\/proagrolab.com.ar\/proagro-estara-presente-en-el-5to-congreso-de-veterinaria-en-paraguay\/","name":"Proagro estar\u00e1 presente en el 5to Congreso de Veterinaria en Paraguay. | Proagro","isPartOf":{"@id":"https:\/\/proagrolab.com.ar\/#website"},"primaryImageOfPage":{"@id":"https:\/\/proagrolab.com.ar\/proagro-estara-presente-en-el-5to-congreso-de-veterinaria-en-paraguay\/#primaryimage"},"image":{"@id":"https:\/\/proagrolab.com.ar\/proagro-estara-presente-en-el-5to-congreso-de-veterinaria-en-paraguay\/#primaryimage"},"thumbnailUrl":"https:\/\/proagrolab.com.ar\/wp-content\/uploads\/2015\/01\/g_civ5srjpg__es_1.jpg","datePublished":"2007-07-01T00:00:01+00:00","dateModified":"2020-06-29T18:15:32+00:00","breadcrumb":{"@id":"https:\/\/proagrolab.com.ar\/proagro-estara-presente-en-el-5to-congreso-de-veterinaria-en-paraguay\/#breadcrumb"},"inLanguage":"en-US","potentialAction":[{"@type":"ReadAction","target":["https:\/\/proagrolab.com.ar\/proagro-estara-presente-en-el-5to-congreso-de-veterinaria-en-paraguay\/"]}]},{"@type":"ImageObject","inLanguage":"en-US","@id":"https:\/\/proagrolab.com.ar\/proagro-estara-presente-en-el-5to-congreso-de-veterinaria-en-paraguay\/#primaryimage","url":"https:\/\/proagrolab.com.ar\/wp-content\/uploads\/2015\/01\/g_civ5srjpg__es_1.jpg","contentUrl":"https:\/\/proagrolab.com.ar\/wp-content\/uploads\/2015\/01\/g_civ5srjpg__es_1.jpg","width":450,"height":208},{"@type":"BreadcrumbList","@id":"https:\/\/proagrolab.com.ar\/proagro-estara-presente-en-el-5to-congreso-de-veterinaria-en-paraguay\/#breadcrumb","itemListElement":[{"@type":"ListItem","position":1,"name":"Portada","item":"https:\/\/proagrolab.com.ar\/"},{"@type":"ListItem","position":2,"name":"Proagro estar\u00e1 presente en el 5to Congreso de Veterinaria en Paraguay."}]},{"@type":"WebSite","@id":"https:\/\/proagrolab.com.ar\/#website","url":"https:\/\/proagrolab.com.ar\/","name":"Proagro Laboratorio Veterinario","description":"Veterinary laboratory","publisher":{"@id":"https:\/\/proagrolab.com.ar\/#organization"},"potentialAction":[{"@type":"SearchAction","target":{"@type":"EntryPoint","urlTemplate":"https:\/\/proagrolab.com.ar\/?s={search_term_string}"},"query-input":{"@type":"PropertyValueSpecification","valueRequired":true,"valueName":"search_term_string"}}],"inLanguage":"en-US"},{"@type":"Organization","@id":"https:\/\/proagrolab.com.ar\/#organization","name":"Proagro","url":"https:\/\/proagrolab.com.ar\/","logo":{"@type":"ImageObject","inLanguage":"en-US","@id":"https:\/\/proagrolab.com.ar\/#\/schema\/logo\/image\/","url":"https:\/\/proagrolab.com.ar\/wp-content\/uploads\/2020\/04\/logo-retina.png","contentUrl":"https:\/\/proagrolab.com.ar\/wp-content\/uploads\/2020\/04\/logo-retina.png","width":478,"height":120,"caption":"Proagro"},"image":{"@id":"https:\/\/proagrolab.com.ar\/#\/schema\/logo\/image\/"},"sameAs":["http:\/\/www.facebook.com\/proagrolab","https:\/\/www.instagram.com\/proagrolab\/","https:\/\/www.linkedin.com\/company\/laboratorio-proagro-s-a\/"]},{"@type":"Person","@id":"https:\/\/proagrolab.com.ar\/#\/schema\/person\/38003ff90bf80381f71c7d922d207444","name":"proagrolab"}]}},"_links":{"self":[{"href":"https:\/\/proagrolab.com.ar\/en\/wp-json\/wp\/v2\/posts\/336","targetHints":{"allow":["GET"]}}],"collection":[{"href":"https:\/\/proagrolab.com.ar\/en\/wp-json\/wp\/v2\/posts"}],"about":[{"href":"https:\/\/proagrolab.com.ar\/en\/wp-json\/wp\/v2\/types\/post"}],"author":[{"embeddable":true,"href":"https:\/\/proagrolab.com.ar\/en\/wp-json\/wp\/v2\/users\/2"}],"replies":[{"embeddable":true,"href":"https:\/\/proagrolab.com.ar\/en\/wp-json\/wp\/v2\/comments?post=336"}],"version-history":[{"count":1,"href":"https:\/\/proagrolab.com.ar\/en\/wp-json\/wp\/v2\/posts\/336\/revisions"}],"predecessor-version":[{"id":13762,"href":"https:\/\/proagrolab.com.ar\/en\/wp-json\/wp\/v2\/posts\/336\/revisions\/13762"}],"wp:featuredmedia":[{"embeddable":true,"href":"https:\/\/proagrolab.com.ar\/en\/wp-json\/wp\/v2\/media\/182"}],"wp:attachment":[{"href":"https:\/\/proagrolab.com.ar\/en\/wp-json\/wp\/v2\/media?parent=336"}],"wp:term":[{"taxonomy":"category","embeddable":true,"href":"https:\/\/proagrolab.com.ar\/en\/wp-json\/wp\/v2\/categories?post=336"},{"taxonomy":"post_tag","embeddable":true,"href":"https:\/\/proagrolab.com.ar\/en\/wp-json\/wp\/v2\/tags?post=336"}],"curies":[{"name":"wp","href":"https:\/\/api.w.org\/{rel}","templated":true}]}}